{"id":9994,"date":"2023-12-03T12:16:39","date_gmt":"2023-12-03T15:16:39","guid":{"rendered":"https:\/\/ismaelcolosi.com.br\/index.php\/2023\/12\/03\/anvisa-abre-consulta-publica-sobre-proibicao-de-cigarros-eletronicos\/"},"modified":"2023-12-03T12:16:39","modified_gmt":"2023-12-03T15:16:39","slug":"anvisa-abre-consulta-publica-sobre-proibicao-de-cigarros-eletronicos","status":"publish","type":"post","link":"https:\/\/ismaelcolosi.com.br\/index.php\/2023\/12\/03\/anvisa-abre-consulta-publica-sobre-proibicao-de-cigarros-eletronicos\/","title":{"rendered":"Anvisa abre consulta p\u00fablica sobre proibi\u00e7\u00e3o de cigarros eletr\u00f4nicos"},"content":{"rendered":"<p> <br \/>\n<\/p>\n<div>\n<p>Em decis\u00e3o un\u00e2nime, a <a href=\"https:\/\/www.gov.br\/anvisa\/pt-br\" target=\"_blank\" rel=\"noopener\">Ag\u00eancia Nacional de Vigil\u00e2ncia Sanit\u00e1ria (Anvisa)<\/a> aprovou a abertura de uma consulta p\u00fablica para revisar a proibi\u00e7\u00e3o de cigarros <a href=\"https:\/\/catracalivre.com.br\/saude-bem-estar\/pulmao-perfurado-por-cigarro-eletronico\/\" target=\"_blank\" rel=\"noopener\">eletr\u00f4nicos<\/a> no Brasil. A consulta p\u00fablica ter\u00e1 60 dias de dura\u00e7\u00e3o e a sociedade civil poder\u00e1 participar enviando suas opini\u00f5es e sugest\u00f5es.<\/p>\n<div id=\"attachment_2253114\" class=\"wp-caption aligncenter\">\n<div class=\"d-flex justify-content-center\" data-attachment-id=\"2253114\">\n<div class=\"position-relative d-inline-block\"><img data-recalc-dims=\"1\" data-portal-copyright=\"Igor Ilkov\/istock\" fetchpriority=\"high\" decoding=\"async\" class=\"wp-image-2253114 size-full\" src=\"https:\/\/i0.wp.com\/catracalivre.com.br\/wp-content\/uploads\/2023\/02\/istock-1396683789.jpg?resize=1383%2C757&#038;ssl=1\" alt=\"Anvisa abre consulta p\u00fablica sobre proibi\u00e7\u00e3o de cigarros eletr\u00f4nicos\" width=\"1383\" height=\"757\" srcset=\"https:\/\/catracalivre.com.br\/wp-content\/uploads\/2023\/02\/istock-1396683789.jpg 1383w, https:\/\/catracalivre.com.br\/wp-content\/uploads\/2023\/02\/istock-1396683789-450x246.jpg 450w, https:\/\/catracalivre.com.br\/wp-content\/uploads\/2023\/02\/istock-1396683789-768x420.jpg 768w\" sizes=\"(max-width: 1383px) 100vw, 1383px\"\/><\/p><div class='code-block code-block-8' style='margin: 8px auto; text-align: center; display: block; clear: both;'>\n<script>\n  atOptions = {\n    'key' : '66e2e2111ca34da796271819fc334058',\n    'format' : 'iframe',\n    'height' : 250,\n    'width' : 300,\n    'params' : {}\n  };\n<\/script>\n<script src=\"https:\/\/www.highperformanceformat.com\/66e2e2111ca34da796271819fc334058\/invoke.js\"><\/script>\n<\/div>\n\n<p>Cr\u00e9ditos: Igor Ilkov\/istock<\/p>\n<\/div>\n<\/div>\n<p><span class=\"post-imagem__legenda\">Anvisa abre consulta p\u00fablica sobre proibi\u00e7\u00e3o de cigarros eletr\u00f4nicos<\/span><\/p>\n<\/div>\n<p>A decis\u00e3o da ag\u00eancia foi divulgada na \u00faltima sexta-feira (1\u00ba), depois de ouvir opini\u00f5es favor\u00e1veis e contr\u00e1rias \u00e0 regulamenta\u00e7\u00e3o dos cigarros eletr\u00f4nicos.<\/p>\n<p>A proibi\u00e7\u00e3o de cigarros eletr\u00f4nicos no Brasil est\u00e1 em vigor desde 2009.<\/p>\n<p>A consulta p\u00fablica \u00e9 uma importante oportunidade para que a sociedade civil expresse sua opini\u00e3o sobre o tema. Os resultados da consulta ser\u00e3o analisados pela Anvisa, que tomar\u00e1 uma decis\u00e3o final sobre a regulamenta\u00e7\u00e3o dos cigarros eletr\u00f4nicos no Brasil.<\/p>\n<h3>Sintomas da doen\u00e7a ligada ao \u201cvape\u201d<\/h3>\n<p>A doen\u00e7a respirat\u00f3ria relacionada o uso dos cigarros eletr\u00f4nicos em usu\u00e1rios nos Estados Unidos apresenta sintomas t\u00edpicos; tais como:<\/p>\n<ul>\n<li>Dificuldade respirat\u00f3ria<\/li>\n<li>Falta de ar<\/li>\n<li>Dor no peito<\/li>\n<\/ul>\n<p>Tamb\u00e9m houve relato de doen\u00e7a gastrointestinal leve a moderada, incluindo v\u00f4mitos e diarreia, e outros sintomas como febre ou fadiga. De acordo com um comunicado da Anvisa, em muitos casos, os pacientes descreveram um in\u00edcio gradual dos sintomas antes da hospitaliza\u00e7\u00e3o.<\/p>\n<h3>Como funcionam os cigarros eletr\u00f4nicos<\/h3>\n<div id=\"attachment_1770627\" class=\"wp-caption aligncenter\">\n<div class=\"d-flex justify-content-center\" data-attachment-id=\"1770627\">\n<div class=\"position-relative d-inline-block\"><img data-recalc-dims=\"1\" loading=\"lazy\" data-portal-copyright=\"HAZEMMKAMAL\/istock\" decoding=\"async\" class=\"wp-image-1770627\" src=\"https:\/\/i0.wp.com\/catracalivre.com.br\/wp-content\/uploads\/2019\/04\/cigarro-eletronico-2-910x659.jpg?resize=618%2C435&#038;ssl=1\" alt=\"Comercializa\u00e7\u00e3o de cigarros eletr\u00f4nicos no brasil \u00e9 proibida\" width=\"618\" height=\"435\"\/><\/p>\n<p>Cr\u00e9ditos: HAZEMMKAMAL\/istock<\/p>\n<\/div>\n<\/div>\n<p><span class=\"post-imagem__legenda\">Comercializa\u00e7\u00e3o de cigarros eletr\u00f4nicos no brasil \u00e9 proibida<\/span><\/p>\n<\/div>\n<p>Enquanto o cigarros comuns funcionam por combust\u00e3o, os dispositivos eletr\u00f4nicos em formato de caneta utilizam bateria para aquecer um l\u00edquido formado pela mistura de diversas subst\u00e2ncias prejudiciais, como o propileno, glicol e glicerol \u2013 al\u00e9m da nicotina l\u00edquida.\u00a0 Essas pequenas part\u00edculas, quando inaladas pelos usu\u00e1rios, chegam aos pulm\u00f5es, de acordo com explica\u00e7\u00e3o do Centro de Controle e Preven\u00e7\u00e3o de Doen\u00e7as (CDC) dos Estados Unidos.<\/p>\n<p>Embora o uso do cigarro eletr\u00f4nico n\u00e3o seja proibido no Brasil, sua comercializa\u00e7\u00e3o e propaganda s\u00e3o, de acordo com uma <a href=\"http:\/\/portal.anvisa.gov.br\/documents\/10181\/2718376\/RDC_46_2009_COMP.pdf\/2148a322-03ad-42c3-b5ba-718243bd1919\" target=\"_blank\" rel=\"noopener\">resolu\u00e7\u00e3o da Anvisa<\/a>.<\/p>\n<\/div>\n<p><script>\n\t\t! function(f, b, e, v, n, t, s) {\n\t\t\tif (f.fbq) return;\n\t\t\tn = f.fbq = function() {\n\t\t\t\tn.callMethod ?\n\t\t\t\t\tn.callMethod.apply(n, arguments) : n.queue.push(arguments)\n\t\t\t};\n\t\t\tif (!f._fbq) f._fbq = n;\n\t\t\tn.push = n;\n\t\t\tn.loaded = !0;\n\t\t\tn.version = '2.0';\n\t\t\tn.queue = [];\n\t\t\tt = b.createElement(e);\n\t\t\tt.async = !0;\n\t\t\tt.src = v;\n\t\t\ts = b.getElementsByTagName(e)[0];\n\t\t\ts.parentNode.insertBefore(t, s)\n\t\t}(window, document, 'script',\n\t\t\t'https:\/\/connect.facebook.net\/en_US\/fbevents.js');\n\t\tfbq('init', '338315473262380');\n\t\tfbq('track', 'PageView');\n\t<\/script><br \/>\n<br \/><br \/>\n<br \/><a href=\"https:\/\/catracalivre.com.br\/saude-bem-estar\/anvisa-cigarros-eletronicos\/\">Source link <\/a><\/p>\n<div class='code-block code-block-4' style='margin: 8px auto 8px 0; text-align: left; display: block; clear: both;'>\n\ud83d\udce2 Aviso Legal\n\nO site ismaelcolosi.com.br atua apenas como um canal de divulga\u00e7\u00e3o de oportunidades de emprego e n\u00e3o se responsabiliza pelo processo seletivo, contrata\u00e7\u00e3o ou qualquer outra etapa relacionada \u00e0s vagas publicadas. Todas as informa\u00e7\u00f5es s\u00e3o de responsabilidade dos anunciantes.\n\n\u26a0\ufe0f Aten\u00e7\u00e3o! Nunca pague por promessas de emprego nem compre cursos que garantam contrata\u00e7\u00e3o. Desconfie de qualquer cobran\u00e7a para participar de sele\u00e7\u00f5es.\n\n\n<div data-type=\"_mgwidget\" data-widget-id=\"2000896\">\n<\/div>\n<script>(function(w,q){w[q]=w[q]||[];w[q].push([\"_mgc.load\"])})(window,\"_mgq\");\n<\/script>\n<\/div>\n<!-- CONTENT END 1 -->\n","protected":false},"excerpt":{"rendered":"<p>Em decis\u00e3o un\u00e2nime, a Ag\u00eancia Nacional de Vigil\u00e2ncia Sanit\u00e1ria (Anvisa) aprovou a abertura de uma consulta p\u00fablica para revisar a proibi\u00e7\u00e3o de cigarros eletr\u00f4nicos no&#8230;<\/p>\n","protected":false},"author":1,"featured_media":9995,"comment_status":"open","ping_status":"open","sticky":false,"template":"","format":"standard","meta":{"_uag_custom_page_level_css":"","jetpack_post_was_ever_published":false,"_jetpack_newsletter_access":"","_jetpack_dont_email_post_to_subs":false,"_jetpack_newsletter_tier_id":0,"_jetpack_memberships_contains_paywalled_content":false,"_jetpack_memberships_contains_paid_content":false,"footnotes":"","jetpack_publicize_message":"","jetpack_publicize_feature_enabled":true,"jetpack_social_post_already_shared":true,"jetpack_social_options":{"image_generator_settings":{"template":"highway","default_image_id":0,"font":"","enabled":false},"version":2}},"categories":[19],"tags":[],"class_list":["post-9994","post","type-post","status-publish","format-standard","has-post-thumbnail","hentry","category-variedades"],"aioseo_notices":[],"jetpack_publicize_connections":[],"jetpack_featured_media_url":"https:\/\/i0.wp.com\/ismaelcolosi.com.br\/wp-content\/uploads\/2023\/12\/istock-1396683789.jpg?fit=1200%2C638&ssl=1","uagb_featured_image_src":{"full":["https:\/\/i0.wp.com\/ismaelcolosi.com.br\/wp-content\/uploads\/2023\/12\/istock-1396683789.jpg?fit=1200%2C638&ssl=1",1200,638,false],"thumbnail":["https:\/\/i0.wp.com\/ismaelcolosi.com.br\/wp-content\/uploads\/2023\/12\/istock-1396683789.jpg?resize=150%2C150&ssl=1",150,150,true],"medium":["https:\/\/i0.wp.com\/ismaelcolosi.com.br\/wp-content\/uploads\/2023\/12\/istock-1396683789.jpg?fit=300%2C160&ssl=1",300,160,true],"medium_large":["https:\/\/i0.wp.com\/ismaelcolosi.com.br\/wp-content\/uploads\/2023\/12\/istock-1396683789.jpg?fit=768%2C408&ssl=1",768,408,true],"large":["https:\/\/i0.wp.com\/ismaelcolosi.com.br\/wp-content\/uploads\/2023\/12\/istock-1396683789.jpg?fit=1024%2C544&ssl=1",1024,544,true],"1536x1536":["https:\/\/i0.wp.com\/ismaelcolosi.com.br\/wp-content\/uploads\/2023\/12\/istock-1396683789.jpg?fit=1200%2C638&ssl=1",1200,638,true],"2048x2048":["https:\/\/i0.wp.com\/ismaelcolosi.com.br\/wp-content\/uploads\/2023\/12\/istock-1396683789.jpg?fit=1200%2C638&ssl=1",1200,638,true],"really-simple-thumb":["https:\/\/i0.wp.com\/ismaelcolosi.com.br\/wp-content\/uploads\/2023\/12\/istock-1396683789.jpg?resize=370%2C247&ssl=1",370,247,true]},"uagb_author_info":{"display_name":"ismaelcolosi.com.br","author_link":"https:\/\/ismaelcolosi.com.br\/index.php\/author\/vidareal-online\/"},"uagb_comment_info":0,"uagb_excerpt":"Em decis\u00e3o un\u00e2nime, a Ag\u00eancia Nacional de Vigil\u00e2ncia Sanit\u00e1ria (Anvisa) aprovou a abertura de uma consulta p\u00fablica para revisar a proibi\u00e7\u00e3o de cigarros eletr\u00f4nicos no...","jetpack-related-posts":[{"id":10541,"url":"https:\/\/ismaelcolosi.com.br\/index.php\/2023\/12\/04\/anvisa-aprova-consulta-publica-sobre-proibicao-de-cigarro-eletronico\/","url_meta":{"origin":9994,"position":0},"title":"Anvisa aprova consulta p\u00fablica sobre proibi\u00e7\u00e3o de cigarro eletr\u00f4nico \u2013 Folha de Ribeir\u00e3o","author":"ismaelcolosi.com.br","date":"4 de December de 2023","format":false,"excerpt":"A diretoria colegiada da Ag\u00eancia Nacional de Vigil\u00e2ncia Sanit\u00e1ria (Anvisa)\u00a0aprovou, por unanimidade, nesta sexta-feira (1\u00ba) a abertura de uma proposta de consulta p\u00fablica para revisar a proibi\u00e7\u00e3o de cigarros eletr\u00f4nicos no Brasil. Desde 2009, uma resolu\u00e7\u00e3o da entidade pro\u00edbe a fabrica\u00e7\u00e3o, a comercializa\u00e7\u00e3o, a importa\u00e7\u00e3o e a propaganda de dispositivos\u2026","rel":"","context":"In &quot;Not\u00edcias de Ribeir\u00e3o Preto-SP e Regi\u00e3o&quot;","block_context":{"text":"Not\u00edcias de Ribeir\u00e3o Preto-SP e Regi\u00e3o","link":"https:\/\/ismaelcolosi.com.br\/index.php\/category\/noticias-de-ribeirao-preto-sp-e-regiao-ismael-colosi\/"},"img":{"alt_text":"","src":"","width":0,"height":0},"classes":[]},{"id":13423,"url":"https:\/\/ismaelcolosi.com.br\/index.php\/2023\/12\/10\/cortina-de-fumaca-anvisa-e-a-ineficacia-da-proibicao-de-cigarros-eletronicos\/","url_meta":{"origin":9994,"position":1},"title":"Cortina de fuma\u00e7a: Anvisa e a inefic\u00e1cia da proibi\u00e7\u00e3o de cigarros eletr\u00f4nicos\u00a0","author":"ismaelcolosi.com.br","date":"10 de December de 2023","format":false,"excerpt":"Claudia de Lucca Mano*\u00a0A Diretoria Colegiada da Ag\u00eancia Nacional de Vigil\u00e2ncia Sanit\u00e1ria (Anvisa) decidiu, no \u00faltimo dia 1\u00b0 de dezembro, revisar a proibi\u00e7\u00e3o de dispositivos eletr\u00f4nicos para fumar. Desde 2009, a RDC 46 da Ag\u00eancia pro\u00edbe a comercializa\u00e7\u00e3o, a importa\u00e7\u00e3o e a propaganda de quaisquer dispositivos eletr\u00f4nicos para fumar, conhecidos\u2026","rel":"","context":"In &quot;Not\u00edcias de Ribeir\u00e3o Preto-SP e Regi\u00e3o&quot;","block_context":{"text":"Not\u00edcias de Ribeir\u00e3o Preto-SP e Regi\u00e3o","link":"https:\/\/ismaelcolosi.com.br\/index.php\/category\/noticias-de-ribeirao-preto-sp-e-regiao-ismael-colosi\/"},"img":{"alt_text":"","src":"https:\/\/i0.wp.com\/ismaelcolosi.com.br\/wp-content\/uploads\/2023\/12\/Claudia-de-Lucca-Mano-scaled.jpg?fit=516%2C645&ssl=1&resize=350%2C200","width":350,"height":200},"classes":[]},{"id":13531,"url":"https:\/\/ismaelcolosi.com.br\/index.php\/2023\/12\/10\/cigarro-eletronico-em-discussao\/","url_meta":{"origin":9994,"position":2},"title":"Cigarro eletr\u00f4nico em discuss\u00e3o &#8211; Jornal Tribuna Ribeir\u00e3o","author":"ismaelcolosi.com.br","date":"10 de December de 2023","format":false,"excerpt":"A Ag\u00eancia Nacional de Vigil\u00e2ncia Sanit\u00e1ria vai realizar consulta p\u00fablica para revisar a proibi\u00e7\u00e3o de cigarros eletr\u00f4nicos no Brasil. Desde 2009, uma resolu\u00e7\u00e3o da entidade pro\u00edbe a fabrica\u00e7\u00e3o, a comercializa\u00e7\u00e3o, a importa\u00e7\u00e3o e a propaganda de dispositivos eletr\u00f4nicos para fumar, popularmente conhecidos como vape.\u00a0\u00a0De acordo com a decis\u00e3o a sociedade\u2026","rel":"","context":"In &quot;Not\u00edcias de Ribeir\u00e3o Preto-SP e Regi\u00e3o&quot;","block_context":{"text":"Not\u00edcias de Ribeir\u00e3o Preto-SP e Regi\u00e3o","link":"https:\/\/ismaelcolosi.com.br\/index.php\/category\/noticias-de-ribeirao-preto-sp-e-regiao-ismael-colosi\/"},"img":{"alt_text":"","src":"https:\/\/i0.wp.com\/ismaelcolosi.com.br\/wp-content\/uploads\/2023\/12\/1-vape-2.png?fit=986%2C645&ssl=1&resize=350%2C200","width":350,"height":200,"srcset":"https:\/\/i0.wp.com\/ismaelcolosi.com.br\/wp-content\/uploads\/2023\/12\/1-vape-2.png?fit=986%2C645&ssl=1&resize=350%2C200 1x, https:\/\/i0.wp.com\/ismaelcolosi.com.br\/wp-content\/uploads\/2023\/12\/1-vape-2.png?fit=986%2C645&ssl=1&resize=525%2C300 1.5x, https:\/\/i0.wp.com\/ismaelcolosi.com.br\/wp-content\/uploads\/2023\/12\/1-vape-2.png?fit=986%2C645&ssl=1&resize=700%2C400 2x"},"classes":[]},{"id":65451,"url":"https:\/\/ismaelcolosi.com.br\/index.php\/2024\/09\/12\/receita-federal-apreende-mais-de-110-kg-de-cigarros-eletronicos-em-ribeirao\/","url_meta":{"origin":9994,"position":3},"title":"Receita Federal apreende mais de 110 kg de cigarros eletr\u00f4nicos em Ribeir\u00e3o","author":"ismaelcolosi.com.br","date":"12 de September de 2024","format":false,"excerpt":"A Equipe de Vigil\u00e2ncia e Repress\u00e3o (EVR) da Receita Federal, em Ribeir\u00e3o Preto, apreendeu na quarta-feira (11), mais de 110 kg de cigarros eletr\u00f4nicos. A produ\u00e7\u00e3o e comercializa\u00e7\u00e3o desses produtos \u00e9 proibida pela Ag\u00eancia Nacional de Vigil\u00e2ncia Sanit\u00e1ria (Anvisa). A opera\u00e7\u00e3o aconteceu em uma transportadora de Ribeir\u00e3o Preto. Foram apreendidos\u2026","rel":"","context":"In &quot;Not\u00edcias de Ribeir\u00e3o Preto-SP e Regi\u00e3o&quot;","block_context":{"text":"Not\u00edcias de Ribeir\u00e3o Preto-SP e Regi\u00e3o","link":"https:\/\/ismaelcolosi.com.br\/index.php\/category\/noticias-de-ribeirao-preto-sp-e-regiao-ismael-colosi\/"},"img":{"alt_text":"","src":"https:\/\/i0.wp.com\/ismaelcolosi.com.br\/wp-content\/uploads\/2024\/09\/Copia-de-Copia-de-Copia-de-TAMANHO-EXATO-PARA-FOTOS-NO-SISTEMA-NOVO-13_2024-09-12_13-44-45_png_2024-09-12_13-44-45.webp.webp?fit=1200%2C675&ssl=1&resize=350%2C200","width":350,"height":200,"srcset":"https:\/\/i0.wp.com\/ismaelcolosi.com.br\/wp-content\/uploads\/2024\/09\/Copia-de-Copia-de-Copia-de-TAMANHO-EXATO-PARA-FOTOS-NO-SISTEMA-NOVO-13_2024-09-12_13-44-45_png_2024-09-12_13-44-45.webp.webp?fit=1200%2C675&ssl=1&resize=350%2C200 1x, https:\/\/i0.wp.com\/ismaelcolosi.com.br\/wp-content\/uploads\/2024\/09\/Copia-de-Copia-de-Copia-de-TAMANHO-EXATO-PARA-FOTOS-NO-SISTEMA-NOVO-13_2024-09-12_13-44-45_png_2024-09-12_13-44-45.webp.webp?fit=1200%2C675&ssl=1&resize=525%2C300 1.5x, https:\/\/i0.wp.com\/ismaelcolosi.com.br\/wp-content\/uploads\/2024\/09\/Copia-de-Copia-de-Copia-de-TAMANHO-EXATO-PARA-FOTOS-NO-SISTEMA-NOVO-13_2024-09-12_13-44-45_png_2024-09-12_13-44-45.webp.webp?fit=1200%2C675&ssl=1&resize=700%2C400 2x, https:\/\/i0.wp.com\/ismaelcolosi.com.br\/wp-content\/uploads\/2024\/09\/Copia-de-Copia-de-Copia-de-TAMANHO-EXATO-PARA-FOTOS-NO-SISTEMA-NOVO-13_2024-09-12_13-44-45_png_2024-09-12_13-44-45.webp.webp?fit=1200%2C675&ssl=1&resize=1050%2C600 3x"},"classes":[]},{"id":75194,"url":"https:\/\/ismaelcolosi.com.br\/index.php\/2024\/11\/04\/orgaos-federais-intensificam-combate-ao-comercio-ilegal-de-tabaco-no-brasil\/","url_meta":{"origin":9994,"position":4},"title":"\u00d3rg\u00e3os Federais Intensificam Combate ao Com\u00e9rcio Ilegal de Tabaco no Brasil","author":"ismaelcolosi.com.br","date":"4 de November de 2024","format":false,"excerpt":"Com o objetivo de combater o com\u00e9rcio il\u00edcito de tabaco e seus impactos econ\u00f4micos e sociais, \u00f3rg\u00e3os federais brasileiros se uniram em uma s\u00e9rie de opera\u00e7\u00f5es para fechar o cerco contra o contrabando e a venda ilegal de cigarros. A iniciativa, que envolve a Receita Federal, a Pol\u00edcia Federal e\u2026","rel":"","context":"In &quot;Not\u00edcias de Ribeir\u00e3o Preto-SP e Regi\u00e3o&quot;","block_context":{"text":"Not\u00edcias de Ribeir\u00e3o Preto-SP e Regi\u00e3o","link":"https:\/\/ismaelcolosi.com.br\/index.php\/category\/noticias-de-ribeirao-preto-sp-e-regiao-ismael-colosi\/"},"img":{"alt_text":"","src":"https:\/\/i0.wp.com\/ismaelcolosi.com.br\/wp-content\/uploads\/2024\/11\/tobacco-2692246.webp.webp?fit=1170%2C700&ssl=1&resize=350%2C200","width":350,"height":200,"srcset":"https:\/\/i0.wp.com\/ismaelcolosi.com.br\/wp-content\/uploads\/2024\/11\/tobacco-2692246.webp.webp?fit=1170%2C700&ssl=1&resize=350%2C200 1x, https:\/\/i0.wp.com\/ismaelcolosi.com.br\/wp-content\/uploads\/2024\/11\/tobacco-2692246.webp.webp?fit=1170%2C700&ssl=1&resize=525%2C300 1.5x, https:\/\/i0.wp.com\/ismaelcolosi.com.br\/wp-content\/uploads\/2024\/11\/tobacco-2692246.webp.webp?fit=1170%2C700&ssl=1&resize=700%2C400 2x, https:\/\/i0.wp.com\/ismaelcolosi.com.br\/wp-content\/uploads\/2024\/11\/tobacco-2692246.webp.webp?fit=1170%2C700&ssl=1&resize=1050%2C600 3x"},"classes":[]},{"id":45481,"url":"https:\/\/ismaelcolosi.com.br\/index.php\/2024\/04\/04\/alcool-liquido-70-foi-proibido-pela-anvisa-saiba-mais\/","url_meta":{"origin":9994,"position":5},"title":"\u00c1lcool l\u00edquido 70% foi proibido pela Anvisa; Saiba mais","author":"ismaelcolosi.com.br","date":"4 de April de 2024","format":false,"excerpt":"A venda de \u00e1lcool l\u00edquido 70% em mercados e farm\u00e1cias passa ser proibida a partir do dia 30 de abril. Com a proibi\u00e7\u00e3o por parte da Anvisa (Ag\u00eancia Nacional de Vigil\u00e2ncia Sanit\u00e1ria), somente o \u00a0produto em gel continua liberado. O \u00e1lcool l\u00edquido 70% estava \u00a0liberado pela Anvisa para venda ao\u2026","rel":"","context":"In &quot;Not\u00edcias de Ribeir\u00e3o Preto-SP e Regi\u00e3o&quot;","block_context":{"text":"Not\u00edcias de Ribeir\u00e3o Preto-SP e Regi\u00e3o","link":"https:\/\/ismaelcolosi.com.br\/index.php\/category\/noticias-de-ribeirao-preto-sp-e-regiao-ismael-colosi\/"},"img":{"alt_text":"","src":"https:\/\/i0.wp.com\/ismaelcolosi.com.br\/wp-content\/uploads\/2024\/04\/Copia-de-Copia-de-TAMANHO-EXATO-PARA-FOTOS-NO-SISTEMA-NOVO-3.png?fit=1200%2C675&ssl=1&resize=350%2C200","width":350,"height":200,"srcset":"https:\/\/i0.wp.com\/ismaelcolosi.com.br\/wp-content\/uploads\/2024\/04\/Copia-de-Copia-de-TAMANHO-EXATO-PARA-FOTOS-NO-SISTEMA-NOVO-3.png?fit=1200%2C675&ssl=1&resize=350%2C200 1x, https:\/\/i0.wp.com\/ismaelcolosi.com.br\/wp-content\/uploads\/2024\/04\/Copia-de-Copia-de-TAMANHO-EXATO-PARA-FOTOS-NO-SISTEMA-NOVO-3.png?fit=1200%2C675&ssl=1&resize=525%2C300 1.5x, https:\/\/i0.wp.com\/ismaelcolosi.com.br\/wp-content\/uploads\/2024\/04\/Copia-de-Copia-de-TAMANHO-EXATO-PARA-FOTOS-NO-SISTEMA-NOVO-3.png?fit=1200%2C675&ssl=1&resize=700%2C400 2x, https:\/\/i0.wp.com\/ismaelcolosi.com.br\/wp-content\/uploads\/2024\/04\/Copia-de-Copia-de-TAMANHO-EXATO-PARA-FOTOS-NO-SISTEMA-NOVO-3.png?fit=1200%2C675&ssl=1&resize=1050%2C600 3x"},"classes":[]}],"jetpack_sharing_enabled":true,"jetpack_shortlink":"https:\/\/wp.me\/pfMlyK-2Bc","_links":{"self":[{"href":"https:\/\/ismaelcolosi.com.br\/index.php\/wp-json\/wp\/v2\/posts\/9994","targetHints":{"allow":["GET"]}}],"collection":[{"href":"https:\/\/ismaelcolosi.com.br\/index.php\/wp-json\/wp\/v2\/posts"}],"about":[{"href":"https:\/\/ismaelcolosi.com.br\/index.php\/wp-json\/wp\/v2\/types\/post"}],"author":[{"embeddable":true,"href":"https:\/\/ismaelcolosi.com.br\/index.php\/wp-json\/wp\/v2\/users\/1"}],"replies":[{"embeddable":true,"href":"https:\/\/ismaelcolosi.com.br\/index.php\/wp-json\/wp\/v2\/comments?post=9994"}],"version-history":[{"count":0,"href":"https:\/\/ismaelcolosi.com.br\/index.php\/wp-json\/wp\/v2\/posts\/9994\/revisions"}],"wp:featuredmedia":[{"embeddable":true,"href":"https:\/\/ismaelcolosi.com.br\/index.php\/wp-json\/wp\/v2\/media\/9995"}],"wp:attachment":[{"href":"https:\/\/ismaelcolosi.com.br\/index.php\/wp-json\/wp\/v2\/media?parent=9994"}],"wp:term":[{"taxonomy":"category","embeddable":true,"href":"https:\/\/ismaelcolosi.com.br\/index.php\/wp-json\/wp\/v2\/categories?post=9994"},{"taxonomy":"post_tag","embeddable":true,"href":"https:\/\/ismaelcolosi.com.br\/index.php\/wp-json\/wp\/v2\/tags?post=9994"}],"curies":[{"name":"wp","href":"https:\/\/api.w.org\/{rel}","templated":true}]}}