{"id":9993,"date":"2023-12-03T12:12:14","date_gmt":"2023-12-03T15:12:14","guid":{"rendered":"https:\/\/ismaelcolosi.com.br\/index.php\/2023\/12\/03\/mega-sena-acumula-e-premio-sobe-para-r-7-milhoes\/"},"modified":"2023-12-03T12:12:14","modified_gmt":"2023-12-03T15:12:14","slug":"mega-sena-acumula-e-premio-sobe-para-r-7-milhoes","status":"publish","type":"post","link":"https:\/\/ismaelcolosi.com.br\/index.php\/2023\/12\/03\/mega-sena-acumula-e-premio-sobe-para-r-7-milhoes\/","title":{"rendered":"Mega-Sena acumula e pr\u00eamio sobe para R$ 7 milh\u00f5es"},"content":{"rendered":"<p> <br \/>\n<\/p>\n<div>Ribeir\u00e3o Preto \u00e9 o centro de uma regi\u00e3o com mais de 3 milh\u00f5es de habitantes. O agroneg\u00f3cio, o com\u00e9rcio e a presta\u00e7\u00e3o de servi\u00e7os s\u00e3o os pontos fortes da economia.<br \/>\nO jornal Tribuna circula em Ribeir\u00e3o Preto e em outras 10 cidades da regi\u00e3o. Sua linha editorial \u00e9 informativa e variada.<\/div>\n<p><br \/>\n<br \/><a href=\"https:\/\/www.tribunaribeirao.com.br\/site\/mega-sena-acumula-e-premio-sobe-para-r-7-milhoes\/\">Source link <\/a><\/p>\n<div class='code-block code-block-4' style='margin: 8px auto 8px 0; text-align: left; display: block; clear: both;'>\n\ud83d\udce2 Aviso Legal\n\nO site ismaelcolosi.com.br atua apenas como um canal de divulga\u00e7\u00e3o de oportunidades de emprego e n\u00e3o se responsabiliza pelo processo seletivo, contrata\u00e7\u00e3o ou qualquer outra etapa relacionada \u00e0s vagas publicadas. Todas as informa\u00e7\u00f5es s\u00e3o de responsabilidade dos anunciantes.\n\n\u26a0\ufe0f Aten\u00e7\u00e3o! Nunca pague por promessas de emprego nem compre cursos que garantam contrata\u00e7\u00e3o. Desconfie de qualquer cobran\u00e7a para participar de sele\u00e7\u00f5es.\n\n\n<div data-type=\"_mgwidget\" data-widget-id=\"2000896\">\n<\/div>\n<script>(function(w,q){w[q]=w[q]||[];w[q].push([\"_mgc.load\"])})(window,\"_mgq\");\n<\/script>\n<\/div>\n<!-- CONTENT END 1 -->\n","protected":false},"excerpt":{"rendered":"<p>Ribeir\u00e3o Preto \u00e9 o centro de uma regi\u00e3o com mais de 3 milh\u00f5es de habitantes. O agroneg\u00f3cio, o com\u00e9rcio e a presta\u00e7\u00e3o de servi\u00e7os s\u00e3o&#8230;<\/p>\n","protected":false},"author":1,"featured_media":9822,"comment_status":"open","ping_status":"open","sticky":false,"template":"","format":"standard","meta":{"_uag_custom_page_level_css":"","jetpack_post_was_ever_published":false,"_jetpack_newsletter_access":"","_jetpack_dont_email_post_to_subs":false,"_jetpack_newsletter_tier_id":0,"_jetpack_memberships_contains_paywalled_content":false,"_jetpack_memberships_contains_paid_content":false,"footnotes":"","jetpack_publicize_message":"","jetpack_publicize_feature_enabled":true,"jetpack_social_post_already_shared":true,"jetpack_social_options":{"image_generator_settings":{"template":"highway","default_image_id":0,"font":"","enabled":false},"version":2}},"categories":[11],"tags":[813,260,262,71,507,1352],"class_list":["post-9993","post","type-post","status-publish","format-standard","has-post-thumbnail","hentry","category-noticias-de-ribeirao-preto-sp-e-regiao-ismael-colosi","tag-acumula","tag-megasena","tag-milhoes","tag-para","tag-premio","tag-sobe"],"aioseo_notices":[],"jetpack_publicize_connections":[],"jetpack_featured_media_url":"https:\/\/i0.wp.com\/ismaelcolosi.com.br\/wp-content\/uploads\/2023\/12\/Mega-Sena.jpg?fit=1200%2C800&ssl=1","uagb_featured_image_src":{"full":["https:\/\/i0.wp.com\/ismaelcolosi.com.br\/wp-content\/uploads\/2023\/12\/Mega-Sena.jpg?fit=1200%2C800&ssl=1",1200,800,false],"thumbnail":["https:\/\/i0.wp.com\/ismaelcolosi.com.br\/wp-content\/uploads\/2023\/12\/Mega-Sena.jpg?resize=150%2C150&ssl=1",150,150,true],"medium":["https:\/\/i0.wp.com\/ismaelcolosi.com.br\/wp-content\/uploads\/2023\/12\/Mega-Sena.jpg?fit=300%2C200&ssl=1",300,200,true],"medium_large":["https:\/\/i0.wp.com\/ismaelcolosi.com.br\/wp-content\/uploads\/2023\/12\/Mega-Sena.jpg?fit=768%2C512&ssl=1",768,512,true],"large":["https:\/\/i0.wp.com\/ismaelcolosi.com.br\/wp-content\/uploads\/2023\/12\/Mega-Sena.jpg?fit=1024%2C683&ssl=1",1024,683,true],"1536x1536":["https:\/\/i0.wp.com\/ismaelcolosi.com.br\/wp-content\/uploads\/2023\/12\/Mega-Sena.jpg?fit=1200%2C800&ssl=1",1200,800,true],"2048x2048":["https:\/\/i0.wp.com\/ismaelcolosi.com.br\/wp-content\/uploads\/2023\/12\/Mega-Sena.jpg?fit=1200%2C800&ssl=1",1200,800,true],"really-simple-thumb":["https:\/\/i0.wp.com\/ismaelcolosi.com.br\/wp-content\/uploads\/2023\/12\/Mega-Sena.jpg?resize=370%2C247&ssl=1",370,247,true]},"uagb_author_info":{"display_name":"ismaelcolosi.com.br","author_link":"https:\/\/ismaelcolosi.com.br\/index.php\/author\/vidareal-online\/"},"uagb_comment_info":0,"uagb_excerpt":"Ribeir\u00e3o Preto \u00e9 o centro de uma regi\u00e3o com mais de 3 milh\u00f5es de habitantes. O agroneg\u00f3cio, o com\u00e9rcio e a presta\u00e7\u00e3o de servi\u00e7os s\u00e3o...","jetpack-related-posts":[{"id":32751,"url":"https:\/\/ismaelcolosi.com.br\/index.php\/2024\/01\/26\/mega-sena-acumula-e-premio-sobe-para-r-65-milhoes\/","url_meta":{"origin":9993,"position":0},"title":"Mega Sena acumula e pr\u00eamio sobe para R$ 65 milh\u00f5es","author":"ismaelcolosi.com.br","date":"26 de January de 2024","format":false,"excerpt":"26 de janeiro de 2024 | 11:3026 de janeiro de 2024 | 10:21 0Ningu\u00e9m acertou as seis dezenas da Mega-Sena nesta quinta-feira, 25,\u00a0 e pr\u00eamio acumulou para R$ 65 milh\u00f5es. Os n\u00fameros sorteados foram:\u00a003 \u2013 11 \u2013 42 \u2013 45 \u2013 46 \u2013 57Ao todo, 70 apostas ganharam a quina\u2026","rel":"","context":"In &quot;Not\u00edcias de Ribeir\u00e3o Preto-SP e Regi\u00e3o&quot;","block_context":{"text":"Not\u00edcias de Ribeir\u00e3o Preto-SP e Regi\u00e3o","link":"https:\/\/ismaelcolosi.com.br\/index.php\/category\/noticias-de-ribeirao-preto-sp-e-regiao-ismael-colosi\/"},"img":{"alt_text":"","src":"https:\/\/i0.wp.com\/ismaelcolosi.com.br\/wp-content\/uploads\/2024\/01\/1706280451_mega_sena_mcajr_abr_2904223678.jpg?fit=1170%2C700&ssl=1&resize=350%2C200","width":350,"height":200,"srcset":"https:\/\/i0.wp.com\/ismaelcolosi.com.br\/wp-content\/uploads\/2024\/01\/1706280451_mega_sena_mcajr_abr_2904223678.jpg?fit=1170%2C700&ssl=1&resize=350%2C200 1x, https:\/\/i0.wp.com\/ismaelcolosi.com.br\/wp-content\/uploads\/2024\/01\/1706280451_mega_sena_mcajr_abr_2904223678.jpg?fit=1170%2C700&ssl=1&resize=525%2C300 1.5x, https:\/\/i0.wp.com\/ismaelcolosi.com.br\/wp-content\/uploads\/2024\/01\/1706280451_mega_sena_mcajr_abr_2904223678.jpg?fit=1170%2C700&ssl=1&resize=700%2C400 2x, https:\/\/i0.wp.com\/ismaelcolosi.com.br\/wp-content\/uploads\/2024\/01\/1706280451_mega_sena_mcajr_abr_2904223678.jpg?fit=1170%2C700&ssl=1&resize=1050%2C600 3x"},"classes":[]},{"id":40390,"url":"https:\/\/ismaelcolosi.com.br\/index.php\/2024\/03\/03\/mega-sena-acumula-e-proximo-premio-e-de-r-205-milhoes-veja-os-numeros\/","url_meta":{"origin":9993,"position":1},"title":"Mega-sena acumula e pr\u00f3ximo pr\u00eamio \u00e9 de R$ 205 milh\u00f5es; Veja os n\u00fameros","author":"ismaelcolosi.com.br","date":"3 de March de 2024","format":false,"excerpt":"O pr\u00eamio da Mega-sena \u00a0acumulou mais uma vez ap\u00f3s ningu\u00e9m acertar as seis dezenas sorteadas neste s\u00e1bado (2) no concurso 2695 (veja abaixo). Com isso, o pr\u00f3ximo pr\u00eamio, que ser\u00e1 sorteado na ter\u00e7a-feira (5), est\u00e1 estimado em R$ 205 milh\u00f5es. As dezenas sorteadas neste s\u00e1bado foram 15, 17, 32, 33,\u2026","rel":"","context":"In &quot;Not\u00edcias de Ribeir\u00e3o Preto-SP e Regi\u00e3o&quot;","block_context":{"text":"Not\u00edcias de Ribeir\u00e3o Preto-SP e Regi\u00e3o","link":"https:\/\/ismaelcolosi.com.br\/index.php\/category\/noticias-de-ribeirao-preto-sp-e-regiao-ismael-colosi\/"},"img":{"alt_text":"","src":"https:\/\/i0.wp.com\/ismaelcolosi.com.br\/wp-content\/uploads\/2024\/03\/20230622_182658.jpg?fit=1024%2C768&ssl=1&resize=350%2C200","width":350,"height":200,"srcset":"https:\/\/i0.wp.com\/ismaelcolosi.com.br\/wp-content\/uploads\/2024\/03\/20230622_182658.jpg?fit=1024%2C768&ssl=1&resize=350%2C200 1x, https:\/\/i0.wp.com\/ismaelcolosi.com.br\/wp-content\/uploads\/2024\/03\/20230622_182658.jpg?fit=1024%2C768&ssl=1&resize=525%2C300 1.5x, https:\/\/i0.wp.com\/ismaelcolosi.com.br\/wp-content\/uploads\/2024\/03\/20230622_182658.jpg?fit=1024%2C768&ssl=1&resize=700%2C400 2x"},"classes":[]},{"id":32904,"url":"https:\/\/ismaelcolosi.com.br\/index.php\/2024\/01\/26\/mega-sena-esta-acumula-em-r-65-milhoes-veja-quanto-rende-o-premio-na-poupanca\/","url_meta":{"origin":9993,"position":2},"title":"Mega-Sena est\u00e1 acumula em R$ 65 milh\u00f5es; Veja quanto rende o pr\u00eamio na poupan\u00e7a","author":"ismaelcolosi.com.br","date":"26 de January de 2024","format":false,"excerpt":"Os n\u00fameros da Mega-Sena ser\u00e3o sorteadas neste s\u00e1bado (26), a partir das 20h, no Espa\u00e7o da Sorte, em S\u00e3o Paulo. Apesar de ter premiado uma aposta de S\u00e3o Joaquim da Barra, cidade na regi\u00e3o de Ribeir\u00e3o Preto, no \u00faltimo concurso, o pr\u00eamio principal da loteria acumulou em R$ 65 milh\u00f5es.\u2026","rel":"","context":"In &quot;Not\u00edcias de Ribeir\u00e3o Preto-SP e Regi\u00e3o&quot;","block_context":{"text":"Not\u00edcias de Ribeir\u00e3o Preto-SP e Regi\u00e3o","link":"https:\/\/ismaelcolosi.com.br\/index.php\/category\/noticias-de-ribeirao-preto-sp-e-regiao-ismael-colosi\/"},"img":{"alt_text":"","src":"https:\/\/i0.wp.com\/ismaelcolosi.com.br\/wp-content\/uploads\/2024\/01\/dinheiro_brasileiro_1024x576_01082021122338.jpg?fit=1024%2C575&ssl=1&resize=350%2C200","width":350,"height":200,"srcset":"https:\/\/i0.wp.com\/ismaelcolosi.com.br\/wp-content\/uploads\/2024\/01\/dinheiro_brasileiro_1024x576_01082021122338.jpg?fit=1024%2C575&ssl=1&resize=350%2C200 1x, https:\/\/i0.wp.com\/ismaelcolosi.com.br\/wp-content\/uploads\/2024\/01\/dinheiro_brasileiro_1024x576_01082021122338.jpg?fit=1024%2C575&ssl=1&resize=525%2C300 1.5x, https:\/\/i0.wp.com\/ismaelcolosi.com.br\/wp-content\/uploads\/2024\/01\/dinheiro_brasileiro_1024x576_01082021122338.jpg?fit=1024%2C575&ssl=1&resize=700%2C400 2x"},"classes":[]},{"id":6659,"url":"https:\/\/ismaelcolosi.com.br\/index.php\/2023\/11\/26\/mega-sena-acumula-e-proximo-premio-e-estimado-em-r-32-milhoes\/","url_meta":{"origin":9993,"position":3},"title":"Mega-Sena acumula e pr\u00f3ximo pr\u00eamio \u00e9 estimado em R$ 32 milh\u00f5es","author":"ismaelcolosi.com.br","date":"26 de November de 2023","format":false,"excerpt":"26 de novembro de 2023 | 13:3026 de novembro de 2023 | 13:05 0Ningu\u00e9m acertou as seis dezenas do Concurso 2.660 da Mega-Sena, sorteadas na noite de s\u00e1bado (25), em S\u00e3o Paulo.Os n\u00fameros sorteados foram 06, 12, 13, 20, 38 e 60. A quina teve 57 acertadores e cada um\u2026","rel":"","context":"In &quot;Not\u00edcias de Ribeir\u00e3o Preto-SP e Regi\u00e3o&quot;","block_context":{"text":"Not\u00edcias de Ribeir\u00e3o Preto-SP e Regi\u00e3o","link":"https:\/\/ismaelcolosi.com.br\/index.php\/category\/noticias-de-ribeirao-preto-sp-e-regiao-ismael-colosi\/"},"img":{"alt_text":"","src":"https:\/\/i0.wp.com\/ismaelcolosi.com.br\/wp-content\/uploads\/2023\/11\/megasena-scaled.jpg?fit=1000%2C598&ssl=1&resize=350%2C200","width":350,"height":200,"srcset":"https:\/\/i0.wp.com\/ismaelcolosi.com.br\/wp-content\/uploads\/2023\/11\/megasena-scaled.jpg?fit=1000%2C598&ssl=1&resize=350%2C200 1x, https:\/\/i0.wp.com\/ismaelcolosi.com.br\/wp-content\/uploads\/2023\/11\/megasena-scaled.jpg?fit=1000%2C598&ssl=1&resize=525%2C300 1.5x, https:\/\/i0.wp.com\/ismaelcolosi.com.br\/wp-content\/uploads\/2023\/11\/megasena-scaled.jpg?fit=1000%2C598&ssl=1&resize=700%2C400 2x"},"classes":[]},{"id":37428,"url":"https:\/\/ismaelcolosi.com.br\/index.php\/2024\/02\/16\/mega-sena-acumula-e-tem-premio-estimado-em-r-58-milhoes\/","url_meta":{"origin":9993,"position":4},"title":"Mega-sena acumula e tem pr\u00eamio estimado em R$ 58 milh\u00f5es","author":"ismaelcolosi.com.br","date":"16 de February de 2024","format":false,"excerpt":"16 de fevereiro de 2024 | 7:53 0Ningu\u00e9m acertou as seis dezenas do concurso 2.688 da Mega-Sena, sorteadas na noite desta quinta-feira (15). Os n\u00fameros sorteados foram 12, 17, 33, 41, 46 e 54.O pr\u00eamio para o pr\u00f3ximo sorteio, que acontece no pr\u00f3ximo s\u00e1bado (17), acumulou em R$ 58 milh\u00f5es.De\u2026","rel":"","context":"In &quot;Not\u00edcias de Ribeir\u00e3o Preto-SP e Regi\u00e3o&quot;","block_context":{"text":"Not\u00edcias de Ribeir\u00e3o Preto-SP e Regi\u00e3o","link":"https:\/\/ismaelcolosi.com.br\/index.php\/category\/noticias-de-ribeirao-preto-sp-e-regiao-ismael-colosi\/"},"img":{"alt_text":"","src":"https:\/\/i0.wp.com\/ismaelcolosi.com.br\/wp-content\/uploads\/2024\/02\/1708080879_mega-sena-1-scaled.jpg?fit=1000%2C598&ssl=1&resize=350%2C200","width":350,"height":200,"srcset":"https:\/\/i0.wp.com\/ismaelcolosi.com.br\/wp-content\/uploads\/2024\/02\/1708080879_mega-sena-1-scaled.jpg?fit=1000%2C598&ssl=1&resize=350%2C200 1x, https:\/\/i0.wp.com\/ismaelcolosi.com.br\/wp-content\/uploads\/2024\/02\/1708080879_mega-sena-1-scaled.jpg?fit=1000%2C598&ssl=1&resize=525%2C300 1.5x, https:\/\/i0.wp.com\/ismaelcolosi.com.br\/wp-content\/uploads\/2024\/02\/1708080879_mega-sena-1-scaled.jpg?fit=1000%2C598&ssl=1&resize=700%2C400 2x"},"classes":[]},{"id":39053,"url":"https:\/\/ismaelcolosi.com.br\/index.php\/2024\/02\/23\/mega-sena-acumula-e-premio-vai-a-r-110-milhoes\/","url_meta":{"origin":9993,"position":5},"title":"Mega-Sena acumula e pr\u00eamio vai a R$ 110 milh\u00f5es","author":"ismaelcolosi.com.br","date":"23 de February de 2024","format":false,"excerpt":"23 de fevereiro de 2024 | 7:38 0Ningu\u00e9m acertou as seis dezenas do concurso 2.691 da Mega-Sena. O sorteio foi realizado na noite desta quinta-feira (22), no Espa\u00e7o da Sorte, em S\u00e3o Paulo.\u00a0Os n\u00fameros sorteados foram: 13-15-28-37-40-57O pr\u00eamio para o pr\u00f3ximo sorteio, que acontece no pr\u00f3ximo s\u00e1bado (24), acumulou em\u2026","rel":"","context":"In &quot;Not\u00edcias de Ribeir\u00e3o Preto-SP e Regi\u00e3o&quot;","block_context":{"text":"Not\u00edcias de Ribeir\u00e3o Preto-SP e Regi\u00e3o","link":"https:\/\/ismaelcolosi.com.br\/index.php\/category\/noticias-de-ribeirao-preto-sp-e-regiao-ismael-colosi\/"},"img":{"alt_text":"","src":"https:\/\/i0.wp.com\/ismaelcolosi.com.br\/wp-content\/uploads\/2024\/02\/1708685128_mega_sena_mcajr_abr_2904223679-scaled.jpg?fit=1000%2C598&ssl=1&resize=350%2C200","width":350,"height":200,"srcset":"https:\/\/i0.wp.com\/ismaelcolosi.com.br\/wp-content\/uploads\/2024\/02\/1708685128_mega_sena_mcajr_abr_2904223679-scaled.jpg?fit=1000%2C598&ssl=1&resize=350%2C200 1x, https:\/\/i0.wp.com\/ismaelcolosi.com.br\/wp-content\/uploads\/2024\/02\/1708685128_mega_sena_mcajr_abr_2904223679-scaled.jpg?fit=1000%2C598&ssl=1&resize=525%2C300 1.5x, https:\/\/i0.wp.com\/ismaelcolosi.com.br\/wp-content\/uploads\/2024\/02\/1708685128_mega_sena_mcajr_abr_2904223679-scaled.jpg?fit=1000%2C598&ssl=1&resize=700%2C400 2x"},"classes":[]}],"jetpack_sharing_enabled":true,"jetpack_shortlink":"https:\/\/wp.me\/pfMlyK-2Bb","_links":{"self":[{"href":"https:\/\/ismaelcolosi.com.br\/index.php\/wp-json\/wp\/v2\/posts\/9993","targetHints":{"allow":["GET"]}}],"collection":[{"href":"https:\/\/ismaelcolosi.com.br\/index.php\/wp-json\/wp\/v2\/posts"}],"about":[{"href":"https:\/\/ismaelcolosi.com.br\/index.php\/wp-json\/wp\/v2\/types\/post"}],"author":[{"embeddable":true,"href":"https:\/\/ismaelcolosi.com.br\/index.php\/wp-json\/wp\/v2\/users\/1"}],"replies":[{"embeddable":true,"href":"https:\/\/ismaelcolosi.com.br\/index.php\/wp-json\/wp\/v2\/comments?post=9993"}],"version-history":[{"count":0,"href":"https:\/\/ismaelcolosi.com.br\/index.php\/wp-json\/wp\/v2\/posts\/9993\/revisions"}],"wp:featuredmedia":[{"embeddable":true,"href":"https:\/\/ismaelcolosi.com.br\/index.php\/wp-json\/wp\/v2\/media\/9822"}],"wp:attachment":[{"href":"https:\/\/ismaelcolosi.com.br\/index.php\/wp-json\/wp\/v2\/media?parent=9993"}],"wp:term":[{"taxonomy":"category","embeddable":true,"href":"https:\/\/ismaelcolosi.com.br\/index.php\/wp-json\/wp\/v2\/categories?post=9993"},{"taxonomy":"post_tag","embeddable":true,"href":"https:\/\/ismaelcolosi.com.br\/index.php\/wp-json\/wp\/v2\/tags?post=9993"}],"curies":[{"name":"wp","href":"https:\/\/api.w.org\/{rel}","templated":true}]}}