{"id":9989,"date":"2023-12-03T12:07:54","date_gmt":"2023-12-03T15:07:54","guid":{"rendered":"https:\/\/ismaelcolosi.com.br\/index.php\/2023\/12\/03\/motorista-falece-tragicamente-apos-automovel-derrapar-e-capotar-no-centro-de-cidade\/"},"modified":"2023-12-03T12:07:54","modified_gmt":"2023-12-03T15:07:54","slug":"motorista-falece-tragicamente-apos-automovel-derrapar-e-capotar-no-centro-de-cidade","status":"publish","type":"post","link":"https:\/\/ismaelcolosi.com.br\/index.php\/2023\/12\/03\/motorista-falece-tragicamente-apos-automovel-derrapar-e-capotar-no-centro-de-cidade\/","title":{"rendered":"Motorista falece tragicamente ap\u00f3s autom\u00f3vel derrapar e capotar no centro de cidade"},"content":{"rendered":"<p> <br \/>\n<\/p>\n<div itemprop=\"text\">\n<p>Na noite de s\u00e1bado, dia 02 de dezembro, um acidente de carro ocorreu na cidade de Nova Serrana, situada na regi\u00e3o centro-oeste de Minas Gerais, levando \u00e0 morte de um homem de 36 anos. C\u00e2meras de seguran\u00e7a pr\u00f3ximas ao local do incidente registraram as imagens que mostram os momentos finais do acidente.<\/p>\n<p>O <a href=\"https:\/\/g1.globo.com\/mg\/centro-oeste\/noticia\/2023\/12\/03\/motorista-morre-apos-capotar-carro-e-ficar-preso-as-ferragens-video-mostra-o-acidente.ghtml\" target=\"_blank\" rel=\"nofollow noopener\">v\u00eddeo<\/a> capturado revela o ve\u00edculo trafegando pela Rua Ant\u00f4nio Martins. De forma abrupta e inesperada, o motorista parece perder o controle do carro.<\/p><div class='code-block code-block-8' style='margin: 8px auto; text-align: center; display: block; clear: both;'>\n<script>\n  atOptions = {\n    'key' : '66e2e2111ca34da796271819fc334058',\n    'format' : 'iframe',\n    'height' : 250,\n    'width' : 300,\n    'params' : {}\n  };\n<\/script>\n<script src=\"https:\/\/www.highperformanceformat.com\/66e2e2111ca34da796271819fc334058\/invoke.js\"><\/script>\n<\/div>\n\n<p>Nas imagens, \u00e9 poss\u00edvel ver o carro derrapando perigosamente sobre a pista, que estava molhada, possivelmente devido \u00e0s condi\u00e7\u00f5es clim\u00e1ticas naquele momento. O carro, ent\u00e3o, desvia-se de sua trajet\u00f3ria, sobe na cal\u00e7ada e capota, vindo a parar com as quatro rodas viradas para cima.<\/p>\n<p>A equipe do Servi\u00e7o de Atendimento M\u00f3vel de Urg\u00eancia (SAMU) chegou rapidamente ao local, mas s\u00f3 p\u00f4de confirmar a morte do motorista, que era o \u00fanico ocupante do ve\u00edculo. A v\u00edtima era natural de Malacacheta.<\/p>\n<p>O Corpo de Bombeiros tamb\u00e9m foi prontamente acionado para prestar socorro. Eles informaram \u00e0 imprensa que enfrentaram dificuldades para retirar o corpo do motorista, que estava preso entre as ferragens retorcidas do autom\u00f3vel.<\/p>\n<p>Para investigar as circunst\u00e2ncias exatas do ocorrido, a Pol\u00edcia Militar e a Pol\u00edcia Civil foram chamadas ao local. Uma equipe especializada de peritos da Pol\u00edcia Civil realizou um trabalho de coleta de provas e iniciou uma an\u00e1lise detalhada do acidente.<\/p>\n<p>Os agentes est\u00e3o tentando desvendar as causas precisas que levaram ao tr\u00e1gico desfecho, embora, por enquanto, n\u00e3o tenham divulgado nenhuma conclus\u00e3o definitiva sobre o que teria causado a perda de controle do ve\u00edculo pelo motorista.<\/p>\n<\/div>\n<p><br \/>\n<br \/><a href=\"https:\/\/fnmais.com\/video-motorista-falece-tragicamente-apos-automovel-derrapar-capotar-no-centro-cidade\/\">Source link <\/a><\/p>\n<div class='code-block code-block-4' style='margin: 8px auto 8px 0; text-align: left; display: block; clear: both;'>\n\ud83d\udce2 Aviso Legal\n\nO site ismaelcolosi.com.br atua apenas como um canal de divulga\u00e7\u00e3o de oportunidades de emprego e n\u00e3o se responsabiliza pelo processo seletivo, contrata\u00e7\u00e3o ou qualquer outra etapa relacionada \u00e0s vagas publicadas. Todas as informa\u00e7\u00f5es s\u00e3o de responsabilidade dos anunciantes.\n\n\u26a0\ufe0f Aten\u00e7\u00e3o! Nunca pague por promessas de emprego nem compre cursos que garantam contrata\u00e7\u00e3o. Desconfie de qualquer cobran\u00e7a para participar de sele\u00e7\u00f5es.\n\n\n<div data-type=\"_mgwidget\" data-widget-id=\"2000896\">\n<\/div>\n<script>(function(w,q){w[q]=w[q]||[];w[q].push([\"_mgc.load\"])})(window,\"_mgq\");\n<\/script>\n<\/div>\n<!-- CONTENT END 1 -->\n","protected":false},"excerpt":{"rendered":"<p>Na noite de s\u00e1bado, dia 02 de dezembro, um acidente de carro ocorreu na cidade de Nova Serrana, situada na regi\u00e3o centro-oeste de Minas Gerais,&#8230;<\/p>\n","protected":false},"author":1,"featured_media":9990,"comment_status":"open","ping_status":"open","sticky":false,"template":"","format":"standard","meta":{"_uag_custom_page_level_css":"","jetpack_post_was_ever_published":false,"_jetpack_newsletter_access":"","_jetpack_dont_email_post_to_subs":false,"_jetpack_newsletter_tier_id":0,"_jetpack_memberships_contains_paywalled_content":false,"_jetpack_memberships_contains_paid_content":false,"footnotes":"","jetpack_publicize_message":"","jetpack_publicize_feature_enabled":true,"jetpack_social_post_already_shared":true,"jetpack_social_options":{"image_generator_settings":{"template":"highway","default_image_id":0,"font":"","enabled":false},"version":2}},"categories":[1],"tags":[],"class_list":["post-9989","post","type-post","status-publish","format-standard","has-post-thumbnail","hentry","category-blog"],"aioseo_notices":[],"jetpack_publicize_connections":[],"jetpack_featured_media_url":"https:\/\/i0.wp.com\/ismaelcolosi.com.br\/wp-content\/uploads\/2023\/12\/postimg-656c991fc31f67528.jpg?fit=1200%2C628&ssl=1","uagb_featured_image_src":{"full":["https:\/\/i0.wp.com\/ismaelcolosi.com.br\/wp-content\/uploads\/2023\/12\/postimg-656c991fc31f67528.jpg?fit=1200%2C628&ssl=1",1200,628,false],"thumbnail":["https:\/\/i0.wp.com\/ismaelcolosi.com.br\/wp-content\/uploads\/2023\/12\/postimg-656c991fc31f67528.jpg?resize=150%2C150&ssl=1",150,150,true],"medium":["https:\/\/i0.wp.com\/ismaelcolosi.com.br\/wp-content\/uploads\/2023\/12\/postimg-656c991fc31f67528.jpg?fit=300%2C157&ssl=1",300,157,true],"medium_large":["https:\/\/i0.wp.com\/ismaelcolosi.com.br\/wp-content\/uploads\/2023\/12\/postimg-656c991fc31f67528.jpg?fit=768%2C402&ssl=1",768,402,true],"large":["https:\/\/i0.wp.com\/ismaelcolosi.com.br\/wp-content\/uploads\/2023\/12\/postimg-656c991fc31f67528.jpg?fit=1024%2C536&ssl=1",1024,536,true],"1536x1536":["https:\/\/i0.wp.com\/ismaelcolosi.com.br\/wp-content\/uploads\/2023\/12\/postimg-656c991fc31f67528.jpg?fit=1200%2C628&ssl=1",1200,628,true],"2048x2048":["https:\/\/i0.wp.com\/ismaelcolosi.com.br\/wp-content\/uploads\/2023\/12\/postimg-656c991fc31f67528.jpg?fit=1200%2C628&ssl=1",1200,628,true],"really-simple-thumb":["https:\/\/i0.wp.com\/ismaelcolosi.com.br\/wp-content\/uploads\/2023\/12\/postimg-656c991fc31f67528.jpg?resize=370%2C247&ssl=1",370,247,true]},"uagb_author_info":{"display_name":"ismaelcolosi.com.br","author_link":"https:\/\/ismaelcolosi.com.br\/index.php\/author\/vidareal-online\/"},"uagb_comment_info":0,"uagb_excerpt":"Na noite de s\u00e1bado, dia 02 de dezembro, um acidente de carro ocorreu na cidade de Nova Serrana, situada na regi\u00e3o centro-oeste de Minas Gerais,...","jetpack-related-posts":[{"id":6617,"url":"https:\/\/ismaelcolosi.com.br\/index.php\/2023\/11\/26\/carro-e-partido-ao-meio-em-acidente-na-regiao-de-ribeirao-preto\/","url_meta":{"origin":9989,"position":0},"title":"Carro \u00e9 &#8216;partido ao meio&#8217; em acidente na regi\u00e3o de Ribeir\u00e3o Preto","author":"ismaelcolosi.com.br","date":"26 de November de 2023","format":false,"excerpt":"Um carro foi \u2018partido ao meio\u2019 ap\u00f3s bater em uma \u00e1rvore, no in\u00edcio da manh\u00e3 deste domingo (26), na cidade de S\u00e3o Joaquim da Barra, a 70 quil\u00f4metros de Ribeir\u00e3o Preto. Segundo as equipes que realizaram o socorro, o motorista sofreu ferimentos moderados e foi levado para um hospital da\u2026","rel":"","context":"In &quot;Not\u00edcias de Ribeir\u00e3o Preto-SP e Regi\u00e3o&quot;","block_context":{"text":"Not\u00edcias de Ribeir\u00e3o Preto-SP e Regi\u00e3o","link":"https:\/\/ismaelcolosi.com.br\/index.php\/category\/noticias-de-ribeirao-preto-sp-e-regiao-ismael-colosi\/"},"img":{"alt_text":"","src":"https:\/\/i0.wp.com\/ismaelcolosi.com.br\/wp-content\/uploads\/2023\/11\/WhatsApp-Image-2023-11-26-at-10.14.14.jpeg?fit=1200%2C674&ssl=1&resize=350%2C200","width":350,"height":200,"srcset":"https:\/\/i0.wp.com\/ismaelcolosi.com.br\/wp-content\/uploads\/2023\/11\/WhatsApp-Image-2023-11-26-at-10.14.14.jpeg?fit=1200%2C674&ssl=1&resize=350%2C200 1x, https:\/\/i0.wp.com\/ismaelcolosi.com.br\/wp-content\/uploads\/2023\/11\/WhatsApp-Image-2023-11-26-at-10.14.14.jpeg?fit=1200%2C674&ssl=1&resize=525%2C300 1.5x, https:\/\/i0.wp.com\/ismaelcolosi.com.br\/wp-content\/uploads\/2023\/11\/WhatsApp-Image-2023-11-26-at-10.14.14.jpeg?fit=1200%2C674&ssl=1&resize=700%2C400 2x, https:\/\/i0.wp.com\/ismaelcolosi.com.br\/wp-content\/uploads\/2023\/11\/WhatsApp-Image-2023-11-26-at-10.14.14.jpeg?fit=1200%2C674&ssl=1&resize=1050%2C600 3x"},"classes":[]},{"id":41542,"url":"https:\/\/ismaelcolosi.com.br\/index.php\/2024\/03\/08\/carro-e-onibus-se-envolvem-em-acidente-na-zona-leste-de-ribeirao-veja-o-video\/","url_meta":{"origin":9989,"position":1},"title":"Carro e \u00f4nibus se envolvem em acidente na zona Leste de Ribeir\u00e3o; Veja o v\u00eddeo","author":"ismaelcolosi.com.br","date":"8 de March de 2024","format":false,"excerpt":"Um \u00f4nibus e um carro se envolveram em um acidente de tr\u00e2nsito na tarde desta sexta-feira (8), no cruzamento da avenida Dr. Pl\u00ednio de Castro Prado com a rua Alexandre Gomes de Abreu, zona Leste de Ribeir\u00e3o Preto. Imagens de uma c\u00e2mera de seguran\u00e7a flagraram o momento da colis\u00e3o \u2013\u2026","rel":"","context":"In &quot;Not\u00edcias de Ribeir\u00e3o Preto-SP e Regi\u00e3o&quot;","block_context":{"text":"Not\u00edcias de Ribeir\u00e3o Preto-SP e Regi\u00e3o","link":"https:\/\/ismaelcolosi.com.br\/index.php\/category\/noticias-de-ribeirao-preto-sp-e-regiao-ismael-colosi\/"},"img":{"alt_text":"","src":"https:\/\/i0.wp.com\/ismaelcolosi.com.br\/wp-content\/uploads\/2024\/03\/Copia-de-Copia-de-TAMANHO-EXATO-PARA-FOTOS-NO-SISTEMA-NOVO-9.jpg?fit=1200%2C675&ssl=1&resize=350%2C200","width":350,"height":200,"srcset":"https:\/\/i0.wp.com\/ismaelcolosi.com.br\/wp-content\/uploads\/2024\/03\/Copia-de-Copia-de-TAMANHO-EXATO-PARA-FOTOS-NO-SISTEMA-NOVO-9.jpg?fit=1200%2C675&ssl=1&resize=350%2C200 1x, https:\/\/i0.wp.com\/ismaelcolosi.com.br\/wp-content\/uploads\/2024\/03\/Copia-de-Copia-de-TAMANHO-EXATO-PARA-FOTOS-NO-SISTEMA-NOVO-9.jpg?fit=1200%2C675&ssl=1&resize=525%2C300 1.5x, https:\/\/i0.wp.com\/ismaelcolosi.com.br\/wp-content\/uploads\/2024\/03\/Copia-de-Copia-de-TAMANHO-EXATO-PARA-FOTOS-NO-SISTEMA-NOVO-9.jpg?fit=1200%2C675&ssl=1&resize=700%2C400 2x, https:\/\/i0.wp.com\/ismaelcolosi.com.br\/wp-content\/uploads\/2024\/03\/Copia-de-Copia-de-TAMANHO-EXATO-PARA-FOTOS-NO-SISTEMA-NOVO-9.jpg?fit=1200%2C675&ssl=1&resize=1050%2C600 3x"},"classes":[]},{"id":64590,"url":"https:\/\/ismaelcolosi.com.br\/index.php\/2024\/09\/08\/motorista-esquece-carteira-com-r-2-mil-em-cima-de-carro-e-dinheiro-voa-na-regiao-de-ribeirao\/","url_meta":{"origin":9989,"position":2},"title":"Motorista esquece carteira com R$ 2 mil em cima de carro e dinheiro &#8216;voa&#8217; na regi\u00e3o de Ribeir\u00e3o","author":"ismaelcolosi.com.br","date":"8 de September de 2024","format":false,"excerpt":"Um motorista esqueceu a carteira com R$ 2 mil em cima do carro e causou uma \u201cchuva\u201d de dinheiro no Residencial Meirelles, em Franca, cidade na regi\u00e3o de Ribeir\u00e3o Preto. O caso foi registrado por c\u00e2meras de seguran\u00e7a de um im\u00f3vel e conforme a grava\u00e7\u00e3o teria acontecido na \u00faltima segunda-feira\u2026","rel":"","context":"In &quot;Not\u00edcias de Ribeir\u00e3o Preto-SP e Regi\u00e3o&quot;","block_context":{"text":"Not\u00edcias de Ribeir\u00e3o Preto-SP e Regi\u00e3o","link":"https:\/\/ismaelcolosi.com.br\/index.php\/category\/noticias-de-ribeirao-preto-sp-e-regiao-ismael-colosi\/"},"img":{"alt_text":"","src":"https:\/\/i0.wp.com\/ismaelcolosi.com.br\/wp-content\/uploads\/2024\/09\/Copia-de-Copia-de-Copia-de-TAMANHO-EXATO-PARA-FOTOS-NO-SISTEMA-NOVO-35_2024-09-08_15-06-12_png_2024-09-08_15-06-12.webp.webp?fit=1200%2C675&ssl=1&resize=350%2C200","width":350,"height":200,"srcset":"https:\/\/i0.wp.com\/ismaelcolosi.com.br\/wp-content\/uploads\/2024\/09\/Copia-de-Copia-de-Copia-de-TAMANHO-EXATO-PARA-FOTOS-NO-SISTEMA-NOVO-35_2024-09-08_15-06-12_png_2024-09-08_15-06-12.webp.webp?fit=1200%2C675&ssl=1&resize=350%2C200 1x, https:\/\/i0.wp.com\/ismaelcolosi.com.br\/wp-content\/uploads\/2024\/09\/Copia-de-Copia-de-Copia-de-TAMANHO-EXATO-PARA-FOTOS-NO-SISTEMA-NOVO-35_2024-09-08_15-06-12_png_2024-09-08_15-06-12.webp.webp?fit=1200%2C675&ssl=1&resize=525%2C300 1.5x, https:\/\/i0.wp.com\/ismaelcolosi.com.br\/wp-content\/uploads\/2024\/09\/Copia-de-Copia-de-Copia-de-TAMANHO-EXATO-PARA-FOTOS-NO-SISTEMA-NOVO-35_2024-09-08_15-06-12_png_2024-09-08_15-06-12.webp.webp?fit=1200%2C675&ssl=1&resize=700%2C400 2x, https:\/\/i0.wp.com\/ismaelcolosi.com.br\/wp-content\/uploads\/2024\/09\/Copia-de-Copia-de-Copia-de-TAMANHO-EXATO-PARA-FOTOS-NO-SISTEMA-NOVO-35_2024-09-08_15-06-12_png_2024-09-08_15-06-12.webp.webp?fit=1200%2C675&ssl=1&resize=1050%2C600 3x"},"classes":[]},{"id":60427,"url":"https:\/\/ismaelcolosi.com.br\/index.php\/2024\/08\/15\/mulher-tem-perna-amputada-apos-ser-prensada-por-carro-na-regiao-de-ribeirao-preto\/","url_meta":{"origin":9989,"position":3},"title":"Mulher tem perna amputada ap\u00f3s ser prensada por carro na regi\u00e3o de Ribeir\u00e3o Preto","author":"ismaelcolosi.com.br","date":"15 de August de 2024","format":false,"excerpt":"Uma mulher de 27 anos precisou amputar a perna depois de ser prensada na parede por um ve\u00edculo nesta quinta-feira (15), em Franca, cidade na regi\u00e3o de Ribeir\u00e3o Preto. O acidente aconteceu no cruzamento das ruas Volunt\u00e1rios de Franca e Padre Anchieta, pr\u00f3ximo a Santa Casa do munic\u00edpio, e foi\u2026","rel":"","context":"In &quot;Not\u00edcias de Ribeir\u00e3o Preto-SP e Regi\u00e3o&quot;","block_context":{"text":"Not\u00edcias de Ribeir\u00e3o Preto-SP e Regi\u00e3o","link":"https:\/\/ismaelcolosi.com.br\/index.php\/category\/noticias-de-ribeirao-preto-sp-e-regiao-ismael-colosi\/"},"img":{"alt_text":"","src":"https:\/\/i0.wp.com\/ismaelcolosi.com.br\/wp-content\/uploads\/2024\/08\/WhatsApp-Image-2024-08-15-at-19.04.31_2024-08-15_22-04-45_jpeg_2024-08-15_22-04-45.webp.webp?fit=750%2C420&ssl=1&resize=350%2C200","width":350,"height":200,"srcset":"https:\/\/i0.wp.com\/ismaelcolosi.com.br\/wp-content\/uploads\/2024\/08\/WhatsApp-Image-2024-08-15-at-19.04.31_2024-08-15_22-04-45_jpeg_2024-08-15_22-04-45.webp.webp?fit=750%2C420&ssl=1&resize=350%2C200 1x, https:\/\/i0.wp.com\/ismaelcolosi.com.br\/wp-content\/uploads\/2024\/08\/WhatsApp-Image-2024-08-15-at-19.04.31_2024-08-15_22-04-45_jpeg_2024-08-15_22-04-45.webp.webp?fit=750%2C420&ssl=1&resize=525%2C300 1.5x, https:\/\/i0.wp.com\/ismaelcolosi.com.br\/wp-content\/uploads\/2024\/08\/WhatsApp-Image-2024-08-15-at-19.04.31_2024-08-15_22-04-45_jpeg_2024-08-15_22-04-45.webp.webp?fit=750%2C420&ssl=1&resize=700%2C400 2x"},"classes":[]},{"id":21258,"url":"https:\/\/ismaelcolosi.com.br\/index.php\/2023\/12\/27\/roberta-miranda-sofre-acidente-tem-estado-de-saude-divulgado-e-imagens-mostram-carro-destruido\/","url_meta":{"origin":9989,"position":4},"title":"Roberta Miranda sofre acidente, tem estado de sa\u00fade divulgado e imagens mostram carro destru\u00eddo","author":"ismaelcolosi.com.br","date":"27 de December de 2023","format":false,"excerpt":"Na \u00faltima ter\u00e7a-feira (26\/12), a cantora Roberta Miranda, um dos maiores \u00edcones da m\u00fasica sertaneja do Brasil, foi v\u00edtima de um acidente de tr\u00e2nsito. Na ocasi\u00e3o, a artista, que tem 67 anos, chegou a bater com a cabe\u00e7a no carro, mas est\u00e1 bem.Roberta fez um v\u00eddeo contando aos seus f\u00e3s\u2026","rel":"","context":"In &quot;Blog&quot;","block_context":{"text":"Blog","link":"https:\/\/ismaelcolosi.com.br\/index.php\/category\/blog\/"},"img":{"alt_text":"","src":"https:\/\/i0.wp.com\/ismaelcolosi.com.br\/wp-content\/uploads\/2023\/12\/postimg-658c44d69e1077797.jpg?fit=1200%2C628&ssl=1&resize=350%2C200","width":350,"height":200,"srcset":"https:\/\/i0.wp.com\/ismaelcolosi.com.br\/wp-content\/uploads\/2023\/12\/postimg-658c44d69e1077797.jpg?fit=1200%2C628&ssl=1&resize=350%2C200 1x, https:\/\/i0.wp.com\/ismaelcolosi.com.br\/wp-content\/uploads\/2023\/12\/postimg-658c44d69e1077797.jpg?fit=1200%2C628&ssl=1&resize=525%2C300 1.5x, https:\/\/i0.wp.com\/ismaelcolosi.com.br\/wp-content\/uploads\/2023\/12\/postimg-658c44d69e1077797.jpg?fit=1200%2C628&ssl=1&resize=700%2C400 2x, https:\/\/i0.wp.com\/ismaelcolosi.com.br\/wp-content\/uploads\/2023\/12\/postimg-658c44d69e1077797.jpg?fit=1200%2C628&ssl=1&resize=1050%2C600 3x"},"classes":[]},{"id":48530,"url":"https:\/\/ismaelcolosi.com.br\/index.php\/2024\/05\/03\/motorista-e-feito-refem-e-mercadorias-do-correios-sao-roubadas-em-ribeirao-preto\/","url_meta":{"origin":9989,"position":5},"title":"Motorista \u00e9 feito ref\u00e9m e mercadorias do Correios s\u00e3o roubadas em Ribeir\u00e3o Preto","author":"ismaelcolosi.com.br","date":"3 de May de 2024","format":false,"excerpt":"A Pol\u00edcia Militar de Ribeir\u00e3o Preto se mobilizou na manh\u00e3 desta sexta-feira (3) durante um roubo, com ref\u00e9m, de um carro com mercadorias do Correios.\u00a0 O crime aconteceu no bairro Ribeir\u00e3o Verde, zona leste da cidade. Segundo a PM (Pol\u00edcia Militar), uma equipe que estava em patrulhamento pr\u00f3ximo a rodovia\u2026","rel":"","context":"In &quot;Not\u00edcias de Ribeir\u00e3o Preto-SP e Regi\u00e3o&quot;","block_context":{"text":"Not\u00edcias de Ribeir\u00e3o Preto-SP e Regi\u00e3o","link":"https:\/\/ismaelcolosi.com.br\/index.php\/category\/noticias-de-ribeirao-preto-sp-e-regiao-ismael-colosi\/"},"img":{"alt_text":"","src":"https:\/\/i0.wp.com\/ismaelcolosi.com.br\/wp-content\/uploads\/2024\/05\/correios__1024x576_25022021133124.jpg?fit=1024%2C576&ssl=1&resize=350%2C200","width":350,"height":200,"srcset":"https:\/\/i0.wp.com\/ismaelcolosi.com.br\/wp-content\/uploads\/2024\/05\/correios__1024x576_25022021133124.jpg?fit=1024%2C576&ssl=1&resize=350%2C200 1x, https:\/\/i0.wp.com\/ismaelcolosi.com.br\/wp-content\/uploads\/2024\/05\/correios__1024x576_25022021133124.jpg?fit=1024%2C576&ssl=1&resize=525%2C300 1.5x, https:\/\/i0.wp.com\/ismaelcolosi.com.br\/wp-content\/uploads\/2024\/05\/correios__1024x576_25022021133124.jpg?fit=1024%2C576&ssl=1&resize=700%2C400 2x"},"classes":[]}],"jetpack_sharing_enabled":true,"jetpack_shortlink":"https:\/\/wp.me\/pfMlyK-2B7","_links":{"self":[{"href":"https:\/\/ismaelcolosi.com.br\/index.php\/wp-json\/wp\/v2\/posts\/9989","targetHints":{"allow":["GET"]}}],"collection":[{"href":"https:\/\/ismaelcolosi.com.br\/index.php\/wp-json\/wp\/v2\/posts"}],"about":[{"href":"https:\/\/ismaelcolosi.com.br\/index.php\/wp-json\/wp\/v2\/types\/post"}],"author":[{"embeddable":true,"href":"https:\/\/ismaelcolosi.com.br\/index.php\/wp-json\/wp\/v2\/users\/1"}],"replies":[{"embeddable":true,"href":"https:\/\/ismaelcolosi.com.br\/index.php\/wp-json\/wp\/v2\/comments?post=9989"}],"version-history":[{"count":0,"href":"https:\/\/ismaelcolosi.com.br\/index.php\/wp-json\/wp\/v2\/posts\/9989\/revisions"}],"wp:featuredmedia":[{"embeddable":true,"href":"https:\/\/ismaelcolosi.com.br\/index.php\/wp-json\/wp\/v2\/media\/9990"}],"wp:attachment":[{"href":"https:\/\/ismaelcolosi.com.br\/index.php\/wp-json\/wp\/v2\/media?parent=9989"}],"wp:term":[{"taxonomy":"category","embeddable":true,"href":"https:\/\/ismaelcolosi.com.br\/index.php\/wp-json\/wp\/v2\/categories?post=9989"},{"taxonomy":"post_tag","embeddable":true,"href":"https:\/\/ismaelcolosi.com.br\/index.php\/wp-json\/wp\/v2\/tags?post=9989"}],"curies":[{"name":"wp","href":"https:\/\/api.w.org\/{rel}","templated":true}]}}