{"id":9981,"date":"2023-12-03T11:53:14","date_gmt":"2023-12-03T14:53:14","guid":{"rendered":"https:\/\/ismaelcolosi.com.br\/index.php\/2023\/12\/03\/cannabis-pode-reduzir-o-risco-de-diabetes-diz-estudo\/"},"modified":"2023-12-03T11:53:14","modified_gmt":"2023-12-03T14:53:14","slug":"cannabis-pode-reduzir-o-risco-de-diabetes-diz-estudo","status":"publish","type":"post","link":"https:\/\/ismaelcolosi.com.br\/index.php\/2023\/12\/03\/cannabis-pode-reduzir-o-risco-de-diabetes-diz-estudo\/","title":{"rendered":"Cannabis pode reduzir o risco de diabetes, diz estudo"},"content":{"rendered":"<p> <br \/>\n<\/p>\n<div>\n<div id=\"attachment_2315621\" class=\"wp-caption alignnone\">\n<div class=\"d-flex justify-content-center\" data-attachment-id=\"2315621\">\n<div class=\"position-relative d-inline-block\"><img data-recalc-dims=\"1\" data-portal-copyright=\"Getty Images\" fetchpriority=\"high\" decoding=\"async\" class=\"wp-image-2315621 size-full\" src=\"https:\/\/i0.wp.com\/catracalivre.com.br\/wp-content\/uploads\/2023\/11\/istock-466210513.jpg?resize=1255%2C835&#038;ssl=1\" alt=\"Estudos recentes buscam entender benef\u00edcios proporcionados pelo uso da cannabis medicinal no tratamento de doen\u00e7as como a diabetes tipo 2 \u2013 iStock\/Getty Images\" width=\"1255\" height=\"835\" srcset=\"https:\/\/catracalivre.com.br\/wp-content\/uploads\/2023\/11\/istock-466210513.jpg 1255w, https:\/\/catracalivre.com.br\/wp-content\/uploads\/2023\/11\/istock-466210513-450x299.jpg 450w, https:\/\/catracalivre.com.br\/wp-content\/uploads\/2023\/11\/istock-466210513-768x511.jpg 768w\" sizes=\"(max-width: 1255px) 100vw, 1255px\"\/><\/p>\n<p>Cr\u00e9ditos: Getty Images<\/p><div class='code-block code-block-8' style='margin: 8px auto; text-align: center; display: block; clear: both;'>\n<script>\n  atOptions = {\n    'key' : '66e2e2111ca34da796271819fc334058',\n    'format' : 'iframe',\n    'height' : 250,\n    'width' : 300,\n    'params' : {}\n  };\n<\/script>\n<script src=\"https:\/\/www.highperformanceformat.com\/66e2e2111ca34da796271819fc334058\/invoke.js\"><\/script>\n<\/div>\n\n<\/div>\n<\/div>\n<p><span class=\"post-imagem__legenda\">Estudos recentes buscam entender benef\u00edcios proporcionados pelo uso da cannabis medicinal no tratamento de doen\u00e7as como a diabetes tipo 2 \u2013 iStock\/Getty Images<\/span><\/p>\n<\/div>\n<p>In\u00fameras s\u00e3o as pesquisas que investigam os benef\u00edcios proporcionados pelo uso medicinal da cannabis. Um deles, de acordo com especialistas, est\u00e1 relacionado \u00e0 diminui\u00e7\u00e3o das chances de desenvolvimento do diabetes tipo 2. \u00c9 o que mostra estudo realizado pela Universidade de Ci\u00eancias M\u00e9dicas de Tabriz, no Ir\u00e3, ao trazer novos elementos para essa quest\u00e3o.<\/p>\n<p>O estudo, divulgado em agosto na revista cient\u00edfica<strong><a href=\"https:\/\/www.nlm.nih.gov\/\" target=\"_blank\" rel=\"noopener\"> National Library of Medicine<\/a><\/strong>, somou esfor\u00e7os com um time internacional para realizar uma meta-an\u00e1lise de onze estudos, incluindo um total de mais de 478 mil indiv\u00edduos.<\/p>\n<h2>Cannabis: \u201cefeitos protetores\u201d contra diabetes<\/h2>\n<p>Segundo os resultados do experimento, pessoas que fizeram o uso da cannabis medicinal apresentaram chance significativamente menor de desenvolver diabetes tipo 2. Os autores hipotetizam sobre o potencial da maconha para fornecer \u201cefeitos protetores\u201d contra o desenvolvimento de diabetes. Essa probabilidade, indicada na meta-an\u00e1lise, era \u201c0, 48 vezes menor do que naqueles sem exposi\u00e7\u00e3o \u00e0 cannabis\u201d.<\/p>\n<p>Contudo, os pesquisadores tamb\u00e9m alertaram sobre a necessidade de novos estudos para concluir as evid\u00eancias obtidas. \u201cNossa meta-an\u00e1lise fornece as evid\u00eancias mais atualizadas sobre o v\u00ednculo entre uso de cannabis e diabetes tipo 2\u201d, afirmam.\u00a0Em complemento, sugerem que \u201cdiante do aumento do consumo de cannabis e da legaliza\u00e7\u00e3o da maconha, h\u00e1 uma necessidade crescente de estudos longitudinais prospectivos que investiguem os efeitos verdadeiros do consumo de maconha\u201d.<\/p>\n<h2>O que \u00e9 a diabetes tipo 2 e quais s\u00e3o os sintomas?<\/h2>\n<p>O diabetes tipo 2 aparece de duas formas: quando o organismo n\u00e3o consegue se adequar adequadamente \u00e0 insulina\u00a0 \u00a0ou n\u00e3o produz insulina suficiente para controla a taxa de glicemia.<\/p>\n<p>A doen\u00e7a pode ser controlada com atividade f\u00edsica e\u00a0 planejamento alimentar, em quadros mais agudos. J\u00e1 em casos cr\u00f4nicos, exige-se o uso de insulina e\/ou outros medicamentos para controlar a glicose.<\/p>\n<p>Os sintomas podem aparecer t\u00e3o sutilmente no in\u00edcio da doen\u00e7a que pode ser dif\u00edcil compreender os sinais de alerta. Alguns sintomas s\u00e3o:<\/p>\n<ul>\n<li>fome frequente;<\/li>\n<li>sede constante;<\/li>\n<li>formigamento nos p\u00e9s e m\u00e3os;<\/li>\n<li>vontade de urinar diversas vezes;<\/li>\n<li>infec\u00e7\u00f5es frequentes na bexiga, rins e pele;<\/li>\n<li>feridas que demoram para cicatrizar;<\/li>\n<li>vis\u00e3o emba\u00e7ada.<\/li>\n<\/ul>\n<h2>Fatores de risco aumentam a incid\u00eancia de diabetes tipo 2:<\/h2>\n<ul>\n<li>Ingest\u00e3o insuficiente de gr\u00e3os integrais;<\/li>\n<li>Excesso de arroz refinado e trigo;<\/li>\n<li>Consumo excessivo de carne processada.<\/li>\n<\/ul>\n<p>Volunt\u00e1rios de todos os pa\u00edses inclu\u00eddos na pesquisa experimentaram um aumento nos casos de diabetes tipo 2 durante o per\u00edodo de avalia\u00e7\u00e3o.<\/p>\n<\/div>\n<p><script>\n\t\t! function(f, b, e, v, n, t, s) {\n\t\t\tif (f.fbq) return;\n\t\t\tn = f.fbq = function() {\n\t\t\t\tn.callMethod ?\n\t\t\t\t\tn.callMethod.apply(n, arguments) : n.queue.push(arguments)\n\t\t\t};\n\t\t\tif (!f._fbq) f._fbq = n;\n\t\t\tn.push = n;\n\t\t\tn.loaded = !0;\n\t\t\tn.version = '2.0';\n\t\t\tn.queue = [];\n\t\t\tt = b.createElement(e);\n\t\t\tt.async = !0;\n\t\t\tt.src = v;\n\t\t\ts = b.getElementsByTagName(e)[0];\n\t\t\ts.parentNode.insertBefore(t, s)\n\t\t}(window, document, 'script',\n\t\t\t'https:\/\/connect.facebook.net\/en_US\/fbevents.js');\n\t\tfbq('init', '338315473262380');\n\t\tfbq('track', 'PageView');\n\t<\/script><br \/>\n<br \/><br \/>\n<br \/><a href=\"https:\/\/catracalivre.com.br\/saude-bem-estar\/cannabis-pode-reduzir-o-risco-de-diabetes-diz-estudo\/\">Source link <\/a><\/p>\n<div class='code-block code-block-4' style='margin: 8px auto 8px 0; text-align: left; display: block; clear: both;'>\n\ud83d\udce2 Aviso Legal\n\nO site ismaelcolosi.com.br atua apenas como um canal de divulga\u00e7\u00e3o de oportunidades de emprego e n\u00e3o se responsabiliza pelo processo seletivo, contrata\u00e7\u00e3o ou qualquer outra etapa relacionada \u00e0s vagas publicadas. Todas as informa\u00e7\u00f5es s\u00e3o de responsabilidade dos anunciantes.\n\n\u26a0\ufe0f Aten\u00e7\u00e3o! Nunca pague por promessas de emprego nem compre cursos que garantam contrata\u00e7\u00e3o. Desconfie de qualquer cobran\u00e7a para participar de sele\u00e7\u00f5es.\n\n\n<div data-type=\"_mgwidget\" data-widget-id=\"2000896\">\n<\/div>\n<script>(function(w,q){w[q]=w[q]||[];w[q].push([\"_mgc.load\"])})(window,\"_mgq\");\n<\/script>\n<\/div>\n<!-- CONTENT END 1 -->\n","protected":false},"excerpt":{"rendered":"<p>Cr\u00e9ditos: Getty Images Estudos recentes buscam entender benef\u00edcios proporcionados pelo uso da cannabis medicinal no tratamento de doen\u00e7as como a diabetes tipo 2 \u2013 iStock\/Getty&#8230;<\/p>\n","protected":false},"author":1,"featured_media":9982,"comment_status":"open","ping_status":"open","sticky":false,"template":"","format":"standard","meta":{"_uag_custom_page_level_css":"","jetpack_post_was_ever_published":false,"_jetpack_newsletter_access":"","_jetpack_dont_email_post_to_subs":false,"_jetpack_newsletter_tier_id":0,"_jetpack_memberships_contains_paywalled_content":false,"_jetpack_memberships_contains_paid_content":false,"footnotes":"","jetpack_publicize_message":"","jetpack_publicize_feature_enabled":true,"jetpack_social_post_already_shared":true,"jetpack_social_options":{"image_generator_settings":{"template":"highway","default_image_id":0,"font":"","enabled":false},"version":2}},"categories":[19],"tags":[],"class_list":["post-9981","post","type-post","status-publish","format-standard","has-post-thumbnail","hentry","category-variedades"],"aioseo_notices":[],"jetpack_publicize_connections":[],"jetpack_featured_media_url":"https:\/\/i0.wp.com\/ismaelcolosi.com.br\/wp-content\/uploads\/2023\/12\/istock-466210513.jpg?fit=1200%2C638&ssl=1","uagb_featured_image_src":{"full":["https:\/\/i0.wp.com\/ismaelcolosi.com.br\/wp-content\/uploads\/2023\/12\/istock-466210513.jpg?fit=1200%2C638&ssl=1",1200,638,false],"thumbnail":["https:\/\/i0.wp.com\/ismaelcolosi.com.br\/wp-content\/uploads\/2023\/12\/istock-466210513.jpg?resize=150%2C150&ssl=1",150,150,true],"medium":["https:\/\/i0.wp.com\/ismaelcolosi.com.br\/wp-content\/uploads\/2023\/12\/istock-466210513.jpg?fit=300%2C160&ssl=1",300,160,true],"medium_large":["https:\/\/i0.wp.com\/ismaelcolosi.com.br\/wp-content\/uploads\/2023\/12\/istock-466210513.jpg?fit=768%2C408&ssl=1",768,408,true],"large":["https:\/\/i0.wp.com\/ismaelcolosi.com.br\/wp-content\/uploads\/2023\/12\/istock-466210513.jpg?fit=1024%2C544&ssl=1",1024,544,true],"1536x1536":["https:\/\/i0.wp.com\/ismaelcolosi.com.br\/wp-content\/uploads\/2023\/12\/istock-466210513.jpg?fit=1200%2C638&ssl=1",1200,638,true],"2048x2048":["https:\/\/i0.wp.com\/ismaelcolosi.com.br\/wp-content\/uploads\/2023\/12\/istock-466210513.jpg?fit=1200%2C638&ssl=1",1200,638,true],"really-simple-thumb":["https:\/\/i0.wp.com\/ismaelcolosi.com.br\/wp-content\/uploads\/2023\/12\/istock-466210513.jpg?resize=370%2C247&ssl=1",370,247,true]},"uagb_author_info":{"display_name":"ismaelcolosi.com.br","author_link":"https:\/\/ismaelcolosi.com.br\/index.php\/author\/vidareal-online\/"},"uagb_comment_info":0,"uagb_excerpt":"Cr\u00e9ditos: Getty Images Estudos recentes buscam entender benef\u00edcios proporcionados pelo uso da cannabis medicinal no tratamento de doen\u00e7as como a diabetes tipo 2 \u2013 iStock\/Getty...","jetpack-related-posts":[{"id":4012,"url":"https:\/\/ismaelcolosi.com.br\/index.php\/2023\/11\/20\/cannabis-nao-esta-associada-a-psicose-diz-estudo\/","url_meta":{"origin":9981,"position":0},"title":"Cannabis n\u00e3o est\u00e1 associada \u00e0 psicose, diz estudo","author":"ismaelcolosi.com.br","date":"20 de November de 2023","format":false,"excerpt":"Cr\u00e9ditos: Getty ImagesNova descoberta contraria estudos realizados anteriormente, que associavam uso da cannabis a maior probabilidade de psicose e depend\u00eancia \u2013 iStock\/Getty Images O uso da cannabis n\u00e3o est\u00e1 associado ao aumento do risco de psicose, aponta novo estudo internacional conduzido por pesquisadores da Austr\u00e1lia e Europa. Mesmo entre pessoas\u2026","rel":"","context":"In &quot;Variedades&quot;","block_context":{"text":"Variedades","link":"https:\/\/ismaelcolosi.com.br\/index.php\/category\/variedades\/"},"img":{"alt_text":"","src":"https:\/\/i0.wp.com\/ismaelcolosi.com.br\/wp-content\/uploads\/2023\/11\/istock-1050807206.jpg?fit=1200%2C638&ssl=1&resize=350%2C200","width":350,"height":200,"srcset":"https:\/\/i0.wp.com\/ismaelcolosi.com.br\/wp-content\/uploads\/2023\/11\/istock-1050807206.jpg?fit=1200%2C638&ssl=1&resize=350%2C200 1x, https:\/\/i0.wp.com\/ismaelcolosi.com.br\/wp-content\/uploads\/2023\/11\/istock-1050807206.jpg?fit=1200%2C638&ssl=1&resize=525%2C300 1.5x, https:\/\/i0.wp.com\/ismaelcolosi.com.br\/wp-content\/uploads\/2023\/11\/istock-1050807206.jpg?fit=1200%2C638&ssl=1&resize=700%2C400 2x, https:\/\/i0.wp.com\/ismaelcolosi.com.br\/wp-content\/uploads\/2023\/11\/istock-1050807206.jpg?fit=1200%2C638&ssl=1&resize=1050%2C600 3x"},"classes":[]},{"id":20843,"url":"https:\/\/ismaelcolosi.com.br\/index.php\/2023\/12\/26\/sp-regulamenta-fornecimento-de-cannabis-medicinal-pelo-sus\/","url_meta":{"origin":9981,"position":1},"title":"SP regulamenta fornecimento de cannabis medicinal pelo SUS","author":"ismaelcolosi.com.br","date":"26 de December de 2023","format":false,"excerpt":"26 de dezembro de 2023 | 16:0026 de dezembro de 2023 | 14:23 0O governo de S\u00e3o Paulo regulamentou a Lei 17.618, que disp\u00f5e sobre a pol\u00edtica estadual de fornecimento gratuito de rem\u00e9dios \u00e0 base de\u00a0cannabis\u00a0pelo Sistema \u00danico de Sa\u00fade (SUS) no estado. O decreto de regulamenta\u00e7\u00e3o, publicado nesta ter\u00e7a-feira\u2026","rel":"","context":"In &quot;Not\u00edcias de Ribeir\u00e3o Preto-SP e Regi\u00e3o&quot;","block_context":{"text":"Not\u00edcias de Ribeir\u00e3o Preto-SP e Regi\u00e3o","link":"https:\/\/ismaelcolosi.com.br\/index.php\/category\/noticias-de-ribeirao-preto-sp-e-regiao-ismael-colosi\/"},"img":{"alt_text":"","src":"https:\/\/i0.wp.com\/ismaelcolosi.com.br\/wp-content\/uploads\/2023\/12\/canabis-scaled.jpg?fit=1000%2C598&ssl=1&resize=350%2C200","width":350,"height":200,"srcset":"https:\/\/i0.wp.com\/ismaelcolosi.com.br\/wp-content\/uploads\/2023\/12\/canabis-scaled.jpg?fit=1000%2C598&ssl=1&resize=350%2C200 1x, https:\/\/i0.wp.com\/ismaelcolosi.com.br\/wp-content\/uploads\/2023\/12\/canabis-scaled.jpg?fit=1000%2C598&ssl=1&resize=525%2C300 1.5x, https:\/\/i0.wp.com\/ismaelcolosi.com.br\/wp-content\/uploads\/2023\/12\/canabis-scaled.jpg?fit=1000%2C598&ssl=1&resize=700%2C400 2x"},"classes":[]},{"id":85660,"url":"https:\/\/ismaelcolosi.com.br\/index.php\/2025\/05\/23\/os-empregos-mais-bem-pagos-da-industria-nos-eua\/","url_meta":{"origin":9981,"position":2},"title":"Os Empregos Mais Bem Pagos da Ind\u00fastria nos EUA","author":"ismaelcolosi.com.br","date":"23 de May de 2025","format":false,"excerpt":"\r Curaleaf\/Divulga\u00e7\u00e3o\r Nos EUA, ind\u00fastria da cannabis gera mais de 400 mil empregos\r Acessibilidade \r L\r L\r A-\r A+\r \r \u25d0\r \r \u00a0 No Brasil, a ind\u00fastria da cannabis ainda esbarra em uma regulamenta\u00e7\u00e3o restritiva. Enquanto isso, nos Estados Unidos, o setor avan\u00e7a em ritmo acelerado desde que Colorado e\u2026","rel":"","context":"In &quot;Carreira e Sucesso&quot;","block_context":{"text":"Carreira e Sucesso","link":"https:\/\/ismaelcolosi.com.br\/index.php\/category\/carreira-e-sucesso-dicas-para-carreira\/"},"img":{"alt_text":"","src":"https:\/\/i0.wp.com\/ismaelcolosi.com.br\/wp-content\/uploads\/2025\/05\/forbes-cannabis-empregos-1200x675.jpg?fit=1200%2C675&ssl=1&resize=350%2C200","width":350,"height":200,"srcset":"https:\/\/i0.wp.com\/ismaelcolosi.com.br\/wp-content\/uploads\/2025\/05\/forbes-cannabis-empregos-1200x675.jpg?fit=1200%2C675&ssl=1&resize=350%2C200 1x, https:\/\/i0.wp.com\/ismaelcolosi.com.br\/wp-content\/uploads\/2025\/05\/forbes-cannabis-empregos-1200x675.jpg?fit=1200%2C675&ssl=1&resize=525%2C300 1.5x, https:\/\/i0.wp.com\/ismaelcolosi.com.br\/wp-content\/uploads\/2025\/05\/forbes-cannabis-empregos-1200x675.jpg?fit=1200%2C675&ssl=1&resize=700%2C400 2x, https:\/\/i0.wp.com\/ismaelcolosi.com.br\/wp-content\/uploads\/2025\/05\/forbes-cannabis-empregos-1200x675.jpg?fit=1200%2C675&ssl=1&resize=1050%2C600 3x"},"classes":[]},{"id":14232,"url":"https:\/\/ismaelcolosi.com.br\/index.php\/2023\/12\/11\/empreendedora-aposta-no-mercado-de-gomas-de-cannabis\/","url_meta":{"origin":9981,"position":3},"title":"Empreendedora aposta no mercado de gomas de cannabis","author":"ismaelcolosi.com.br","date":"11 de December de 2023","format":false,"excerpt":"The High Confectionary\/Divulga\u00e7\u00e3oJenna Goldring enxergou uma lacuna no mercado de cannabis, ind\u00fastria liderada por homens, que movimenta dezenas de bilh\u00f5es de d\u00f3lares Apesar do crescimento da ind\u00fastria da cannabis (deve chegar a mais de US$ 100 bilh\u00f5es em 2028), empreendedoras encontram obst\u00e1culos para construir seus neg\u00f3cios nesse setor, mesmo em\u2026","rel":"","context":"In &quot;Carreira e Sucesso&quot;","block_context":{"text":"Carreira e Sucesso","link":"https:\/\/ismaelcolosi.com.br\/index.php\/category\/carreira-e-sucesso-dicas-para-carreira\/"},"img":{"alt_text":"","src":"https:\/\/i0.wp.com\/ismaelcolosi.com.br\/wp-content\/uploads\/2023\/12\/mulher-Jenna-Goldring-cannabis-1024x683.jpg?fit=1024%2C683&ssl=1&resize=350%2C200","width":350,"height":200,"srcset":"https:\/\/i0.wp.com\/ismaelcolosi.com.br\/wp-content\/uploads\/2023\/12\/mulher-Jenna-Goldring-cannabis-1024x683.jpg?fit=1024%2C683&ssl=1&resize=350%2C200 1x, https:\/\/i0.wp.com\/ismaelcolosi.com.br\/wp-content\/uploads\/2023\/12\/mulher-Jenna-Goldring-cannabis-1024x683.jpg?fit=1024%2C683&ssl=1&resize=525%2C300 1.5x, https:\/\/i0.wp.com\/ismaelcolosi.com.br\/wp-content\/uploads\/2023\/12\/mulher-Jenna-Goldring-cannabis-1024x683.jpg?fit=1024%2C683&ssl=1&resize=700%2C400 2x"},"classes":[]},{"id":38529,"url":"https:\/\/ismaelcolosi.com.br\/index.php\/2024\/02\/20\/hc-ribeirao-preto-procura-voluntarios-para-pesquisa-sobre-efeitos-de-composto-da-cannabis\/","url_meta":{"origin":9981,"position":4},"title":"HC Ribeir\u00e3o Preto procura volunt\u00e1rios para pesquisa sobre efeitos de composto da cannabis","author":"ismaelcolosi.com.br","date":"20 de February de 2024","format":false,"excerpt":"Na \u00faltima segunda-feira (19), o Hospital das Cl\u00ednicas de Ribeir\u00e3o Preto anunciou pelas redes sociais que foi aprovado o projeto de pesquisa sobre os efeitos do composto do extrato de Cannabis e percep\u00e7\u00e3o de dor. O objetivo da pesquisa \u00e9 avaliar os efeitos do composto (Canabidiol e THC) na auto\u2026","rel":"","context":"In &quot;Not\u00edcias de Ribeir\u00e3o Preto-SP e Regi\u00e3o&quot;","block_context":{"text":"Not\u00edcias de Ribeir\u00e3o Preto-SP e Regi\u00e3o","link":"https:\/\/ismaelcolosi.com.br\/index.php\/category\/noticias-de-ribeirao-preto-sp-e-regiao-ismael-colosi\/"},"img":{"alt_text":"","src":"https:\/\/i0.wp.com\/ismaelcolosi.com.br\/wp-content\/uploads\/2024\/02\/1708448595_hc-ribeirao-preto.jpg?fit=1200%2C675&ssl=1&resize=350%2C200","width":350,"height":200,"srcset":"https:\/\/i0.wp.com\/ismaelcolosi.com.br\/wp-content\/uploads\/2024\/02\/1708448595_hc-ribeirao-preto.jpg?fit=1200%2C675&ssl=1&resize=350%2C200 1x, https:\/\/i0.wp.com\/ismaelcolosi.com.br\/wp-content\/uploads\/2024\/02\/1708448595_hc-ribeirao-preto.jpg?fit=1200%2C675&ssl=1&resize=525%2C300 1.5x, https:\/\/i0.wp.com\/ismaelcolosi.com.br\/wp-content\/uploads\/2024\/02\/1708448595_hc-ribeirao-preto.jpg?fit=1200%2C675&ssl=1&resize=700%2C400 2x, https:\/\/i0.wp.com\/ismaelcolosi.com.br\/wp-content\/uploads\/2024\/02\/1708448595_hc-ribeirao-preto.jpg?fit=1200%2C675&ssl=1&resize=1050%2C600 3x"},"classes":[]},{"id":21665,"url":"https:\/\/ismaelcolosi.com.br\/index.php\/2023\/12\/28\/farmacia-de-rp-recebe-autorizacao-para-manipular-cannabis\/","url_meta":{"origin":9981,"position":5},"title":"Farm\u00e1cia de RP recebe autoriza\u00e7\u00e3o para manipular cannabis","author":"ismaelcolosi.com.br","date":"28 de December de 2023","format":false,"excerpt":"28 de dezembro de 2023 | 8:3527 de dezembro de 2023 | 19:38 0O juiz federal Peter de Paula Pires, da 5\u00aa Vara Federal de Ribeir\u00e3o Preto, autorizou uma farm\u00e1cia de manipula\u00e7\u00e3o a fabricar no Brasil produtos \u00e0 base da planta cannabis, popularmente conhecida como maconha. A condi\u00e7\u00e3o \u00e9 que\u2026","rel":"","context":"In &quot;Not\u00edcias de Ribeir\u00e3o Preto-SP e Regi\u00e3o&quot;","block_context":{"text":"Not\u00edcias de Ribeir\u00e3o Preto-SP e Regi\u00e3o","link":"https:\/\/ismaelcolosi.com.br\/index.php\/category\/noticias-de-ribeirao-preto-sp-e-regiao-ismael-colosi\/"},"img":{"alt_text":"","src":"https:\/\/i0.wp.com\/ismaelcolosi.com.br\/wp-content\/uploads\/2023\/12\/be7d8921-d7c4-4f54-832a-380c47f5b3f5-scaled.jpg?fit=1000%2C598&ssl=1&resize=350%2C200","width":350,"height":200,"srcset":"https:\/\/i0.wp.com\/ismaelcolosi.com.br\/wp-content\/uploads\/2023\/12\/be7d8921-d7c4-4f54-832a-380c47f5b3f5-scaled.jpg?fit=1000%2C598&ssl=1&resize=350%2C200 1x, https:\/\/i0.wp.com\/ismaelcolosi.com.br\/wp-content\/uploads\/2023\/12\/be7d8921-d7c4-4f54-832a-380c47f5b3f5-scaled.jpg?fit=1000%2C598&ssl=1&resize=525%2C300 1.5x, https:\/\/i0.wp.com\/ismaelcolosi.com.br\/wp-content\/uploads\/2023\/12\/be7d8921-d7c4-4f54-832a-380c47f5b3f5-scaled.jpg?fit=1000%2C598&ssl=1&resize=700%2C400 2x"},"classes":[]}],"jetpack_sharing_enabled":true,"jetpack_shortlink":"https:\/\/wp.me\/pfMlyK-2AZ","_links":{"self":[{"href":"https:\/\/ismaelcolosi.com.br\/index.php\/wp-json\/wp\/v2\/posts\/9981","targetHints":{"allow":["GET"]}}],"collection":[{"href":"https:\/\/ismaelcolosi.com.br\/index.php\/wp-json\/wp\/v2\/posts"}],"about":[{"href":"https:\/\/ismaelcolosi.com.br\/index.php\/wp-json\/wp\/v2\/types\/post"}],"author":[{"embeddable":true,"href":"https:\/\/ismaelcolosi.com.br\/index.php\/wp-json\/wp\/v2\/users\/1"}],"replies":[{"embeddable":true,"href":"https:\/\/ismaelcolosi.com.br\/index.php\/wp-json\/wp\/v2\/comments?post=9981"}],"version-history":[{"count":0,"href":"https:\/\/ismaelcolosi.com.br\/index.php\/wp-json\/wp\/v2\/posts\/9981\/revisions"}],"wp:featuredmedia":[{"embeddable":true,"href":"https:\/\/ismaelcolosi.com.br\/index.php\/wp-json\/wp\/v2\/media\/9982"}],"wp:attachment":[{"href":"https:\/\/ismaelcolosi.com.br\/index.php\/wp-json\/wp\/v2\/media?parent=9981"}],"wp:term":[{"taxonomy":"category","embeddable":true,"href":"https:\/\/ismaelcolosi.com.br\/index.php\/wp-json\/wp\/v2\/categories?post=9981"},{"taxonomy":"post_tag","embeddable":true,"href":"https:\/\/ismaelcolosi.com.br\/index.php\/wp-json\/wp\/v2\/tags?post=9981"}],"curies":[{"name":"wp","href":"https:\/\/api.w.org\/{rel}","templated":true}]}}