{"id":9975,"date":"2023-12-03T11:38:32","date_gmt":"2023-12-03T14:38:32","guid":{"rendered":"https:\/\/ismaelcolosi.com.br\/index.php\/2023\/12\/03\/dudu-nobre-desabafa-diante-do-que-tem-visto-de-sua-filha-lily-nobre-em-a-fazenda-15\/"},"modified":"2023-12-03T11:38:32","modified_gmt":"2023-12-03T14:38:32","slug":"dudu-nobre-desabafa-diante-do-que-tem-visto-de-sua-filha-lily-nobre-em-a-fazenda-15","status":"publish","type":"post","link":"https:\/\/ismaelcolosi.com.br\/index.php\/2023\/12\/03\/dudu-nobre-desabafa-diante-do-que-tem-visto-de-sua-filha-lily-nobre-em-a-fazenda-15\/","title":{"rendered":"Dudu Nobre desabafa diante do que tem visto de sua filha Lily Nobre em A Fazenda 15"},"content":{"rendered":"<p> <br \/>\n<\/p>\n<div itemprop=\"text\">\n<p>No \u00faltimo s\u00e1bado, dia 02 de dezembro, o programa do Jo\u00e3o exibido pela Band e apresentado por Jo\u00e3o Silva, filho do apresentador Fausto Silva, recebeu Dudu Nobre como convidado especial.<\/p>\n<p>Na oportunidade, o m\u00fasico foi convidado a falar abertamente sobre a sua experi\u00eancia pessoal com a participa\u00e7\u00e3o de sua filha, a influenciadora digital Lily Nobre, no reality show A Fazenda 15, exibido pela Record.<\/p>\n<p>Durante uma conversa com Jo\u00e3o Silva, Dudu Nobre compartilhou os seus desafios pessoais no que toca a acompanhar a sua filha no programa. O m\u00fasico expressou, sobretudo, a dificuldade por n\u00e3o poder intervir diretamente nas a\u00e7\u00f5es da influenciadora digital, sobretudo nos momentos mais controversos, quando gostaria de, na verdade, dar-lhe um pux\u00e3o de orelha.<\/p>\n<p>Na sequ\u00eancia, Dudu Nobre tamb\u00e9m lamentou os ataques que Lily Nobre tem recebido dos internautas nas redes sociais, por conta de suas alian\u00e7as formadas dentro do reality show.<\/p>\n<p>Segundo ele, para a fam\u00edlia, tem sido muito dif\u00edcil lidar com essa situa\u00e7\u00e3o, sobretudo diante da impossibilidade de rebater todos os coment\u00e1rios.<\/p>\n<p>O m\u00fasico admitiu que o grupo ao qual Lily Nobre se associou dentro de A Fazenda 15 possui caracter\u00edsticas conflitantes, a exemplo da diferen\u00e7a de idade entre os seus membros, definindo-o como um verdadeiro choque de cultura, o que contribuiu para a vis\u00e3o negativa que adquiriu no in\u00edcio do programa.<\/p>\n<p>Apesar dos desafios, Dudu Nobre celebrou a evolu\u00e7\u00e3o de sua filha no decorrer do reality show. O m\u00fasico disse acreditar que os programas desta natureza sejam o futuro da ind\u00fastria do entretenimento.<\/p>\n<\/div>\n<p><br \/>\n<br \/><a href=\"https:\/\/fnmais.com\/dudu-nobre-desabafa-diante-que-tem-visto-sua-filha-lily-nobre-em-fazenda-15\/\">Source link <\/a><\/p>\n<div class='code-block code-block-4' style='margin: 8px auto 8px 0; text-align: left; display: block; clear: both;'>\n\ud83d\udce2 Aviso Legal\n\nO site ismaelcolosi.com.br atua apenas como um canal de divulga\u00e7\u00e3o de oportunidades de emprego e n\u00e3o se responsabiliza pelo processo seletivo, contrata\u00e7\u00e3o ou qualquer outra etapa relacionada \u00e0s vagas publicadas. Todas as informa\u00e7\u00f5es s\u00e3o de responsabilidade dos anunciantes.\n\n\u26a0\ufe0f Aten\u00e7\u00e3o! Nunca pague por promessas de emprego nem compre cursos que garantam contrata\u00e7\u00e3o. Desconfie de qualquer cobran\u00e7a para participar de sele\u00e7\u00f5es.\n\n\n\n<\/div>\n<!-- CONTENT END 1 -->\n","protected":false},"excerpt":{"rendered":"<p>No \u00faltimo s\u00e1bado, dia 02 de dezembro, o programa do Jo\u00e3o exibido pela Band e apresentado por Jo\u00e3o Silva, filho do apresentador Fausto Silva, recebeu&#8230;<\/p>\n","protected":false},"author":1,"featured_media":9976,"comment_status":"open","ping_status":"open","sticky":false,"template":"","format":"standard","meta":{"_uag_custom_page_level_css":"","advanced_seo_description":"","jetpack_seo_html_title":"","jetpack_seo_noindex":false,"jetpack_post_was_ever_published":false,"_jetpack_newsletter_access":"","_jetpack_dont_email_post_to_subs":false,"_jetpack_newsletter_tier_id":0,"_jetpack_memberships_contains_paywalled_content":false,"_jetpack_memberships_contains_paid_content":false,"footnotes":"","jetpack_publicize_message":"","jetpack_publicize_feature_enabled":true,"jetpack_social_post_already_shared":true,"jetpack_social_options":{"image_generator_settings":{"template":"highway","default_image_id":0,"font":"","enabled":false},"version":2}},"categories":[1],"tags":[],"class_list":["post-9975","post","type-post","status-publish","format-standard","has-post-thumbnail","hentry","category-blog"],"jetpack_publicize_connections":[],"jetpack_featured_media_url":"https:\/\/i0.wp.com\/ismaelcolosi.com.br\/wp-content\/uploads\/2023\/12\/postimg-656c8cee1e2363937.jpg?fit=1200%2C628&ssl=1","uagb_featured_image_src":{"full":["https:\/\/i0.wp.com\/ismaelcolosi.com.br\/wp-content\/uploads\/2023\/12\/postimg-656c8cee1e2363937.jpg?fit=1200%2C628&ssl=1",1200,628,false],"thumbnail":["https:\/\/i0.wp.com\/ismaelcolosi.com.br\/wp-content\/uploads\/2023\/12\/postimg-656c8cee1e2363937.jpg?resize=150%2C150&ssl=1",150,150,true],"medium":["https:\/\/i0.wp.com\/ismaelcolosi.com.br\/wp-content\/uploads\/2023\/12\/postimg-656c8cee1e2363937.jpg?fit=300%2C157&ssl=1",300,157,true],"medium_large":["https:\/\/i0.wp.com\/ismaelcolosi.com.br\/wp-content\/uploads\/2023\/12\/postimg-656c8cee1e2363937.jpg?fit=768%2C402&ssl=1",768,402,true],"large":["https:\/\/i0.wp.com\/ismaelcolosi.com.br\/wp-content\/uploads\/2023\/12\/postimg-656c8cee1e2363937.jpg?fit=1024%2C536&ssl=1",1024,536,true],"1536x1536":["https:\/\/i0.wp.com\/ismaelcolosi.com.br\/wp-content\/uploads\/2023\/12\/postimg-656c8cee1e2363937.jpg?fit=1200%2C628&ssl=1",1200,628,true],"2048x2048":["https:\/\/i0.wp.com\/ismaelcolosi.com.br\/wp-content\/uploads\/2023\/12\/postimg-656c8cee1e2363937.jpg?fit=1200%2C628&ssl=1",1200,628,true],"really-simple-thumb":["https:\/\/i0.wp.com\/ismaelcolosi.com.br\/wp-content\/uploads\/2023\/12\/postimg-656c8cee1e2363937.jpg?resize=370%2C247&ssl=1",370,247,true]},"uagb_author_info":{"display_name":"ismaelcolosi.com.br","author_link":"https:\/\/ismaelcolosi.com.br\/index.php\/author\/vidareal-online\/"},"uagb_comment_info":0,"uagb_excerpt":"No \u00faltimo s\u00e1bado, dia 02 de dezembro, o programa do Jo\u00e3o exibido pela Band e apresentado por Jo\u00e3o Silva, filho do apresentador Fausto Silva, recebeu...","jetpack-related-posts":[{"id":76456,"url":"https:\/\/ismaelcolosi.com.br\/index.php\/2024\/11\/13\/pedro-ii-apresenta-daniel-e-orquestra\/","url_meta":{"origin":9975,"position":0},"title":"Pedro II apresenta\u00a0Daniel e orquestra\u00a0\u00a0","author":"ismaelcolosi.com.br","date":"13 de November de 2024","format":false,"excerpt":"Prudential Concerts est\u00e1 de volta e em sua s\u00e9tima edi\u00e7\u00e3o vai promover o encontro de Daniel com orquestra sinf\u00f4nica formada por m\u00fasicos locais\u00a0 13 de novembro de 202413 de novembro de 20248 Compartilhar0 O Prudential Concerts est\u00e1 de volta e em sua s\u00e9tima edi\u00e7\u00e3o vai promover mais uma vez o\u2026","rel":"","context":"In &quot;Not\u00edcias de Ribeir\u00e3o Preto-SP e Regi\u00e3o&quot;","block_context":{"text":"Not\u00edcias de Ribeir\u00e3o Preto-SP e Regi\u00e3o","link":"https:\/\/ismaelcolosi.com.br\/index.php\/category\/noticias-de-ribeirao-preto-sp-e-regiao-ismael-colosi\/"},"img":{"alt_text":"","src":"https:\/\/i0.wp.com\/ismaelcolosi.com.br\/wp-content\/uploads\/2024\/11\/Daniel-Can-Fabio-Nunes-Divulgacao-01-scaled.jpg?fit=750%2C500&ssl=1&resize=350%2C200","width":350,"height":200,"srcset":"https:\/\/i0.wp.com\/ismaelcolosi.com.br\/wp-content\/uploads\/2024\/11\/Daniel-Can-Fabio-Nunes-Divulgacao-01-scaled.jpg?fit=750%2C500&ssl=1&resize=350%2C200 1x, https:\/\/i0.wp.com\/ismaelcolosi.com.br\/wp-content\/uploads\/2024\/11\/Daniel-Can-Fabio-Nunes-Divulgacao-01-scaled.jpg?fit=750%2C500&ssl=1&resize=525%2C300 1.5x, https:\/\/i0.wp.com\/ismaelcolosi.com.br\/wp-content\/uploads\/2024\/11\/Daniel-Can-Fabio-Nunes-Divulgacao-01-scaled.jpg?fit=750%2C500&ssl=1&resize=700%2C400 2x"},"classes":[]},{"id":4174,"url":"https:\/\/ismaelcolosi.com.br\/index.php\/2023\/11\/21\/jade-picon-fala-sobre-motivo-de-ter-se-mudado-para-mansao-em-tour-completo\/","url_meta":{"origin":9975,"position":1},"title":"Jade Picon fala sobre motivo de ter se mudado para mans\u00e3o em tour completo","author":"ismaelcolosi.com.br","date":"21 de November de 2023","format":false,"excerpt":"A t\u00e3o sonhada compra da casa nova \u00e9 motivo de comemora\u00e7\u00e3o para o mais novo propriet\u00e1rio. No mundo dos famosos, para celebrar o momento, eles mostram tudo no que os internautas conhecem como tour.A influenciadora, ex BBB e atriz Jade Picon foi a felizarda da compra da casa nova da\u2026","rel":"","context":"In &quot;Blog&quot;","block_context":{"text":"Blog","link":"https:\/\/ismaelcolosi.com.br\/index.php\/category\/blog\/"},"img":{"alt_text":"","src":"https:\/\/i0.wp.com\/ismaelcolosi.com.br\/wp-content\/uploads\/2023\/11\/postimg-655bec0b17a6d2262.jpg?fit=1200%2C628&ssl=1&resize=350%2C200","width":350,"height":200,"srcset":"https:\/\/i0.wp.com\/ismaelcolosi.com.br\/wp-content\/uploads\/2023\/11\/postimg-655bec0b17a6d2262.jpg?fit=1200%2C628&ssl=1&resize=350%2C200 1x, https:\/\/i0.wp.com\/ismaelcolosi.com.br\/wp-content\/uploads\/2023\/11\/postimg-655bec0b17a6d2262.jpg?fit=1200%2C628&ssl=1&resize=525%2C300 1.5x, https:\/\/i0.wp.com\/ismaelcolosi.com.br\/wp-content\/uploads\/2023\/11\/postimg-655bec0b17a6d2262.jpg?fit=1200%2C628&ssl=1&resize=700%2C400 2x, https:\/\/i0.wp.com\/ismaelcolosi.com.br\/wp-content\/uploads\/2023\/11\/postimg-655bec0b17a6d2262.jpg?fit=1200%2C628&ssl=1&resize=1050%2C600 3x"},"classes":[]},{"id":24506,"url":"https:\/\/ismaelcolosi.com.br\/index.php\/2024\/01\/04\/bar-publica-despedida-de-arena-e-encerra-as-operacoes-em-ribeirao-preto\/","url_meta":{"origin":9975,"position":2},"title":"Bar publica despedida e encerra as opera\u00e7\u00f5es em Ribeir\u00e3o Preto","author":"ismaelcolosi.com.br","date":"4 de January de 2024","format":false,"excerpt":"O bar Seo Tib\u00e9rio, localizado na Arena Nicnet Eurobike\/Est\u00e1dio Santa Cruz, em Ribeir\u00e3o Preto, publicou nas redes sociais uma despedida e informou que est\u00e1 encerrando as opera\u00e7\u00f5es. O bar pertence \u00e0 cervejaria Walf\u00e4nger. Na publica\u00e7\u00e3o, a administra\u00e7\u00e3o do Seo Tib\u00e9rio afirma que \u201cchegou a hora de se despedir\u201d porque \u201cuma\u2026","rel":"","context":"In &quot;Not\u00edcias de Ribeir\u00e3o Preto-SP e Regi\u00e3o&quot;","block_context":{"text":"Not\u00edcias de Ribeir\u00e3o Preto-SP e Regi\u00e3o","link":"https:\/\/ismaelcolosi.com.br\/index.php\/category\/noticias-de-ribeirao-preto-sp-e-regiao-ismael-colosi\/"},"img":{"alt_text":"","src":"https:\/\/i0.wp.com\/ismaelcolosi.com.br\/wp-content\/uploads\/2024\/01\/seo-tiberio-ribeirao-preto.jpg?fit=895%2C725&ssl=1&resize=350%2C200","width":350,"height":200,"srcset":"https:\/\/i0.wp.com\/ismaelcolosi.com.br\/wp-content\/uploads\/2024\/01\/seo-tiberio-ribeirao-preto.jpg?fit=895%2C725&ssl=1&resize=350%2C200 1x, https:\/\/i0.wp.com\/ismaelcolosi.com.br\/wp-content\/uploads\/2024\/01\/seo-tiberio-ribeirao-preto.jpg?fit=895%2C725&ssl=1&resize=525%2C300 1.5x, https:\/\/i0.wp.com\/ismaelcolosi.com.br\/wp-content\/uploads\/2024\/01\/seo-tiberio-ribeirao-preto.jpg?fit=895%2C725&ssl=1&resize=700%2C400 2x"},"classes":[]},{"id":9195,"url":"https:\/\/ismaelcolosi.com.br\/index.php\/2023\/12\/01\/sambistas-vao-ganhar-um-canal-especial-em-varias-plataformas-digitais\/","url_meta":{"origin":9975,"position":3},"title":"Sambistas v\u00e3o ganhar um canal especial em v\u00e1rias plataformas digitais","author":"ismaelcolosi.com.br","date":"1 de December de 2023","format":false,"excerpt":"1 de dezembro de 2023 | 17:0030 de novembro de 2023 | 19:22 0A R\u00e1dio Samba idealizada por Dudu Pagodinho e Maur\u00edcio Barzilai chega com a miss\u00e3o de ser o canal do sambista brasileiro e, por isso, todos os seus conte\u00fados\/programas s\u00e3o ligados ao ritmo mais popular e mais conhecido\u2026","rel":"","context":"In &quot;Not\u00edcias de Ribeir\u00e3o Preto-SP e Regi\u00e3o&quot;","block_context":{"text":"Not\u00edcias de Ribeir\u00e3o Preto-SP e Regi\u00e3o","link":"https:\/\/ismaelcolosi.com.br\/index.php\/category\/noticias-de-ribeirao-preto-sp-e-regiao-ismael-colosi\/"},"img":{"alt_text":"","src":"https:\/\/i0.wp.com\/ismaelcolosi.com.br\/wp-content\/uploads\/2023\/12\/samba.jpg?fit=658%2C616&ssl=1&resize=350%2C200","width":350,"height":200,"srcset":"https:\/\/i0.wp.com\/ismaelcolosi.com.br\/wp-content\/uploads\/2023\/12\/samba.jpg?fit=658%2C616&ssl=1&resize=350%2C200 1x, https:\/\/i0.wp.com\/ismaelcolosi.com.br\/wp-content\/uploads\/2023\/12\/samba.jpg?fit=658%2C616&ssl=1&resize=525%2C300 1.5x"},"classes":[]},{"id":65898,"url":"https:\/\/ismaelcolosi.com.br\/index.php\/2024\/09\/14\/cantor-sertanejo-daniel-se-apresenta-com-orquestra-em-ribeirao-preto-veja-quando\/","url_meta":{"origin":9975,"position":4},"title":"Cantor sertanejo Daniel se apresenta com orquestra em Ribeir\u00e3o Preto; Veja quando","author":"ismaelcolosi.com.br","date":"14 de September de 2024","format":false,"excerpt":"O cantor sertanejo Daniel far\u00e1 uma apresenta\u00e7\u00e3o com orquestra sinf\u00f4nica no Theatro Pedro II, em 13 de novembro, \u00e0s 20h. Os ingressos custam a partir de R$ 200 (inteira) e est\u00e3o \u00e0 venda pela internet (clique aqui). O show integra a 7\u00aa edi\u00e7\u00e3o Prudential Concerts, que une m\u00fasica cl\u00e1ssica com\u2026","rel":"","context":"In &quot;Not\u00edcias de Ribeir\u00e3o Preto-SP e Regi\u00e3o&quot;","block_context":{"text":"Not\u00edcias de Ribeir\u00e3o Preto-SP e Regi\u00e3o","link":"https:\/\/ismaelcolosi.com.br\/index.php\/category\/noticias-de-ribeirao-preto-sp-e-regiao-ismael-colosi\/"},"img":{"alt_text":"","src":"https:\/\/i0.wp.com\/ismaelcolosi.com.br\/wp-content\/uploads\/2024\/09\/design-sem-nome-30-750x432-1_2024-09-14_17-37-12_png_2024-09-14_17-37-12.webp.webp?fit=750%2C432&ssl=1&resize=350%2C200","width":350,"height":200,"srcset":"https:\/\/i0.wp.com\/ismaelcolosi.com.br\/wp-content\/uploads\/2024\/09\/design-sem-nome-30-750x432-1_2024-09-14_17-37-12_png_2024-09-14_17-37-12.webp.webp?fit=750%2C432&ssl=1&resize=350%2C200 1x, https:\/\/i0.wp.com\/ismaelcolosi.com.br\/wp-content\/uploads\/2024\/09\/design-sem-nome-30-750x432-1_2024-09-14_17-37-12_png_2024-09-14_17-37-12.webp.webp?fit=750%2C432&ssl=1&resize=525%2C300 1.5x, https:\/\/i0.wp.com\/ismaelcolosi.com.br\/wp-content\/uploads\/2024\/09\/design-sem-nome-30-750x432-1_2024-09-14_17-37-12_png_2024-09-14_17-37-12.webp.webp?fit=750%2C432&ssl=1&resize=700%2C400 2x"},"classes":[]},{"id":25911,"url":"https:\/\/ismaelcolosi.com.br\/index.php\/2024\/01\/08\/resumo-terca-feira-9-petra-viu-quem-tirou-a-vida-de-agatha-e-segredo-sombrio-vem-a-tona\/","url_meta":{"origin":9975,"position":5},"title":"Resumo ter\u00e7a-feira (9) \u2013 Petra viu quem tirou a vida de Agatha e segredo sombrio vem \u00e0 tona","author":"ismaelcolosi.com.br","date":"8 de January de 2024","format":false,"excerpt":"Os \u00faltimos cap\u00edtulos de Terra e Paix\u00e3o prometem trazer muitas emo\u00e7\u00f5es para os espectadores do folhetim que vai ao ar no hor\u00e1rio nobre da TV Globo.Marino vai fazer de tudo para conseguir provas contundentes para colocar o rei da soja de uma vez por todas na pris\u00e3o. Enquanto isso, o\u2026","rel":"","context":"In &quot;Blog&quot;","block_context":{"text":"Blog","link":"https:\/\/ismaelcolosi.com.br\/index.php\/category\/blog\/"},"img":{"alt_text":"","src":"https:\/\/i0.wp.com\/ismaelcolosi.com.br\/wp-content\/uploads\/2024\/01\/postimg-659c4672b4a5c6129.jpg?fit=1200%2C628&ssl=1&resize=350%2C200","width":350,"height":200,"srcset":"https:\/\/i0.wp.com\/ismaelcolosi.com.br\/wp-content\/uploads\/2024\/01\/postimg-659c4672b4a5c6129.jpg?fit=1200%2C628&ssl=1&resize=350%2C200 1x, https:\/\/i0.wp.com\/ismaelcolosi.com.br\/wp-content\/uploads\/2024\/01\/postimg-659c4672b4a5c6129.jpg?fit=1200%2C628&ssl=1&resize=525%2C300 1.5x, https:\/\/i0.wp.com\/ismaelcolosi.com.br\/wp-content\/uploads\/2024\/01\/postimg-659c4672b4a5c6129.jpg?fit=1200%2C628&ssl=1&resize=700%2C400 2x, https:\/\/i0.wp.com\/ismaelcolosi.com.br\/wp-content\/uploads\/2024\/01\/postimg-659c4672b4a5c6129.jpg?fit=1200%2C628&ssl=1&resize=1050%2C600 3x"},"classes":[]}],"jetpack_sharing_enabled":true,"jetpack_shortlink":"https:\/\/wp.me\/pfMlyK-2AT","_links":{"self":[{"href":"https:\/\/ismaelcolosi.com.br\/index.php\/wp-json\/wp\/v2\/posts\/9975","targetHints":{"allow":["GET"]}}],"collection":[{"href":"https:\/\/ismaelcolosi.com.br\/index.php\/wp-json\/wp\/v2\/posts"}],"about":[{"href":"https:\/\/ismaelcolosi.com.br\/index.php\/wp-json\/wp\/v2\/types\/post"}],"author":[{"embeddable":true,"href":"https:\/\/ismaelcolosi.com.br\/index.php\/wp-json\/wp\/v2\/users\/1"}],"replies":[{"embeddable":true,"href":"https:\/\/ismaelcolosi.com.br\/index.php\/wp-json\/wp\/v2\/comments?post=9975"}],"version-history":[{"count":0,"href":"https:\/\/ismaelcolosi.com.br\/index.php\/wp-json\/wp\/v2\/posts\/9975\/revisions"}],"wp:featuredmedia":[{"embeddable":true,"href":"https:\/\/ismaelcolosi.com.br\/index.php\/wp-json\/wp\/v2\/media\/9976"}],"wp:attachment":[{"href":"https:\/\/ismaelcolosi.com.br\/index.php\/wp-json\/wp\/v2\/media?parent=9975"}],"wp:term":[{"taxonomy":"category","embeddable":true,"href":"https:\/\/ismaelcolosi.com.br\/index.php\/wp-json\/wp\/v2\/categories?post=9975"},{"taxonomy":"post_tag","embeddable":true,"href":"https:\/\/ismaelcolosi.com.br\/index.php\/wp-json\/wp\/v2\/tags?post=9975"}],"curies":[{"name":"wp","href":"https:\/\/api.w.org\/{rel}","templated":true}]}}