{"id":9949,"date":"2023-12-03T10:41:54","date_gmt":"2023-12-03T13:41:54","guid":{"rendered":"https:\/\/ismaelcolosi.com.br\/index.php\/2023\/12\/03\/saques-esquecidos-no-pis-podem-ser-resgatados-ate-o-fim-do-ano\/"},"modified":"2023-12-03T10:41:54","modified_gmt":"2023-12-03T13:41:54","slug":"saques-esquecidos-no-pis-podem-ser-resgatados-ate-o-fim-do-ano","status":"publish","type":"post","link":"https:\/\/ismaelcolosi.com.br\/index.php\/2023\/12\/03\/saques-esquecidos-no-pis-podem-ser-resgatados-ate-o-fim-do-ano\/","title":{"rendered":"Saques esquecidos no PIS podem ser resgatados at\u00e9 o fim do ano"},"content":{"rendered":"<p> <br \/>\n<\/p>\n<div>\n<div id=\"attachment_2288939\" class=\"wp-caption alignnone\">\n<div class=\"d-flex justify-content-center\" data-attachment-id=\"2288939\">\n<div class=\"position-relative d-inline-block\"><img data-recalc-dims=\"1\" data-portal-copyright=\"Ag\u00eancia Brasil\/Marcello Casal Jr\" fetchpriority=\"high\" decoding=\"async\" class=\"size-full wp-image-2288939\" src=\"https:\/\/i0.wp.com\/catracalivre.com.br\/wp-content\/uploads\/2023\/08\/tem-direito-ao-pis-pasep-esquecido-e-nao-sacou-veja-o-que-fazer.jpg?resize=1170%2C700&#038;ssl=1\" alt=\"PIS\/Pasep: saiba todos os detalhes do pr\u00f3ximo ciclo de pagamento\" width=\"1170\" height=\"700\" srcset=\"https:\/\/catracalivre.com.br\/wp-content\/uploads\/2023\/08\/tem-direito-ao-pis-pasep-esquecido-e-nao-sacou-veja-o-que-fazer.jpg 1170w, https:\/\/catracalivre.com.br\/wp-content\/uploads\/2023\/08\/tem-direito-ao-pis-pasep-esquecido-e-nao-sacou-veja-o-que-fazer-450x269.jpg 450w, https:\/\/catracalivre.com.br\/wp-content\/uploads\/2023\/08\/tem-direito-ao-pis-pasep-esquecido-e-nao-sacou-veja-o-que-fazer-768x459.jpg 768w\" sizes=\"(max-width: 1170px) 100vw, 1170px\"\/><\/p>\n<p>Cr\u00e9ditos: Ag\u00eancia Brasil\/Marcello Casal Jr<\/p>\n<\/div>\n<\/div>\n<p><span class=\"post-imagem__legenda\">PIS\/Pasep: saiba todos os detalhes do pr\u00f3ximo ciclo de pagamento<\/span><\/p>\n<\/div>\n<p>O Programa de Integra\u00e7\u00e3o Social (PIS) \u00e9 uma importante iniciativa que beneficia trabalhadores formais no Brasil, proporcionando-lhes recursos financeiros essenciais.<\/p>\n<p>Entretanto, uma parcela significativa, aproximadamente 500 mil brasileiros, ainda n\u00e3o realizou o saque do PIS referente ao ano base de 2021, gerando preocupa\u00e7\u00e3o por parte do governo federal. Afinal, \u00e9 essencial que esses trabalhadores tenham acesso aos valores que lhes s\u00e3o de direito antes do t\u00e9rmino do ano.<\/p>\n<h2>Como acessar os valores pendentes<\/h2>\n<p>Os trabalhadores do setor privado que se encontram nesta situa\u00e7\u00e3o devem dirigir-se a uma ag\u00eancia da Caixa Econ\u00f4mica Federal, enquanto os servidores p\u00fablicos devem buscar atendimento no Banco do Brasil para efetuarem o saque do PASEP. O procedimento visa destravar os valores do PIS que est\u00e3o parados, possibilitando que os benefici\u00e1rios usufruam de recursos que lhes pertencem.<\/p>\n<h2>Quem tem Direito ao PIS e ao PASEP<\/h2>\n<p>O <a href=\"https:\/\/catracalivre.com.br\/cidadania\/pis-pasep-ano-base-2022-comeca-ser-pago-em-novembro-saiba-detalhes\/\">PIS\/PASEP<\/a> \u00e9 destinado aos brasileiros que trabalham formalmente, regidos pela Consolida\u00e7\u00e3o das Leis do Trabalho (<a href=\"https:\/\/catracalivre.com.br\/catraquinha\/nova-clt-regulariza-trabalho-de-gestantes-em-locais-insalubres\/\">CLT<\/a>) e com a carteira de trabalho assinada. Para ser eleg\u00edvel ao benef\u00edcio, \u00e9 necess\u00e1rio ter atuado formalmente por pelo menos cinco anos e receber at\u00e9 dois sal\u00e1rios m\u00ednimos mensais (R$2.640).<\/p>\n<p>\u00c9 imprescind\u00edvel que o cidad\u00e3o interessado tenha exercido sua profiss\u00e3o por, no m\u00ednimo, trinta dias no ano base. Aqueles que conseguiram manter sua atividade profissional durante todo o ano ser\u00e3o contemplados com um pagamento extra de R$ 1.320. Vale ressaltar que esse valor pode sofrer altera\u00e7\u00f5es em 2024, de acordo com as previs\u00f5es do governo.<\/p>\n<h2>Reajuste no valor do PIS\/PASEP para 2024<\/h2>\n<p>A expectativa \u00e9 que o valor do PIS\/PASEP seja reajustado em 2024, uma vez que o programa utiliza o sal\u00e1rio m\u00ednimo como base para o c\u00e1lculo do benef\u00edcio. Com a previs\u00e3o de um novo piso salarial de R$ 1.421, \u00e9 prov\u00e1vel que o PIS\/PASEP tamb\u00e9m sofra ajustes em seu valor. Para obter informa\u00e7\u00f5es detalhadas sobre essas poss\u00edveis mudan\u00e7as, acesse [aqui](link para mais informa\u00e7\u00f5es).<\/p>\n<\/div>\n<p><script>\n\t\t! function(f, b, e, v, n, t, s) {\n\t\t\tif (f.fbq) return;\n\t\t\tn = f.fbq = function() {\n\t\t\t\tn.callMethod ?\n\t\t\t\t\tn.callMethod.apply(n, arguments) : n.queue.push(arguments)\n\t\t\t};\n\t\t\tif (!f._fbq) f._fbq = n;\n\t\t\tn.push = n;\n\t\t\tn.loaded = !0;\n\t\t\tn.version = '2.0';\n\t\t\tn.queue = [];\n\t\t\tt = b.createElement(e);\n\t\t\tt.async = !0;\n\t\t\tt.src = v;\n\t\t\ts = b.getElementsByTagName(e)[0];\n\t\t\ts.parentNode.insertBefore(t, s)\n\t\t}(window, document, 'script',\n\t\t\t'https:\/\/connect.facebook.net\/en_US\/fbevents.js');\n\t\tfbq('init', '338315473262380');\n\t\tfbq('track', 'PageView');\n\t<\/script><br \/>\n<br \/><br \/>\n<br \/><a href=\"https:\/\/catracalivre.com.br\/cidadania\/saques-esquecidos-no-pis-podem-ser-resgatados-ate-o-fim-do-ano\/\">Source link <\/a><\/p>\n<div class='code-block code-block-4' style='margin: 8px auto 8px 0; text-align: left; display: block; clear: both;'>\n\ud83d\udce2 Aviso Legal\n\nO site ismaelcolosi.com.br atua apenas como um canal de divulga\u00e7\u00e3o de oportunidades de emprego e n\u00e3o se responsabiliza pelo processo seletivo, contrata\u00e7\u00e3o ou qualquer outra etapa relacionada \u00e0s vagas publicadas. Todas as informa\u00e7\u00f5es s\u00e3o de responsabilidade dos anunciantes.\n\n\u26a0\ufe0f Aten\u00e7\u00e3o! Nunca pague por promessas de emprego nem compre cursos que garantam contrata\u00e7\u00e3o. Desconfie de qualquer cobran\u00e7a para participar de sele\u00e7\u00f5es.\n\n\n\n<\/div>\n<!-- CONTENT END 1 -->\n","protected":false},"excerpt":{"rendered":"<p>Cr\u00e9ditos: Ag\u00eancia Brasil\/Marcello Casal Jr PIS\/Pasep: saiba todos os detalhes do pr\u00f3ximo ciclo de pagamento O Programa de Integra\u00e7\u00e3o Social (PIS) \u00e9 uma importante iniciativa&#8230;<\/p>\n","protected":false},"author":1,"featured_media":9950,"comment_status":"open","ping_status":"open","sticky":false,"template":"","format":"standard","meta":{"_uag_custom_page_level_css":"","advanced_seo_description":"","jetpack_seo_html_title":"","jetpack_seo_noindex":false,"jetpack_post_was_ever_published":false,"_jetpack_newsletter_access":"","_jetpack_dont_email_post_to_subs":false,"_jetpack_newsletter_tier_id":0,"_jetpack_memberships_contains_paywalled_content":false,"_jetpack_memberships_contains_paid_content":false,"footnotes":"","jetpack_publicize_message":"","jetpack_publicize_feature_enabled":true,"jetpack_social_post_already_shared":true,"jetpack_social_options":{"image_generator_settings":{"template":"highway","default_image_id":0,"font":"","enabled":false},"version":2}},"categories":[19],"tags":[],"class_list":["post-9949","post","type-post","status-publish","format-standard","has-post-thumbnail","hentry","category-variedades"],"jetpack_publicize_connections":[],"jetpack_featured_media_url":"https:\/\/i0.wp.com\/ismaelcolosi.com.br\/wp-content\/uploads\/2023\/12\/tesouro-perdido-pis-pasep-de-trabalhador-falecido-pode-ser-sua-sorte.jpg?fit=1200%2C638&ssl=1","uagb_featured_image_src":{"full":["https:\/\/i0.wp.com\/ismaelcolosi.com.br\/wp-content\/uploads\/2023\/12\/tesouro-perdido-pis-pasep-de-trabalhador-falecido-pode-ser-sua-sorte.jpg?fit=1200%2C638&ssl=1",1200,638,false],"thumbnail":["https:\/\/i0.wp.com\/ismaelcolosi.com.br\/wp-content\/uploads\/2023\/12\/tesouro-perdido-pis-pasep-de-trabalhador-falecido-pode-ser-sua-sorte.jpg?resize=150%2C150&ssl=1",150,150,true],"medium":["https:\/\/i0.wp.com\/ismaelcolosi.com.br\/wp-content\/uploads\/2023\/12\/tesouro-perdido-pis-pasep-de-trabalhador-falecido-pode-ser-sua-sorte.jpg?fit=300%2C160&ssl=1",300,160,true],"medium_large":["https:\/\/i0.wp.com\/ismaelcolosi.com.br\/wp-content\/uploads\/2023\/12\/tesouro-perdido-pis-pasep-de-trabalhador-falecido-pode-ser-sua-sorte.jpg?fit=768%2C408&ssl=1",768,408,true],"large":["https:\/\/i0.wp.com\/ismaelcolosi.com.br\/wp-content\/uploads\/2023\/12\/tesouro-perdido-pis-pasep-de-trabalhador-falecido-pode-ser-sua-sorte.jpg?fit=1024%2C544&ssl=1",1024,544,true],"1536x1536":["https:\/\/i0.wp.com\/ismaelcolosi.com.br\/wp-content\/uploads\/2023\/12\/tesouro-perdido-pis-pasep-de-trabalhador-falecido-pode-ser-sua-sorte.jpg?fit=1200%2C638&ssl=1",1200,638,true],"2048x2048":["https:\/\/i0.wp.com\/ismaelcolosi.com.br\/wp-content\/uploads\/2023\/12\/tesouro-perdido-pis-pasep-de-trabalhador-falecido-pode-ser-sua-sorte.jpg?fit=1200%2C638&ssl=1",1200,638,true],"really-simple-thumb":["https:\/\/i0.wp.com\/ismaelcolosi.com.br\/wp-content\/uploads\/2023\/12\/tesouro-perdido-pis-pasep-de-trabalhador-falecido-pode-ser-sua-sorte.jpg?resize=370%2C247&ssl=1",370,247,true]},"uagb_author_info":{"display_name":"ismaelcolosi.com.br","author_link":"https:\/\/ismaelcolosi.com.br\/index.php\/author\/vidareal-online\/"},"uagb_comment_info":0,"uagb_excerpt":"Cr\u00e9ditos: Ag\u00eancia Brasil\/Marcello Casal Jr PIS\/Pasep: saiba todos os detalhes do pr\u00f3ximo ciclo de pagamento O Programa de Integra\u00e7\u00e3o Social (PIS) \u00e9 uma importante iniciativa...","jetpack-related-posts":[{"id":10824,"url":"https:\/\/ismaelcolosi.com.br\/index.php\/2023\/12\/05\/saiba-como-garantir-ate-r1-320\/","url_meta":{"origin":9949,"position":0},"title":"Saiba como garantir at\u00e9 R$1.320","author":"ismaelcolosi.com.br","date":"5 de December de 2023","format":false,"excerpt":"Quem tem o direito de sacar o PIS\/Pasep 2023, referente ao ano-base 2021, precisa estar ciente de que o prazo para retirar esse dinheiro, que pode chegar a um sal\u00e1rio m\u00ednimo, termina no pr\u00f3ximo m\u00eas de dezembro. Cr\u00e9ditos: Ag\u00eancia Brasil\/Marcello Casal JrPrazo final para sacar PIS\/Pasep 2023: Saiba como garantir\u2026","rel":"","context":"In &quot;Variedades&quot;","block_context":{"text":"Variedades","link":"https:\/\/ismaelcolosi.com.br\/index.php\/category\/variedades\/"},"img":{"alt_text":"","src":"https:\/\/i0.wp.com\/ismaelcolosi.com.br\/wp-content\/uploads\/2023\/12\/pis-pasep-confira-a-lista-completa-de-quem-pode-receber-este-mes-1.jpg?fit=1200%2C638&ssl=1&resize=350%2C200","width":350,"height":200,"srcset":"https:\/\/i0.wp.com\/ismaelcolosi.com.br\/wp-content\/uploads\/2023\/12\/pis-pasep-confira-a-lista-completa-de-quem-pode-receber-este-mes-1.jpg?fit=1200%2C638&ssl=1&resize=350%2C200 1x, https:\/\/i0.wp.com\/ismaelcolosi.com.br\/wp-content\/uploads\/2023\/12\/pis-pasep-confira-a-lista-completa-de-quem-pode-receber-este-mes-1.jpg?fit=1200%2C638&ssl=1&resize=525%2C300 1.5x, https:\/\/i0.wp.com\/ismaelcolosi.com.br\/wp-content\/uploads\/2023\/12\/pis-pasep-confira-a-lista-completa-de-quem-pode-receber-este-mes-1.jpg?fit=1200%2C638&ssl=1&resize=700%2C400 2x, https:\/\/i0.wp.com\/ismaelcolosi.com.br\/wp-content\/uploads\/2023\/12\/pis-pasep-confira-a-lista-completa-de-quem-pode-receber-este-mes-1.jpg?fit=1200%2C638&ssl=1&resize=1050%2C600 3x"},"classes":[]},{"id":18640,"url":"https:\/\/ismaelcolosi.com.br\/index.php\/2023\/12\/20\/ainda-ha-beneficio-pis-pasep-esperando-ser-sacado-veja-se-voce-recebe\/","url_meta":{"origin":9949,"position":1},"title":"Ainda h\u00e1 benef\u00edcio PIS\/Pasep esperando ser sacado; veja se voc\u00ea recebe","author":"ismaelcolosi.com.br","date":"20 de December de 2023","format":false,"excerpt":"Quem tem o direito de sacar o PIS\/Pasep 2023, referente ao ano-base 2021, precisa estar ciente de que o prazo para retirar esse dinheiro, que pode chegar a um sal\u00e1rio m\u00ednimo, termina no pr\u00f3ximo m\u00eas de dezembro. Cr\u00e9ditos: Ag\u00eancia Brasil\/Marcello Casal JrAinda h\u00e1 benef\u00edcio PIS\/Pasep esperando ser sacado; veja se\u2026","rel":"","context":"In &quot;Variedades&quot;","block_context":{"text":"Variedades","link":"https:\/\/ismaelcolosi.com.br\/index.php\/category\/variedades\/"},"img":{"alt_text":"","src":"https:\/\/i0.wp.com\/ismaelcolosi.com.br\/wp-content\/uploads\/2023\/12\/veja-quem-tem-direito-ao-pis-pasep-em-julho-e-quando-recebe.jpg?fit=1200%2C638&ssl=1&resize=350%2C200","width":350,"height":200,"srcset":"https:\/\/i0.wp.com\/ismaelcolosi.com.br\/wp-content\/uploads\/2023\/12\/veja-quem-tem-direito-ao-pis-pasep-em-julho-e-quando-recebe.jpg?fit=1200%2C638&ssl=1&resize=350%2C200 1x, https:\/\/i0.wp.com\/ismaelcolosi.com.br\/wp-content\/uploads\/2023\/12\/veja-quem-tem-direito-ao-pis-pasep-em-julho-e-quando-recebe.jpg?fit=1200%2C638&ssl=1&resize=525%2C300 1.5x, https:\/\/i0.wp.com\/ismaelcolosi.com.br\/wp-content\/uploads\/2023\/12\/veja-quem-tem-direito-ao-pis-pasep-em-julho-e-quando-recebe.jpg?fit=1200%2C638&ssl=1&resize=700%2C400 2x, https:\/\/i0.wp.com\/ismaelcolosi.com.br\/wp-content\/uploads\/2023\/12\/veja-quem-tem-direito-ao-pis-pasep-em-julho-e-quando-recebe.jpg?fit=1200%2C638&ssl=1&resize=1050%2C600 3x"},"classes":[]},{"id":21603,"url":"https:\/\/ismaelcolosi.com.br\/index.php\/2023\/12\/28\/prazo-para-sacar-pis-pasep-2023-termina-amanha-veja-como-receber\/","url_meta":{"origin":9949,"position":2},"title":"Prazo para sacar PIS\/Pasep 2023 termina amanh\u00e3; veja como receber","author":"ismaelcolosi.com.br","date":"28 de December de 2023","format":false,"excerpt":"Quem tem o direito de sacar o PIS\/Pasep 2023, referente ao ano-base 2021, precisa estar ciente de que o prazo para retirar esse dinheiro, que pode chegar a um sal\u00e1rio m\u00ednimo, termina no pr\u00f3ximo m\u00eas de dezembro. Cr\u00e9ditos: Agencia Brasil\/Marcello Casal jrPrazo para sacar PIS\/Pasep 2023 termina amanh\u00e3; veja como\u2026","rel":"","context":"In &quot;Variedades&quot;","block_context":{"text":"Variedades","link":"https:\/\/ismaelcolosi.com.br\/index.php\/category\/variedades\/"},"img":{"alt_text":"","src":"https:\/\/i0.wp.com\/ismaelcolosi.com.br\/wp-content\/uploads\/2023\/12\/1703752904_pis-pasep-liberado-veja-quanto-e-quando-voce-vai-receber.jpg?fit=1200%2C638&ssl=1&resize=350%2C200","width":350,"height":200,"srcset":"https:\/\/i0.wp.com\/ismaelcolosi.com.br\/wp-content\/uploads\/2023\/12\/1703752904_pis-pasep-liberado-veja-quanto-e-quando-voce-vai-receber.jpg?fit=1200%2C638&ssl=1&resize=350%2C200 1x, https:\/\/i0.wp.com\/ismaelcolosi.com.br\/wp-content\/uploads\/2023\/12\/1703752904_pis-pasep-liberado-veja-quanto-e-quando-voce-vai-receber.jpg?fit=1200%2C638&ssl=1&resize=525%2C300 1.5x, https:\/\/i0.wp.com\/ismaelcolosi.com.br\/wp-content\/uploads\/2023\/12\/1703752904_pis-pasep-liberado-veja-quanto-e-quando-voce-vai-receber.jpg?fit=1200%2C638&ssl=1&resize=700%2C400 2x, https:\/\/i0.wp.com\/ismaelcolosi.com.br\/wp-content\/uploads\/2023\/12\/1703752904_pis-pasep-liberado-veja-quanto-e-quando-voce-vai-receber.jpg?fit=1200%2C638&ssl=1&resize=1050%2C600 3x"},"classes":[]},{"id":15241,"url":"https:\/\/ismaelcolosi.com.br\/index.php\/2023\/12\/13\/ultima-chamada-para-sacar-pis-pasep-ainda-em-2023\/","url_meta":{"origin":9949,"position":3},"title":"\u00daLTIMA CHAMADA para sacar PIS\/Pasep ainda em 2023","author":"ismaelcolosi.com.br","date":"13 de December de 2023","format":false,"excerpt":"Quem tem o direito de sacar o PIS\/Pasep 2023, referente ao ano-base 2021, precisa estar ciente de que o prazo para retirar esse dinheiro, que pode chegar a um sal\u00e1rio m\u00ednimo, termina no pr\u00f3ximo m\u00eas de dezembro. Cr\u00e9ditos: Ag\u00eancia Brasil\/Marcello Casal Jr\u00daLTIMA CHAMADA para sacar PIS\/Pasep ainda em 2023 Mais\u2026","rel":"","context":"In &quot;Variedades&quot;","block_context":{"text":"Variedades","link":"https:\/\/ismaelcolosi.com.br\/index.php\/category\/variedades\/"},"img":{"alt_text":"","src":"https:\/\/i0.wp.com\/ismaelcolosi.com.br\/wp-content\/uploads\/2023\/12\/1702477640_novo-saque-do-pis-pasep-sera-liberado-semana-que-vem.png?fit=1200%2C638&ssl=1&resize=350%2C200","width":350,"height":200,"srcset":"https:\/\/i0.wp.com\/ismaelcolosi.com.br\/wp-content\/uploads\/2023\/12\/1702477640_novo-saque-do-pis-pasep-sera-liberado-semana-que-vem.png?fit=1200%2C638&ssl=1&resize=350%2C200 1x, https:\/\/i0.wp.com\/ismaelcolosi.com.br\/wp-content\/uploads\/2023\/12\/1702477640_novo-saque-do-pis-pasep-sera-liberado-semana-que-vem.png?fit=1200%2C638&ssl=1&resize=525%2C300 1.5x, https:\/\/i0.wp.com\/ismaelcolosi.com.br\/wp-content\/uploads\/2023\/12\/1702477640_novo-saque-do-pis-pasep-sera-liberado-semana-que-vem.png?fit=1200%2C638&ssl=1&resize=700%2C400 2x, https:\/\/i0.wp.com\/ismaelcolosi.com.br\/wp-content\/uploads\/2023\/12\/1702477640_novo-saque-do-pis-pasep-sera-liberado-semana-que-vem.png?fit=1200%2C638&ssl=1&resize=1050%2C600 3x"},"classes":[]},{"id":19317,"url":"https:\/\/ismaelcolosi.com.br\/index.php\/2023\/12\/22\/saque-do-beneficio-pago-em-2023-acaba-na-proxima-semana\/","url_meta":{"origin":9949,"position":4},"title":"saque do benef\u00edcio pago em 2023 acaba na pr\u00f3xima semana","author":"ismaelcolosi.com.br","date":"22 de December de 2023","format":false,"excerpt":"Quem tem o direito de sacar o PIS\/Pasep 2023, referente ao ano-base 2021, precisa estar ciente de que o prazo para retirar esse dinheiro, que pode chegar a um sal\u00e1rio m\u00ednimo, termina no pr\u00f3ximo m\u00eas de dezembro. Cr\u00e9ditos: Ag\u00eancia Brasil\/Marcello Casal JrPIS\/Pasep: saque do benef\u00edcio pago em 2023 acaba na\u2026","rel":"","context":"In &quot;Variedades&quot;","block_context":{"text":"Variedades","link":"https:\/\/ismaelcolosi.com.br\/index.php\/category\/variedades\/"},"img":{"alt_text":"","src":"https:\/\/i0.wp.com\/ismaelcolosi.com.br\/wp-content\/uploads\/2023\/12\/novo-lote-do-pis-pasep-sera-liberado-em-abril-com-calendario-diferente.jpg?fit=1200%2C638&ssl=1&resize=350%2C200","width":350,"height":200,"srcset":"https:\/\/i0.wp.com\/ismaelcolosi.com.br\/wp-content\/uploads\/2023\/12\/novo-lote-do-pis-pasep-sera-liberado-em-abril-com-calendario-diferente.jpg?fit=1200%2C638&ssl=1&resize=350%2C200 1x, https:\/\/i0.wp.com\/ismaelcolosi.com.br\/wp-content\/uploads\/2023\/12\/novo-lote-do-pis-pasep-sera-liberado-em-abril-com-calendario-diferente.jpg?fit=1200%2C638&ssl=1&resize=525%2C300 1.5x, https:\/\/i0.wp.com\/ismaelcolosi.com.br\/wp-content\/uploads\/2023\/12\/novo-lote-do-pis-pasep-sera-liberado-em-abril-com-calendario-diferente.jpg?fit=1200%2C638&ssl=1&resize=700%2C400 2x, https:\/\/i0.wp.com\/ismaelcolosi.com.br\/wp-content\/uploads\/2023\/12\/novo-lote-do-pis-pasep-sera-liberado-em-abril-com-calendario-diferente.jpg?fit=1200%2C638&ssl=1&resize=1050%2C600 3x"},"classes":[]},{"id":18273,"url":"https:\/\/ismaelcolosi.com.br\/index.php\/2023\/12\/20\/voce-tem-menos-de-10-dias-para-sacar-ate-r-1-32000-veja-como\/","url_meta":{"origin":9949,"position":5},"title":"Voc\u00ea tem menos de 10 dias para sacar at\u00e9 R$ 1.320,00; veja como","author":"ismaelcolosi.com.br","date":"20 de December de 2023","format":false,"excerpt":"Quem tem o direito de sacar o PIS\/Pasep 2023, referente ao ano-base 2021, precisa estar ciente de que o prazo para retirar esse dinheiro, que pode chegar a um sal\u00e1rio m\u00ednimo, termina no pr\u00f3ximo m\u00eas de dezembro. Cr\u00e9ditos: Ag\u00eancia Brasil\/Marcello Casal JrPIS\/Pasep: Voc\u00ea tem menos de 10 dias para sacar\u2026","rel":"","context":"In &quot;Variedades&quot;","block_context":{"text":"Variedades","link":"https:\/\/ismaelcolosi.com.br\/index.php\/category\/variedades\/"},"img":{"alt_text":"","src":"https:\/\/i0.wp.com\/ismaelcolosi.com.br\/wp-content\/uploads\/2023\/12\/1703059517_tesouro-perdido-pis-pasep-de-trabalhador-falecido-pode-ser-sua-sorte.jpg?fit=1200%2C638&ssl=1&resize=350%2C200","width":350,"height":200,"srcset":"https:\/\/i0.wp.com\/ismaelcolosi.com.br\/wp-content\/uploads\/2023\/12\/1703059517_tesouro-perdido-pis-pasep-de-trabalhador-falecido-pode-ser-sua-sorte.jpg?fit=1200%2C638&ssl=1&resize=350%2C200 1x, https:\/\/i0.wp.com\/ismaelcolosi.com.br\/wp-content\/uploads\/2023\/12\/1703059517_tesouro-perdido-pis-pasep-de-trabalhador-falecido-pode-ser-sua-sorte.jpg?fit=1200%2C638&ssl=1&resize=525%2C300 1.5x, https:\/\/i0.wp.com\/ismaelcolosi.com.br\/wp-content\/uploads\/2023\/12\/1703059517_tesouro-perdido-pis-pasep-de-trabalhador-falecido-pode-ser-sua-sorte.jpg?fit=1200%2C638&ssl=1&resize=700%2C400 2x, https:\/\/i0.wp.com\/ismaelcolosi.com.br\/wp-content\/uploads\/2023\/12\/1703059517_tesouro-perdido-pis-pasep-de-trabalhador-falecido-pode-ser-sua-sorte.jpg?fit=1200%2C638&ssl=1&resize=1050%2C600 3x"},"classes":[]}],"jetpack_sharing_enabled":true,"jetpack_shortlink":"https:\/\/wp.me\/pfMlyK-2At","_links":{"self":[{"href":"https:\/\/ismaelcolosi.com.br\/index.php\/wp-json\/wp\/v2\/posts\/9949","targetHints":{"allow":["GET"]}}],"collection":[{"href":"https:\/\/ismaelcolosi.com.br\/index.php\/wp-json\/wp\/v2\/posts"}],"about":[{"href":"https:\/\/ismaelcolosi.com.br\/index.php\/wp-json\/wp\/v2\/types\/post"}],"author":[{"embeddable":true,"href":"https:\/\/ismaelcolosi.com.br\/index.php\/wp-json\/wp\/v2\/users\/1"}],"replies":[{"embeddable":true,"href":"https:\/\/ismaelcolosi.com.br\/index.php\/wp-json\/wp\/v2\/comments?post=9949"}],"version-history":[{"count":0,"href":"https:\/\/ismaelcolosi.com.br\/index.php\/wp-json\/wp\/v2\/posts\/9949\/revisions"}],"wp:featuredmedia":[{"embeddable":true,"href":"https:\/\/ismaelcolosi.com.br\/index.php\/wp-json\/wp\/v2\/media\/9950"}],"wp:attachment":[{"href":"https:\/\/ismaelcolosi.com.br\/index.php\/wp-json\/wp\/v2\/media?parent=9949"}],"wp:term":[{"taxonomy":"category","embeddable":true,"href":"https:\/\/ismaelcolosi.com.br\/index.php\/wp-json\/wp\/v2\/categories?post=9949"},{"taxonomy":"post_tag","embeddable":true,"href":"https:\/\/ismaelcolosi.com.br\/index.php\/wp-json\/wp\/v2\/tags?post=9949"}],"curies":[{"name":"wp","href":"https:\/\/api.w.org\/{rel}","templated":true}]}}