{"id":9725,"date":"2023-12-02T18:45:40","date_gmt":"2023-12-02T21:45:40","guid":{"rendered":"https:\/\/ismaelcolosi.com.br\/index.php\/2023\/12\/02\/governo-anuncia-auxilio-jovem-que-pode-chegar-a-ate-r-1-200\/"},"modified":"2023-12-02T18:45:40","modified_gmt":"2023-12-02T21:45:40","slug":"governo-anuncia-auxilio-jovem-que-pode-chegar-a-ate-r-1-200","status":"publish","type":"post","link":"https:\/\/ismaelcolosi.com.br\/index.php\/2023\/12\/02\/governo-anuncia-auxilio-jovem-que-pode-chegar-a-ate-r-1-200\/","title":{"rendered":"Governo anuncia Aux\u00edlio-Jovem, que pode chegar a at\u00e9 R$ 1.200"},"content":{"rendered":"<p> <br \/>\n<\/p>\n<div>\n<div id=\"attachment_2304258\" class=\"wp-caption alignnone\">\n<div class=\"d-flex justify-content-center\" data-attachment-id=\"2304258\">\n<div class=\"position-relative d-inline-block\"><img data-recalc-dims=\"1\" data-portal-copyright=\"Istock\" fetchpriority=\"high\" decoding=\"async\" class=\"size-full wp-image-2304258\" src=\"https:\/\/i0.wp.com\/catracalivre.com.br\/wp-content\/uploads\/2023\/10\/istock-495391766.jpg?resize=1254%2C836&#038;ssl=1\" alt=\"Governo traz novidades para os jovens\" width=\"1254\" height=\"836\" srcset=\"https:\/\/catracalivre.com.br\/wp-content\/uploads\/2023\/10\/istock-495391766.jpg 1254w, https:\/\/catracalivre.com.br\/wp-content\/uploads\/2023\/10\/istock-495391766-450x300.jpg 450w, https:\/\/catracalivre.com.br\/wp-content\/uploads\/2023\/10\/istock-495391766-768x512.jpg 768w\" sizes=\"(max-width: 1254px) 100vw, 1254px\"\/><\/p>\n<p>Cr\u00e9ditos: Istock<\/p>\n<\/div>\n<\/div>\n<p><span class=\"post-imagem__legenda\">Governo traz novidades para os jovens<\/span><\/p>\n<\/div>\n<p>O <a href=\"https:\/\/catracalivre.com.br\/criatividade\/portal-reune-servicos-oferecidos-pelo-governo-federal\/\">governo federal<\/a> continua a investir em programas sociais para garantir a seguran\u00e7a financeira e o bem-estar da popula\u00e7\u00e3o brasileira. Um desses programas not\u00e1veis \u00e9 o Aux\u00edlio Jovem, uma iniciativa crucial para apoiar os jovens do pa\u00eds que enfrentam desafios econ\u00f4micos. O benef\u00edcio, que pode chegar a R$ 1.200, representa uma oportunidade significativa para aqueles que buscam seguran\u00e7a alimentar, habitacional ou educacional.<\/p>\n<h2>Quem pode solicitar o aux\u00edlio jovem<\/h2>\n<p>Para acessar o Aux\u00edlio Jovem, \u00e9 necess\u00e1rio que o cidad\u00e3o e seu respons\u00e1vel estejam devidamente registrados no Cadastro \u00danico (<a href=\"https:\/\/catracalivre.com.br\/cidadania\/como-fazer-para-entrar-no-cadastro-unico\/\">Cad\u00danico<\/a>). Essa base de dados \u00e9 utilizada pelo governo para acompanhar e identificar pessoas em situa\u00e7\u00e3o de vulnerabilidade econ\u00f4mica e social.<\/p>\n<h2>Outros programas sociais<\/h2>\n<p>Al\u00e9m do Aux\u00edlio Jovem, o governo tem adotado medidas para ampliar o poder de compra da popula\u00e7\u00e3o. A partir de janeiro de 2024, est\u00e1 previsto um novo piso do sal\u00e1rio m\u00ednimo, que ser\u00e1 de R$ 1.421 mensais, representando um aumento de R$ 101 em rela\u00e7\u00e3o ao valor atual.<\/p>\n<p>Outro programa crucial que passou por reajustes \u00e9 o Bolsa Fam\u00edlia, um dos maiores programas de transfer\u00eancia de renda do pa\u00eds. Para se beneficiar do Bolsa Fam\u00edlia, assim como no caso do Aux\u00edlio Jovem, \u00e9 necess\u00e1rio que o cidad\u00e3o e seu respons\u00e1vel estejam cadastrados no Cadastro \u00danico. O programa oferece um pagamento base de R$ 600 aos benefici\u00e1rios, com pagamentos extras para fam\u00edlias que tenham crian\u00e7as de 0 a 6 anos, entre 7 e 18 anos incompletos, e mulheres gr\u00e1vidas.<\/p>\n<h2>Procedimento para solicitar o aux\u00edlio jovem<\/h2>\n<p>O processo para solicitar o Aux\u00edlio Jovem \u00e9 direto, mas requer aten\u00e7\u00e3o aos detalhes. A pessoa interessada deve garantir que esteja registrada no Cadastro \u00danico, proporcionando uma vis\u00e3o abrangente da situa\u00e7\u00e3o socioecon\u00f4mica. O registro, tanto do jovem quanto do respons\u00e1vel, \u00e9 crucial para a an\u00e1lise do pedido.<\/p>\n<p>Reajustes nos Programas Sociais: Os recentes reajustes nos programas sociais representam um esfor\u00e7o significativo do governo para proporcionar condi\u00e7\u00f5es de vida mais dignas para os brasileiros. O aumento no sal\u00e1rio m\u00ednimo e nos benef\u00edcios do Bolsa Fam\u00edlia reflete o comprometimento em enfrentar os desafios econ\u00f4micos e melhorar a qualidade de vida da popula\u00e7\u00e3o.<\/p>\n<\/div>\n<p><script>\n\t\t! function(f, b, e, v, n, t, s) {\n\t\t\tif (f.fbq) return;\n\t\t\tn = f.fbq = function() {\n\t\t\t\tn.callMethod ?\n\t\t\t\t\tn.callMethod.apply(n, arguments) : n.queue.push(arguments)\n\t\t\t};\n\t\t\tif (!f._fbq) f._fbq = n;\n\t\t\tn.push = n;\n\t\t\tn.loaded = !0;\n\t\t\tn.version = '2.0';\n\t\t\tn.queue = [];\n\t\t\tt = b.createElement(e);\n\t\t\tt.async = !0;\n\t\t\tt.src = v;\n\t\t\ts = b.getElementsByTagName(e)[0];\n\t\t\ts.parentNode.insertBefore(t, s)\n\t\t}(window, document, 'script',\n\t\t\t'https:\/\/connect.facebook.net\/en_US\/fbevents.js');\n\t\tfbq('init', '338315473262380');\n\t\tfbq('track', 'PageView');\n\t<\/script><br \/>\n<br \/><br \/>\n<br \/><a href=\"https:\/\/catracalivre.com.br\/cidadania\/governo-anuncia-auxilio-jovem-que-pode-chegar-a-ate-r-1-200\/\">Source link <\/a><\/p>\n<div class='code-block code-block-4' style='margin: 8px auto 8px 0; text-align: left; display: block; clear: both;'>\n\ud83d\udce2 Aviso Legal\n\nO site ismaelcolosi.com.br atua apenas como um canal de divulga\u00e7\u00e3o de oportunidades de emprego e n\u00e3o se responsabiliza pelo processo seletivo, contrata\u00e7\u00e3o ou qualquer outra etapa relacionada \u00e0s vagas publicadas. Todas as informa\u00e7\u00f5es s\u00e3o de responsabilidade dos anunciantes.\n\n\u26a0\ufe0f Aten\u00e7\u00e3o! Nunca pague por promessas de emprego nem compre cursos que garantam contrata\u00e7\u00e3o. Desconfie de qualquer cobran\u00e7a para participar de sele\u00e7\u00f5es.\n\n\n\n<\/div>\n<!-- CONTENT END 1 -->\n","protected":false},"excerpt":{"rendered":"<p>Cr\u00e9ditos: Istock Governo traz novidades para os jovens O governo federal continua a investir em programas sociais para garantir a seguran\u00e7a financeira e o bem-estar&#8230;<\/p>\n","protected":false},"author":1,"featured_media":9726,"comment_status":"open","ping_status":"open","sticky":false,"template":"","format":"standard","meta":{"_uag_custom_page_level_css":"","advanced_seo_description":"","jetpack_seo_html_title":"","jetpack_seo_noindex":false,"jetpack_post_was_ever_published":false,"_jetpack_newsletter_access":"","_jetpack_dont_email_post_to_subs":false,"_jetpack_newsletter_tier_id":0,"_jetpack_memberships_contains_paywalled_content":false,"_jetpack_memberships_contains_paid_content":false,"footnotes":"","jetpack_publicize_message":"","jetpack_publicize_feature_enabled":true,"jetpack_social_post_already_shared":true,"jetpack_social_options":{"image_generator_settings":{"template":"highway","default_image_id":0,"font":"","enabled":false},"version":2}},"categories":[19],"tags":[],"class_list":["post-9725","post","type-post","status-publish","format-standard","has-post-thumbnail","hentry","category-variedades"],"jetpack_publicize_connections":[],"jetpack_featured_media_url":"https:\/\/i0.wp.com\/ismaelcolosi.com.br\/wp-content\/uploads\/2023\/12\/pexels-monstera-production-6237967.jpg?fit=1200%2C638&ssl=1","uagb_featured_image_src":{"full":["https:\/\/i0.wp.com\/ismaelcolosi.com.br\/wp-content\/uploads\/2023\/12\/pexels-monstera-production-6237967.jpg?fit=1200%2C638&ssl=1",1200,638,false],"thumbnail":["https:\/\/i0.wp.com\/ismaelcolosi.com.br\/wp-content\/uploads\/2023\/12\/pexels-monstera-production-6237967.jpg?resize=150%2C150&ssl=1",150,150,true],"medium":["https:\/\/i0.wp.com\/ismaelcolosi.com.br\/wp-content\/uploads\/2023\/12\/pexels-monstera-production-6237967.jpg?fit=300%2C160&ssl=1",300,160,true],"medium_large":["https:\/\/i0.wp.com\/ismaelcolosi.com.br\/wp-content\/uploads\/2023\/12\/pexels-monstera-production-6237967.jpg?fit=768%2C408&ssl=1",768,408,true],"large":["https:\/\/i0.wp.com\/ismaelcolosi.com.br\/wp-content\/uploads\/2023\/12\/pexels-monstera-production-6237967.jpg?fit=1024%2C544&ssl=1",1024,544,true],"1536x1536":["https:\/\/i0.wp.com\/ismaelcolosi.com.br\/wp-content\/uploads\/2023\/12\/pexels-monstera-production-6237967.jpg?fit=1200%2C638&ssl=1",1200,638,true],"2048x2048":["https:\/\/i0.wp.com\/ismaelcolosi.com.br\/wp-content\/uploads\/2023\/12\/pexels-monstera-production-6237967.jpg?fit=1200%2C638&ssl=1",1200,638,true],"really-simple-thumb":["https:\/\/i0.wp.com\/ismaelcolosi.com.br\/wp-content\/uploads\/2023\/12\/pexels-monstera-production-6237967.jpg?resize=370%2C247&ssl=1",370,247,true]},"uagb_author_info":{"display_name":"ismaelcolosi.com.br","author_link":"https:\/\/ismaelcolosi.com.br\/index.php\/author\/vidareal-online\/"},"uagb_comment_info":0,"uagb_excerpt":"Cr\u00e9ditos: Istock Governo traz novidades para os jovens O governo federal continua a investir em programas sociais para garantir a seguran\u00e7a financeira e o bem-estar...","jetpack-related-posts":[{"id":71660,"url":"https:\/\/ismaelcolosi.com.br\/index.php\/2024\/10\/17\/professor-emerson-quer-governo-mais-comprometido-no-2o-mandato-em-jaboticabal\/","url_meta":{"origin":9725,"position":0},"title":"Professor Emerson quer governo \u2018mais comprometido\u2019 no 2\u00ba mandato em Jaboticabal","author":"ismaelcolosi.com.br","date":"17 de October de 2024","format":false,"excerpt":"O prefeito reeleito de Jaboticabal, Professor Emerson (MDB), disse nesta quinta-feira (17), em entrevista ao acidade on, querer um governo \u201cmais comprometido\u201d neste seu segundo mandato, especialmente com a sa\u00fade e a gera\u00e7\u00e3o de empregos. Assista ao v\u00eddeo abaixo. \u201cUm governo mais comprometido, que envolve mais as a\u00e7\u00f5es com cuidados\u2026","rel":"","context":"In &quot;Not\u00edcias de Ribeir\u00e3o Preto-SP e Regi\u00e3o&quot;","block_context":{"text":"Not\u00edcias de Ribeir\u00e3o Preto-SP e Regi\u00e3o","link":"https:\/\/ismaelcolosi.com.br\/index.php\/category\/noticias-de-ribeirao-preto-sp-e-regiao-ismael-colosi\/"},"img":{"alt_text":"","src":"https:\/\/i0.wp.com\/ismaelcolosi.com.br\/wp-content\/uploads\/2024\/10\/PROFESSOR-EMERSON_2024-10-17_15-40-36_jpg_2024-10-17_15-40-36.webp.webp?fit=1200%2C816&ssl=1&resize=350%2C200","width":350,"height":200,"srcset":"https:\/\/i0.wp.com\/ismaelcolosi.com.br\/wp-content\/uploads\/2024\/10\/PROFESSOR-EMERSON_2024-10-17_15-40-36_jpg_2024-10-17_15-40-36.webp.webp?fit=1200%2C816&ssl=1&resize=350%2C200 1x, https:\/\/i0.wp.com\/ismaelcolosi.com.br\/wp-content\/uploads\/2024\/10\/PROFESSOR-EMERSON_2024-10-17_15-40-36_jpg_2024-10-17_15-40-36.webp.webp?fit=1200%2C816&ssl=1&resize=525%2C300 1.5x, https:\/\/i0.wp.com\/ismaelcolosi.com.br\/wp-content\/uploads\/2024\/10\/PROFESSOR-EMERSON_2024-10-17_15-40-36_jpg_2024-10-17_15-40-36.webp.webp?fit=1200%2C816&ssl=1&resize=700%2C400 2x, https:\/\/i0.wp.com\/ismaelcolosi.com.br\/wp-content\/uploads\/2024\/10\/PROFESSOR-EMERSON_2024-10-17_15-40-36_jpg_2024-10-17_15-40-36.webp.webp?fit=1200%2C816&ssl=1&resize=1050%2C600 3x"},"classes":[]},{"id":18008,"url":"https:\/\/ismaelcolosi.com.br\/index.php\/2023\/12\/19\/wagner-critica-crescimento-absurdo-de-emendas-impositivas\/","url_meta":{"origin":9725,"position":1},"title":"Wagner critica \u201ccrescimento absurdo\u201d de emendas impositivas \u2013 Folha de Ribeir\u00e3o","author":"ismaelcolosi.com.br","date":"19 de December de 2023","format":false,"excerpt":"O l\u00edder do governo no Senado, senador Jaques Wagner (PT-BA), criticou nesta segunda-feira (18) o que considera um \u201ccrescimento absurdo\u201d das emendas parlamentares impositivas. Segundo ele, para o ano que vem deve haver entre R$ 52 bilh\u00f5es e R$ 54 bilh\u00f5es nesse tipo de emenda. \u201cN\u00e3o sei se o governo\u2026","rel":"","context":"In &quot;Not\u00edcias de Ribeir\u00e3o Preto-SP e Regi\u00e3o&quot;","block_context":{"text":"Not\u00edcias de Ribeir\u00e3o Preto-SP e Regi\u00e3o","link":"https:\/\/ismaelcolosi.com.br\/index.php\/category\/noticias-de-ribeirao-preto-sp-e-regiao-ismael-colosi\/"},"img":{"alt_text":"","src":"","width":0,"height":0},"classes":[]},{"id":44573,"url":"https:\/\/ismaelcolosi.com.br\/index.php\/2024\/03\/28\/governo-publica-medida-provisoria-que-prorroga-desenrola-ate-20-de-maio\/","url_meta":{"origin":9725,"position":2},"title":"Governo publica medida provis\u00f3ria que prorroga Desenrola at\u00e9 20 de maio","author":"ismaelcolosi.com.br","date":"28 de March de 2024","format":false,"excerpt":"28 de mar\u00e7o de 2024 | 15:0028 de mar\u00e7o de 2024 | 12:07 0 O presidente Luiz In\u00e1cio Lula da Silva publicou nesta quinta-feira, 28, no\u00a0Di\u00e1rio Oficial da Uni\u00e3o (DOU) uma medida provis\u00f3ria para prorrogar o Desenrola Brasil at\u00e9 o dia 20 de maio deste ano. Inicialmente previsto para a\u2026","rel":"","context":"In &quot;Not\u00edcias de Ribeir\u00e3o Preto-SP e Regi\u00e3o&quot;","block_context":{"text":"Not\u00edcias de Ribeir\u00e3o Preto-SP e Regi\u00e3o","link":"https:\/\/ismaelcolosi.com.br\/index.php\/category\/noticias-de-ribeirao-preto-sp-e-regiao-ismael-colosi\/"},"img":{"alt_text":"","src":"https:\/\/i0.wp.com\/ismaelcolosi.com.br\/wp-content\/uploads\/2024\/03\/desenrola-e1701948869188.jpg?fit=700%2C402&ssl=1&resize=350%2C200","width":350,"height":200,"srcset":"https:\/\/i0.wp.com\/ismaelcolosi.com.br\/wp-content\/uploads\/2024\/03\/desenrola-e1701948869188.jpg?fit=700%2C402&ssl=1&resize=350%2C200 1x, https:\/\/i0.wp.com\/ismaelcolosi.com.br\/wp-content\/uploads\/2024\/03\/desenrola-e1701948869188.jpg?fit=700%2C402&ssl=1&resize=525%2C300 1.5x, https:\/\/i0.wp.com\/ismaelcolosi.com.br\/wp-content\/uploads\/2024\/03\/desenrola-e1701948869188.jpg?fit=700%2C402&ssl=1&resize=700%2C400 2x"},"classes":[]},{"id":76859,"url":"https:\/\/ismaelcolosi.com.br\/index.php\/2024\/11\/18\/superintendente-da-cef-faz-visita-institucional-ao-governo-de-transicao-de-ricardo-silva\/","url_meta":{"origin":9725,"position":3},"title":"Superintendente da CEF faz visita institucional ao governo de transi\u00e7\u00e3o de Ricardo Silva","author":"ismaelcolosi.com.br","date":"18 de November de 2024","format":false,"excerpt":"O superintendente executivo de governo da Caixa Econ\u00f4mica Federal de Ribeir\u00e3o Preto, Francisco Ricardo da Silveira, esteve nesta segunda-feira, dia 18, em visita institucional na sede da CEF, localizada na Avenida 9 de Julho, 355, no Jardim Sumar\u00e9, onde est\u00e1 instalado o governo de transi\u00e7\u00e3o do prefeito eleito de Ribeir\u00e3o\u2026","rel":"","context":"In &quot;Not\u00edcias de Ribeir\u00e3o Preto-SP e Regi\u00e3o&quot;","block_context":{"text":"Not\u00edcias de Ribeir\u00e3o Preto-SP e Regi\u00e3o","link":"https:\/\/ismaelcolosi.com.br\/index.php\/category\/noticias-de-ribeirao-preto-sp-e-regiao-ismael-colosi\/"},"img":{"alt_text":"","src":"https:\/\/i0.wp.com\/ismaelcolosi.com.br\/wp-content\/uploads\/2024\/11\/9d89009b-7907-4ac1-ae75-fc3d2d01f7b9-scaled.jpg?fit=664%2C500&ssl=1&resize=350%2C200","width":350,"height":200,"srcset":"https:\/\/i0.wp.com\/ismaelcolosi.com.br\/wp-content\/uploads\/2024\/11\/9d89009b-7907-4ac1-ae75-fc3d2d01f7b9-scaled.jpg?fit=664%2C500&ssl=1&resize=350%2C200 1x, https:\/\/i0.wp.com\/ismaelcolosi.com.br\/wp-content\/uploads\/2024\/11\/9d89009b-7907-4ac1-ae75-fc3d2d01f7b9-scaled.jpg?fit=664%2C500&ssl=1&resize=525%2C300 1.5x"},"classes":[]},{"id":21338,"url":"https:\/\/ismaelcolosi.com.br\/index.php\/2023\/12\/27\/governo-reajusta-salario-minimo-de-2024-para-r-1-412\/","url_meta":{"origin":9725,"position":4},"title":"Governo reajusta sal\u00e1rio m\u00ednimo de 2024 para R$ 1.412","author":"ismaelcolosi.com.br","date":"27 de December de 2023","format":false,"excerpt":"Getty ImagesA diminui\u00e7\u00e3o da infla\u00e7\u00e3o fez com que o reajuste final do sal\u00e1rio m\u00ednimo de 2024 ficasse um pouco abaixo do previsto O governo federal confirmou nesta quarta-feira (27) o valor do sal\u00e1rio m\u00ednimo de 2024 em R$ 1.412 mensais a partir de 1\u00ba de janeiro, um reajuste de 6,97%\u2026","rel":"","context":"In &quot;Carreira e Sucesso&quot;","block_context":{"text":"Carreira e Sucesso","link":"https:\/\/ismaelcolosi.com.br\/index.php\/category\/carreira-e-sucesso-dicas-para-carreira\/"},"img":{"alt_text":"","src":"https:\/\/i0.wp.com\/ismaelcolosi.com.br\/wp-content\/uploads\/2023\/12\/carreira-salario-dinheiro-2-1024x683.jpg?fit=1024%2C683&ssl=1&resize=350%2C200","width":350,"height":200,"srcset":"https:\/\/i0.wp.com\/ismaelcolosi.com.br\/wp-content\/uploads\/2023\/12\/carreira-salario-dinheiro-2-1024x683.jpg?fit=1024%2C683&ssl=1&resize=350%2C200 1x, https:\/\/i0.wp.com\/ismaelcolosi.com.br\/wp-content\/uploads\/2023\/12\/carreira-salario-dinheiro-2-1024x683.jpg?fit=1024%2C683&ssl=1&resize=525%2C300 1.5x, https:\/\/i0.wp.com\/ismaelcolosi.com.br\/wp-content\/uploads\/2023\/12\/carreira-salario-dinheiro-2-1024x683.jpg?fit=1024%2C683&ssl=1&resize=700%2C400 2x"},"classes":[]},{"id":76847,"url":"https:\/\/ismaelcolosi.com.br\/index.php\/2024\/11\/18\/subsecretario-de-desenvolvimento-urbano-e-habitacao-e-recebido-pelo-vice-prefeito-eleito-alessandro-maraca\/","url_meta":{"origin":9725,"position":5},"title":"Subsecret\u00e1rio de Desenvolvimento Urbano e Habita\u00e7\u00e3o \u00e9 recebido pelo vice-prefeito eleito Alessandro Maraca\u00a0","author":"ismaelcolosi.com.br","date":"18 de November de 2024","format":false,"excerpt":"Nesta segunda-feira, dia 18, o subsecret\u00e1rio de Desenvolvimento Urbano e Habita\u00e7\u00e3o (SDHU), Jos\u00e9 Police Neto, foi recebido pelo vice-prefeito eleito de Ribeir\u00e3o Preto, Alessandro Maraca, na sede da transi\u00e7\u00e3o de governo, localizada na Avenida 9 de Julho, 355, Jardim Sumar\u00e9, alto da cidade. Acompanhado de Marcos Berzotti, R\u00f4mulo Pizza, que\u2026","rel":"","context":"In &quot;Not\u00edcias de Ribeir\u00e3o Preto-SP e Regi\u00e3o&quot;","block_context":{"text":"Not\u00edcias de Ribeir\u00e3o Preto-SP e Regi\u00e3o","link":"https:\/\/ismaelcolosi.com.br\/index.php\/category\/noticias-de-ribeirao-preto-sp-e-regiao-ismael-colosi\/"},"img":{"alt_text":"","src":"https:\/\/i0.wp.com\/ismaelcolosi.com.br\/wp-content\/uploads\/2024\/11\/WhatsApp-Image-2024-11-18-at-16.30.49-scaled.jpeg?fit=664%2C500&ssl=1&resize=350%2C200","width":350,"height":200,"srcset":"https:\/\/i0.wp.com\/ismaelcolosi.com.br\/wp-content\/uploads\/2024\/11\/WhatsApp-Image-2024-11-18-at-16.30.49-scaled.jpeg?fit=664%2C500&ssl=1&resize=350%2C200 1x, https:\/\/i0.wp.com\/ismaelcolosi.com.br\/wp-content\/uploads\/2024\/11\/WhatsApp-Image-2024-11-18-at-16.30.49-scaled.jpeg?fit=664%2C500&ssl=1&resize=525%2C300 1.5x"},"classes":[]}],"jetpack_sharing_enabled":true,"jetpack_shortlink":"https:\/\/wp.me\/pfMlyK-2wR","_links":{"self":[{"href":"https:\/\/ismaelcolosi.com.br\/index.php\/wp-json\/wp\/v2\/posts\/9725","targetHints":{"allow":["GET"]}}],"collection":[{"href":"https:\/\/ismaelcolosi.com.br\/index.php\/wp-json\/wp\/v2\/posts"}],"about":[{"href":"https:\/\/ismaelcolosi.com.br\/index.php\/wp-json\/wp\/v2\/types\/post"}],"author":[{"embeddable":true,"href":"https:\/\/ismaelcolosi.com.br\/index.php\/wp-json\/wp\/v2\/users\/1"}],"replies":[{"embeddable":true,"href":"https:\/\/ismaelcolosi.com.br\/index.php\/wp-json\/wp\/v2\/comments?post=9725"}],"version-history":[{"count":0,"href":"https:\/\/ismaelcolosi.com.br\/index.php\/wp-json\/wp\/v2\/posts\/9725\/revisions"}],"wp:featuredmedia":[{"embeddable":true,"href":"https:\/\/ismaelcolosi.com.br\/index.php\/wp-json\/wp\/v2\/media\/9726"}],"wp:attachment":[{"href":"https:\/\/ismaelcolosi.com.br\/index.php\/wp-json\/wp\/v2\/media?parent=9725"}],"wp:term":[{"taxonomy":"category","embeddable":true,"href":"https:\/\/ismaelcolosi.com.br\/index.php\/wp-json\/wp\/v2\/categories?post=9725"},{"taxonomy":"post_tag","embeddable":true,"href":"https:\/\/ismaelcolosi.com.br\/index.php\/wp-json\/wp\/v2\/tags?post=9725"}],"curies":[{"name":"wp","href":"https:\/\/api.w.org\/{rel}","templated":true}]}}