{"id":9691,"date":"2023-12-02T16:34:17","date_gmt":"2023-12-02T19:34:17","guid":{"rendered":"https:\/\/ismaelcolosi.com.br\/index.php\/2023\/12\/02\/opcoes-saudaveis-para-comer-no-lugar-do-arroz-branco\/"},"modified":"2023-12-02T16:34:17","modified_gmt":"2023-12-02T19:34:17","slug":"opcoes-saudaveis-para-comer-no-lugar-do-arroz-branco","status":"publish","type":"post","link":"https:\/\/ismaelcolosi.com.br\/index.php\/2023\/12\/02\/opcoes-saudaveis-para-comer-no-lugar-do-arroz-branco\/","title":{"rendered":"Op\u00e7\u00f5es saud\u00e1veis para comer no lugar do arroz branco"},"content":{"rendered":"<p> [ad_1]<br \/>\n<\/p>\n<div>\n<p>Um recente estudo realizado pela <a href=\"https:\/\/www.harvard.edu\/\" target=\"_blank\" rel=\"noopener\">Universidade de Harvard<\/a> traz importantes orienta\u00e7\u00f5es para pessoas com diabetes e a rela\u00e7\u00e3o com o consumo do arroz branco.<\/p>\n<p>De acordo com a pesquisa, esse tipo de alimento provoca eleva\u00e7\u00e3o r\u00e1pida dos n\u00edveis de a\u00e7\u00facar na circula\u00e7\u00e3o sangu\u00ednea, o que pode representar um risco para os diab\u00e9ticos. Por\u00e9m, a boa not\u00edcia \u00e9 que h\u00e1 possibilidades de substitui\u00e7\u00e3o por carboidratos mais saud\u00e1veis.<\/p>\n<div id=\"attachment_2316193\" class=\"wp-caption aligncenter\">\n<div class=\"d-flex justify-content-center\" data-attachment-id=\"2316193\">\n<div class=\"position-relative d-inline-block\"><img data-recalc-dims=\"1\" data-portal-copyright=\"Depositphotos\" fetchpriority=\"high\" decoding=\"async\" class=\"size-full wp-image-2316193\" src=\"https:\/\/i0.wp.com\/catracalivre.com.br\/wp-content\/uploads\/2023\/12\/arroz-branco.jpg?resize=1200%2C794&#038;ssl=1\" alt=\"Op\u00e7\u00f5es saud\u00e1veis para comer no lugar do arroz branco\" width=\"1200\" height=\"794\" srcset=\"https:\/\/catracalivre.com.br\/wp-content\/uploads\/2023\/12\/arroz-branco.jpg 1200w, https:\/\/catracalivre.com.br\/wp-content\/uploads\/2023\/12\/arroz-branco-450x298.jpg 450w, https:\/\/catracalivre.com.br\/wp-content\/uploads\/2023\/12\/arroz-branco-768x508.jpg 768w\" sizes=\"(max-width: 1200px) 100vw, 1200px\"\/><\/p>\n<p>Cr\u00e9ditos: Depositphotos<\/p>\n<\/div>\n<\/div>\n<p><span class=\"post-imagem__legenda\">Op\u00e7\u00f5es saud\u00e1veis para comer no lugar do arroz branco<\/span><\/p>\n<\/div>\n<h2>Op\u00e7\u00f5es saud\u00e1veis para comer no lugar do arroz branco<\/h2>\n<p>O <a href=\"https:\/\/catracalivre.com.br\/saude-bem-estar\/estudo-descobre-jeito-de-cortar-as-calorias-do-arroz-pela-metade\/\" target=\"_blank\" rel=\"noopener\">arroz branco<\/a>, que \u00e9 um produto refinado, tem sua casca removida durante o processo de industrializa\u00e7\u00e3o. Isso resulta na perda de fibras, minerais e vitaminas, restando apenas o amido.<\/p>\n<p>Esta caracter\u00edstica torna o alimento rico em carboidratos, com cerca de 28,2 gramas de carboidratos a cada 100 gramas de arroz branco.<\/p>\n<h3>Alternativas mais saud\u00e1veis ao arroz branco<\/h3>\n<p>A pesquisa de Harvard discorreu sobre diversas alternativas mais saud\u00e1veis ao arroz branco. A seguir, apresentamos algumas delas:<\/p>\n<p>Quinoa:\u00a0Consumida em forma de gr\u00e3os, \u00e9 rica em fibras, prote\u00ednas, vitaminas do complexo B, c\u00e1lcio, ferro e \u00f4mega 3.<br \/>Arroz integral:\u00a0Diferentemente do arroz branco, esse tipo de arroz n\u00e3o passa pelo processo de refino, possuindo maior quantidade de fibras e magn\u00e9sio.<\/p>\n<p>Cenouras:\u00a0Um pur\u00ea de cenoura pode ser uma alternativa menos cal\u00f3rica e rica em fibras, vitamina A, C e pot\u00e1ssio.<\/p>\n<p>Batata doce:\u00a0Esse carboidrato de baixo \u00edndice glic\u00eamico evita o pico de glicose no sangue, al\u00e9m de ser rico em vitamina A, carotenos, vitamina C e diversos minerais.<\/p>\n<h3>Algumas recomenda\u00e7\u00f5es adicionais<\/h3>\n<p>Al\u00e9m de iniciar a substitui\u00e7\u00e3o do arroz branco por alternativas mais saud\u00e1veis, a pesquisa tamb\u00e9m destaca a import\u00e2ncia de aumentar o consumo de frutas e latic\u00ednios, bem como a ingest\u00e3o de prote\u00ednas de alta qualidade na dieta.<\/p>\n<p>Portanto, diante desse estudo \u00e9 poss\u00edvel ainda ressaltar a import\u00e2ncia de uma alimenta\u00e7\u00e3o equilibrada e diversificada como chave para o gerenciamento eficaz do diabetes, sempre com orienta\u00e7\u00e3o e acompanhamento de um profissional de sa\u00fade.<\/p>\n<\/div>\n<p><script>\n\t\t! function(f, b, e, v, n, t, s) {\n\t\t\tif (f.fbq) return;\n\t\t\tn = f.fbq = function() {\n\t\t\t\tn.callMethod ?\n\t\t\t\t\tn.callMethod.apply(n, arguments) : n.queue.push(arguments)\n\t\t\t};\n\t\t\tif (!f._fbq) f._fbq = n;\n\t\t\tn.push = n;\n\t\t\tn.loaded = !0;\n\t\t\tn.version = '2.0';\n\t\t\tn.queue = [];\n\t\t\tt = b.createElement(e);\n\t\t\tt.async = !0;\n\t\t\tt.src = v;\n\t\t\ts = b.getElementsByTagName(e)[0];\n\t\t\ts.parentNode.insertBefore(t, s)\n\t\t}(window, document, 'script',\n\t\t\t'https:\/\/connect.facebook.net\/en_US\/fbevents.js');\n\t\tfbq('init', '338315473262380');\n\t\tfbq('track', 'PageView');\n\t<\/script><br \/>\n<br \/>[ad_2]<br \/>\n<br \/><a href=\"https:\/\/catracalivre.com.br\/saude-bem-estar\/opcoes-saudaveis-para-comer-no-lugar-do-arroz-branco\/\" target=\"_blank\" rel=\"noopener\">Source link <\/a><\/p>\n<div class='code-block code-block-4' style='margin: 8px auto 8px 0; text-align: left; display: block; clear: both;'>\n\ud83d\udce2 Aviso Legal\n\nO site ismaelcolosi.com.br atua apenas como um canal de divulga\u00e7\u00e3o de oportunidades de emprego e n\u00e3o se responsabiliza pelo processo seletivo, contrata\u00e7\u00e3o ou qualquer outra etapa relacionada \u00e0s vagas publicadas. Todas as informa\u00e7\u00f5es s\u00e3o de responsabilidade dos anunciantes.\n\n\u26a0\ufe0f Aten\u00e7\u00e3o! Nunca pague por promessas de emprego nem compre cursos que garantam contrata\u00e7\u00e3o. Desconfie de qualquer cobran\u00e7a para participar de sele\u00e7\u00f5es.\n\n\n\n<\/div>\n<!-- CONTENT END 1 -->\n","protected":false},"excerpt":{"rendered":"<p>[ad_1] Um recente estudo realizado pela Universidade de Harvard traz importantes orienta\u00e7\u00f5es para pessoas com diabetes e a rela\u00e7\u00e3o com o consumo do arroz branco. De acordo com a pesquisa, esse tipo de alimento provoca eleva\u00e7\u00e3o r\u00e1pida dos n\u00edveis de a\u00e7\u00facar na circula\u00e7\u00e3o sangu\u00ednea, o que pode representar um risco para os diab\u00e9ticos. Por\u00e9m, a&hellip;&nbsp;<\/p>\n","protected":false},"author":1,"featured_media":9692,"comment_status":"open","ping_status":"open","sticky":false,"template":"","format":"standard","meta":{"_uag_custom_page_level_css":"","neve_meta_sidebar":"","neve_meta_container":"","neve_meta_enable_content_width":"","neve_meta_content_width":0,"neve_meta_title_alignment":"","neve_meta_author_avatar":"","neve_post_elements_order":"","neve_meta_disable_header":"","neve_meta_disable_footer":"","neve_meta_disable_title":"","_jetpack_newsletter_access":"","_jetpack_dont_email_post_to_subs":false,"_jetpack_newsletter_tier_id":0,"_jetpack_memberships_contains_paywalled_content":false,"_jetpack_memberships_contains_paid_content":false,"footnotes":""},"categories":[19],"tags":[],"class_list":["post-9691","post","type-post","status-publish","format-standard","has-post-thumbnail","hentry","category-variedades"],"uagb_featured_image_src":{"full":["https:\/\/i0.wp.com\/ismaelcolosi.com.br\/wp-content\/uploads\/2023\/12\/arroz-branco.jpg?fit=1200%2C638&ssl=1",1200,638,false],"thumbnail":["https:\/\/i0.wp.com\/ismaelcolosi.com.br\/wp-content\/uploads\/2023\/12\/arroz-branco.jpg?resize=150%2C150&ssl=1",150,150,true],"medium":["https:\/\/i0.wp.com\/ismaelcolosi.com.br\/wp-content\/uploads\/2023\/12\/arroz-branco.jpg?fit=300%2C160&ssl=1",300,160,true],"medium_large":["https:\/\/i0.wp.com\/ismaelcolosi.com.br\/wp-content\/uploads\/2023\/12\/arroz-branco.jpg?fit=768%2C408&ssl=1",768,408,true],"large":["https:\/\/i0.wp.com\/ismaelcolosi.com.br\/wp-content\/uploads\/2023\/12\/arroz-branco.jpg?fit=1024%2C544&ssl=1",1024,544,true],"1536x1536":["https:\/\/i0.wp.com\/ismaelcolosi.com.br\/wp-content\/uploads\/2023\/12\/arroz-branco.jpg?fit=1200%2C638&ssl=1",1200,638,true],"2048x2048":["https:\/\/i0.wp.com\/ismaelcolosi.com.br\/wp-content\/uploads\/2023\/12\/arroz-branco.jpg?fit=1200%2C638&ssl=1",1200,638,true],"neve-blog":["https:\/\/i0.wp.com\/ismaelcolosi.com.br\/wp-content\/uploads\/2023\/12\/arroz-branco.jpg?resize=930%2C620&ssl=1",930,620,true]},"uagb_author_info":{"display_name":"ismaelcolosi.com.br","author_link":"https:\/\/ismaelcolosi.com.br\/author\/vidareal-online\/"},"uagb_comment_info":0,"uagb_excerpt":"[ad_1] Um recente estudo realizado pela Universidade de Harvard traz importantes orienta\u00e7\u00f5es para pessoas com diabetes e a rela\u00e7\u00e3o com o consumo do arroz branco. De acordo com a pesquisa, esse tipo de alimento provoca eleva\u00e7\u00e3o r\u00e1pida dos n\u00edveis de a\u00e7\u00facar na circula\u00e7\u00e3o sangu\u00ednea, o que pode representar um risco para os diab\u00e9ticos. Por\u00e9m, a&hellip;&nbsp;","jetpack-related-posts":[{"id":19415,"url":"https:\/\/ismaelcolosi.com.br\/index.php\/2023\/12\/22\/comer-esta-fruta-comum-antes-das-refeicoes-reduz-acucar-no-sangue\/","url_meta":{"origin":9691,"position":0},"title":"Comer esta fruta comum antes das refei\u00e7\u00f5es reduz a\u00e7\u00facar no sangue","author":"ismaelcolosi.com.br","date":"22 de Dezembro de 2023","format":false,"excerpt":"[ad_1] Cr\u00e9ditos: iStock\/gruizzaFruta que ajuda a controlar a\u00e7\u00facar no sangue Comer uma ma\u00e7\u00e3 antes de uma refei\u00e7\u00e3o pode reduzir os n\u00edveis de a\u00e7\u00facar no sangue pela metade, de acordo com um estudo recente publicado pelo Nutrition Journal. A an\u00e1lise \u00e9 especialmente relevante para pessoas que vivem com diabetes, que precisam\u2026","rel":"","context":"In &quot;Variedades&quot;","block_context":{"text":"Variedades","link":"https:\/\/ismaelcolosi.com.br\/index.php\/category\/variedades\/"},"img":{"alt_text":"","src":"https:\/\/i0.wp.com\/ismaelcolosi.com.br\/wp-content\/uploads\/2023\/12\/istock-831593688-1-scaled-e1700316442502.jpg?fit=1200%2C638&ssl=1&resize=350%2C200","width":350,"height":200,"srcset":"https:\/\/i0.wp.com\/ismaelcolosi.com.br\/wp-content\/uploads\/2023\/12\/istock-831593688-1-scaled-e1700316442502.jpg?fit=1200%2C638&ssl=1&resize=350%2C200 1x, https:\/\/i0.wp.com\/ismaelcolosi.com.br\/wp-content\/uploads\/2023\/12\/istock-831593688-1-scaled-e1700316442502.jpg?fit=1200%2C638&ssl=1&resize=525%2C300 1.5x, https:\/\/i0.wp.com\/ismaelcolosi.com.br\/wp-content\/uploads\/2023\/12\/istock-831593688-1-scaled-e1700316442502.jpg?fit=1200%2C638&ssl=1&resize=700%2C400 2x, https:\/\/i0.wp.com\/ismaelcolosi.com.br\/wp-content\/uploads\/2023\/12\/istock-831593688-1-scaled-e1700316442502.jpg?fit=1200%2C638&ssl=1&resize=1050%2C600 3x"},"classes":[]},{"id":18857,"url":"https:\/\/ismaelcolosi.com.br\/index.php\/2023\/12\/21\/o-grao-que-e-inimigo-numero-1-do-acucar-no-sangue\/","url_meta":{"origin":9691,"position":1},"title":"o gr\u00e3o que \u00e9 inimigo n\u00famero 1 do a\u00e7\u00facar no sangue","author":"ismaelcolosi.com.br","date":"21 de Dezembro de 2023","format":false,"excerpt":"[ad_1] O a\u00e7\u00facar no sangue aumenta e diminui naturalmente \u00e0 medida que voc\u00ea faz refei\u00e7\u00f5es e lanches ao longo do dia.\u00a0A digest\u00e3o decomp\u00f5e os carboidratos da comida em glicose \u2013 a principal fonte de energia do corpo. Quando a glicose entra na corrente sangu\u00ednea, seu corpo responde produzindo insulina para\u2026","rel":"","context":"In &quot;Variedades&quot;","block_context":{"text":"Variedades","link":"https:\/\/ismaelcolosi.com.br\/index.php\/category\/variedades\/"},"img":{"alt_text":"","src":"https:\/\/i0.wp.com\/ismaelcolosi.com.br\/wp-content\/uploads\/2023\/12\/depositphotos-80706372-l.jpg?fit=1200%2C638&ssl=1&resize=350%2C200","width":350,"height":200,"srcset":"https:\/\/i0.wp.com\/ismaelcolosi.com.br\/wp-content\/uploads\/2023\/12\/depositphotos-80706372-l.jpg?fit=1200%2C638&ssl=1&resize=350%2C200 1x, https:\/\/i0.wp.com\/ismaelcolosi.com.br\/wp-content\/uploads\/2023\/12\/depositphotos-80706372-l.jpg?fit=1200%2C638&ssl=1&resize=525%2C300 1.5x, https:\/\/i0.wp.com\/ismaelcolosi.com.br\/wp-content\/uploads\/2023\/12\/depositphotos-80706372-l.jpg?fit=1200%2C638&ssl=1&resize=700%2C400 2x, https:\/\/i0.wp.com\/ismaelcolosi.com.br\/wp-content\/uploads\/2023\/12\/depositphotos-80706372-l.jpg?fit=1200%2C638&ssl=1&resize=1050%2C600 3x"},"classes":[]},{"id":11949,"url":"https:\/\/ismaelcolosi.com.br\/index.php\/2023\/12\/07\/alimentos-que-devem-ser-evitados-se-voce-toma-ozempic\/","url_meta":{"origin":9691,"position":2},"title":"Alimentos que devem ser evitados se voc\u00ea toma Ozempic","author":"ismaelcolosi.com.br","date":"7 de Dezembro de 2023","format":false,"excerpt":"[ad_1] Medicamentos como Ozempic e Wegovy s\u00e3o utilizados no tratamento da obesidade e do diabetes. Embora muitas pessoas observem melhorias em sua sa\u00fade como resultado desses medicamentos, algumas tamb\u00e9m apresentam efeitos colaterais gastrointestinais. Como funcionam esses medicamentos? Ozempic e o Wegovy s\u00e3o agonistas do receptor do pept\u00eddeo 1 semelhante ao\u2026","rel":"","context":"In &quot;Variedades&quot;","block_context":{"text":"Variedades","link":"https:\/\/ismaelcolosi.com.br\/index.php\/category\/variedades\/"},"img":{"alt_text":"","src":"https:\/\/i0.wp.com\/ismaelcolosi.com.br\/wp-content\/uploads\/2023\/12\/istock-1151492050.jpg?fit=1200%2C638&ssl=1&resize=350%2C200","width":350,"height":200,"srcset":"https:\/\/i0.wp.com\/ismaelcolosi.com.br\/wp-content\/uploads\/2023\/12\/istock-1151492050.jpg?fit=1200%2C638&ssl=1&resize=350%2C200 1x, https:\/\/i0.wp.com\/ismaelcolosi.com.br\/wp-content\/uploads\/2023\/12\/istock-1151492050.jpg?fit=1200%2C638&ssl=1&resize=525%2C300 1.5x, https:\/\/i0.wp.com\/ismaelcolosi.com.br\/wp-content\/uploads\/2023\/12\/istock-1151492050.jpg?fit=1200%2C638&ssl=1&resize=700%2C400 2x, https:\/\/i0.wp.com\/ismaelcolosi.com.br\/wp-content\/uploads\/2023\/12\/istock-1151492050.jpg?fit=1200%2C638&ssl=1&resize=1050%2C600 3x"},"classes":[]},{"id":20266,"url":"https:\/\/ismaelcolosi.com.br\/index.php\/2023\/12\/24\/frutas-que-ajudam-a-regular-os-niveis-de-acucar-no-sangue\/","url_meta":{"origin":9691,"position":3},"title":"Frutas que ajudam a regular os n\u00edveis de a\u00e7\u00facar no sangue\u00a0","author":"ismaelcolosi.com.br","date":"24 de Dezembro de 2023","format":false,"excerpt":"[ad_1] Cr\u00e9ditos: iStock\/nd3000Por conter uma ampla gama de nutrientes, as ma\u00e7\u00e3s s\u00e3o particularmente saud\u00e1veis e respons\u00e1veis por diminuir os n\u00edveis de a\u00e7\u00facar no sangue \u2013 iStock\/Getty Images Alguns grupos de frutas podem contribuir significativamente para a redu\u00e7\u00e3o do risco de diabetes e n\u00edveis de a\u00e7\u00facar no sangue, indica pesquisa realizada\u2026","rel":"","context":"In &quot;Variedades&quot;","block_context":{"text":"Variedades","link":"https:\/\/ismaelcolosi.com.br\/index.php\/category\/variedades\/"},"img":{"alt_text":"","src":"https:\/\/i0.wp.com\/ismaelcolosi.com.br\/wp-content\/uploads\/2023\/12\/istock-1181197637.jpg?fit=1200%2C638&ssl=1&resize=350%2C200","width":350,"height":200,"srcset":"https:\/\/i0.wp.com\/ismaelcolosi.com.br\/wp-content\/uploads\/2023\/12\/istock-1181197637.jpg?fit=1200%2C638&ssl=1&resize=350%2C200 1x, https:\/\/i0.wp.com\/ismaelcolosi.com.br\/wp-content\/uploads\/2023\/12\/istock-1181197637.jpg?fit=1200%2C638&ssl=1&resize=525%2C300 1.5x, https:\/\/i0.wp.com\/ismaelcolosi.com.br\/wp-content\/uploads\/2023\/12\/istock-1181197637.jpg?fit=1200%2C638&ssl=1&resize=700%2C400 2x, https:\/\/i0.wp.com\/ismaelcolosi.com.br\/wp-content\/uploads\/2023\/12\/istock-1181197637.jpg?fit=1200%2C638&ssl=1&resize=1050%2C600 3x"},"classes":[]},{"id":9623,"url":"https:\/\/ismaelcolosi.com.br\/index.php\/2023\/12\/02\/gergelim-pode-aliviar-artrite-e-prevenir-parkinson-sugere-estudo\/","url_meta":{"origin":9691,"position":4},"title":"Gergelim pode aliviar artrite e prevenir Parkinson, sugere estudo","author":"ismaelcolosi.com.br","date":"2 de Dezembro de 2023","format":false,"excerpt":"[ad_1] Cr\u00e9ditos: Getty Images\/iStockphotoConsumo de regular de gergelim est\u00e1 relacionado a s\u00e9rie de benef\u00edcios para o corpo humano \u2013 iStock\/Getty Images Semente rica em antioxidantes e nutrientes, o gergelim se destaca no card\u00e1pio de op\u00e7\u00f5es ben\u00e9ficas para a promo\u00e7\u00e3o da sa\u00fade e preven\u00e7\u00e3o de doen\u00e7as. Com alto valor nutricional, a\u2026","rel":"","context":"In &quot;Variedades&quot;","block_context":{"text":"Variedades","link":"https:\/\/ismaelcolosi.com.br\/index.php\/category\/variedades\/"},"img":{"alt_text":"","src":"https:\/\/i0.wp.com\/ismaelcolosi.com.br\/wp-content\/uploads\/2023\/12\/istock-1144460223.jpg?fit=1200%2C638&ssl=1&resize=350%2C200","width":350,"height":200,"srcset":"https:\/\/i0.wp.com\/ismaelcolosi.com.br\/wp-content\/uploads\/2023\/12\/istock-1144460223.jpg?fit=1200%2C638&ssl=1&resize=350%2C200 1x, https:\/\/i0.wp.com\/ismaelcolosi.com.br\/wp-content\/uploads\/2023\/12\/istock-1144460223.jpg?fit=1200%2C638&ssl=1&resize=525%2C300 1.5x, https:\/\/i0.wp.com\/ismaelcolosi.com.br\/wp-content\/uploads\/2023\/12\/istock-1144460223.jpg?fit=1200%2C638&ssl=1&resize=700%2C400 2x, https:\/\/i0.wp.com\/ismaelcolosi.com.br\/wp-content\/uploads\/2023\/12\/istock-1144460223.jpg?fit=1200%2C638&ssl=1&resize=1050%2C600 3x"},"classes":[]},{"id":1234,"url":"https:\/\/ismaelcolosi.com.br\/index.php\/2023\/11\/11\/ribeirao-preto-tem-acao-de-prevencao-ao-diabetes-e-incentivo-a-habitos-saudaveis\/","url_meta":{"origin":9691,"position":5},"title":"Ribeir\u00e3o Preto tem a\u00e7\u00e3o de preven\u00e7\u00e3o ao diabetes e incentivo a h\u00e1bitos saud\u00e1veis","author":"ismaelcolosi.com.br","date":"11 de Novembro de 2023","format":false,"excerpt":"[ad_1] A secretaria municipal da Sa\u00fade, promove neste s\u00e1bado (11), entre 8h e 12h, na Esplanada do Theatro Pedro II, em Ribeir\u00e3o Preto a\u00e7\u00f5es de preven\u00e7\u00e3o ao diabetes, educa\u00e7\u00e3o nutricional, aferi\u00e7\u00e3o de press\u00e3o arterial e medi\u00e7\u00e3o de glicemia. Com parte da Campanha Novembro Azul, simultaneamente, 16 unidades de sa\u00fade de\u2026","rel":"","context":"In &quot;Not\u00edcias de Ribeir\u00e3o Preto-SP e Regi\u00e3o&quot;","block_context":{"text":"Not\u00edcias de Ribeir\u00e3o Preto-SP e Regi\u00e3o","link":"https:\/\/ismaelcolosi.com.br\/index.php\/category\/noticias-de-ribeirao-preto-sp-e-regiao-ismael-colosi\/"},"img":{"alt_text":"","src":"https:\/\/i0.wp.com\/ismaelcolosi.com.br\/wp-content\/uploads\/2023\/11\/WhatsApp-Image-2023-11-10-at-13.00.13.jpeg?fit=1200%2C675&ssl=1&resize=350%2C200","width":350,"height":200,"srcset":"https:\/\/i0.wp.com\/ismaelcolosi.com.br\/wp-content\/uploads\/2023\/11\/WhatsApp-Image-2023-11-10-at-13.00.13.jpeg?fit=1200%2C675&ssl=1&resize=350%2C200 1x, https:\/\/i0.wp.com\/ismaelcolosi.com.br\/wp-content\/uploads\/2023\/11\/WhatsApp-Image-2023-11-10-at-13.00.13.jpeg?fit=1200%2C675&ssl=1&resize=525%2C300 1.5x, https:\/\/i0.wp.com\/ismaelcolosi.com.br\/wp-content\/uploads\/2023\/11\/WhatsApp-Image-2023-11-10-at-13.00.13.jpeg?fit=1200%2C675&ssl=1&resize=700%2C400 2x, https:\/\/i0.wp.com\/ismaelcolosi.com.br\/wp-content\/uploads\/2023\/11\/WhatsApp-Image-2023-11-10-at-13.00.13.jpeg?fit=1200%2C675&ssl=1&resize=1050%2C600 3x"},"classes":[]}],"jetpack_sharing_enabled":true,"jetpack_shortlink":"https:\/\/wp.me\/pfMlyK-2wj","jetpack_featured_media_url":"https:\/\/i0.wp.com\/ismaelcolosi.com.br\/wp-content\/uploads\/2023\/12\/arroz-branco.jpg?fit=1200%2C638&ssl=1","_links":{"self":[{"href":"https:\/\/ismaelcolosi.com.br\/index.php\/wp-json\/wp\/v2\/posts\/9691","targetHints":{"allow":["GET"]}}],"collection":[{"href":"https:\/\/ismaelcolosi.com.br\/index.php\/wp-json\/wp\/v2\/posts"}],"about":[{"href":"https:\/\/ismaelcolosi.com.br\/index.php\/wp-json\/wp\/v2\/types\/post"}],"author":[{"embeddable":true,"href":"https:\/\/ismaelcolosi.com.br\/index.php\/wp-json\/wp\/v2\/users\/1"}],"replies":[{"embeddable":true,"href":"https:\/\/ismaelcolosi.com.br\/index.php\/wp-json\/wp\/v2\/comments?post=9691"}],"version-history":[{"count":0,"href":"https:\/\/ismaelcolosi.com.br\/index.php\/wp-json\/wp\/v2\/posts\/9691\/revisions"}],"wp:featuredmedia":[{"embeddable":true,"href":"https:\/\/ismaelcolosi.com.br\/index.php\/wp-json\/wp\/v2\/media\/9692"}],"wp:attachment":[{"href":"https:\/\/ismaelcolosi.com.br\/index.php\/wp-json\/wp\/v2\/media?parent=9691"}],"wp:term":[{"taxonomy":"category","embeddable":true,"href":"https:\/\/ismaelcolosi.com.br\/index.php\/wp-json\/wp\/v2\/categories?post=9691"},{"taxonomy":"post_tag","embeddable":true,"href":"https:\/\/ismaelcolosi.com.br\/index.php\/wp-json\/wp\/v2\/tags?post=9691"}],"curies":[{"name":"wp","href":"https:\/\/api.w.org\/{rel}","templated":true}]}}