{"id":9639,"date":"2023-12-02T13:48:13","date_gmt":"2023-12-02T16:48:13","guid":{"rendered":"https:\/\/ismaelcolosi.com.br\/index.php\/2023\/12\/02\/sedentarismo-dobra-o-risco-de-miomas-uterinos-alerta-estudo\/"},"modified":"2023-12-02T13:48:13","modified_gmt":"2023-12-02T16:48:13","slug":"sedentarismo-dobra-o-risco-de-miomas-uterinos-alerta-estudo","status":"publish","type":"post","link":"https:\/\/ismaelcolosi.com.br\/index.php\/2023\/12\/02\/sedentarismo-dobra-o-risco-de-miomas-uterinos-alerta-estudo\/","title":{"rendered":"Sedentarismo dobra o risco de miomas uterinos, alerta estudo"},"content":{"rendered":"<p> [ad_1]<br \/>\n<\/p>\n<div>\n<p>O crescente n\u00famero de pesquisas enfatiza a relev\u00e2ncia da atividade f\u00edsica para a boa sa\u00fade, minimizando in\u00fameros problemas, incluindo aqueles relacionados \u00e0 sa\u00fade do \u00fatero.<\/p>\n<p>Um novo estudo realizado por pesquisadores da <a href=\"https:\/\/www.masterstudies.com.br\/institutions\/yunnan-university\" target=\"_blank\" rel=\"noopener\">Universidade de Kunming<\/a>, na China, fortalece ainda mais esta afirma\u00e7\u00e3o ao descobrir que mulheres que ficam sentadas por mais de seis horas ao dia aumentam o risco de desenvolver <a href=\"https:\/\/catracalivre.com.br\/saude-bem-estar\/vitamina-d-qual-a-importancia-do-nutriente-na-prevencao-de-miomas\/\" target=\"_blank\" rel=\"noopener\">miomas uterinos<\/a>.<\/p>\n<div id=\"attachment_2316180\" class=\"wp-caption aligncenter\">\n<div class=\"d-flex justify-content-center\" data-attachment-id=\"2316180\">\n<div class=\"position-relative d-inline-block\"><img data-recalc-dims=\"1\" data-portal-copyright=\"Depositphotos\" fetchpriority=\"high\" decoding=\"async\" class=\"size-full wp-image-2316180\" src=\"https:\/\/i0.wp.com\/catracalivre.com.br\/wp-content\/uploads\/2023\/12\/depositphotos-194048786-l.jpg?resize=1200%2C800&#038;ssl=1\" alt=\"Sedentarismo dobra o risco de miomas uterinos, alerta estudo\" width=\"1200\" height=\"800\" srcset=\"https:\/\/catracalivre.com.br\/wp-content\/uploads\/2023\/12\/depositphotos-194048786-l.jpg 1200w, https:\/\/catracalivre.com.br\/wp-content\/uploads\/2023\/12\/depositphotos-194048786-l-450x300.jpg 450w, https:\/\/catracalivre.com.br\/wp-content\/uploads\/2023\/12\/depositphotos-194048786-l-768x512.jpg 768w\" sizes=\"(max-width: 1200px) 100vw, 1200px\"\/><\/p>\n<p>Cr\u00e9ditos: Depositphotos<\/p>\n<\/div>\n<\/div>\n<p><span class=\"post-imagem__legenda\">Sedentarismo dobra o risco de miomas uterinos, alerta estudo<\/span><\/p>\n<\/div>\n<h2>Sedentarismo dobra o risco de miomas uterinos<\/h2>\n<p>Publicado na revista cient\u00edfica BMJ Open, o estudo foi conduzido com uma amostra de aproximadamente 6.600 pessoas que possu\u00edam \u00fatero, envelhecendo entre 30-55 anos. Tais indiv\u00edduos n\u00e3o tinham passado pela menopausa e, do total, 562 (8,5%) j\u00e1 apresentavam miomas.<\/p>\n<h3>Entendendo os Miomas Uterinos<\/h3>\n<p>Os miomas s\u00e3o n\u00f3dulos benignos que tendem a se desenvolver no \u00fatero durante o per\u00edodo reprodutivo de uma pessoa. S\u00e3o formados predominantemente de fibras musculares e crescem em resposta ao est\u00edmulo do horm\u00f4nio feminino estrog\u00eanio.<\/p>\n<p>Segundo a Federa\u00e7\u00e3o Brasileira das Associa\u00e7\u00f5es de Ginecologia e Obstetr\u00edcia (Febrasgo), cerca de oito em cada dez mulheres em idade f\u00e9rtil correm o risco de desenvolver miomas. Uma propor\u00e7\u00e3o preocupante, n\u00e3o \u00e9?<\/p>\n<h3>Rela\u00e7\u00e3o entre Sedentarismo e Mioma<\/h3>\n<p>Para conduzir a pesquisa, os pesquisadores coletaram informa\u00e7\u00f5es b\u00e1sicas das participantes, como hist\u00f3rico menstrual e reprodutivo, h\u00e1bitos alimentares e rotina de exerc\u00edcios f\u00edsicos.<\/p>\n<p>Elas foram divididas em quatro grupos com base no tempo que permaneciam sentadas todos os dias: menos de duas horas; duas a quatro horas; quatro a seis horas; e seis ou mais horas por dia.<\/p>\n<p>Curiosamente, o estudo descobriu que aquelas que passavam seis ou mais horas sentadas tinham o dobro de chances de desenvolver miomas uterinos em compara\u00e7\u00e3o com as que permaneciam sentadas por menos de duas horas por dia.<\/p>\n<p>Os pesquisadores propuseram duas hip\u00f3teses para explicar este aumento no risco de desenvolvimento de miomas. Uma delas \u00e9 a associa\u00e7\u00e3o direta entre sedentarismo e obesidade.<\/p>\n<p>A segunda hip\u00f3tese associa o comportamento sedent\u00e1rio \u00e0 inflama\u00e7\u00e3o cr\u00f4nica e \u00e0 defici\u00eancia de vitamina D, ambos tamb\u00e9m relacionados ao risco aumentado de miomas.<\/p>\n<\/div>\n<p><script>\n\t\t! function(f, b, e, v, n, t, s) {\n\t\t\tif (f.fbq) return;\n\t\t\tn = f.fbq = function() {\n\t\t\t\tn.callMethod ?\n\t\t\t\t\tn.callMethod.apply(n, arguments) : n.queue.push(arguments)\n\t\t\t};\n\t\t\tif (!f._fbq) f._fbq = n;\n\t\t\tn.push = n;\n\t\t\tn.loaded = !0;\n\t\t\tn.version = '2.0';\n\t\t\tn.queue = [];\n\t\t\tt = b.createElement(e);\n\t\t\tt.async = !0;\n\t\t\tt.src = v;\n\t\t\ts = b.getElementsByTagName(e)[0];\n\t\t\ts.parentNode.insertBefore(t, s)\n\t\t}(window, document, 'script',\n\t\t\t'https:\/\/connect.facebook.net\/en_US\/fbevents.js');\n\t\tfbq('init', '338315473262380');\n\t\tfbq('track', 'PageView');\n\t<\/script><br \/>\n<br \/>[ad_2]<br \/>\n<br \/><a href=\"https:\/\/catracalivre.com.br\/saude-bem-estar\/sedentarismo-dobra-o-risco-de-miomas-uterinos-alerta-estudo\/\" target=\"_blank\" rel=\"noopener\">Source link <\/a><\/p>\n<div class='code-block code-block-4' style='margin: 8px auto 8px 0; text-align: left; display: block; clear: both;'>\n\ud83d\udce2 Aviso Legal\n\nO site ismaelcolosi.com.br atua apenas como um canal de divulga\u00e7\u00e3o de oportunidades de emprego e n\u00e3o se responsabiliza pelo processo seletivo, contrata\u00e7\u00e3o ou qualquer outra etapa relacionada \u00e0s vagas publicadas. Todas as informa\u00e7\u00f5es s\u00e3o de responsabilidade dos anunciantes.\n\n\u26a0\ufe0f Aten\u00e7\u00e3o! Nunca pague por promessas de emprego nem compre cursos que garantam contrata\u00e7\u00e3o. Desconfie de qualquer cobran\u00e7a para participar de sele\u00e7\u00f5es.\n\n\n\n<\/div>\n<!-- CONTENT END 1 -->\n","protected":false},"excerpt":{"rendered":"<p>[ad_1] O crescente n\u00famero de pesquisas enfatiza a relev\u00e2ncia da atividade f\u00edsica para a boa sa\u00fade, minimizando in\u00fameros problemas, incluindo aqueles relacionados \u00e0 sa\u00fade do \u00fatero. Um novo estudo realizado por pesquisadores da Universidade de Kunming, na China, fortalece ainda mais esta afirma\u00e7\u00e3o ao descobrir que mulheres que ficam sentadas por mais de seis horas&hellip;&nbsp;<\/p>\n","protected":false},"author":1,"featured_media":9640,"comment_status":"open","ping_status":"open","sticky":false,"template":"","format":"standard","meta":{"_uag_custom_page_level_css":"","neve_meta_sidebar":"","neve_meta_container":"","neve_meta_enable_content_width":"","neve_meta_content_width":0,"neve_meta_title_alignment":"","neve_meta_author_avatar":"","neve_post_elements_order":"","neve_meta_disable_header":"","neve_meta_disable_footer":"","neve_meta_disable_title":"","_jetpack_newsletter_access":"","_jetpack_dont_email_post_to_subs":false,"_jetpack_newsletter_tier_id":0,"_jetpack_memberships_contains_paywalled_content":false,"_jetpack_memberships_contains_paid_content":false,"footnotes":""},"categories":[19],"tags":[],"class_list":["post-9639","post","type-post","status-publish","format-standard","has-post-thumbnail","hentry","category-variedades"],"uagb_featured_image_src":{"full":["https:\/\/i0.wp.com\/ismaelcolosi.com.br\/wp-content\/uploads\/2023\/12\/depositphotos-194048786-l.jpg?fit=1200%2C638&ssl=1",1200,638,false],"thumbnail":["https:\/\/i0.wp.com\/ismaelcolosi.com.br\/wp-content\/uploads\/2023\/12\/depositphotos-194048786-l.jpg?resize=150%2C150&ssl=1",150,150,true],"medium":["https:\/\/i0.wp.com\/ismaelcolosi.com.br\/wp-content\/uploads\/2023\/12\/depositphotos-194048786-l.jpg?fit=300%2C160&ssl=1",300,160,true],"medium_large":["https:\/\/i0.wp.com\/ismaelcolosi.com.br\/wp-content\/uploads\/2023\/12\/depositphotos-194048786-l.jpg?fit=768%2C408&ssl=1",768,408,true],"large":["https:\/\/i0.wp.com\/ismaelcolosi.com.br\/wp-content\/uploads\/2023\/12\/depositphotos-194048786-l.jpg?fit=1024%2C544&ssl=1",1024,544,true],"1536x1536":["https:\/\/i0.wp.com\/ismaelcolosi.com.br\/wp-content\/uploads\/2023\/12\/depositphotos-194048786-l.jpg?fit=1200%2C638&ssl=1",1200,638,true],"2048x2048":["https:\/\/i0.wp.com\/ismaelcolosi.com.br\/wp-content\/uploads\/2023\/12\/depositphotos-194048786-l.jpg?fit=1200%2C638&ssl=1",1200,638,true],"neve-blog":["https:\/\/i0.wp.com\/ismaelcolosi.com.br\/wp-content\/uploads\/2023\/12\/depositphotos-194048786-l.jpg?resize=930%2C620&ssl=1",930,620,true]},"uagb_author_info":{"display_name":"ismaelcolosi.com.br","author_link":"https:\/\/ismaelcolosi.com.br\/author\/vidareal-online\/"},"uagb_comment_info":0,"uagb_excerpt":"[ad_1] O crescente n\u00famero de pesquisas enfatiza a relev\u00e2ncia da atividade f\u00edsica para a boa sa\u00fade, minimizando in\u00fameros problemas, incluindo aqueles relacionados \u00e0 sa\u00fade do \u00fatero. Um novo estudo realizado por pesquisadores da Universidade de Kunming, na China, fortalece ainda mais esta afirma\u00e7\u00e3o ao descobrir que mulheres que ficam sentadas por mais de seis horas&hellip;&nbsp;","jetpack-related-posts":[{"id":10048,"url":"https:\/\/ismaelcolosi.com.br\/index.php\/2023\/12\/03\/o-que-e-e-porque-e-necessario-realizar-este-procedimento-apos-um-aborto-como-aconteceu-com-a-jovem-que-estava-gravida-de-quintuplos\/","url_meta":{"origin":9639,"position":0},"title":"O que \u00e9, e porque \u00e9 necess\u00e1rio realizar este procedimento ap\u00f3s um aborto como aconteceu com a jovem que estava gr\u00e1vida de qu\u00edntuplos","author":"ismaelcolosi.com.br","date":"3 de Dezembro de 2023","format":false,"excerpt":"[ad_1] A jovem que aguardava o nascimento de qu\u00edntuplos foi hospitalizada para uma curetagem na \u00faltima quinta-feira (30), ao receber a not\u00edcia de um aborto.Ap\u00f3s a conclus\u00e3o do procedimento, ocorrido durante a madrugada, Sara Campos da Silva, com 18 anos, permaneceu internada para observa\u00e7\u00e3o na unidade de sa\u00fade localizada em\u2026","rel":"","context":"In &quot;Blog&quot;","block_context":{"text":"Blog","link":"https:\/\/ismaelcolosi.com.br\/index.php\/category\/blog\/"},"img":{"alt_text":"","src":"https:\/\/i0.wp.com\/ismaelcolosi.com.br\/wp-content\/uploads\/2023\/12\/postimg-656cbe4d352ce5761.jpg?fit=1200%2C628&ssl=1&resize=350%2C200","width":350,"height":200,"srcset":"https:\/\/i0.wp.com\/ismaelcolosi.com.br\/wp-content\/uploads\/2023\/12\/postimg-656cbe4d352ce5761.jpg?fit=1200%2C628&ssl=1&resize=350%2C200 1x, https:\/\/i0.wp.com\/ismaelcolosi.com.br\/wp-content\/uploads\/2023\/12\/postimg-656cbe4d352ce5761.jpg?fit=1200%2C628&ssl=1&resize=525%2C300 1.5x, https:\/\/i0.wp.com\/ismaelcolosi.com.br\/wp-content\/uploads\/2023\/12\/postimg-656cbe4d352ce5761.jpg?fit=1200%2C628&ssl=1&resize=700%2C400 2x, https:\/\/i0.wp.com\/ismaelcolosi.com.br\/wp-content\/uploads\/2023\/12\/postimg-656cbe4d352ce5761.jpg?fit=1200%2C628&ssl=1&resize=1050%2C600 3x"},"classes":[]},{"id":44947,"url":"https:\/\/ismaelcolosi.com.br\/index.php\/2024\/04\/01\/rp-abre-800-vagas-para-castracao-gratuita-de-caes-e-gatos\/","url_meta":{"origin":9639,"position":1},"title":"RP abre 800 vagas para castra\u00e7\u00e3o gratuita de c\u00e3es e gatos","author":"ismaelcolosi.com.br","date":"1 de Abril de 2024","format":false,"excerpt":"[ad_1] A Prefeitura de Ribeir\u00e3o Preto, por meio da Secretaria Municipal de Meio Ambiente, abrir\u00e1 inscri\u00e7\u00f5es para interessados em castrar seus animais de estima\u00e7\u00e3o, c\u00e3es e gatos, gratuitamente. Ser\u00e1 poss\u00edvel cadastrar at\u00e9 cinco animais por CPF. O processo est\u00e1 sendo organizado pela Divis\u00e3o de Bem-Estar Animal \u2013 DBEA, que realizar\u00e1\u2026","rel":"","context":"In &quot;Not\u00edcias de Ribeir\u00e3o Preto-SP e Regi\u00e3o&quot;","block_context":{"text":"Not\u00edcias de Ribeir\u00e3o Preto-SP e Regi\u00e3o","link":"https:\/\/ismaelcolosi.com.br\/index.php\/category\/noticias-de-ribeirao-preto-sp-e-regiao-ismael-colosi\/"},"img":{"alt_text":"","src":"https:\/\/i0.wp.com\/ismaelcolosi.com.br\/wp-content\/uploads\/2024\/04\/dbea_castracao_-_foto_guilherme_sircili_93.jpg?fit=750%2C500&ssl=1&resize=350%2C200","width":350,"height":200,"srcset":"https:\/\/i0.wp.com\/ismaelcolosi.com.br\/wp-content\/uploads\/2024\/04\/dbea_castracao_-_foto_guilherme_sircili_93.jpg?fit=750%2C500&ssl=1&resize=350%2C200 1x, https:\/\/i0.wp.com\/ismaelcolosi.com.br\/wp-content\/uploads\/2024\/04\/dbea_castracao_-_foto_guilherme_sircili_93.jpg?fit=750%2C500&ssl=1&resize=525%2C300 1.5x, https:\/\/i0.wp.com\/ismaelcolosi.com.br\/wp-content\/uploads\/2024\/04\/dbea_castracao_-_foto_guilherme_sircili_93.jpg?fit=750%2C500&ssl=1&resize=700%2C400 2x"},"classes":[]},{"id":50648,"url":"https:\/\/ismaelcolosi.com.br\/index.php\/2024\/05\/17\/ribeirao-preto-tem-500-vagas-gratuitas-para-castracao-de-caes-e-gatos-saiba-mais\/","url_meta":{"origin":9639,"position":2},"title":"Ribeir\u00e3o Preto tem 500 vagas gratuitas para castra\u00e7\u00e3o de c\u00e3es e gatos; Saiba mais","author":"ismaelcolosi.com.br","date":"17 de Maio de 2024","format":false,"excerpt":"[ad_1] A Prefeitura de Ribeir\u00e3o Preto, por meio da Secretaria Municipal de Meio Ambiente, anunciou nesta sexta-feira (17) que abrir\u00e1 500 novas vagas gratuitas para castra\u00e7\u00e3o de c\u00e3es e gatos. As inscri\u00e7\u00f5es acontecer\u00e3o em dois dias, sendo no dia 25, na escola municipal Domingos Angerami e, no dia 26, na\u2026","rel":"","context":"In &quot;Not\u00edcias de Ribeir\u00e3o Preto-SP e Regi\u00e3o&quot;","block_context":{"text":"Not\u00edcias de Ribeir\u00e3o Preto-SP e Regi\u00e3o","link":"https:\/\/ismaelcolosi.com.br\/index.php\/category\/noticias-de-ribeirao-preto-sp-e-regiao-ismael-colosi\/"},"img":{"alt_text":"","src":"https:\/\/i0.wp.com\/ismaelcolosi.com.br\/wp-content\/uploads\/2024\/05\/castracao_2024_-_foto_guilherme_sircili_101_2024-05-17_18-42-20_jpg_2024-05-17_18-42-20.webp.webp?fit=1200%2C800&ssl=1&resize=350%2C200","width":350,"height":200,"srcset":"https:\/\/i0.wp.com\/ismaelcolosi.com.br\/wp-content\/uploads\/2024\/05\/castracao_2024_-_foto_guilherme_sircili_101_2024-05-17_18-42-20_jpg_2024-05-17_18-42-20.webp.webp?fit=1200%2C800&ssl=1&resize=350%2C200 1x, https:\/\/i0.wp.com\/ismaelcolosi.com.br\/wp-content\/uploads\/2024\/05\/castracao_2024_-_foto_guilherme_sircili_101_2024-05-17_18-42-20_jpg_2024-05-17_18-42-20.webp.webp?fit=1200%2C800&ssl=1&resize=525%2C300 1.5x, https:\/\/i0.wp.com\/ismaelcolosi.com.br\/wp-content\/uploads\/2024\/05\/castracao_2024_-_foto_guilherme_sircili_101_2024-05-17_18-42-20_jpg_2024-05-17_18-42-20.webp.webp?fit=1200%2C800&ssl=1&resize=700%2C400 2x, https:\/\/i0.wp.com\/ismaelcolosi.com.br\/wp-content\/uploads\/2024\/05\/castracao_2024_-_foto_guilherme_sircili_101_2024-05-17_18-42-20_jpg_2024-05-17_18-42-20.webp.webp?fit=1200%2C800&ssl=1&resize=1050%2C600 3x"},"classes":[]},{"id":51034,"url":"https:\/\/ismaelcolosi.com.br\/index.php\/2024\/05\/22\/veja-como-se-inscrever-para-castracao-gratuita-de-caes-e-gatos-em-ribeirao-preto\/","url_meta":{"origin":9639,"position":3},"title":"Veja como se inscrever para castra\u00e7\u00e3o gratuita de c\u00e3es e gatos em Ribeir\u00e3o Preto","author":"ismaelcolosi.com.br","date":"22 de Maio de 2024","format":false,"excerpt":"[ad_1] A Prefeitura de Ribeir\u00e3o Preto abriu 500 vagas gratuitas para a castra\u00e7\u00e3o de c\u00e3es e gatos. Os interessados devem se inscrever neste s\u00e1bado (25) na escola municipal Domingos Angerami e no domingo (26) na Virg\u00edlio Salata (veja abaixo), das 8h \u00e0s 15h. De acordo com a administra\u00e7\u00e3o, cada tutor\u2026","rel":"","context":"In &quot;Not\u00edcias de Ribeir\u00e3o Preto-SP e Regi\u00e3o&quot;","block_context":{"text":"Not\u00edcias de Ribeir\u00e3o Preto-SP e Regi\u00e3o","link":"https:\/\/ismaelcolosi.com.br\/index.php\/category\/noticias-de-ribeirao-preto-sp-e-regiao-ismael-colosi\/"},"img":{"alt_text":"","src":"https:\/\/i0.wp.com\/ismaelcolosi.com.br\/wp-content\/uploads\/2024\/05\/Copia-de-Copia-de-TAMANHO-EXATO-PARA-FOTOS-NO-SISTEMA-NOVO-30_2024-05-22_16-01-52_jpg_2024-05-22_16-01-52.webp.webp?fit=1200%2C675&ssl=1&resize=350%2C200","width":350,"height":200,"srcset":"https:\/\/i0.wp.com\/ismaelcolosi.com.br\/wp-content\/uploads\/2024\/05\/Copia-de-Copia-de-TAMANHO-EXATO-PARA-FOTOS-NO-SISTEMA-NOVO-30_2024-05-22_16-01-52_jpg_2024-05-22_16-01-52.webp.webp?fit=1200%2C675&ssl=1&resize=350%2C200 1x, https:\/\/i0.wp.com\/ismaelcolosi.com.br\/wp-content\/uploads\/2024\/05\/Copia-de-Copia-de-TAMANHO-EXATO-PARA-FOTOS-NO-SISTEMA-NOVO-30_2024-05-22_16-01-52_jpg_2024-05-22_16-01-52.webp.webp?fit=1200%2C675&ssl=1&resize=525%2C300 1.5x, https:\/\/i0.wp.com\/ismaelcolosi.com.br\/wp-content\/uploads\/2024\/05\/Copia-de-Copia-de-TAMANHO-EXATO-PARA-FOTOS-NO-SISTEMA-NOVO-30_2024-05-22_16-01-52_jpg_2024-05-22_16-01-52.webp.webp?fit=1200%2C675&ssl=1&resize=700%2C400 2x, https:\/\/i0.wp.com\/ismaelcolosi.com.br\/wp-content\/uploads\/2024\/05\/Copia-de-Copia-de-TAMANHO-EXATO-PARA-FOTOS-NO-SISTEMA-NOVO-30_2024-05-22_16-01-52_jpg_2024-05-22_16-01-52.webp.webp?fit=1200%2C675&ssl=1&resize=1050%2C600 3x"},"classes":[]},{"id":45695,"url":"https:\/\/ismaelcolosi.com.br\/index.php\/2024\/04\/05\/prefeitura-de-ribeirao-preto-abre-inscricoes-para-800-castracoes-gratuitas-em-caes-e-gatos\/","url_meta":{"origin":9639,"position":4},"title":"Prefeitura de Ribeir\u00e3o Preto abre inscri\u00e7\u00f5es para 800 castra\u00e7\u00f5es gratuitas em c\u00e3es e gatos","author":"ismaelcolosi.com.br","date":"5 de Abril de 2024","format":false,"excerpt":"[ad_1] A Prefeitura de Ribeir\u00e3o Preto realiza neste s\u00e1bado (6) e domingo (7), das 8h \u00e0s 16h, inscri\u00e7\u00f5es para 800 castra\u00e7\u00f5es gratuitas de c\u00e3es e gatos. Os tutores podem inscrever at\u00e9 cinco animais por CPF. No s\u00e1bado (6), as inscri\u00e7\u00f5es podem ser feitas na escola municipal Professor Alfeu Luiz Gasparini,\u2026","rel":"","context":"In &quot;Not\u00edcias de Ribeir\u00e3o Preto-SP e Regi\u00e3o&quot;","block_context":{"text":"Not\u00edcias de Ribeir\u00e3o Preto-SP e Regi\u00e3o","link":"https:\/\/ismaelcolosi.com.br\/index.php\/category\/noticias-de-ribeirao-preto-sp-e-regiao-ismael-colosi\/"},"img":{"alt_text":"","src":"https:\/\/i0.wp.com\/ismaelcolosi.com.br\/wp-content\/uploads\/2024\/04\/Copia-de-Copia-de-TAMANHO-EXATO-PARA-FOTOS-NO-SISTEMA-NOVO-2-2.png?fit=1200%2C675&ssl=1&resize=350%2C200","width":350,"height":200,"srcset":"https:\/\/i0.wp.com\/ismaelcolosi.com.br\/wp-content\/uploads\/2024\/04\/Copia-de-Copia-de-TAMANHO-EXATO-PARA-FOTOS-NO-SISTEMA-NOVO-2-2.png?fit=1200%2C675&ssl=1&resize=350%2C200 1x, https:\/\/i0.wp.com\/ismaelcolosi.com.br\/wp-content\/uploads\/2024\/04\/Copia-de-Copia-de-TAMANHO-EXATO-PARA-FOTOS-NO-SISTEMA-NOVO-2-2.png?fit=1200%2C675&ssl=1&resize=525%2C300 1.5x, https:\/\/i0.wp.com\/ismaelcolosi.com.br\/wp-content\/uploads\/2024\/04\/Copia-de-Copia-de-TAMANHO-EXATO-PARA-FOTOS-NO-SISTEMA-NOVO-2-2.png?fit=1200%2C675&ssl=1&resize=700%2C400 2x, https:\/\/i0.wp.com\/ismaelcolosi.com.br\/wp-content\/uploads\/2024\/04\/Copia-de-Copia-de-TAMANHO-EXATO-PARA-FOTOS-NO-SISTEMA-NOVO-2-2.png?fit=1200%2C675&ssl=1&resize=1050%2C600 3x"},"classes":[]},{"id":15022,"url":"https:\/\/ismaelcolosi.com.br\/index.php\/2023\/12\/12\/estes-sao-os-sinais-de-gonorreia-em-mulheres-e-homens\/","url_meta":{"origin":9639,"position":5},"title":"Estes s\u00e3o os sinais de gonorreia em mulheres e homens","author":"ismaelcolosi.com.br","date":"12 de Dezembro de 2023","format":false,"excerpt":"[ad_1] A gonorreia \u00e9 uma infec\u00e7\u00e3o sexualmente transmiss\u00edvel (IST) causada pela bact\u00e9ria Neisseria gonorrhoeae. Essa \u00e9 a segunda IST bacteriana mais comum no mundo depois da clam\u00eddia. Ela \u00e9 transmitida atrav\u00e9s de qualquer tipo de rela\u00e7\u00e3o sexual (vaginal, anal e oral). Uma mulher que contrai gonorreia durante a gravidez pode\u2026","rel":"","context":"In &quot;Variedades&quot;","block_context":{"text":"Variedades","link":"https:\/\/ismaelcolosi.com.br\/index.php\/category\/variedades\/"},"img":{"alt_text":"","src":"https:\/\/i0.wp.com\/ismaelcolosi.com.br\/wp-content\/uploads\/2023\/12\/istock-1366769693-1.jpg?fit=1200%2C638&ssl=1&resize=350%2C200","width":350,"height":200,"srcset":"https:\/\/i0.wp.com\/ismaelcolosi.com.br\/wp-content\/uploads\/2023\/12\/istock-1366769693-1.jpg?fit=1200%2C638&ssl=1&resize=350%2C200 1x, https:\/\/i0.wp.com\/ismaelcolosi.com.br\/wp-content\/uploads\/2023\/12\/istock-1366769693-1.jpg?fit=1200%2C638&ssl=1&resize=525%2C300 1.5x, https:\/\/i0.wp.com\/ismaelcolosi.com.br\/wp-content\/uploads\/2023\/12\/istock-1366769693-1.jpg?fit=1200%2C638&ssl=1&resize=700%2C400 2x, https:\/\/i0.wp.com\/ismaelcolosi.com.br\/wp-content\/uploads\/2023\/12\/istock-1366769693-1.jpg?fit=1200%2C638&ssl=1&resize=1050%2C600 3x"},"classes":[]}],"jetpack_sharing_enabled":true,"jetpack_shortlink":"https:\/\/wp.me\/pfMlyK-2vt","jetpack_featured_media_url":"https:\/\/i0.wp.com\/ismaelcolosi.com.br\/wp-content\/uploads\/2023\/12\/depositphotos-194048786-l.jpg?fit=1200%2C638&ssl=1","_links":{"self":[{"href":"https:\/\/ismaelcolosi.com.br\/index.php\/wp-json\/wp\/v2\/posts\/9639","targetHints":{"allow":["GET"]}}],"collection":[{"href":"https:\/\/ismaelcolosi.com.br\/index.php\/wp-json\/wp\/v2\/posts"}],"about":[{"href":"https:\/\/ismaelcolosi.com.br\/index.php\/wp-json\/wp\/v2\/types\/post"}],"author":[{"embeddable":true,"href":"https:\/\/ismaelcolosi.com.br\/index.php\/wp-json\/wp\/v2\/users\/1"}],"replies":[{"embeddable":true,"href":"https:\/\/ismaelcolosi.com.br\/index.php\/wp-json\/wp\/v2\/comments?post=9639"}],"version-history":[{"count":0,"href":"https:\/\/ismaelcolosi.com.br\/index.php\/wp-json\/wp\/v2\/posts\/9639\/revisions"}],"wp:featuredmedia":[{"embeddable":true,"href":"https:\/\/ismaelcolosi.com.br\/index.php\/wp-json\/wp\/v2\/media\/9640"}],"wp:attachment":[{"href":"https:\/\/ismaelcolosi.com.br\/index.php\/wp-json\/wp\/v2\/media?parent=9639"}],"wp:term":[{"taxonomy":"category","embeddable":true,"href":"https:\/\/ismaelcolosi.com.br\/index.php\/wp-json\/wp\/v2\/categories?post=9639"},{"taxonomy":"post_tag","embeddable":true,"href":"https:\/\/ismaelcolosi.com.br\/index.php\/wp-json\/wp\/v2\/tags?post=9639"}],"curies":[{"name":"wp","href":"https:\/\/api.w.org\/{rel}","templated":true}]}}