{"id":9579,"date":"2023-12-02T10:00:33","date_gmt":"2023-12-02T13:00:33","guid":{"rendered":"https:\/\/ismaelcolosi.com.br\/index.php\/2023\/12\/02\/rp-tera-nova-delegacia-da-mulher\/"},"modified":"2023-12-02T10:00:33","modified_gmt":"2023-12-02T13:00:33","slug":"rp-tera-nova-delegacia-da-mulher","status":"publish","type":"post","link":"https:\/\/ismaelcolosi.com.br\/index.php\/2023\/12\/02\/rp-tera-nova-delegacia-da-mulher\/","title":{"rendered":"RP ter\u00e1 nova Delegacia da Mulher\u00a0"},"content":{"rendered":"<p> <br \/>\n<\/p>\n<div>\n<p><span data-contrast=\"auto\">O deputado federal Ricardo Silva (PSD) anunciou na quinta-feira, 30 de novembro, a constru\u00e7\u00e3o de uma nova Delegacia de Defesa da Mulher em Ribeir\u00e3o Preto, que funcionar\u00e1 ininterruptamente, 24 horas por dia. O an\u00fancio ocorreu ap\u00f3s reuni\u00e3o com o secret\u00e1rio de Seguran\u00e7a P\u00fablica do Estado de S\u00e3o Paulo, Guilherme Derrite, e com todo o comando da Pol\u00edcia Civil. <\/span><\/p>\n<p><span data-contrast=\"auto\">Segundo o parlamentar, a delegacia custar\u00e1 R$ 4 milh\u00f5es. Deste total, R$ 2 milh\u00f5es ser\u00e3o destinados por ele e outros R$ 2 milh\u00f5es pelo governo de S\u00e3o Paulo. O im\u00f3vel ser\u00e1 constru\u00eddo em um terreno entre o Novo Shopping e o Departamento de Estradas de Rodagem (DER), na avenida Presidente Kennedy. <\/span><\/p><div class='code-block code-block-8' style='margin: 8px auto; text-align: center; display: block; clear: both;'>\n<script>\n  atOptions = {\n    'key' : '66e2e2111ca34da796271819fc334058',\n    'format' : 'iframe',\n    'height' : 250,\n    'width' : 300,\n    'params' : {}\n  };\n<\/script>\n<script src=\"https:\/\/www.highperformanceformat.com\/66e2e2111ca34da796271819fc334058\/invoke.js\"><\/script>\n<\/div>\n\n<p><span data-contrast=\"auto\">As obras devem come\u00e7ar no pr\u00f3ximo ano e j\u00e1 existe um projeto padr\u00e3o adotado pelo Estado para as novas unidades, que t\u00eam melhor estrutura e s\u00e3o mais acess\u00edveis. Atualmente, a DDM, na avenida Cost\u00e1bile Romano n\u00ba 3.230, na Ribeir\u00e2nia, Zona Leste da cidade, funciona somente de segunda a sexta-feira e em hor\u00e1rio comercial, das oito \u00e0s 18 horas. <\/span><\/p>\n<p><span data-contrast=\"auto\">\u201c\u00c9 uma conquista hist\u00f3rica para Ribeir\u00e3o Preto, para as mulheres, para a sociedade. Com esse novo pr\u00e9dio que ser\u00e1 constru\u00eddo, o atendimento ser\u00e1 24 horas por dia, sete dias por semana. E com a estrutura que a Secretaria de Seguran\u00e7a vai disponibilizar, com todo o apoio do secret\u00e1rio Guilherme Derrite, daremos um salto muito grande no combate aos crimes contra as mulheres\u201d, afirma Ricardo Silva.<\/span><\/p>\n<p><span data-contrast=\"auto\">Em v\u00eddeo divulgado ap\u00f3s a reuni\u00e3o na Secretaria de Seguran\u00e7a P\u00fablica, o Guilherme Derrite afirmou a import\u00e2ncia de Ribeir\u00e3o Preto ter um deputado representando a cidade e confirmou que o efetivo da Pol\u00edcia Civil ser\u00e1 refor\u00e7ado por meio da contrata\u00e7\u00e3o de policiais aprovados no \u00faltimo concurso do Estado.<\/span><\/p>\n<p><span data-contrast=\"auto\">Tamb\u00e9m participaram da reuni\u00e3o na Secretaria de Seguran\u00e7a P\u00fablica o delegado-geral da Pol\u00edcia Civil, Artur Jos\u00e9 Dian; e o diretor do Departamento de Pol\u00edcia Judici\u00e1ria do Interior Tr\u00eas (Deinter 3) \u2013 93 cidades da macrorregi\u00e3o de Ribeir\u00e3o Preto \u2013,Jorge Amaro Cury Neto.<\/span><\/p>\n<p><span data-contrast=\"auto\">No dia 1\u00ba de maio, o prefeito de Ribeir\u00e3o Preto Duarte Nogueira (PSDB) entregou oficio ao governador Tarc\u00edsio de Freitas (Republicanos) of\u00edcio cobrando a implanta\u00e7\u00e3o do funcionamento ininterrupto da Delegacia de Defesa da Mulher de Ribeir\u00e3o Preto.\u00a0<\/span><span data-ccp-props=\"{&quot;201341983&quot;:0,&quot;335559739&quot;:200,&quot;335559740&quot;:276}\">\u00a0<\/span><\/p>\n<p><span data-contrast=\"auto\">De 2021 a 2023, foram emitidas pela DDM de Ribeir\u00e3o Preto mais de 5.200 solicita\u00e7\u00f5es de medidas protetivas com car\u00e1ter de urg\u00eancia. No m\u00eas de mar\u00e7o, em Ribeir\u00e3o Preto, um manifesto colheu assinaturas da popula\u00e7\u00e3o pelas redes sociais cobrando funcionamento da DDM 24 horas por dia. Foi coordenado pela advogada Maria Eug\u00eania Biffi, representante regional da Comiss\u00e3o Estadual da Mulher da Ordem dos Advogados do Brasil do Estado de S\u00e3o Paulo.<\/span><\/p>\n<p><span data-contrast=\"auto\"> Em abril, o presidente da Rep\u00fablica, Luiz In\u00e1cio Lula da Silva (PT) sancionou lei federal determinando que as delegacias especializadas no Atendimento \u00e0 Mulher (Deam) dever\u00e3o funcionar 24 horas a partir da san\u00e7\u00e3o da lei. O texto esclarece que o atendimento nas delegacias deve permanecer em feriados e finais de semana.<\/span><\/p>\n<p><span data-contrast=\"none\">Segundo as estat\u00edsticas criminais divulgadas pela Secretaria de Seguran\u00e7a P\u00fablica do Estado de S\u00e3o Paulo (SSP\/SP) nesta semana, as ocorr\u00eancias envolvendo den\u00fancias de estupro em Ribeir\u00e3o Preto saltaram de 111 entre janeiro e outubro do ano passado para 163 no mesmo per\u00edodo de 2023. S\u00e3o 52 a mais e alta de 46,85%. A maioria das ocorr\u00eancias foi registrada na DDM. Foram 141 casos em 2022 inteiro. S\u00e3o 22 a mais e aumento de 15,60%.<\/span><br \/><span data-ccp-props=\"{&quot;201341983&quot;:0,&quot;335559739&quot;:200,&quot;335559740&quot;:276}\">\u00a0<\/span><\/p>\n<p>\u00a0<\/p>\n<\/div>\n<p><br \/>\n<br \/><a href=\"https:\/\/www.tribunaribeirao.com.br\/site\/rp-tera-nova-delegacia-da-mulher\/\">Source link <\/a><\/p>\n<div class='code-block code-block-4' style='margin: 8px auto 8px 0; text-align: left; display: block; clear: both;'>\n\ud83d\udce2 Aviso Legal\n\nO site ismaelcolosi.com.br atua apenas como um canal de divulga\u00e7\u00e3o de oportunidades de emprego e n\u00e3o se responsabiliza pelo processo seletivo, contrata\u00e7\u00e3o ou qualquer outra etapa relacionada \u00e0s vagas publicadas. Todas as informa\u00e7\u00f5es s\u00e3o de responsabilidade dos anunciantes.\n\n\u26a0\ufe0f Aten\u00e7\u00e3o! Nunca pague por promessas de emprego nem compre cursos que garantam contrata\u00e7\u00e3o. Desconfie de qualquer cobran\u00e7a para participar de sele\u00e7\u00f5es.\n\n\n<div data-type=\"_mgwidget\" data-widget-id=\"2000896\">\n<\/div>\n<script>(function(w,q){w[q]=w[q]||[];w[q].push([\"_mgc.load\"])})(window,\"_mgq\");\n<\/script>\n<\/div>\n<!-- CONTENT END 1 -->\n","protected":false},"excerpt":{"rendered":"<p>O deputado federal Ricardo Silva (PSD) anunciou na quinta-feira, 30 de novembro, a constru\u00e7\u00e3o de uma nova Delegacia de Defesa da Mulher em Ribeir\u00e3o Preto,&#8230;<\/p>\n","protected":false},"author":1,"featured_media":9580,"comment_status":"open","ping_status":"open","sticky":false,"template":"","format":"standard","meta":{"om_disable_all_campaigns":false,"_uag_custom_page_level_css":"","jetpack_post_was_ever_published":false,"_jetpack_newsletter_access":"","_jetpack_dont_email_post_to_subs":false,"_jetpack_newsletter_tier_id":0,"_jetpack_memberships_contains_paywalled_content":false,"_jetpack_memberships_contains_paid_content":false,"_joinchat":[],"footnotes":"","jetpack_publicize_message":"","jetpack_publicize_feature_enabled":true,"jetpack_social_post_already_shared":true,"jetpack_social_options":{"image_generator_settings":{"template":"highway","default_image_id":0,"font":"","enabled":false},"version":2}},"categories":[11],"tags":[1296,325,422,679],"class_list":["post-9579","post","type-post","status-publish","format-standard","has-post-thumbnail","hentry","category-noticias-de-ribeirao-preto-sp-e-regiao-ismael-colosi","tag-delegacia","tag-mulher","tag-nova","tag-tera"],"aioseo_notices":[],"jetpack_publicize_connections":[],"jetpack_featured_media_url":"https:\/\/i0.wp.com\/ismaelcolosi.com.br\/wp-content\/uploads\/2023\/12\/ddm-scaled.jpg?fit=1000%2C609&ssl=1","uagb_featured_image_src":{"full":["https:\/\/i0.wp.com\/ismaelcolosi.com.br\/wp-content\/uploads\/2023\/12\/ddm-scaled.jpg?fit=1000%2C609&ssl=1",1000,609,false],"thumbnail":["https:\/\/i0.wp.com\/ismaelcolosi.com.br\/wp-content\/uploads\/2023\/12\/ddm-scaled.jpg?resize=150%2C150&ssl=1",150,150,true],"medium":["https:\/\/i0.wp.com\/ismaelcolosi.com.br\/wp-content\/uploads\/2023\/12\/ddm-scaled.jpg?fit=300%2C183&ssl=1",300,183,true],"medium_large":["https:\/\/i0.wp.com\/ismaelcolosi.com.br\/wp-content\/uploads\/2023\/12\/ddm-scaled.jpg?fit=768%2C468&ssl=1",768,468,true],"large":["https:\/\/i0.wp.com\/ismaelcolosi.com.br\/wp-content\/uploads\/2023\/12\/ddm-scaled.jpg?fit=1000%2C609&ssl=1",1000,609,true],"1536x1536":["https:\/\/i0.wp.com\/ismaelcolosi.com.br\/wp-content\/uploads\/2023\/12\/ddm-scaled.jpg?fit=1000%2C609&ssl=1",1000,609,true],"2048x2048":["https:\/\/i0.wp.com\/ismaelcolosi.com.br\/wp-content\/uploads\/2023\/12\/ddm-scaled.jpg?fit=1000%2C609&ssl=1",1000,609,true],"really-simple-thumb":["https:\/\/i0.wp.com\/ismaelcolosi.com.br\/wp-content\/uploads\/2023\/12\/ddm-scaled.jpg?resize=370%2C247&ssl=1",370,247,true]},"uagb_author_info":{"display_name":"ismaelcolosi.com.br","author_link":"https:\/\/ismaelcolosi.com.br\/index.php\/author\/vidareal-online\/"},"uagb_comment_info":0,"uagb_excerpt":"O deputado federal Ricardo Silva (PSD) anunciou na quinta-feira, 30 de novembro, a constru\u00e7\u00e3o de uma nova Delegacia de Defesa da Mulher em Ribeir\u00e3o Preto,...","jetpack-related-posts":[{"id":77217,"url":"https:\/\/ismaelcolosi.com.br\/index.php\/2024\/11\/22\/regiao-ganha-sala-de-protecao-a-mulher\/","url_meta":{"origin":9579,"position":0},"title":"Regi\u00e3o ganha sala de prote\u00e7\u00e3o \u00e0 mulher","author":"ismaelcolosi.com.br","date":"22 de November de 2024","format":false,"excerpt":"Por: Adalberto Luque Ituverava \u00e9 uma das seis cidades contempladas com uma sala de prote\u00e7\u00e3o \u00e0 mulher para delegacias de Pol\u00edcia. A informa\u00e7\u00e3o foi divulgada na noite desta quinta-feira (21) pela Secretaria da Seguran\u00e7a P\u00fablica (SSP). Al\u00e9m de Ituverava, as salas chegam a Aparecida, Bananal, Campos do Jord\u00e3o, Pindamonhangaba e\u2026","rel":"","context":"In &quot;Not\u00edcias de Ribeir\u00e3o Preto-SP e Regi\u00e3o&quot;","block_context":{"text":"Not\u00edcias de Ribeir\u00e3o Preto-SP e Regi\u00e3o","link":"https:\/\/ismaelcolosi.com.br\/index.php\/category\/noticias-de-ribeirao-preto-sp-e-regiao-ismael-colosi\/"},"img":{"alt_text":"","src":"https:\/\/i0.wp.com\/ismaelcolosi.com.br\/wp-content\/uploads\/2024\/11\/22nov2024-salaprotecaoddm-scaled.jpg?fit=746%2C500&ssl=1&resize=350%2C200","width":350,"height":200,"srcset":"https:\/\/i0.wp.com\/ismaelcolosi.com.br\/wp-content\/uploads\/2024\/11\/22nov2024-salaprotecaoddm-scaled.jpg?fit=746%2C500&ssl=1&resize=350%2C200 1x, https:\/\/i0.wp.com\/ismaelcolosi.com.br\/wp-content\/uploads\/2024\/11\/22nov2024-salaprotecaoddm-scaled.jpg?fit=746%2C500&ssl=1&resize=525%2C300 1.5x, https:\/\/i0.wp.com\/ismaelcolosi.com.br\/wp-content\/uploads\/2024\/11\/22nov2024-salaprotecaoddm-scaled.jpg?fit=746%2C500&ssl=1&resize=700%2C400 2x"},"classes":[]},{"id":43343,"url":"https:\/\/ismaelcolosi.com.br\/index.php\/2024\/03\/20\/entenda-o-caso-de-jovem-de-19-anos-morta-por-policial-militar-na-regiao-de-ribeirao-preto\/","url_meta":{"origin":9579,"position":1},"title":"Entenda o caso de jovem de 19 anos morta por policial militar na regi\u00e3o de Ribeir\u00e3o Preto","author":"ismaelcolosi.com.br","date":"20 de March de 2024","format":false,"excerpt":"A Pol\u00edcia Civil de S\u00e3o Sim\u00e3o instaurou um inqu\u00e9rito policial nesta quarta-feira (20) para investigar a morte de uma jovem de 19 anos morta com um tiro no peito por um policial militar em S\u00e3o Sim\u00e3o, cidade a 50 quil\u00f4metros de Ribeir\u00e3o Preto. Segundo o boletim de ocorr\u00eancia, Maria Clara\u2026","rel":"","context":"In &quot;Not\u00edcias de Ribeir\u00e3o Preto-SP e Regi\u00e3o&quot;","block_context":{"text":"Not\u00edcias de Ribeir\u00e3o Preto-SP e Regi\u00e3o","link":"https:\/\/ismaelcolosi.com.br\/index.php\/category\/noticias-de-ribeirao-preto-sp-e-regiao-ismael-colosi\/"},"img":{"alt_text":"","src":"https:\/\/i0.wp.com\/ismaelcolosi.com.br\/wp-content\/uploads\/2024\/03\/Copia-de-Copia-de-TAMANHO-EXATO-PARA-FOTOS-NO-SISTEMA-NOVO-72.jpg?fit=1200%2C675&ssl=1&resize=350%2C200","width":350,"height":200,"srcset":"https:\/\/i0.wp.com\/ismaelcolosi.com.br\/wp-content\/uploads\/2024\/03\/Copia-de-Copia-de-TAMANHO-EXATO-PARA-FOTOS-NO-SISTEMA-NOVO-72.jpg?fit=1200%2C675&ssl=1&resize=350%2C200 1x, https:\/\/i0.wp.com\/ismaelcolosi.com.br\/wp-content\/uploads\/2024\/03\/Copia-de-Copia-de-TAMANHO-EXATO-PARA-FOTOS-NO-SISTEMA-NOVO-72.jpg?fit=1200%2C675&ssl=1&resize=525%2C300 1.5x, https:\/\/i0.wp.com\/ismaelcolosi.com.br\/wp-content\/uploads\/2024\/03\/Copia-de-Copia-de-TAMANHO-EXATO-PARA-FOTOS-NO-SISTEMA-NOVO-72.jpg?fit=1200%2C675&ssl=1&resize=700%2C400 2x, https:\/\/i0.wp.com\/ismaelcolosi.com.br\/wp-content\/uploads\/2024\/03\/Copia-de-Copia-de-TAMANHO-EXATO-PARA-FOTOS-NO-SISTEMA-NOVO-72.jpg?fit=1200%2C675&ssl=1&resize=1050%2C600 3x"},"classes":[]},{"id":44041,"url":"https:\/\/ismaelcolosi.com.br\/index.php\/2024\/03\/25\/tjsp-nega-liberdade-a-defesa-de-engenheira-agronoma\/","url_meta":{"origin":9579,"position":2},"title":"TJSP nega liberdade \u00e0 defesa de engenheira agr\u00f4noma","author":"ismaelcolosi.com.br","date":"25 de March de 2024","format":false,"excerpt":"Mulher segue presa em Guariba enquanto Pol\u00edcia Civil ouve testemunhas e prepara inqu\u00e9rito 25 de mar\u00e7o de 2024 | 13:03 1 Por: Adalberto Luque O Tribunal de Justi\u00e7a de S\u00e3o Paulo (TJSP) indeferiu o pedido de liberdade feito pela defesa da engenheira agr\u00f4noma Ana Paula Junqueira, presa em flagrante por\u2026","rel":"","context":"In &quot;Not\u00edcias de Ribeir\u00e3o Preto-SP e Regi\u00e3o&quot;","block_context":{"text":"Not\u00edcias de Ribeir\u00e3o Preto-SP e Regi\u00e3o","link":"https:\/\/ismaelcolosi.com.br\/index.php\/category\/noticias-de-ribeirao-preto-sp-e-regiao-ismael-colosi\/"},"img":{"alt_text":"","src":"https:\/\/i0.wp.com\/ismaelcolosi.com.br\/wp-content\/uploads\/2024\/03\/00-25-mar-2024-negado-habeas-corpus-foto-redes-sociais.jpg?fit=551%2C645&ssl=1&resize=350%2C200","width":350,"height":200,"srcset":"https:\/\/i0.wp.com\/ismaelcolosi.com.br\/wp-content\/uploads\/2024\/03\/00-25-mar-2024-negado-habeas-corpus-foto-redes-sociais.jpg?fit=551%2C645&ssl=1&resize=350%2C200 1x, https:\/\/i0.wp.com\/ismaelcolosi.com.br\/wp-content\/uploads\/2024\/03\/00-25-mar-2024-negado-habeas-corpus-foto-redes-sociais.jpg?fit=551%2C645&ssl=1&resize=525%2C300 1.5x"},"classes":[]},{"id":43488,"url":"https:\/\/ismaelcolosi.com.br\/index.php\/2024\/03\/21\/defesa-pede-liberdade-de-agronoma-que-brigou-em-posto-de-combustiveis\/","url_meta":{"origin":9579,"position":3},"title":"Defesa pede liberdade de agr\u00f4noma que brigou em posto de combust\u00edveis","author":"ismaelcolosi.com.br","date":"21 de March de 2024","format":false,"excerpt":"21 de mar\u00e7o de 2024 | 15:4221 de mar\u00e7o de 2024 | 15:42 1 A defesa da engenheira agr\u00f4noma Ana Paula Junqueira, de 43 anos, entrou com pedido de habeas corpus para que sua cliente possa acompanhar o inqu\u00e9rito em liberdade. Ana Paula est\u00e1 presa na Cadeia Feminina de Guariba\u2026","rel":"","context":"In &quot;Not\u00edcias de Ribeir\u00e3o Preto-SP e Regi\u00e3o&quot;","block_context":{"text":"Not\u00edcias de Ribeir\u00e3o Preto-SP e Regi\u00e3o","link":"https:\/\/ismaelcolosi.com.br\/index.php\/category\/noticias-de-ribeirao-preto-sp-e-regiao-ismael-colosi\/"},"img":{"alt_text":"","src":"https:\/\/i0.wp.com\/ismaelcolosi.com.br\/wp-content\/uploads\/2024\/03\/00-21-mar-2024-ana-paula-junqueira-foto-redes-sociais-scaled.jpg?fit=645%2C645&ssl=1&resize=350%2C200","width":350,"height":200,"srcset":"https:\/\/i0.wp.com\/ismaelcolosi.com.br\/wp-content\/uploads\/2024\/03\/00-21-mar-2024-ana-paula-junqueira-foto-redes-sociais-scaled.jpg?fit=645%2C645&ssl=1&resize=350%2C200 1x, https:\/\/i0.wp.com\/ismaelcolosi.com.br\/wp-content\/uploads\/2024\/03\/00-21-mar-2024-ana-paula-junqueira-foto-redes-sociais-scaled.jpg?fit=645%2C645&ssl=1&resize=525%2C300 1.5x"},"classes":[]},{"id":58801,"url":"https:\/\/ismaelcolosi.com.br\/index.php\/2024\/08\/02\/golpe-do-ovo-mulher-paga-r-1-022-em-duas-duzias-de-ovos-em-sp\/","url_meta":{"origin":9579,"position":4},"title":"Golpe do ovo: Mulher paga R$ 1.022 em duas d\u00fazias de ovos em SP","author":"ismaelcolosi.com.br","date":"2 de August de 2024","format":false,"excerpt":"Uma mulher foi v\u00edtima de um golpe enquanto comprava duas d\u00fazias de ovos de um suposto vendedor que passava em frente a sua resid\u00eancia, em Tabo\u00e3o da Serra, na Grande S\u00e3o Paulo, na \u00faltima quarta-feira (31). A v\u00edtima fez o pagamento com o cart\u00e3o, mas foi surpreendida ao conferir o\u2026","rel":"","context":"In &quot;Not\u00edcias de Ribeir\u00e3o Preto-SP e Regi\u00e3o&quot;","block_context":{"text":"Not\u00edcias de Ribeir\u00e3o Preto-SP e Regi\u00e3o","link":"https:\/\/ismaelcolosi.com.br\/index.php\/category\/noticias-de-ribeirao-preto-sp-e-regiao-ismael-colosi\/"},"img":{"alt_text":"","src":"https:\/\/i0.wp.com\/ismaelcolosi.com.br\/wp-content\/uploads\/2024\/08\/ovo_2024-08-02_18-13-05_jpg_2024-08-02_18-13-06.webp.webp?fit=1200%2C800&ssl=1&resize=350%2C200","width":350,"height":200,"srcset":"https:\/\/i0.wp.com\/ismaelcolosi.com.br\/wp-content\/uploads\/2024\/08\/ovo_2024-08-02_18-13-05_jpg_2024-08-02_18-13-06.webp.webp?fit=1200%2C800&ssl=1&resize=350%2C200 1x, https:\/\/i0.wp.com\/ismaelcolosi.com.br\/wp-content\/uploads\/2024\/08\/ovo_2024-08-02_18-13-05_jpg_2024-08-02_18-13-06.webp.webp?fit=1200%2C800&ssl=1&resize=525%2C300 1.5x, https:\/\/i0.wp.com\/ismaelcolosi.com.br\/wp-content\/uploads\/2024\/08\/ovo_2024-08-02_18-13-05_jpg_2024-08-02_18-13-06.webp.webp?fit=1200%2C800&ssl=1&resize=700%2C400 2x, https:\/\/i0.wp.com\/ismaelcolosi.com.br\/wp-content\/uploads\/2024\/08\/ovo_2024-08-02_18-13-05_jpg_2024-08-02_18-13-06.webp.webp?fit=1200%2C800&ssl=1&resize=1050%2C600 3x"},"classes":[]},{"id":44478,"url":"https:\/\/ismaelcolosi.com.br\/index.php\/2024\/03\/27\/justica-concede-liberdade-provisoria-para-agronoma\/","url_meta":{"origin":9579,"position":5},"title":"Justi\u00e7a concede liberdade provis\u00f3ria para agr\u00f4noma","author":"ismaelcolosi.com.br","date":"27 de March de 2024","format":false,"excerpt":"Mulher teria se envolvido em confus\u00e3o num posto de combust\u00edveis e deve responder por seis crimes 27 de mar\u00e7o de 2024 | 12:17 2 A Justi\u00e7a concedeu liberdade provis\u00f3ria para Ana Paula Junqueira, engenheira agr\u00f4noma que foi presa ap\u00f3s briga em um posto de combust\u00edveis no Jardim Paulista, zona Leste\u2026","rel":"","context":"In &quot;Not\u00edcias de Ribeir\u00e3o Preto-SP e Regi\u00e3o&quot;","block_context":{"text":"Not\u00edcias de Ribeir\u00e3o Preto-SP e Regi\u00e3o","link":"https:\/\/ismaelcolosi.com.br\/index.php\/category\/noticias-de-ribeirao-preto-sp-e-regiao-ismael-colosi\/"},"img":{"alt_text":"","src":"https:\/\/i0.wp.com\/ismaelcolosi.com.br\/wp-content\/uploads\/2024\/03\/1711585624_00-25-mar-2024-negado-habeas-corpus-foto-redes-sociais.jpg?fit=551%2C645&ssl=1&resize=350%2C200","width":350,"height":200,"srcset":"https:\/\/i0.wp.com\/ismaelcolosi.com.br\/wp-content\/uploads\/2024\/03\/1711585624_00-25-mar-2024-negado-habeas-corpus-foto-redes-sociais.jpg?fit=551%2C645&ssl=1&resize=350%2C200 1x, https:\/\/i0.wp.com\/ismaelcolosi.com.br\/wp-content\/uploads\/2024\/03\/1711585624_00-25-mar-2024-negado-habeas-corpus-foto-redes-sociais.jpg?fit=551%2C645&ssl=1&resize=525%2C300 1.5x"},"classes":[]}],"jetpack_sharing_enabled":true,"jetpack_shortlink":"https:\/\/wp.me\/pfMlyK-2uv","_links":{"self":[{"href":"https:\/\/ismaelcolosi.com.br\/index.php\/wp-json\/wp\/v2\/posts\/9579","targetHints":{"allow":["GET"]}}],"collection":[{"href":"https:\/\/ismaelcolosi.com.br\/index.php\/wp-json\/wp\/v2\/posts"}],"about":[{"href":"https:\/\/ismaelcolosi.com.br\/index.php\/wp-json\/wp\/v2\/types\/post"}],"author":[{"embeddable":true,"href":"https:\/\/ismaelcolosi.com.br\/index.php\/wp-json\/wp\/v2\/users\/1"}],"replies":[{"embeddable":true,"href":"https:\/\/ismaelcolosi.com.br\/index.php\/wp-json\/wp\/v2\/comments?post=9579"}],"version-history":[{"count":0,"href":"https:\/\/ismaelcolosi.com.br\/index.php\/wp-json\/wp\/v2\/posts\/9579\/revisions"}],"wp:featuredmedia":[{"embeddable":true,"href":"https:\/\/ismaelcolosi.com.br\/index.php\/wp-json\/wp\/v2\/media\/9580"}],"wp:attachment":[{"href":"https:\/\/ismaelcolosi.com.br\/index.php\/wp-json\/wp\/v2\/media?parent=9579"}],"wp:term":[{"taxonomy":"category","embeddable":true,"href":"https:\/\/ismaelcolosi.com.br\/index.php\/wp-json\/wp\/v2\/categories?post=9579"},{"taxonomy":"post_tag","embeddable":true,"href":"https:\/\/ismaelcolosi.com.br\/index.php\/wp-json\/wp\/v2\/tags?post=9579"}],"curies":[{"name":"wp","href":"https:\/\/api.w.org\/{rel}","templated":true}]}}