{"id":9575,"date":"2023-12-02T10:34:03","date_gmt":"2023-12-02T13:34:03","guid":{"rendered":"https:\/\/ismaelcolosi.com.br\/index.php\/2023\/12\/02\/feijoes-aceleram-recuperacao-do-cancer-revela-estudo\/"},"modified":"2023-12-02T10:34:03","modified_gmt":"2023-12-02T13:34:03","slug":"feijoes-aceleram-recuperacao-do-cancer-revela-estudo","status":"publish","type":"post","link":"https:\/\/ismaelcolosi.com.br\/index.php\/2023\/12\/02\/feijoes-aceleram-recuperacao-do-cancer-revela-estudo\/","title":{"rendered":"Feij\u00f5es aceleram recupera\u00e7\u00e3o do c\u00e2ncer, revela estudo"},"content":{"rendered":"<p> <br \/>\n<\/p>\n<div>\n<p>Voc\u00ea sabia que uma velha conhecida de nossa mesa pode ser uma grande aliada no combate ao c\u00e2ncer? Segundo novas pesquisas na Universidade do Texas, nos Estados Unidos, o feij\u00e3o \u00e9 um alimento poderoso para a sa\u00fade e pode acelerar a recupera\u00e7\u00e3o de pacientes que passaram por cirurgias de tumores no intestino. Os resultados foram publicados na revista cient\u00edfica <a href=\"https:\/\/www.thelancet.com\/\" target=\"_blank\" rel=\"noopener\">The Lancet<\/a>.<\/p>\n<div id=\"attachment_2316177\" class=\"wp-caption aligncenter\">\n<div class=\"d-flex justify-content-center\" data-attachment-id=\"2316177\">\n<div class=\"position-relative d-inline-block\"><img data-recalc-dims=\"1\" data-portal-copyright=\"Depositphotos\" fetchpriority=\"high\" decoding=\"async\" class=\"size-full wp-image-2316177\" src=\"https:\/\/i0.wp.com\/catracalivre.com.br\/wp-content\/uploads\/2023\/12\/depositphotos-189876690-l.jpg?resize=1200%2C799&#038;ssl=1\" alt=\"Feij\u00f5es aceleram recupera\u00e7\u00e3o do c\u00e2ncer, revela estudo\" width=\"1200\" height=\"799\" srcset=\"https:\/\/catracalivre.com.br\/wp-content\/uploads\/2023\/12\/depositphotos-189876690-l.jpg 1200w, https:\/\/catracalivre.com.br\/wp-content\/uploads\/2023\/12\/depositphotos-189876690-l-450x300.jpg 450w, https:\/\/catracalivre.com.br\/wp-content\/uploads\/2023\/12\/depositphotos-189876690-l-768x511.jpg 768w\" sizes=\"(max-width: 1200px) 100vw, 1200px\"\/><\/p><div class='code-block code-block-8' style='margin: 8px auto; text-align: center; display: block; clear: both;'>\n<script>\n  atOptions = {\n    'key' : '66e2e2111ca34da796271819fc334058',\n    'format' : 'iframe',\n    'height' : 250,\n    'width' : 300,\n    'params' : {}\n  };\n<\/script>\n<script src=\"https:\/\/www.highperformanceformat.com\/66e2e2111ca34da796271819fc334058\/invoke.js\"><\/script>\n<\/div>\n\n<p>Cr\u00e9ditos: Depositphotos<\/p>\n<\/div>\n<\/div>\n<p><span class=\"post-imagem__legenda\">Feij\u00f5es aceleram recupera\u00e7\u00e3o do c\u00e2ncer, revela estudo<\/span><\/p>\n<\/div>\n<h2>Feij\u00f5es aceleram recupera\u00e7\u00e3o do c\u00e2ncer<\/h2>\n<p>A pesquisa contabilizou um total de 48 pacientes, divididos em dois grupos, monitorados durante oito semanas. Em um dos grupos, adicionou-se \u00e0 dieta uma x\u00edcara de <a href=\"https:\/\/catracalivre.com.br\/saude-bem-estar\/e-isso-que-acontece-com-seu-corpo-quando-voce-come-feijao-diariamente\/\">feij\u00f5es<\/a> cozidos todos os dias, enquanto o outro grupo permaneceu com o card\u00e1pio usual, sem adi\u00e7\u00f5es. O feij\u00e3o-branco enlatado e cozido sob press\u00e3o foi o escolhido para o estudo a fim de evitar desconfortos intestinais.<\/p>\n<h3>Como exatamente a pesquisa foi realizada?<\/h3>\n<p>Para avaliar o impacto do feij\u00e3o na sa\u00fade dos pacientes, foram comparados exames de fezes e de sangue. Os pacientes que inclu\u00edram o alimento em sua dieta apresentaram um aumentou significativo de bact\u00e9rias ben\u00e9ficas para o intestino, dos g\u00eaneros Faecalibacterium, Eubacterium e Bifidobacterium.<\/p>\n<p>Segundo a epidemiologista Carrie Daniel-MacDougall, l\u00edder do estudo, \u201cobservar uma mudan\u00e7a na diversidade do microbioma intestinal apenas com interven\u00e7\u00e3o diet\u00e9tica \u00e9 raro, mas foi exatamente o que ocorreu neste caso\u201d.<\/p>\n<h3>Por que o feij\u00e3o ajuda na recupera\u00e7\u00e3o dos pacientes?<\/h3>\n<p>Daniel-MacDougall explica que h\u00e1 uma rela\u00e7\u00e3o direta no aumento de bact\u00e9rias ben\u00e9ficas e a diminui\u00e7\u00e3o de pat\u00f3genos nocivos no organismo quando inserimos o feij\u00e3o na nossa dieta. \u201cCom isso, a recupera\u00e7\u00e3o dos pacientes \u00e9 mais r\u00e1pida e h\u00e1 menos risco de inflama\u00e7\u00e3o\u201d, salienta a pesquisadora.<\/p>\n<p>Os feij\u00f5es s\u00e3o ricos em fibras, prote\u00ednas, amino\u00e1cidos e outros nutrientes que ajudam as bact\u00e9rias ben\u00e9ficas do c\u00f3lon a florescer e se multiplicar.<\/p>\n<p>Essa constata\u00e7\u00e3o vem sendo utilizada para incentivar os pacientes a continuarem consumindo o feij\u00e3o em sua dieta.<\/p>\n<p>\u201cAssim que os participantes pararam de comer feij\u00e3o, os efeitos positivos desapareceram rapidamente. Por isso, destacamos a necessidade de educar os pacientes sobre como manter h\u00e1bitos saud\u00e1veis na alimenta\u00e7\u00e3o\u201d, conclui Daniel-MacDougall.<\/p>\n<p>O estudo destaca a import\u00e2ncia do feij\u00e3o na dieta, especialmente para pacientes em recupera\u00e7\u00e3o de c\u00e2ncer colorretal, refor\u00e7ando a import\u00e2ncia da alimenta\u00e7\u00e3o na nossa sa\u00fade e recupera\u00e7\u00e3o de doen\u00e7as.<\/p>\n<\/div>\n<p><script>\n\t\t! function(f, b, e, v, n, t, s) {\n\t\t\tif (f.fbq) return;\n\t\t\tn = f.fbq = function() {\n\t\t\t\tn.callMethod ?\n\t\t\t\t\tn.callMethod.apply(n, arguments) : n.queue.push(arguments)\n\t\t\t};\n\t\t\tif (!f._fbq) f._fbq = n;\n\t\t\tn.push = n;\n\t\t\tn.loaded = !0;\n\t\t\tn.version = '2.0';\n\t\t\tn.queue = [];\n\t\t\tt = b.createElement(e);\n\t\t\tt.async = !0;\n\t\t\tt.src = v;\n\t\t\ts = b.getElementsByTagName(e)[0];\n\t\t\ts.parentNode.insertBefore(t, s)\n\t\t}(window, document, 'script',\n\t\t\t'https:\/\/connect.facebook.net\/en_US\/fbevents.js');\n\t\tfbq('init', '338315473262380');\n\t\tfbq('track', 'PageView');\n\t<\/script><br \/>\n<br \/><br \/>\n<br \/><a href=\"https:\/\/catracalivre.com.br\/saude-bem-estar\/feijoes-aceleram-recuperacao-do-cancer-revela-estudo\/\">Source link <\/a><\/p>\n<div class='code-block code-block-4' style='margin: 8px auto 8px 0; text-align: left; display: block; clear: both;'>\n\ud83d\udce2 Aviso Legal\n\nO site ismaelcolosi.com.br atua apenas como um canal de divulga\u00e7\u00e3o de oportunidades de emprego e n\u00e3o se responsabiliza pelo processo seletivo, contrata\u00e7\u00e3o ou qualquer outra etapa relacionada \u00e0s vagas publicadas. Todas as informa\u00e7\u00f5es s\u00e3o de responsabilidade dos anunciantes.\n\n\u26a0\ufe0f Aten\u00e7\u00e3o! Nunca pague por promessas de emprego nem compre cursos que garantam contrata\u00e7\u00e3o. Desconfie de qualquer cobran\u00e7a para participar de sele\u00e7\u00f5es.\n\n\n<div data-type=\"_mgwidget\" data-widget-id=\"2000896\">\n<\/div>\n<script>(function(w,q){w[q]=w[q]||[];w[q].push([\"_mgc.load\"])})(window,\"_mgq\");\n<\/script>\n<\/div>\n<!-- CONTENT END 1 -->\n","protected":false},"excerpt":{"rendered":"<p>Voc\u00ea sabia que uma velha conhecida de nossa mesa pode ser uma grande aliada no combate ao c\u00e2ncer? Segundo novas pesquisas na Universidade do Texas,&#8230;<\/p>\n","protected":false},"author":1,"featured_media":9576,"comment_status":"open","ping_status":"open","sticky":false,"template":"","format":"standard","meta":{"_uag_custom_page_level_css":"","jetpack_post_was_ever_published":false,"_jetpack_newsletter_access":"","_jetpack_dont_email_post_to_subs":false,"_jetpack_newsletter_tier_id":0,"_jetpack_memberships_contains_paywalled_content":false,"_jetpack_memberships_contains_paid_content":false,"footnotes":"","jetpack_publicize_message":"","jetpack_publicize_feature_enabled":true,"jetpack_social_post_already_shared":true,"jetpack_social_options":{"image_generator_settings":{"template":"highway","default_image_id":0,"font":"","enabled":false},"version":2}},"categories":[19],"tags":[],"class_list":["post-9575","post","type-post","status-publish","format-standard","has-post-thumbnail","hentry","category-variedades"],"aioseo_notices":[],"jetpack_publicize_connections":[],"jetpack_featured_media_url":"https:\/\/i0.wp.com\/ismaelcolosi.com.br\/wp-content\/uploads\/2023\/12\/depositphotos-189876690-l.jpg?fit=1200%2C638&ssl=1","uagb_featured_image_src":{"full":["https:\/\/i0.wp.com\/ismaelcolosi.com.br\/wp-content\/uploads\/2023\/12\/depositphotos-189876690-l.jpg?fit=1200%2C638&ssl=1",1200,638,false],"thumbnail":["https:\/\/i0.wp.com\/ismaelcolosi.com.br\/wp-content\/uploads\/2023\/12\/depositphotos-189876690-l.jpg?resize=150%2C150&ssl=1",150,150,true],"medium":["https:\/\/i0.wp.com\/ismaelcolosi.com.br\/wp-content\/uploads\/2023\/12\/depositphotos-189876690-l.jpg?fit=300%2C160&ssl=1",300,160,true],"medium_large":["https:\/\/i0.wp.com\/ismaelcolosi.com.br\/wp-content\/uploads\/2023\/12\/depositphotos-189876690-l.jpg?fit=768%2C408&ssl=1",768,408,true],"large":["https:\/\/i0.wp.com\/ismaelcolosi.com.br\/wp-content\/uploads\/2023\/12\/depositphotos-189876690-l.jpg?fit=1024%2C544&ssl=1",1024,544,true],"1536x1536":["https:\/\/i0.wp.com\/ismaelcolosi.com.br\/wp-content\/uploads\/2023\/12\/depositphotos-189876690-l.jpg?fit=1200%2C638&ssl=1",1200,638,true],"2048x2048":["https:\/\/i0.wp.com\/ismaelcolosi.com.br\/wp-content\/uploads\/2023\/12\/depositphotos-189876690-l.jpg?fit=1200%2C638&ssl=1",1200,638,true],"really-simple-thumb":["https:\/\/i0.wp.com\/ismaelcolosi.com.br\/wp-content\/uploads\/2023\/12\/depositphotos-189876690-l.jpg?resize=370%2C247&ssl=1",370,247,true]},"uagb_author_info":{"display_name":"ismaelcolosi.com.br","author_link":"https:\/\/ismaelcolosi.com.br\/index.php\/author\/vidareal-online\/"},"uagb_comment_info":0,"uagb_excerpt":"Voc\u00ea sabia que uma velha conhecida de nossa mesa pode ser uma grande aliada no combate ao c\u00e2ncer? Segundo novas pesquisas na Universidade do Texas,...","jetpack-related-posts":[{"id":13667,"url":"https:\/\/ismaelcolosi.com.br\/index.php\/2023\/12\/10\/perda-de-peso-e-um-dos-principais-sintomas-ignorados-do-cancer\/","url_meta":{"origin":9575,"position":0},"title":"Perda de peso \u00e9 um dos principais sintomas ignorados do c\u00e2ncer","author":"ismaelcolosi.com.br","date":"10 de December de 2023","format":false,"excerpt":"Cr\u00e9ditos: Getty ImagesPerda de peso se torna mais ainda mais preocupante quando associada a tumores s\u00f3lidos \u2013 iStock\/Getty Images Embora algumas pessoas enxerguem a perda de peso como algo positivo, estudos mostram que 40% das pessoas diagnosticadas com c\u00e2ncer apresentam esse sintoma quando recebem o diagn\u00f3stico. Sendo assim, perder muito\u2026","rel":"","context":"In &quot;Variedades&quot;","block_context":{"text":"Variedades","link":"https:\/\/ismaelcolosi.com.br\/index.php\/category\/variedades\/"},"img":{"alt_text":"","src":"https:\/\/i0.wp.com\/ismaelcolosi.com.br\/wp-content\/uploads\/2023\/12\/istock-1352225167.jpg?fit=1200%2C638&ssl=1&resize=350%2C200","width":350,"height":200,"srcset":"https:\/\/i0.wp.com\/ismaelcolosi.com.br\/wp-content\/uploads\/2023\/12\/istock-1352225167.jpg?fit=1200%2C638&ssl=1&resize=350%2C200 1x, https:\/\/i0.wp.com\/ismaelcolosi.com.br\/wp-content\/uploads\/2023\/12\/istock-1352225167.jpg?fit=1200%2C638&ssl=1&resize=525%2C300 1.5x, https:\/\/i0.wp.com\/ismaelcolosi.com.br\/wp-content\/uploads\/2023\/12\/istock-1352225167.jpg?fit=1200%2C638&ssl=1&resize=700%2C400 2x, https:\/\/i0.wp.com\/ismaelcolosi.com.br\/wp-content\/uploads\/2023\/12\/istock-1352225167.jpg?fit=1200%2C638&ssl=1&resize=1050%2C600 3x"},"classes":[]},{"id":15192,"url":"https:\/\/ismaelcolosi.com.br\/index.php\/2023\/12\/13\/praticar-este-exercicio-fisico-previne-cancer-de-mama-afirma-estudo\/","url_meta":{"origin":9575,"position":1},"title":"Praticar este exerc\u00edcio f\u00edsico previne c\u00e2ncer de mama, afirma estudo","author":"ismaelcolosi.com.br","date":"13 de December de 2023","format":false,"excerpt":"Cr\u00e9ditos: spukkato\/istockExerc\u00edcio pode reduzir risco de c\u00e2ncer de mama em 10% Voc\u00ea j\u00e1 pensou em como uma simples caminhada pode impactar a sua sa\u00fade? Segundo um estudo recente publicado no Journal of Clinical Oncology, caminhar regularmente pode ser uma estrat\u00e9gia eficaz para diminuir o risco de c\u00e2ncer de mama. A\u2026","rel":"","context":"In &quot;Variedades&quot;","block_context":{"text":"Variedades","link":"https:\/\/ismaelcolosi.com.br\/index.php\/category\/variedades\/"},"img":{"alt_text":"","src":"https:\/\/i0.wp.com\/ismaelcolosi.com.br\/wp-content\/uploads\/2023\/12\/Cancer-de-Mama-1.jpg?fit=1200%2C773&ssl=1&resize=350%2C200","width":350,"height":200,"srcset":"https:\/\/i0.wp.com\/ismaelcolosi.com.br\/wp-content\/uploads\/2023\/12\/Cancer-de-Mama-1.jpg?fit=1200%2C773&ssl=1&resize=350%2C200 1x, https:\/\/i0.wp.com\/ismaelcolosi.com.br\/wp-content\/uploads\/2023\/12\/Cancer-de-Mama-1.jpg?fit=1200%2C773&ssl=1&resize=525%2C300 1.5x, https:\/\/i0.wp.com\/ismaelcolosi.com.br\/wp-content\/uploads\/2023\/12\/Cancer-de-Mama-1.jpg?fit=1200%2C773&ssl=1&resize=700%2C400 2x, https:\/\/i0.wp.com\/ismaelcolosi.com.br\/wp-content\/uploads\/2023\/12\/Cancer-de-Mama-1.jpg?fit=1200%2C773&ssl=1&resize=1050%2C600 3x"},"classes":[]},{"id":5035,"url":"https:\/\/ismaelcolosi.com.br\/index.php\/2023\/11\/22\/carlos-villagran-o-quico-do-chaves-revela-diagnostico-de-cancer\/","url_meta":{"origin":9575,"position":2},"title":"Carlos Villagr\u00e1n, o Quico do &#8216;Chaves&#8217;, revela diagn\u00f3stico de c\u00e2ncer","author":"ismaelcolosi.com.br","date":"22 de November de 2023","format":false,"excerpt":"Cr\u00e9ditos: Reprodu\u00e7\u00e3o\/InstagramCarlos Villagr\u00e1n revela diagn\u00f3stico de c\u00e2ncer de pr\u00f3stata O amado ator Carlos Villagr\u00e1n, famoso por sua inesquec\u00edvel interpreta\u00e7\u00e3o do Quico no seriado \u201cChaves\u201d, revelou \u00e0 revista People que teve c\u00e2ncer de pr\u00f3stata. Segundo a publica\u00e7\u00e3o do portal no \u00faltimo domingo, 19, ele realizou os tratamentos dispon\u00edveis para combater a\u2026","rel":"","context":"In &quot;Variedades&quot;","block_context":{"text":"Variedades","link":"https:\/\/ismaelcolosi.com.br\/index.php\/category\/variedades\/"},"img":{"alt_text":"","src":"https:\/\/i0.wp.com\/ismaelcolosi.com.br\/wp-content\/uploads\/2023\/11\/tamanho-catraca-13.png?fit=1200%2C638&ssl=1&resize=350%2C200","width":350,"height":200,"srcset":"https:\/\/i0.wp.com\/ismaelcolosi.com.br\/wp-content\/uploads\/2023\/11\/tamanho-catraca-13.png?fit=1200%2C638&ssl=1&resize=350%2C200 1x, https:\/\/i0.wp.com\/ismaelcolosi.com.br\/wp-content\/uploads\/2023\/11\/tamanho-catraca-13.png?fit=1200%2C638&ssl=1&resize=525%2C300 1.5x, https:\/\/i0.wp.com\/ismaelcolosi.com.br\/wp-content\/uploads\/2023\/11\/tamanho-catraca-13.png?fit=1200%2C638&ssl=1&resize=700%2C400 2x, https:\/\/i0.wp.com\/ismaelcolosi.com.br\/wp-content\/uploads\/2023\/11\/tamanho-catraca-13.png?fit=1200%2C638&ssl=1&resize=1050%2C600 3x"},"classes":[]},{"id":86505,"url":"https:\/\/ismaelcolosi.com.br\/index.php\/2025\/07\/04\/3-habitos-essenciais-que-podem-ajudar-a-prevenir-o-burnout\/","url_meta":{"origin":9575,"position":3},"title":"3 H\u00e1bitos Essenciais Que Podem Ajudar a Prevenir o Burnout","author":"ismaelcolosi.com.br","date":"4 de July de 2025","format":false,"excerpt":"\r Getty Images\r Reconhecer seus limites e dizer \u201cagora n\u00e3o\u201d tamb\u00e9m \u00e9 um ato de autocuidado\r Acessibilidade \r L\r L\r A-\r A+\r \r \u25d0\r \r A percep\u00e7\u00e3o de que voc\u00ea est\u00e1 enfrentando burnout nem sempre \u00e9 \u00f3bvia. E pode nem aparecer de uma s\u00f3 vez. O burnout muitas vezes se\u2026","rel":"","context":"In &quot;Carreira e Sucesso&quot;","block_context":{"text":"Carreira e Sucesso","link":"https:\/\/ismaelcolosi.com.br\/index.php\/category\/carreira-e-sucesso-dicas-para-carreira\/"},"img":{"alt_text":"","src":"https:\/\/i0.wp.com\/ismaelcolosi.com.br\/wp-content\/uploads\/2025\/07\/960x0.jpg?fit=958%2C639&ssl=1&resize=350%2C200","width":350,"height":200,"srcset":"https:\/\/i0.wp.com\/ismaelcolosi.com.br\/wp-content\/uploads\/2025\/07\/960x0.jpg?fit=958%2C639&ssl=1&resize=350%2C200 1x, https:\/\/i0.wp.com\/ismaelcolosi.com.br\/wp-content\/uploads\/2025\/07\/960x0.jpg?fit=958%2C639&ssl=1&resize=525%2C300 1.5x, https:\/\/i0.wp.com\/ismaelcolosi.com.br\/wp-content\/uploads\/2025\/07\/960x0.jpg?fit=958%2C639&ssl=1&resize=700%2C400 2x"},"classes":[]},{"id":86526,"url":"https:\/\/ismaelcolosi.com.br\/index.php\/2025\/07\/06\/3-habitos-essenciais-que-podem-ajudar-a-prevenir-o-burnout-2\/","url_meta":{"origin":9575,"position":4},"title":"3 H\u00e1bitos Essenciais Que Podem Ajudar a Prevenir o Burnout","author":"ismaelcolosi.com.br","date":"6 de July de 2025","format":false,"excerpt":"\r Getty Images\r Reconhecer seus limites e dizer \u201cagora n\u00e3o\u201d tamb\u00e9m \u00e9 um ato de autocuidado\r Acessibilidade \r L\r L\r A-\r A+\r \r \u25d0\r \r A percep\u00e7\u00e3o de que voc\u00ea est\u00e1 enfrentando burnout nem sempre \u00e9 \u00f3bvia. E pode nem aparecer de uma s\u00f3 vez. O burnout muitas vezes se\u2026","rel":"","context":"In &quot;Carreira e Sucesso&quot;","block_context":{"text":"Carreira e Sucesso","link":"https:\/\/ismaelcolosi.com.br\/index.php\/category\/carreira-e-sucesso-dicas-para-carreira\/"},"img":{"alt_text":"","src":"https:\/\/i0.wp.com\/ismaelcolosi.com.br\/wp-content\/uploads\/2025\/07\/1751790132_960x0.jpg?fit=958%2C639&ssl=1&resize=350%2C200","width":350,"height":200,"srcset":"https:\/\/i0.wp.com\/ismaelcolosi.com.br\/wp-content\/uploads\/2025\/07\/1751790132_960x0.jpg?fit=958%2C639&ssl=1&resize=350%2C200 1x, https:\/\/i0.wp.com\/ismaelcolosi.com.br\/wp-content\/uploads\/2025\/07\/1751790132_960x0.jpg?fit=958%2C639&ssl=1&resize=525%2C300 1.5x, https:\/\/i0.wp.com\/ismaelcolosi.com.br\/wp-content\/uploads\/2025\/07\/1751790132_960x0.jpg?fit=958%2C639&ssl=1&resize=700%2C400 2x"},"classes":[]},{"id":74310,"url":"https:\/\/ismaelcolosi.com.br\/index.php\/2024\/10\/30\/entenda-como-pode-ser-realizada-a-recuperacao-de-palacete-no-centro-de-ribeirao\/","url_meta":{"origin":9575,"position":5},"title":"Entenda como pode ser realizada a recupera\u00e7\u00e3o de palacete no Centro de Ribeir\u00e3o","author":"ismaelcolosi.com.br","date":"30 de October de 2024","format":false,"excerpt":"No come\u00e7o do m\u00eas de outubro, o TJ-SP (Tribunal de Justi\u00e7a do Estado de S\u00e3o Paulo) decidiu que a Prefeitura de Ribeir\u00e3o Preto deveria executar as obras de reconstru\u00e7\u00e3o, reconstitui\u00e7\u00e3o, recupera\u00e7\u00e3o e restaura\u00e7\u00e3o do Palacete Albino de Camargo. O local, que se encontra em ru\u00ednas no Centro do munic\u00edpio, pertenceu\u2026","rel":"","context":"In &quot;Not\u00edcias de Ribeir\u00e3o Preto-SP e Regi\u00e3o&quot;","block_context":{"text":"Not\u00edcias de Ribeir\u00e3o Preto-SP e Regi\u00e3o","link":"https:\/\/ismaelcolosi.com.br\/index.php\/category\/noticias-de-ribeirao-preto-sp-e-regiao-ismael-colosi\/"},"img":{"alt_text":"","src":"https:\/\/i0.wp.com\/ismaelcolosi.com.br\/wp-content\/uploads\/2024\/07\/WhatsApp-Image-2024-07-01-at-16.51.13_2024-07-04_18-59-57_jpeg_2024-07-04_18-59-57.webp.webp?fit=1200%2C903&ssl=1&resize=350%2C200","width":350,"height":200,"srcset":"https:\/\/i0.wp.com\/ismaelcolosi.com.br\/wp-content\/uploads\/2024\/07\/WhatsApp-Image-2024-07-01-at-16.51.13_2024-07-04_18-59-57_jpeg_2024-07-04_18-59-57.webp.webp?fit=1200%2C903&ssl=1&resize=350%2C200 1x, https:\/\/i0.wp.com\/ismaelcolosi.com.br\/wp-content\/uploads\/2024\/07\/WhatsApp-Image-2024-07-01-at-16.51.13_2024-07-04_18-59-57_jpeg_2024-07-04_18-59-57.webp.webp?fit=1200%2C903&ssl=1&resize=525%2C300 1.5x, https:\/\/i0.wp.com\/ismaelcolosi.com.br\/wp-content\/uploads\/2024\/07\/WhatsApp-Image-2024-07-01-at-16.51.13_2024-07-04_18-59-57_jpeg_2024-07-04_18-59-57.webp.webp?fit=1200%2C903&ssl=1&resize=700%2C400 2x, https:\/\/i0.wp.com\/ismaelcolosi.com.br\/wp-content\/uploads\/2024\/07\/WhatsApp-Image-2024-07-01-at-16.51.13_2024-07-04_18-59-57_jpeg_2024-07-04_18-59-57.webp.webp?fit=1200%2C903&ssl=1&resize=1050%2C600 3x"},"classes":[]}],"jetpack_sharing_enabled":true,"jetpack_shortlink":"https:\/\/wp.me\/pfMlyK-2ur","_links":{"self":[{"href":"https:\/\/ismaelcolosi.com.br\/index.php\/wp-json\/wp\/v2\/posts\/9575","targetHints":{"allow":["GET"]}}],"collection":[{"href":"https:\/\/ismaelcolosi.com.br\/index.php\/wp-json\/wp\/v2\/posts"}],"about":[{"href":"https:\/\/ismaelcolosi.com.br\/index.php\/wp-json\/wp\/v2\/types\/post"}],"author":[{"embeddable":true,"href":"https:\/\/ismaelcolosi.com.br\/index.php\/wp-json\/wp\/v2\/users\/1"}],"replies":[{"embeddable":true,"href":"https:\/\/ismaelcolosi.com.br\/index.php\/wp-json\/wp\/v2\/comments?post=9575"}],"version-history":[{"count":0,"href":"https:\/\/ismaelcolosi.com.br\/index.php\/wp-json\/wp\/v2\/posts\/9575\/revisions"}],"wp:featuredmedia":[{"embeddable":true,"href":"https:\/\/ismaelcolosi.com.br\/index.php\/wp-json\/wp\/v2\/media\/9576"}],"wp:attachment":[{"href":"https:\/\/ismaelcolosi.com.br\/index.php\/wp-json\/wp\/v2\/media?parent=9575"}],"wp:term":[{"taxonomy":"category","embeddable":true,"href":"https:\/\/ismaelcolosi.com.br\/index.php\/wp-json\/wp\/v2\/categories?post=9575"},{"taxonomy":"post_tag","embeddable":true,"href":"https:\/\/ismaelcolosi.com.br\/index.php\/wp-json\/wp\/v2\/tags?post=9575"}],"curies":[{"name":"wp","href":"https:\/\/api.w.org\/{rel}","templated":true}]}}