{"id":9546,"date":"2023-12-02T09:36:13","date_gmt":"2023-12-02T12:36:13","guid":{"rendered":"https:\/\/ismaelcolosi.com.br\/index.php\/2023\/12\/02\/inscricoes-abertas-para-novos-beneficiarios\/"},"modified":"2023-12-02T09:36:13","modified_gmt":"2023-12-02T12:36:13","slug":"inscricoes-abertas-para-novos-beneficiarios","status":"publish","type":"post","link":"https:\/\/ismaelcolosi.com.br\/index.php\/2023\/12\/02\/inscricoes-abertas-para-novos-beneficiarios\/","title":{"rendered":"inscri\u00e7\u00f5es abertas para novos benefici\u00e1rios"},"content":{"rendered":"<p> [ad_1]<br \/>\n<\/p>\n<div id=\"attachment_2279227\">\n<div class=\"d-flex justify-content-center\" data-attachment-id=\"2279227\">\n<div class=\"position-relative d-inline-block\"><img data-recalc-dims=\"1\" data-portal-copyright=\"Istock\/Leonidas Santana\" fetchpriority=\"high\" decoding=\"async\" class=\"size-full wp-image-2279227\" src=\"https:\/\/i0.wp.com\/catracalivre.com.br\/wp-content\/uploads\/2023\/06\/istock-1413148950.jpg?resize=1200%2C800&#038;ssl=1\" alt=\"Bolsa Fam\u00edlia de novembro tem MEGA novidade\" width=\"1200\" height=\"800\" srcset=\"https:\/\/catracalivre.com.br\/wp-content\/uploads\/2023\/06\/istock-1413148950.jpg 1254w, https:\/\/catracalivre.com.br\/wp-content\/uploads\/2023\/06\/istock-1413148950-450x300.jpg 450w, https:\/\/catracalivre.com.br\/wp-content\/uploads\/2023\/06\/istock-1413148950-768x512.jpg 768w\" sizes=\"(max-width: 1254px) 100vw, 1254px\"\/><\/p>\n<p>Cr\u00e9ditos: Istock\/Leonidas Santana<\/p>\n<\/div>\n<\/div>\n<p><span class=\"post-imagem__legenda\">Bolsa Fam\u00edlia de novembro tem MEGA novidade<\/span><\/p>\n<\/div>\n<p>O<a href=\"https:\/\/catracalivre.com.br\/cidadania\/espera-por-abono-de-natal-no-bolsa-familia-acabou-veja-decisao-do-governo\/\" target=\"_blank\" rel=\"noopener\"> Bolsa Fam\u00edlia<\/a>, programa reconhecido por seu impacto positivo entre os brasileiros de baixa renda, anunciou a abertura das inscri\u00e7\u00f5es para o ano de 2024. Esta not\u00edcia representa uma oportunidade significativa para milh\u00f5es de cidad\u00e3os em busca de apoio financeiro. Vamos explorar detalhes sobre como realizar a inscri\u00e7\u00e3o, quem pode participar e os valores pagos pelo programa.<\/p>\n<p>Com o sucesso e relev\u00e2ncia do <a href=\"https:\/\/catracalivre.com.br\/cidadania\/bolsa-familia-com-valor-extra-no-natal-surpreende-veja-quem-recebe\/\" target=\"_blank\" rel=\"noopener\">Bolsa Fam\u00edlia<\/a>, a procura por inscri\u00e7\u00f5es tem crescido consideravelmente. A abertura das inscri\u00e7\u00f5es para 2024 \u00e9 uma not\u00edcia que traz esperan\u00e7a e oportunidade para aqueles que buscam a aprova\u00e7\u00e3o no programa. Para solicitar o benef\u00edcio, \u00e9 essencial compreender as regras previamente estabelecidas, garantindo uma participa\u00e7\u00e3o eficaz.<\/p>\n<p>Atualmente, o Bolsa Fam\u00edlia oferece pagamentos que variam de acordo com a situa\u00e7\u00e3o familiar. Alguns dos valores fundamentais incluem:<\/p>\n<p><script>\n\t\t! function(f, b, e, v, n, t, s) {\n\t\t\tif (f.fbq) return;\n\t\t\tn = f.fbq = function() {\n\t\t\t\tn.callMethod ?\n\t\t\t\t\tn.callMethod.apply(n, arguments) : n.queue.push(arguments)\n\t\t\t};\n\t\t\tif (!f._fbq) f._fbq = n;\n\t\t\tn.push = n;\n\t\t\tn.loaded = !0;\n\t\t\tn.version = '2.0';\n\t\t\tn.queue = [];\n\t\t\tt = b.createElement(e);\n\t\t\tt.async = !0;\n\t\t\tt.src = v;\n\t\t\ts = b.getElementsByTagName(e)[0];\n\t\t\ts.parentNode.insertBefore(t, s)\n\t\t}(window, document, 'script',\n\t\t\t'https:\/\/connect.facebook.net\/en_US\/fbevents.js');\n\t\tfbq('init', '338315473262380');\n\t\tfbq('track', 'PageView');\n\t<\/script><br \/>\n<br \/>[ad_2]<br \/>\n<br \/><a href=\"https:\/\/catracalivre.com.br\/cidadania\/bolsa-familia-2024-inscricoes-abertas-para-novos-beneficiarios\/\" target=\"_blank\" rel=\"noopener\">Source link <\/a><\/p>\n<div class='code-block code-block-4' style='margin: 8px auto 8px 0; text-align: left; display: block; clear: both;'>\n\ud83d\udce2 Aviso Legal\n\nO site ismaelcolosi.com.br atua apenas como um canal de divulga\u00e7\u00e3o de oportunidades de emprego e n\u00e3o se responsabiliza pelo processo seletivo, contrata\u00e7\u00e3o ou qualquer outra etapa relacionada \u00e0s vagas publicadas. Todas as informa\u00e7\u00f5es s\u00e3o de responsabilidade dos anunciantes.\n\n\u26a0\ufe0f Aten\u00e7\u00e3o! Nunca pague por promessas de emprego nem compre cursos que garantam contrata\u00e7\u00e3o. Desconfie de qualquer cobran\u00e7a para participar de sele\u00e7\u00f5es.\n\n\n\n<\/div>\n<!-- CONTENT END 1 -->\n","protected":false},"excerpt":{"rendered":"<p>[ad_1] Cr\u00e9ditos: Istock\/Leonidas Santana Bolsa Fam\u00edlia de novembro tem MEGA novidade O Bolsa Fam\u00edlia, programa reconhecido por seu impacto positivo entre os brasileiros de baixa renda, anunciou a abertura das inscri\u00e7\u00f5es para o ano de 2024. Esta not\u00edcia representa uma oportunidade significativa para milh\u00f5es de cidad\u00e3os em busca de apoio financeiro. Vamos explorar detalhes sobre&hellip;&nbsp;<\/p>\n","protected":false},"author":1,"featured_media":9547,"comment_status":"open","ping_status":"open","sticky":false,"template":"","format":"standard","meta":{"_uag_custom_page_level_css":"","neve_meta_sidebar":"","neve_meta_container":"","neve_meta_enable_content_width":"","neve_meta_content_width":0,"neve_meta_title_alignment":"","neve_meta_author_avatar":"","neve_post_elements_order":"","neve_meta_disable_header":"","neve_meta_disable_footer":"","neve_meta_disable_title":"","_jetpack_newsletter_access":"","_jetpack_dont_email_post_to_subs":false,"_jetpack_newsletter_tier_id":0,"_jetpack_memberships_contains_paywalled_content":false,"_jetpack_memberships_contains_paid_content":false,"footnotes":""},"categories":[19],"tags":[],"class_list":["post-9546","post","type-post","status-publish","format-standard","has-post-thumbnail","hentry","category-variedades"],"uagb_featured_image_src":{"full":["https:\/\/i0.wp.com\/ismaelcolosi.com.br\/wp-content\/uploads\/2023\/12\/bolsa-familia-inicia-nova-rodada-de-pagamentos-veja-quando-vai-receber.png?fit=1200%2C638&ssl=1",1200,638,false],"thumbnail":["https:\/\/i0.wp.com\/ismaelcolosi.com.br\/wp-content\/uploads\/2023\/12\/bolsa-familia-inicia-nova-rodada-de-pagamentos-veja-quando-vai-receber.png?resize=150%2C150&ssl=1",150,150,true],"medium":["https:\/\/i0.wp.com\/ismaelcolosi.com.br\/wp-content\/uploads\/2023\/12\/bolsa-familia-inicia-nova-rodada-de-pagamentos-veja-quando-vai-receber.png?fit=300%2C160&ssl=1",300,160,true],"medium_large":["https:\/\/i0.wp.com\/ismaelcolosi.com.br\/wp-content\/uploads\/2023\/12\/bolsa-familia-inicia-nova-rodada-de-pagamentos-veja-quando-vai-receber.png?fit=768%2C408&ssl=1",768,408,true],"large":["https:\/\/i0.wp.com\/ismaelcolosi.com.br\/wp-content\/uploads\/2023\/12\/bolsa-familia-inicia-nova-rodada-de-pagamentos-veja-quando-vai-receber.png?fit=1024%2C544&ssl=1",1024,544,true],"1536x1536":["https:\/\/i0.wp.com\/ismaelcolosi.com.br\/wp-content\/uploads\/2023\/12\/bolsa-familia-inicia-nova-rodada-de-pagamentos-veja-quando-vai-receber.png?fit=1200%2C638&ssl=1",1200,638,true],"2048x2048":["https:\/\/i0.wp.com\/ismaelcolosi.com.br\/wp-content\/uploads\/2023\/12\/bolsa-familia-inicia-nova-rodada-de-pagamentos-veja-quando-vai-receber.png?fit=1200%2C638&ssl=1",1200,638,true],"neve-blog":["https:\/\/i0.wp.com\/ismaelcolosi.com.br\/wp-content\/uploads\/2023\/12\/bolsa-familia-inicia-nova-rodada-de-pagamentos-veja-quando-vai-receber.png?resize=930%2C620&ssl=1",930,620,true]},"uagb_author_info":{"display_name":"ismaelcolosi.com.br","author_link":"https:\/\/ismaelcolosi.com.br\/author\/vidareal-online\/"},"uagb_comment_info":0,"uagb_excerpt":"[ad_1] Cr\u00e9ditos: Istock\/Leonidas Santana Bolsa Fam\u00edlia de novembro tem MEGA novidade O Bolsa Fam\u00edlia, programa reconhecido por seu impacto positivo entre os brasileiros de baixa renda, anunciou a abertura das inscri\u00e7\u00f5es para o ano de 2024. Esta not\u00edcia representa uma oportunidade significativa para milh\u00f5es de cidad\u00e3os em busca de apoio financeiro. Vamos explorar detalhes sobre&hellip;&nbsp;","jetpack-related-posts":[{"id":2479,"url":"https:\/\/ismaelcolosi.com.br\/index.php\/2023\/11\/15\/abono-natalino-no-bolsa-familia-chegara-em-2023-confira-os-detalhes\/","url_meta":{"origin":9546,"position":0},"title":"Abono natalino no Bolsa Fam\u00edlia chegar\u00e1 em 2023? confira os detalhes","author":"ismaelcolosi.com.br","date":"15 de Novembro de 2023","format":false,"excerpt":"[ad_1] O Bolsa Fam\u00edlia, programa de assist\u00eancia social crucial do Brasil, continua a ser uma remunera\u00e7\u00e3o para in\u00fameras fam\u00edlias em todo o pa\u00eds. No entanto, com o final do ano se aproximando, muitos se perguntam se haver\u00e1 um abono natalino, uma ajuda financeira extra para enfrentar as despesas festivas. Cr\u00e9ditos:\u2026","rel":"","context":"In &quot;Variedades&quot;","block_context":{"text":"Variedades","link":"https:\/\/ismaelcolosi.com.br\/index.php\/category\/variedades\/"},"img":{"alt_text":"","src":"https:\/\/i0.wp.com\/ismaelcolosi.com.br\/wp-content\/uploads\/2023\/11\/istock-1413148950.jpg?fit=1200%2C638&ssl=1&resize=350%2C200","width":350,"height":200,"srcset":"https:\/\/i0.wp.com\/ismaelcolosi.com.br\/wp-content\/uploads\/2023\/11\/istock-1413148950.jpg?fit=1200%2C638&ssl=1&resize=350%2C200 1x, https:\/\/i0.wp.com\/ismaelcolosi.com.br\/wp-content\/uploads\/2023\/11\/istock-1413148950.jpg?fit=1200%2C638&ssl=1&resize=525%2C300 1.5x, https:\/\/i0.wp.com\/ismaelcolosi.com.br\/wp-content\/uploads\/2023\/11\/istock-1413148950.jpg?fit=1200%2C638&ssl=1&resize=700%2C400 2x, https:\/\/i0.wp.com\/ismaelcolosi.com.br\/wp-content\/uploads\/2023\/11\/istock-1413148950.jpg?fit=1200%2C638&ssl=1&resize=1050%2C600 3x"},"classes":[]},{"id":2491,"url":"https:\/\/ismaelcolosi.com.br\/index.php\/2023\/11\/15\/entenda-como-vai-ser-o-abono-de-natal-no-bolsa-familia-em-2023\/","url_meta":{"origin":9546,"position":1},"title":"Entenda como vai ser o abono de Natal no Bolsa Fam\u00edlia em 2023","author":"ismaelcolosi.com.br","date":"15 de Novembro de 2023","format":false,"excerpt":"[ad_1] O Bolsa Fam\u00edlia, programa de assist\u00eancia social crucial do Brasil, continua a ser uma remunera\u00e7\u00e3o para in\u00fameras fam\u00edlias em todo o pa\u00eds. No entanto, com o final do ano se aproximando, muitos se perguntam se haver\u00e1 um abono natalino, uma ajuda financeira extra para enfrentar as despesas festivas. Recentemente,\u2026","rel":"","context":"In &quot;Variedades&quot;","block_context":{"text":"Variedades","link":"https:\/\/ismaelcolosi.com.br\/index.php\/category\/variedades\/"},"img":{"alt_text":"","src":"https:\/\/i0.wp.com\/ismaelcolosi.com.br\/wp-content\/uploads\/2023\/11\/bolsa-familia-paga-novo-grupo-com-valores-extras-em-julho.jpg?fit=1200%2C638&ssl=1&resize=350%2C200","width":350,"height":200,"srcset":"https:\/\/i0.wp.com\/ismaelcolosi.com.br\/wp-content\/uploads\/2023\/11\/bolsa-familia-paga-novo-grupo-com-valores-extras-em-julho.jpg?fit=1200%2C638&ssl=1&resize=350%2C200 1x, https:\/\/i0.wp.com\/ismaelcolosi.com.br\/wp-content\/uploads\/2023\/11\/bolsa-familia-paga-novo-grupo-com-valores-extras-em-julho.jpg?fit=1200%2C638&ssl=1&resize=525%2C300 1.5x, https:\/\/i0.wp.com\/ismaelcolosi.com.br\/wp-content\/uploads\/2023\/11\/bolsa-familia-paga-novo-grupo-com-valores-extras-em-julho.jpg?fit=1200%2C638&ssl=1&resize=700%2C400 2x, https:\/\/i0.wp.com\/ismaelcolosi.com.br\/wp-content\/uploads\/2023\/11\/bolsa-familia-paga-novo-grupo-com-valores-extras-em-julho.jpg?fit=1200%2C638&ssl=1&resize=1050%2C600 3x"},"classes":[]},{"id":20501,"url":"https:\/\/ismaelcolosi.com.br\/index.php\/2023\/12\/25\/beneficiarios-do-bpc-e-bolsa-familia-terao-novos-beneficios\/","url_meta":{"origin":9546,"position":2},"title":"Benefici\u00e1rios do BPC e Bolsa Fam\u00edlia ter\u00e3o novos benef\u00edcios?","author":"ismaelcolosi.com.br","date":"25 de Dezembro de 2023","format":false,"excerpt":"[ad_1] Cr\u00e9ditos: Ag\u00eancia Brasil\/Jos\u00e9 CruzBolsa Fam\u00edlia SURPREENDE brasileiros O relan\u00e7amento do programa Minha Casa Minha Vida em 2023 trouxe uma not\u00edcia extraordin\u00e1ria para os benefici\u00e1rios do Benef\u00edcio de Presta\u00e7\u00e3o Continuada (BPC) e do Bolsa Fam\u00edlia: a possibilidade de conquistar moradia gratuita. A iniciativa, anunciada por Lula, visa reduzir significativamente o\u2026","rel":"","context":"In &quot;Variedades&quot;","block_context":{"text":"Variedades","link":"https:\/\/ismaelcolosi.com.br\/index.php\/category\/variedades\/"},"img":{"alt_text":"","src":"https:\/\/i0.wp.com\/ismaelcolosi.com.br\/wp-content\/uploads\/2023\/12\/criptomoeda-no-bolsa-familia-acredite-agora-e-verdade.jpg?fit=1200%2C638&ssl=1&resize=350%2C200","width":350,"height":200,"srcset":"https:\/\/i0.wp.com\/ismaelcolosi.com.br\/wp-content\/uploads\/2023\/12\/criptomoeda-no-bolsa-familia-acredite-agora-e-verdade.jpg?fit=1200%2C638&ssl=1&resize=350%2C200 1x, https:\/\/i0.wp.com\/ismaelcolosi.com.br\/wp-content\/uploads\/2023\/12\/criptomoeda-no-bolsa-familia-acredite-agora-e-verdade.jpg?fit=1200%2C638&ssl=1&resize=525%2C300 1.5x, https:\/\/i0.wp.com\/ismaelcolosi.com.br\/wp-content\/uploads\/2023\/12\/criptomoeda-no-bolsa-familia-acredite-agora-e-verdade.jpg?fit=1200%2C638&ssl=1&resize=700%2C400 2x, https:\/\/i0.wp.com\/ismaelcolosi.com.br\/wp-content\/uploads\/2023\/12\/criptomoeda-no-bolsa-familia-acredite-agora-e-verdade.jpg?fit=1200%2C638&ssl=1&resize=1050%2C600 3x"},"classes":[]},{"id":5776,"url":"https:\/\/ismaelcolosi.com.br\/index.php\/2023\/11\/24\/caixa-paga-parcela-do-bolsa-familia-de-novembro-a-determinado-grupo-hoje\/","url_meta":{"origin":9546,"position":3},"title":"Caixa paga parcela do Bolsa Fam\u00edlia de novembro a determinado grupo HOJE","author":"ismaelcolosi.com.br","date":"24 de Novembro de 2023","format":false,"excerpt":"[ad_1] A Caixa Econ\u00f4mica Federal paga nesta sexta-feira, 24, a parcela de novembro do novo Bolsa Fam\u00edlia aos benefici\u00e1rios com N\u00famero de Inscri\u00e7\u00e3o Social (NIS) de final 6. Pelo segundo m\u00eas seguido, o benef\u00edcio tem um adicional para m\u00e3es de beb\u00eas de at\u00e9 seis meses de idade. Cr\u00e9ditos: Estes benefici\u00e1rios\u2026","rel":"","context":"In &quot;Variedades&quot;","block_context":{"text":"Variedades","link":"https:\/\/ismaelcolosi.com.br\/index.php\/category\/variedades\/"},"img":{"alt_text":"","src":"https:\/\/i0.wp.com\/ismaelcolosi.com.br\/wp-content\/uploads\/2023\/11\/atencao-novas-regras-do-bolsa-familia-sao-divulgadas.png?fit=1200%2C638&ssl=1&resize=350%2C200","width":350,"height":200,"srcset":"https:\/\/i0.wp.com\/ismaelcolosi.com.br\/wp-content\/uploads\/2023\/11\/atencao-novas-regras-do-bolsa-familia-sao-divulgadas.png?fit=1200%2C638&ssl=1&resize=350%2C200 1x, https:\/\/i0.wp.com\/ismaelcolosi.com.br\/wp-content\/uploads\/2023\/11\/atencao-novas-regras-do-bolsa-familia-sao-divulgadas.png?fit=1200%2C638&ssl=1&resize=525%2C300 1.5x, https:\/\/i0.wp.com\/ismaelcolosi.com.br\/wp-content\/uploads\/2023\/11\/atencao-novas-regras-do-bolsa-familia-sao-divulgadas.png?fit=1200%2C638&ssl=1&resize=700%2C400 2x, https:\/\/i0.wp.com\/ismaelcolosi.com.br\/wp-content\/uploads\/2023\/11\/atencao-novas-regras-do-bolsa-familia-sao-divulgadas.png?fit=1200%2C638&ssl=1&resize=1050%2C600 3x"},"classes":[]},{"id":2483,"url":"https:\/\/ismaelcolosi.com.br\/index.php\/2023\/11\/15\/bolsa-familia-com-valor-extra-no-natal-surpreende-veja-quem-recebe\/","url_meta":{"origin":9546,"position":4},"title":"Bolsa Fam\u00edlia com valor extra no Natal SURPREENDE; veja quem recebe","author":"ismaelcolosi.com.br","date":"15 de Novembro de 2023","format":false,"excerpt":"[ad_1] Recentemente, uma excelente not\u00edcia chegou aos benefici\u00e1rios do Bolsa Fam\u00edlia, com a confirma\u00e7\u00e3o do t\u00e3o aguardado abono de natal para o ano de 2023. Esta medida visa beneficiar aproximadamente 695 mil fam\u00edlias paraibanas que est\u00e3o inscritas no programa social. Infelizmente, n\u00e3o h\u00e1 previs\u00e3o para pagamento aos benefici\u00e1rios de outros\u2026","rel":"","context":"In &quot;Variedades&quot;","block_context":{"text":"Variedades","link":"https:\/\/ismaelcolosi.com.br\/index.php\/category\/variedades\/"},"img":{"alt_text":"","src":"https:\/\/i0.wp.com\/ismaelcolosi.com.br\/wp-content\/uploads\/2023\/11\/bolsa-familia-faz-ultimo-pagamento-do-mes-hoje.jpg?fit=1200%2C638&ssl=1&resize=350%2C200","width":350,"height":200,"srcset":"https:\/\/i0.wp.com\/ismaelcolosi.com.br\/wp-content\/uploads\/2023\/11\/bolsa-familia-faz-ultimo-pagamento-do-mes-hoje.jpg?fit=1200%2C638&ssl=1&resize=350%2C200 1x, https:\/\/i0.wp.com\/ismaelcolosi.com.br\/wp-content\/uploads\/2023\/11\/bolsa-familia-faz-ultimo-pagamento-do-mes-hoje.jpg?fit=1200%2C638&ssl=1&resize=525%2C300 1.5x, https:\/\/i0.wp.com\/ismaelcolosi.com.br\/wp-content\/uploads\/2023\/11\/bolsa-familia-faz-ultimo-pagamento-do-mes-hoje.jpg?fit=1200%2C638&ssl=1&resize=700%2C400 2x, https:\/\/i0.wp.com\/ismaelcolosi.com.br\/wp-content\/uploads\/2023\/11\/bolsa-familia-faz-ultimo-pagamento-do-mes-hoje.jpg?fit=1200%2C638&ssl=1&resize=1050%2C600 3x"},"classes":[]},{"id":4436,"url":"https:\/\/ismaelcolosi.com.br\/index.php\/2023\/11\/21\/bolsa-familia-com-valor-extra-no-natal-apenas-para-estes-brasileiros\/","url_meta":{"origin":9546,"position":5},"title":"Bolsa Fam\u00edlia com valor extra no Natal apenas para estes brasileiros","author":"ismaelcolosi.com.br","date":"21 de Novembro de 2023","format":false,"excerpt":"[ad_1] Recentemente, uma excelente not\u00edcia chegou aos benefici\u00e1rios do Bolsa Fam\u00edlia, com a confirma\u00e7\u00e3o do t\u00e3o aguardado abono de natal para o ano de 2023. Esta medida visa beneficiar aproximadamente 695 mil fam\u00edlias paraibanas que est\u00e3o inscritas no programa social. Infelizmente, n\u00e3o h\u00e1 previs\u00e3o para pagamento aos benefici\u00e1rios de outros\u2026","rel":"","context":"In &quot;Variedades&quot;","block_context":{"text":"Variedades","link":"https:\/\/ismaelcolosi.com.br\/index.php\/category\/variedades\/"},"img":{"alt_text":"","src":"https:\/\/i0.wp.com\/ismaelcolosi.com.br\/wp-content\/uploads\/2023\/11\/bolsa-familia-governo-finalmente-libera-novo-calendario-de-julho.png?fit=1200%2C638&ssl=1&resize=350%2C200","width":350,"height":200,"srcset":"https:\/\/i0.wp.com\/ismaelcolosi.com.br\/wp-content\/uploads\/2023\/11\/bolsa-familia-governo-finalmente-libera-novo-calendario-de-julho.png?fit=1200%2C638&ssl=1&resize=350%2C200 1x, https:\/\/i0.wp.com\/ismaelcolosi.com.br\/wp-content\/uploads\/2023\/11\/bolsa-familia-governo-finalmente-libera-novo-calendario-de-julho.png?fit=1200%2C638&ssl=1&resize=525%2C300 1.5x, https:\/\/i0.wp.com\/ismaelcolosi.com.br\/wp-content\/uploads\/2023\/11\/bolsa-familia-governo-finalmente-libera-novo-calendario-de-julho.png?fit=1200%2C638&ssl=1&resize=700%2C400 2x, https:\/\/i0.wp.com\/ismaelcolosi.com.br\/wp-content\/uploads\/2023\/11\/bolsa-familia-governo-finalmente-libera-novo-calendario-de-julho.png?fit=1200%2C638&ssl=1&resize=1050%2C600 3x"},"classes":[]}],"jetpack_sharing_enabled":true,"jetpack_shortlink":"https:\/\/wp.me\/pfMlyK-2tY","jetpack_featured_media_url":"https:\/\/i0.wp.com\/ismaelcolosi.com.br\/wp-content\/uploads\/2023\/12\/bolsa-familia-inicia-nova-rodada-de-pagamentos-veja-quando-vai-receber.png?fit=1200%2C638&ssl=1","_links":{"self":[{"href":"https:\/\/ismaelcolosi.com.br\/index.php\/wp-json\/wp\/v2\/posts\/9546","targetHints":{"allow":["GET"]}}],"collection":[{"href":"https:\/\/ismaelcolosi.com.br\/index.php\/wp-json\/wp\/v2\/posts"}],"about":[{"href":"https:\/\/ismaelcolosi.com.br\/index.php\/wp-json\/wp\/v2\/types\/post"}],"author":[{"embeddable":true,"href":"https:\/\/ismaelcolosi.com.br\/index.php\/wp-json\/wp\/v2\/users\/1"}],"replies":[{"embeddable":true,"href":"https:\/\/ismaelcolosi.com.br\/index.php\/wp-json\/wp\/v2\/comments?post=9546"}],"version-history":[{"count":0,"href":"https:\/\/ismaelcolosi.com.br\/index.php\/wp-json\/wp\/v2\/posts\/9546\/revisions"}],"wp:featuredmedia":[{"embeddable":true,"href":"https:\/\/ismaelcolosi.com.br\/index.php\/wp-json\/wp\/v2\/media\/9547"}],"wp:attachment":[{"href":"https:\/\/ismaelcolosi.com.br\/index.php\/wp-json\/wp\/v2\/media?parent=9546"}],"wp:term":[{"taxonomy":"category","embeddable":true,"href":"https:\/\/ismaelcolosi.com.br\/index.php\/wp-json\/wp\/v2\/categories?post=9546"},{"taxonomy":"post_tag","embeddable":true,"href":"https:\/\/ismaelcolosi.com.br\/index.php\/wp-json\/wp\/v2\/tags?post=9546"}],"curies":[{"name":"wp","href":"https:\/\/api.w.org\/{rel}","templated":true}]}}