{"id":9329,"date":"2023-12-01T22:14:40","date_gmt":"2023-12-02T01:14:40","guid":{"rendered":"https:\/\/ismaelcolosi.com.br\/index.php\/2023\/12\/01\/homem-que-abusou-da-propria-filha-e-duas-outras-criancas-em-escola-perde-a-vida-apos-abrir-fogo-contra-policiais\/"},"modified":"2023-12-01T22:14:40","modified_gmt":"2023-12-02T01:14:40","slug":"homem-que-abusou-da-propria-filha-e-duas-outras-criancas-em-escola-perde-a-vida-apos-abrir-fogo-contra-policiais","status":"publish","type":"post","link":"https:\/\/ismaelcolosi.com.br\/index.php\/2023\/12\/01\/homem-que-abusou-da-propria-filha-e-duas-outras-criancas-em-escola-perde-a-vida-apos-abrir-fogo-contra-policiais\/","title":{"rendered":"Homem que abusou da pr\u00f3pria filha e duas outras crian\u00e7as em escola perde a vida ap\u00f3s abrir fogo contra policiais"},"content":{"rendered":"<p> [ad_1]<br \/>\n<\/p>\n<div itemprop=\"text\">\n<p>Na tarde desta sexta-feira (1\u00ba), um confronto entre agentes de seguran\u00e7a e um homem acusado de abusar de pelo menos tr\u00eas crian\u00e7as, entre elas a sua pr\u00f3pria filha. Um conflito intenso com a Pol\u00edcia Militar resultou no falecimento de um indiv\u00edduo na cidade de Crici\u00fama, situada no interior do estado de Santa Catarina.<\/p>\n<p>O homem era considerado como o criminoso mais procurado pela Pol\u00edcia Militar de Crici\u00fama e I\u00e7ara (SC) desde a \u00faltima segunda-feira, dia 30, foi morto ao abrir fogo contra os policiais.<\/p>\n<p>Esse homem, que tinha um extenso hist\u00f3rico criminal, incluindo o terr\u00edvel crime de abuso contra sua pr\u00f3pria filha, atraiu a aten\u00e7\u00e3o da pol\u00edcia ap\u00f3s abordar e cometer o mesmo crime contra duas crian\u00e7as que sa\u00edam de uma escola. Ap\u00f3s o registro do crime, ele conseguiu escapar, desencadeando uma intensa opera\u00e7\u00e3o de busca por parte das autoridades.<\/p>\n<p>O bandido, que j\u00e1 tinha um hist\u00f3rico criminal abrangente, incluindo a acusa\u00e7\u00e3o de abuso contra sua pr\u00f3pria filha, foi detido em maio, por\u00e9m, pouco depois, foi liberado para responder ao processo em liberdade.<\/p>\n<p>Durante a opera\u00e7\u00e3o de captura, quando abordado pela Pol\u00edcia Militar, o indiv\u00edduo reagiu de maneira violenta, disparando contra os oficiais. Em resposta, a pol\u00edcia envolveu-se em um confronto armado, resultando na morte do suspeito. Afortunadamente, nenhum policial ficou ferido durante o incidente.<\/p>\n<p>A \u00e1rea foi isolada pela Pol\u00edcia Militar, que deu in\u00edcio \u00e0s investiga\u00e7\u00f5es para esclarecer todos os pormenores do confronto. N\u00e3o h\u00e1 informa\u00e7\u00f5es sobre a libera\u00e7\u00e3o do corpo e sepultamento do criminoso. A Pol\u00edcia Civil de Santa Catarina tamb\u00e9m est\u00e1 a cargo das investiga\u00e7\u00f5es.<\/p>\n<\/div>\n<p>[ad_2]<br \/>\n<br \/><a href=\"https:\/\/fnmais.com\/sc-homem-que-abusou-propria-filha-duas-outras-criancas-em-escola-perde-vida-apos-abrir-fogo-contra-policiais\/\" target=\"_blank\" rel=\"noopener\">Source link <\/a><\/p>\n<div class='code-block code-block-4' style='margin: 8px auto 8px 0; text-align: left; display: block; clear: both;'>\n\ud83d\udce2 Aviso Legal\n\nO site ismaelcolosi.com.br atua apenas como um canal de divulga\u00e7\u00e3o de oportunidades de emprego e n\u00e3o se responsabiliza pelo processo seletivo, contrata\u00e7\u00e3o ou qualquer outra etapa relacionada \u00e0s vagas publicadas. Todas as informa\u00e7\u00f5es s\u00e3o de responsabilidade dos anunciantes.\n\n\u26a0\ufe0f Aten\u00e7\u00e3o! Nunca pague por promessas de emprego nem compre cursos que garantam contrata\u00e7\u00e3o. Desconfie de qualquer cobran\u00e7a para participar de sele\u00e7\u00f5es.\n\n\n\n<\/div>\n<!-- CONTENT END 1 -->\n","protected":false},"excerpt":{"rendered":"<p>[ad_1] Na tarde desta sexta-feira (1\u00ba), um confronto entre agentes de seguran\u00e7a e um homem acusado de abusar de pelo menos tr\u00eas crian\u00e7as, entre elas a sua pr\u00f3pria filha. Um conflito intenso com a Pol\u00edcia Militar resultou no falecimento de um indiv\u00edduo na cidade de Crici\u00fama, situada no interior do estado de Santa Catarina. O&hellip;&nbsp;<\/p>\n","protected":false},"author":1,"featured_media":9330,"comment_status":"open","ping_status":"open","sticky":false,"template":"","format":"standard","meta":{"_uag_custom_page_level_css":"","neve_meta_sidebar":"","neve_meta_container":"","neve_meta_enable_content_width":"","neve_meta_content_width":0,"neve_meta_title_alignment":"","neve_meta_author_avatar":"","neve_post_elements_order":"","neve_meta_disable_header":"","neve_meta_disable_footer":"","neve_meta_disable_title":"","_jetpack_newsletter_access":"","_jetpack_dont_email_post_to_subs":false,"_jetpack_newsletter_tier_id":0,"_jetpack_memberships_contains_paywalled_content":false,"_jetpack_memberships_contains_paid_content":false,"footnotes":""},"categories":[1],"tags":[],"class_list":["post-9329","post","type-post","status-publish","format-standard","has-post-thumbnail","hentry","category-blog"],"uagb_featured_image_src":{"full":["https:\/\/i0.wp.com\/ismaelcolosi.com.br\/wp-content\/uploads\/2023\/12\/postimg-656a73c0b29f72220.jpg?fit=1200%2C628&ssl=1",1200,628,false],"thumbnail":["https:\/\/i0.wp.com\/ismaelcolosi.com.br\/wp-content\/uploads\/2023\/12\/postimg-656a73c0b29f72220.jpg?resize=150%2C150&ssl=1",150,150,true],"medium":["https:\/\/i0.wp.com\/ismaelcolosi.com.br\/wp-content\/uploads\/2023\/12\/postimg-656a73c0b29f72220.jpg?fit=300%2C157&ssl=1",300,157,true],"medium_large":["https:\/\/i0.wp.com\/ismaelcolosi.com.br\/wp-content\/uploads\/2023\/12\/postimg-656a73c0b29f72220.jpg?fit=768%2C402&ssl=1",768,402,true],"large":["https:\/\/i0.wp.com\/ismaelcolosi.com.br\/wp-content\/uploads\/2023\/12\/postimg-656a73c0b29f72220.jpg?fit=1024%2C536&ssl=1",1024,536,true],"1536x1536":["https:\/\/i0.wp.com\/ismaelcolosi.com.br\/wp-content\/uploads\/2023\/12\/postimg-656a73c0b29f72220.jpg?fit=1200%2C628&ssl=1",1200,628,true],"2048x2048":["https:\/\/i0.wp.com\/ismaelcolosi.com.br\/wp-content\/uploads\/2023\/12\/postimg-656a73c0b29f72220.jpg?fit=1200%2C628&ssl=1",1200,628,true],"neve-blog":["https:\/\/i0.wp.com\/ismaelcolosi.com.br\/wp-content\/uploads\/2023\/12\/postimg-656a73c0b29f72220.jpg?resize=930%2C620&ssl=1",930,620,true]},"uagb_author_info":{"display_name":"ismaelcolosi.com.br","author_link":"https:\/\/ismaelcolosi.com.br\/author\/vidareal-online\/"},"uagb_comment_info":0,"uagb_excerpt":"[ad_1] Na tarde desta sexta-feira (1\u00ba), um confronto entre agentes de seguran\u00e7a e um homem acusado de abusar de pelo menos tr\u00eas crian\u00e7as, entre elas a sua pr\u00f3pria filha. Um conflito intenso com a Pol\u00edcia Militar resultou no falecimento de um indiv\u00edduo na cidade de Crici\u00fama, situada no interior do estado de Santa Catarina. O&hellip;&nbsp;","jetpack-related-posts":[{"id":24135,"url":"https:\/\/ismaelcolosi.com.br\/index.php\/2024\/01\/03\/crianca-faz-denuncia-apos-ouvir-palestra-educacional-sobre-crimes-sexuais\/","url_meta":{"origin":9329,"position":0},"title":"Crian\u00e7a faz den\u00fancia ap\u00f3s ouvir palestra educacional sobre crimes sexuais","author":"ismaelcolosi.com.br","date":"3 de Janeiro de 2024","format":false,"excerpt":"[ad_1] Uma palestra sobre crimes sexuais levou a den\u00fancia contra um homem suspeito de abusos contra, pelo menos, cinco crian\u00e7as. A primeira a denunciar o caso foi uma crian\u00e7a de 11 anos.O caso aconteceu no munic\u00edpio de Mineiros, sudoeste de Goi\u00e1s. Todas as v\u00edtimas, segundo as investiga\u00e7\u00f5es, s\u00e3o meninas e\u2026","rel":"","context":"In &quot;Blog&quot;","block_context":{"text":"Blog","link":"https:\/\/ismaelcolosi.com.br\/index.php\/category\/blog\/"},"img":{"alt_text":"","src":"https:\/\/i0.wp.com\/ismaelcolosi.com.br\/wp-content\/uploads\/2024\/01\/postimg-6595b290014cb4212.jpg?fit=1200%2C628&ssl=1&resize=350%2C200","width":350,"height":200,"srcset":"https:\/\/i0.wp.com\/ismaelcolosi.com.br\/wp-content\/uploads\/2024\/01\/postimg-6595b290014cb4212.jpg?fit=1200%2C628&ssl=1&resize=350%2C200 1x, https:\/\/i0.wp.com\/ismaelcolosi.com.br\/wp-content\/uploads\/2024\/01\/postimg-6595b290014cb4212.jpg?fit=1200%2C628&ssl=1&resize=525%2C300 1.5x, https:\/\/i0.wp.com\/ismaelcolosi.com.br\/wp-content\/uploads\/2024\/01\/postimg-6595b290014cb4212.jpg?fit=1200%2C628&ssl=1&resize=700%2C400 2x, https:\/\/i0.wp.com\/ismaelcolosi.com.br\/wp-content\/uploads\/2024\/01\/postimg-6595b290014cb4212.jpg?fit=1200%2C628&ssl=1&resize=1050%2C600 3x"},"classes":[]},{"id":21350,"url":"https:\/\/ismaelcolosi.com.br\/index.php\/2023\/12\/27\/quem-era-a-digital-influencer-que-teve-a-vida-ceifada-pelo-ex-diante-da-filha-autor-do-crime-atentou-contra-si-apos-barbarie\/","url_meta":{"origin":9329,"position":1},"title":"Quem era a digital influencer que teve a vida ceifada pelo ex diante da filha; autor do crime atentou contra si ap\u00f3s barb\u00e1rie","author":"ismaelcolosi.com.br","date":"27 de Dezembro de 2023","format":false,"excerpt":"[ad_1] Theresa Cachuela, uma influenciadora de 33 anos e empreendedora da ind\u00fastria de beleza no Hava\u00ed, al\u00e9m de ser m\u00e3e de tr\u00eas filhos, encontrou um tr\u00e1gico fim na \u00faltima sexta-feira (22).Ela foi assassinada pelo ex-marido diante da filha mais nova, em um incidente que ocorreu no estacionamento de um shopping\u2026","rel":"","context":"In &quot;Blog&quot;","block_context":{"text":"Blog","link":"https:\/\/ismaelcolosi.com.br\/index.php\/category\/blog\/"},"img":{"alt_text":"","src":"https:\/\/i0.wp.com\/ismaelcolosi.com.br\/wp-content\/uploads\/2023\/12\/postimg-658c6abee62082771.jpg?fit=1200%2C628&ssl=1&resize=350%2C200","width":350,"height":200,"srcset":"https:\/\/i0.wp.com\/ismaelcolosi.com.br\/wp-content\/uploads\/2023\/12\/postimg-658c6abee62082771.jpg?fit=1200%2C628&ssl=1&resize=350%2C200 1x, https:\/\/i0.wp.com\/ismaelcolosi.com.br\/wp-content\/uploads\/2023\/12\/postimg-658c6abee62082771.jpg?fit=1200%2C628&ssl=1&resize=525%2C300 1.5x, https:\/\/i0.wp.com\/ismaelcolosi.com.br\/wp-content\/uploads\/2023\/12\/postimg-658c6abee62082771.jpg?fit=1200%2C628&ssl=1&resize=700%2C400 2x, https:\/\/i0.wp.com\/ismaelcolosi.com.br\/wp-content\/uploads\/2023\/12\/postimg-658c6abee62082771.jpg?fit=1200%2C628&ssl=1&resize=1050%2C600 3x"},"classes":[]},{"id":74060,"url":"https:\/\/ismaelcolosi.com.br\/index.php\/2024\/10\/29\/engenheiro-e-indiciado-por-tentativa-de-feminicidio-tentativa-de-homicidio-estupro-e-violencia-psicologica\/","url_meta":{"origin":9329,"position":2},"title":"Engenheiro \u00e9 indiciado por tentativa de feminic\u00eddio, tentativa de homic\u00eddio, estupro e viol\u00eancia psicol\u00f3gica","author":"ismaelcolosi.com.br","date":"29 de Outubro de 2024","format":false,"excerpt":"[ad_1] A delegada Juliana da Silva Paiva, da Delegacia de Defesa da Mulher (DDM) de Franca, informou que vai indiciar o engenheiro Lu\u00eds Fernando Moreira Bentivoglio Silveira pelos crimes de tentativa de feminic\u00eddio, estupro e viol\u00eancia psicol\u00f3gica contra a mulher, al\u00e9m de tentativa de homic\u00eddio contra a ex-sogra e contra\u2026","rel":"","context":"In &quot;Not\u00edcias de Ribeir\u00e3o Preto-SP e Regi\u00e3o&quot;","block_context":{"text":"Not\u00edcias de Ribeir\u00e3o Preto-SP e Regi\u00e3o","link":"https:\/\/ismaelcolosi.com.br\/index.php\/category\/noticias-de-ribeirao-preto-sp-e-regiao-ismael-colosi\/"},"img":{"alt_text":"","src":"https:\/\/i0.wp.com\/ismaelcolosi.com.br\/wp-content\/uploads\/2024\/10\/28out2024luizfernandosilveira-scaled.jpg?fit=750%2C500&ssl=1&resize=350%2C200","width":350,"height":200,"srcset":"https:\/\/i0.wp.com\/ismaelcolosi.com.br\/wp-content\/uploads\/2024\/10\/28out2024luizfernandosilveira-scaled.jpg?fit=750%2C500&ssl=1&resize=350%2C200 1x, https:\/\/i0.wp.com\/ismaelcolosi.com.br\/wp-content\/uploads\/2024\/10\/28out2024luizfernandosilveira-scaled.jpg?fit=750%2C500&ssl=1&resize=525%2C300 1.5x, https:\/\/i0.wp.com\/ismaelcolosi.com.br\/wp-content\/uploads\/2024\/10\/28out2024luizfernandosilveira-scaled.jpg?fit=750%2C500&ssl=1&resize=700%2C400 2x"},"classes":[]},{"id":7177,"url":"https:\/\/ismaelcolosi.com.br\/index.php\/2023\/11\/27\/policia-prende-suspeito-pela-morte-de-mae-e-tres-filhas-militar-falou-sobre-cena-de-terror-encontrada-no-local-do-crime\/","url_meta":{"origin":9329,"position":3},"title":"Pol\u00edcia prende suspeito pela morte de m\u00e3e e tr\u00eas filhas; militar falou sobre cena de terror encontrada no local do crime","author":"ismaelcolosi.com.br","date":"27 de Novembro de 2023","format":false,"excerpt":"[ad_1] A pol\u00edcia do Mato Grosso investiga a morte de quatro membros de uma mesma fam\u00edlia. Segundo as informa\u00e7\u00f5es, as v\u00edtimas s\u00e3o uma m\u00e3e e tr\u00eas filhas, duas sendo menores de idade.O crime aconteceu em Sorriso (a 420 km de Cuiab\u00e1) e um homem foi preso, suspeito de envolvimento nos\u2026","rel":"","context":"In &quot;Blog&quot;","block_context":{"text":"Blog","link":"https:\/\/ismaelcolosi.com.br\/index.php\/category\/blog\/"},"img":{"alt_text":"","src":"https:\/\/i0.wp.com\/ismaelcolosi.com.br\/wp-content\/uploads\/2023\/11\/postimg-6564fc97817b22039.jpg?fit=1200%2C628&ssl=1&resize=350%2C200","width":350,"height":200,"srcset":"https:\/\/i0.wp.com\/ismaelcolosi.com.br\/wp-content\/uploads\/2023\/11\/postimg-6564fc97817b22039.jpg?fit=1200%2C628&ssl=1&resize=350%2C200 1x, https:\/\/i0.wp.com\/ismaelcolosi.com.br\/wp-content\/uploads\/2023\/11\/postimg-6564fc97817b22039.jpg?fit=1200%2C628&ssl=1&resize=525%2C300 1.5x, https:\/\/i0.wp.com\/ismaelcolosi.com.br\/wp-content\/uploads\/2023\/11\/postimg-6564fc97817b22039.jpg?fit=1200%2C628&ssl=1&resize=700%2C400 2x, https:\/\/i0.wp.com\/ismaelcolosi.com.br\/wp-content\/uploads\/2023\/11\/postimg-6564fc97817b22039.jpg?fit=1200%2C628&ssl=1&resize=1050%2C600 3x"},"classes":[]},{"id":48087,"url":"https:\/\/ismaelcolosi.com.br\/index.php\/2024\/04\/30\/pf-de-ribeirao-cumpre-mandados-na-regiao-contra-crime-de-abuso-sexual-infantojuvenil\/","url_meta":{"origin":9329,"position":4},"title":"PF de Ribeir\u00e3o cumpre mandados na regi\u00e3o contra crime de abuso sexual infantojuvenil","author":"ismaelcolosi.com.br","date":"30 de Abril de 2024","format":false,"excerpt":"[ad_1] A Pol\u00edcia Federal de Ribeir\u00e3o Preto cumpriu dois mandados de busca e apreens\u00e3o na casa de um homem investigado de praticar crime de abuso sexual infantojuvenil em Bebedouro. A a\u00e7\u00e3o aconteceu na manh\u00e3 desta ter\u00e7a-feira (30). Segundo a PF, os cumprimentos dos mandados ocorreu durante a Opera\u00e7\u00e3o \u201cHorus\u201d, que\u2026","rel":"","context":"In &quot;Not\u00edcias de Ribeir\u00e3o Preto-SP e Regi\u00e3o&quot;","block_context":{"text":"Not\u00edcias de Ribeir\u00e3o Preto-SP e Regi\u00e3o","link":"https:\/\/ismaelcolosi.com.br\/index.php\/category\/noticias-de-ribeirao-preto-sp-e-regiao-ismael-colosi\/"},"img":{"alt_text":"","src":"https:\/\/i0.wp.com\/ismaelcolosi.com.br\/wp-content\/uploads\/2024\/04\/Copia-de-Copia-de-TAMANHO-EXATO-PARA-FOTOS-NO-SISTEMA-NOVO-3-2_2024-04-30_18-58-07_png.webp.webp?fit=1200%2C675&ssl=1&resize=350%2C200","width":350,"height":200,"srcset":"https:\/\/i0.wp.com\/ismaelcolosi.com.br\/wp-content\/uploads\/2024\/04\/Copia-de-Copia-de-TAMANHO-EXATO-PARA-FOTOS-NO-SISTEMA-NOVO-3-2_2024-04-30_18-58-07_png.webp.webp?fit=1200%2C675&ssl=1&resize=350%2C200 1x, https:\/\/i0.wp.com\/ismaelcolosi.com.br\/wp-content\/uploads\/2024\/04\/Copia-de-Copia-de-TAMANHO-EXATO-PARA-FOTOS-NO-SISTEMA-NOVO-3-2_2024-04-30_18-58-07_png.webp.webp?fit=1200%2C675&ssl=1&resize=525%2C300 1.5x, https:\/\/i0.wp.com\/ismaelcolosi.com.br\/wp-content\/uploads\/2024\/04\/Copia-de-Copia-de-TAMANHO-EXATO-PARA-FOTOS-NO-SISTEMA-NOVO-3-2_2024-04-30_18-58-07_png.webp.webp?fit=1200%2C675&ssl=1&resize=700%2C400 2x, https:\/\/i0.wp.com\/ismaelcolosi.com.br\/wp-content\/uploads\/2024\/04\/Copia-de-Copia-de-TAMANHO-EXATO-PARA-FOTOS-NO-SISTEMA-NOVO-3-2_2024-04-30_18-58-07_png.webp.webp?fit=1200%2C675&ssl=1&resize=1050%2C600 3x"},"classes":[]},{"id":48446,"url":"https:\/\/ismaelcolosi.com.br\/index.php\/2024\/05\/02\/familia-diz-que-mulher-morta-por-marido-na-regiao-de-ribeirao-sofria-agressoes-ha-anos\/","url_meta":{"origin":9329,"position":5},"title":"Fam\u00edlia diz que mulher morta por marido na regi\u00e3o de Ribeir\u00e3o sofria agress\u00f5es h\u00e1 anos","author":"ismaelcolosi.com.br","date":"2 de Maio de 2024","format":false,"excerpt":"[ad_1] A fam\u00edlia de Clarice Marciano da Silva, de 50 anos, morta pelo marido Reginaldo Martins da Silva, de 53 anos, na tarde de quarta-feira (1\u00ba), contou que a v\u00edtima sofria agress\u00f5es f\u00edsicas e psicol\u00f3gicas recorrentes durante os 32 anos de casamento. \u00c0 EPTV, a irm\u00e3 da v\u00edtima Cl\u00e1udia Aparecida\u2026","rel":"","context":"In &quot;Not\u00edcias de Ribeir\u00e3o Preto-SP e Regi\u00e3o&quot;","block_context":{"text":"Not\u00edcias de Ribeir\u00e3o Preto-SP e Regi\u00e3o","link":"https:\/\/ismaelcolosi.com.br\/index.php\/category\/noticias-de-ribeirao-preto-sp-e-regiao-ismael-colosi\/"},"img":{"alt_text":"","src":"https:\/\/i0.wp.com\/ismaelcolosi.com.br\/wp-content\/uploads\/2024\/05\/Copia-de-Copia-de-TAMANHO-EXATO-PARA-FOTOS-NO-SISTEMA-NOVO-32_2024-05-03_00-27-04_jpg_2024-05-03_00-27-04.webp.webp?fit=1200%2C675&ssl=1&resize=350%2C200","width":350,"height":200,"srcset":"https:\/\/i0.wp.com\/ismaelcolosi.com.br\/wp-content\/uploads\/2024\/05\/Copia-de-Copia-de-TAMANHO-EXATO-PARA-FOTOS-NO-SISTEMA-NOVO-32_2024-05-03_00-27-04_jpg_2024-05-03_00-27-04.webp.webp?fit=1200%2C675&ssl=1&resize=350%2C200 1x, https:\/\/i0.wp.com\/ismaelcolosi.com.br\/wp-content\/uploads\/2024\/05\/Copia-de-Copia-de-TAMANHO-EXATO-PARA-FOTOS-NO-SISTEMA-NOVO-32_2024-05-03_00-27-04_jpg_2024-05-03_00-27-04.webp.webp?fit=1200%2C675&ssl=1&resize=525%2C300 1.5x, https:\/\/i0.wp.com\/ismaelcolosi.com.br\/wp-content\/uploads\/2024\/05\/Copia-de-Copia-de-TAMANHO-EXATO-PARA-FOTOS-NO-SISTEMA-NOVO-32_2024-05-03_00-27-04_jpg_2024-05-03_00-27-04.webp.webp?fit=1200%2C675&ssl=1&resize=700%2C400 2x, https:\/\/i0.wp.com\/ismaelcolosi.com.br\/wp-content\/uploads\/2024\/05\/Copia-de-Copia-de-TAMANHO-EXATO-PARA-FOTOS-NO-SISTEMA-NOVO-32_2024-05-03_00-27-04_jpg_2024-05-03_00-27-04.webp.webp?fit=1200%2C675&ssl=1&resize=1050%2C600 3x"},"classes":[]}],"jetpack_sharing_enabled":true,"jetpack_shortlink":"https:\/\/wp.me\/pfMlyK-2qt","jetpack_featured_media_url":"https:\/\/i0.wp.com\/ismaelcolosi.com.br\/wp-content\/uploads\/2023\/12\/postimg-656a73c0b29f72220.jpg?fit=1200%2C628&ssl=1","_links":{"self":[{"href":"https:\/\/ismaelcolosi.com.br\/index.php\/wp-json\/wp\/v2\/posts\/9329","targetHints":{"allow":["GET"]}}],"collection":[{"href":"https:\/\/ismaelcolosi.com.br\/index.php\/wp-json\/wp\/v2\/posts"}],"about":[{"href":"https:\/\/ismaelcolosi.com.br\/index.php\/wp-json\/wp\/v2\/types\/post"}],"author":[{"embeddable":true,"href":"https:\/\/ismaelcolosi.com.br\/index.php\/wp-json\/wp\/v2\/users\/1"}],"replies":[{"embeddable":true,"href":"https:\/\/ismaelcolosi.com.br\/index.php\/wp-json\/wp\/v2\/comments?post=9329"}],"version-history":[{"count":0,"href":"https:\/\/ismaelcolosi.com.br\/index.php\/wp-json\/wp\/v2\/posts\/9329\/revisions"}],"wp:featuredmedia":[{"embeddable":true,"href":"https:\/\/ismaelcolosi.com.br\/index.php\/wp-json\/wp\/v2\/media\/9330"}],"wp:attachment":[{"href":"https:\/\/ismaelcolosi.com.br\/index.php\/wp-json\/wp\/v2\/media?parent=9329"}],"wp:term":[{"taxonomy":"category","embeddable":true,"href":"https:\/\/ismaelcolosi.com.br\/index.php\/wp-json\/wp\/v2\/categories?post=9329"},{"taxonomy":"post_tag","embeddable":true,"href":"https:\/\/ismaelcolosi.com.br\/index.php\/wp-json\/wp\/v2\/tags?post=9329"}],"curies":[{"name":"wp","href":"https:\/\/api.w.org\/{rel}","templated":true}]}}