{"id":9294,"date":"2023-12-01T20:38:31","date_gmt":"2023-12-01T23:38:31","guid":{"rendered":"https:\/\/ismaelcolosi.com.br\/index.php\/2023\/12\/01\/sintomas-de-cancer-raro-em-jovem-foram-confundidos-com-alergia\/"},"modified":"2023-12-01T20:38:31","modified_gmt":"2023-12-01T23:38:31","slug":"sintomas-de-cancer-raro-em-jovem-foram-confundidos-com-alergia","status":"publish","type":"post","link":"https:\/\/ismaelcolosi.com.br\/index.php\/2023\/12\/01\/sintomas-de-cancer-raro-em-jovem-foram-confundidos-com-alergia\/","title":{"rendered":"Sintomas de c\u00e2ncer raro em jovem foram confundidos com alergia"},"content":{"rendered":"<p> [ad_1]<br \/>\n<\/p>\n<div>\n<p>O c\u00e2ncer\u00a0raro de um jovem\u00a0foi inicialmente confundido com uma alergia depois que ele sentiu uma <a href=\"https:\/\/catracalivre.com.br\/saude-bem-estar\/harvard-aponta-para-causa-ate-entao-desconhecida-da-coceira\/\" target=\"_blank\" rel=\"noopener\">coceira<\/a> intensa.<\/p>\n<p>Alex Watson, 34 anos, recebeu prescri\u00e7\u00e3o de cremes <a href=\"https:\/\/catracalivre.com.br\/saude-bem-estar\/antialergico-alivia-covid-longa\/\" target=\"_blank\" rel=\"noopener\">antial\u00e9rgicos<\/a> depois de ir ao m\u00e9dico em julho deste ano, reclamando de coceira na pele e problemas com a urina. Mas apenas tr\u00eas dias depois sua condi\u00e7\u00e3o piorou.<\/p>\n<div id=\"attachment_2315965\" class=\"wp-caption alignnone\">\n<div class=\"d-flex justify-content-center\" data-attachment-id=\"2315965\">\n<div class=\"position-relative d-inline-block\"><img data-recalc-dims=\"1\" data-portal-copyright=\"reprodu\u00e7\u00e3o\/SWN\" fetchpriority=\"high\" decoding=\"async\" class=\"wp-image-2315965 size-full\" src=\"https:\/\/i0.wp.com\/catracalivre.com.br\/wp-content\/uploads\/2023\/12\/cancer-alergia.png?resize=900%2C862&#038;ssl=1\" alt=\"C\u00e2ncer raro causou coceira intensa\" width=\"900\" height=\"862\" srcset=\"https:\/\/catracalivre.com.br\/wp-content\/uploads\/2023\/12\/cancer-alergia.png 900w, https:\/\/catracalivre.com.br\/wp-content\/uploads\/2023\/12\/cancer-alergia-450x431.png 450w, https:\/\/catracalivre.com.br\/wp-content\/uploads\/2023\/12\/cancer-alergia-768x736.png 768w\" sizes=\"(max-width: 900px) 100vw, 900px\"\/><\/p>\n<p>Cr\u00e9ditos: reprodu\u00e7\u00e3o\/SWN<\/p>\n<\/div>\n<\/div>\n<p><span class=\"post-imagem__legenda\">C\u00e2ncer raro causou coceira intensa<\/span><\/p>\n<\/div>\n<p>Ele come\u00e7ou a apresentar <a href=\"https:\/\/catracalivre.com.br\/saude-bem-estar\/sinais-de-hepatite-nao-devem-ser-ignorados\/\" target=\"_blank\" rel=\"noopener\">icter\u00edcia<\/a> no branco dos olhos e a metade superior do seu tronco estava com uma tonalidade amarelada.<\/p>\n<p>Exames revelaram que ele\u00a0tinha um tumor neuroend\u00f3crino crescendo no p\u00e2ncreas \u2013 uma forma rara da doen\u00e7a que pode crescer em qualquer lugar.<\/p>\n<p>Esse tipo de c\u00e2ncer afeta apenas quatro em cada 100.000 adultos a cada ano. \u00c9 mais comum em pessoas com idade entre 50 e 60 anos e muitas vezes n\u00e3o apresenta sintomas no in\u00edcio.<\/p>\n<p>No caso de Alex, por conta da posi\u00e7\u00e3o do tumor, os sintomas foram observado em outras partes do corpo, permitindo que o problema fosse detectado.<\/p>\n<h2>O que explica a coceira intensa?<\/h2>\n<p>O tumor passou a bloquear o ducto biliar, impedindo a excre\u00e7\u00e3o da bile. Isso comprometia a corrente sangu\u00ednea, causando coceira intensa.<\/p>\n<p>Em outubro, Alex foi submetido a uma opera\u00e7\u00e3o de oito horas para remover o tumor, bem como a cabe\u00e7a do <a href=\"https:\/\/catracalivre.com.br\/saude-bem-estar\/dois-sintomas-silenciosos-de-cancer-de-pancreas\/\" target=\"_blank\" rel=\"noopener\">p\u00e2ncreas<\/a>, a primeira parte do intestino delgado, a ves\u00edcula biliar e o ducto biliar.<\/p>\n<p>Agora, ele\u00a0foi liberado e est\u00e1 se preparando para voltar ao trabalho.<\/p>\n<h2>Tumor neuroend\u00f3crino<\/h2>\n<p>Os tumores neuroend\u00f3crinos s\u00e3o raros e podem ser encontrados na maioria dos \u00f3rg\u00e3os, inclusive pulm\u00f5es e p\u00e2ncreas.<\/p>\n<p>Os sintomas de um tumor neuroend\u00f3crino dependem de onde ele est\u00e1 no corpo e dos horm\u00f4nios que produz.<\/p>\n<p>Por exemplo, um tumor no sistema digestivo (tumor neuroend\u00f3crino gastrointestinal) pode causar diarreia, pris\u00e3o de ventre ou dores de barriga.<\/p>\n<p>Um tumor no pulm\u00e3o (tumor neuroend\u00f3crino pulmonar) pode causar respira\u00e7\u00e3o ofegante ou tosse persistente.<\/p>\n<p>Alguns tumores podem levar \u00e0 libera\u00e7\u00e3o de quantidades anormalmente grandes de horm\u00f4nios na corrente sangu\u00ednea.<\/p>\n<p>Estes s\u00e3o conhecidos como \u2018tumores funcionais\u2019 e podem causar sintomas como diarreia, rubor, c\u00f3licas, respira\u00e7\u00e3o ofegante, n\u00edveis baixos de a\u00e7\u00facar no sangue (hipoglicemia), altera\u00e7\u00f5es na press\u00e3o arterial e problemas card\u00edacos.<\/p>\n<\/div>\n<p><script>\n\t\t! function(f, b, e, v, n, t, s) {\n\t\t\tif (f.fbq) return;\n\t\t\tn = f.fbq = function() {\n\t\t\t\tn.callMethod ?\n\t\t\t\t\tn.callMethod.apply(n, arguments) : n.queue.push(arguments)\n\t\t\t};\n\t\t\tif (!f._fbq) f._fbq = n;\n\t\t\tn.push = n;\n\t\t\tn.loaded = !0;\n\t\t\tn.version = '2.0';\n\t\t\tn.queue = [];\n\t\t\tt = b.createElement(e);\n\t\t\tt.async = !0;\n\t\t\tt.src = v;\n\t\t\ts = b.getElementsByTagName(e)[0];\n\t\t\ts.parentNode.insertBefore(t, s)\n\t\t}(window, document, 'script',\n\t\t\t'https:\/\/connect.facebook.net\/en_US\/fbevents.js');\n\t\tfbq('init', '338315473262380');\n\t\tfbq('track', 'PageView');\n\t<\/script><br \/>\n<br \/>[ad_2]<br \/>\n<br \/><a href=\"https:\/\/catracalivre.com.br\/saude-bem-estar\/sintomas-de-cancer-raro-em-jovem-foi-confundido-com-alergia\/\" target=\"_blank\" rel=\"noopener\">Source link <\/a><\/p>\n<div class='code-block code-block-4' style='margin: 8px auto 8px 0; text-align: left; display: block; clear: both;'>\n\ud83d\udce2 Aviso Legal\n\nO site ismaelcolosi.com.br atua apenas como um canal de divulga\u00e7\u00e3o de oportunidades de emprego e n\u00e3o se responsabiliza pelo processo seletivo, contrata\u00e7\u00e3o ou qualquer outra etapa relacionada \u00e0s vagas publicadas. Todas as informa\u00e7\u00f5es s\u00e3o de responsabilidade dos anunciantes.\n\n\u26a0\ufe0f Aten\u00e7\u00e3o! Nunca pague por promessas de emprego nem compre cursos que garantam contrata\u00e7\u00e3o. Desconfie de qualquer cobran\u00e7a para participar de sele\u00e7\u00f5es.\n\n\n\n<\/div>\n<!-- CONTENT END 1 -->\n","protected":false},"excerpt":{"rendered":"<p>[ad_1] O c\u00e2ncer\u00a0raro de um jovem\u00a0foi inicialmente confundido com uma alergia depois que ele sentiu uma coceira intensa. Alex Watson, 34 anos, recebeu prescri\u00e7\u00e3o de cremes antial\u00e9rgicos depois de ir ao m\u00e9dico em julho deste ano, reclamando de coceira na pele e problemas com a urina. Mas apenas tr\u00eas dias depois sua condi\u00e7\u00e3o piorou. Cr\u00e9ditos:&hellip;&nbsp;<\/p>\n","protected":false},"author":1,"featured_media":9295,"comment_status":"open","ping_status":"open","sticky":false,"template":"","format":"standard","meta":{"_uag_custom_page_level_css":"","neve_meta_sidebar":"","neve_meta_container":"","neve_meta_enable_content_width":"","neve_meta_content_width":0,"neve_meta_title_alignment":"","neve_meta_author_avatar":"","neve_post_elements_order":"","neve_meta_disable_header":"","neve_meta_disable_footer":"","neve_meta_disable_title":"","_jetpack_newsletter_access":"","_jetpack_dont_email_post_to_subs":false,"_jetpack_newsletter_tier_id":0,"_jetpack_memberships_contains_paywalled_content":false,"_jetpack_memberships_contains_paid_content":false,"footnotes":""},"categories":[19],"tags":[],"class_list":["post-9294","post","type-post","status-publish","format-standard","has-post-thumbnail","hentry","category-variedades"],"uagb_featured_image_src":{"full":["https:\/\/i0.wp.com\/ismaelcolosi.com.br\/wp-content\/uploads\/2023\/12\/cancer-alergia.png?fit=1200%2C638&ssl=1",1200,638,false],"thumbnail":["https:\/\/i0.wp.com\/ismaelcolosi.com.br\/wp-content\/uploads\/2023\/12\/cancer-alergia.png?resize=150%2C150&ssl=1",150,150,true],"medium":["https:\/\/i0.wp.com\/ismaelcolosi.com.br\/wp-content\/uploads\/2023\/12\/cancer-alergia.png?fit=300%2C160&ssl=1",300,160,true],"medium_large":["https:\/\/i0.wp.com\/ismaelcolosi.com.br\/wp-content\/uploads\/2023\/12\/cancer-alergia.png?fit=768%2C408&ssl=1",768,408,true],"large":["https:\/\/i0.wp.com\/ismaelcolosi.com.br\/wp-content\/uploads\/2023\/12\/cancer-alergia.png?fit=1024%2C544&ssl=1",1024,544,true],"1536x1536":["https:\/\/i0.wp.com\/ismaelcolosi.com.br\/wp-content\/uploads\/2023\/12\/cancer-alergia.png?fit=1200%2C638&ssl=1",1200,638,true],"2048x2048":["https:\/\/i0.wp.com\/ismaelcolosi.com.br\/wp-content\/uploads\/2023\/12\/cancer-alergia.png?fit=1200%2C638&ssl=1",1200,638,true],"neve-blog":["https:\/\/i0.wp.com\/ismaelcolosi.com.br\/wp-content\/uploads\/2023\/12\/cancer-alergia.png?resize=930%2C620&ssl=1",930,620,true]},"uagb_author_info":{"display_name":"ismaelcolosi.com.br","author_link":"https:\/\/ismaelcolosi.com.br\/author\/vidareal-online\/"},"uagb_comment_info":0,"uagb_excerpt":"[ad_1] O c\u00e2ncer\u00a0raro de um jovem\u00a0foi inicialmente confundido com uma alergia depois que ele sentiu uma coceira intensa. Alex Watson, 34 anos, recebeu prescri\u00e7\u00e3o de cremes antial\u00e9rgicos depois de ir ao m\u00e9dico em julho deste ano, reclamando de coceira na pele e problemas com a urina. Mas apenas tr\u00eas dias depois sua condi\u00e7\u00e3o piorou. Cr\u00e9ditos:&hellip;&nbsp;","jetpack-related-posts":[{"id":9562,"url":"https:\/\/ismaelcolosi.com.br\/index.php\/2023\/12\/02\/4-sinais-que-se-manifestam-no-couro-cabeludo\/","url_meta":{"origin":9294,"position":0},"title":"4 sinais que se manifestam no couro cabeludo","author":"ismaelcolosi.com.br","date":"2 de Dezembro de 2023","format":false,"excerpt":"[ad_1] Cr\u00e9ditos: Getty ImagesMenos comum, c\u00e2ncer de pele no couro cabeludo se caracteriza por dif\u00edcil detec\u00e7\u00e3o da doen\u00e7a \u2013 iStock\/Getty Images Com mais de 175 mil novos casos por ano, o c\u00e2ncer de pele \u00e9 o de maior incid\u00eancia no Brasil, segundo o Instituto Nacional do C\u00e2ncer (INCA). Dados atuais\u2026","rel":"","context":"In &quot;Variedades&quot;","block_context":{"text":"Variedades","link":"https:\/\/ismaelcolosi.com.br\/index.php\/category\/variedades\/"},"img":{"alt_text":"","src":"https:\/\/i0.wp.com\/ismaelcolosi.com.br\/wp-content\/uploads\/2023\/12\/istock-1488632619.jpg?fit=1200%2C638&ssl=1&resize=350%2C200","width":350,"height":200,"srcset":"https:\/\/i0.wp.com\/ismaelcolosi.com.br\/wp-content\/uploads\/2023\/12\/istock-1488632619.jpg?fit=1200%2C638&ssl=1&resize=350%2C200 1x, https:\/\/i0.wp.com\/ismaelcolosi.com.br\/wp-content\/uploads\/2023\/12\/istock-1488632619.jpg?fit=1200%2C638&ssl=1&resize=525%2C300 1.5x, https:\/\/i0.wp.com\/ismaelcolosi.com.br\/wp-content\/uploads\/2023\/12\/istock-1488632619.jpg?fit=1200%2C638&ssl=1&resize=700%2C400 2x, https:\/\/i0.wp.com\/ismaelcolosi.com.br\/wp-content\/uploads\/2023\/12\/istock-1488632619.jpg?fit=1200%2C638&ssl=1&resize=1050%2C600 3x"},"classes":[]},{"id":20876,"url":"https:\/\/ismaelcolosi.com.br\/index.php\/2023\/12\/26\/sintomas-de-cancer-que-podem-ser-confundidos-com-resfriado\/","url_meta":{"origin":9294,"position":1},"title":"Sintomas de c\u00e2ncer que podem ser confundidos com resfriado","author":"ismaelcolosi.com.br","date":"26 de Dezembro de 2023","format":false,"excerpt":"[ad_1] Os sintomas do c\u00e2ncer nem sempre s\u00e3o f\u00e1ceis de detectar. Outras vezes, podem ser confundidos com condi\u00e7\u00f5es mais simples, como resfriado e outras infe\u00e7\u00f5es virais. A institui\u00e7\u00e3o Cancer Research listou os sintomas de c\u00e2ncer que podem ser confundidos com resfriado. Cr\u00e9ditos: vitanovski\/DepositPhotosSe esses sintomas persistirem por um per\u00edodo prolongado,\u2026","rel":"","context":"In &quot;Variedades&quot;","block_context":{"text":"Variedades","link":"https:\/\/ismaelcolosi.com.br\/index.php\/category\/variedades\/"},"img":{"alt_text":"","src":"https:\/\/i0.wp.com\/ismaelcolosi.com.br\/wp-content\/uploads\/2023\/12\/1703622349_depositphotos-26822335-xl-scaled.jpg?fit=1200%2C638&ssl=1&resize=350%2C200","width":350,"height":200,"srcset":"https:\/\/i0.wp.com\/ismaelcolosi.com.br\/wp-content\/uploads\/2023\/12\/1703622349_depositphotos-26822335-xl-scaled.jpg?fit=1200%2C638&ssl=1&resize=350%2C200 1x, https:\/\/i0.wp.com\/ismaelcolosi.com.br\/wp-content\/uploads\/2023\/12\/1703622349_depositphotos-26822335-xl-scaled.jpg?fit=1200%2C638&ssl=1&resize=525%2C300 1.5x, https:\/\/i0.wp.com\/ismaelcolosi.com.br\/wp-content\/uploads\/2023\/12\/1703622349_depositphotos-26822335-xl-scaled.jpg?fit=1200%2C638&ssl=1&resize=700%2C400 2x, https:\/\/i0.wp.com\/ismaelcolosi.com.br\/wp-content\/uploads\/2023\/12\/1703622349_depositphotos-26822335-xl-scaled.jpg?fit=1200%2C638&ssl=1&resize=1050%2C600 3x"},"classes":[]},{"id":19163,"url":"https:\/\/ismaelcolosi.com.br\/index.php\/2023\/12\/21\/barriga-inchada-e-mais-7-sintomas-da-doenca\/","url_meta":{"origin":9294,"position":2},"title":"barriga inchada e mais 7 sintomas da doen\u00e7a","author":"ismaelcolosi.com.br","date":"21 de Dezembro de 2023","format":false,"excerpt":"[ad_1] O c\u00e2ncer de f\u00edgado \u00e9 o 6\u00ba c\u00e2ncer mais comum em todo o mundo. Ele pode come\u00e7ar \u00a0no pr\u00f3prio \u00f3rg\u00e3o (prim\u00e1rio), ou ter origem em outro \u00f3rg\u00e3o (secund\u00e1rio ou metast\u00e1tico). O tipo secund\u00e1rio \u00e9 mais frequentemente decorrente de um tumor maligno no intestino grosso ou no reto. Cr\u00e9ditos: Satjawat\u2026","rel":"","context":"In &quot;Variedades&quot;","block_context":{"text":"Variedades","link":"https:\/\/ismaelcolosi.com.br\/index.php\/category\/variedades\/"},"img":{"alt_text":"","src":"https:\/\/i0.wp.com\/ismaelcolosi.com.br\/wp-content\/uploads\/2023\/12\/istock-1345447265.jpg?fit=1200%2C638&ssl=1&resize=350%2C200","width":350,"height":200,"srcset":"https:\/\/i0.wp.com\/ismaelcolosi.com.br\/wp-content\/uploads\/2023\/12\/istock-1345447265.jpg?fit=1200%2C638&ssl=1&resize=350%2C200 1x, https:\/\/i0.wp.com\/ismaelcolosi.com.br\/wp-content\/uploads\/2023\/12\/istock-1345447265.jpg?fit=1200%2C638&ssl=1&resize=525%2C300 1.5x, https:\/\/i0.wp.com\/ismaelcolosi.com.br\/wp-content\/uploads\/2023\/12\/istock-1345447265.jpg?fit=1200%2C638&ssl=1&resize=700%2C400 2x, https:\/\/i0.wp.com\/ismaelcolosi.com.br\/wp-content\/uploads\/2023\/12\/istock-1345447265.jpg?fit=1200%2C638&ssl=1&resize=1050%2C600 3x"},"classes":[]},{"id":6697,"url":"https:\/\/ismaelcolosi.com.br\/index.php\/2023\/11\/26\/4-aditivos-associados-a-problemas-de-saude-e-cancer\/","url_meta":{"origin":9294,"position":3},"title":"4 aditivos associados a problemas de sa\u00fade e c\u00e2ncer","author":"ismaelcolosi.com.br","date":"26 de Novembro de 2023","format":false,"excerpt":"[ad_1] Cr\u00e9ditos: Getty Images\/iStockphotoConhecidos como aromatizantes, corantes, conservantes e agentes espessantes, esses aditivos s\u00e3o respons\u00e1veis por tornar os alimentos atraentes para os consumidores, mas podem ser prejudiciais \u00e0 sa\u00fade \u2013 iStock\/Getty Images Os aditivos artificiais est\u00e3o presentes em tudo. Seja naquele pudim cremoso ou no refrigerante de laranja, sim, ele\u2026","rel":"","context":"In &quot;Variedades&quot;","block_context":{"text":"Variedades","link":"https:\/\/ismaelcolosi.com.br\/index.php\/category\/variedades\/"},"img":{"alt_text":"","src":"https:\/\/i0.wp.com\/ismaelcolosi.com.br\/wp-content\/uploads\/2023\/11\/istock-1067203316.jpg?fit=1200%2C638&ssl=1&resize=350%2C200","width":350,"height":200,"srcset":"https:\/\/i0.wp.com\/ismaelcolosi.com.br\/wp-content\/uploads\/2023\/11\/istock-1067203316.jpg?fit=1200%2C638&ssl=1&resize=350%2C200 1x, https:\/\/i0.wp.com\/ismaelcolosi.com.br\/wp-content\/uploads\/2023\/11\/istock-1067203316.jpg?fit=1200%2C638&ssl=1&resize=525%2C300 1.5x, https:\/\/i0.wp.com\/ismaelcolosi.com.br\/wp-content\/uploads\/2023\/11\/istock-1067203316.jpg?fit=1200%2C638&ssl=1&resize=700%2C400 2x, https:\/\/i0.wp.com\/ismaelcolosi.com.br\/wp-content\/uploads\/2023\/11\/istock-1067203316.jpg?fit=1200%2C638&ssl=1&resize=1050%2C600 3x"},"classes":[]},{"id":73761,"url":"https:\/\/ismaelcolosi.com.br\/index.php\/2024\/10\/28\/linfoma-nao-hodgkin-entenda-o-cancer-de-eduardo-suplicy\/","url_meta":{"origin":9294,"position":4},"title":"Linfoma n\u00e3o-Hodgkin: entenda o c\u00e2ncer de Eduardo Suplicy","author":"ismaelcolosi.com.br","date":"28 de Outubro de 2024","format":false,"excerpt":"[ad_1] Nesta segunda-feira (28), o deputado Eduardo Suplicy (PT) anunciou que est\u00e1 com linfoma n\u00e3o-Hodgkin. Em comunicado publicado nas redes sociais, Suplicy confirmou que recebeu o diagn\u00f3stico em julho e que est\u00e1 realizando tratamento imunoquimioter\u00e1pico para a doen\u00e7a. O que \u00e9 Linfoma n\u00e3o-Hodgkin? De acordo com o Instituto Nacional do\u2026","rel":"","context":"In &quot;Not\u00edcias de Ribeir\u00e3o Preto-SP e Regi\u00e3o&quot;","block_context":{"text":"Not\u00edcias de Ribeir\u00e3o Preto-SP e Regi\u00e3o","link":"https:\/\/ismaelcolosi.com.br\/index.php\/category\/noticias-de-ribeirao-preto-sp-e-regiao-ismael-colosi\/"},"img":{"alt_text":"","src":"https:\/\/i0.wp.com\/ismaelcolosi.com.br\/wp-content\/uploads\/2024\/10\/Copia-de-Copia-de-Copia-de-TAMANHO-EXATO-PARA-FOTOS-NO-SISTEMA-NOVO-51_2024-10-28_18-52-14_png_2024-10-28_18-52-14.webp.webp?fit=1200%2C675&ssl=1&resize=350%2C200","width":350,"height":200,"srcset":"https:\/\/i0.wp.com\/ismaelcolosi.com.br\/wp-content\/uploads\/2024\/10\/Copia-de-Copia-de-Copia-de-TAMANHO-EXATO-PARA-FOTOS-NO-SISTEMA-NOVO-51_2024-10-28_18-52-14_png_2024-10-28_18-52-14.webp.webp?fit=1200%2C675&ssl=1&resize=350%2C200 1x, https:\/\/i0.wp.com\/ismaelcolosi.com.br\/wp-content\/uploads\/2024\/10\/Copia-de-Copia-de-Copia-de-TAMANHO-EXATO-PARA-FOTOS-NO-SISTEMA-NOVO-51_2024-10-28_18-52-14_png_2024-10-28_18-52-14.webp.webp?fit=1200%2C675&ssl=1&resize=525%2C300 1.5x, https:\/\/i0.wp.com\/ismaelcolosi.com.br\/wp-content\/uploads\/2024\/10\/Copia-de-Copia-de-Copia-de-TAMANHO-EXATO-PARA-FOTOS-NO-SISTEMA-NOVO-51_2024-10-28_18-52-14_png_2024-10-28_18-52-14.webp.webp?fit=1200%2C675&ssl=1&resize=700%2C400 2x, https:\/\/i0.wp.com\/ismaelcolosi.com.br\/wp-content\/uploads\/2024\/10\/Copia-de-Copia-de-Copia-de-TAMANHO-EXATO-PARA-FOTOS-NO-SISTEMA-NOVO-51_2024-10-28_18-52-14_png_2024-10-28_18-52-14.webp.webp?fit=1200%2C675&ssl=1&resize=1050%2C600 3x"},"classes":[]},{"id":7562,"url":"https:\/\/ismaelcolosi.com.br\/index.php\/2023\/11\/28\/harvard-aponta-para-causa-ate-entao-desconhecida-da-coceira\/","url_meta":{"origin":9294,"position":5},"title":"Harvard aponta para causa at\u00e9 ent\u00e3o desconhecida da coceira","author":"ismaelcolosi.com.br","date":"28 de Novembro de 2023","format":false,"excerpt":"[ad_1] Um estudo realizado por cientistas da Harvard Medical School demonstrou pela primeira vez que uma bact\u00e9ria comum da pele \u2013 Staphylococcus aureus \u2013 pode despertar a coceira na pele ao agir diretamente nas c\u00e9lulas nervosas. As descobertas foram feita a partir de experimentos em em ratos e em c\u00e9lulas\u2026","rel":"","context":"In &quot;Variedades&quot;","block_context":{"text":"Variedades","link":"https:\/\/ismaelcolosi.com.br\/index.php\/category\/variedades\/"},"img":{"alt_text":"","src":"https:\/\/i0.wp.com\/ismaelcolosi.com.br\/wp-content\/uploads\/2023\/11\/istock-1433243042-scaled.jpg?fit=1200%2C638&ssl=1&resize=350%2C200","width":350,"height":200,"srcset":"https:\/\/i0.wp.com\/ismaelcolosi.com.br\/wp-content\/uploads\/2023\/11\/istock-1433243042-scaled.jpg?fit=1200%2C638&ssl=1&resize=350%2C200 1x, https:\/\/i0.wp.com\/ismaelcolosi.com.br\/wp-content\/uploads\/2023\/11\/istock-1433243042-scaled.jpg?fit=1200%2C638&ssl=1&resize=525%2C300 1.5x, https:\/\/i0.wp.com\/ismaelcolosi.com.br\/wp-content\/uploads\/2023\/11\/istock-1433243042-scaled.jpg?fit=1200%2C638&ssl=1&resize=700%2C400 2x, https:\/\/i0.wp.com\/ismaelcolosi.com.br\/wp-content\/uploads\/2023\/11\/istock-1433243042-scaled.jpg?fit=1200%2C638&ssl=1&resize=1050%2C600 3x"},"classes":[]}],"jetpack_sharing_enabled":true,"jetpack_shortlink":"https:\/\/wp.me\/pfMlyK-2pU","jetpack_featured_media_url":"https:\/\/i0.wp.com\/ismaelcolosi.com.br\/wp-content\/uploads\/2023\/12\/cancer-alergia.png?fit=1200%2C638&ssl=1","_links":{"self":[{"href":"https:\/\/ismaelcolosi.com.br\/index.php\/wp-json\/wp\/v2\/posts\/9294","targetHints":{"allow":["GET"]}}],"collection":[{"href":"https:\/\/ismaelcolosi.com.br\/index.php\/wp-json\/wp\/v2\/posts"}],"about":[{"href":"https:\/\/ismaelcolosi.com.br\/index.php\/wp-json\/wp\/v2\/types\/post"}],"author":[{"embeddable":true,"href":"https:\/\/ismaelcolosi.com.br\/index.php\/wp-json\/wp\/v2\/users\/1"}],"replies":[{"embeddable":true,"href":"https:\/\/ismaelcolosi.com.br\/index.php\/wp-json\/wp\/v2\/comments?post=9294"}],"version-history":[{"count":0,"href":"https:\/\/ismaelcolosi.com.br\/index.php\/wp-json\/wp\/v2\/posts\/9294\/revisions"}],"wp:featuredmedia":[{"embeddable":true,"href":"https:\/\/ismaelcolosi.com.br\/index.php\/wp-json\/wp\/v2\/media\/9295"}],"wp:attachment":[{"href":"https:\/\/ismaelcolosi.com.br\/index.php\/wp-json\/wp\/v2\/media?parent=9294"}],"wp:term":[{"taxonomy":"category","embeddable":true,"href":"https:\/\/ismaelcolosi.com.br\/index.php\/wp-json\/wp\/v2\/categories?post=9294"},{"taxonomy":"post_tag","embeddable":true,"href":"https:\/\/ismaelcolosi.com.br\/index.php\/wp-json\/wp\/v2\/tags?post=9294"}],"curies":[{"name":"wp","href":"https:\/\/api.w.org\/{rel}","templated":true}]}}