{"id":9200,"date":"2023-12-01T17:40:18","date_gmt":"2023-12-01T20:40:18","guid":{"rendered":"https:\/\/ismaelcolosi.com.br\/index.php\/2023\/12\/01\/apos-cair-com-recem-nascido-no-colo-homem-parte-para-cima-da-enteada-de-7-anos-com-chutes-no-meio-da-rua-em-mg-e-imagens-sao-revoltantes\/"},"modified":"2023-12-01T17:40:18","modified_gmt":"2023-12-01T20:40:18","slug":"apos-cair-com-recem-nascido-no-colo-homem-parte-para-cima-da-enteada-de-7-anos-com-chutes-no-meio-da-rua-em-mg-e-imagens-sao-revoltantes","status":"publish","type":"post","link":"https:\/\/ismaelcolosi.com.br\/index.php\/2023\/12\/01\/apos-cair-com-recem-nascido-no-colo-homem-parte-para-cima-da-enteada-de-7-anos-com-chutes-no-meio-da-rua-em-mg-e-imagens-sao-revoltantes\/","title":{"rendered":"Ap\u00f3s cair com rec\u00e9m-nascido no colo, homem parte para cima da enteada de 7 anos com chutes no meio da rua em MG e imagens s\u00e3o revoltantes"},"content":{"rendered":"<p> [ad_1]<br \/>\n<\/p>\n<div itemprop=\"text\">\n<p>Um v\u00eddeo que est\u00e1 circulando nas redes sociais mostra o momento que um homem agride a pr\u00f3pria enteada, de apenas 7 anos de idade, no meio da rua. O homem foi identificado pelo nome de Altieres Rodrigues, de 38 anos de idade. O caso aconteceu na regi\u00e3o de Itapagipe, em Minas Gerais, em frente a uma sorveteria.<\/p>\n<p>A menina aparece empurrando uma bicicleta junto de outra crian\u00e7a. Em certo momento, ela encosta a bicicleta na parede pr\u00f3ximo ao agressor, e \u00e9 neste momento, que toda a situa\u00e7\u00e3o revoltante ocorre.<\/p>\n<p>A bicicleta cai em um carrinho de beb\u00ea pr\u00f3ximo ao homem, que surge segurando um rec\u00e9m-nascido. O suspeito se enfurece e levanta para agredir a menina, e ao tentar realizar a agress\u00e3o, ele escorrega e acaba caindo junto com o beb\u00ea.<\/p>\n<p>Com isso, a menina chega a correr para o meio da rua, mas o homem a persegue e ao se encontrar com ela, a chuta. Ap\u00f3s a agress\u00e3o, ainda \u00e9 mostrado que a menina anda mancando e se agacha por causa das dores.<\/p>\n<p>Confira abaixo o v\u00eddeo que flagrou todo o momento abaixo:<\/p>\n<p><a href=\"https:\/\/g1.globo.com\/mg\/triangulo-mineiro\/video\/menina-de-7-anos-e-agredida-com-chutes-pelo-padrasto-no-meio-da-rua-em-mg-12156792.ghtml\" target=\"_blank\" rel=\"nofollow noopener\">VEJA O VIDEO<\/a><\/p>\n<p>De\u00a0acordo com\u00a0a\u00a0Pol\u00edcia\u00a0Civil,\u00a0o\u00a0homem\u00a0j\u00e1 foi denunciado\u00a0em\u00a0outras\u00a0ocasi\u00f5es\u00a0por\u00a0maus-tratos.\u00a0E\u00a0agora, com\u00a0os\u00a0v\u00eddeos\u00a0em circula\u00e7\u00e3o,\u00a0a\u00a0Pol\u00edcia\u00a0conseguiu\u00a0provas\u00a0para\u00a0emitir\u00a0o\u00a0mandado de\u00a0pris\u00e3o.<\/p>\n<p>Altieres\u00a0ainda\u00a0teria\u00a0tentado fugir\u00a0ap\u00f3s\u00a0a\u00a0repercuss\u00e3o\u00a0do\u00a0crime,\u00a0mas\u00a0foi encontrado\u00a0e\u00a0preso. A\u00a0situa\u00e7\u00e3o gerou revolta\u00a0em\u00a0muitas\u00a0pessoas que\u00a0assissitiram\u00a0ao\u00a0v\u00eddeo<\/p>\n<\/div>\n<p>[ad_2]<br \/>\n<br \/><a href=\"https:\/\/fnmais.com\/video-apos-cair-com-recem-nascido-no-colo-homem-parte-para-cima-enteada-7-anos-com-chutes-no-meio-rua-em-mg-imagens-sao\/\" target=\"_blank\" rel=\"noopener\">Source link <\/a><\/p>\n<div class='code-block code-block-4' style='margin: 8px auto 8px 0; text-align: left; display: block; clear: both;'>\n\ud83d\udce2 Aviso Legal\n\nO site ismaelcolosi.com.br atua apenas como um canal de divulga\u00e7\u00e3o de oportunidades de emprego e n\u00e3o se responsabiliza pelo processo seletivo, contrata\u00e7\u00e3o ou qualquer outra etapa relacionada \u00e0s vagas publicadas. Todas as informa\u00e7\u00f5es s\u00e3o de responsabilidade dos anunciantes.\n\n\u26a0\ufe0f Aten\u00e7\u00e3o! Nunca pague por promessas de emprego nem compre cursos que garantam contrata\u00e7\u00e3o. Desconfie de qualquer cobran\u00e7a para participar de sele\u00e7\u00f5es.\n\n\n\n<\/div>\n<!-- CONTENT END 1 -->\n","protected":false},"excerpt":{"rendered":"<p>[ad_1] Um v\u00eddeo que est\u00e1 circulando nas redes sociais mostra o momento que um homem agride a pr\u00f3pria enteada, de apenas 7 anos de idade, no meio da rua. O homem foi identificado pelo nome de Altieres Rodrigues, de 38 anos de idade. O caso aconteceu na regi\u00e3o de Itapagipe, em Minas Gerais, em frente&hellip;&nbsp;<\/p>\n","protected":false},"author":1,"featured_media":9201,"comment_status":"open","ping_status":"open","sticky":false,"template":"","format":"standard","meta":{"_uag_custom_page_level_css":"","neve_meta_sidebar":"","neve_meta_container":"","neve_meta_enable_content_width":"","neve_meta_content_width":0,"neve_meta_title_alignment":"","neve_meta_author_avatar":"","neve_post_elements_order":"","neve_meta_disable_header":"","neve_meta_disable_footer":"","neve_meta_disable_title":"","_jetpack_newsletter_access":"","_jetpack_dont_email_post_to_subs":false,"_jetpack_newsletter_tier_id":0,"_jetpack_memberships_contains_paywalled_content":false,"_jetpack_memberships_contains_paid_content":false,"footnotes":""},"categories":[1],"tags":[],"class_list":["post-9200","post","type-post","status-publish","format-standard","has-post-thumbnail","hentry","category-blog"],"uagb_featured_image_src":{"full":["https:\/\/i0.wp.com\/ismaelcolosi.com.br\/wp-content\/uploads\/2023\/12\/postimg-656a19682e87d1860.jpg?fit=1200%2C628&ssl=1",1200,628,false],"thumbnail":["https:\/\/i0.wp.com\/ismaelcolosi.com.br\/wp-content\/uploads\/2023\/12\/postimg-656a19682e87d1860.jpg?resize=150%2C150&ssl=1",150,150,true],"medium":["https:\/\/i0.wp.com\/ismaelcolosi.com.br\/wp-content\/uploads\/2023\/12\/postimg-656a19682e87d1860.jpg?fit=300%2C157&ssl=1",300,157,true],"medium_large":["https:\/\/i0.wp.com\/ismaelcolosi.com.br\/wp-content\/uploads\/2023\/12\/postimg-656a19682e87d1860.jpg?fit=768%2C402&ssl=1",768,402,true],"large":["https:\/\/i0.wp.com\/ismaelcolosi.com.br\/wp-content\/uploads\/2023\/12\/postimg-656a19682e87d1860.jpg?fit=1024%2C536&ssl=1",1024,536,true],"1536x1536":["https:\/\/i0.wp.com\/ismaelcolosi.com.br\/wp-content\/uploads\/2023\/12\/postimg-656a19682e87d1860.jpg?fit=1200%2C628&ssl=1",1200,628,true],"2048x2048":["https:\/\/i0.wp.com\/ismaelcolosi.com.br\/wp-content\/uploads\/2023\/12\/postimg-656a19682e87d1860.jpg?fit=1200%2C628&ssl=1",1200,628,true],"neve-blog":["https:\/\/i0.wp.com\/ismaelcolosi.com.br\/wp-content\/uploads\/2023\/12\/postimg-656a19682e87d1860.jpg?resize=930%2C620&ssl=1",930,620,true]},"uagb_author_info":{"display_name":"ismaelcolosi.com.br","author_link":"https:\/\/ismaelcolosi.com.br\/author\/vidareal-online\/"},"uagb_comment_info":0,"uagb_excerpt":"[ad_1] Um v\u00eddeo que est\u00e1 circulando nas redes sociais mostra o momento que um homem agride a pr\u00f3pria enteada, de apenas 7 anos de idade, no meio da rua. O homem foi identificado pelo nome de Altieres Rodrigues, de 38 anos de idade. O caso aconteceu na regi\u00e3o de Itapagipe, em Minas Gerais, em frente&hellip;&nbsp;","jetpack-related-posts":[{"id":37078,"url":"https:\/\/ismaelcolosi.com.br\/index.php\/2024\/02\/14\/policia-prende-um-suspeito-de-participar-do-latrocinio-de-pm\/","url_meta":{"origin":9200,"position":0},"title":"Pol\u00edcia prende um suspeito de participar do latroc\u00ednio de PM","author":"ismaelcolosi.com.br","date":"14 de Fevereiro de 2024","format":false,"excerpt":"[ad_1] Homem foi capturado na cidade de Serrana e teria telefonado para o 190 da PM passando informa\u00e7\u00f5es falsas 14 de fevereiro de 2024 | 10:05 2Por: Adalberto LuqueUm homem de 20 anos foi preso, na madrugada desta ter\u00e7a-feira (13), por suspeita de envolvimento no latroc\u00ednio do policial militar aposentado\u2026","rel":"","context":"In &quot;Not\u00edcias de Ribeir\u00e3o Preto-SP e Regi\u00e3o&quot;","block_context":{"text":"Not\u00edcias de Ribeir\u00e3o Preto-SP e Regi\u00e3o","link":"https:\/\/ismaelcolosi.com.br\/index.php\/category\/noticias-de-ribeirao-preto-sp-e-regiao-ismael-colosi\/"},"img":{"alt_text":"","src":"https:\/\/i0.wp.com\/ismaelcolosi.com.br\/wp-content\/uploads\/2024\/02\/luque-cpj-02-foto-alfredo-risk-scaled.jpg?fit=968%2C645&ssl=1&resize=350%2C200","width":350,"height":200,"srcset":"https:\/\/i0.wp.com\/ismaelcolosi.com.br\/wp-content\/uploads\/2024\/02\/luque-cpj-02-foto-alfredo-risk-scaled.jpg?fit=968%2C645&ssl=1&resize=350%2C200 1x, https:\/\/i0.wp.com\/ismaelcolosi.com.br\/wp-content\/uploads\/2024\/02\/luque-cpj-02-foto-alfredo-risk-scaled.jpg?fit=968%2C645&ssl=1&resize=525%2C300 1.5x, https:\/\/i0.wp.com\/ismaelcolosi.com.br\/wp-content\/uploads\/2024\/02\/luque-cpj-02-foto-alfredo-risk-scaled.jpg?fit=968%2C645&ssl=1&resize=700%2C400 2x"},"classes":[]},{"id":38606,"url":"https:\/\/ismaelcolosi.com.br\/index.php\/2024\/02\/20\/video-enteado-de-pm-assassinado-divulga-video-agradecendo-apoio\/","url_meta":{"origin":9200,"position":1},"title":"V\u00cdDEO &#8211; Enteado de PM assassinado divulga v\u00eddeo agradecendo apoio","author":"ismaelcolosi.com.br","date":"20 de Fevereiro de 2024","format":false,"excerpt":"[ad_1] Rafael Bernardes Farias foi ferido durante latroc\u00ednio do policial aposentado e recebeu alta ap\u00f3s interna\u00e7\u00e3o hospitalar por conta de troca de tiros com assaltantes 20 de fevereiro de 2024 | 16:4720 de fevereiro de 2024 | 16:54 2Por: Adalberto LuqueO homem ferido durante tiroteio que resultou na morte do\u2026","rel":"","context":"In &quot;Not\u00edcias de Ribeir\u00e3o Preto-SP e Regi\u00e3o&quot;","block_context":{"text":"Not\u00edcias de Ribeir\u00e3o Preto-SP e Regi\u00e3o","link":"https:\/\/ismaelcolosi.com.br\/index.php\/category\/noticias-de-ribeirao-preto-sp-e-regiao-ismael-colosi\/"},"img":{"alt_text":"","src":"https:\/\/i0.wp.com\/ismaelcolosi.com.br\/wp-content\/uploads\/2024\/02\/00-20-fev-2024-latrocinio-pm-aposentato-foto-reproducao.jpg?fit=772%2C542&ssl=1&resize=350%2C200","width":350,"height":200,"srcset":"https:\/\/i0.wp.com\/ismaelcolosi.com.br\/wp-content\/uploads\/2024\/02\/00-20-fev-2024-latrocinio-pm-aposentato-foto-reproducao.jpg?fit=772%2C542&ssl=1&resize=350%2C200 1x, https:\/\/i0.wp.com\/ismaelcolosi.com.br\/wp-content\/uploads\/2024\/02\/00-20-fev-2024-latrocinio-pm-aposentato-foto-reproducao.jpg?fit=772%2C542&ssl=1&resize=525%2C300 1.5x, https:\/\/i0.wp.com\/ismaelcolosi.com.br\/wp-content\/uploads\/2024\/02\/00-20-fev-2024-latrocinio-pm-aposentato-foto-reproducao.jpg?fit=772%2C542&ssl=1&resize=700%2C400 2x"},"classes":[]},{"id":4528,"url":"https:\/\/ismaelcolosi.com.br\/index.php\/2023\/11\/21\/casal-de-jovens-morre-apos-grave-acidente-e-motorista-tem-atitude-revoltante-apos-atropela-los\/","url_meta":{"origin":9200,"position":2},"title":"casal de jovens morre ap\u00f3s grave acidente e motorista tem atitude revoltante ap\u00f3s atropel\u00e1-los","author":"ismaelcolosi.com.br","date":"21 de Novembro de 2023","format":false,"excerpt":"[ad_1] Um casal acabou perdendo a vida depois de serem v\u00edtimas de um grave acidente na rodovia Man\u00edlio Gobbi (SP-284), que fica situada em Paragua\u00e7u Paulista, no estado de S\u00e3o Paulo. O tr\u00e1gico fato ocorreu na manh\u00e3 desta ter\u00e7a-feira (21).A Pol\u00edcia Rodovi\u00e1ria Federal (PRF) foi acionada ap\u00f3s o acidente e\u2026","rel":"","context":"In &quot;Blog&quot;","block_context":{"text":"Blog","link":"https:\/\/ismaelcolosi.com.br\/index.php\/category\/blog\/"},"img":{"alt_text":"","src":"https:\/\/i0.wp.com\/ismaelcolosi.com.br\/wp-content\/uploads\/2023\/11\/postimg-655cde1cace894013.jpg?fit=1200%2C628&ssl=1&resize=350%2C200","width":350,"height":200,"srcset":"https:\/\/i0.wp.com\/ismaelcolosi.com.br\/wp-content\/uploads\/2023\/11\/postimg-655cde1cace894013.jpg?fit=1200%2C628&ssl=1&resize=350%2C200 1x, https:\/\/i0.wp.com\/ismaelcolosi.com.br\/wp-content\/uploads\/2023\/11\/postimg-655cde1cace894013.jpg?fit=1200%2C628&ssl=1&resize=525%2C300 1.5x, https:\/\/i0.wp.com\/ismaelcolosi.com.br\/wp-content\/uploads\/2023\/11\/postimg-655cde1cace894013.jpg?fit=1200%2C628&ssl=1&resize=700%2C400 2x, https:\/\/i0.wp.com\/ismaelcolosi.com.br\/wp-content\/uploads\/2023\/11\/postimg-655cde1cace894013.jpg?fit=1200%2C628&ssl=1&resize=1050%2C600 3x"},"classes":[]},{"id":10082,"url":"https:\/\/ismaelcolosi.com.br\/index.php\/2023\/12\/03\/suspeito-de-acabar-com-a-vida-da-pequena-amelia-vitoria-tambem-responde-por-abuso-contra-a-propria-enteada\/","url_meta":{"origin":9200,"position":3},"title":"Suspeito de acabar com a vida da pequena Am\u00e9lia Vit\u00f3ria tamb\u00e9m responde por abuso contra a pr\u00f3pria enteada","author":"ismaelcolosi.com.br","date":"3 de Dezembro de 2023","format":false,"excerpt":"[ad_1] A Pol\u00edcia Militar est\u00e1 investigando o tr\u00e1gico desaparecimento e assassinato de Am\u00e9lia Vit\u00f3ria, uma estudante de apenas 14 anos.O suspeito, cujo nome n\u00e3o foi divulgado, enfrenta acusa\u00e7\u00f5es criminais por crimes semelhantes aos quais \u00e9 acusado. Ele \u00e9 r\u00e9u em um processo na Justi\u00e7a relacionado \u00e0 viol\u00eancia contra a sua\u2026","rel":"","context":"In &quot;Blog&quot;","block_context":{"text":"Blog","link":"https:\/\/ismaelcolosi.com.br\/index.php\/category\/blog\/"},"img":{"alt_text":"","src":"https:\/\/i0.wp.com\/ismaelcolosi.com.br\/wp-content\/uploads\/2023\/12\/postimg-656cdc3c19a634069.jpg?fit=1200%2C628&ssl=1&resize=350%2C200","width":350,"height":200,"srcset":"https:\/\/i0.wp.com\/ismaelcolosi.com.br\/wp-content\/uploads\/2023\/12\/postimg-656cdc3c19a634069.jpg?fit=1200%2C628&ssl=1&resize=350%2C200 1x, https:\/\/i0.wp.com\/ismaelcolosi.com.br\/wp-content\/uploads\/2023\/12\/postimg-656cdc3c19a634069.jpg?fit=1200%2C628&ssl=1&resize=525%2C300 1.5x, https:\/\/i0.wp.com\/ismaelcolosi.com.br\/wp-content\/uploads\/2023\/12\/postimg-656cdc3c19a634069.jpg?fit=1200%2C628&ssl=1&resize=700%2C400 2x, https:\/\/i0.wp.com\/ismaelcolosi.com.br\/wp-content\/uploads\/2023\/12\/postimg-656cdc3c19a634069.jpg?fit=1200%2C628&ssl=1&resize=1050%2C600 3x"},"classes":[]},{"id":63635,"url":"https:\/\/ismaelcolosi.com.br\/index.php\/2024\/09\/03\/homem-invade-predio-na-zona-oeste-de-ribeirao-e-furta-bicicleta\/","url_meta":{"origin":9200,"position":4},"title":"Homem invade pr\u00e9dio na zona Oeste de Ribeir\u00e3o e furta bicicleta","author":"ismaelcolosi.com.br","date":"3 de Setembro de 2024","format":false,"excerpt":"[ad_1] Na \u00faltima sexta-feira (30), um homem invadiu um condom\u00ednio localizado na Vila Guiomar, zona Norte de Ribeir\u00e3o Preto e furtou a bicicleta de uma crian\u00e7a. De acordo com a m\u00e3e, Joyce Oliveira, a pequena desceu para brincar e n\u00e3o encontrou a bicicleta que ganhou de presente de anivers\u00e1rio. Ent\u00e3o,\u2026","rel":"","context":"In &quot;Not\u00edcias de Ribeir\u00e3o Preto-SP e Regi\u00e3o&quot;","block_context":{"text":"Not\u00edcias de Ribeir\u00e3o Preto-SP e Regi\u00e3o","link":"https:\/\/ismaelcolosi.com.br\/index.php\/category\/noticias-de-ribeirao-preto-sp-e-regiao-ismael-colosi\/"},"img":{"alt_text":"","src":"https:\/\/i0.wp.com\/ismaelcolosi.com.br\/wp-content\/uploads\/2024\/09\/roubo-bike_2024-09-03_13-03-54_jpg_2024-09-03_13-03-54.webp.webp?fit=852%2C479&ssl=1&resize=350%2C200","width":350,"height":200,"srcset":"https:\/\/i0.wp.com\/ismaelcolosi.com.br\/wp-content\/uploads\/2024\/09\/roubo-bike_2024-09-03_13-03-54_jpg_2024-09-03_13-03-54.webp.webp?fit=852%2C479&ssl=1&resize=350%2C200 1x, https:\/\/i0.wp.com\/ismaelcolosi.com.br\/wp-content\/uploads\/2024\/09\/roubo-bike_2024-09-03_13-03-54_jpg_2024-09-03_13-03-54.webp.webp?fit=852%2C479&ssl=1&resize=525%2C300 1.5x, https:\/\/i0.wp.com\/ismaelcolosi.com.br\/wp-content\/uploads\/2024\/09\/roubo-bike_2024-09-03_13-03-54_jpg_2024-09-03_13-03-54.webp.webp?fit=852%2C479&ssl=1&resize=700%2C400 2x"},"classes":[]},{"id":20554,"url":"https:\/\/ismaelcolosi.com.br\/index.php\/2023\/12\/25\/mae-confessa-que-tirou-a-vida-da-filha-de-apenas-1-ano-no-rj-e-motivacao-e-revoltante\/","url_meta":{"origin":9200,"position":5},"title":"M\u00e3e confessa que tirou a vida da filha de apenas 1 ano no RJ e motiva\u00e7\u00e3o \u00e9 revoltante","author":"ismaelcolosi.com.br","date":"25 de Dezembro de 2023","format":false,"excerpt":"[ad_1] Neste \u00faltimo domingo, dia 24 de dezembro, uma mulher foi detida em Campos dos Goytacazes, no Rio de Janeiro, sob a suspeita de agredir e tirar a vida de sua filha de apenas 1 ano de idade.A trag\u00e9dia aconteceu neste s\u00e1bado, dia 23 de dezembro, na invas\u00e3o das Casinhas\u2026","rel":"","context":"In &quot;Blog&quot;","block_context":{"text":"Blog","link":"https:\/\/ismaelcolosi.com.br\/index.php\/category\/blog\/"},"img":{"alt_text":"","src":"https:\/\/i0.wp.com\/ismaelcolosi.com.br\/wp-content\/uploads\/2023\/12\/postimg-658a09f0743682892.jpg?fit=1200%2C628&ssl=1&resize=350%2C200","width":350,"height":200,"srcset":"https:\/\/i0.wp.com\/ismaelcolosi.com.br\/wp-content\/uploads\/2023\/12\/postimg-658a09f0743682892.jpg?fit=1200%2C628&ssl=1&resize=350%2C200 1x, https:\/\/i0.wp.com\/ismaelcolosi.com.br\/wp-content\/uploads\/2023\/12\/postimg-658a09f0743682892.jpg?fit=1200%2C628&ssl=1&resize=525%2C300 1.5x, https:\/\/i0.wp.com\/ismaelcolosi.com.br\/wp-content\/uploads\/2023\/12\/postimg-658a09f0743682892.jpg?fit=1200%2C628&ssl=1&resize=700%2C400 2x, https:\/\/i0.wp.com\/ismaelcolosi.com.br\/wp-content\/uploads\/2023\/12\/postimg-658a09f0743682892.jpg?fit=1200%2C628&ssl=1&resize=1050%2C600 3x"},"classes":[]}],"jetpack_sharing_enabled":true,"jetpack_shortlink":"https:\/\/wp.me\/pfMlyK-2oo","jetpack_featured_media_url":"https:\/\/i0.wp.com\/ismaelcolosi.com.br\/wp-content\/uploads\/2023\/12\/postimg-656a19682e87d1860.jpg?fit=1200%2C628&ssl=1","_links":{"self":[{"href":"https:\/\/ismaelcolosi.com.br\/index.php\/wp-json\/wp\/v2\/posts\/9200","targetHints":{"allow":["GET"]}}],"collection":[{"href":"https:\/\/ismaelcolosi.com.br\/index.php\/wp-json\/wp\/v2\/posts"}],"about":[{"href":"https:\/\/ismaelcolosi.com.br\/index.php\/wp-json\/wp\/v2\/types\/post"}],"author":[{"embeddable":true,"href":"https:\/\/ismaelcolosi.com.br\/index.php\/wp-json\/wp\/v2\/users\/1"}],"replies":[{"embeddable":true,"href":"https:\/\/ismaelcolosi.com.br\/index.php\/wp-json\/wp\/v2\/comments?post=9200"}],"version-history":[{"count":0,"href":"https:\/\/ismaelcolosi.com.br\/index.php\/wp-json\/wp\/v2\/posts\/9200\/revisions"}],"wp:featuredmedia":[{"embeddable":true,"href":"https:\/\/ismaelcolosi.com.br\/index.php\/wp-json\/wp\/v2\/media\/9201"}],"wp:attachment":[{"href":"https:\/\/ismaelcolosi.com.br\/index.php\/wp-json\/wp\/v2\/media?parent=9200"}],"wp:term":[{"taxonomy":"category","embeddable":true,"href":"https:\/\/ismaelcolosi.com.br\/index.php\/wp-json\/wp\/v2\/categories?post=9200"},{"taxonomy":"post_tag","embeddable":true,"href":"https:\/\/ismaelcolosi.com.br\/index.php\/wp-json\/wp\/v2\/tags?post=9200"}],"curies":[{"name":"wp","href":"https:\/\/api.w.org\/{rel}","templated":true}]}}