{"id":91698,"date":"2026-09-03T15:27:49","date_gmt":"2026-09-03T18:27:49","guid":{"rendered":"https:\/\/ismaelcolosi.com.br\/?p=91698"},"modified":"2026-09-03T16:44:55","modified_gmt":"2026-09-03T19:44:55","slug":"cozinheira-escolar-r-1-85000","status":"publish","type":"post","link":"https:\/\/ismaelcolosi.com.br\/index.php\/2026\/09\/03\/cozinheira-escolar-r-1-85000\/","title":{"rendered":"Vaga de Cozinheira Escolar em Ribeir\u00e3o Preto-SP"},"content":{"rendered":"<style>\nh2{margin-top:40px;}<br \/>\np,li,td,th,div{font-size:18px;line-height:1.8;}<br \/>\n<\/style>\n<h1>Cozinheira Escolar \u2013 R$ 1.850,00<\/h1>\n<div style=\"background: linear-gradient(135deg,#f5f5f5 0%,#e8f5e9 100%); padding: 12px 18px; border-radius: 10px; border-left: 5px solid #2e7d32; margin: 15px 0 20px 0; display: flex; align-items: center; gap: 14px; flex-wrap: wrap; box-shadow: 0 1px 4px rgba(0,0,0,0.06);\">\n<div style=\"flex-shrink: 0;\"><img data-recalc-dims=\"1\" loading=\"lazy\" decoding=\"async\" style=\"width: 60px; height: 60px; border-radius: 50%; border: 2px solid #2e7d32; object-fit: cover;\" src=\"https:\/\/i0.wp.com\/ismaelcolosi.com.br\/wp-content\/uploads\/2026\/07\/ismael-colosi-foto-perfil-2025.jpeg?resize=60%2C60&#038;ssl=1\" alt=\"Ismael Colosi - Headhunter\" width=\"60\" height=\"60\" \/><\/div>\n<div style=\"flex: 1; min-width: 180px;\">\n<div style=\"display: flex; align-items: center; gap: 10px; flex-wrap: wrap;\"><span style=\"font-weight: bold; font-size: 16px; color: #1b5e20;\">\u270d\ufe0f Ismael Colosi<\/span><span style=\"font-size: 12px; color: #2e7d32; font-weight: 500;\">Headhunter | R&amp;S | Mutir\u00e3o do Emprego<\/span><\/div>\n<p style=\"margin: 3px 0 0 0; font-size: 15px; color: #555; line-height: 1.4;\">Especialista em recrutamento e sele\u00e7\u00e3o com mais de 10 anos de experi\u00eancia. Headhunter com atua\u00e7\u00e3o em Ribeir\u00e3o Preto-SP e todo Brasil; fundador e presidente do iBEE &#8211; Instituto Brasileiro do Emprego e Empreendedorismo.<\/p>\n<div style=\"margin-top: 4px; display: flex; gap: 6px; flex-wrap: wrap;\"><a style=\"background: #0a66c2; color: white; padding: 3px 10px; border-radius: 14px; text-decoration: none; font-size: 11px; display: inline-flex; align-items: center; gap: 4px;\" href=\"https:\/\/www.linkedin.com\/in\/ismael-colosi\/\" target=\"_blank\" rel=\"noopener noreferrer\">\ud83d\udd17 LinkedIn<\/a><br \/>\n<a style=\"background: linear-gradient(45deg,#f09433,#e6683c,#dc2743,#cc2366,#bc1888); color: white; padding: 3px 10px; border-radius: 14px; text-decoration: none; font-size: 11px; display: inline-flex; align-items: center; gap: 4px;\" href=\"https:\/\/www.instagram.com\/ismaelcolosi\/\" target=\"_blank\" rel=\"noopener noreferrer\">\ud83d\udcf8 Instagram<\/a><br \/>\n<a style=\"background: #1877f2; color: white; padding: 3px 10px; border-radius: 14px; text-decoration: none; font-size: 11px; display: inline-flex; align-items: center; gap: 4px;\" href=\"https:\/\/www.facebook.com\/ISMAELCOLOSI2025\" target=\"_blank\" rel=\"noopener noreferrer\">\ud83d\udc4d Facebook<\/a><br \/>\n<a style=\"background: #00b4d8; color: white; padding: 3px 10px; border-radius: 14px; text-decoration: none; font-size: 11px; display: inline-flex; align-items: center; gap: 4px;\" href=\"https:\/\/linktr.ee\/Ismael_Colosi\" target=\"_blank\" rel=\"noopener noreferrer\">\ud83c\udf3f Linktree<\/a><br \/>\n<a style=\"background: #25d366; color: white; padding: 3px 10px; border-radius: 14px; text-decoration: none; font-size: 11px; display: inline-flex; align-items: center; gap: 4px;\" href=\"https:\/\/wa.me\/5516991268411\" target=\"_blank\" rel=\"noopener noreferrer\">\ud83d\udcac WhatsApp<\/a><\/div>\n<\/div>\n<\/div>\n<p><strong>\ud83d\udcc5 Atualizado em:<\/strong> 03\/09\/2026<\/p>\n<p><strong>\ud83c\udfaf P\u00fablico-alvo:<\/strong> Cozinheiras com experi\u00eancia que residam nos bairros Ribeir\u00e3o Verde, Salgado Filho ou Geraldo de Carvalho (Ribeir\u00e3o Preto\/SP).<\/p>\n<h2>Introdu\u00e7\u00e3o<\/h2>\n<p>Se voc\u00ea \u00e9 cozinheira, tem experi\u00eancia na prepara\u00e7\u00e3o de refei\u00e7\u00f5es e mora em um dos bairros indicados, essa oportunidade \u00e9 para voc\u00ea! Estamos selecionando profissionais para atuar em uma escola da regi\u00e3o, garantindo refei\u00e7\u00f5es nutritivas e saborosas para os alunos. A vaga \u00e9 <strong>presencial<\/strong> e exige dedica\u00e7\u00e3o e compromisso com a qualidade da alimenta\u00e7\u00e3o escolar.<\/p>\n<div data-type=\"_mgwidget\" data-widget-id=\"1839050\"><\/div>\n<p><script>(function(w,q){w[q]=w[q]||[];w[q].push([\"_mgc.load\"])})(window,\"_mgq\");<\/script><\/p>\n<h2>Resumo da vaga<\/h2>\n<p>A Cozinheira Escolar ser\u00e1 respons\u00e1vel pelo preparo di\u00e1rio de almo\u00e7o e lanches para os estudantes, seguindo rigorosamente as normas de higiene e seguran\u00e7a alimentar. Al\u00e9m disso, dever\u00e1 organizar a cozinha, controlar o estoque de insumos e manter a limpeza do ambiente. \u00c9 indispens\u00e1vel residir em um dos tr\u00eas bairros mencionados e ter experi\u00eancia comprovada na fun\u00e7\u00e3o.<\/p>\n<div data-type=\"_mgwidget\" data-widget-id=\"1839050\"><\/div>\n<p><script>(function(w,q){w[q]=w[q]||[];w[q].push([\"_mgc.load\"])})(window,\"_mgq\");<\/script><\/p>\n<h2>Resumo r\u00e1pido<\/h2>\n<table style=\"border-collapse: collapse; width: 100%; max-width: 500px; border: 1px solid #ccc;\">\n<tbody>\n<tr>\n<td style=\"border: 1px solid #ccc; padding: 8px;\"><strong>Cargo<\/strong><\/td>\n<td style=\"border: 1px solid #ccc; padding: 8px;\">Cozinheira Escolar<\/td>\n<\/tr>\n<tr>\n<td style=\"border: 1px solid #ccc; padding: 8px;\"><strong>Modelo<\/strong><\/td>\n<td style=\"border: 1px solid #ccc; padding: 8px;\">Presencial (exige resid\u00eancia nos bairros: Ribeir\u00e3o Verde, Salgado Filho ou Geraldo de Carvalho)<\/td>\n<\/tr>\n<tr>\n<td style=\"border: 1px solid #ccc; padding: 8px;\"><strong>Contrata\u00e7\u00e3o<\/strong><\/td>\n<td style=\"border: 1px solid #ccc; padding: 8px;\">N\u00e3o informado<\/td>\n<\/tr>\n<tr>\n<td style=\"border: 1px solid #ccc; padding: 8px;\"><strong>Sal\u00e1rio<\/strong><\/td>\n<td style=\"border: 1px solid #ccc; padding: 8px;\">R$ 1.850,00<\/td>\n<\/tr>\n<tr>\n<td style=\"border: 1px solid #ccc; padding: 8px;\"><strong>Escolaridade<\/strong><\/td>\n<td style=\"border: 1px solid #ccc; padding: 8px;\">N\u00e3o informado (desej\u00e1vel Ensino M\u00e9dio)<\/td>\n<\/tr>\n<tr>\n<td style=\"border: 1px solid #ccc; padding: 8px;\"><strong>Local<\/strong><\/td>\n<td style=\"border: 1px solid #ccc; padding: 8px;\">Ribeir\u00e3o Preto &#8211; SP (bairros: Ribeir\u00e3o Verde, Salgado Filho, Geraldo de Carvalho)<\/td>\n<\/tr>\n<tr>\n<td style=\"border: 1px solid #ccc; padding: 8px;\"><strong>Vagas<\/strong><\/td>\n<td style=\"border: 1px solid #ccc; padding: 8px;\">N\u00e3o informado<\/td>\n<\/tr>\n<\/tbody>\n<\/table>\n<div data-type=\"_mgwidget\" data-widget-id=\"1839050\"><\/div>\n<p><script>(function(w,q){w[q]=w[q]||[];w[q].push([\"_mgc.load\"])})(window,\"_mgq\");<\/script><\/p>\n<h2>Principais responsabilidades<\/h2>\n<ul>\n<li>Preparar refei\u00e7\u00f5es di\u00e1rias (almo\u00e7o e lanches) seguindo o card\u00e1pio estabelecido pela escola.<\/li>\n<li>Assegurar a higiene, qualidade e seguran\u00e7a alimentar em todo o processo de produ\u00e7\u00e3o.<\/li>\n<li>Organizar e manter a limpeza da cozinha, utens\u00edlios e equipamentos.<\/li>\n<li>Controlar o estoque de alimentos, registrando entradas e sa\u00eddas e sinalizando necessidades de compra.<\/li>\n<\/ul>\n<div data-type=\"_mgwidget\" data-widget-id=\"1839050\"><\/div>\n<p><script>(function(w,q){w[q]=w[q]||[];w[q].push([\"_mgc.load\"])})(window,\"_mgq\");<\/script><\/p>\n<h2>Requisitos obrigat\u00f3rios<\/h2>\n<h3>Forma\u00e7\u00e3o<\/h3>\n<p>N\u00e3o h\u00e1 exig\u00eancia de forma\u00e7\u00e3o espec\u00edfica, mas \u00e9 desej\u00e1vel ensino m\u00e9dio completo.<\/p>\n<h3>Experi\u00eancia<\/h3>\n<p>Experi\u00eancia comprovada como cozinheira (em escolas, restaurantes, cozinhas industriais ou similares).<\/p>\n<h3>Habilidades<\/h3>\n<p>Conhecimento em manipula\u00e7\u00e3o de alimentos, boas pr\u00e1ticas de higiene, organiza\u00e7\u00e3o e trabalho em equipe.<\/p>\n<div data-type=\"_mgwidget\" data-widget-id=\"1839050\"><\/div>\n<p><script>(function(w,q){w[q]=w[q]||[];w[q].push([\"_mgc.load\"])})(window,\"_mgq\");<\/script><\/p>\n<h2>Diferenciais<\/h2>\n<p>A vaga n\u00e3o informa diferenciais espec\u00edficos. No entanto, ter disponibilidade imediata e residir nos bairros indicados s\u00e3o fatores que podem acelerar a sele\u00e7\u00e3o.<\/p>\n<div data-type=\"_mgwidget\" data-widget-id=\"1839050\"><\/div>\n<p><script>(function(w,q){w[q]=w[q]||[];w[q].push([\"_mgc.load\"])})(window,\"_mgq\");<\/script><\/p>\n<h2>Benef\u00edcios<\/h2>\n<p>Vale-alimenta\u00e7\u00e3o: R$ 18,50\/dia; Cesta b\u00e1sica: R$ 259,00; Conv\u00eanio m\u00e9dico e odontol\u00f3gico; Seguro de vida; Vale-transporte.<\/p>\n<div data-type=\"_mgwidget\" data-widget-id=\"1839050\"><\/div>\n<p><script>(function(w,q){w[q]=w[q]||[];w[q].push([\"_mgc.load\"])})(window,\"_mgq\");<\/script><\/p>\n<h2>Sobre a empresa contratante<\/h2>\n<p>A empresa contratante n\u00e3o teve seu nome divulgado na vaga. Trata-se de uma institui\u00e7\u00e3o escolar localizada em Ribeir\u00e3o Preto, que busca profissionais comprometidos com a alimenta\u00e7\u00e3o de qualidade para seus alunos.<\/p>\n<div data-type=\"_mgwidget\" data-widget-id=\"1839050\"><\/div>\n<p><script>(function(w,q){w[q]=w[q]||[];w[q].push([\"_mgc.load\"])})(window,\"_mgq\");<\/script><\/p>\n<h2>Localidade e modelo de trabalho<\/h2>\n<p>A vaga \u00e9 <strong>presencial<\/strong> e exige que a candidata resida obrigatoriamente em um dos tr\u00eas bairros: Ribeir\u00e3o Verde, Salgado Filho ou Geraldo de Carvalho (Ribeir\u00e3o Preto &#8211; SP). O trabalho \u00e9 realizado na escola, em regime de 44 horas semanais (hor\u00e1rio comercial).<\/p>\n<div data-type=\"_mgwidget\" data-widget-id=\"1839050\"><\/div>\n<p><script>(function(w,q){w[q]=w[q]||[];w[q].push([\"_mgc.load\"])})(window,\"_mgq\");<\/script><\/p>\n<h2>Perguntas frequentes (FAQ)<\/h2>\n<p><strong>A vaga \u00e9 Home Office?<\/strong><br \/>\nN\u00e3o, a vaga \u00e9 presencial. A atua\u00e7\u00e3o \u00e9 100% na escola, sendo necess\u00e1rio comparecer diariamente.<\/p>\n<p><strong>Precisa ter experi\u00eancia?<\/strong><br \/>\nSim, \u00e9 obrigat\u00f3rio ter experi\u00eancia comprovada como cozinheira.<\/p>\n<p><strong>O que fazer se n\u00e3o morar nos bairros indicados?<\/strong><br \/>\nInfelizmente, a vaga exige resid\u00eancia em um dos bairros listados, pois a escola n\u00e3o oferece vale-transporte para outras localidades (o vale-transporte \u00e9 para deslocamento dentro da cidade, mas a exig\u00eancia \u00e9 clara).<\/p>\n<div data-type=\"_mgwidget\" data-widget-id=\"1839050\"><\/div>\n<p><script>(function(w,q){w[q]=w[q]||[];w[q].push([\"_mgc.load\"])})(window,\"_mgq\");<\/script><\/p>\n<h2>Como se candidatar<\/h2>\n<div data-type=\"_mgwidget\" data-widget-id=\"1839050\"><\/div>\n<p><script>(function(w,q){w[q]=w[q]||[];w[q].push([\"_mgc.load\"])})(window,\"_mgq\");<\/script><\/p>\n<p>Os interessados devem seguir o passo a passo abaixo para se candidatar \u00e0 vaga:<\/p>\n<ol>\n<li><strong>Envie seu curr\u00edculo via WhatsApp:<\/strong> Encaminhe seu curr\u00edculo em PDF ou Word para o n\u00famero abaixo<\/li>\n<li><strong>Informe seu bairro:<\/strong> Na mensagem, indique em qual dos tr\u00eas bairros voc\u00ea reside (Ribeir\u00e3o Verde, Salgado Filho ou Geraldo de Carvalho).<\/li>\n<li><strong>Aguarde o retorno:<\/strong> A equipe de recrutamento analisar\u00e1 os curr\u00edculos e entrar\u00e1 em contato para agendar entrevista.<\/li>\n<\/ol>\n<div data-type=\"_mgwidget\" data-widget-id=\"1839050\"><\/div>\n<p><script>(function(w,q){w[q]=w[q]||[];w[q].push([\"_mgc.load\"])})(window,\"_mgq\");<\/script><\/p>\n<p>&nbsp;<\/p>\n<div data-type=\"_mgwidget\" data-widget-id=\"1839050\"><\/div>\n<p><script>(function(w,q){w[q]=w[q]||[];w[q].push([\"_mgc.load\"])})(window,\"_mgq\");<\/script><\/p>\n<p><strong>N\u00e3o perca essa oportunidade!<\/strong> Clique no bot\u00e3o abaixo e candidate-se agora.<\/p>\n<p style=\"text-align: center; margin: 20px 0;\"><a style=\"background-color: #2e7d32; color: white; padding: 12px 25px; text-decoration: none; border-radius: 5px; display: inline-block; font-weight: bold;\" href=\"https:\/\/wa.me\/5516991029519?text=Ol\u00e1%2C%20gostaria%20de%20me%20candidatar%20para%20a%20vaga%20de%20Cozinheira%20Escolar.%20Moro%20em%20[seu%20bairro]%20e%20tenho%20experi\u00eancia.\" target=\"_blank\" rel=\"nofollow sponsored noopener\">\u2705 Candidatar-se agora (WhatsApp)<\/a><\/p>\n<p style=\"font-size: 14px; color: #666; background-color: #f9f9f9; padding: 12px; border-left: 4px solid #f44336;\">\u26a0\ufe0f <strong>Alerta de seguran\u00e7a:<\/strong> Nunca pague por promessas de emprego. O Ismael Colosi n\u00e3o cobra nada dos candidatos.<\/p>\n<p style=\"font-size: 14px; color: #666; background-color: #fff3cd; padding: 12px; border-left: 4px solid #ffc107; margin: 0;\">\u26a0\ufe0f <strong>Aviso importante:<\/strong> As vagas divulgadas neste portal s\u00e3o de responsabilidade dos anunciantes e podem ser retiradas do ar a qualquer momento, sem aviso pr\u00e9vio, por decis\u00e3o do empregador. Recomendamos que os candidatos verifiquem a disponibilidade da vaga no link oficial antes de iniciar o processo seletivo.<\/p>\n<h2>Leia tamb\u00e9m<\/h2>\n<ul>\n<li><a href=\"https:\/\/ismaelcolosi.com.br\/index.php\/category\/empregos-classificados-vagas-trabalho\/vagas-de-empregos-em-ribeirao-preto-regiao-brasil\/vagas-de-emprego-para-trabalhar-de-casa-home-office-remoto\/\">Todas as vagas remotas<\/a><\/li>\n<li><a href=\"https:\/\/api.whatsapp.com\/send?phone=5516991268411&amp;text=Ol%C3%A1%20*Ismael%20Colosi*%20%2C%20me%20coloque%20no%20grupo%20de%20empregos%20por%20favor%0A%0A\" target=\"_blank\" rel=\"noopener\">Grupo de empregos Home Office no WhatsApp<\/a><\/li>\n<\/ul>\n<p><em>Esta vaga foi selecionada pelo portal Ismael Colosi com base nos crit\u00e9rios de transpar\u00eancia salarial e acessibilidade de escolaridade.<\/em><\/p>\n<p><strong>Sobre o portal Ismael Colosi:<\/strong> O Ismael Colosi \u00e9 um portal de empregos que conecta profissionais a oportunidades de trabalho em todo o Brasil. Selecionamos vagas com transpar\u00eancia salarial e acessibilidade para todos os n\u00edveis de escolaridade.<\/p>\n<p style=\"font-size: 12px; color: #888; margin-top: 20px;\">\ud83d\udce2 <strong>Aviso Legal:<\/strong> O site ismaelcolosi.com.br atua apenas como um canal de divulga\u00e7\u00e3o de oportunidades de emprego e n\u00e3o se responsabiliza pelo processo seletivo, contrata\u00e7\u00e3o ou qualquer outra etapa relacionada \u00e0s vagas publicadas. Todas as informa\u00e7\u00f5es s\u00e3o de responsabilidade dos anunciantes.<\/p>\n<p><strong>Palavras-chave:<\/strong> cozinheira escolar, vaga cozinheira Ribeir\u00e3o Preto, emprego cozinheira, alimenta\u00e7\u00e3o escolar, vaga presencial cozinha.<\/p>\n<p><script type=\"application\/ld+json\">\n{\n\"@context\":\"https:\/\/schema.org\",\n\"@type\":\"JobPosting\",\n\"title\":\"Cozinheira Escolar\",\n\"description\":\"Vaga para cozinheira escolar com experi\u00eancia, atuando na prepara\u00e7\u00e3o de refei\u00e7\u00f5es para alunos em ambiente escolar. Exige resid\u00eancia nos bairros Ribeir\u00e3o Verde, Salgado Filho ou Geraldo de Carvalho. Modelo presencial.\",\n\"datePosted\":\"2026-09-03\",\n\"dateModified\":\"2026-09-03\",\n\"validThrough\":\"2026-10-03\",\n\"employmentType\":\"FULL_TIME\",\n\"hiringOrganization\":{\"@type\":\"Organization\",\"name\":\"Empresa n\u00e3o informada\",\"sameAs\":\"\"},\n\"jobLocationType\":\"OFFICE\",\n\"applicantLocationRequirements\":{\"@type\":\"Country\",\"name\":\"BR\"},\n\"baseSalary\":{\"@type\":\"MonetaryAmount\",\"currency\":\"BRL\",\"value\":{\"@type\":\"QuantitativeValue\",\"value\":1850,\"unitText\":\"MONTH\"}},\n\"salaryCurrency\":\"BRL\",\n\"jobBenefits\":\"Vale-alimenta\u00e7\u00e3o R$18,50\/dia, Cesta b\u00e1sica R$259,00, Conv\u00eanio m\u00e9dico e odontol\u00f3gico, Seguro de vida, Vale-transporte\",\n\"responsibilities\":\"Preparar refei\u00e7\u00f5es di\u00e1rias para alunos; seguir card\u00e1pio e normas de higiene; organizar e manter limpeza da cozinha; controlar estoque de alimentos e insumos.\",\n\"qualifications\":\"Experi\u00eancia comprovada como cozinheira; residir nos bairros Ribeir\u00e3o Verde, Salgado Filho ou Geraldo de Carvalho.\",\n\"educationRequirements\":{\"@type\":\"EducationalOccupationalCredential\",\"credentialCategory\":\"Ensino M\u00e9dio\"},\n\"occupationalCategory\":\"35-0000\",\n\"industry\":\"Alimenta\u00e7\u00e3o escolar\",\n\"workHours\":\"44h semanais\",\n\"employmentUnit\":{\"@type\":\"Organization\",\"name\":\"Cozinha Escolar\"},\n\"incentiveCompensation\":\"\",\n\"totalJobOpenings\":\"\",\n\"url\":\"https:\/\/wa.me\/5516991029519\"\n}\n<\/script><\/p>\n<div class='code-block code-block-4' style='margin: 8px auto 8px 0; text-align: left; display: block; clear: both;'>\n\ud83d\udce2 Aviso Legal\n\nO site ismaelcolosi.com.br atua apenas como um canal de divulga\u00e7\u00e3o de oportunidades de emprego e n\u00e3o se responsabiliza pelo processo seletivo, contrata\u00e7\u00e3o ou qualquer outra etapa relacionada \u00e0s vagas publicadas. Todas as informa\u00e7\u00f5es s\u00e3o de responsabilidade dos anunciantes.\n\n\u26a0\ufe0f Aten\u00e7\u00e3o! Nunca pague por promessas de emprego nem compre cursos que garantam contrata\u00e7\u00e3o. Desconfie de qualquer cobran\u00e7a para participar de sele\u00e7\u00f5es.\n\n\n\n<\/div>\n<!-- CONTENT END 1 -->\n","protected":false},"excerpt":{"rendered":"<p>Cozinheira Escolar \u2013 R$ 1.850,00 \u270d\ufe0f Ismael ColosiHeadhunter | R&amp;S | Mutir\u00e3o do Emprego Especialista em recrutamento e sele\u00e7\u00e3o com mais de 10 anos de experi\u00eancia. Headhunter com atua\u00e7\u00e3o em Ribeir\u00e3o Preto-SP e todo Brasil; fundador e presidente do iBEE &#8211; Instituto Brasileiro do Emprego e Empreendedorismo. \ud83d\udd17 LinkedIn \ud83d\udcf8 Instagram \ud83d\udc4d Facebook \ud83c\udf3f Linktree&hellip;&nbsp;<\/p>\n","protected":false},"author":1,"featured_media":91244,"comment_status":"closed","ping_status":"closed","sticky":false,"template":"","format":"standard","meta":{"_uag_custom_page_level_css":"","neve_meta_sidebar":"","neve_meta_container":"","neve_meta_enable_content_width":"off","neve_meta_content_width":70,"neve_meta_title_alignment":"","neve_meta_author_avatar":"","neve_post_elements_order":"","neve_meta_disable_header":"","neve_meta_disable_footer":"","neve_meta_disable_title":"","_jetpack_newsletter_access":"","_jetpack_dont_email_post_to_subs":false,"_jetpack_newsletter_tier_id":0,"_jetpack_memberships_contains_paywalled_content":false,"_jetpack_memberships_contains_paid_content":false,"footnotes":""},"categories":[7],"tags":[],"class_list":["post-91698","post","type-post","status-publish","format-standard","has-post-thumbnail","hentry","category-vagas-de-empregos-em-ribeirao-preto-regiao-brasil"],"uagb_featured_image_src":{"full":["https:\/\/i0.wp.com\/ismaelcolosi.com.br\/wp-content\/uploads\/2026\/08\/cozinheira-escolar_15832168.jpg?fit=1200%2C630&ssl=1",1200,630,false],"thumbnail":["https:\/\/i0.wp.com\/ismaelcolosi.com.br\/wp-content\/uploads\/2026\/08\/cozinheira-escolar_15832168.jpg?resize=150%2C150&ssl=1",150,150,true],"medium":["https:\/\/i0.wp.com\/ismaelcolosi.com.br\/wp-content\/uploads\/2026\/08\/cozinheira-escolar_15832168.jpg?fit=300%2C158&ssl=1",300,158,true],"medium_large":["https:\/\/i0.wp.com\/ismaelcolosi.com.br\/wp-content\/uploads\/2026\/08\/cozinheira-escolar_15832168.jpg?fit=768%2C403&ssl=1",768,403,true],"large":["https:\/\/i0.wp.com\/ismaelcolosi.com.br\/wp-content\/uploads\/2026\/08\/cozinheira-escolar_15832168.jpg?fit=1024%2C538&ssl=1",1024,538,true],"1536x1536":["https:\/\/i0.wp.com\/ismaelcolosi.com.br\/wp-content\/uploads\/2026\/08\/cozinheira-escolar_15832168.jpg?fit=1200%2C630&ssl=1",1200,630,true],"2048x2048":["https:\/\/i0.wp.com\/ismaelcolosi.com.br\/wp-content\/uploads\/2026\/08\/cozinheira-escolar_15832168.jpg?fit=1200%2C630&ssl=1",1200,630,true],"neve-blog":["https:\/\/i0.wp.com\/ismaelcolosi.com.br\/wp-content\/uploads\/2026\/08\/cozinheira-escolar_15832168.jpg?resize=930%2C620&ssl=1",930,620,true]},"uagb_author_info":{"display_name":"ismaelcolosi.com.br","author_link":"https:\/\/ismaelcolosi.com.br\/author\/vidareal-online\/"},"uagb_comment_info":0,"uagb_excerpt":"Cozinheira Escolar \u2013 R$ 1.850,00 \u270d\ufe0f Ismael ColosiHeadhunter | R&amp;S | Mutir\u00e3o do Emprego Especialista em recrutamento e sele\u00e7\u00e3o com mais de 10 anos de experi\u00eancia. Headhunter com atua\u00e7\u00e3o em Ribeir\u00e3o Preto-SP e todo Brasil; fundador e presidente do iBEE &#8211; Instituto Brasileiro do Emprego e Empreendedorismo. \ud83d\udd17 LinkedIn \ud83d\udcf8 Instagram \ud83d\udc4d Facebook \ud83c\udf3f Linktree&hellip;&nbsp;","jetpack-related-posts":[{"id":91358,"url":"https:\/\/ismaelcolosi.com.br\/index.php\/2026\/08\/14\/entrevista-hoje-14-08-cozinheira-escolar-presencial-ribeirao-preto-sp-salario-r-1-85000\/","url_meta":{"origin":91698,"position":0},"title":"Entrevista Hoje (14\/08) Cozinheira Escolar \u2013 Presencial \u2013 Ribeir\u00e3o Preto\/SP \u2013 Sal\u00e1rio R$ 1.850,00","author":"Arthur Tijolo","date":"14 de Agosto de 2026","format":false,"excerpt":"\u270d\ufe0f Ismael ColosiHeadhunter | R&S | Mutir\u00e3o do Emprego Especialista em recrutamento e sele\u00e7\u00e3o com mais de 10 anos de experi\u00eancia. Headhunter com atua\u00e7\u00e3o em Ribeir\u00e3o Preto-SP e todo Brasil; fundador e presidente do iBEE - Instituto Brasileiro do Emprego e Empreendedorismo. \ud83d\udd17 LinkedIn \ud83d\udcf8 Instagram \ud83d\udc4d Facebook \ud83c\udf3f Linktree\u2026","rel":"","context":"In &quot;Vagas de Emprego em Ribeir\u00e3o Preto-SP&quot;","block_context":{"text":"Vagas de Emprego em Ribeir\u00e3o Preto-SP","link":"https:\/\/ismaelcolosi.com.br\/index.php\/category\/empregos-classificados-vagas-trabalho\/vagas-de-empregos-em-ribeirao-preto-regiao-brasil\/"},"img":{"alt_text":"","src":"https:\/\/i0.wp.com\/ismaelcolosi.com.br\/wp-content\/uploads\/2026\/04\/20250606_1059_Megafone-Laranja_remix_01jx2rk1areryt71kxfrzvrcwq.png?fit=800%2C1200&ssl=1&resize=350%2C200","width":350,"height":200,"srcset":"https:\/\/i0.wp.com\/ismaelcolosi.com.br\/wp-content\/uploads\/2026\/04\/20250606_1059_Megafone-Laranja_remix_01jx2rk1areryt71kxfrzvrcwq.png?fit=800%2C1200&ssl=1&resize=350%2C200 1x, https:\/\/i0.wp.com\/ismaelcolosi.com.br\/wp-content\/uploads\/2026\/04\/20250606_1059_Megafone-Laranja_remix_01jx2rk1areryt71kxfrzvrcwq.png?fit=800%2C1200&ssl=1&resize=525%2C300 1.5x, https:\/\/i0.wp.com\/ismaelcolosi.com.br\/wp-content\/uploads\/2026\/04\/20250606_1059_Megafone-Laranja_remix_01jx2rk1areryt71kxfrzvrcwq.png?fit=800%2C1200&ssl=1&resize=700%2C400 2x"},"classes":[]},{"id":91242,"url":"https:\/\/ismaelcolosi.com.br\/index.php\/2026\/08\/10\/cozinheira-escolar-presencial-ribeirao-preto-sp\/","url_meta":{"origin":91698,"position":1},"title":"Cozinheira Escolar &#8211; Presencial \u2013 Ribeir\u00e3o Preto\/SP","author":"ismaelcolosi.com.br","date":"10 de Agosto de 2026","format":false,"excerpt":"\u270d\ufe0f Ismael ColosiHeadhunter | R&S | Mutir\u00e3o do Emprego Especialista em recrutamento e sele\u00e7\u00e3o com mais de 10 anos de experi\u00eancia. Headhunter com atua\u00e7\u00e3o em Ribeir\u00e3o Preto-SP e todo Brasil; fundador e presidente do iBEE - Instituto Brasileiro do Emprego e Empreendedorismo. \ud83d\udd17 LinkedIn \ud83d\udcf8 Instagram \ud83d\udc4d Facebook \ud83c\udf3f Linktree\u2026","rel":"","context":"In &quot;Vagas de Emprego em Ribeir\u00e3o Preto-SP&quot;","block_context":{"text":"Vagas de Emprego em Ribeir\u00e3o Preto-SP","link":"https:\/\/ismaelcolosi.com.br\/index.php\/category\/empregos-classificados-vagas-trabalho\/vagas-de-empregos-em-ribeirao-preto-regiao-brasil\/"},"img":{"alt_text":"","src":"https:\/\/i0.wp.com\/ismaelcolosi.com.br\/wp-content\/uploads\/2026\/08\/cozinheira-escolar_15832168.jpg?fit=1200%2C630&ssl=1&resize=350%2C200","width":350,"height":200,"srcset":"https:\/\/i0.wp.com\/ismaelcolosi.com.br\/wp-content\/uploads\/2026\/08\/cozinheira-escolar_15832168.jpg?fit=1200%2C630&ssl=1&resize=350%2C200 1x, https:\/\/i0.wp.com\/ismaelcolosi.com.br\/wp-content\/uploads\/2026\/08\/cozinheira-escolar_15832168.jpg?fit=1200%2C630&ssl=1&resize=525%2C300 1.5x, https:\/\/i0.wp.com\/ismaelcolosi.com.br\/wp-content\/uploads\/2026\/08\/cozinheira-escolar_15832168.jpg?fit=1200%2C630&ssl=1&resize=700%2C400 2x, https:\/\/i0.wp.com\/ismaelcolosi.com.br\/wp-content\/uploads\/2026\/08\/cozinheira-escolar_15832168.jpg?fit=1200%2C630&ssl=1&resize=1050%2C600 3x"},"classes":[]},{"id":89408,"url":"https:\/\/ismaelcolosi.com.br\/index.php\/2026\/03\/08\/atendente-para-lanchonete-escolar-2\/","url_meta":{"origin":91698,"position":2},"title":"ATENDENTE PARA LANCHONETE ESCOLAR","author":"ismaelcolosi.com.br","date":"8 de Mar\u00e7o de 2026","format":false,"excerpt":"An\u00fancios ATENDENTE PARA LANCHONETE ESCOLAR Empregos - Ribeir\u00e3o Preto (S\u00e3o Paulo) - 04\/02\/2026 Contrata-se. Hor\u00e1rio de trabalho de segunda a sexta-feira. Requisitos: experi\u00eancia em atendimento ao p\u00fablico e servi\u00e7o de alimenta\u00e7\u00e3o, agilidade, organiza\u00e7\u00e3o e simpatia no atendimento. Interessados tratar pelo WhatsApp: (16) 98173-7176. OFERE\u00c7O-ME COMO COZINHEIRA OU FAXINEIRA Empregos -\u2026","rel":"","context":"In &quot;Vagas de Emprego em Ribeir\u00e3o Preto-SP&quot;","block_context":{"text":"Vagas de Emprego em Ribeir\u00e3o Preto-SP","link":"https:\/\/ismaelcolosi.com.br\/index.php\/category\/empregos-classificados-vagas-trabalho\/vagas-de-empregos-em-ribeirao-preto-regiao-brasil\/"},"img":{"alt_text":"ATENDENTE PARA LANCHONETE ESCOLAR","src":"https:\/\/i0.wp.com\/tribunaribeirao.com.br\/classificadostribuna\/oc-content\/uploads\/54\/6239_thumbnail.png?resize=350%2C200&ssl=1","width":350,"height":200},"classes":[]},{"id":89535,"url":"https:\/\/ismaelcolosi.com.br\/index.php\/2026\/03\/18\/atendente-para-lanchonete-escolar-3\/","url_meta":{"origin":91698,"position":3},"title":"ATENDENTE PARA LANCHONETE ESCOLAR","author":"ismaelcolosi.com.br","date":"18 de Mar\u00e7o de 2026","format":false,"excerpt":"An\u00fancios ATENDENTE PARA LANCHONETE ESCOLAR Empregos - Ribeir\u00e3o Preto (S\u00e3o Paulo) - 04\/02\/2026 Contrata-se. Hor\u00e1rio de trabalho de segunda a sexta-feira. Requisitos: experi\u00eancia em atendimento ao p\u00fablico e servi\u00e7o de alimenta\u00e7\u00e3o, agilidade, organiza\u00e7\u00e3o e simpatia no atendimento. Interessados tratar pelo WhatsApp: (16) 98173-7176. OFERE\u00c7O-ME COMO COZINHEIRA OU FAXINEIRA Empregos -\u2026","rel":"","context":"In &quot;Vagas de Emprego em Ribeir\u00e3o Preto-SP&quot;","block_context":{"text":"Vagas de Emprego em Ribeir\u00e3o Preto-SP","link":"https:\/\/ismaelcolosi.com.br\/index.php\/category\/empregos-classificados-vagas-trabalho\/vagas-de-empregos-em-ribeirao-preto-regiao-brasil\/"},"img":{"alt_text":"ATENDENTE PARA LANCHONETE ESCOLAR","src":"https:\/\/i0.wp.com\/tribunaribeirao.com.br\/classificadostribuna\/oc-content\/uploads\/54\/6239_thumbnail.png?resize=350%2C200&ssl=1","width":350,"height":200},"classes":[]},{"id":89688,"url":"https:\/\/ismaelcolosi.com.br\/index.php\/2026\/03\/28\/atendente-para-lanchonete-escolar-4\/","url_meta":{"origin":91698,"position":4},"title":"ATENDENTE PARA LANCHONETE ESCOLAR","author":"ismaelcolosi.com.br","date":"28 de Mar\u00e7o de 2026","format":false,"excerpt":"An\u00fancios ATENDENTE PARA LANCHONETE ESCOLAR Empregos - Ribeir\u00e3o Preto (S\u00e3o Paulo) - 04\/02\/2026 Contrata-se. Hor\u00e1rio de trabalho de segunda a sexta-feira. Requisitos: experi\u00eancia em atendimento ao p\u00fablico e servi\u00e7o de alimenta\u00e7\u00e3o, agilidade, organiza\u00e7\u00e3o e simpatia no atendimento. Interessados tratar pelo WhatsApp: (16) 98173-7176. OFERE\u00c7O-ME COMO COZINHEIRA OU FAXINEIRA Empregos -\u2026","rel":"","context":"In &quot;Vagas de Emprego em Ribeir\u00e3o Preto-SP&quot;","block_context":{"text":"Vagas de Emprego em Ribeir\u00e3o Preto-SP","link":"https:\/\/ismaelcolosi.com.br\/index.php\/category\/empregos-classificados-vagas-trabalho\/vagas-de-empregos-em-ribeirao-preto-regiao-brasil\/"},"img":{"alt_text":"ATENDENTE PARA LANCHONETE ESCOLAR","src":"https:\/\/i0.wp.com\/tribunaribeirao.com.br\/classificadostribuna\/oc-content\/uploads\/54\/6239_thumbnail.png?resize=350%2C200&ssl=1","width":350,"height":200},"classes":[]},{"id":31728,"url":"https:\/\/ismaelcolosi.com.br\/index.php\/2024\/01\/23\/pat-de-ribeirao-preto-conta-com-58-vagas-de-emprego-veja-como-participar\/","url_meta":{"origin":91698,"position":5},"title":"PAT de Ribeir\u00e3o Preto conta com 58 vagas de emprego; Veja como participar","author":"ismaelcolosi.com.br","date":"23 de Janeiro de 2024","format":false,"excerpt":"[ad_1] O PAT (Posto de Atendimento ao Trabalhador) de Ribeir\u00e3o Preto conta com 58 vagas de emprego no in\u00edcio desta semana. As oportunidades s\u00e3o para balconistas, recepcionistas, mec\u00e2nicos, motoristas e repositores de mercadoria, entre outras. Os interessados devem comparecer ao posto, das 8h \u00e0s 11h30 e das 13h \u00e0s 16h,\u2026","rel":"","context":"In &quot;Not\u00edcias de Ribeir\u00e3o Preto-SP e Regi\u00e3o&quot;","block_context":{"text":"Not\u00edcias de Ribeir\u00e3o Preto-SP e Regi\u00e3o","link":"https:\/\/ismaelcolosi.com.br\/index.php\/category\/noticias-de-ribeirao-preto-sp-e-regiao-ismael-colosi\/"},"img":{"alt_text":"","src":"https:\/\/i0.wp.com\/ismaelcolosi.com.br\/wp-content\/uploads\/2024\/01\/trabalho_mutirao_do_emprego_caterp_pat_pei_-_foto_guilherme_sircili_4.jpg?fit=1200%2C799&ssl=1&resize=350%2C200","width":350,"height":200,"srcset":"https:\/\/i0.wp.com\/ismaelcolosi.com.br\/wp-content\/uploads\/2024\/01\/trabalho_mutirao_do_emprego_caterp_pat_pei_-_foto_guilherme_sircili_4.jpg?fit=1200%2C799&ssl=1&resize=350%2C200 1x, https:\/\/i0.wp.com\/ismaelcolosi.com.br\/wp-content\/uploads\/2024\/01\/trabalho_mutirao_do_emprego_caterp_pat_pei_-_foto_guilherme_sircili_4.jpg?fit=1200%2C799&ssl=1&resize=525%2C300 1.5x, https:\/\/i0.wp.com\/ismaelcolosi.com.br\/wp-content\/uploads\/2024\/01\/trabalho_mutirao_do_emprego_caterp_pat_pei_-_foto_guilherme_sircili_4.jpg?fit=1200%2C799&ssl=1&resize=700%2C400 2x, https:\/\/i0.wp.com\/ismaelcolosi.com.br\/wp-content\/uploads\/2024\/01\/trabalho_mutirao_do_emprego_caterp_pat_pei_-_foto_guilherme_sircili_4.jpg?fit=1200%2C799&ssl=1&resize=1050%2C600 3x"},"classes":[]}],"jetpack_sharing_enabled":true,"jetpack_shortlink":"https:\/\/wp.me\/pfMlyK-nR0","jetpack_featured_media_url":"https:\/\/i0.wp.com\/ismaelcolosi.com.br\/wp-content\/uploads\/2026\/08\/cozinheira-escolar_15832168.jpg?fit=1200%2C630&ssl=1","_links":{"self":[{"href":"https:\/\/ismaelcolosi.com.br\/index.php\/wp-json\/wp\/v2\/posts\/91698","targetHints":{"allow":["GET"]}}],"collection":[{"href":"https:\/\/ismaelcolosi.com.br\/index.php\/wp-json\/wp\/v2\/posts"}],"about":[{"href":"https:\/\/ismaelcolosi.com.br\/index.php\/wp-json\/wp\/v2\/types\/post"}],"author":[{"embeddable":true,"href":"https:\/\/ismaelcolosi.com.br\/index.php\/wp-json\/wp\/v2\/users\/1"}],"replies":[{"embeddable":true,"href":"https:\/\/ismaelcolosi.com.br\/index.php\/wp-json\/wp\/v2\/comments?post=91698"}],"version-history":[{"count":3,"href":"https:\/\/ismaelcolosi.com.br\/index.php\/wp-json\/wp\/v2\/posts\/91698\/revisions"}],"predecessor-version":[{"id":91700,"href":"https:\/\/ismaelcolosi.com.br\/index.php\/wp-json\/wp\/v2\/posts\/91698\/revisions\/91700"}],"wp:featuredmedia":[{"embeddable":true,"href":"https:\/\/ismaelcolosi.com.br\/index.php\/wp-json\/wp\/v2\/media\/91244"}],"wp:attachment":[{"href":"https:\/\/ismaelcolosi.com.br\/index.php\/wp-json\/wp\/v2\/media?parent=91698"}],"wp:term":[{"taxonomy":"category","embeddable":true,"href":"https:\/\/ismaelcolosi.com.br\/index.php\/wp-json\/wp\/v2\/categories?post=91698"},{"taxonomy":"post_tag","embeddable":true,"href":"https:\/\/ismaelcolosi.com.br\/index.php\/wp-json\/wp\/v2\/tags?post=91698"}],"curies":[{"name":"wp","href":"https:\/\/api.w.org\/{rel}","templated":true}]}}