{"id":91685,"date":"2026-09-02T15:00:36","date_gmt":"2026-09-02T18:00:36","guid":{"rendered":"https:\/\/ismaelcolosi.com.br\/?p=91685"},"modified":"2026-09-02T15:00:36","modified_gmt":"2026-09-02T18:00:36","slug":"assistente-administrativo-ribeirao-preto-sp-presencial","status":"publish","type":"post","link":"https:\/\/ismaelcolosi.com.br\/index.php\/2026\/09\/02\/assistente-administrativo-ribeirao-preto-sp-presencial\/","title":{"rendered":"Assistente Administrativo \u2013 Ribeir\u00e3o Preto\/SP \u2013 Presencial"},"content":{"rendered":"<style>\nh2{margin-top:40px;}<br \/>\np,li,td,th,div{font-size:18px;line-height:1.8;}<br \/>\n<\/style>\n<div style=\"background: linear-gradient(135deg,#f5f5f5 0%,#e8f5e9 100%); padding: 12px 18px; border-radius: 10px; border-left: 5px solid #2e7d32; margin: 15px 0 20px 0; display: flex; align-items: center; gap: 14px; flex-wrap: wrap; box-shadow: 0 1px 4px rgba(0,0,0,0.06);\">\n<div style=\"flex-shrink: 0;\"><img data-recalc-dims=\"1\" loading=\"lazy\" decoding=\"async\" style=\"width: 60px; height: 60px; border-radius: 50%; border: 2px solid #2e7d32; object-fit: cover;\" src=\"https:\/\/i0.wp.com\/ismaelcolosi.com.br\/wp-content\/uploads\/2026\/07\/ismael-colosi-foto-perfil-2025.jpeg?resize=60%2C60&#038;ssl=1\" alt=\"Ismael Colosi - Headhunter\" width=\"60\" height=\"60\" \/><\/div>\n<div style=\"flex: 1; min-width: 180px;\">\n<div style=\"display: flex; align-items: center; gap: 10px; flex-wrap: wrap;\"><span style=\"font-weight: bold; font-size: 16px; color: #1b5e20;\">\u270d\ufe0f Ismael Colosi<\/span><span style=\"font-size: 12px; color: #2e7d32; font-weight: 500;\">Headhunter | R&amp;S | Mutir\u00e3o do Emprego<\/span><\/div>\n<p style=\"margin: 3px 0 0 0; font-size: 15px; color: #555; line-height: 1.4;\">Especialista em recrutamento e sele\u00e7\u00e3o com mais de 10 anos de experi\u00eancia. Headhunter com atua\u00e7\u00e3o em Ribeir\u00e3o Preto-SP e todo Brasil; fundador e presidente do iBEE &#8211; Instituto Brasileiro do Emprego e Empreendedorismo.<\/p>\n<div style=\"margin-top: 4px; display: flex; gap: 6px; flex-wrap: wrap;\"><a style=\"background: #0a66c2; color: white; padding: 3px 10px; border-radius: 14px; text-decoration: none; font-size: 11px; display: inline-flex; align-items: center; gap: 4px;\" href=\"https:\/\/www.linkedin.com\/in\/ismael-colosi\/\" target=\"_blank\" rel=\"noopener noreferrer\">\ud83d\udd17 LinkedIn<\/a><br \/>\n<a style=\"background: linear-gradient(45deg,#f09433,#e6683c,#dc2743,#cc2366,#bc1888); color: white; padding: 3px 10px; border-radius: 14px; text-decoration: none; font-size: 11px; display: inline-flex; align-items: center; gap: 4px;\" href=\"https:\/\/www.instagram.com\/ismaelcolosi\/\" target=\"_blank\" rel=\"noopener noreferrer\">\ud83d\udcf8 Instagram<\/a><br \/>\n<a style=\"background: #1877f2; color: white; padding: 3px 10px; border-radius: 14px; text-decoration: none; font-size: 11px; display: inline-flex; align-items: center; gap: 4px;\" href=\"https:\/\/www.facebook.com\/ISMAELCOLOSI2025\" target=\"_blank\" rel=\"noopener noreferrer\">\ud83d\udc4d Facebook<\/a><br \/>\n<a style=\"background: #00b4d8; color: white; padding: 3px 10px; border-radius: 14px; text-decoration: none; font-size: 11px; display: inline-flex; align-items: center; gap: 4px;\" href=\"https:\/\/linktr.ee\/Ismael_Colosi\" target=\"_blank\" rel=\"noopener noreferrer\">\ud83c\udf3f Linktree<\/a><br \/>\n<a style=\"background: #25d366; color: white; padding: 3px 10px; border-radius: 14px; text-decoration: none; font-size: 11px; display: inline-flex; align-items: center; gap: 4px;\" href=\"https:\/\/wa.me\/5516991268411\" target=\"_blank\" rel=\"noopener noreferrer\">\ud83d\udcac WhatsApp<\/a><\/div>\n<\/div>\n<\/div>\n<p><strong>\ud83d\udcc5 Atualizado em:<\/strong> 28 de agosto de 2026<\/p>\n<p><strong>\ud83c\udfaf P\u00fablico-alvo:<\/strong> Profissionais com ensino m\u00e9dio completo, conhecimentos em Pacote Office e disponibilidade para hor\u00e1rio flex\u00edvel, incluindo finais de semana e feriados. Ideal para quem busca atua\u00e7\u00e3o presencial em uma das maiores varejistas de moda do Brasil, em regime de 26 horas semanais com escala 5&#215;2.<\/p>\n<h2>Introdu\u00e7\u00e3o<\/h2>\n<p>O setor de varejo de moda \u00e9 din\u00e2mico e exige profissionais que atuem nos bastidores para garantir o funcionamento das lojas e a satisfa\u00e7\u00e3o dos clientes. A Riachuelo, uma das maiores redes de moda do Brasil, com mais de 430 lojas e 30 mil colaboradores, est\u00e1 em busca de um Assistente Administrativo para compor o time de loja. A posi\u00e7\u00e3o \u00e9 de meio per\u00edodo, com escala 5&#215;2 e 26 horas semanais, ideal para quem deseja conciliar trabalho e outras atividades. O profissional ser\u00e1 respons\u00e1vel por rotinas operacionais do escrit\u00f3rio, como tesouraria, admiss\u00e3o e controle de pessoal, al\u00e9m de atendimento ao cliente. A vaga oferece benef\u00edcios como vale refei\u00e7\u00e3o\/alimenta\u00e7\u00e3o, assist\u00eancia m\u00e9dica e descontos em compras.<\/p>\n<div data-type=\"_mgwidget\" data-widget-id=\"1839050\"><\/div>\n<p><script>(function(w,q){w[q]=w[q]||[];w[q].push([\"_mgc.load\"])})(window,\"_mgq\");\n<\/script><\/p>\n<h2>Resumo da vaga<\/h2>\n<p>O Assistente Administrativo ser\u00e1 respons\u00e1vel por executar atividades operacionais do escrit\u00f3rio, incluindo admiss\u00e3o, controle de pessoal, tesouraria, despesas, contas a pagar e compra de materiais. Tamb\u00e9m atender\u00e1 clientes em todos os pontos de contato, executar\u00e1 e monitorar\u00e1 processos operacionais, garantir\u00e1 o cumprimento dos processos de gente, realizar\u00e1 pagamentos nos prazos, manter\u00e1 remessas banc\u00e1rias e organizar\u00e1 pastas de colaboradores. A vaga \u00e9 presencial, em regime part-time de 26 horas semanais, com escala 5&#215;2 e disponibilidade para finais de semana e feriados.<\/p>\n<div data-type=\"_mgwidget\" data-widget-id=\"1839050\"><\/div>\n<p><script>(function(w,q){w[q]=w[q]||[];w[q].push([\"_mgc.load\"])})(window,\"_mgq\");\n<\/script><\/p>\n<h2>Resumo r\u00e1pido<\/h2>\n<table style=\"border-collapse: collapse; width: 100%; max-width: 500px; border: 1px solid #ccc;\">\n<tbody>\n<tr>\n<td style=\"border: 1px solid #ccc; padding: 8px;\"><strong>Cargo<\/strong><\/td>\n<td style=\"border: 1px solid #ccc; padding: 8px;\">Assistente Administrativo<\/td>\n<\/tr>\n<tr>\n<td style=\"border: 1px solid #ccc; padding: 8px;\"><strong>Modelo<\/strong><\/td>\n<td style=\"border: 1px solid #ccc; padding: 8px;\">Presencial (loja)<\/td>\n<\/tr>\n<tr>\n<td style=\"border: 1px solid #ccc; padding: 8px;\"><strong>Contrata\u00e7\u00e3o<\/strong><\/td>\n<td style=\"border: 1px solid #ccc; padding: 8px;\">CLT &#8211; Efetivo (Part-Time)<\/td>\n<\/tr>\n<tr>\n<td style=\"border: 1px solid #ccc; padding: 8px;\"><strong>Sal\u00e1rio<\/strong><\/td>\n<td style=\"border: 1px solid #ccc; padding: 8px;\">N\u00e3o divulgado<\/td>\n<\/tr>\n<tr>\n<td style=\"border: 1px solid #ccc; padding: 8px;\"><strong>Escolaridade<\/strong><\/td>\n<td style=\"border: 1px solid #ccc; padding: 8px;\">Ensino M\u00e9dio Completo<\/td>\n<\/tr>\n<tr>\n<td style=\"border: 1px solid #ccc; padding: 8px;\"><strong>Local<\/strong><\/td>\n<td style=\"border: 1px solid #ccc; padding: 8px;\">A definir (loja Riachuelo)<\/td>\n<\/tr>\n<tr>\n<td style=\"border: 1px solid #ccc; padding: 8px;\"><strong>Vagas<\/strong><\/td>\n<td style=\"border: 1px solid #ccc; padding: 8px;\">N\u00e3o especificado<\/td>\n<\/tr>\n<\/tbody>\n<\/table>\n<div data-type=\"_mgwidget\" data-widget-id=\"1839050\"><\/div>\n<p><script>(function(w,q){w[q]=w[q]||[];w[q].push([\"_mgc.load\"])})(window,\"_mgq\");\n<\/script><\/p>\n<h2>Principais responsabilidades<\/h2>\n<ul>\n<li>Respons\u00e1vel por executar as atividades operacionais do escrit\u00f3rio, admiss\u00e3o, controle de pessoal, tesouraria, despesas, contas a pagar e compra de materiais;<\/li>\n<li>Atender o cliente em todos os pontos de contato;<\/li>\n<li>Executar e monitorar todos os processos operacionais do escrit\u00f3rio;<\/li>\n<li>Garantir o cumprimento dos processos de gente da empresa;<\/li>\n<li>Realizar os pagamentos nos prazos estipulados;<\/li>\n<li>Manter envio das remessas banc\u00e1rias;<\/li>\n<li>Realizar processos de admiss\u00e3o, rescis\u00e3o e controle do ponto eletr\u00f4nico;<\/li>\n<li>Organizar pastas de colaboradores e documentos.<\/li>\n<\/ul>\n<div data-type=\"_mgwidget\" data-widget-id=\"1839050\"><\/div>\n<p><script>(function(w,q){w[q]=w[q]||[];w[q].push([\"_mgc.load\"])})(window,\"_mgq\");\n<\/script><\/p>\n<h2>Requisitos obrigat\u00f3rios<\/h2>\n<h3>Forma\u00e7\u00e3o<\/h3>\n<p>Ensino M\u00e9dio Completo.<\/p>\n<h3>Disponibilidade<\/h3>\n<p>Disponibilidade de hor\u00e1rio, inclusive nos finais de semana e feriados.<\/p>\n<h3>Conhecimentos<\/h3>\n<p>Conhecimento do Pacote Office; facilidade de aprendizagem para novos sistemas.<\/p>\n<div data-type=\"_mgwidget\" data-widget-id=\"1839050\"><\/div>\n<p><script>(function(w,q){w[q]=w[q]||[];w[q].push([\"_mgc.load\"])})(window,\"_mgq\");\n<\/script><\/p>\n<h2>Diferenciais<\/h2>\n<p>Experi\u00eancia pr\u00e9via em rotinas administrativas, tesouraria ou departamento pessoal; viv\u00eancia no varejo; boa comunica\u00e7\u00e3o e organiza\u00e7\u00e3o; proatividade e aten\u00e7\u00e3o aos detalhes.<\/p>\n<div data-type=\"_mgwidget\" data-widget-id=\"1839050\"><\/div>\n<p><script>(function(w,q){w[q]=w[q]||[];w[q].push([\"_mgc.load\"])})(window,\"_mgq\");\n<\/script><\/p>\n<h2>Benef\u00edcios<\/h2>\n<p><strong>Assist\u00eancia M\u00e9dica:<\/strong> Ap\u00f3s 12 meses.<\/p>\n<p><strong>Assist\u00eancia Odontol\u00f3gica:<\/strong> Cuidado com a sa\u00fade bucal.<\/p>\n<p><strong>Seguro de Vida em Grupo:<\/strong> Prote\u00e7\u00e3o e seguran\u00e7a.<\/p>\n<p><strong>Gympass:<\/strong> Acesso a academias e atividades f\u00edsicas.<\/p>\n<p><strong>Parcerias Educacionais:<\/strong> Incentivo ao desenvolvimento.<\/p>\n<p><strong>Descontos de at\u00e9 30% em compras na Riachuelo.<\/strong><\/p>\n<p><strong>Vale Refei\u00e7\u00e3o ou Alimenta\u00e7\u00e3o Ifood Benef\u00edcios.<\/strong><\/p>\n<p><strong>Vale Transporte.<\/strong><\/p>\n<p><strong>Participa\u00e7\u00e3o nos Lucros e Resultados (PLR).<\/strong><\/p>\n<div data-type=\"_mgwidget\" data-widget-id=\"1839050\"><\/div>\n<p><script>(function(w,q){w[q]=w[q]||[];w[q].push([\"_mgc.load\"])})(window,\"_mgq\");\n<\/script><\/p>\n<h2>Sobre a empresa contratante<\/h2>\n<p>A Riachuelo \u00e9 uma das maiores redes de moda do Brasil, com mais de 430 lojas das marcas Riachuelo, Casa Riachuelo, Fan Lab e Carter&#8217;s. Conta com mais de 30 mil criadores de possibilidades espalhados por todo o territ\u00f3rio nacional, atuando em \u00e1reas como Corporativo, F\u00e1brica, Centros de Distribui\u00e7\u00e3o, Contact Center e a financeira Midway. A empresa trabalha com moda para criar impacto positivo no pa\u00eds, guiada por uma cultura brasileira, acolhedora e empreendedora, com ambiente diverso e respeito \u00e0 individualidade.<\/p>\n<div data-type=\"_mgwidget\" data-widget-id=\"1839050\"><\/div>\n<p><script>(function(w,q){w[q]=w[q]||[];w[q].push([\"_mgc.load\"])})(window,\"_mgq\");\n<\/script><\/p>\n<h2>Localidade e modelo de trabalho<\/h2>\n<p>A vaga \u00e9 presencial, em uma das lojas da Riachuelo. O hor\u00e1rio \u00e9 de 26 horas semanais, com escala 5&#215;2 e disponibilidade para finais de semana e feriados. A localiza\u00e7\u00e3o exata n\u00e3o foi informada, devendo ser confirmada durante o processo seletivo.<\/p>\n<div data-type=\"_mgwidget\" data-widget-id=\"1839050\"><\/div>\n<p><script>(function(w,q){w[q]=w[q]||[];w[q].push([\"_mgc.load\"])})(window,\"_mgq\");\n<\/script><\/p>\n<h2>Perguntas frequentes (FAQ)<\/h2>\n<p><strong>O que faz um Assistente Administrativo na Riachuelo?<\/strong><br \/>\nO profissional executa rotinas operacionais do escrit\u00f3rio, como tesouraria, despesas, contas a pagar, admiss\u00e3o, controle de pessoal e compra de materiais, al\u00e9m de atender clientes e organizar documentos.<\/p>\n<p><strong>Qual \u00e9 a carga hor\u00e1ria?<\/strong><br \/>\nS\u00e3o 26 horas semanais, com escala 5&#215;2 e disponibilidade para finais de semana e feriados.<\/p>\n<p><strong>\u00c9 necess\u00e1rio ter experi\u00eancia pr\u00e9via?<\/strong><br \/>\nA vaga n\u00e3o exige experi\u00eancia formal, mas conhecimento em Pacote Office e facilidade de aprendizagem s\u00e3o necess\u00e1rios.<\/p>\n<p><strong>Quais benef\u00edcios s\u00e3o oferecidos?<\/strong><br \/>\nAssist\u00eancia m\u00e9dica ap\u00f3s 12 meses, odontol\u00f3gica, seguro de vida, Gympass, descontos em compras, vale refei\u00e7\u00e3o\/alimenta\u00e7\u00e3o Ifood, vale transporte e PLR.<\/p>\n<p><strong>O trabalho \u00e9 remoto?<\/strong><br \/>\nN\u00e3o, a vaga \u00e9 presencial em loja.<\/p>\n<p><strong>Como funciona o processo seletivo?<\/strong><br \/>\nO processo tem 5 etapas: Cadastro, Din\u00e2mica\/Entrevista com Gestor Imediato, Testes Online, Entrevista com Gerente de Loja e Contrata\u00e7\u00e3o.<\/p>\n<div data-type=\"_mgwidget\" data-widget-id=\"1839050\"><\/div>\n<p><script>(function(w,q){w[q]=w[q]||[];w[q].push([\"_mgc.load\"])})(window,\"_mgq\");\n<\/script><\/p>\n<h2>Como se candidatar<\/h2>\n<div data-type=\"_mgwidget\" data-widget-id=\"1839050\"><\/div>\n<p><script>(function(w,q){w[q]=w[q]||[];w[q].push([\"_mgc.load\"])})(window,\"_mgq\");\n<\/script><\/p>\n<p>Os interessados devem seguir o passo a passo abaixo para se candidatar \u00e0 vaga:<\/p>\n<ol>\n<li><strong>Acesse a plataforma de recrutamento:<\/strong> Clique no link oficial da vaga para ser redirecionado \u00e0 p\u00e1gina de candidatura.<\/li>\n<li><strong>Crie seu perfil (se necess\u00e1rio):<\/strong> Caso a plataforma exija, fa\u00e7a um cadastro r\u00e1pido com e-mail e senha.<\/li>\n<li><strong>Preencha os dados solicitados:<\/strong> Informe suas informa\u00e7\u00f5es pessoais, experi\u00eancia profissional e forma\u00e7\u00e3o acad\u00eamica.<\/li>\n<\/ol>\n<div data-type=\"_mgwidget\" data-widget-id=\"1839050\"><\/div>\n<p><script>(function(w,q){w[q]=w[q]||[];w[q].push([\"_mgc.load\"])})(window,\"_mgq\");\n<\/script><\/p>\n<ol start=\"4\">\n<li><strong>Envie seu curr\u00edculo atualizado:<\/strong> Anexe o arquivo em formato PDF ou Word.<\/li>\n<li><strong>Finalize a candidatura:<\/strong> Revise os dados e clique em &#8220;Enviar&#8221; ou &#8220;Candidatar-se&#8221;.<\/li>\n<li><strong>Acompanhe o processo:<\/strong> Fique atento ao seu e-mail ou \u00e0 plataforma para retorno da empresa.<\/li>\n<\/ol>\n<div data-type=\"_mgwidget\" data-widget-id=\"1839050\"><\/div>\n<p><script>(function(w,q){w[q]=w[q]||[];w[q].push([\"_mgc.load\"])})(window,\"_mgq\");\n<\/script><\/p>\n<p><strong>N\u00e3o perca essa oportunidade!<\/strong> Clique no bot\u00e3o abaixo e candidate-se agora.<\/p>\n<p style=\"text-align: center; margin: 20px 0;\"><a style=\"background-color: #2e7d32; color: white; padding: 12px 25px; text-decoration: none; border-radius: 5px; display: inline-block; font-weight: bold;\" href=\"https:\/\/riachuelo.gupy.io\/job\/eyJqb2JJZCI6MTIzMzQ2NzUsInNvdXJjZSI6ImxpbmtlZGluIn0=?jobBoardSource=share_link\" target=\"_blank\" rel=\"nofollow sponsored noopener\">\u2705 Candidatar-se agora<\/a><\/p>\n<p style=\"font-size: 14px; color: #666; background-color: #f9f9f9; padding: 12px; border-left: 4px solid #f44336;\">\u26a0\ufe0f <strong>Alerta de seguran\u00e7a:<\/strong> Nunca pague por promessas de emprego. O Ismael Colosi n\u00e3o cobra nada dos candidatos.<\/p>\n<p style=\"font-size: 14px; color: #666; background-color: #fff3cd; padding: 12px; border-left: 4px solid #ffc107; margin: 0;\">\u26a0\ufe0f <strong>Aviso importante:<\/strong> As vagas divulgadas neste portal s\u00e3o de responsabilidade dos anunciantes e podem ser retiradas do ar a qualquer momento, sem aviso pr\u00e9vio, por decis\u00e3o do empregador. Recomendamos que os candidatos verifiquem a disponibilidade da vaga no link oficial antes de iniciar o processo seletivo.<\/p>\n<h2>Leia tamb\u00e9m<\/h2>\n<ul>\n<li><a href=\"https:\/\/ismaelcolosi.com.br\/index.php\/category\/empregos-classificados-vagas-trabalho\/vagas-de-empregos-em-ribeirao-preto-regiao-brasil\/vagas-de-emprego-para-trabalhar-de-casa-home-office-remoto\/\">Todas as vagas remotas<\/a><\/li>\n<li><a href=\"https:\/\/api.whatsapp.com\/send?phone=5516991268411&amp;text=Ol%C3%A1%20*Ismael%20Colosi*%20%2C%20me%20coloque%20no%20grupo%20de%20empregos%20por%20favor%0A%0A\" target=\"_blank\" rel=\"noopener\">Grupo de empregos Home Office no WhatsApp<\/a><\/li>\n<\/ul>\n<p><em>Esta vaga foi selecionada pelo portal Ismael Colosi com base nos crit\u00e9rios de transpar\u00eancia salarial e acessibilidade de escolaridade para trabalho remoto.<\/em><\/p>\n<p><strong>Sobre o portal Ismael Colosi:<\/strong> O Ismael Colosi \u00e9 um portal de empregos que conecta profissionais a oportunidades de trabalho em todo o Brasil. Selecionamos vagas com transpar\u00eancia salarial e acessibilidade para todos os n\u00edveis de escolaridade.<\/p>\n<p style=\"font-size: 12px; color: #888; margin-top: 20px;\">\ud83d\udce2 <strong>Aviso Legal:<\/strong> O site ismaelcolosi.com.br atua apenas como um canal de divulga\u00e7\u00e3o de oportunidades de emprego e n\u00e3o se responsabiliza pelo processo seletivo, contrata\u00e7\u00e3o ou qualquer outra etapa relacionada \u00e0s vagas publicadas. Todas as informa\u00e7\u00f5es s\u00e3o de responsabilidade dos anunciantes.<\/p>\n<p><strong>Palavras-chave:<\/strong> Assistente Administrativo, Riachuelo, varejo, moda, part-time, presencial, CLT, loja, tesouraria, departamento pessoal, Pacote Office, 26 horas, escala 5&#215;2.<\/p>\n<p><script type=\"application\/ld+json\">\n{\n\"@context\":\"https:\/\/schema.org\",\n\"@type\":\"JobPosting\",\n\"title\":\"Assistente Administrativo | Part-Time Escala 5x2 26hrs semanais - Riachuelo \u2013 CLT \u2013 Sal\u00e1rio n\u00e3o divulgado \u2013 Ensino M\u00e9dio Completo\",\n\"description\":\"Vaga presencial para Assistente Administrativo na Riachuelo. Regime part-time de 26 horas semanais, escala 5x2. Atua\u00e7\u00e3o em rotinas de escrit\u00f3rio, tesouraria, pessoal e atendimento. CLT, sal\u00e1rio n\u00e3o divulgado.\",\n\"datePosted\":\"2026-08-28\",\n\"dateModified\":\"2026-08-28\",\n\"validThrough\":\"2026-10-27\",\n\"employmentType\":\"PART_TIME\",\n\"hiringOrganization\":{\"@type\":\"Organization\",\"name\":\"Riachuelo\",\"sameAs\":\"https:\/\/www.riachuelo.com.br\/\"},\n\"jobLocation\":{\"@type\":\"Place\",\"address\":{\"@type\":\"PostalAddress\",\"addressLocality\":\"A definir\",\"addressRegion\":\"BR\",\"addressCountry\":\"BR\"}},\n\"baseSalary\":{\"@type\":\"MonetaryAmount\",\"currency\":\"BRL\",\"value\":{\"@type\":\"QuantitativeValue\",\"value\":0,\"unitText\":\"MONTH\"}},\n\"salaryCurrency\":\"BRL\",\n\"jobBenefits\":\"Assist\u00eancia m\u00e9dica ap\u00f3s 12 meses, Assist\u00eancia odontol\u00f3gica, Seguro de vida em grupo, Gympass, Parcerias educacionais, Descontos de at\u00e9 30% em compras, Vale Refei\u00e7\u00e3o\/Alimenta\u00e7\u00e3o Ifood, Vale Transporte, PLR\",\n\"responsibilities\":\"Executar atividades operacionais do escrit\u00f3rio; Atender clientes; Monitorar processos operacionais; Garantir cumprimento dos processos de gente; Realizar pagamentos; Manter remessas banc\u00e1rias; Processos de admiss\u00e3o, rescis\u00e3o e ponto; Organizar pastas de colaboradores.\",\n\"qualifications\":\"Ensino M\u00e9dio Completo; Disponibilidade de hor\u00e1rio incluindo finais de semana e feriados; Conhecimento do Pacote Office; Facilidade de aprendizagem para novos sistemas.\",\n\"educationRequirements\":{\"@type\":\"EducationalOccupationalCredential\",\"credentialCategory\":\"Ensino M\u00e9dio Completo\"},\n\"occupationalCategory\":\"43-0000\",\n\"industry\":\"Varejo \/ Moda\",\n\"workHours\":\"26 horas semanais, escala 5x2\",\n\"employmentUnit\":{\"@type\":\"Organization\",\"name\":\"Loja\"},\n\"incentiveCompensation\":\"PLR\",\n\"totalJobOpenings\":\"N\u00e3o especificado\",\n\"url\":\"https:\/\/ismaelcolosi.com.br\/assistente-administrativo-riachuelo-part-time\/\"\n}\n<\/script><\/p>\n<div class='code-block code-block-4' style='margin: 8px auto 8px 0; text-align: left; display: block; clear: both;'>\n\ud83d\udce2 Aviso Legal\n\nO site ismaelcolosi.com.br atua apenas como um canal de divulga\u00e7\u00e3o de oportunidades de emprego e n\u00e3o se responsabiliza pelo processo seletivo, contrata\u00e7\u00e3o ou qualquer outra etapa relacionada \u00e0s vagas publicadas. Todas as informa\u00e7\u00f5es s\u00e3o de responsabilidade dos anunciantes.\n\n\u26a0\ufe0f Aten\u00e7\u00e3o! Nunca pague por promessas de emprego nem compre cursos que garantam contrata\u00e7\u00e3o. Desconfie de qualquer cobran\u00e7a para participar de sele\u00e7\u00f5es.\n\n\n\n<\/div>\n<!-- CONTENT END 1 -->\n","protected":false},"excerpt":{"rendered":"<p>\u270d\ufe0f Ismael ColosiHeadhunter | R&amp;S | Mutir\u00e3o do Emprego Especialista em recrutamento e sele\u00e7\u00e3o com mais de 10 anos de experi\u00eancia. Headhunter com atua\u00e7\u00e3o em Ribeir\u00e3o Preto-SP e todo Brasil; fundador e presidente do iBEE &#8211; Instituto Brasileiro do Emprego e Empreendedorismo. \ud83d\udd17 LinkedIn \ud83d\udcf8 Instagram \ud83d\udc4d Facebook \ud83c\udf3f Linktree \ud83d\udcac WhatsApp \ud83d\udcc5 Atualizado em:&hellip;&nbsp;<\/p>\n","protected":false},"author":5,"featured_media":89945,"comment_status":"closed","ping_status":"closed","sticky":false,"template":"","format":"standard","meta":{"_uag_custom_page_level_css":"","neve_meta_sidebar":"","neve_meta_container":"","neve_meta_enable_content_width":"off","neve_meta_content_width":70,"neve_meta_title_alignment":"","neve_meta_author_avatar":"","neve_post_elements_order":"","neve_meta_disable_header":"","neve_meta_disable_footer":"","neve_meta_disable_title":"","_jetpack_newsletter_access":"","_jetpack_dont_email_post_to_subs":false,"_jetpack_newsletter_tier_id":0,"_jetpack_memberships_contains_paywalled_content":false,"_jetpack_memberships_contains_paid_content":false,"footnotes":""},"categories":[7],"tags":[],"class_list":["post-91685","post","type-post","status-publish","format-standard","has-post-thumbnail","hentry","category-vagas-de-empregos-em-ribeirao-preto-regiao-brasil"],"uagb_featured_image_src":{"full":["https:\/\/i0.wp.com\/ismaelcolosi.com.br\/wp-content\/uploads\/2026\/04\/20250606_1215_Mude-de-Cor_remix_01jx2wwhkmf9msym7cpyc4ddwe-1.png?fit=1024%2C1536&ssl=1",1024,1536,false],"thumbnail":["https:\/\/i0.wp.com\/ismaelcolosi.com.br\/wp-content\/uploads\/2026\/04\/20250606_1215_Mude-de-Cor_remix_01jx2wwhkmf9msym7cpyc4ddwe-1.png?resize=150%2C150&ssl=1",150,150,true],"medium":["https:\/\/i0.wp.com\/ismaelcolosi.com.br\/wp-content\/uploads\/2026\/04\/20250606_1215_Mude-de-Cor_remix_01jx2wwhkmf9msym7cpyc4ddwe-1.png?fit=200%2C300&ssl=1",200,300,true],"medium_large":["https:\/\/i0.wp.com\/ismaelcolosi.com.br\/wp-content\/uploads\/2026\/04\/20250606_1215_Mude-de-Cor_remix_01jx2wwhkmf9msym7cpyc4ddwe-1.png?fit=768%2C1152&ssl=1",768,1152,true],"large":["https:\/\/i0.wp.com\/ismaelcolosi.com.br\/wp-content\/uploads\/2026\/04\/20250606_1215_Mude-de-Cor_remix_01jx2wwhkmf9msym7cpyc4ddwe-1.png?fit=683%2C1024&ssl=1",683,1024,true],"1536x1536":["https:\/\/i0.wp.com\/ismaelcolosi.com.br\/wp-content\/uploads\/2026\/04\/20250606_1215_Mude-de-Cor_remix_01jx2wwhkmf9msym7cpyc4ddwe-1.png?fit=1024%2C1536&ssl=1",1024,1536,true],"2048x2048":["https:\/\/i0.wp.com\/ismaelcolosi.com.br\/wp-content\/uploads\/2026\/04\/20250606_1215_Mude-de-Cor_remix_01jx2wwhkmf9msym7cpyc4ddwe-1.png?fit=1024%2C1536&ssl=1",1024,1536,true],"neve-blog":["https:\/\/i0.wp.com\/ismaelcolosi.com.br\/wp-content\/uploads\/2026\/04\/20250606_1215_Mude-de-Cor_remix_01jx2wwhkmf9msym7cpyc4ddwe-1.png?resize=930%2C620&ssl=1",930,620,true]},"uagb_author_info":{"display_name":"Arthur Tijolo","author_link":"https:\/\/ismaelcolosi.com.br\/author\/autor-2024\/"},"uagb_comment_info":0,"uagb_excerpt":"\u270d\ufe0f Ismael ColosiHeadhunter | R&amp;S | Mutir\u00e3o do Emprego Especialista em recrutamento e sele\u00e7\u00e3o com mais de 10 anos de experi\u00eancia. Headhunter com atua\u00e7\u00e3o em Ribeir\u00e3o Preto-SP e todo Brasil; fundador e presidente do iBEE &#8211; Instituto Brasileiro do Emprego e Empreendedorismo. \ud83d\udd17 LinkedIn \ud83d\udcf8 Instagram \ud83d\udc4d Facebook \ud83c\udf3f Linktree \ud83d\udcac WhatsApp \ud83d\udcc5 Atualizado em:&hellip;&nbsp;","jetpack-related-posts":[{"id":47083,"url":"https:\/\/ismaelcolosi.com.br\/index.php\/2024\/04\/22\/20-vagas-de-empregos-entre-e-veja-oportunidades-de-trabalho-em-ribeirao-preto-sp-21\/","url_meta":{"origin":91685,"position":0},"title":"20 vagas de empregos: entre e veja oportunidades de trabalho em Ribeir\u00e3o Preto-SP","author":"ismaelcolosi.com.br","date":"22 de Abril de 2024","format":false,"excerpt":"Lista de Vagas em Ribeir\u00e3o Preto Ribeir\u00e3o Preto - SP Assistente de Planejamento Ver mais Ribeir\u00e3o Preto - SP Vendedor(a) de Cal\u00e7ados Ver mais Ribeir\u00e3o Preto - SP Aprendiz Estoquista Ver mais Ribeir\u00e3o Preto - SP FISCAL DE CAIXA Ver mais Ribeir\u00e3o Preto - SP Vendedor(a) Ver mais Ribeir\u00e3o Preto\u2026","rel":"","context":"In &quot;Vagas de Emprego em Ribeir\u00e3o Preto-SP&quot;","block_context":{"text":"Vagas de Emprego em Ribeir\u00e3o Preto-SP","link":"https:\/\/ismaelcolosi.com.br\/index.php\/category\/empregos-classificados-vagas-trabalho\/vagas-de-empregos-em-ribeirao-preto-regiao-brasil\/"},"img":{"alt_text":"","src":"https:\/\/i0.wp.com\/ismaelcolosi.com.br\/wp-content\/uploads\/2024\/04\/RibeiroPretoterfeirocommaisde800vagasdeempregonestaquinta_Tamanho_2_image.jpg?fit=1200%2C900&ssl=1&resize=350%2C200","width":350,"height":200,"srcset":"https:\/\/i0.wp.com\/ismaelcolosi.com.br\/wp-content\/uploads\/2024\/04\/RibeiroPretoterfeirocommaisde800vagasdeempregonestaquinta_Tamanho_2_image.jpg?fit=1200%2C900&ssl=1&resize=350%2C200 1x, https:\/\/i0.wp.com\/ismaelcolosi.com.br\/wp-content\/uploads\/2024\/04\/RibeiroPretoterfeirocommaisde800vagasdeempregonestaquinta_Tamanho_2_image.jpg?fit=1200%2C900&ssl=1&resize=525%2C300 1.5x, https:\/\/i0.wp.com\/ismaelcolosi.com.br\/wp-content\/uploads\/2024\/04\/RibeiroPretoterfeirocommaisde800vagasdeempregonestaquinta_Tamanho_2_image.jpg?fit=1200%2C900&ssl=1&resize=700%2C400 2x, https:\/\/i0.wp.com\/ismaelcolosi.com.br\/wp-content\/uploads\/2024\/04\/RibeiroPretoterfeirocommaisde800vagasdeempregonestaquinta_Tamanho_2_image.jpg?fit=1200%2C900&ssl=1&resize=1050%2C600 3x"},"classes":[]},{"id":43558,"url":"https:\/\/ismaelcolosi.com.br\/index.php\/2024\/03\/21\/20-vagas-de-empregos-entre-e-veja-oportunidades-de-trabalho-em-ribeirao-preto-sp-20\/","url_meta":{"origin":91685,"position":1},"title":"20 vagas de empregos: entre e veja oportunidades de trabalho em Ribeir\u00e3o Preto-SP","author":"ismaelcolosi.com.br","date":"21 de Mar\u00e7o de 2024","format":false,"excerpt":"Lista de Vagas em Ribeir\u00e3o Preto Ribeir\u00e3o Preto - SP Vendedor(a) Ver mais Ribeir\u00e3o Preto - SP Pessoa Porteira Ver mais Ribeir\u00e3o Preto - SP Analista da Qualidade Ver mais Ribeir\u00e3o Preto - SP Auxiliar Administrativo Ver mais Ribeir\u00e3o Preto - SP Auxiliar reposi\u00e7\u00e3o log\u00edstica Ver mais Ribeir\u00e3o Preto -\u2026","rel":"","context":"In &quot;Vagas de Emprego em Ribeir\u00e3o Preto-SP&quot;","block_context":{"text":"Vagas de Emprego em Ribeir\u00e3o Preto-SP","link":"https:\/\/ismaelcolosi.com.br\/index.php\/category\/empregos-classificados-vagas-trabalho\/vagas-de-empregos-em-ribeirao-preto-regiao-brasil\/"},"img":{"alt_text":"","src":"https:\/\/i0.wp.com\/ismaelcolosi.com.br\/wp-content\/uploads\/2024\/03\/RibeiroPretoterfeirocommaisde800vagasdeempregonestaquinta_Tamanho_2_image.jpg?fit=1200%2C900&ssl=1&resize=350%2C200","width":350,"height":200,"srcset":"https:\/\/i0.wp.com\/ismaelcolosi.com.br\/wp-content\/uploads\/2024\/03\/RibeiroPretoterfeirocommaisde800vagasdeempregonestaquinta_Tamanho_2_image.jpg?fit=1200%2C900&ssl=1&resize=350%2C200 1x, https:\/\/i0.wp.com\/ismaelcolosi.com.br\/wp-content\/uploads\/2024\/03\/RibeiroPretoterfeirocommaisde800vagasdeempregonestaquinta_Tamanho_2_image.jpg?fit=1200%2C900&ssl=1&resize=525%2C300 1.5x, https:\/\/i0.wp.com\/ismaelcolosi.com.br\/wp-content\/uploads\/2024\/03\/RibeiroPretoterfeirocommaisde800vagasdeempregonestaquinta_Tamanho_2_image.jpg?fit=1200%2C900&ssl=1&resize=700%2C400 2x, https:\/\/i0.wp.com\/ismaelcolosi.com.br\/wp-content\/uploads\/2024\/03\/RibeiroPretoterfeirocommaisde800vagasdeempregonestaquinta_Tamanho_2_image.jpg?fit=1200%2C900&ssl=1&resize=1050%2C600 3x"},"classes":[]},{"id":39394,"url":"https:\/\/ismaelcolosi.com.br\/index.php\/2024\/02\/25\/mais-de-10-vagas-de-emprego-para-vendedor-aem-ribeirao-preto-sp-19\/","url_meta":{"origin":91685,"position":2},"title":"Mais de 10 vagas de emprego para Vendedor (a)em Ribeir\u00e3o Preto-SP","author":"ismaelcolosi.com.br","date":"25 de Fevereiro de 2024","format":false,"excerpt":"Auxiliar de Vendas - Ribeir\u00e3o Preto Vendedor(a) Interno(a) - C\u00e9lula Mec\u00e2nica - Ribeir\u00e3o Preto\/SP Ribeir\u00e3o Preto Vendedor | Vans Ribeir\u00e3o | Ribeir\u00e3o Preto-SP Vendedora - Shopping Iguatemi - Ribeir\u00e3o Preto\/SP Vendedor(a) Jr. em Ribeir\u00e3o Preto - 75055 Vendedor (a) Ribeir\u00e3o Preto - SP Vendedor Externo Vendedor - Ribeir\u00e3o Shopping Vendedora\u2026","rel":"","context":"In &quot;Vagas de Emprego em Ribeir\u00e3o Preto-SP&quot;","block_context":{"text":"Vagas de Emprego em Ribeir\u00e3o Preto-SP","link":"https:\/\/ismaelcolosi.com.br\/index.php\/category\/empregos-classificados-vagas-trabalho\/vagas-de-empregos-em-ribeirao-preto-regiao-brasil\/"},"img":{"alt_text":"","src":"","width":0,"height":0},"classes":[]},{"id":81992,"url":"https:\/\/ismaelcolosi.com.br\/index.php\/2025\/01\/22\/vagas-de-emprego-para-atendente-em-ribeirao-preto-sp-10\/","url_meta":{"origin":91685,"position":3},"title":"Vagas de emprego para Atendente em Ribeir\u00e3o Preto-SP","author":"ismaelcolosi.com.br","date":"22 de Janeiro de 2025","format":false,"excerpt":"ATENDENTE CAIXA ATENDENTE REPOSITOR ATENDENTE REPOSITOR Atendente de Lanchonete - Loja Ribeir\u00e3o Preto ATENDENTE REPOSITOR Atendente de Farm\u00e1cia-RIBEIR\u00c3O PRETO\/SP (RIBEIR\u00c3O PRETO AK) Atendente de Farm\u00e1cia-RIBEIR\u00c3O PRETO\/SP (RIBEIR\u00c3O PRETO Y) Atendente de Farm\u00e1cia-RIBEIR\u00c3O PRETO\/SP (RIBEIR\u00c3O PRETO AK) Atendente de Farm\u00e1cia-RIBEIR\u00c3O PRETO\/SP (RIBEIR\u00c3O PRETO AK)","rel":"","context":"In &quot;Vagas de Emprego em Ribeir\u00e3o Preto-SP&quot;","block_context":{"text":"Vagas de Emprego em Ribeir\u00e3o Preto-SP","link":"https:\/\/ismaelcolosi.com.br\/index.php\/category\/empregos-classificados-vagas-trabalho\/vagas-de-empregos-em-ribeirao-preto-regiao-brasil\/"},"img":{"alt_text":"","src":"https:\/\/i0.wp.com\/ismaelcolosi.com.br\/wp-content\/uploads\/2025\/01\/1737540224_latest.jpeg?fit=1200%2C675&ssl=1&resize=350%2C200","width":350,"height":200,"srcset":"https:\/\/i0.wp.com\/ismaelcolosi.com.br\/wp-content\/uploads\/2025\/01\/1737540224_latest.jpeg?fit=1200%2C675&ssl=1&resize=350%2C200 1x, https:\/\/i0.wp.com\/ismaelcolosi.com.br\/wp-content\/uploads\/2025\/01\/1737540224_latest.jpeg?fit=1200%2C675&ssl=1&resize=525%2C300 1.5x, https:\/\/i0.wp.com\/ismaelcolosi.com.br\/wp-content\/uploads\/2025\/01\/1737540224_latest.jpeg?fit=1200%2C675&ssl=1&resize=700%2C400 2x, https:\/\/i0.wp.com\/ismaelcolosi.com.br\/wp-content\/uploads\/2025\/01\/1737540224_latest.jpeg?fit=1200%2C675&ssl=1&resize=1050%2C600 3x"},"classes":[]},{"id":1401,"url":"https:\/\/ismaelcolosi.com.br\/index.php\/2023\/11\/12\/mais-de-10-vagas-de-emprego-para-vendedor-aem-ribeirao-preto-sp\/","url_meta":{"origin":91685,"position":4},"title":"Mais de 10 vagas de emprego para Vendedor (a)em Ribeir\u00e3o Preto-SP","author":"ismaelcolosi.com.br","date":"12 de Novembro de 2023","format":false,"excerpt":"Vendedor Jr. - Ribeir\u00e3o Preto - TEMPOR\u00c1RIO Auxiliar de Vendas - Ribeir\u00e3o Preto Vendedora - Ribeir\u00e3o Shopping - Ribeir\u00e3o Preto\/SP Vendedor de Loja - Ribeir\u00e3o Preto, SP Auxiliar de Vendas - Ribeir\u00e3o Preto Vendedor(a) Interno(a) - C\u00e9lula Mec\u00e2nica - Ribeir\u00e3o Preto\/SP FARM | Vendedor | Iguatemi Ribeir\u00e3o Renner - Assistente\u2026","rel":"","context":"In &quot;Vagas de Emprego em Ribeir\u00e3o Preto-SP&quot;","block_context":{"text":"Vagas de Emprego em Ribeir\u00e3o Preto-SP","link":"https:\/\/ismaelcolosi.com.br\/index.php\/category\/empregos-classificados-vagas-trabalho\/vagas-de-empregos-em-ribeirao-preto-regiao-brasil\/"},"img":{"alt_text":"","src":"","width":0,"height":0},"classes":[]},{"id":56659,"url":"https:\/\/ismaelcolosi.com.br\/index.php\/2024\/07\/13\/mais-de-10-vagas-de-emprego-para-vendedor-aem-ribeirao-preto-sp-25\/","url_meta":{"origin":91685,"position":5},"title":"Mais de 10 vagas de emprego para Vendedor (a)em Ribeir\u00e3o Preto-SP","author":"ismaelcolosi.com.br","date":"13 de Julho de 2024","format":false,"excerpt":"Vendedor Jr. - Ribeir\u00e3o Preto Ribeir\u00e3o Preto - SP Efetivo Vendedor Jr. - Ribeir\u00e3o Preto Vendedor(a) - Ribeir\u00e3o Shopping (SP) Pessoa Vendedora - Loja Ribeir\u00e3o Shopping Ribeir\u00e3o Preto - SP Efetivo Pessoa Vendedora - Loja Ribeir\u00e3o Shopping Ribeir\u00e3o Preto - SP Efetivo Renner - Assistente de Vendas Vendedor de Ve\u00edculos\u2026","rel":"","context":"In &quot;Vagas de Emprego em Ribeir\u00e3o Preto-SP&quot;","block_context":{"text":"Vagas de Emprego em Ribeir\u00e3o Preto-SP","link":"https:\/\/ismaelcolosi.com.br\/index.php\/category\/empregos-classificados-vagas-trabalho\/vagas-de-empregos-em-ribeirao-preto-regiao-brasil\/"},"img":{"alt_text":"","src":"","width":0,"height":0},"classes":[]}],"jetpack_sharing_enabled":true,"jetpack_shortlink":"https:\/\/wp.me\/pfMlyK-nQN","jetpack_featured_media_url":"https:\/\/i0.wp.com\/ismaelcolosi.com.br\/wp-content\/uploads\/2026\/04\/20250606_1215_Mude-de-Cor_remix_01jx2wwhkmf9msym7cpyc4ddwe-1.png?fit=1024%2C1536&ssl=1","_links":{"self":[{"href":"https:\/\/ismaelcolosi.com.br\/index.php\/wp-json\/wp\/v2\/posts\/91685","targetHints":{"allow":["GET"]}}],"collection":[{"href":"https:\/\/ismaelcolosi.com.br\/index.php\/wp-json\/wp\/v2\/posts"}],"about":[{"href":"https:\/\/ismaelcolosi.com.br\/index.php\/wp-json\/wp\/v2\/types\/post"}],"author":[{"embeddable":true,"href":"https:\/\/ismaelcolosi.com.br\/index.php\/wp-json\/wp\/v2\/users\/5"}],"replies":[{"embeddable":true,"href":"https:\/\/ismaelcolosi.com.br\/index.php\/wp-json\/wp\/v2\/comments?post=91685"}],"version-history":[{"count":2,"href":"https:\/\/ismaelcolosi.com.br\/index.php\/wp-json\/wp\/v2\/posts\/91685\/revisions"}],"predecessor-version":[{"id":91687,"href":"https:\/\/ismaelcolosi.com.br\/index.php\/wp-json\/wp\/v2\/posts\/91685\/revisions\/91687"}],"wp:featuredmedia":[{"embeddable":true,"href":"https:\/\/ismaelcolosi.com.br\/index.php\/wp-json\/wp\/v2\/media\/89945"}],"wp:attachment":[{"href":"https:\/\/ismaelcolosi.com.br\/index.php\/wp-json\/wp\/v2\/media?parent=91685"}],"wp:term":[{"taxonomy":"category","embeddable":true,"href":"https:\/\/ismaelcolosi.com.br\/index.php\/wp-json\/wp\/v2\/categories?post=91685"},{"taxonomy":"post_tag","embeddable":true,"href":"https:\/\/ismaelcolosi.com.br\/index.php\/wp-json\/wp\/v2\/tags?post=91685"}],"curies":[{"name":"wp","href":"https:\/\/api.w.org\/{rel}","templated":true}]}}