{"id":91681,"date":"2026-09-02T14:43:27","date_gmt":"2026-09-02T17:43:27","guid":{"rendered":"https:\/\/ismaelcolosi.com.br\/?p=91681"},"modified":"2026-09-02T14:43:27","modified_gmt":"2026-09-02T17:43:27","slug":"recepcionista-ribeirao-preto-sp-presencial","status":"publish","type":"post","link":"https:\/\/ismaelcolosi.com.br\/index.php\/2026\/09\/02\/recepcionista-ribeirao-preto-sp-presencial\/","title":{"rendered":"Recepcionista \u2013 Ribeir\u00e3o Preto\/SP \u2013 Presencial"},"content":{"rendered":"<style>\nh2{margin-top:40px;}<br \/>\np,li,td,th,div{font-size:18px;line-height:1.8;}<br \/>\n<\/style>\n<div style=\"background: linear-gradient(135deg,#f5f5f5 0%,#e8f5e9 100%); padding: 12px 18px; border-radius: 10px; border-left: 5px solid #2e7d32; margin: 15px 0 20px 0; display: flex; align-items: center; gap: 14px; flex-wrap: wrap; box-shadow: 0 1px 4px rgba(0,0,0,0.06);\">\n<div style=\"flex-shrink: 0;\"><img data-recalc-dims=\"1\" loading=\"lazy\" decoding=\"async\" style=\"width: 60px; height: 60px; border-radius: 50%; border: 2px solid #2e7d32; object-fit: cover;\" src=\"https:\/\/i0.wp.com\/ismaelcolosi.com.br\/wp-content\/uploads\/2026\/07\/ismael-colosi-foto-perfil-2025.jpeg?resize=60%2C60&#038;ssl=1\" alt=\"Ismael Colosi - Headhunter\" width=\"60\" height=\"60\" \/><\/div>\n<div style=\"flex: 1; min-width: 180px;\">\n<div style=\"display: flex; align-items: center; gap: 10px; flex-wrap: wrap;\"><span style=\"font-weight: bold; font-size: 16px; color: #1b5e20;\">\u270d\ufe0f Ismael Colosi<\/span><span style=\"font-size: 12px; color: #2e7d32; font-weight: 500;\">Headhunter | R&amp;S | Mutir\u00e3o do Emprego<\/span><\/div>\n<p style=\"margin: 3px 0 0 0; font-size: 15px; color: #555; line-height: 1.4;\">Especialista em recrutamento e sele\u00e7\u00e3o com mais de 10 anos de experi\u00eancia. Headhunter com atua\u00e7\u00e3o em Ribeir\u00e3o Preto-SP e todo Brasil; fundador e presidente do iBEE &#8211; Instituto Brasileiro do Emprego e Empreendedorismo.<\/p>\n<div style=\"margin-top: 4px; display: flex; gap: 6px; flex-wrap: wrap;\"><a style=\"background: #0a66c2; color: white; padding: 3px 10px; border-radius: 14px; text-decoration: none; font-size: 11px; display: inline-flex; align-items: center; gap: 4px;\" href=\"https:\/\/www.linkedin.com\/in\/ismael-colosi\/\" target=\"_blank\" rel=\"noopener noreferrer\">\ud83d\udd17 LinkedIn<\/a><br \/>\n<a style=\"background: linear-gradient(45deg,#f09433,#e6683c,#dc2743,#cc2366,#bc1888); color: white; padding: 3px 10px; border-radius: 14px; text-decoration: none; font-size: 11px; display: inline-flex; align-items: center; gap: 4px;\" href=\"https:\/\/www.instagram.com\/ismaelcolosi\/\" target=\"_blank\" rel=\"noopener noreferrer\">\ud83d\udcf8 Instagram<\/a><br \/>\n<a style=\"background: #1877f2; color: white; padding: 3px 10px; border-radius: 14px; text-decoration: none; font-size: 11px; display: inline-flex; align-items: center; gap: 4px;\" href=\"https:\/\/www.facebook.com\/ISMAELCOLOSI2025\" target=\"_blank\" rel=\"noopener noreferrer\">\ud83d\udc4d Facebook<\/a><br \/>\n<a style=\"background: #00b4d8; color: white; padding: 3px 10px; border-radius: 14px; text-decoration: none; font-size: 11px; display: inline-flex; align-items: center; gap: 4px;\" href=\"https:\/\/linktr.ee\/Ismael_Colosi\" target=\"_blank\" rel=\"noopener noreferrer\">\ud83c\udf3f Linktree<\/a><br \/>\n<a style=\"background: #25d366; color: white; padding: 3px 10px; border-radius: 14px; text-decoration: none; font-size: 11px; display: inline-flex; align-items: center; gap: 4px;\" href=\"https:\/\/wa.me\/5516991268411\" target=\"_blank\" rel=\"noopener noreferrer\">\ud83d\udcac WhatsApp<\/a><\/div>\n<\/div>\n<\/div>\n<p><strong>\ud83d\udcc5 Atualizado em:<\/strong> 2 de setembro de 2026<\/p>\n<p><strong>\ud83c\udfaf P\u00fablico-alvo:<\/strong> Profissionais com ensino m\u00e9dio completo, experi\u00eancia em recep\u00e7\u00e3o ou atendimento ao cliente, e habilidades de comunica\u00e7\u00e3o. Ideal para quem busca atua\u00e7\u00e3o presencial na \u00e1rea da sa\u00fade, com hor\u00e1rio definido e benef\u00edcios como assist\u00eancia m\u00e9dica, odontol\u00f3gica e day off no anivers\u00e1rio.<\/p>\n<h2>Introdu\u00e7\u00e3o<\/h2>\n<p>O atendimento ao paciente \u00e9 um dos pilares mais importantes na \u00e1rea da sa\u00fade, e o(a) Recepcionista \u00e9 o primeiro ponto de contato, essencial para transmitir acolhimento, organiza\u00e7\u00e3o e efici\u00eancia. A DVI &#8211; Diagn\u00f3stico Volum\u00e9trico por Imagem, cl\u00ednica especializada em Ribeir\u00e3o Preto\/SP, busca um(a) Recepcionista para atuar no cadastro de pacientes, suporte administrativo e coordena\u00e7\u00e3o do fluxo de atendimento. A posi\u00e7\u00e3o \u00e9 presencial, com hor\u00e1rio de segunda a sexta das 09h30 \u00e0s 19h00 e s\u00e1bado das 09h \u00e0s 13h, e exige experi\u00eancia pr\u00e9via em recep\u00e7\u00e3o ou atendimento. Se voc\u00ea tem perfil acolhedor e organizado, esta \u00e9 uma \u00f3tima oportunidade para ingressar na \u00e1rea da sa\u00fade.<\/p>\n<div data-type=\"_mgwidget\" data-widget-id=\"1839050\"><\/div>\n<p><script>(function(w,q){w[q]=w[q]||[];w[q].push([\"_mgc.load\"])})(window,\"_mgq\");<\/script><\/p>\n<h2>Resumo da vaga<\/h2>\n<p>O(a) Recepcionista ser\u00e1 respons\u00e1vel por receber e atender pacientes, realizar cadastro de informa\u00e7\u00f5es, fornecer suporte administrativo e garantir um atendimento eficiente e cordial. Tamb\u00e9m coordenar\u00e1 o fluxo de pacientes na sala de espera, atualizar\u00e1 registros no sistema, conferir\u00e1 checklists e garantir\u00e1 o envio de protocolos via WhatsApp. A vaga \u00e9 presencial, em Ribeir\u00e3o Preto\/SP, com contrata\u00e7\u00e3o CLT e 1 posi\u00e7\u00e3o dispon\u00edvel.<\/p>\n<div data-type=\"_mgwidget\" data-widget-id=\"1839050\"><\/div>\n<p><script>(function(w,q){w[q]=w[q]||[];w[q].push([\"_mgc.load\"])})(window,\"_mgq\");<\/script><\/p>\n<h2>Resumo r\u00e1pido<\/h2>\n<table style=\"border-collapse: collapse; width: 100%; max-width: 500px; border: 1px solid #ccc;\">\n<tbody>\n<tr>\n<td style=\"border: 1px solid #ccc; padding: 8px;\"><strong>Cargo<\/strong><\/td>\n<td style=\"border: 1px solid #ccc; padding: 8px;\">Recepcionista<\/td>\n<\/tr>\n<tr>\n<td style=\"border: 1px solid #ccc; padding: 8px;\"><strong>Modelo<\/strong><\/td>\n<td style=\"border: 1px solid #ccc; padding: 8px;\">Presencial<\/td>\n<\/tr>\n<tr>\n<td style=\"border: 1px solid #ccc; padding: 8px;\"><strong>Contrata\u00e7\u00e3o<\/strong><\/td>\n<td style=\"border: 1px solid #ccc; padding: 8px;\">CLT (Efetivo)<\/td>\n<\/tr>\n<tr>\n<td style=\"border: 1px solid #ccc; padding: 8px;\"><strong>Sal\u00e1rio<\/strong><\/td>\n<td style=\"border: 1px solid #ccc; padding: 8px;\">N\u00e3o divulgado<\/td>\n<\/tr>\n<tr>\n<td style=\"border: 1px solid #ccc; padding: 8px;\"><strong>Escolaridade<\/strong><\/td>\n<td style=\"border: 1px solid #ccc; padding: 8px;\">Ensino M\u00e9dio completo<\/td>\n<\/tr>\n<tr>\n<td style=\"border: 1px solid #ccc; padding: 8px;\"><strong>Local<\/strong><\/td>\n<td style=\"border: 1px solid #ccc; padding: 8px;\">Ribeir\u00e3o Preto &#8211; SP<\/td>\n<\/tr>\n<tr>\n<td style=\"border: 1px solid #ccc; padding: 8px;\"><strong>Vagas<\/strong><\/td>\n<td style=\"border: 1px solid #ccc; padding: 8px;\">1 posi\u00e7\u00e3o<\/td>\n<\/tr>\n<\/tbody>\n<\/table>\n<div data-type=\"_mgwidget\" data-widget-id=\"1839050\"><\/div>\n<p><script>(function(w,q){w[q]=w[q]||[];w[q].push([\"_mgc.load\"])})(window,\"_mgq\");<\/script><\/p>\n<h2>Principais responsabilidades<\/h2>\n<ul>\n<li>Recepcionar e atender pacientes com cordialidade e efici\u00eancia, assegurando uma primeira impress\u00e3o positiva e acolhedora;<\/li>\n<li>Garantir o cumprimento das normas de higiene e seguran\u00e7a na recep\u00e7\u00e3o;<\/li>\n<li>Manter a recep\u00e7\u00e3o em ordem, garantindo um ambiente organizado e acolhedor;<\/li>\n<li>Auxiliar na prepara\u00e7\u00e3o e organiza\u00e7\u00e3o de documentos e fichas de pacientes;<\/li>\n<li>Atualizar informa\u00e7\u00f5es dos pacientes e registros no sistema;<\/li>\n<li>Assegurar que a ordem de servi\u00e7o foi aberta de acordo com pedido apresentado;<\/li>\n<li>Coordenar o fluxo de pacientes na sala de espera;<\/li>\n<li>Fornecer suporte administrativo conforme necess\u00e1rio;<\/li>\n<li>Garantir que o protocolo seja enviado via WhatsApp para o paciente;<\/li>\n<li>Garantir que a tabela de pre\u00e7os seja sempre utilizada para consulta;<\/li>\n<li>Alternar os atendimentos com a outra recepcionista;<\/li>\n<li>Conferir o check list da recep\u00e7\u00e3o;<\/li>\n<li>Contribuir para um ambiente socialmente agrad\u00e1vel.<\/li>\n<\/ul>\n<div data-type=\"_mgwidget\" data-widget-id=\"1839050\"><\/div>\n<p><script>(function(w,q){w[q]=w[q]||[];w[q].push([\"_mgc.load\"])})(window,\"_mgq\");<\/script><\/p>\n<h2>Requisitos obrigat\u00f3rios<\/h2>\n<h3>Forma\u00e7\u00e3o<\/h3>\n<p>Ensino m\u00e9dio completo.<\/p>\n<h3>Experi\u00eancia<\/h3>\n<p>Experi\u00eancia pr\u00e9via em recep\u00e7\u00e3o ou atendimento ao cliente.<\/p>\n<h3>Habilidades t\u00e9cnicas<\/h3>\n<p>Habilidade intermedi\u00e1ria com o pacote Office (Word, Excel); conhecimento b\u00e1sico de procedimentos administrativos e financeiros; capacidade de trabalhar de forma independente e em equipe; calma e efici\u00eancia em situa\u00e7\u00f5es de alta demanda; excelentes habilidades de comunica\u00e7\u00e3o verbal e escrita; resolu\u00e7\u00e3o de problemas.<\/p>\n<h3>Diferencial<\/h3>\n<p>Viv\u00eancia pr\u00e9via com atendimento ao p\u00fablico na \u00e1rea da sa\u00fade.<\/p>\n<h3>Outros<\/h3>\n<p>Residir em Ribeir\u00e3o Preto\/SP; disponibilidade para hor\u00e1rio: Segunda a sexta das 09h30 \u00e0s 19h00 e s\u00e1bado das 09h \u00e0s 13h.<\/p>\n<div data-type=\"_mgwidget\" data-widget-id=\"1839050\"><\/div>\n<p><script>(function(w,q){w[q]=w[q]||[];w[q].push([\"_mgc.load\"])})(window,\"_mgq\");<\/script><\/p>\n<h2>Diferenciais<\/h2>\n<p>Viv\u00eancia pr\u00e9via em atendimento na \u00e1rea da sa\u00fade; proatividade; capacidade de lidar com m\u00faltiplas tarefas simultaneamente; organiza\u00e7\u00e3o e aten\u00e7\u00e3o aos detalhes; boa apresenta\u00e7\u00e3o pessoal.<\/p>\n<div data-type=\"_mgwidget\" data-widget-id=\"1839050\"><\/div>\n<p><script>(function(w,q){w[q]=w[q]||[];w[q].push([\"_mgc.load\"])})(window,\"_mgq\");<\/script><\/p>\n<h2>Benef\u00edcios<\/h2>\n<p><strong>Assist\u00eancia M\u00e9dica:<\/strong> Plano de sa\u00fade.<\/p>\n<p><strong>Assist\u00eancia Odontol\u00f3gica:<\/strong> Plano odontol\u00f3gico.<\/p>\n<p><strong>Vale Alimenta\u00e7\u00e3o:<\/strong> Benef\u00edcio para alimenta\u00e7\u00e3o.<\/p>\n<p><strong>Vale Transporte:<\/strong> Aux\u00edlio para deslocamento.<\/p>\n<p><strong>Day Off no Anivers\u00e1rio:<\/strong> Folga para celebrar seu dia.<\/p>\n<div data-type=\"_mgwidget\" data-widget-id=\"1839050\"><\/div>\n<p><script>(function(w,q){w[q]=w[q]||[];w[q].push([\"_mgc.load\"])})(window,\"_mgq\");<\/script><\/p>\n<h2>Sobre a empresa contratante<\/h2>\n<p>A DVI &#8211; Diagn\u00f3stico Volum\u00e9trico por Imagem Ltda \u00e9 uma cl\u00ednica especializada em diagn\u00f3stico por imagem em Ribeir\u00e3o Preto\/SP. A empresa valoriza o atendimento humano e acolhedor, buscando profissionais que fa\u00e7am a diferen\u00e7a na experi\u00eancia dos pacientes. Atua na \u00e1rea da sa\u00fade com foco em qualidade e efici\u00eancia, oferecendo um ambiente de trabalho colaborativo e organizado.<\/p>\n<div data-type=\"_mgwidget\" data-widget-id=\"1839050\"><\/div>\n<p><script>(function(w,q){w[q]=w[q]||[];w[q].push([\"_mgc.load\"])})(window,\"_mgq\");<\/script><\/p>\n<h2>Localidade e modelo de trabalho<\/h2>\n<p>A vaga \u00e9 presencial, em Ribeir\u00e3o Preto\/SP. O hor\u00e1rio \u00e9 de segunda a sexta das 09h30 \u00e0s 19h00 e s\u00e1bado das 09h \u00e0s 13h. \u00c9 necess\u00e1rio residir em Ribeir\u00e3o Preto\/SP.<\/p>\n<div data-type=\"_mgwidget\" data-widget-id=\"1839050\"><\/div>\n<p><script>(function(w,q){w[q]=w[q]||[];w[q].push([\"_mgc.load\"])})(window,\"_mgq\");<\/script><\/p>\n<h2>Perguntas frequentes (FAQ)<\/h2>\n<p><strong>O que faz um(a) Recepcionista na DVI?<\/strong><br \/>\nO profissional recebe e atende pacientes, realiza cadastro de informa\u00e7\u00f5es, coordena o fluxo de pacientes, atualiza registros, envia protocolos via WhatsApp e fornece suporte administrativo, garantindo um atendimento acolhedor e eficiente.<\/p>\n<p><strong>Preciso ter experi\u00eancia pr\u00e9via?<\/strong><br \/>\nSim, \u00e9 necess\u00e1ria experi\u00eancia pr\u00e9via em recep\u00e7\u00e3o ou atendimento ao cliente.<\/p>\n<p><strong>Qual \u00e9 o hor\u00e1rio de trabalho?<\/strong><br \/>\nDe segunda a sexta das 09h30 \u00e0s 19h00 e s\u00e1bado das 09h \u00e0s 13h.<\/p>\n<p><strong>O trabalho \u00e9 remoto?<\/strong><br \/>\nN\u00e3o, a vaga \u00e9 presencial em Ribeir\u00e3o Preto\/SP.<\/p>\n<p><strong>Quais benef\u00edcios s\u00e3o oferecidos?<\/strong><br \/>\nAssist\u00eancia m\u00e9dica, assist\u00eancia odontol\u00f3gica, vale alimenta\u00e7\u00e3o, vale transporte e day off no anivers\u00e1rio.<\/p>\n<p><strong>\u00c9 necess\u00e1rio ter forma\u00e7\u00e3o superior?<\/strong><br \/>\nN\u00e3o, apenas ensino m\u00e9dio completo.<\/p>\n<div data-type=\"_mgwidget\" data-widget-id=\"1839050\"><\/div>\n<p><script>(function(w,q){w[q]=w[q]||[];w[q].push([\"_mgc.load\"])})(window,\"_mgq\");<\/script><\/p>\n<h2>Como se candidatar<\/h2>\n<div data-type=\"_mgwidget\" data-widget-id=\"1839050\"><\/div>\n<p><script>(function(w,q){w[q]=w[q]||[];w[q].push([\"_mgc.load\"])})(window,\"_mgq\");<\/script><\/p>\n<p>Os interessados devem seguir o passo a passo abaixo para se candidatar \u00e0 vaga:<\/p>\n<ol>\n<li><strong>Acesse a plataforma de recrutamento:<\/strong> Clique no link oficial da vaga para ser redirecionado \u00e0 p\u00e1gina de candidatura.<\/li>\n<li><strong>Crie seu perfil (se necess\u00e1rio):<\/strong> Caso a plataforma exija, fa\u00e7a um cadastro r\u00e1pido com e-mail e senha.<\/li>\n<li><strong>Preencha os dados solicitados:<\/strong> Informe suas informa\u00e7\u00f5es pessoais, experi\u00eancia profissional e forma\u00e7\u00e3o acad\u00eamica.<\/li>\n<\/ol>\n<div data-type=\"_mgwidget\" data-widget-id=\"1839050\"><\/div>\n<p><script>(function(w,q){w[q]=w[q]||[];w[q].push([\"_mgc.load\"])})(window,\"_mgq\");<\/script><\/p>\n<ol start=\"4\">\n<li><strong>Envie seu curr\u00edculo atualizado:<\/strong> Anexe o arquivo em formato PDF ou Word.<\/li>\n<li><strong>Finalize a candidatura:<\/strong> Revise os dados e clique em &#8220;Enviar&#8221; ou &#8220;Candidatar-se&#8221;.<\/li>\n<li><strong>Acompanhe o processo:<\/strong> Fique atento ao seu e-mail ou \u00e0 plataforma para retorno da empresa.<\/li>\n<\/ol>\n<div data-type=\"_mgwidget\" data-widget-id=\"1839050\"><\/div>\n<p><script>(function(w,q){w[q]=w[q]||[];w[q].push([\"_mgc.load\"])})(window,\"_mgq\");<\/script><\/p>\n<p><strong>N\u00e3o perca essa oportunidade!<\/strong> Clique no bot\u00e3o abaixo e candidate-se agora.<\/p>\n<p style=\"text-align: center; margin: 20px 0;\"><a style=\"background-color: #2e7d32; color: white; padding: 12px 25px; text-decoration: none; border-radius: 5px; display: inline-block; font-weight: bold;\" href=\"https:\/\/dvirao.vagas.solides.com.br\/vaga\/641408?origem=linkedin\" target=\"_blank\" rel=\"nofollow sponsored noopener\">\u2705 Candidatar-se agora<\/a><\/p>\n<p style=\"font-size: 14px; color: #666; background-color: #f9f9f9; padding: 12px; border-left: 4px solid #f44336;\">\u26a0\ufe0f <strong>Alerta de seguran\u00e7a:<\/strong> Nunca pague por promessas de emprego. O Ismael Colosi n\u00e3o cobra nada dos candidatos.<\/p>\n<p style=\"font-size: 14px; color: #666; background-color: #fff3cd; padding: 12px; border-left: 4px solid #ffc107; margin: 0;\">\u26a0\ufe0f <strong>Aviso importante:<\/strong> As vagas divulgadas neste portal s\u00e3o de responsabilidade dos anunciantes e podem ser retiradas do ar a qualquer momento, sem aviso pr\u00e9vio, por decis\u00e3o do empregador. Recomendamos que os candidatos verifiquem a disponibilidade da vaga no link oficial antes de iniciar o processo seletivo.<\/p>\n<h2>Leia tamb\u00e9m<\/h2>\n<ul>\n<li><a href=\"https:\/\/ismaelcolosi.com.br\/index.php\/category\/empregos-classificados-vagas-trabalho\/vagas-de-empregos-em-ribeirao-preto-regiao-brasil\/vagas-de-emprego-para-trabalhar-de-casa-home-office-remoto\/\">Todas as vagas remotas<\/a><\/li>\n<li><a href=\"https:\/\/api.whatsapp.com\/send?phone=5516991268411&amp;text=Ol%C3%A1%20*Ismael%20Colosi*%20%2C%20me%20coloque%20no%20grupo%20de%20empregos%20por%20favor%0A%0A\" target=\"_blank\" rel=\"noopener\">Grupo de empregos Home Office no WhatsApp<\/a><\/li>\n<\/ul>\n<p><em>Esta vaga foi selecionada pelo portal Ismael Colosi com base nos crit\u00e9rios de transpar\u00eancia salarial e acessibilidade de escolaridade para trabalho remoto.<\/em><\/p>\n<p><strong>Sobre o portal Ismael Colosi:<\/strong> O Ismael Colosi \u00e9 um portal de empregos que conecta profissionais a oportunidades de trabalho em todo o Brasil. Selecionamos vagas com transpar\u00eancia salarial e acessibilidade para todos os n\u00edveis de escolaridade.<\/p>\n<p style=\"font-size: 12px; color: #888; margin-top: 20px;\">\ud83d\udce2 <strong>Aviso Legal:<\/strong> O site ismaelcolosi.com.br atua apenas como um canal de divulga\u00e7\u00e3o de oportunidades de emprego e n\u00e3o se responsabiliza pelo processo seletivo, contrata\u00e7\u00e3o ou qualquer outra etapa relacionada \u00e0s vagas publicadas. Todas as informa\u00e7\u00f5es s\u00e3o de responsabilidade dos anunciantes.<\/p>\n<p><strong>Palavras-chave:<\/strong> Recepcionista, DVI, diagn\u00f3stico por imagem, sa\u00fade, atendimento ao paciente, presencial, CLT, Ribeir\u00e3o Preto, recep\u00e7\u00e3o, administrativo.<\/p>\n<p><script type=\"application\/ld+json\">\n{\n\"@context\":\"https:\/\/schema.org\",\n\"@type\":\"JobPosting\",\n\"title\":\"Recepcionista - DVI Diagn\u00f3stico Volum\u00e9trico por Imagem | Ribeir\u00e3o Preto\/SP \u2013 CLT \u2013 Sal\u00e1rio n\u00e3o divulgado \u2013 Ensino M\u00e9dio Completo\",\n\"description\":\"Vaga presencial para Recepcionista na DVI em Ribeir\u00e3o Preto\/SP. Atendimento a pacientes, cadastro, suporte administrativo e coordena\u00e7\u00e3o de fluxo. CLT, hor\u00e1rio seg-sex 09h30-19h e s\u00e1b 09h-13h.\",\n\"datePosted\":\"2026-09-02\",\n\"dateModified\":\"2026-09-02\",\n\"validThrough\":\"2026-10-02\",\n\"employmentType\":\"FULL_TIME\",\n\"hiringOrganization\":{\"@type\":\"Organization\",\"name\":\"DVI - Diagn\u00f3stico Volum\u00e9trico por Imagem Ltda\",\"sameAs\":\"\"},\n\"jobLocation\":{\"@type\":\"Place\",\"address\":{\"@type\":\"PostalAddress\",\"addressLocality\":\"Ribeir\u00e3o Preto\",\"addressRegion\":\"SP\",\"addressCountry\":\"BR\"}},\n\"baseSalary\":{\"@type\":\"MonetaryAmount\",\"currency\":\"BRL\",\"value\":{\"@type\":\"QuantitativeValue\",\"value\":0,\"unitText\":\"MONTH\"}},\n\"salaryCurrency\":\"BRL\",\n\"jobBenefits\":\"Assist\u00eancia m\u00e9dica, Assist\u00eancia odontol\u00f3gica, Vale alimenta\u00e7\u00e3o, Vale transporte, Day off no anivers\u00e1rio\",\n\"responsibilities\":\"Recepcionar e atender pacientes; Cadastrar informa\u00e7\u00f5es; Coordenar fluxo de pacientes; Atualizar registros; Enviar protocolos via WhatsApp; Conferir checklists; Suporte administrativo.\",\n\"qualifications\":\"Ensino m\u00e9dio completo; Experi\u00eancia pr\u00e9via em recep\u00e7\u00e3o ou atendimento ao cliente; Pacote Office intermedi\u00e1rio; Boa comunica\u00e7\u00e3o; Residir em Ribeir\u00e3o Preto\/SP.\",\n\"educationRequirements\":{\"@type\":\"EducationalOccupationalCredential\",\"credentialCategory\":\"Ensino M\u00e9dio Completo\"},\n\"occupationalCategory\":\"43-0000\",\n\"industry\":\"Sa\u00fade \/ Diagn\u00f3stico por Imagem\",\n\"workHours\":\"Segunda a sexta 09h30 \u00e0s 19h00; S\u00e1bado 09h \u00e0s 13h\",\n\"employmentUnit\":{\"@type\":\"Organization\",\"name\":\"Recep\u00e7\u00e3o\"},\n\"incentiveCompensation\":\"Nenhum\",\n\"totalJobOpenings\":\"1\",\n\"url\":\"https:\/\/ismaelcolosi.com.br\/recepcionista-dvi-ribeirao-preto\/\"\n}\n<\/script><\/p>\n<div class='code-block code-block-4' style='margin: 8px auto 8px 0; text-align: left; display: block; clear: both;'>\n\ud83d\udce2 Aviso Legal\n\nO site ismaelcolosi.com.br atua apenas como um canal de divulga\u00e7\u00e3o de oportunidades de emprego e n\u00e3o se responsabiliza pelo processo seletivo, contrata\u00e7\u00e3o ou qualquer outra etapa relacionada \u00e0s vagas publicadas. Todas as informa\u00e7\u00f5es s\u00e3o de responsabilidade dos anunciantes.\n\n\u26a0\ufe0f Aten\u00e7\u00e3o! Nunca pague por promessas de emprego nem compre cursos que garantam contrata\u00e7\u00e3o. Desconfie de qualquer cobran\u00e7a para participar de sele\u00e7\u00f5es.\n\n\n\n<\/div>\n<!-- CONTENT END 1 -->\n","protected":false},"excerpt":{"rendered":"<p>\u270d\ufe0f Ismael ColosiHeadhunter | R&amp;S | Mutir\u00e3o do Emprego Especialista em recrutamento e sele\u00e7\u00e3o com mais de 10 anos de experi\u00eancia. Headhunter com atua\u00e7\u00e3o em Ribeir\u00e3o Preto-SP e todo Brasil; fundador e presidente do iBEE &#8211; Instituto Brasileiro do Emprego e Empreendedorismo. \ud83d\udd17 LinkedIn \ud83d\udcf8 Instagram \ud83d\udc4d Facebook \ud83c\udf3f Linktree \ud83d\udcac WhatsApp \ud83d\udcc5 Atualizado em:&hellip;&nbsp;<\/p>\n","protected":false},"author":5,"featured_media":89531,"comment_status":"closed","ping_status":"closed","sticky":false,"template":"","format":"standard","meta":{"_uag_custom_page_level_css":"","neve_meta_sidebar":"","neve_meta_container":"","neve_meta_enable_content_width":"off","neve_meta_content_width":70,"neve_meta_title_alignment":"","neve_meta_author_avatar":"","neve_post_elements_order":"","neve_meta_disable_header":"","neve_meta_disable_footer":"","neve_meta_disable_title":"","_jetpack_newsletter_access":"","_jetpack_dont_email_post_to_subs":false,"_jetpack_newsletter_tier_id":0,"_jetpack_memberships_contains_paywalled_content":false,"_jetpack_memberships_contains_paid_content":false,"footnotes":""},"categories":[7],"tags":[],"class_list":["post-91681","post","type-post","status-publish","format-standard","has-post-thumbnail","hentry","category-vagas-de-empregos-em-ribeirao-preto-regiao-brasil"],"uagb_featured_image_src":{"full":["https:\/\/i0.wp.com\/ismaelcolosi.com.br\/wp-content\/uploads\/2026\/03\/20250606_1059_Megafone-Laranja_remix_01jx2rk1areryt71kxfrzvrcwq.png?fit=1024%2C1536&ssl=1",1024,1536,false],"thumbnail":["https:\/\/i0.wp.com\/ismaelcolosi.com.br\/wp-content\/uploads\/2026\/03\/20250606_1059_Megafone-Laranja_remix_01jx2rk1areryt71kxfrzvrcwq.png?resize=150%2C150&ssl=1",150,150,true],"medium":["https:\/\/i0.wp.com\/ismaelcolosi.com.br\/wp-content\/uploads\/2026\/03\/20250606_1059_Megafone-Laranja_remix_01jx2rk1areryt71kxfrzvrcwq.png?fit=200%2C300&ssl=1",200,300,true],"medium_large":["https:\/\/i0.wp.com\/ismaelcolosi.com.br\/wp-content\/uploads\/2026\/03\/20250606_1059_Megafone-Laranja_remix_01jx2rk1areryt71kxfrzvrcwq.png?fit=768%2C1152&ssl=1",768,1152,true],"large":["https:\/\/i0.wp.com\/ismaelcolosi.com.br\/wp-content\/uploads\/2026\/03\/20250606_1059_Megafone-Laranja_remix_01jx2rk1areryt71kxfrzvrcwq.png?fit=683%2C1024&ssl=1",683,1024,true],"1536x1536":["https:\/\/i0.wp.com\/ismaelcolosi.com.br\/wp-content\/uploads\/2026\/03\/20250606_1059_Megafone-Laranja_remix_01jx2rk1areryt71kxfrzvrcwq.png?fit=1024%2C1536&ssl=1",1024,1536,true],"2048x2048":["https:\/\/i0.wp.com\/ismaelcolosi.com.br\/wp-content\/uploads\/2026\/03\/20250606_1059_Megafone-Laranja_remix_01jx2rk1areryt71kxfrzvrcwq.png?fit=1024%2C1536&ssl=1",1024,1536,true],"neve-blog":["https:\/\/i0.wp.com\/ismaelcolosi.com.br\/wp-content\/uploads\/2026\/03\/20250606_1059_Megafone-Laranja_remix_01jx2rk1areryt71kxfrzvrcwq.png?resize=930%2C620&ssl=1",930,620,true]},"uagb_author_info":{"display_name":"Arthur Tijolo","author_link":"https:\/\/ismaelcolosi.com.br\/author\/autor-2024\/"},"uagb_comment_info":0,"uagb_excerpt":"\u270d\ufe0f Ismael ColosiHeadhunter | R&amp;S | Mutir\u00e3o do Emprego Especialista em recrutamento e sele\u00e7\u00e3o com mais de 10 anos de experi\u00eancia. Headhunter com atua\u00e7\u00e3o em Ribeir\u00e3o Preto-SP e todo Brasil; fundador e presidente do iBEE &#8211; Instituto Brasileiro do Emprego e Empreendedorismo. \ud83d\udd17 LinkedIn \ud83d\udcf8 Instagram \ud83d\udc4d Facebook \ud83c\udf3f Linktree \ud83d\udcac WhatsApp \ud83d\udcc5 Atualizado em:&hellip;&nbsp;","jetpack-related-posts":[{"id":47083,"url":"https:\/\/ismaelcolosi.com.br\/index.php\/2024\/04\/22\/20-vagas-de-empregos-entre-e-veja-oportunidades-de-trabalho-em-ribeirao-preto-sp-21\/","url_meta":{"origin":91681,"position":0},"title":"20 vagas de empregos: entre e veja oportunidades de trabalho em Ribeir\u00e3o Preto-SP","author":"ismaelcolosi.com.br","date":"22 de Abril de 2024","format":false,"excerpt":"Lista de Vagas em Ribeir\u00e3o Preto Ribeir\u00e3o Preto - SP Assistente de Planejamento Ver mais Ribeir\u00e3o Preto - SP Vendedor(a) de Cal\u00e7ados Ver mais Ribeir\u00e3o Preto - SP Aprendiz Estoquista Ver mais Ribeir\u00e3o Preto - SP FISCAL DE CAIXA Ver mais Ribeir\u00e3o Preto - SP Vendedor(a) Ver mais Ribeir\u00e3o Preto\u2026","rel":"","context":"In &quot;Vagas de Emprego em Ribeir\u00e3o Preto-SP&quot;","block_context":{"text":"Vagas de Emprego em Ribeir\u00e3o Preto-SP","link":"https:\/\/ismaelcolosi.com.br\/index.php\/category\/empregos-classificados-vagas-trabalho\/vagas-de-empregos-em-ribeirao-preto-regiao-brasil\/"},"img":{"alt_text":"","src":"https:\/\/i0.wp.com\/ismaelcolosi.com.br\/wp-content\/uploads\/2024\/04\/RibeiroPretoterfeirocommaisde800vagasdeempregonestaquinta_Tamanho_2_image.jpg?fit=1200%2C900&ssl=1&resize=350%2C200","width":350,"height":200,"srcset":"https:\/\/i0.wp.com\/ismaelcolosi.com.br\/wp-content\/uploads\/2024\/04\/RibeiroPretoterfeirocommaisde800vagasdeempregonestaquinta_Tamanho_2_image.jpg?fit=1200%2C900&ssl=1&resize=350%2C200 1x, https:\/\/i0.wp.com\/ismaelcolosi.com.br\/wp-content\/uploads\/2024\/04\/RibeiroPretoterfeirocommaisde800vagasdeempregonestaquinta_Tamanho_2_image.jpg?fit=1200%2C900&ssl=1&resize=525%2C300 1.5x, https:\/\/i0.wp.com\/ismaelcolosi.com.br\/wp-content\/uploads\/2024\/04\/RibeiroPretoterfeirocommaisde800vagasdeempregonestaquinta_Tamanho_2_image.jpg?fit=1200%2C900&ssl=1&resize=700%2C400 2x, https:\/\/i0.wp.com\/ismaelcolosi.com.br\/wp-content\/uploads\/2024\/04\/RibeiroPretoterfeirocommaisde800vagasdeempregonestaquinta_Tamanho_2_image.jpg?fit=1200%2C900&ssl=1&resize=1050%2C600 3x"},"classes":[]},{"id":43558,"url":"https:\/\/ismaelcolosi.com.br\/index.php\/2024\/03\/21\/20-vagas-de-empregos-entre-e-veja-oportunidades-de-trabalho-em-ribeirao-preto-sp-20\/","url_meta":{"origin":91681,"position":1},"title":"20 vagas de empregos: entre e veja oportunidades de trabalho em Ribeir\u00e3o Preto-SP","author":"ismaelcolosi.com.br","date":"21 de Mar\u00e7o de 2024","format":false,"excerpt":"Lista de Vagas em Ribeir\u00e3o Preto Ribeir\u00e3o Preto - SP Vendedor(a) Ver mais Ribeir\u00e3o Preto - SP Pessoa Porteira Ver mais Ribeir\u00e3o Preto - SP Analista da Qualidade Ver mais Ribeir\u00e3o Preto - SP Auxiliar Administrativo Ver mais Ribeir\u00e3o Preto - SP Auxiliar reposi\u00e7\u00e3o log\u00edstica Ver mais Ribeir\u00e3o Preto -\u2026","rel":"","context":"In &quot;Vagas de Emprego em Ribeir\u00e3o Preto-SP&quot;","block_context":{"text":"Vagas de Emprego em Ribeir\u00e3o Preto-SP","link":"https:\/\/ismaelcolosi.com.br\/index.php\/category\/empregos-classificados-vagas-trabalho\/vagas-de-empregos-em-ribeirao-preto-regiao-brasil\/"},"img":{"alt_text":"","src":"https:\/\/i0.wp.com\/ismaelcolosi.com.br\/wp-content\/uploads\/2024\/03\/RibeiroPretoterfeirocommaisde800vagasdeempregonestaquinta_Tamanho_2_image.jpg?fit=1200%2C900&ssl=1&resize=350%2C200","width":350,"height":200,"srcset":"https:\/\/i0.wp.com\/ismaelcolosi.com.br\/wp-content\/uploads\/2024\/03\/RibeiroPretoterfeirocommaisde800vagasdeempregonestaquinta_Tamanho_2_image.jpg?fit=1200%2C900&ssl=1&resize=350%2C200 1x, https:\/\/i0.wp.com\/ismaelcolosi.com.br\/wp-content\/uploads\/2024\/03\/RibeiroPretoterfeirocommaisde800vagasdeempregonestaquinta_Tamanho_2_image.jpg?fit=1200%2C900&ssl=1&resize=525%2C300 1.5x, https:\/\/i0.wp.com\/ismaelcolosi.com.br\/wp-content\/uploads\/2024\/03\/RibeiroPretoterfeirocommaisde800vagasdeempregonestaquinta_Tamanho_2_image.jpg?fit=1200%2C900&ssl=1&resize=700%2C400 2x, https:\/\/i0.wp.com\/ismaelcolosi.com.br\/wp-content\/uploads\/2024\/03\/RibeiroPretoterfeirocommaisde800vagasdeempregonestaquinta_Tamanho_2_image.jpg?fit=1200%2C900&ssl=1&resize=1050%2C600 3x"},"classes":[]},{"id":39394,"url":"https:\/\/ismaelcolosi.com.br\/index.php\/2024\/02\/25\/mais-de-10-vagas-de-emprego-para-vendedor-aem-ribeirao-preto-sp-19\/","url_meta":{"origin":91681,"position":2},"title":"Mais de 10 vagas de emprego para Vendedor (a)em Ribeir\u00e3o Preto-SP","author":"ismaelcolosi.com.br","date":"25 de Fevereiro de 2024","format":false,"excerpt":"Auxiliar de Vendas - Ribeir\u00e3o Preto Vendedor(a) Interno(a) - C\u00e9lula Mec\u00e2nica - Ribeir\u00e3o Preto\/SP Ribeir\u00e3o Preto Vendedor | Vans Ribeir\u00e3o | Ribeir\u00e3o Preto-SP Vendedora - Shopping Iguatemi - Ribeir\u00e3o Preto\/SP Vendedor(a) Jr. em Ribeir\u00e3o Preto - 75055 Vendedor (a) Ribeir\u00e3o Preto - SP Vendedor Externo Vendedor - Ribeir\u00e3o Shopping Vendedora\u2026","rel":"","context":"In &quot;Vagas de Emprego em Ribeir\u00e3o Preto-SP&quot;","block_context":{"text":"Vagas de Emprego em Ribeir\u00e3o Preto-SP","link":"https:\/\/ismaelcolosi.com.br\/index.php\/category\/empregos-classificados-vagas-trabalho\/vagas-de-empregos-em-ribeirao-preto-regiao-brasil\/"},"img":{"alt_text":"","src":"","width":0,"height":0},"classes":[]},{"id":81992,"url":"https:\/\/ismaelcolosi.com.br\/index.php\/2025\/01\/22\/vagas-de-emprego-para-atendente-em-ribeirao-preto-sp-10\/","url_meta":{"origin":91681,"position":3},"title":"Vagas de emprego para Atendente em Ribeir\u00e3o Preto-SP","author":"ismaelcolosi.com.br","date":"22 de Janeiro de 2025","format":false,"excerpt":"ATENDENTE CAIXA ATENDENTE REPOSITOR ATENDENTE REPOSITOR Atendente de Lanchonete - Loja Ribeir\u00e3o Preto ATENDENTE REPOSITOR Atendente de Farm\u00e1cia-RIBEIR\u00c3O PRETO\/SP (RIBEIR\u00c3O PRETO AK) Atendente de Farm\u00e1cia-RIBEIR\u00c3O PRETO\/SP (RIBEIR\u00c3O PRETO Y) Atendente de Farm\u00e1cia-RIBEIR\u00c3O PRETO\/SP (RIBEIR\u00c3O PRETO AK) Atendente de Farm\u00e1cia-RIBEIR\u00c3O PRETO\/SP (RIBEIR\u00c3O PRETO AK)","rel":"","context":"In &quot;Vagas de Emprego em Ribeir\u00e3o Preto-SP&quot;","block_context":{"text":"Vagas de Emprego em Ribeir\u00e3o Preto-SP","link":"https:\/\/ismaelcolosi.com.br\/index.php\/category\/empregos-classificados-vagas-trabalho\/vagas-de-empregos-em-ribeirao-preto-regiao-brasil\/"},"img":{"alt_text":"","src":"https:\/\/i0.wp.com\/ismaelcolosi.com.br\/wp-content\/uploads\/2025\/01\/1737540224_latest.jpeg?fit=1200%2C675&ssl=1&resize=350%2C200","width":350,"height":200,"srcset":"https:\/\/i0.wp.com\/ismaelcolosi.com.br\/wp-content\/uploads\/2025\/01\/1737540224_latest.jpeg?fit=1200%2C675&ssl=1&resize=350%2C200 1x, https:\/\/i0.wp.com\/ismaelcolosi.com.br\/wp-content\/uploads\/2025\/01\/1737540224_latest.jpeg?fit=1200%2C675&ssl=1&resize=525%2C300 1.5x, https:\/\/i0.wp.com\/ismaelcolosi.com.br\/wp-content\/uploads\/2025\/01\/1737540224_latest.jpeg?fit=1200%2C675&ssl=1&resize=700%2C400 2x, https:\/\/i0.wp.com\/ismaelcolosi.com.br\/wp-content\/uploads\/2025\/01\/1737540224_latest.jpeg?fit=1200%2C675&ssl=1&resize=1050%2C600 3x"},"classes":[]},{"id":1401,"url":"https:\/\/ismaelcolosi.com.br\/index.php\/2023\/11\/12\/mais-de-10-vagas-de-emprego-para-vendedor-aem-ribeirao-preto-sp\/","url_meta":{"origin":91681,"position":4},"title":"Mais de 10 vagas de emprego para Vendedor (a)em Ribeir\u00e3o Preto-SP","author":"ismaelcolosi.com.br","date":"12 de Novembro de 2023","format":false,"excerpt":"Vendedor Jr. - Ribeir\u00e3o Preto - TEMPOR\u00c1RIO Auxiliar de Vendas - Ribeir\u00e3o Preto Vendedora - Ribeir\u00e3o Shopping - Ribeir\u00e3o Preto\/SP Vendedor de Loja - Ribeir\u00e3o Preto, SP Auxiliar de Vendas - Ribeir\u00e3o Preto Vendedor(a) Interno(a) - C\u00e9lula Mec\u00e2nica - Ribeir\u00e3o Preto\/SP FARM | Vendedor | Iguatemi Ribeir\u00e3o Renner - Assistente\u2026","rel":"","context":"In &quot;Vagas de Emprego em Ribeir\u00e3o Preto-SP&quot;","block_context":{"text":"Vagas de Emprego em Ribeir\u00e3o Preto-SP","link":"https:\/\/ismaelcolosi.com.br\/index.php\/category\/empregos-classificados-vagas-trabalho\/vagas-de-empregos-em-ribeirao-preto-regiao-brasil\/"},"img":{"alt_text":"","src":"","width":0,"height":0},"classes":[]},{"id":56659,"url":"https:\/\/ismaelcolosi.com.br\/index.php\/2024\/07\/13\/mais-de-10-vagas-de-emprego-para-vendedor-aem-ribeirao-preto-sp-25\/","url_meta":{"origin":91681,"position":5},"title":"Mais de 10 vagas de emprego para Vendedor (a)em Ribeir\u00e3o Preto-SP","author":"ismaelcolosi.com.br","date":"13 de Julho de 2024","format":false,"excerpt":"Vendedor Jr. - Ribeir\u00e3o Preto Ribeir\u00e3o Preto - SP Efetivo Vendedor Jr. - Ribeir\u00e3o Preto Vendedor(a) - Ribeir\u00e3o Shopping (SP) Pessoa Vendedora - Loja Ribeir\u00e3o Shopping Ribeir\u00e3o Preto - SP Efetivo Pessoa Vendedora - Loja Ribeir\u00e3o Shopping Ribeir\u00e3o Preto - SP Efetivo Renner - Assistente de Vendas Vendedor de Ve\u00edculos\u2026","rel":"","context":"In &quot;Vagas de Emprego em Ribeir\u00e3o Preto-SP&quot;","block_context":{"text":"Vagas de Emprego em Ribeir\u00e3o Preto-SP","link":"https:\/\/ismaelcolosi.com.br\/index.php\/category\/empregos-classificados-vagas-trabalho\/vagas-de-empregos-em-ribeirao-preto-regiao-brasil\/"},"img":{"alt_text":"","src":"","width":0,"height":0},"classes":[]}],"jetpack_sharing_enabled":true,"jetpack_shortlink":"https:\/\/wp.me\/pfMlyK-nQJ","jetpack_featured_media_url":"https:\/\/i0.wp.com\/ismaelcolosi.com.br\/wp-content\/uploads\/2026\/03\/20250606_1059_Megafone-Laranja_remix_01jx2rk1areryt71kxfrzvrcwq.png?fit=1024%2C1536&ssl=1","_links":{"self":[{"href":"https:\/\/ismaelcolosi.com.br\/index.php\/wp-json\/wp\/v2\/posts\/91681","targetHints":{"allow":["GET"]}}],"collection":[{"href":"https:\/\/ismaelcolosi.com.br\/index.php\/wp-json\/wp\/v2\/posts"}],"about":[{"href":"https:\/\/ismaelcolosi.com.br\/index.php\/wp-json\/wp\/v2\/types\/post"}],"author":[{"embeddable":true,"href":"https:\/\/ismaelcolosi.com.br\/index.php\/wp-json\/wp\/v2\/users\/5"}],"replies":[{"embeddable":true,"href":"https:\/\/ismaelcolosi.com.br\/index.php\/wp-json\/wp\/v2\/comments?post=91681"}],"version-history":[{"count":1,"href":"https:\/\/ismaelcolosi.com.br\/index.php\/wp-json\/wp\/v2\/posts\/91681\/revisions"}],"predecessor-version":[{"id":91682,"href":"https:\/\/ismaelcolosi.com.br\/index.php\/wp-json\/wp\/v2\/posts\/91681\/revisions\/91682"}],"wp:featuredmedia":[{"embeddable":true,"href":"https:\/\/ismaelcolosi.com.br\/index.php\/wp-json\/wp\/v2\/media\/89531"}],"wp:attachment":[{"href":"https:\/\/ismaelcolosi.com.br\/index.php\/wp-json\/wp\/v2\/media?parent=91681"}],"wp:term":[{"taxonomy":"category","embeddable":true,"href":"https:\/\/ismaelcolosi.com.br\/index.php\/wp-json\/wp\/v2\/categories?post=91681"},{"taxonomy":"post_tag","embeddable":true,"href":"https:\/\/ismaelcolosi.com.br\/index.php\/wp-json\/wp\/v2\/tags?post=91681"}],"curies":[{"name":"wp","href":"https:\/\/api.w.org\/{rel}","templated":true}]}}