{"id":91678,"date":"2026-09-02T14:34:38","date_gmt":"2026-09-02T17:34:38","guid":{"rendered":"https:\/\/ismaelcolosi.com.br\/?p=91678"},"modified":"2026-09-02T14:34:38","modified_gmt":"2026-09-02T17:34:38","slug":"assistente-administrativo-logistica-transporte-presencial-ribeirao-preto","status":"publish","type":"post","link":"https:\/\/ismaelcolosi.com.br\/index.php\/2026\/09\/02\/assistente-administrativo-logistica-transporte-presencial-ribeirao-preto\/","title":{"rendered":"Assistente Administrativo Log\u00edstica (Transporte) &#8211; Presencial &#8211; Ribeir\u00e3o Preto"},"content":{"rendered":"<style>\nh2{margin-top:40px;}<br \/>\np,li,td,th,div{font-size:18px;line-height:1.8;}<br \/>\n<\/style>\n<h1><\/h1>\n<div style=\"background: linear-gradient(135deg,#f5f5f5 0%,#e8f5e9 100%); padding: 12px 18px; border-radius: 10px; border-left: 5px solid #2e7d32; margin: 15px 0 20px 0; display: flex; align-items: center; gap: 14px; flex-wrap: wrap; box-shadow: 0 1px 4px rgba(0,0,0,0.06);\">\n<div style=\"flex-shrink: 0;\"><img data-recalc-dims=\"1\" loading=\"lazy\" decoding=\"async\" style=\"width: 60px; height: 60px; border-radius: 50%; border: 2px solid #2e7d32; object-fit: cover;\" src=\"https:\/\/i0.wp.com\/ismaelcolosi.com.br\/wp-content\/uploads\/2026\/07\/ismael-colosi-foto-perfil-2025.jpeg?resize=60%2C60&#038;ssl=1\" alt=\"Ismael Colosi - Headhunter\" width=\"60\" height=\"60\" \/><\/div>\n<div style=\"flex: 1; min-width: 180px;\">\n<div style=\"display: flex; align-items: center; gap: 10px; flex-wrap: wrap;\"><span style=\"font-weight: bold; font-size: 16px; color: #1b5e20;\">\u270d\ufe0f Ismael Colosi<\/span><span style=\"font-size: 12px; color: #2e7d32; font-weight: 500;\">Headhunter | R&amp;S | Mutir\u00e3o do Emprego<\/span><\/div>\n<p style=\"margin: 3px 0 0 0; font-size: 15px; color: #555; line-height: 1.4;\">Especialista em recrutamento e sele\u00e7\u00e3o com mais de 10 anos de experi\u00eancia. Headhunter com atua\u00e7\u00e3o em Ribeir\u00e3o Preto-SP e todo Brasil; fundador e presidente do iBEE &#8211; Instituto Brasileiro do Emprego e Empreendedorismo.<\/p>\n<div style=\"margin-top: 4px; display: flex; gap: 6px; flex-wrap: wrap;\"><a style=\"background: #0a66c2; color: white; padding: 3px 10px; border-radius: 14px; text-decoration: none; font-size: 11px; display: inline-flex; align-items: center; gap: 4px;\" href=\"https:\/\/www.linkedin.com\/in\/ismael-colosi\/\" target=\"_blank\" rel=\"noopener noreferrer\">\ud83d\udd17 LinkedIn<\/a><br \/>\n<a style=\"background: linear-gradient(45deg,#f09433,#e6683c,#dc2743,#cc2366,#bc1888); color: white; padding: 3px 10px; border-radius: 14px; text-decoration: none; font-size: 11px; display: inline-flex; align-items: center; gap: 4px;\" href=\"https:\/\/www.instagram.com\/ismaelcolosi\/\" target=\"_blank\" rel=\"noopener noreferrer\">\ud83d\udcf8 Instagram<\/a><br \/>\n<a style=\"background: #1877f2; color: white; padding: 3px 10px; border-radius: 14px; text-decoration: none; font-size: 11px; display: inline-flex; align-items: center; gap: 4px;\" href=\"https:\/\/www.facebook.com\/ISMAELCOLOSI2025\" target=\"_blank\" rel=\"noopener noreferrer\">\ud83d\udc4d Facebook<\/a><br \/>\n<a style=\"background: #00b4d8; color: white; padding: 3px 10px; border-radius: 14px; text-decoration: none; font-size: 11px; display: inline-flex; align-items: center; gap: 4px;\" href=\"https:\/\/linktr.ee\/Ismael_Colosi\" target=\"_blank\" rel=\"noopener noreferrer\">\ud83c\udf3f Linktree<\/a><br \/>\n<a style=\"background: #25d366; color: white; padding: 3px 10px; border-radius: 14px; text-decoration: none; font-size: 11px; display: inline-flex; align-items: center; gap: 4px;\" href=\"https:\/\/wa.me\/5516991268411\" target=\"_blank\" rel=\"noopener noreferrer\">\ud83d\udcac WhatsApp<\/a><\/div>\n<\/div>\n<\/div>\n<p><strong>\ud83d\udcc5 Atualizado em:<\/strong> 28 de julho de 2026<\/p>\n<p><strong>\ud83c\udfaf P\u00fablico-alvo:<\/strong> Profissionais com ensino m\u00e9dio completo, conhecimentos em rotinas de log\u00edstica e transporte, emiss\u00e3o de documentos fiscais e pacote Office. Ideal para quem busca atua\u00e7\u00e3o presencial em uma empresa consolidada no setor de alimentos, com possibilidade de crescimento na \u00e1rea administrativa.<\/p>\n<h2>Introdu\u00e7\u00e3o<\/h2>\n<p>O setor de log\u00edstica e distribui\u00e7\u00e3o \u00e9 essencial para garantir que produtos cheguem aos clientes com qualidade e dentro do prazo. A Gold P\u00e3o, pioneira regional na fabrica\u00e7\u00e3o e com\u00e9rcio de p\u00e3es congelados, busca um Assistente Administrativo de Log\u00edstica para atuar no controle documental e no suporte \u00e0s opera\u00e7\u00f5es de transporte. A vaga exige conhecimento em emiss\u00e3o de NF, documenta\u00e7\u00e3o de transporte e sistema ERP, sendo uma excelente oportunidade para profissionais que desejam se desenvolver na \u00e1rea log\u00edstica de uma empresa em crescimento.<\/p>\n<div data-type=\"_mgwidget\" data-widget-id=\"1839050\"><\/div>\n<p><script>(function(w,q){w[q]=w[q]||[];w[q].push([\"_mgc.load\"])})(window,\"_mgq\");<\/script><\/p>\n<h2>Resumo da vaga<\/h2>\n<p>O Assistente Administrativo Log\u00edstica (Transporte) ser\u00e1 respons\u00e1vel por emitir e controlar documenta\u00e7\u00e3o obrigat\u00f3ria de transporte (NFSe, CIOT, MDFe, VPO), apoiar a lideran\u00e7a dos CDs na emiss\u00e3o de NFs, embarques e contato com transportadores, preencher relat\u00f3rios gerenciais di\u00e1rios e alimentar planilhas de controles internos e indicadores da \u00e1rea. A vaga \u00e9 presencial, com contrata\u00e7\u00e3o CLT e sal\u00e1rio n\u00e3o divulgado.<\/p>\n<div data-type=\"_mgwidget\" data-widget-id=\"1839050\"><\/div>\n<p><script>(function(w,q){w[q]=w[q]||[];w[q].push([\"_mgc.load\"])})(window,\"_mgq\");<\/script><\/p>\n<h2>Resumo r\u00e1pido<\/h2>\n<table style=\"border-collapse: collapse; width: 100%; max-width: 500px; border: 1px solid #ccc;\">\n<tbody>\n<tr>\n<td style=\"border: 1px solid #ccc; padding: 8px;\"><strong>Cargo<\/strong><\/td>\n<td style=\"border: 1px solid #ccc; padding: 8px;\">Assistente Administrativo Log\u00edstica (Transporte)<\/td>\n<\/tr>\n<tr>\n<td style=\"border: 1px solid #ccc; padding: 8px;\"><strong>Modelo<\/strong><\/td>\n<td style=\"border: 1px solid #ccc; padding: 8px;\">Presencial (local a definir)<\/td>\n<\/tr>\n<tr>\n<td style=\"border: 1px solid #ccc; padding: 8px;\"><strong>Contrata\u00e7\u00e3o<\/strong><\/td>\n<td style=\"border: 1px solid #ccc; padding: 8px;\">CLT (Efetivo)<\/td>\n<\/tr>\n<tr>\n<td style=\"border: 1px solid #ccc; padding: 8px;\"><strong>Sal\u00e1rio<\/strong><\/td>\n<td style=\"border: 1px solid #ccc; padding: 8px;\">N\u00e3o divulgado<\/td>\n<\/tr>\n<tr>\n<td style=\"border: 1px solid #ccc; padding: 8px;\"><strong>Escolaridade<\/strong><\/td>\n<td style=\"border: 1px solid #ccc; padding: 8px;\">Ensino M\u00e9dio completo; desej\u00e1vel superior em andamento em Administra\u00e7\u00e3o, Log\u00edstica ou afins<\/td>\n<\/tr>\n<tr>\n<td style=\"border: 1px solid #ccc; padding: 8px;\"><strong>Local<\/strong><\/td>\n<td style=\"border: 1px solid #ccc; padding: 8px;\">N\u00e3o especificado (prov\u00e1vel unidade Gold P\u00e3o)<\/td>\n<\/tr>\n<tr>\n<td style=\"border: 1px solid #ccc; padding: 8px;\"><strong>Vagas<\/strong><\/td>\n<td style=\"border: 1px solid #ccc; padding: 8px;\">N\u00e3o especificado<\/td>\n<\/tr>\n<\/tbody>\n<\/table>\n<div data-type=\"_mgwidget\" data-widget-id=\"1839050\"><\/div>\n<p><script>(function(w,q){w[q]=w[q]||[];w[q].push([\"_mgc.load\"])})(window,\"_mgq\");<\/script><\/p>\n<h2>Principais responsabilidades<\/h2>\n<ul>\n<li>Emitir e controlar documenta\u00e7\u00e3o obrigat\u00f3ria de transporte (NFSe, CIOT, MDFe, VPO);<\/li>\n<li>Apoiar a lideran\u00e7a dos CDs na emiss\u00e3o de NFs, embarques e contato com transportadores;<\/li>\n<li>Preencher relat\u00f3rios gerenciais diariamente e dar suporte \u00e0 \u00e1rea de log\u00edstica e distribui\u00e7\u00e3o durante toda a opera\u00e7\u00e3o;<\/li>\n<li>Alimentar planilhas de controles internos de ocorr\u00eancias e de indicadores da \u00e1rea.<\/li>\n<\/ul>\n<div data-type=\"_mgwidget\" data-widget-id=\"1839050\"><\/div>\n<p><script>(function(w,q){w[q]=w[q]||[];w[q].push([\"_mgc.load\"])})(window,\"_mgq\");<\/script><\/p>\n<h2>Requisitos obrigat\u00f3rios<\/h2>\n<h3>Forma\u00e7\u00e3o<\/h3>\n<p>Ensino m\u00e9dio completo; desej\u00e1vel curso superior em andamento em Administra\u00e7\u00e3o, Log\u00edstica ou \u00e1reas afins.<\/p>\n<h3>Conhecimentos<\/h3>\n<p>Conhecimentos em pacote Office (n\u00edvel intermedi\u00e1rio); conhecimento em sistema ERP; conhecimento em emiss\u00e3o de NF; conhecimento em emiss\u00e3o de documenta\u00e7\u00e3o de transporte.<\/p>\n<div data-type=\"_mgwidget\" data-widget-id=\"1839050\"><\/div>\n<p><script>(function(w,q){w[q]=w[q]||[];w[q].push([\"_mgc.load\"])})(window,\"_mgq\");<\/script><\/p>\n<h2>Diferenciais<\/h2>\n<p>Superior em andamento em Log\u00edstica, Administra\u00e7\u00e3o ou \u00e1reas afins; experi\u00eancia pr\u00e9via com rotinas de transporte e log\u00edstica; conhecimento em sistemas de gest\u00e3o de frotas; perfil proativo e organizado.<\/p>\n<div data-type=\"_mgwidget\" data-widget-id=\"1839050\"><\/div>\n<p><script>(function(w,q){w[q]=w[q]||[];w[q].push([\"_mgc.load\"])})(window,\"_mgq\");<\/script><\/p>\n<h2>Benef\u00edcios<\/h2>\n<p>Os benef\u00edcios n\u00e3o foram informados na descri\u00e7\u00e3o da vaga. Recomenda-se consultar diretamente com a empresa durante o processo seletivo.<\/p>\n<div data-type=\"_mgwidget\" data-widget-id=\"1839050\"><\/div>\n<p><script>(function(w,q){w[q]=w[q]||[];w[q].push([\"_mgc.load\"])})(window,\"_mgq\");<\/script><\/p>\n<h2>Sobre a empresa contratante<\/h2>\n<p>A Gold P\u00e3o \u00e9 pioneira regional na fabrica\u00e7\u00e3o e com\u00e9rcio de p\u00e3es congelados, mantendo elevados padr\u00f5es de qualidade e sabor nobre em seus produtos. A empresa investe na qualifica\u00e7\u00e3o de seus recursos humanos, atualiza\u00e7\u00e3o tecnol\u00f3gica de m\u00e1quinas e processos de produ\u00e7\u00e3o, bem como em pesquisa e desenvolvimento para diversificar e inovar as produ\u00e7\u00f5es. Com vis\u00e3o de futuro, a Gold P\u00e3o busca atender \u00e0s demandas de mercado e superar as expectativas de clientes e consumidores.<\/p>\n<div data-type=\"_mgwidget\" data-widget-id=\"1839050\"><\/div>\n<p><script>(function(w,q){w[q]=w[q]||[];w[q].push([\"_mgc.load\"])})(window,\"_mgq\");<\/script><\/p>\n<h2>Localidade e modelo de trabalho<\/h2>\n<p>A vaga \u00e9 presencial, mas a localidade exata n\u00e3o foi divulgada na descri\u00e7\u00e3o. Recomenda-se confirmar com a empresa durante o processo seletivo. O hor\u00e1rio de trabalho segue o padr\u00e3o comercial, mas tamb\u00e9m deve ser confirmado.<\/p>\n<div data-type=\"_mgwidget\" data-widget-id=\"1839050\"><\/div>\n<p><script>(function(w,q){w[q]=w[q]||[];w[q].push([\"_mgc.load\"])})(window,\"_mgq\");<\/script><\/p>\n<h2>Perguntas frequentes (FAQ)<\/h2>\n<p><strong>O que faz um Assistente Administrativo Log\u00edstica?<\/strong><br \/>\nO profissional emite e controla documenta\u00e7\u00e3o de transporte (NFSe, CIOT, MDFe, VPO), apoia a lideran\u00e7a dos CDs com NFs e embarques, preenche relat\u00f3rios gerenciais e alimenta planilhas de indicadores.<\/p>\n<p><strong>Preciso ter experi\u00eancia pr\u00e9via?<\/strong><br \/>\nN\u00e3o \u00e9 exigida experi\u00eancia formal, mas \u00e9 necess\u00e1rio ter conhecimentos em sistema ERP, emiss\u00e3o de NF e documenta\u00e7\u00e3o de transporte.<\/p>\n<p><strong>Qual \u00e9 a escolaridade exigida?<\/strong><br \/>\nEnsino m\u00e9dio completo \u00e9 obrigat\u00f3rio; superior em andamento em Administra\u00e7\u00e3o, Log\u00edstica ou afins \u00e9 desej\u00e1vel.<\/p>\n<p><strong>O trabalho \u00e9 remoto?<\/strong><br \/>\nN\u00e3o, a vaga \u00e9 presencial.<\/p>\n<p><strong>Quais conhecimentos s\u00e3o necess\u00e1rios?<\/strong><br \/>\nPacote Office n\u00edvel intermedi\u00e1rio, sistema ERP, emiss\u00e3o de NF e documenta\u00e7\u00e3o de transporte.<\/p>\n<p><strong>Como funciona o processo seletivo?<\/strong><br \/>\nO processo tem 3 etapas: Cadastro, Entrevista Gente e Gest\u00e3o, e Contrata\u00e7\u00e3o.<\/p>\n<div data-type=\"_mgwidget\" data-widget-id=\"1839050\"><\/div>\n<p><script>(function(w,q){w[q]=w[q]||[];w[q].push([\"_mgc.load\"])})(window,\"_mgq\");<\/script><\/p>\n<h2>Como se candidatar<\/h2>\n<div data-type=\"_mgwidget\" data-widget-id=\"1839050\"><\/div>\n<p><script>(function(w,q){w[q]=w[q]||[];w[q].push([\"_mgc.load\"])})(window,\"_mgq\");<\/script><\/p>\n<p>Os interessados devem seguir o passo a passo abaixo para se candidatar \u00e0 vaga:<\/p>\n<ol>\n<li><strong>Acesse a plataforma de recrutamento:<\/strong> Clique no link oficial da vaga para ser redirecionado \u00e0 p\u00e1gina de candidatura.<\/li>\n<li><strong>Crie seu perfil (se necess\u00e1rio):<\/strong> Caso a plataforma exija, fa\u00e7a um cadastro r\u00e1pido com e-mail e senha.<\/li>\n<li><strong>Preencha os dados solicitados:<\/strong> Informe suas informa\u00e7\u00f5es pessoais, experi\u00eancia profissional e forma\u00e7\u00e3o acad\u00eamica.<\/li>\n<\/ol>\n<div data-type=\"_mgwidget\" data-widget-id=\"1839050\"><\/div>\n<p><script>(function(w,q){w[q]=w[q]||[];w[q].push([\"_mgc.load\"])})(window,\"_mgq\");<\/script><\/p>\n<ol start=\"4\">\n<li><strong>Envie seu curr\u00edculo atualizado:<\/strong> Anexe o arquivo em formato PDF ou Word.<\/li>\n<li><strong>Finalize a candidatura:<\/strong> Revise os dados e clique em &#8220;Enviar&#8221; ou &#8220;Candidatar-se&#8221;.<\/li>\n<li><strong>Acompanhe o processo:<\/strong> Fique atento ao seu e-mail ou \u00e0 plataforma para retorno da empresa.<\/li>\n<\/ol>\n<div data-type=\"_mgwidget\" data-widget-id=\"1839050\"><\/div>\n<p><script>(function(w,q){w[q]=w[q]||[];w[q].push([\"_mgc.load\"])})(window,\"_mgq\");<\/script><\/p>\n<p><strong>N\u00e3o perca essa oportunidade!<\/strong> Clique no bot\u00e3o abaixo e candidate-se agora.<\/p>\n<p style=\"text-align: center; margin: 20px 0;\"><a style=\"background-color: #2e7d32; color: white; padding: 12px 25px; text-decoration: none; border-radius: 5px; display: inline-block; font-weight: bold;\" href=\"https:\/\/goldpao.gupy.io\/job\/eyJqb2JJZCI6MTE2NTI0ODEsInNvdXJjZSI6ImxpbmtlZGluIn0=?jobBoardSource=share_link\" target=\"_blank\" rel=\"nofollow sponsored noopener\">\u2705 Candidatar-se agora<\/a><\/p>\n<p style=\"font-size: 14px; color: #666; background-color: #f9f9f9; padding: 12px; border-left: 4px solid #f44336;\">\u26a0\ufe0f <strong>Alerta de seguran\u00e7a:<\/strong> Nunca pague por promessas de emprego. O Ismael Colosi n\u00e3o cobra nada dos candidatos.<\/p>\n<p style=\"font-size: 14px; color: #666; background-color: #fff3cd; padding: 12px; border-left: 4px solid #ffc107; margin: 0;\">\u26a0\ufe0f <strong>Aviso importante:<\/strong> As vagas divulgadas neste portal s\u00e3o de responsabilidade dos anunciantes e podem ser retiradas do ar a qualquer momento, sem aviso pr\u00e9vio, por decis\u00e3o do empregador. Recomendamos que os candidatos verifiquem a disponibilidade da vaga no link oficial antes de iniciar o processo seletivo.<\/p>\n<h2>Leia tamb\u00e9m<\/h2>\n<ul>\n<li><a href=\"https:\/\/ismaelcolosi.com.br\/index.php\/category\/empregos-classificados-vagas-trabalho\/vagas-de-empregos-em-ribeirao-preto-regiao-brasil\/vagas-de-emprego-para-trabalhar-de-casa-home-office-remoto\/\">Todas as vagas remotas<\/a><\/li>\n<li><a href=\"https:\/\/api.whatsapp.com\/send?phone=5516991268411&amp;text=Ol%C3%A1%20*Ismael%20Colosi*%20%2C%20me%20coloque%20no%20grupo%20de%20empregos%20por%20favor%0A%0A\" target=\"_blank\" rel=\"noopener\">Grupo de empregos Home Office no WhatsApp<\/a><\/li>\n<\/ul>\n<p><em>Esta vaga foi selecionada pelo portal Ismael Colosi com base nos crit\u00e9rios de transpar\u00eancia salarial e acessibilidade de escolaridade para trabalho remoto.<\/em><\/p>\n<p><strong>Sobre o portal Ismael Colosi:<\/strong> O Ismael Colosi \u00e9 um portal de empregos que conecta profissionais a oportunidades de trabalho em todo o Brasil. Selecionamos vagas com transpar\u00eancia salarial e acessibilidade para todos os n\u00edveis de escolaridade.<\/p>\n<p style=\"font-size: 12px; color: #888; margin-top: 20px;\">\ud83d\udce2 <strong>Aviso Legal:<\/strong> O site ismaelcolosi.com.br atua apenas como um canal de divulga\u00e7\u00e3o de oportunidades de emprego e n\u00e3o se responsabiliza pelo processo seletivo, contrata\u00e7\u00e3o ou qualquer outra etapa relacionada \u00e0s vagas publicadas. Todas as informa\u00e7\u00f5es s\u00e3o de responsabilidade dos anunciantes.<\/p>\n<p><strong>Palavras-chave:<\/strong> Assistente Administrativo, Log\u00edstica, Transporte, Gold P\u00e3o, emiss\u00e3o de NF, CIOT, MDFe, ERP, presencial, CLT, alimentos.<\/p>\n<p><script type=\"application\/ld+json\">\n{\n\"@context\":\"https:\/\/schema.org\",\n\"@type\":\"JobPosting\",\n\"title\":\"Assistente Administrativo Log\u00edstica (Transporte) - Gold P\u00e3o \u2013 CLT \u2013 Sal\u00e1rio n\u00e3o divulgado \u2013 Ensino M\u00e9dio Completo\",\n\"description\":\"Vaga presencial para Assistente Administrativo Log\u00edstica na Gold P\u00e3o. Atua\u00e7\u00e3o com documenta\u00e7\u00e3o de transporte (NFSe, CIOT, MDFe, VPO), emiss\u00e3o de NFs, relat\u00f3rios gerenciais e indicadores. CLT, sal\u00e1rio n\u00e3o divulgado.\",\n\"datePosted\":\"2026-07-28\",\n\"dateModified\":\"2026-07-28\",\n\"validThrough\":\"2026-09-13\",\n\"employmentType\":\"FULL_TIME\",\n\"hiringOrganization\":{\"@type\":\"Organization\",\"name\":\"Gold P\u00e3o\",\"sameAs\":\"\"},\n\"jobLocation\":{\"@type\":\"Place\",\"address\":{\"@type\":\"PostalAddress\",\"addressLocality\":\"A definir\",\"addressRegion\":\"BR\",\"addressCountry\":\"BR\"}},\n\"baseSalary\":{\"@type\":\"MonetaryAmount\",\"currency\":\"BRL\",\"value\":{\"@type\":\"QuantitativeValue\",\"value\":0,\"unitText\":\"MONTH\"}},\n\"salaryCurrency\":\"BRL\",\n\"jobBenefits\":\"N\u00e3o informados\",\n\"responsibilities\":\"Emitir e controlar documenta\u00e7\u00e3o de transporte (NFSe, CIOT, MDFe, VPO); Apoiar CDs na emiss\u00e3o de NFs, embarques e contato com transportadores; Preencher relat\u00f3rios gerenciais; Alimentar planilhas de indicadores.\",\n\"qualifications\":\"Ensino m\u00e9dio completo; Conhecimento em pacote Office intermedi\u00e1rio; Conhecimento em ERP; Conhecimento em emiss\u00e3o de NF e documenta\u00e7\u00e3o de transporte; Desej\u00e1vel superior em andamento em Administra\u00e7\u00e3o ou Log\u00edstica.\",\n\"educationRequirements\":{\"@type\":\"EducationalOccupationalCredential\",\"credentialCategory\":\"Ensino M\u00e9dio Completo\"},\n\"occupationalCategory\":\"43-0000\",\n\"industry\":\"Alimentos \/ Log\u00edstica\",\n\"workHours\":\"N\u00e3o informado\",\n\"employmentUnit\":{\"@type\":\"Organization\",\"name\":\"Log\u00edstica e Distribui\u00e7\u00e3o\"},\n\"incentiveCompensation\":\"Nenhum\",\n\"totalJobOpenings\":\"N\u00e3o especificado\",\n\"url\":\"https:\/\/ismaelcolosi.com.br\/assistente-administrativo-logistica-gold-pao\/\"\n}\n<\/script><\/p>\n<div class='code-block code-block-4' style='margin: 8px auto 8px 0; text-align: left; display: block; clear: both;'>\n\ud83d\udce2 Aviso Legal\n\nO site ismaelcolosi.com.br atua apenas como um canal de divulga\u00e7\u00e3o de oportunidades de emprego e n\u00e3o se responsabiliza pelo processo seletivo, contrata\u00e7\u00e3o ou qualquer outra etapa relacionada \u00e0s vagas publicadas. Todas as informa\u00e7\u00f5es s\u00e3o de responsabilidade dos anunciantes.\n\n\u26a0\ufe0f Aten\u00e7\u00e3o! Nunca pague por promessas de emprego nem compre cursos que garantam contrata\u00e7\u00e3o. Desconfie de qualquer cobran\u00e7a para participar de sele\u00e7\u00f5es.\n\n\n\n<\/div>\n<!-- CONTENT END 1 -->\n","protected":false},"excerpt":{"rendered":"<p>\u270d\ufe0f Ismael ColosiHeadhunter | R&amp;S | Mutir\u00e3o do Emprego Especialista em recrutamento e sele\u00e7\u00e3o com mais de 10 anos de experi\u00eancia. Headhunter com atua\u00e7\u00e3o em Ribeir\u00e3o Preto-SP e todo Brasil; fundador e presidente do iBEE &#8211; Instituto Brasileiro do Emprego e Empreendedorismo. \ud83d\udd17 LinkedIn \ud83d\udcf8 Instagram \ud83d\udc4d Facebook \ud83c\udf3f Linktree \ud83d\udcac WhatsApp \ud83d\udcc5 Atualizado em:&hellip;&nbsp;<\/p>\n","protected":false},"author":5,"featured_media":89973,"comment_status":"closed","ping_status":"closed","sticky":false,"template":"","format":"standard","meta":{"_uag_custom_page_level_css":"","neve_meta_sidebar":"","neve_meta_container":"","neve_meta_enable_content_width":"off","neve_meta_content_width":70,"neve_meta_title_alignment":"","neve_meta_author_avatar":"","neve_post_elements_order":"","neve_meta_disable_header":"","neve_meta_disable_footer":"","neve_meta_disable_title":"","_jetpack_newsletter_access":"","_jetpack_dont_email_post_to_subs":false,"_jetpack_newsletter_tier_id":0,"_jetpack_memberships_contains_paywalled_content":false,"_jetpack_memberships_contains_paid_content":false,"footnotes":""},"categories":[7],"tags":[],"class_list":["post-91678","post","type-post","status-publish","format-standard","has-post-thumbnail","hentry","category-vagas-de-empregos-em-ribeirao-preto-regiao-brasil"],"uagb_featured_image_src":{"full":["https:\/\/i0.wp.com\/ismaelcolosi.com.br\/wp-content\/uploads\/2026\/03\/cropped-cropped-vagas-abertas-azul_widelg.jpg?fit=512%2C512&ssl=1",512,512,false],"thumbnail":["https:\/\/i0.wp.com\/ismaelcolosi.com.br\/wp-content\/uploads\/2026\/03\/cropped-cropped-vagas-abertas-azul_widelg.jpg?resize=150%2C150&ssl=1",150,150,true],"medium":["https:\/\/i0.wp.com\/ismaelcolosi.com.br\/wp-content\/uploads\/2026\/03\/cropped-cropped-vagas-abertas-azul_widelg.jpg?fit=300%2C300&ssl=1",300,300,true],"medium_large":["https:\/\/i0.wp.com\/ismaelcolosi.com.br\/wp-content\/uploads\/2026\/03\/cropped-cropped-vagas-abertas-azul_widelg.jpg?fit=512%2C512&ssl=1",512,512,true],"large":["https:\/\/i0.wp.com\/ismaelcolosi.com.br\/wp-content\/uploads\/2026\/03\/cropped-cropped-vagas-abertas-azul_widelg.jpg?fit=512%2C512&ssl=1",512,512,true],"1536x1536":["https:\/\/i0.wp.com\/ismaelcolosi.com.br\/wp-content\/uploads\/2026\/03\/cropped-cropped-vagas-abertas-azul_widelg.jpg?fit=512%2C512&ssl=1",512,512,true],"2048x2048":["https:\/\/i0.wp.com\/ismaelcolosi.com.br\/wp-content\/uploads\/2026\/03\/cropped-cropped-vagas-abertas-azul_widelg.jpg?fit=512%2C512&ssl=1",512,512,true],"neve-blog":["https:\/\/i0.wp.com\/ismaelcolosi.com.br\/wp-content\/uploads\/2026\/03\/cropped-cropped-vagas-abertas-azul_widelg.jpg?resize=512%2C512&ssl=1",512,512,true]},"uagb_author_info":{"display_name":"Arthur Tijolo","author_link":"https:\/\/ismaelcolosi.com.br\/author\/autor-2024\/"},"uagb_comment_info":0,"uagb_excerpt":"\u270d\ufe0f Ismael ColosiHeadhunter | R&amp;S | Mutir\u00e3o do Emprego Especialista em recrutamento e sele\u00e7\u00e3o com mais de 10 anos de experi\u00eancia. Headhunter com atua\u00e7\u00e3o em Ribeir\u00e3o Preto-SP e todo Brasil; fundador e presidente do iBEE &#8211; Instituto Brasileiro do Emprego e Empreendedorismo. \ud83d\udd17 LinkedIn \ud83d\udcf8 Instagram \ud83d\udc4d Facebook \ud83c\udf3f Linktree \ud83d\udcac WhatsApp \ud83d\udcc5 Atualizado em:&hellip;&nbsp;","jetpack-related-posts":[{"id":81992,"url":"https:\/\/ismaelcolosi.com.br\/index.php\/2025\/01\/22\/vagas-de-emprego-para-atendente-em-ribeirao-preto-sp-10\/","url_meta":{"origin":91678,"position":0},"title":"Vagas de emprego para Atendente em Ribeir\u00e3o Preto-SP","author":"ismaelcolosi.com.br","date":"22 de Janeiro de 2025","format":false,"excerpt":"ATENDENTE CAIXA ATENDENTE REPOSITOR ATENDENTE REPOSITOR Atendente de Lanchonete - Loja Ribeir\u00e3o Preto ATENDENTE REPOSITOR Atendente de Farm\u00e1cia-RIBEIR\u00c3O PRETO\/SP (RIBEIR\u00c3O PRETO AK) Atendente de Farm\u00e1cia-RIBEIR\u00c3O PRETO\/SP (RIBEIR\u00c3O PRETO Y) Atendente de Farm\u00e1cia-RIBEIR\u00c3O PRETO\/SP (RIBEIR\u00c3O PRETO AK) Atendente de Farm\u00e1cia-RIBEIR\u00c3O PRETO\/SP (RIBEIR\u00c3O PRETO AK)","rel":"","context":"In &quot;Vagas de Emprego em Ribeir\u00e3o Preto-SP&quot;","block_context":{"text":"Vagas de Emprego em Ribeir\u00e3o Preto-SP","link":"https:\/\/ismaelcolosi.com.br\/index.php\/category\/empregos-classificados-vagas-trabalho\/vagas-de-empregos-em-ribeirao-preto-regiao-brasil\/"},"img":{"alt_text":"","src":"https:\/\/i0.wp.com\/ismaelcolosi.com.br\/wp-content\/uploads\/2025\/01\/1737540224_latest.jpeg?fit=1200%2C675&ssl=1&resize=350%2C200","width":350,"height":200,"srcset":"https:\/\/i0.wp.com\/ismaelcolosi.com.br\/wp-content\/uploads\/2025\/01\/1737540224_latest.jpeg?fit=1200%2C675&ssl=1&resize=350%2C200 1x, https:\/\/i0.wp.com\/ismaelcolosi.com.br\/wp-content\/uploads\/2025\/01\/1737540224_latest.jpeg?fit=1200%2C675&ssl=1&resize=525%2C300 1.5x, https:\/\/i0.wp.com\/ismaelcolosi.com.br\/wp-content\/uploads\/2025\/01\/1737540224_latest.jpeg?fit=1200%2C675&ssl=1&resize=700%2C400 2x, https:\/\/i0.wp.com\/ismaelcolosi.com.br\/wp-content\/uploads\/2025\/01\/1737540224_latest.jpeg?fit=1200%2C675&ssl=1&resize=1050%2C600 3x"},"classes":[]},{"id":69488,"url":"https:\/\/ismaelcolosi.com.br\/index.php\/2024\/10\/06\/vagas-de-emprego-para-atendente-em-ribeirao-preto-sp-8\/","url_meta":{"origin":91678,"position":1},"title":"Vagas de emprego para Atendente em Ribeir\u00e3o Preto-SP","author":"ismaelcolosi.com.br","date":"6 de Outubro de 2024","format":false,"excerpt":"AME RP: Agente de PORTARIA Hospitalar Atendente ATENDENTE REPOSITOR Atendente de Loja Atendente de Farm\u00e1cia - Ribeir\u00e3o Preto\/SP (RIBEIR\u00c3O PRETO AD) Atendente de Recep\u00e7\u00e3o\/ Comercial - Ribeir\u00e3o Preto Atendente de Farm\u00e1cia - Ribeir\u00e3o Preto\/SP (RIBEIR\u00c3O PRETO AD) Atendente de Farm\u00e1cia - Ribeir\u00e3o Preto\/SP (RIBEIR\u00c3O PRETO AD)","rel":"","context":"In &quot;Vagas de Emprego em Ribeir\u00e3o Preto-SP&quot;","block_context":{"text":"Vagas de Emprego em Ribeir\u00e3o Preto-SP","link":"https:\/\/ismaelcolosi.com.br\/index.php\/category\/empregos-classificados-vagas-trabalho\/vagas-de-empregos-em-ribeirao-preto-regiao-brasil\/"},"img":{"alt_text":"","src":"https:\/\/i0.wp.com\/ismaelcolosi.com.br\/wp-content\/uploads\/2024\/10\/latest.jpeg?fit=1200%2C675&ssl=1&resize=350%2C200","width":350,"height":200,"srcset":"https:\/\/i0.wp.com\/ismaelcolosi.com.br\/wp-content\/uploads\/2024\/10\/latest.jpeg?fit=1200%2C675&ssl=1&resize=350%2C200 1x, https:\/\/i0.wp.com\/ismaelcolosi.com.br\/wp-content\/uploads\/2024\/10\/latest.jpeg?fit=1200%2C675&ssl=1&resize=525%2C300 1.5x, https:\/\/i0.wp.com\/ismaelcolosi.com.br\/wp-content\/uploads\/2024\/10\/latest.jpeg?fit=1200%2C675&ssl=1&resize=700%2C400 2x, https:\/\/i0.wp.com\/ismaelcolosi.com.br\/wp-content\/uploads\/2024\/10\/latest.jpeg?fit=1200%2C675&ssl=1&resize=1050%2C600 3x"},"classes":[]},{"id":30029,"url":"https:\/\/ismaelcolosi.com.br\/index.php\/2024\/01\/19\/mais-de-10-vagas-de-emprego-para-vendedor-aem-ribeirao-preto-sp-16\/","url_meta":{"origin":91678,"position":2},"title":"Mais de 10 vagas de emprego para Vendedor (a)em Ribeir\u00e3o Preto-SP","author":"ismaelcolosi.com.br","date":"19 de Janeiro de 2024","format":false,"excerpt":"Vendedor | Vans Ribeir\u00e3o | Ribeir\u00e3o Preto-SP FARM | Vendedor | Iguatemi Ribeir\u00e3o Vendedor(a) Interno(a) - C\u00e9lula Mec\u00e2nica - Ribeir\u00e3o Preto\/SP Renner - Assistente de Vendas Vendedor de Loja | Ribeir\u00e3o Preto\/SP Vendedor - Ribeir\u00e3o Shopping FARM | Vendedor | Iguatemi Ribeir\u00e3o Vendedor (a) de Ve\u00edculos Seminovos Vendedor(a) Interno(a) -\u2026","rel":"","context":"In &quot;Vagas de Emprego em Ribeir\u00e3o Preto-SP&quot;","block_context":{"text":"Vagas de Emprego em Ribeir\u00e3o Preto-SP","link":"https:\/\/ismaelcolosi.com.br\/index.php\/category\/empregos-classificados-vagas-trabalho\/vagas-de-empregos-em-ribeirao-preto-regiao-brasil\/"},"img":{"alt_text":"","src":"","width":0,"height":0},"classes":[]},{"id":1401,"url":"https:\/\/ismaelcolosi.com.br\/index.php\/2023\/11\/12\/mais-de-10-vagas-de-emprego-para-vendedor-aem-ribeirao-preto-sp\/","url_meta":{"origin":91678,"position":3},"title":"Mais de 10 vagas de emprego para Vendedor (a)em Ribeir\u00e3o Preto-SP","author":"ismaelcolosi.com.br","date":"12 de Novembro de 2023","format":false,"excerpt":"Vendedor Jr. - Ribeir\u00e3o Preto - TEMPOR\u00c1RIO Auxiliar de Vendas - Ribeir\u00e3o Preto Vendedora - Ribeir\u00e3o Shopping - Ribeir\u00e3o Preto\/SP Vendedor de Loja - Ribeir\u00e3o Preto, SP Auxiliar de Vendas - Ribeir\u00e3o Preto Vendedor(a) Interno(a) - C\u00e9lula Mec\u00e2nica - Ribeir\u00e3o Preto\/SP FARM | Vendedor | Iguatemi Ribeir\u00e3o Renner - Assistente\u2026","rel":"","context":"In &quot;Vagas de Emprego em Ribeir\u00e3o Preto-SP&quot;","block_context":{"text":"Vagas de Emprego em Ribeir\u00e3o Preto-SP","link":"https:\/\/ismaelcolosi.com.br\/index.php\/category\/empregos-classificados-vagas-trabalho\/vagas-de-empregos-em-ribeirao-preto-regiao-brasil\/"},"img":{"alt_text":"","src":"","width":0,"height":0},"classes":[]},{"id":39394,"url":"https:\/\/ismaelcolosi.com.br\/index.php\/2024\/02\/25\/mais-de-10-vagas-de-emprego-para-vendedor-aem-ribeirao-preto-sp-19\/","url_meta":{"origin":91678,"position":4},"title":"Mais de 10 vagas de emprego para Vendedor (a)em Ribeir\u00e3o Preto-SP","author":"ismaelcolosi.com.br","date":"25 de Fevereiro de 2024","format":false,"excerpt":"Auxiliar de Vendas - Ribeir\u00e3o Preto Vendedor(a) Interno(a) - C\u00e9lula Mec\u00e2nica - Ribeir\u00e3o Preto\/SP Ribeir\u00e3o Preto Vendedor | Vans Ribeir\u00e3o | Ribeir\u00e3o Preto-SP Vendedora - Shopping Iguatemi - Ribeir\u00e3o Preto\/SP Vendedor(a) Jr. em Ribeir\u00e3o Preto - 75055 Vendedor (a) Ribeir\u00e3o Preto - SP Vendedor Externo Vendedor - Ribeir\u00e3o Shopping Vendedora\u2026","rel":"","context":"In &quot;Vagas de Emprego em Ribeir\u00e3o Preto-SP&quot;","block_context":{"text":"Vagas de Emprego em Ribeir\u00e3o Preto-SP","link":"https:\/\/ismaelcolosi.com.br\/index.php\/category\/empregos-classificados-vagas-trabalho\/vagas-de-empregos-em-ribeirao-preto-regiao-brasil\/"},"img":{"alt_text":"","src":"","width":0,"height":0},"classes":[]},{"id":55908,"url":"https:\/\/ismaelcolosi.com.br\/index.php\/2024\/07\/08\/vagas-de-emprego-para-atendente-em-ribeirao-preto-sp-5\/","url_meta":{"origin":91678,"position":5},"title":"Vagas de emprego para Atendente em Ribeir\u00e3o Preto-SP","author":"ismaelcolosi.com.br","date":"8 de Julho de 2024","format":false,"excerpt":"Atendente de Loja - Fast Food - Ribeir\u00e3o Preto Ribeir\u00e3o Preto - SP Efetivo Atendente de Polo - Ribeir\u00e3o Preto\/SP Atendente de Restaurante ATENDENTE REPOSITOR ATENDENTE REPOSITOR Atendente de Loja - Fast Food - Ribeir\u00e3o Preto Atendente de Recep\u00e7\u00e3o\/ Comercial - Ribeir\u00e3o Preto Atendente de Loja - Fast Food -\u2026","rel":"","context":"In &quot;Vagas de Emprego em Ribeir\u00e3o Preto-SP&quot;","block_context":{"text":"Vagas de Emprego em Ribeir\u00e3o Preto-SP","link":"https:\/\/ismaelcolosi.com.br\/index.php\/category\/empregos-classificados-vagas-trabalho\/vagas-de-empregos-em-ribeirao-preto-regiao-brasil\/"},"img":{"alt_text":"","src":"https:\/\/i0.wp.com\/ismaelcolosi.com.br\/wp-content\/uploads\/2024\/07\/latest.jpeg?fit=1200%2C675&ssl=1&resize=350%2C200","width":350,"height":200,"srcset":"https:\/\/i0.wp.com\/ismaelcolosi.com.br\/wp-content\/uploads\/2024\/07\/latest.jpeg?fit=1200%2C675&ssl=1&resize=350%2C200 1x, https:\/\/i0.wp.com\/ismaelcolosi.com.br\/wp-content\/uploads\/2024\/07\/latest.jpeg?fit=1200%2C675&ssl=1&resize=525%2C300 1.5x, https:\/\/i0.wp.com\/ismaelcolosi.com.br\/wp-content\/uploads\/2024\/07\/latest.jpeg?fit=1200%2C675&ssl=1&resize=700%2C400 2x, https:\/\/i0.wp.com\/ismaelcolosi.com.br\/wp-content\/uploads\/2024\/07\/latest.jpeg?fit=1200%2C675&ssl=1&resize=1050%2C600 3x"},"classes":[]}],"jetpack_sharing_enabled":true,"jetpack_shortlink":"https:\/\/wp.me\/pfMlyK-nQG","jetpack_featured_media_url":"https:\/\/i0.wp.com\/ismaelcolosi.com.br\/wp-content\/uploads\/2026\/03\/cropped-cropped-vagas-abertas-azul_widelg.jpg?fit=512%2C512&ssl=1","_links":{"self":[{"href":"https:\/\/ismaelcolosi.com.br\/index.php\/wp-json\/wp\/v2\/posts\/91678","targetHints":{"allow":["GET"]}}],"collection":[{"href":"https:\/\/ismaelcolosi.com.br\/index.php\/wp-json\/wp\/v2\/posts"}],"about":[{"href":"https:\/\/ismaelcolosi.com.br\/index.php\/wp-json\/wp\/v2\/types\/post"}],"author":[{"embeddable":true,"href":"https:\/\/ismaelcolosi.com.br\/index.php\/wp-json\/wp\/v2\/users\/5"}],"replies":[{"embeddable":true,"href":"https:\/\/ismaelcolosi.com.br\/index.php\/wp-json\/wp\/v2\/comments?post=91678"}],"version-history":[{"count":2,"href":"https:\/\/ismaelcolosi.com.br\/index.php\/wp-json\/wp\/v2\/posts\/91678\/revisions"}],"predecessor-version":[{"id":91680,"href":"https:\/\/ismaelcolosi.com.br\/index.php\/wp-json\/wp\/v2\/posts\/91678\/revisions\/91680"}],"wp:featuredmedia":[{"embeddable":true,"href":"https:\/\/ismaelcolosi.com.br\/index.php\/wp-json\/wp\/v2\/media\/89973"}],"wp:attachment":[{"href":"https:\/\/ismaelcolosi.com.br\/index.php\/wp-json\/wp\/v2\/media?parent=91678"}],"wp:term":[{"taxonomy":"category","embeddable":true,"href":"https:\/\/ismaelcolosi.com.br\/index.php\/wp-json\/wp\/v2\/categories?post=91678"},{"taxonomy":"post_tag","embeddable":true,"href":"https:\/\/ismaelcolosi.com.br\/index.php\/wp-json\/wp\/v2\/tags?post=91678"}],"curies":[{"name":"wp","href":"https:\/\/api.w.org\/{rel}","templated":true}]}}