{"id":91675,"date":"2026-09-02T14:25:45","date_gmt":"2026-09-02T17:25:45","guid":{"rendered":"https:\/\/ismaelcolosi.com.br\/?p=91675"},"modified":"2026-09-02T14:25:45","modified_gmt":"2026-09-02T17:25:45","slug":"aprendiz-ribeirao-preto-r-800-a-r-900-mes","status":"publish","type":"post","link":"https:\/\/ismaelcolosi.com.br\/index.php\/2026\/09\/02\/aprendiz-ribeirao-preto-r-800-a-r-900-mes\/","title":{"rendered":"Aprendiz &#8211; Ribeir\u00e3o Preto \u2013 R$ 800 a R$ 900\/m\u00eas"},"content":{"rendered":"<style>\nh2{margin-top:40px;}<br \/>\np,li,td,th,div{font-size:18px;line-height:1.8;}<br \/>\n<\/style>\n<h1><\/h1>\n<div style=\"background: linear-gradient(135deg,#f5f5f5 0%,#e8f5e9 100%); padding: 12px 18px; border-radius: 10px; border-left: 5px solid #2e7d32; margin: 15px 0 20px 0; display: flex; align-items: center; gap: 14px; flex-wrap: wrap; box-shadow: 0 1px 4px rgba(0,0,0,0.06);\">\n<div style=\"flex-shrink: 0;\"><img data-recalc-dims=\"1\" loading=\"lazy\" decoding=\"async\" style=\"width: 60px; height: 60px; border-radius: 50%; border: 2px solid #2e7d32; object-fit: cover;\" src=\"https:\/\/i0.wp.com\/ismaelcolosi.com.br\/wp-content\/uploads\/2026\/07\/ismael-colosi-foto-perfil-2025.jpeg?resize=60%2C60&#038;ssl=1\" alt=\"Ismael Colosi - Headhunter\" width=\"60\" height=\"60\" \/><\/div>\n<div style=\"flex: 1; min-width: 180px;\">\n<div style=\"display: flex; align-items: center; gap: 10px; flex-wrap: wrap;\"><span style=\"font-weight: bold; font-size: 16px; color: #1b5e20;\">\u270d\ufe0f Ismael Colosi<\/span><span style=\"font-size: 12px; color: #2e7d32; font-weight: 500;\">Headhunter | R&amp;S | Mutir\u00e3o do Emprego<\/span><\/div>\n<p style=\"margin: 3px 0 0 0; font-size: 15px; color: #555; line-height: 1.4;\">Especialista em recrutamento e sele\u00e7\u00e3o com mais de 10 anos de experi\u00eancia. Headhunter com atua\u00e7\u00e3o em Ribeir\u00e3o Preto-SP e todo Brasil; fundador e presidente do iBEE &#8211; Instituto Brasileiro do Emprego e Empreendedorismo.<\/p>\n<div style=\"margin-top: 4px; display: flex; gap: 6px; flex-wrap: wrap;\"><a style=\"background: #0a66c2; color: white; padding: 3px 10px; border-radius: 14px; text-decoration: none; font-size: 11px; display: inline-flex; align-items: center; gap: 4px;\" href=\"https:\/\/www.linkedin.com\/in\/ismael-colosi\/\" target=\"_blank\" rel=\"noopener noreferrer\">\ud83d\udd17 LinkedIn<\/a><br \/>\n<a style=\"background: linear-gradient(45deg,#f09433,#e6683c,#dc2743,#cc2366,#bc1888); color: white; padding: 3px 10px; border-radius: 14px; text-decoration: none; font-size: 11px; display: inline-flex; align-items: center; gap: 4px;\" href=\"https:\/\/www.instagram.com\/ismaelcolosi\/\" target=\"_blank\" rel=\"noopener noreferrer\">\ud83d\udcf8 Instagram<\/a><br \/>\n<a style=\"background: #1877f2; color: white; padding: 3px 10px; border-radius: 14px; text-decoration: none; font-size: 11px; display: inline-flex; align-items: center; gap: 4px;\" href=\"https:\/\/www.facebook.com\/ISMAELCOLOSI2025\" target=\"_blank\" rel=\"noopener noreferrer\">\ud83d\udc4d Facebook<\/a><br \/>\n<a style=\"background: #00b4d8; color: white; padding: 3px 10px; border-radius: 14px; text-decoration: none; font-size: 11px; display: inline-flex; align-items: center; gap: 4px;\" href=\"https:\/\/linktr.ee\/Ismael_Colosi\" target=\"_blank\" rel=\"noopener noreferrer\">\ud83c\udf3f Linktree<\/a><br \/>\n<a style=\"background: #25d366; color: white; padding: 3px 10px; border-radius: 14px; text-decoration: none; font-size: 11px; display: inline-flex; align-items: center; gap: 4px;\" href=\"https:\/\/wa.me\/5516991268411\" target=\"_blank\" rel=\"noopener noreferrer\">\ud83d\udcac WhatsApp<\/a><\/div>\n<\/div>\n<\/div>\n<p><strong>\ud83d\udcc5 Atualizado em:<\/strong> 2 de setembro de 2026<\/p>\n<p><strong>\ud83c\udfaf P\u00fablico-alvo:<\/strong> Jovens em busca da primeira oportunidade no mercado de trabalho, com interesse na \u00e1rea de log\u00edstica e opera\u00e7\u00f5es, residentes em Ribeir\u00e3o Preto\/SP ou com disponibilidade para atuar presencialmente. Ideal para quem deseja aprender na pr\u00e1tica e se desenvolver em uma empresa bem avaliada.<\/p>\n<h2>Introdu\u00e7\u00e3o<\/h2>\n<p>O setor de log\u00edstica \u00e9 um dos pilares da economia, movimentando mercadorias e conectando empresas a consumidores em todo o pa\u00eds. A Mosca Log\u00edstica Ltda, empresa com boa reputa\u00e7\u00e3o na regi\u00e3o de Ribeir\u00e3o Preto\/SP, busca um Aprendiz para integrar sua equipe e apoiar as rotinas operacionais e administrativas. Esta \u00e9 uma excelente oportunidade para jovens que desejam ingressar no mercado de trabalho, adquirir experi\u00eancia pr\u00e1tica e construir uma base s\u00f3lida para a carreira profissional, com remunera\u00e7\u00e3o entre R$ 800 e R$ 900 mensais.<\/p>\n<div data-type=\"_mgwidget\" data-widget-id=\"1839050\"><\/div>\n<p><script>(function(w,q){w[q]=w[q]||[];w[q].push([\"_mgc.load\"])})(window,\"_mgq\");<\/script><\/p>\n<h2>Resumo da vaga<\/h2>\n<p>O Aprendiz atuar\u00e1 no suporte \u00e0s atividades da Mosca Log\u00edstica Ltda, auxiliando nas rotinas administrativas e operacionais conforme a necessidade da empresa. O cargo \u00e9 presencial, em Ribeir\u00e3o Preto\/SP, com sal\u00e1rio mensal entre R$ 800 e R$ 900. A descri\u00e7\u00e3o completa n\u00e3o foi disponibilizada no resumo, por isso recomendamos acessar o link oficial para conhecer todas as responsabilidades e requisitos detalhados.<\/p>\n<div data-type=\"_mgwidget\" data-widget-id=\"1839050\"><\/div>\n<p><script>(function(w,q){w[q]=w[q]||[];w[q].push([\"_mgc.load\"])})(window,\"_mgq\");<\/script><\/p>\n<h2>Resumo r\u00e1pido<\/h2>\n<table style=\"border-collapse: collapse; width: 100%; max-width: 500px; border: 1px solid #ccc;\">\n<tbody>\n<tr>\n<td style=\"border: 1px solid #ccc; padding: 8px;\"><strong>Cargo<\/strong><\/td>\n<td style=\"border: 1px solid #ccc; padding: 8px;\">Aprendiz<\/td>\n<\/tr>\n<tr>\n<td style=\"border: 1px solid #ccc; padding: 8px;\"><strong>Modelo<\/strong><\/td>\n<td style=\"border: 1px solid #ccc; padding: 8px;\">Presencial (Ribeir\u00e3o Preto\/SP)<\/td>\n<\/tr>\n<tr>\n<td style=\"border: 1px solid #ccc; padding: 8px;\"><strong>Contrata\u00e7\u00e3o<\/strong><\/td>\n<td style=\"border: 1px solid #ccc; padding: 8px;\">Aprendiz (CLT)<\/td>\n<\/tr>\n<tr>\n<td style=\"border: 1px solid #ccc; padding: 8px;\"><strong>Sal\u00e1rio<\/strong><\/td>\n<td style=\"border: 1px solid #ccc; padding: 8px;\">R$ 800,00 a R$ 900,00 por m\u00eas<\/td>\n<\/tr>\n<tr>\n<td style=\"border: 1px solid #ccc; padding: 8px;\"><strong>Escolaridade<\/strong><\/td>\n<td style=\"border: 1px solid #ccc; padding: 8px;\">N\u00e3o especificada (prov\u00e1vel ensino m\u00e9dio cursando ou completo)<\/td>\n<\/tr>\n<tr>\n<td style=\"border: 1px solid #ccc; padding: 8px;\"><strong>Local<\/strong><\/td>\n<td style=\"border: 1px solid #ccc; padding: 8px;\">Ribeir\u00e3o Preto &#8211; SP<\/td>\n<\/tr>\n<tr>\n<td style=\"border: 1px solid #ccc; padding: 8px;\"><strong>Vagas<\/strong><\/td>\n<td style=\"border: 1px solid #ccc; padding: 8px;\">N\u00e3o especificado<\/td>\n<\/tr>\n<\/tbody>\n<\/table>\n<div data-type=\"_mgwidget\" data-widget-id=\"1839050\"><\/div>\n<p><script>(function(w,q){w[q]=w[q]||[];w[q].push([\"_mgc.load\"])})(window,\"_mgq\");<\/script><\/p>\n<h2>Principais responsabilidades<\/h2>\n<p>As responsabilidades detalhadas n\u00e3o foram listadas no resumo da vaga. Em geral, aprendizes na \u00e1rea log\u00edstica costumam apoiar:<\/p>\n<ul>\n<li>Aux\u00edlio nas rotinas administrativas e operacionais;<\/li>\n<li>Apoio na confer\u00eancia e organiza\u00e7\u00e3o de documentos e mercadorias;<\/li>\n<li>Atendimento telef\u00f4nico e\/ou presencial b\u00e1sico;<\/li>\n<li>Suporte \u00e0 equipe em atividades do dia a dia;<\/li>\n<li>Lan\u00e7amento de informa\u00e7\u00f5es em planilhas e sistemas.<\/li>\n<\/ul>\n<p>Para conhecer as atribui\u00e7\u00f5es exatas, acesse a descri\u00e7\u00e3o completa no link oficial da vaga.<\/p>\n<div data-type=\"_mgwidget\" data-widget-id=\"1839050\"><\/div>\n<p><script>(function(w,q){w[q]=w[q]||[];w[q].push([\"_mgc.load\"])})(window,\"_mgq\");<\/script><\/p>\n<h2>Requisitos obrigat\u00f3rios<\/h2>\n<h3>Esperados para a posi\u00e7\u00e3o<\/h3>\n<p>Com base em vagas similares de aprendiz, os requisitos provavelmente incluem:<\/p>\n<ul>\n<li>Ter entre 14 e 24 anos (conforme Lei da Aprendizagem);<\/li>\n<li>Estar cursando ou ter conclu\u00eddo o Ensino M\u00e9dio;<\/li>\n<li>Disponibilidade para atuar em hor\u00e1rio comercial;<\/li>\n<li>Vontade de aprender e se desenvolver;<\/li>\n<li>Boa comunica\u00e7\u00e3o e organiza\u00e7\u00e3o.<\/li>\n<\/ul>\n<p>Confirme os requisitos exatos na p\u00e1gina oficial da vaga.<\/p>\n<div data-type=\"_mgwidget\" data-widget-id=\"1839050\"><\/div>\n<p><script>(function(w,q){w[q]=w[q]||[];w[q].push([\"_mgc.load\"])})(window,\"_mgq\");<\/script><\/p>\n<h2>Diferenciais<\/h2>\n<p>Interesse pela \u00e1rea de log\u00edstica; conhecimentos b\u00e1sicos em inform\u00e1tica (Pacote Office); proatividade; facilidade para trabalhar em equipe; resid\u00eancia em Ribeir\u00e3o Preto\/SP ou proximidades.<\/p>\n<div data-type=\"_mgwidget\" data-widget-id=\"1839050\"><\/div>\n<p><script>(function(w,q){w[q]=w[q]||[];w[q].push([\"_mgc.load\"])})(window,\"_mgq\");<\/script><\/p>\n<h2>Benef\u00edcios<\/h2>\n<p>Os benef\u00edcios n\u00e3o foram informados no resumo da vaga. Recomendamos consultar a descri\u00e7\u00e3o completa no link oficial para obter detalhes sobre vale-transporte, alimenta\u00e7\u00e3o, plano de sa\u00fade e outros.<\/p>\n<div data-type=\"_mgwidget\" data-widget-id=\"1839050\"><\/div>\n<p><script>(function(w,q){w[q]=w[q]||[];w[q].push([\"_mgc.load\"])})(window,\"_mgq\");<\/script><\/p>\n<h2>Sobre a empresa contratante<\/h2>\n<p>A Mosca Log\u00edstica Ltda atua no setor de log\u00edstica e transporte em Ribeir\u00e3o Preto\/SP, com boa avalia\u00e7\u00e3o de funcion\u00e1rios (nota 4.3 de 5). A empresa busca um aprendiz para integrar sua equipe, oferecendo oportunidade de desenvolvimento inicial na carreira. Para mais informa\u00e7\u00f5es sobre a cultura e atua\u00e7\u00e3o, acesse o site ou redes sociais da empresa.<\/p>\n<div data-type=\"_mgwidget\" data-widget-id=\"1839050\"><\/div>\n<p><script>(function(w,q){w[q]=w[q]||[];w[q].push([\"_mgc.load\"])})(window,\"_mgq\");<\/script><\/p>\n<h2>Localidade e modelo de trabalho<\/h2>\n<p>A vaga \u00e9 presencial, localizada em Ribeir\u00e3o Preto\/SP. O hor\u00e1rio de trabalho n\u00e3o foi informado no resumo, mas costuma seguir a jornada de aprendizagem (4 a 6 horas di\u00e1rias). Verifique essas informa\u00e7\u00f5es na descri\u00e7\u00e3o completa.<\/p>\n<div data-type=\"_mgwidget\" data-widget-id=\"1839050\"><\/div>\n<p><script>(function(w,q){w[q]=w[q]||[];w[q].push([\"_mgc.load\"])})(window,\"_mgq\");<\/script><\/p>\n<h2>Perguntas frequentes (FAQ)<\/h2>\n<p><strong>Qual \u00e9 o sal\u00e1rio da vaga?<\/strong><br \/>\nO sal\u00e1rio informado \u00e9 de R$ 800 a R$ 900 por m\u00eas.<\/p>\n<p><strong>Onde fica a vaga?<\/strong><br \/>\nEm Ribeir\u00e3o Preto, S\u00e3o Paulo.<\/p>\n<p><strong>Quais s\u00e3o os requisitos?<\/strong><br \/>\nOs requisitos completos n\u00e3o foram divulgados no resumo; acesse o link oficial para mais detalhes.<\/p>\n<p><strong>O trabalho \u00e9 remoto?<\/strong><br \/>\nN\u00e3o, a vaga \u00e9 presencial em Ribeir\u00e3o Preto\/SP.<\/p>\n<p><strong>Como me candidatar?<\/strong><br \/>\nClique no bot\u00e3o &#8220;Candidatar-se agora&#8221; abaixo para ser redirecionado \u00e0 p\u00e1gina da vaga no Indeed.<\/p>\n<div data-type=\"_mgwidget\" data-widget-id=\"1839050\"><\/div>\n<p><script>(function(w,q){w[q]=w[q]||[];w[q].push([\"_mgc.load\"])})(window,\"_mgq\");<\/script><\/p>\n<h2>Como se candidatar<\/h2>\n<div data-type=\"_mgwidget\" data-widget-id=\"1839050\"><\/div>\n<p><script>(function(w,q){w[q]=w[q]||[];w[q].push([\"_mgc.load\"])})(window,\"_mgq\");<\/script><\/p>\n<p>Os interessados devem seguir o passo a passo abaixo para se candidatar \u00e0 vaga:<\/p>\n<ol>\n<li><strong>Acesse a plataforma de recrutamento:<\/strong> Clique no link oficial da vaga para ser redirecionado \u00e0 p\u00e1gina de candidatura.<\/li>\n<li><strong>Crie seu perfil (se necess\u00e1rio):<\/strong> Caso a plataforma exija, fa\u00e7a um cadastro r\u00e1pido com e-mail e senha.<\/li>\n<li><strong>Preencha os dados solicitados:<\/strong> Informe suas informa\u00e7\u00f5es pessoais, forma\u00e7\u00e3o acad\u00eamica e disponibilidade.<\/li>\n<\/ol>\n<div data-type=\"_mgwidget\" data-widget-id=\"1839050\"><\/div>\n<p><script>(function(w,q){w[q]=w[q]||[];w[q].push([\"_mgc.load\"])})(window,\"_mgq\");<\/script><\/p>\n<ol start=\"4\">\n<li><strong>Envie seu curr\u00edculo atualizado:<\/strong> Anexe o arquivo em formato PDF ou Word.<\/li>\n<li><strong>Finalize a candidatura:<\/strong> Revise os dados e clique em &#8220;Enviar&#8221; ou &#8220;Candidatar-se&#8221;.<\/li>\n<li><strong>Acompanhe o processo:<\/strong> Fique atento ao seu e-mail ou \u00e0 plataforma para retorno da empresa.<\/li>\n<\/ol>\n<div data-type=\"_mgwidget\" data-widget-id=\"1839050\"><\/div>\n<p><script>(function(w,q){w[q]=w[q]||[];w[q].push([\"_mgc.load\"])})(window,\"_mgq\");<\/script><\/p>\n<p><strong>N\u00e3o perca essa oportunidade!<\/strong> Clique no bot\u00e3o abaixo e candidate-se agora.<\/p>\n<p style=\"text-align: center; margin: 20px 0;\"><a style=\"background-color: #2e7d32; color: white; padding: 12px 25px; text-decoration: none; border-radius: 5px; display: inline-block; font-weight: bold;\" href=\"https:\/\/br.indeed.com\/viewjob?jk=12245ba90f287e5d&amp;from=shareddesktop_copy\" target=\"_blank\" rel=\"nofollow sponsored noopener\">\u2705 Candidatar-se agora<\/a><\/p>\n<p style=\"font-size: 14px; color: #666; background-color: #f9f9f9; padding: 12px; border-left: 4px solid #f44336;\">\u26a0\ufe0f <strong>Alerta de seguran\u00e7a:<\/strong> Nunca pague por promessas de emprego. O Ismael Colosi n\u00e3o cobra nada dos candidatos.<\/p>\n<p style=\"font-size: 14px; color: #666; background-color: #fff3cd; padding: 12px; border-left: 4px solid #ffc107; margin: 0;\">\u26a0\ufe0f <strong>Aviso importante:<\/strong> As vagas divulgadas neste portal s\u00e3o de responsabilidade dos anunciantes e podem ser retiradas do ar a qualquer momento, sem aviso pr\u00e9vio, por decis\u00e3o do empregador. Recomendamos que os candidatos verifiquem a disponibilidade da vaga no link oficial antes de iniciar o processo seletivo.<\/p>\n<h2>Leia tamb\u00e9m<\/h2>\n<ul>\n<li><a href=\"https:\/\/ismaelcolosi.com.br\/index.php\/category\/empregos-classificados-vagas-trabalho\/vagas-de-empregos-em-ribeirao-preto-regiao-brasil\/vagas-de-emprego-para-trabalhar-de-casa-home-office-remoto\/\">Todas as vagas remotas<\/a><\/li>\n<li><a href=\"https:\/\/api.whatsapp.com\/send?phone=5516991268411&amp;text=Ol%C3%A1%20*Ismael%20Colosi*%20%2C%20me%20coloque%20no%20grupo%20de%20empregos%20por%20favor%0A%0A\" target=\"_blank\" rel=\"noopener\">Grupo de empregos Home Office no WhatsApp<\/a><\/li>\n<\/ul>\n<p><em>Esta vaga foi selecionada pelo portal Ismael Colosi com base nos crit\u00e9rios de transpar\u00eancia salarial e acessibilidade de escolaridade para trabalho remoto.<\/em><\/p>\n<p><strong>Sobre o portal Ismael Colosi:<\/strong> O Ismael Colosi \u00e9 um portal de empregos que conecta profissionais a oportunidades de trabalho em todo o Brasil. Selecionamos vagas com transpar\u00eancia salarial e acessibilidade para todos os n\u00edveis de escolaridade.<\/p>\n<p style=\"font-size: 12px; color: #888; margin-top: 20px;\">\ud83d\udce2 <strong>Aviso Legal:<\/strong> O site ismaelcolosi.com.br atua apenas como um canal de divulga\u00e7\u00e3o de oportunidades de emprego e n\u00e3o se responsabiliza pelo processo seletivo, contrata\u00e7\u00e3o ou qualquer outra etapa relacionada \u00e0s vagas publicadas. Todas as informa\u00e7\u00f5es s\u00e3o de responsabilidade dos anunciantes.<\/p>\n<p><strong>Palavras-chave:<\/strong> Aprendiz, Mosca Log\u00edstica, Ribeir\u00e3o Preto, log\u00edstica, primeiro emprego, aprendizagem, sal\u00e1rio R$ 800 a R$ 900.<\/p>\n<p><script type=\"application\/ld+json\">\n{\n\"@context\":\"https:\/\/schema.org\",\n\"@type\":\"JobPosting\",\n\"title\":\"Aprendiz - Mosca Log\u00edstica Ltda | Ribeir\u00e3o Preto\/SP \u2013 Aprendiz \u2013 R$ 800 a R$ 900\/m\u00eas \u2013 Escolaridade n\u00e3o especificada\",\n\"description\":\"Vaga de Aprendiz na Mosca Log\u00edstica Ltda em Ribeir\u00e3o Preto\/SP. Sal\u00e1rio mensal entre R$ 800 e R$ 900. Atua\u00e7\u00e3o presencial em rotinas administrativas e operacionais. Detalhes completos no link oficial.\",\n\"datePosted\":\"2026-09-02\",\n\"dateModified\":\"2026-09-02\",\n\"validThrough\":\"2026-10-02\",\n\"employmentType\":\"APPRENTICE\",\n\"hiringOrganization\":{\"@type\":\"Organization\",\"name\":\"Mosca Log\u00edstica Ltda\",\"sameAs\":\"\"},\n\"jobLocation\":{\"@type\":\"Place\",\"address\":{\"@type\":\"PostalAddress\",\"addressLocality\":\"Ribeir\u00e3o Preto\",\"addressRegion\":\"SP\",\"addressCountry\":\"BR\"}},\n\"baseSalary\":{\"@type\":\"MonetaryAmount\",\"currency\":\"BRL\",\"value\":{\"@type\":\"QuantitativeValue\",\"minValue\":800,\"maxValue\":900,\"unitText\":\"MONTH\"}},\n\"salaryCurrency\":\"BRL\",\n\"jobBenefits\":\"N\u00e3o informados\",\n\"responsibilities\":\"Auxiliar nas rotinas administrativas e operacionais; apoiar a equipe; atividades t\u00edpicas de aprendiz.\",\n\"qualifications\":\"Idade entre 14 e 24 anos (prov\u00e1vel); Ensino m\u00e9dio cursando ou completo (prov\u00e1vel); Disponibilidade presencial.\",\n\"educationRequirements\":{\"@type\":\"EducationalOccupationalCredential\",\"credentialCategory\":\"N\u00e3o especificada\"},\n\"occupationalCategory\":\"43-0000\",\n\"industry\":\"Log\u00edstica\",\n\"workHours\":\"N\u00e3o informado\",\n\"employmentUnit\":{\"@type\":\"Organization\",\"name\":\"Opera\u00e7\u00f5es\/Administrativo\"},\n\"incentiveCompensation\":\"Nenhum\",\n\"totalJobOpenings\":\"N\u00e3o especificado\",\n\"url\":\"https:\/\/ismaelcolosi.com.br\/aprendiz-mosca-logistica-ribeirao-preto\/\"\n}\n<\/script><\/p>\n<div class='code-block code-block-4' style='margin: 8px auto 8px 0; text-align: left; display: block; clear: both;'>\n\ud83d\udce2 Aviso Legal\n\nO site ismaelcolosi.com.br atua apenas como um canal de divulga\u00e7\u00e3o de oportunidades de emprego e n\u00e3o se responsabiliza pelo processo seletivo, contrata\u00e7\u00e3o ou qualquer outra etapa relacionada \u00e0s vagas publicadas. Todas as informa\u00e7\u00f5es s\u00e3o de responsabilidade dos anunciantes.\n\n\u26a0\ufe0f Aten\u00e7\u00e3o! Nunca pague por promessas de emprego nem compre cursos que garantam contrata\u00e7\u00e3o. Desconfie de qualquer cobran\u00e7a para participar de sele\u00e7\u00f5es.\n\n\n\n<\/div>\n<!-- CONTENT END 1 -->\n","protected":false},"excerpt":{"rendered":"<p>\u270d\ufe0f Ismael ColosiHeadhunter | R&amp;S | Mutir\u00e3o do Emprego Especialista em recrutamento e sele\u00e7\u00e3o com mais de 10 anos de experi\u00eancia. Headhunter com atua\u00e7\u00e3o em Ribeir\u00e3o Preto-SP e todo Brasil; fundador e presidente do iBEE &#8211; Instituto Brasileiro do Emprego e Empreendedorismo. \ud83d\udd17 LinkedIn \ud83d\udcf8 Instagram \ud83d\udc4d Facebook \ud83c\udf3f Linktree \ud83d\udcac WhatsApp \ud83d\udcc5 Atualizado em:&hellip;&nbsp;<\/p>\n","protected":false},"author":5,"featured_media":89930,"comment_status":"closed","ping_status":"closed","sticky":false,"template":"","format":"standard","meta":{"_uag_custom_page_level_css":"","neve_meta_sidebar":"","neve_meta_container":"","neve_meta_enable_content_width":"off","neve_meta_content_width":70,"neve_meta_title_alignment":"","neve_meta_author_avatar":"","neve_post_elements_order":"","neve_meta_disable_header":"","neve_meta_disable_footer":"","neve_meta_disable_title":"","_jetpack_newsletter_access":"","_jetpack_dont_email_post_to_subs":false,"_jetpack_newsletter_tier_id":0,"_jetpack_memberships_contains_paywalled_content":false,"_jetpack_memberships_contains_paid_content":false,"footnotes":""},"categories":[7],"tags":[],"class_list":["post-91675","post","type-post","status-publish","format-standard","has-post-thumbnail","hentry","category-vagas-de-empregos-em-ribeirao-preto-regiao-brasil"],"uagb_featured_image_src":{"full":["https:\/\/i0.wp.com\/ismaelcolosi.com.br\/wp-content\/uploads\/2026\/04\/1776800017_a3e97088f30f8acd4c21ea69ffbecb43.jpg?fit=1080%2C981&ssl=1",1080,981,false],"thumbnail":["https:\/\/i0.wp.com\/ismaelcolosi.com.br\/wp-content\/uploads\/2026\/04\/1776800017_a3e97088f30f8acd4c21ea69ffbecb43.jpg?resize=150%2C150&ssl=1",150,150,true],"medium":["https:\/\/i0.wp.com\/ismaelcolosi.com.br\/wp-content\/uploads\/2026\/04\/1776800017_a3e97088f30f8acd4c21ea69ffbecb43.jpg?fit=300%2C273&ssl=1",300,273,true],"medium_large":["https:\/\/i0.wp.com\/ismaelcolosi.com.br\/wp-content\/uploads\/2026\/04\/1776800017_a3e97088f30f8acd4c21ea69ffbecb43.jpg?fit=768%2C698&ssl=1",768,698,true],"large":["https:\/\/i0.wp.com\/ismaelcolosi.com.br\/wp-content\/uploads\/2026\/04\/1776800017_a3e97088f30f8acd4c21ea69ffbecb43.jpg?fit=1024%2C930&ssl=1",1024,930,true],"1536x1536":["https:\/\/i0.wp.com\/ismaelcolosi.com.br\/wp-content\/uploads\/2026\/04\/1776800017_a3e97088f30f8acd4c21ea69ffbecb43.jpg?fit=1080%2C981&ssl=1",1080,981,true],"2048x2048":["https:\/\/i0.wp.com\/ismaelcolosi.com.br\/wp-content\/uploads\/2026\/04\/1776800017_a3e97088f30f8acd4c21ea69ffbecb43.jpg?fit=1080%2C981&ssl=1",1080,981,true],"neve-blog":["https:\/\/i0.wp.com\/ismaelcolosi.com.br\/wp-content\/uploads\/2026\/04\/1776800017_a3e97088f30f8acd4c21ea69ffbecb43.jpg?resize=930%2C620&ssl=1",930,620,true]},"uagb_author_info":{"display_name":"Arthur Tijolo","author_link":"https:\/\/ismaelcolosi.com.br\/author\/autor-2024\/"},"uagb_comment_info":0,"uagb_excerpt":"\u270d\ufe0f Ismael ColosiHeadhunter | R&amp;S | Mutir\u00e3o do Emprego Especialista em recrutamento e sele\u00e7\u00e3o com mais de 10 anos de experi\u00eancia. Headhunter com atua\u00e7\u00e3o em Ribeir\u00e3o Preto-SP e todo Brasil; fundador e presidente do iBEE &#8211; Instituto Brasileiro do Emprego e Empreendedorismo. \ud83d\udd17 LinkedIn \ud83d\udcf8 Instagram \ud83d\udc4d Facebook \ud83c\udf3f Linktree \ud83d\udcac WhatsApp \ud83d\udcc5 Atualizado em:&hellip;&nbsp;","jetpack-related-posts":[{"id":78504,"url":"https:\/\/ismaelcolosi.com.br\/index.php\/2024\/12\/05\/classificados-de-empregos-vagas-de-empregos-em-ribeirao-preto-sp-veja-agora-19\/","url_meta":{"origin":91675,"position":0},"title":"Classificados de empregos: vagas de empregos em Ribeir\u00e3o Preto-SP, veja agora","author":"ismaelcolosi.com.br","date":"5 de Dezembro de 2024","format":false,"excerpt":"Assistente Administrativo-Financeiro Ribeir\u00e3o Preto - SP Presencial Per\u00edodo Integral 1 Posi\u00e7\u00e3o Efetivo \u2013 CLT R$ 2.000,00 - R$ 2.500,00 04 dez Coordenador de Suporte ERP Ribeir\u00e3o Preto - SP H\u00edbrido Per\u00edodo Integral 1 Posi\u00e7\u00e3o Prestador de Servi\u00e7os (PJ) R$ 5.500,00 - R$ 6.000,00 04 dez Analista de Licita\u00e7\u00e3o Ribeir\u00e3o Preto\u2026","rel":"","context":"In &quot;Blog&quot;","block_context":{"text":"Blog","link":"https:\/\/ismaelcolosi.com.br\/index.php\/category\/blog\/"},"img":{"alt_text":"","src":"","width":0,"height":0},"classes":[]},{"id":79370,"url":"https:\/\/ismaelcolosi.com.br\/index.php\/2024\/12\/15\/classificados-de-empregos-vagas-de-empregos-em-ribeirao-preto-sp-veja-agora-20\/","url_meta":{"origin":91675,"position":1},"title":"Classificados de empregos: vagas de empregos em Ribeir\u00e3o Preto-SP, veja agora","author":"ismaelcolosi.com.br","date":"15 de Dezembro de 2024","format":false,"excerpt":"Assistente de Departamento Pessoal Ribeir\u00e3o Preto - SP Presencial Per\u00edodo Integral 1 Posi\u00e7\u00e3o Efetivo \u2013 CLT R$ 2.500,00 - R$ 3.000,00 12 dez ANALISTA | L\u00cdDER DE MARKETING DIGITAL Ribeir\u00e3o Preto - SP Presencial Per\u00edodo Integral 1 Posi\u00e7\u00e3o Efetivo \u2013 CLT R$ 4.000,00 - R$ 5.000,00 12 dez Assistente Administrativo-Financeiro\u2026","rel":"","context":"In &quot;Blog&quot;","block_context":{"text":"Blog","link":"https:\/\/ismaelcolosi.com.br\/index.php\/category\/blog\/"},"img":{"alt_text":"","src":"","width":0,"height":0},"classes":[]},{"id":77480,"url":"https:\/\/ismaelcolosi.com.br\/index.php\/2024\/11\/25\/classificados-de-empregos-vagas-de-empregos-em-ribeirao-preto-sp-veja-agora-18\/","url_meta":{"origin":91675,"position":2},"title":"Classificados de empregos: vagas de empregos em Ribeir\u00e3o Preto-SP, veja agora","author":"ismaelcolosi.com.br","date":"25 de Novembro de 2024","format":false,"excerpt":"Auxiliar de projetos (desenhos) Sert\u00e3ozinho - SP Presencial Per\u00edodo Integral 1 Posi\u00e7\u00e3o Efetivo \u2013 CLT R$ 2.000,00 - R$ 2.500,00 25 nov Vendedora Shopping Santa \u00darsula Ribeir\u00e3o Preto - SP Presencial Parcial manh\u00e3s 3 Vagas Efetivo \u2013 CLT R$ 2.000,00 - R$ 4.000,00 25 nov Atendente de Restaurante- Shopping Iguatemi\u2026","rel":"","context":"In &quot;Blog&quot;","block_context":{"text":"Blog","link":"https:\/\/ismaelcolosi.com.br\/index.php\/category\/blog\/"},"img":{"alt_text":"","src":"","width":0,"height":0},"classes":[]},{"id":76684,"url":"https:\/\/ismaelcolosi.com.br\/index.php\/2024\/11\/15\/classificados-de-empregos-vagas-de-empregos-em-ribeirao-preto-sp-veja-agora-17\/","url_meta":{"origin":91675,"position":3},"title":"Classificados de empregos: vagas de empregos em Ribeir\u00e3o Preto-SP, veja agora","author":"ismaelcolosi.com.br","date":"15 de Novembro de 2024","format":false,"excerpt":"Desenvolvedor IA (Python \/ Vis\u00e3o Computacional) Ribeir\u00e3o Preto - SP Home Office Per\u00edodo Integral 1 Posi\u00e7\u00e3o Prestador de Servi\u00e7os (PJ) 11 nov Desenvolvedor IA (Python \/ Vis\u00e3o Computacional) Ribeir\u00e3o Preto - SP Home Office Per\u00edodo Integral 1 Posi\u00e7\u00e3o Prestador de Servi\u00e7os (PJ) 11 nov Oficial de produ\u00e7\u00e3o Ribeir\u00e3o Preto -\u2026","rel":"","context":"In &quot;Blog&quot;","block_context":{"text":"Blog","link":"https:\/\/ismaelcolosi.com.br\/index.php\/category\/blog\/"},"img":{"alt_text":"","src":"","width":0,"height":0},"classes":[]},{"id":75361,"url":"https:\/\/ismaelcolosi.com.br\/index.php\/2024\/11\/05\/classificados-de-empregos-vagas-de-empregos-em-ribeirao-preto-sp-veja-agora-16\/","url_meta":{"origin":91675,"position":4},"title":"Classificados de empregos: vagas de empregos em Ribeir\u00e3o Preto-SP, veja agora","author":"ismaelcolosi.com.br","date":"5 de Novembro de 2024","format":false,"excerpt":"Encanador Ribeir\u00e3o Preto - SP Presencial Per\u00edodo Integral 1 Posi\u00e7\u00e3o Efetivo \u2013 CLT R$ 2.000,00 - R$ 2.200,00 31 out Assistente de Suporte Ribeir\u00e3o Preto - SP Presencial Per\u00edodo Integral 1 Posi\u00e7\u00e3o Efetivo \u2013 CLT R$ 1.500,00 - R$ 2.000,00 31 out Assistente Fiscal Ribeir\u00e3o Preto - SP Presencial Per\u00edodo\u2026","rel":"","context":"In &quot;Blog&quot;","block_context":{"text":"Blog","link":"https:\/\/ismaelcolosi.com.br\/index.php\/category\/blog\/"},"img":{"alt_text":"","src":"","width":0,"height":0},"classes":[]},{"id":80414,"url":"https:\/\/ismaelcolosi.com.br\/index.php\/2024\/12\/23\/classificados-de-empregos-vagas-de-empregos-em-ribeirao-preto-sp-veja-agora-21\/","url_meta":{"origin":91675,"position":5},"title":"Classificados de empregos: vagas de empregos em Ribeir\u00e3o Preto-SP, veja agora","author":"ismaelcolosi.com.br","date":"23 de Dezembro de 2024","format":false,"excerpt":"Auxiliar Administrativo Ribeir\u00e3o Preto - SP Presencial Per\u00edodo Integral 1 Posi\u00e7\u00e3o Efetivo \u2013 CLT R$ 1.800,00 - R$ 2.000,00 23 dez Analista de PCP Ribeir\u00e3o Preto - SP Presencial Per\u00edodo Integral 1 Posi\u00e7\u00e3o Efetivo \u2013 CLT 18 dez Analista de Recursos Humanos Generalista (S\u00eanior) Ribeir\u00e3o Preto - SP Presencial Per\u00edodo\u2026","rel":"","context":"In &quot;Blog&quot;","block_context":{"text":"Blog","link":"https:\/\/ismaelcolosi.com.br\/index.php\/category\/blog\/"},"img":{"alt_text":"","src":"","width":0,"height":0},"classes":[]}],"jetpack_sharing_enabled":true,"jetpack_shortlink":"https:\/\/wp.me\/pfMlyK-nQD","jetpack_featured_media_url":"https:\/\/i0.wp.com\/ismaelcolosi.com.br\/wp-content\/uploads\/2026\/04\/1776800017_a3e97088f30f8acd4c21ea69ffbecb43.jpg?fit=1080%2C981&ssl=1","_links":{"self":[{"href":"https:\/\/ismaelcolosi.com.br\/index.php\/wp-json\/wp\/v2\/posts\/91675","targetHints":{"allow":["GET"]}}],"collection":[{"href":"https:\/\/ismaelcolosi.com.br\/index.php\/wp-json\/wp\/v2\/posts"}],"about":[{"href":"https:\/\/ismaelcolosi.com.br\/index.php\/wp-json\/wp\/v2\/types\/post"}],"author":[{"embeddable":true,"href":"https:\/\/ismaelcolosi.com.br\/index.php\/wp-json\/wp\/v2\/users\/5"}],"replies":[{"embeddable":true,"href":"https:\/\/ismaelcolosi.com.br\/index.php\/wp-json\/wp\/v2\/comments?post=91675"}],"version-history":[{"count":2,"href":"https:\/\/ismaelcolosi.com.br\/index.php\/wp-json\/wp\/v2\/posts\/91675\/revisions"}],"predecessor-version":[{"id":91677,"href":"https:\/\/ismaelcolosi.com.br\/index.php\/wp-json\/wp\/v2\/posts\/91675\/revisions\/91677"}],"wp:featuredmedia":[{"embeddable":true,"href":"https:\/\/ismaelcolosi.com.br\/index.php\/wp-json\/wp\/v2\/media\/89930"}],"wp:attachment":[{"href":"https:\/\/ismaelcolosi.com.br\/index.php\/wp-json\/wp\/v2\/media?parent=91675"}],"wp:term":[{"taxonomy":"category","embeddable":true,"href":"https:\/\/ismaelcolosi.com.br\/index.php\/wp-json\/wp\/v2\/categories?post=91675"},{"taxonomy":"post_tag","embeddable":true,"href":"https:\/\/ismaelcolosi.com.br\/index.php\/wp-json\/wp\/v2\/tags?post=91675"}],"curies":[{"name":"wp","href":"https:\/\/api.w.org\/{rel}","templated":true}]}}