{"id":91673,"date":"2026-09-02T13:56:20","date_gmt":"2026-09-02T16:56:20","guid":{"rendered":"https:\/\/ismaelcolosi.com.br\/?p=91673"},"modified":"2026-09-02T13:56:20","modified_gmt":"2026-09-02T16:56:20","slug":"aprendiz-administrativo-presencial-ribeirao-preto-area-administrativa","status":"publish","type":"post","link":"https:\/\/ismaelcolosi.com.br\/index.php\/2026\/09\/02\/aprendiz-administrativo-presencial-ribeirao-preto-area-administrativa\/","title":{"rendered":"Aprendiz Administrativo \u2013 Presencial \u2013 Ribeir\u00e3o Preto \u2013 \u00c1rea administrativa"},"content":{"rendered":"<style>\nh2{margin-top:40px;}<br \/>\np,li,td,th,div{font-size:18px;line-height:1.8;}<br \/>\n<\/style>\n<h1><\/h1>\n<div style=\"background: linear-gradient(135deg,#f5f5f5 0%,#e8f5e9 100%); padding: 12px 18px; border-radius: 10px; border-left: 5px solid #2e7d32; margin: 15px 0 20px 0; display: flex; align-items: center; gap: 14px; flex-wrap: wrap; box-shadow: 0 1px 4px rgba(0,0,0,0.06);\">\n<div style=\"flex-shrink: 0;\"><img data-recalc-dims=\"1\" loading=\"lazy\" decoding=\"async\" style=\"width: 60px; height: 60px; border-radius: 50%; border: 2px solid #2e7d32; object-fit: cover;\" src=\"https:\/\/i0.wp.com\/ismaelcolosi.com.br\/wp-content\/uploads\/2026\/07\/ismael-colosi-foto-perfil-2025.jpeg?resize=60%2C60&#038;ssl=1\" alt=\"Ismael Colosi - Headhunter\" width=\"60\" height=\"60\" \/><\/div>\n<div style=\"flex: 1; min-width: 180px;\">\n<div style=\"display: flex; align-items: center; gap: 10px; flex-wrap: wrap;\"><span style=\"font-weight: bold; font-size: 16px; color: #1b5e20;\">\u270d\ufe0f Ismael Colosi<\/span><span style=\"font-size: 12px; color: #2e7d32; font-weight: 500;\">Headhunter | R&amp;S | Mutir\u00e3o do Emprego<\/span><\/div>\n<p style=\"margin: 3px 0 0 0; font-size: 15px; color: #555; line-height: 1.4;\">Especialista em recrutamento e sele\u00e7\u00e3o com mais de 10 anos de experi\u00eancia. Headhunter com atua\u00e7\u00e3o em Ribeir\u00e3o Preto-SP e todo Brasil; fundador e presidente do iBEE &#8211; Instituto Brasileiro do Emprego e Empreendedorismo.<\/p>\n<div style=\"margin-top: 4px; display: flex; gap: 6px; flex-wrap: wrap;\"><a style=\"background: #0a66c2; color: white; padding: 3px 10px; border-radius: 14px; text-decoration: none; font-size: 11px; display: inline-flex; align-items: center; gap: 4px;\" href=\"https:\/\/www.linkedin.com\/in\/ismael-colosi\/\" target=\"_blank\" rel=\"noopener noreferrer\">\ud83d\udd17 LinkedIn<\/a><br \/>\n<a style=\"background: linear-gradient(45deg,#f09433,#e6683c,#dc2743,#cc2366,#bc1888); color: white; padding: 3px 10px; border-radius: 14px; text-decoration: none; font-size: 11px; display: inline-flex; align-items: center; gap: 4px;\" href=\"https:\/\/www.instagram.com\/ismaelcolosi\/\" target=\"_blank\" rel=\"noopener noreferrer\">\ud83d\udcf8 Instagram<\/a><br \/>\n<a style=\"background: #1877f2; color: white; padding: 3px 10px; border-radius: 14px; text-decoration: none; font-size: 11px; display: inline-flex; align-items: center; gap: 4px;\" href=\"https:\/\/www.facebook.com\/ISMAELCOLOSI2025\" target=\"_blank\" rel=\"noopener noreferrer\">\ud83d\udc4d Facebook<\/a><br \/>\n<a style=\"background: #00b4d8; color: white; padding: 3px 10px; border-radius: 14px; text-decoration: none; font-size: 11px; display: inline-flex; align-items: center; gap: 4px;\" href=\"https:\/\/linktr.ee\/Ismael_Colosi\" target=\"_blank\" rel=\"noopener noreferrer\">\ud83c\udf3f Linktree<\/a><br \/>\n<a style=\"background: #25d366; color: white; padding: 3px 10px; border-radius: 14px; text-decoration: none; font-size: 11px; display: inline-flex; align-items: center; gap: 4px;\" href=\"https:\/\/wa.me\/5516991268411\" target=\"_blank\" rel=\"noopener noreferrer\">\ud83d\udcac WhatsApp<\/a><\/div>\n<\/div>\n<\/div>\n<p><strong>\ud83d\udcc5 Atualizado em:<\/strong> 26 de agosto de 2026<\/p>\n<p><strong>\ud83c\udfaf P\u00fablico-alvo:<\/strong> Jovens entre 14 e 24 anos, com ensino m\u00e9dio completo ou cursando, que buscam o primeiro emprego e desejam atuar na \u00e1rea administrativa em uma das maiores redes de autope\u00e7as do Brasil. Ideal para quem tem proatividade, organiza\u00e7\u00e3o e vontade de aprender.<\/p>\n<h2>Introdu\u00e7\u00e3o<\/h2>\n<p>O setor de autope\u00e7as \u00e9 essencial para a mobilidade brasileira, e a Fortbras, holding que re\u00fane marcas como Pegasus, \u00e9 uma das empresas que mais crescem nesse segmento. A vaga de Aprendiz Administrativo oferece a oportunidade de ingressar em um ambiente din\u00e2mico, com suporte ao time administrativo, log\u00edstico ou comercial. Com atua\u00e7\u00e3o presencial em uma das lojas da rede Pegasus, o aprendiz ter\u00e1 contato com rotinas de atendimento, organiza\u00e7\u00e3o de documentos e suporte \u00e0 equipe, desenvolvendo compet\u00eancias importantes para sua trajet\u00f3ria profissional.<\/p>\n<div data-type=\"_mgwidget\" data-widget-id=\"1839050\"><\/div>\n<p><script>(function(w,q){w[q]=w[q]||[];w[q].push([\"_mgc.load\"])})(window,\"_mgq\");\n<\/script><\/p>\n<h2>Resumo da vaga<\/h2>\n<p>O Aprendiz Administrativo realizar\u00e1 atendimento telef\u00f4nico e\/ou presencial, organiza\u00e7\u00e3o e arquivamento de processos e documentos, e dar\u00e1 suporte ao gestor e \u00e0 equipe administrativa, log\u00edstica ou comercial. A vaga \u00e9 presencial, com contrato de aprendizagem (CLT), e exige ensino m\u00e9dio completo ou cursando, idade entre 14 e 24 anos, proatividade, aten\u00e7\u00e3o, organiza\u00e7\u00e3o e trabalho em equipe.<\/p>\n<div data-type=\"_mgwidget\" data-widget-id=\"1839050\"><\/div>\n<p><script>(function(w,q){w[q]=w[q]||[];w[q].push([\"_mgc.load\"])})(window,\"_mgq\");\n<\/script><\/p>\n<h2>Resumo r\u00e1pido<\/h2>\n<table style=\"border-collapse: collapse; width: 100%; max-width: 500px; border: 1px solid #ccc;\">\n<tbody>\n<tr>\n<td style=\"border: 1px solid #ccc; padding: 8px;\"><strong>Cargo<\/strong><\/td>\n<td style=\"border: 1px solid #ccc; padding: 8px;\">Aprendiz Administrativo<\/td>\n<\/tr>\n<tr>\n<td style=\"border: 1px solid #ccc; padding: 8px;\"><strong>Modelo<\/strong><\/td>\n<td style=\"border: 1px solid #ccc; padding: 8px;\">Presencial<\/td>\n<\/tr>\n<tr>\n<td style=\"border: 1px solid #ccc; padding: 8px;\"><strong>Contrata\u00e7\u00e3o<\/strong><\/td>\n<td style=\"border: 1px solid #ccc; padding: 8px;\">CLT &#8211; Contrato de Aprendizagem<\/td>\n<\/tr>\n<tr>\n<td style=\"border: 1px solid #ccc; padding: 8px;\"><strong>Sal\u00e1rio<\/strong><\/td>\n<td style=\"border: 1px solid #ccc; padding: 8px;\">N\u00e3o divulgado<\/td>\n<\/tr>\n<tr>\n<td style=\"border: 1px solid #ccc; padding: 8px;\"><strong>Escolaridade<\/strong><\/td>\n<td style=\"border: 1px solid #ccc; padding: 8px;\">Ensino m\u00e9dio completo ou cursando<\/td>\n<\/tr>\n<tr>\n<td style=\"border: 1px solid #ccc; padding: 8px;\"><strong>Local<\/strong><\/td>\n<td style=\"border: 1px solid #ccc; padding: 8px;\">N\u00e3o especificado (loja Pegasus a definir)<\/td>\n<\/tr>\n<tr>\n<td style=\"border: 1px solid #ccc; padding: 8px;\"><strong>Vagas<\/strong><\/td>\n<td style=\"border: 1px solid #ccc; padding: 8px;\">N\u00e3o especificado<\/td>\n<\/tr>\n<\/tbody>\n<\/table>\n<div data-type=\"_mgwidget\" data-widget-id=\"1839050\"><\/div>\n<p><script>(function(w,q){w[q]=w[q]||[];w[q].push([\"_mgc.load\"])})(window,\"_mgq\");\n<\/script><\/p>\n<h2>Principais responsabilidades<\/h2>\n<ul>\n<li>Atendimento telef\u00f4nico e\/ou presencial;<\/li>\n<li>Organiza\u00e7\u00e3o e arquivamento de processos e documentos;<\/li>\n<li>Suporte ao Gestor e \u00e0 equipe administrativa\/log\u00edstica ou comercial.<\/li>\n<\/ul>\n<div data-type=\"_mgwidget\" data-widget-id=\"1839050\"><\/div>\n<p><script>(function(w,q){w[q]=w[q]||[];w[q].push([\"_mgc.load\"])})(window,\"_mgq\");\n<\/script><\/p>\n<h2>Requisitos obrigat\u00f3rios<\/h2>\n<h3>Idade e escolaridade<\/h3>\n<p>Ensino m\u00e9dio completo ou cursando; ter entre 14 e 24 anos de idade.<\/p>\n<h3>Habilidades comportamentais<\/h3>\n<p>Proatividade; aten\u00e7\u00e3o; organiza\u00e7\u00e3o; trabalho em equipe.<\/p>\n<div data-type=\"_mgwidget\" data-widget-id=\"1839050\"><\/div>\n<p><script>(function(w,q){w[q]=w[q]||[];w[q].push([\"_mgc.load\"])})(window,\"_mgq\");\n<\/script><\/p>\n<h2>Diferenciais<\/h2>\n<p>Interesse pelo setor de autope\u00e7as; boa comunica\u00e7\u00e3o; familiaridade com inform\u00e1tica; facilidade para lidar com atendimento ao p\u00fablico.<\/p>\n<div data-type=\"_mgwidget\" data-widget-id=\"1839050\"><\/div>\n<p><script>(function(w,q){w[q]=w[q]||[];w[q].push([\"_mgc.load\"])})(window,\"_mgq\");\n<\/script><\/p>\n<h2>Benef\u00edcios<\/h2>\n<p>A empresa n\u00e3o informou a lista de benef\u00edcios para esta posi\u00e7\u00e3o. Recomenda-se consultar diretamente na p\u00e1gina da vaga ou durante o processo seletivo.<\/p>\n<div data-type=\"_mgwidget\" data-widget-id=\"1839050\"><\/div>\n<p><script>(function(w,q){w[q]=w[q]||[];w[q].push([\"_mgc.load\"])})(window,\"_mgq\");\n<\/script><\/p>\n<h2>Sobre a empresa contratante<\/h2>\n<p>A Fortbras \u00e9 uma das empresas que mais cresce no setor de autope\u00e7as no Brasil, investida do fundo de private equity Advent International. Formada por 17 marcas regionais, incluindo a Pegasus, atua na consolida\u00e7\u00e3o e profissionaliza\u00e7\u00e3o do mercado de autope\u00e7as com foco no varejo, com mais de 200 lojas em 20 estados e mais de 160 cidades. Seus valores incluem \u00e9tica e respeito, valoriza\u00e7\u00e3o das pessoas, excel\u00eancia com simplicidade, paix\u00e3o em tudo que faz, foco no cliente e senso de dono. A empresa celebra a diversidade e todas as pessoas s\u00e3o bem-vindas.<\/p>\n<div data-type=\"_mgwidget\" data-widget-id=\"1839050\"><\/div>\n<p><script>(function(w,q){w[q]=w[q]||[];w[q].push([\"_mgc.load\"])})(window,\"_mgq\");\n<\/script><\/p>\n<h2>Localidade e modelo de trabalho<\/h2>\n<p>A vaga \u00e9 presencial, em uma unidade da marca Pegasus autope\u00e7as. A localiza\u00e7\u00e3o exata n\u00e3o foi divulgada na descri\u00e7\u00e3o, portanto recomenda-se verificar com a empresa durante o processo seletivo. O contrato \u00e9 de aprendizagem, com jornada t\u00edpica de 4 a 6 horas di\u00e1rias, conforme a legisla\u00e7\u00e3o.<\/p>\n<div data-type=\"_mgwidget\" data-widget-id=\"1839050\"><\/div>\n<p><script>(function(w,q){w[q]=w[q]||[];w[q].push([\"_mgc.load\"])})(window,\"_mgq\");\n<\/script><\/p>\n<h2>Perguntas frequentes (FAQ)<\/h2>\n<p><strong>Quem pode se candidatar \u00e0 vaga de Aprendiz Administrativo?<\/strong><br \/>\nJovens entre 14 e 24 anos, com ensino m\u00e9dio completo ou cursando, com proatividade e vontade de aprender.<\/p>\n<p><strong>O trabalho \u00e9 remoto?<\/strong><br \/>\nN\u00e3o, a vaga \u00e9 presencial, em uma unidade da Pegasus autope\u00e7as.<\/p>\n<p><strong>Preciso ter experi\u00eancia pr\u00e9via?<\/strong><br \/>\nN\u00e3o, a vaga \u00e9 destinada a jovens aprendizes, sem exig\u00eancia de experi\u00eancia anterior.<\/p>\n<p><strong>Quais s\u00e3o as principais atividades?<\/strong><br \/>\nAtendimento telef\u00f4nico\/presencial, organiza\u00e7\u00e3o de documentos e suporte \u00e0 equipe administrativa, log\u00edstica ou comercial.<\/p>\n<p><strong>Quais benef\u00edcios s\u00e3o oferecidos?<\/strong><br \/>\nA empresa n\u00e3o informou a lista de benef\u00edcios nesta descri\u00e7\u00e3o. Recomenda-se verificar diretamente com a Fortbras.<\/p>\n<p><strong>Como funciona o processo seletivo?<\/strong><br \/>\nO processo tem 5 etapas: Cadastro, Entrevista RH, Entrevista Gestor, Carta Proposta e Contrata\u00e7\u00e3o.<\/p>\n<div data-type=\"_mgwidget\" data-widget-id=\"1839050\"><\/div>\n<p><script>(function(w,q){w[q]=w[q]||[];w[q].push([\"_mgc.load\"])})(window,\"_mgq\");\n<\/script><\/p>\n<h2>Como se candidatar<\/h2>\n<div data-type=\"_mgwidget\" data-widget-id=\"1839050\"><\/div>\n<p><script>(function(w,q){w[q]=w[q]||[];w[q].push([\"_mgc.load\"])})(window,\"_mgq\");\n<\/script><\/p>\n<p>Os interessados devem seguir o passo a passo abaixo para se candidatar \u00e0 vaga:<\/p>\n<ol>\n<li><strong>Acesse a plataforma de recrutamento:<\/strong> Clique no link oficial da vaga para ser redirecionado \u00e0 p\u00e1gina de candidatura.<\/li>\n<li><strong>Crie seu perfil (se necess\u00e1rio):<\/strong> Caso a plataforma exija, fa\u00e7a um cadastro r\u00e1pido com e-mail e senha.<\/li>\n<li><strong>Preencha os dados solicitados:<\/strong> Informe suas informa\u00e7\u00f5es pessoais, forma\u00e7\u00e3o acad\u00eamica e disponibilidade.<\/li>\n<\/ol>\n<div data-type=\"_mgwidget\" data-widget-id=\"1839050\"><\/div>\n<p><script>(function(w,q){w[q]=w[q]||[];w[q].push([\"_mgc.load\"])})(window,\"_mgq\");\n<\/script><\/p>\n<ol start=\"4\">\n<li><strong>Envie seu curr\u00edculo atualizado:<\/strong> Anexe o arquivo em formato PDF ou Word, se necess\u00e1rio.<\/li>\n<li><strong>Finalize a candidatura:<\/strong> Revise os dados e clique em &#8220;Enviar&#8221; ou &#8220;Candidatar-se&#8221;.<\/li>\n<li><strong>Acompanhe o processo:<\/strong> Fique atento ao seu e-mail ou \u00e0 plataforma para retorno da empresa.<\/li>\n<\/ol>\n<div data-type=\"_mgwidget\" data-widget-id=\"1839050\"><\/div>\n<p><script>(function(w,q){w[q]=w[q]||[];w[q].push([\"_mgc.load\"])})(window,\"_mgq\");\n<\/script><\/p>\n<p><strong>N\u00e3o perca essa oportunidade!<\/strong> Clique no bot\u00e3o abaixo e candidate-se agora.<\/p>\n<p style=\"text-align: center; margin: 20px 0;\"><a style=\"background-color: #2e7d32; color: white; padding: 12px 25px; text-decoration: none; border-radius: 5px; display: inline-block; font-weight: bold;\" href=\"https:\/\/fortbras.gupy.io\/job\/eyJqb2JJZCI6MTIxNjk3NDQsInNvdXJjZSI6ImluZGVlZCJ9?jobBoardSource=share_link\" target=\"_blank\" rel=\"nofollow sponsored noopener\">\u2705 Candidatar-se agora<\/a><\/p>\n<p style=\"font-size: 14px; color: #666; background-color: #f9f9f9; padding: 12px; border-left: 4px solid #f44336;\">\u26a0\ufe0f <strong>Alerta de seguran\u00e7a:<\/strong> Nunca pague por promessas de emprego. O Ismael Colosi n\u00e3o cobra nada dos candidatos.<\/p>\n<p style=\"font-size: 14px; color: #666; background-color: #fff3cd; padding: 12px; border-left: 4px solid #ffc107; margin: 0;\">\u26a0\ufe0f <strong>Aviso importante:<\/strong> As vagas divulgadas neste portal s\u00e3o de responsabilidade dos anunciantes e podem ser retiradas do ar a qualquer momento, sem aviso pr\u00e9vio, por decis\u00e3o do empregador. Recomendamos que os candidatos verifiquem a disponibilidade da vaga no link oficial antes de iniciar o processo seletivo.<\/p>\n<h2>Leia tamb\u00e9m<\/h2>\n<ul>\n<li><a href=\"https:\/\/ismaelcolosi.com.br\/index.php\/category\/empregos-classificados-vagas-trabalho\/vagas-de-empregos-em-ribeirao-preto-regiao-brasil\/vagas-de-emprego-para-trabalhar-de-casa-home-office-remoto\/\">Todas as vagas remotas<\/a><\/li>\n<li><a href=\"https:\/\/api.whatsapp.com\/send?phone=5516991268411&amp;text=Ol%C3%A1%20*Ismael%20Colosi*%20%2C%20me%20coloque%20no%20grupo%20de%20empregos%20por%20favor%0A%0A\" target=\"_blank\" rel=\"noopener\">Grupo de empregos Home Office no WhatsApp<\/a><\/li>\n<\/ul>\n<p><em>Esta vaga foi selecionada pelo portal Ismael Colosi com base nos crit\u00e9rios de transpar\u00eancia salarial e acessibilidade de escolaridade para trabalho remoto.<\/em><\/p>\n<p><strong>Sobre o portal Ismael Colosi:<\/strong> O Ismael Colosi \u00e9 um portal de empregos que conecta profissionais a oportunidades de trabalho em todo o Brasil. Selecionamos vagas com transpar\u00eancia salarial e acessibilidade para todos os n\u00edveis de escolaridade.<\/p>\n<p style=\"font-size: 12px; color: #888; margin-top: 20px;\">\ud83d\udce2 <strong>Aviso Legal:<\/strong> O site ismaelcolosi.com.br atua apenas como um canal de divulga\u00e7\u00e3o de oportunidades de emprego e n\u00e3o se responsabiliza pelo processo seletivo, contrata\u00e7\u00e3o ou qualquer outra etapa relacionada \u00e0s vagas publicadas. Todas as informa\u00e7\u00f5es s\u00e3o de responsabilidade dos anunciantes.<\/p>\n<p><strong>Palavras-chave:<\/strong> Aprendiz Administrativo, Pegasus Autope\u00e7as, Fortbras, presencial, CLT, aprendizagem, primeiro emprego, administrativo, autope\u00e7as, atendimento.<\/p>\n<p><script type=\"application\/ld+json\">\n{\n\"@context\":\"https:\/\/schema.org\",\n\"@type\":\"JobPosting\",\n\"title\":\"Aprendiz Administrativo - Pegasus Autope\u00e7as - Presencial \u2013 CLT \u2013 Sal\u00e1rio n\u00e3o divulgado \u2013 Ensino M\u00e9dio cursando ou completo\",\n\"description\":\"Vaga presencial para Aprendiz Administrativo na Pegasus Autope\u00e7as (Fortbras). Atua\u00e7\u00e3o em atendimento, organiza\u00e7\u00e3o de documentos e suporte administrativo. Contrato de aprendizagem CLT, sem necessidade de experi\u00eancia.\",\n\"datePosted\":\"2026-08-26\",\n\"dateModified\":\"2026-08-26\",\n\"validThrough\":\"2026-10-17\",\n\"employmentType\":\"APPRENTICE\",\n\"hiringOrganization\":{\"@type\":\"Organization\",\"name\":\"Fortbras \/ Pegasus Autope\u00e7as\",\"sameAs\":\"https:\/\/www.fortbras.com.br\/\"},\n\"jobLocation\":{\"@type\":\"Place\",\"address\":{\"@type\":\"PostalAddress\",\"addressLocality\":\"A definir\",\"addressRegion\":\"BR\",\"addressCountry\":\"BR\"}},\n\"baseSalary\":{\"@type\":\"MonetaryAmount\",\"currency\":\"BRL\",\"value\":{\"@type\":\"QuantitativeValue\",\"value\":0,\"unitText\":\"MONTH\"}},\n\"salaryCurrency\":\"BRL\",\n\"jobBenefits\":\"N\u00e3o informados pela empresa\",\n\"responsibilities\":\"Atendimento telef\u00f4nico e\/ou presencial; Organiza\u00e7\u00e3o e arquivamento de processos; Suporte ao gestor e equipe administrativa\/log\u00edstica\/comercial.\",\n\"qualifications\":\"Ensino m\u00e9dio completo ou cursando; Idade entre 14 e 24 anos; Proatividade; Aten\u00e7\u00e3o; Organiza\u00e7\u00e3o; Trabalho em equipe.\",\n\"educationRequirements\":{\"@type\":\"EducationalOccupationalCredential\",\"credentialCategory\":\"Ensino M\u00e9dio cursando ou completo\"},\n\"occupationalCategory\":\"43-0000\",\n\"industry\":\"Autope\u00e7as \/ Varejo\",\n\"workHours\":\"N\u00e3o especificado\",\n\"employmentUnit\":{\"@type\":\"Organization\",\"name\":\"Administrativo\"},\n\"incentiveCompensation\":\"Nenhum\",\n\"totalJobOpenings\":\"N\u00e3o especificado\",\n\"url\":\"https:\/\/ismaelcolosi.com.br\/aprendiz-administrativo-pegasus-fortbras\/\"\n}\n<\/script><\/p>\n<div class='code-block code-block-4' style='margin: 8px auto 8px 0; text-align: left; display: block; clear: both;'>\n\ud83d\udce2 Aviso Legal\n\nO site ismaelcolosi.com.br atua apenas como um canal de divulga\u00e7\u00e3o de oportunidades de emprego e n\u00e3o se responsabiliza pelo processo seletivo, contrata\u00e7\u00e3o ou qualquer outra etapa relacionada \u00e0s vagas publicadas. Todas as informa\u00e7\u00f5es s\u00e3o de responsabilidade dos anunciantes.\n\n\u26a0\ufe0f Aten\u00e7\u00e3o! Nunca pague por promessas de emprego nem compre cursos que garantam contrata\u00e7\u00e3o. Desconfie de qualquer cobran\u00e7a para participar de sele\u00e7\u00f5es.\n\n\n\n<\/div>\n<!-- CONTENT END 1 -->\n","protected":false},"excerpt":{"rendered":"<p>\u270d\ufe0f Ismael ColosiHeadhunter | R&amp;S | Mutir\u00e3o do Emprego Especialista em recrutamento e sele\u00e7\u00e3o com mais de 10 anos de experi\u00eancia. Headhunter com atua\u00e7\u00e3o em Ribeir\u00e3o Preto-SP e todo Brasil; fundador e presidente do iBEE &#8211; Instituto Brasileiro do Emprego e Empreendedorismo. \ud83d\udd17 LinkedIn \ud83d\udcf8 Instagram \ud83d\udc4d Facebook \ud83c\udf3f Linktree \ud83d\udcac WhatsApp \ud83d\udcc5 Atualizado em:&hellip;&nbsp;<\/p>\n","protected":false},"author":5,"featured_media":89945,"comment_status":"closed","ping_status":"closed","sticky":false,"template":"","format":"standard","meta":{"_uag_custom_page_level_css":"","neve_meta_sidebar":"","neve_meta_container":"","neve_meta_enable_content_width":"off","neve_meta_content_width":70,"neve_meta_title_alignment":"","neve_meta_author_avatar":"","neve_post_elements_order":"","neve_meta_disable_header":"","neve_meta_disable_footer":"","neve_meta_disable_title":"","_jetpack_newsletter_access":"","_jetpack_dont_email_post_to_subs":false,"_jetpack_newsletter_tier_id":0,"_jetpack_memberships_contains_paywalled_content":false,"_jetpack_memberships_contains_paid_content":false,"footnotes":""},"categories":[7],"tags":[],"class_list":["post-91673","post","type-post","status-publish","format-standard","has-post-thumbnail","hentry","category-vagas-de-empregos-em-ribeirao-preto-regiao-brasil"],"uagb_featured_image_src":{"full":["https:\/\/i0.wp.com\/ismaelcolosi.com.br\/wp-content\/uploads\/2026\/04\/20250606_1215_Mude-de-Cor_remix_01jx2wwhkmf9msym7cpyc4ddwe-1.png?fit=1024%2C1536&ssl=1",1024,1536,false],"thumbnail":["https:\/\/i0.wp.com\/ismaelcolosi.com.br\/wp-content\/uploads\/2026\/04\/20250606_1215_Mude-de-Cor_remix_01jx2wwhkmf9msym7cpyc4ddwe-1.png?resize=150%2C150&ssl=1",150,150,true],"medium":["https:\/\/i0.wp.com\/ismaelcolosi.com.br\/wp-content\/uploads\/2026\/04\/20250606_1215_Mude-de-Cor_remix_01jx2wwhkmf9msym7cpyc4ddwe-1.png?fit=200%2C300&ssl=1",200,300,true],"medium_large":["https:\/\/i0.wp.com\/ismaelcolosi.com.br\/wp-content\/uploads\/2026\/04\/20250606_1215_Mude-de-Cor_remix_01jx2wwhkmf9msym7cpyc4ddwe-1.png?fit=768%2C1152&ssl=1",768,1152,true],"large":["https:\/\/i0.wp.com\/ismaelcolosi.com.br\/wp-content\/uploads\/2026\/04\/20250606_1215_Mude-de-Cor_remix_01jx2wwhkmf9msym7cpyc4ddwe-1.png?fit=683%2C1024&ssl=1",683,1024,true],"1536x1536":["https:\/\/i0.wp.com\/ismaelcolosi.com.br\/wp-content\/uploads\/2026\/04\/20250606_1215_Mude-de-Cor_remix_01jx2wwhkmf9msym7cpyc4ddwe-1.png?fit=1024%2C1536&ssl=1",1024,1536,true],"2048x2048":["https:\/\/i0.wp.com\/ismaelcolosi.com.br\/wp-content\/uploads\/2026\/04\/20250606_1215_Mude-de-Cor_remix_01jx2wwhkmf9msym7cpyc4ddwe-1.png?fit=1024%2C1536&ssl=1",1024,1536,true],"neve-blog":["https:\/\/i0.wp.com\/ismaelcolosi.com.br\/wp-content\/uploads\/2026\/04\/20250606_1215_Mude-de-Cor_remix_01jx2wwhkmf9msym7cpyc4ddwe-1.png?resize=930%2C620&ssl=1",930,620,true]},"uagb_author_info":{"display_name":"Arthur Tijolo","author_link":"https:\/\/ismaelcolosi.com.br\/author\/autor-2024\/"},"uagb_comment_info":0,"uagb_excerpt":"\u270d\ufe0f Ismael ColosiHeadhunter | R&amp;S | Mutir\u00e3o do Emprego Especialista em recrutamento e sele\u00e7\u00e3o com mais de 10 anos de experi\u00eancia. Headhunter com atua\u00e7\u00e3o em Ribeir\u00e3o Preto-SP e todo Brasil; fundador e presidente do iBEE &#8211; Instituto Brasileiro do Emprego e Empreendedorismo. \ud83d\udd17 LinkedIn \ud83d\udcf8 Instagram \ud83d\udc4d Facebook \ud83c\udf3f Linktree \ud83d\udcac WhatsApp \ud83d\udcc5 Atualizado em:&hellip;&nbsp;","jetpack-related-posts":[{"id":17171,"url":"https:\/\/ismaelcolosi.com.br\/index.php\/2023\/12\/17\/mais-de-10-vagas-de-emprego-de-recepcionista-em-ribeirao-preto-sp-13\/","url_meta":{"origin":91673,"position":0},"title":"Mais de 10 vagas de emprego de Recepcionista em Ribeir\u00e3o Preto-SP","author":"ismaelcolosi.com.br","date":"17 de Dezembro de 2023","format":false,"excerpt":"RECEPCIONISTA\/TELEFONISTA Recepcionista - Ribeir\u00e3o Preto RECEPCIONISTA - RIBEIR\u00c3O PRETO Recepcionista Assistente Administrativo (Recep\u00e7\u00e3o) Assistente Administrativo (Recep\u00e7\u00e3o) Recepcionista Assistente Administrativo (Recep\u00e7\u00e3o) Assistente Administrativo (Recep\u00e7\u00e3o) Recepcionista Recepcionista de Consult\u00f3rio M\u00e9dico Assistente Administrativo (Recep\u00e7\u00e3o) Secret\u00e1ria","rel":"","context":"In &quot;Vagas de Emprego em Ribeir\u00e3o Preto-SP&quot;","block_context":{"text":"Vagas de Emprego em Ribeir\u00e3o Preto-SP","link":"https:\/\/ismaelcolosi.com.br\/index.php\/category\/empregos-classificados-vagas-trabalho\/vagas-de-empregos-em-ribeirao-preto-regiao-brasil\/"},"img":{"alt_text":"","src":"","width":0,"height":0},"classes":[]},{"id":14068,"url":"https:\/\/ismaelcolosi.com.br\/index.php\/2023\/12\/11\/mais-de-10-vagas-de-emprego-de-recepcionista-em-ribeirao-preto-sp-11\/","url_meta":{"origin":91673,"position":1},"title":"Mais de 10 vagas de emprego de Recepcionista em Ribeir\u00e3o Preto-SP","author":"ismaelcolosi.com.br","date":"11 de Dezembro de 2023","format":false,"excerpt":"RECEPCIONISTA\/TELEFONISTA Recepcionista - Ribeir\u00e3o Preto\/SP Recepcionista| Ribeir\u00e3o Preto Recepcionista - Ribeir\u00e3o Preto RECEPCIONISTA - RIBEIR\u00c3O PRETO Recepcionista Recepcionista Assistente Administrativo (Recep\u00e7\u00e3o) Assistente Administrativo (Recep\u00e7\u00e3o) Assistente Administrativo (Recep\u00e7\u00e3o) Assistente Administrativo (Recep\u00e7\u00e3o) Recepcionista","rel":"","context":"In &quot;Vagas de Emprego em Ribeir\u00e3o Preto-SP&quot;","block_context":{"text":"Vagas de Emprego em Ribeir\u00e3o Preto-SP","link":"https:\/\/ismaelcolosi.com.br\/index.php\/category\/empregos-classificados-vagas-trabalho\/vagas-de-empregos-em-ribeirao-preto-regiao-brasil\/"},"img":{"alt_text":"","src":"","width":0,"height":0},"classes":[]},{"id":12815,"url":"https:\/\/ismaelcolosi.com.br\/index.php\/2023\/12\/08\/mais-de-10-vagas-de-emprego-de-recepcionista-em-ribeirao-preto-sp-10\/","url_meta":{"origin":91673,"position":2},"title":"Mais de 10 vagas de emprego de Recepcionista em Ribeir\u00e3o Preto-SP","author":"ismaelcolosi.com.br","date":"8 de Dezembro de 2023","format":false,"excerpt":"RECEPCIONISTA\/TELEFONISTA Recepcionista Recepcionista - Ribeir\u00e3o Preto\/SP Recepcionista| Ribeir\u00e3o Preto RECEPCIONISTA - RIBEIR\u00c3O PRETO Recepcionista Recepcionista Assistente Administrativo (Recep\u00e7\u00e3o) Assistente Administrativo (Recep\u00e7\u00e3o) Assistente Administrativo (Recep\u00e7\u00e3o) Secret\u00e1ria Assistente Administrativo (Recep\u00e7\u00e3o) Recepcionista de Consult\u00f3rio M\u00e9dico","rel":"","context":"In &quot;Vagas de Emprego em Ribeir\u00e3o Preto-SP&quot;","block_context":{"text":"Vagas de Emprego em Ribeir\u00e3o Preto-SP","link":"https:\/\/ismaelcolosi.com.br\/index.php\/category\/empregos-classificados-vagas-trabalho\/vagas-de-empregos-em-ribeirao-preto-regiao-brasil\/"},"img":{"alt_text":"","src":"","width":0,"height":0},"classes":[]},{"id":15967,"url":"https:\/\/ismaelcolosi.com.br\/index.php\/2023\/12\/14\/mais-de-10-vagas-de-emprego-de-recepcionista-em-ribeirao-preto-sp-12\/","url_meta":{"origin":91673,"position":3},"title":"Mais de 10 vagas de emprego de Recepcionista em Ribeir\u00e3o Preto-SP","author":"ismaelcolosi.com.br","date":"14 de Dezembro de 2023","format":false,"excerpt":"RECEPCIONISTA\/TELEFONISTA Recepcionista - Ribeir\u00e3o Preto Recepcionista| Ribeir\u00e3o Preto RECEPCIONISTA - RIBEIR\u00c3O PRETO Assistente Administrativo (Recep\u00e7\u00e3o) Recepcionista Assistente Administrativo (Recep\u00e7\u00e3o) Assistente Administrativo (Recep\u00e7\u00e3o) Recepcionista de Consult\u00f3rio M\u00e9dico Recepcionista de Consult\u00f3rio M\u00e9dico Recepcionista Assistente Administrativo (Recep\u00e7\u00e3o) Recepcionista de Consult\u00f3rio M\u00e9dico","rel":"","context":"In &quot;Vagas de Emprego em Ribeir\u00e3o Preto-SP&quot;","block_context":{"text":"Vagas de Emprego em Ribeir\u00e3o Preto-SP","link":"https:\/\/ismaelcolosi.com.br\/index.php\/category\/empregos-classificados-vagas-trabalho\/vagas-de-empregos-em-ribeirao-preto-regiao-brasil\/"},"img":{"alt_text":"","src":"","width":0,"height":0},"classes":[]},{"id":18588,"url":"https:\/\/ismaelcolosi.com.br\/index.php\/2023\/12\/20\/mais-de-10-vagas-de-emprego-de-recepcionista-em-ribeirao-preto-sp-14\/","url_meta":{"origin":91673,"position":4},"title":"Mais de 10 vagas de emprego de Recepcionista em Ribeir\u00e3o Preto-SP","author":"ismaelcolosi.com.br","date":"20 de Dezembro de 2023","format":false,"excerpt":"RECEPCIONISTA\/TELEFONISTA Recepcionista - Ribeir\u00e3o Preto Assistente Administrativo (Recep\u00e7\u00e3o) RECEPCIONISTA - RIBEIR\u00c3O PRETO Recepcionista Assistente Administrativo (Recep\u00e7\u00e3o) Assistente Administrativo (Recep\u00e7\u00e3o) Assistente Administrativo (Recep\u00e7\u00e3o) Recepcionista Recepcionista de Servi\u00e7os Recepcionista de Consult\u00f3rio M\u00e9dico Recepcionista Recepcionista de Consult\u00f3rio M\u00e9dico","rel":"","context":"In &quot;Vagas de Emprego em Ribeir\u00e3o Preto-SP&quot;","block_context":{"text":"Vagas de Emprego em Ribeir\u00e3o Preto-SP","link":"https:\/\/ismaelcolosi.com.br\/index.php\/category\/empregos-classificados-vagas-trabalho\/vagas-de-empregos-em-ribeirao-preto-regiao-brasil\/"},"img":{"alt_text":"","src":"","width":0,"height":0},"classes":[]},{"id":88363,"url":"https:\/\/ismaelcolosi.com.br\/index.php\/2025\/12\/03\/confira-10-vagas-de-auxiliar-administrativo-em-ribeirao-preto-sp-3\/","url_meta":{"origin":91673,"position":5},"title":"Confira 10 Vagas de Auxiliar Administrativo em Ribeir\u00e3o Preto, SP","author":"ismaelcolosi.com.br","date":"3 de Dezembro de 2025","format":false,"excerpt":"Auxiliar Administrativo Assistente Administrativo Aux Administrativo (Banco de Sangue Ribeir\u00e3o Preto) Auxiliar Administrativo Produ\u00e7\u00e3o Analista Administrativo Junior Secret\u00e1ria Jur\u00eddica Auxiliar Administrativo | Ribeir\u00e3o Preto | (Banco de Talentos) Auxiliar Administrativo | Ribeir\u00e3o Preto | (Banco de Talentos) Analista Administrativo Pleno Auxiliar Administrativo Auxiliar administrativo","rel":"","context":"In &quot;Vagas de Emprego em Ribeir\u00e3o Preto-SP&quot;","block_context":{"text":"Vagas de Emprego em Ribeir\u00e3o Preto-SP","link":"https:\/\/ismaelcolosi.com.br\/index.php\/category\/empregos-classificados-vagas-trabalho\/vagas-de-empregos-em-ribeirao-preto-regiao-brasil\/"},"img":{"alt_text":"","src":"https:\/\/i0.wp.com\/ismaelcolosi.com.br\/wp-content\/uploads\/2025\/12\/N25C325A3o-Me-Toque-oferece-Curso-de-Auxiliar-Administrativo-1.jpg?fit=687%2C370&ssl=1&resize=350%2C200","width":350,"height":200,"srcset":"https:\/\/i0.wp.com\/ismaelcolosi.com.br\/wp-content\/uploads\/2025\/12\/N25C325A3o-Me-Toque-oferece-Curso-de-Auxiliar-Administrativo-1.jpg?fit=687%2C370&ssl=1&resize=350%2C200 1x, https:\/\/i0.wp.com\/ismaelcolosi.com.br\/wp-content\/uploads\/2025\/12\/N25C325A3o-Me-Toque-oferece-Curso-de-Auxiliar-Administrativo-1.jpg?fit=687%2C370&ssl=1&resize=525%2C300 1.5x"},"classes":[]}],"jetpack_sharing_enabled":true,"jetpack_shortlink":"https:\/\/wp.me\/pfMlyK-nQB","jetpack_featured_media_url":"https:\/\/i0.wp.com\/ismaelcolosi.com.br\/wp-content\/uploads\/2026\/04\/20250606_1215_Mude-de-Cor_remix_01jx2wwhkmf9msym7cpyc4ddwe-1.png?fit=1024%2C1536&ssl=1","_links":{"self":[{"href":"https:\/\/ismaelcolosi.com.br\/index.php\/wp-json\/wp\/v2\/posts\/91673","targetHints":{"allow":["GET"]}}],"collection":[{"href":"https:\/\/ismaelcolosi.com.br\/index.php\/wp-json\/wp\/v2\/posts"}],"about":[{"href":"https:\/\/ismaelcolosi.com.br\/index.php\/wp-json\/wp\/v2\/types\/post"}],"author":[{"embeddable":true,"href":"https:\/\/ismaelcolosi.com.br\/index.php\/wp-json\/wp\/v2\/users\/5"}],"replies":[{"embeddable":true,"href":"https:\/\/ismaelcolosi.com.br\/index.php\/wp-json\/wp\/v2\/comments?post=91673"}],"version-history":[{"count":1,"href":"https:\/\/ismaelcolosi.com.br\/index.php\/wp-json\/wp\/v2\/posts\/91673\/revisions"}],"predecessor-version":[{"id":91674,"href":"https:\/\/ismaelcolosi.com.br\/index.php\/wp-json\/wp\/v2\/posts\/91673\/revisions\/91674"}],"wp:featuredmedia":[{"embeddable":true,"href":"https:\/\/ismaelcolosi.com.br\/index.php\/wp-json\/wp\/v2\/media\/89945"}],"wp:attachment":[{"href":"https:\/\/ismaelcolosi.com.br\/index.php\/wp-json\/wp\/v2\/media?parent=91673"}],"wp:term":[{"taxonomy":"category","embeddable":true,"href":"https:\/\/ismaelcolosi.com.br\/index.php\/wp-json\/wp\/v2\/categories?post=91673"},{"taxonomy":"post_tag","embeddable":true,"href":"https:\/\/ismaelcolosi.com.br\/index.php\/wp-json\/wp\/v2\/tags?post=91673"}],"curies":[{"name":"wp","href":"https:\/\/api.w.org\/{rel}","templated":true}]}}