{"id":91671,"date":"2026-09-02T13:46:24","date_gmt":"2026-09-02T16:46:24","guid":{"rendered":"https:\/\/ismaelcolosi.com.br\/?p=91671"},"modified":"2026-09-02T13:46:24","modified_gmt":"2026-09-02T16:46:24","slug":"jovem-aprendiz-ribeirao-preto-sp-presencial-setor-agricola","status":"publish","type":"post","link":"https:\/\/ismaelcolosi.com.br\/index.php\/2026\/09\/02\/jovem-aprendiz-ribeirao-preto-sp-presencial-setor-agricola\/","title":{"rendered":"Jovem Aprendiz &#8211; Ribeir\u00e3o Preto SP &#8211; Presencial &#8211; Setor agr\u00edcola"},"content":{"rendered":"<style>\nh2{margin-top:40px;}<br \/>\np,li,td,th,div{font-size:18px;line-height:1.8;}<br \/>\n<\/style>\n<div style=\"background: linear-gradient(135deg,#f5f5f5 0%,#e8f5e9 100%); padding: 12px 18px; border-radius: 10px; border-left: 5px solid #2e7d32; margin: 15px 0 20px 0; display: flex; align-items: center; gap: 14px; flex-wrap: wrap; box-shadow: 0 1px 4px rgba(0,0,0,0.06);\">\n<div style=\"flex-shrink: 0;\"><img data-recalc-dims=\"1\" loading=\"lazy\" decoding=\"async\" style=\"width: 60px; height: 60px; border-radius: 50%; border: 2px solid #2e7d32; object-fit: cover;\" src=\"https:\/\/i0.wp.com\/ismaelcolosi.com.br\/wp-content\/uploads\/2026\/07\/ismael-colosi-foto-perfil-2025.jpeg?resize=60%2C60&#038;ssl=1\" alt=\"Ismael Colosi - Headhunter\" width=\"60\" height=\"60\" \/><\/div>\n<div style=\"flex: 1; min-width: 180px;\">\n<div style=\"display: flex; align-items: center; gap: 10px; flex-wrap: wrap;\"><span style=\"font-weight: bold; font-size: 16px; color: #1b5e20;\">\u270d\ufe0f Ismael Colosi<\/span><span style=\"font-size: 12px; color: #2e7d32; font-weight: 500;\">Headhunter | R&amp;S | Mutir\u00e3o do Emprego<\/span><\/div>\n<p style=\"margin: 3px 0 0 0; font-size: 15px; color: #555; line-height: 1.4;\">Especialista em recrutamento e sele\u00e7\u00e3o com mais de 10 anos de experi\u00eancia. Headhunter com atua\u00e7\u00e3o em Ribeir\u00e3o Preto-SP e todo Brasil; fundador e presidente do iBEE &#8211; Instituto Brasileiro do Emprego e Empreendedorismo.<\/p>\n<div style=\"margin-top: 4px; display: flex; gap: 6px; flex-wrap: wrap;\"><a style=\"background: #0a66c2; color: white; padding: 3px 10px; border-radius: 14px; text-decoration: none; font-size: 11px; display: inline-flex; align-items: center; gap: 4px;\" href=\"https:\/\/www.linkedin.com\/in\/ismael-colosi\/\" target=\"_blank\" rel=\"noopener noreferrer\">\ud83d\udd17 LinkedIn<\/a><br \/>\n<a style=\"background: linear-gradient(45deg,#f09433,#e6683c,#dc2743,#cc2366,#bc1888); color: white; padding: 3px 10px; border-radius: 14px; text-decoration: none; font-size: 11px; display: inline-flex; align-items: center; gap: 4px;\" href=\"https:\/\/www.instagram.com\/ismaelcolosi\/\" target=\"_blank\" rel=\"noopener noreferrer\">\ud83d\udcf8 Instagram<\/a><br \/>\n<a style=\"background: #1877f2; color: white; padding: 3px 10px; border-radius: 14px; text-decoration: none; font-size: 11px; display: inline-flex; align-items: center; gap: 4px;\" href=\"https:\/\/www.facebook.com\/ISMAELCOLOSI2025\" target=\"_blank\" rel=\"noopener noreferrer\">\ud83d\udc4d Facebook<\/a><br \/>\n<a style=\"background: #00b4d8; color: white; padding: 3px 10px; border-radius: 14px; text-decoration: none; font-size: 11px; display: inline-flex; align-items: center; gap: 4px;\" href=\"https:\/\/linktr.ee\/Ismael_Colosi\" target=\"_blank\" rel=\"noopener noreferrer\">\ud83c\udf3f Linktree<\/a><br \/>\n<a style=\"background: #25d366; color: white; padding: 3px 10px; border-radius: 14px; text-decoration: none; font-size: 11px; display: inline-flex; align-items: center; gap: 4px;\" href=\"https:\/\/wa.me\/5516991268411\" target=\"_blank\" rel=\"noopener noreferrer\">\ud83d\udcac WhatsApp<\/a><\/div>\n<\/div>\n<\/div>\n<p><strong>\ud83d\udcc5 Atualizado em:<\/strong> 30 de julho de 2026<\/p>\n<p><strong>\ud83c\udfaf P\u00fablico-alvo:<\/strong> Jovens entre 14 e 18 anos, com interesse em atuar na \u00e1rea de Recursos Humanos e no setor agr\u00edcola, residentes em Ribeir\u00e3o Preto-SP ou com possibilidade de atua\u00e7\u00e3o presencial. Ideal para quem busca o primeiro emprego em uma multinacional do agroneg\u00f3cio, com foco em desenvolvimento e aprendizado pr\u00e1tico.<\/p>\n<h2>Introdu\u00e7\u00e3o<\/h2>\n<p>O setor agr\u00edcola brasileiro tem se modernizado rapidamente, e empresas como a Nutrien Solu\u00e7\u00f5es Agr\u00edcolas, por meio de marcas como a Agrichem, buscam jovens talentos para integrar suas equipes. A vaga de Jovem Aprendiz em Ribeir\u00e3o Preto-SP oferece a oportunidade de ingressar no mercado de trabalho, atuando no apoio \u00e0s rotinas de Recursos Humanos, com desenvolvimento de habilidades administrativas e contato com uma cultura organizacional s\u00f3lida. A posi\u00e7\u00e3o \u00e9 presencial, com contrato de aprendizagem e benef\u00edcios completos, ideal para quem tem vontade de aprender e crescer no agro.<\/p>\n<div data-type=\"_mgwidget\" data-widget-id=\"1839050\"><\/div>\n<p><script>(function(w,q){w[q]=w[q]||[];w[q].push([\"_mgc.load\"])})(window,\"_mgq\");\n<\/script><\/p>\n<h2>Resumo da vaga<\/h2>\n<p>O Jovem Aprendiz apoiar\u00e1 as rotinas administrativas e operacionais de Recursos Humanos, incluindo confer\u00eancia de dados, triagem de curr\u00edculos, agendamento de entrevistas, divulga\u00e7\u00e3o de vagas e controle de planilhas e indicadores. A posi\u00e7\u00e3o \u00e9 presencial, em Ribeir\u00e3o Preto-SP, com contrato de aprendizagem e faixa et\u00e1ria de 14 a 18 anos. N\u00e3o \u00e9 exigida experi\u00eancia pr\u00e9via, apenas vontade de aprender e interesse pela \u00e1rea de RH.<\/p>\n<div data-type=\"_mgwidget\" data-widget-id=\"1839050\"><\/div>\n<p><script>(function(w,q){w[q]=w[q]||[];w[q].push([\"_mgc.load\"])})(window,\"_mgq\");\n<\/script><\/p>\n<h2>Resumo r\u00e1pido<\/h2>\n<table style=\"border-collapse: collapse; width: 100%; max-width: 500px; border: 1px solid #ccc;\">\n<tbody>\n<tr>\n<td style=\"border: 1px solid #ccc; padding: 8px;\"><strong>Cargo<\/strong><\/td>\n<td style=\"border: 1px solid #ccc; padding: 8px;\">Jovem Aprendiz (Agrichem\/Nutrien)<\/td>\n<\/tr>\n<tr>\n<td style=\"border: 1px solid #ccc; padding: 8px;\"><strong>Modelo<\/strong><\/td>\n<td style=\"border: 1px solid #ccc; padding: 8px;\">Presencial (Ribeir\u00e3o Preto-SP)<\/td>\n<\/tr>\n<tr>\n<td style=\"border: 1px solid #ccc; padding: 8px;\"><strong>Contrata\u00e7\u00e3o<\/strong><\/td>\n<td style=\"border: 1px solid #ccc; padding: 8px;\">Aprendiz (CLT)<\/td>\n<\/tr>\n<tr>\n<td style=\"border: 1px solid #ccc; padding: 8px;\"><strong>Sal\u00e1rio<\/strong><\/td>\n<td style=\"border: 1px solid #ccc; padding: 8px;\">N\u00e3o divulgado<\/td>\n<\/tr>\n<tr>\n<td style=\"border: 1px solid #ccc; padding: 8px;\"><strong>Escolaridade<\/strong><\/td>\n<td style=\"border: 1px solid #ccc; padding: 8px;\">Cursando ou ter conclu\u00eddo o Ensino M\u00e9dio (desej\u00e1vel)<\/td>\n<\/tr>\n<tr>\n<td style=\"border: 1px solid #ccc; padding: 8px;\"><strong>Local<\/strong><\/td>\n<td style=\"border: 1px solid #ccc; padding: 8px;\">Ribeir\u00e3o Preto &#8211; SP<\/td>\n<\/tr>\n<tr>\n<td style=\"border: 1px solid #ccc; padding: 8px;\"><strong>Vagas<\/strong><\/td>\n<td style=\"border: 1px solid #ccc; padding: 8px;\">N\u00e3o especificado (tamb\u00e9m para PcD)<\/td>\n<\/tr>\n<\/tbody>\n<\/table>\n<div data-type=\"_mgwidget\" data-widget-id=\"1839050\"><\/div>\n<p><script>(function(w,q){w[q]=w[q]||[];w[q].push([\"_mgc.load\"])})(window,\"_mgq\");\n<\/script><\/p>\n<h2>Principais responsabilidades<\/h2>\n<ul>\n<li>Apoiar nas rotinas administrativas e operacionais de Recursos Humanos;<\/li>\n<li>Conferir e validar dados, comparando informa\u00e7\u00f5es entre sistemas, planilhas e relat\u00f3rios;<\/li>\n<li>Auxiliar na triagem de curr\u00edculos conforme as vagas em aberto;<\/li>\n<li>Apoiar o agendamento de entrevistas e din\u00e2micas, mantendo contato com candidatos e gestores;<\/li>\n<li>Dar suporte na divulga\u00e7\u00e3o de vagas em diferentes plataformas e canais internos;<\/li>\n<li>Auxiliar no controle de planilhas e indicadores do time.<\/li>\n<\/ul>\n<div data-type=\"_mgwidget\" data-widget-id=\"1839050\"><\/div>\n<p><script>(function(w,q){w[q]=w[q]||[];w[q].push([\"_mgc.load\"])})(window,\"_mgq\");\n<\/script><\/p>\n<h2>Requisitos obrigat\u00f3rios<\/h2>\n<h3>Idade e escolaridade<\/h3>\n<p>Possuir entre 14 a 18 anos de idade; desej\u00e1vel conhecimento em Word, Excel e PowerPoint, ferramentas de inform\u00e1tica e internet.<\/p>\n<h3>Habilidades comportamentais<\/h3>\n<p>Muita vontade de aprender, proatividade e curiosidade; interesse em atuar na \u00e1rea de Recursos Humanos; boa comunica\u00e7\u00e3o e capacidade de trabalhar em equipe.<\/p>\n<div data-type=\"_mgwidget\" data-widget-id=\"1839050\"><\/div>\n<p><script>(function(w,q){w[q]=w[q]||[];w[q].push([\"_mgc.load\"])})(window,\"_mgq\");\n<\/script><\/p>\n<h2>Diferenciais<\/h2>\n<p>Conhecimento em Word, Excel e PowerPoint; familiaridade com ferramentas de inform\u00e1tica e internet; interesse pelo agroneg\u00f3cio; perfil organizado e atento a detalhes.<\/p>\n<div data-type=\"_mgwidget\" data-widget-id=\"1839050\"><\/div>\n<p><script>(function(w,q){w[q]=w[q]||[];w[q].push([\"_mgc.load\"])})(window,\"_mgq\");\n<\/script><\/p>\n<h2>Benef\u00edcios<\/h2>\n<p><strong>Plano de Sa\u00fade:<\/strong> Assist\u00eancia m\u00e9dica.<\/p>\n<p><strong>Plano Odontol\u00f3gico:<\/strong> Cuidado com a sa\u00fade bucal.<\/p>\n<p><strong>Vale Transporte:<\/strong> Aux\u00edlio para deslocamento.<\/p>\n<p><strong>Alimenta\u00e7\u00e3o:<\/strong> Benef\u00edcio para alimenta\u00e7\u00e3o.<\/p>\n<p><strong>Wellhub (Gympass):<\/strong> Acesso a academias e atividades f\u00edsicas.<\/p>\n<p><strong>Seguro de Vida:<\/strong> Prote\u00e7\u00e3o e seguran\u00e7a.<\/p>\n<p><strong>PAE (Programa de Apoio ao Empregado):<\/strong> Financeiro, Psicol\u00f3gico e Jur\u00eddico.<\/p>\n<p><strong>Oportunidade de trabalhar e trocar conhecimentos di\u00e1rios com um time incr\u00edvel e acolhedor.<\/strong><\/p>\n<div data-type=\"_mgwidget\" data-widget-id=\"1839050\"><\/div>\n<p><script>(function(w,q){w[q]=w[q]||[];w[q].push([\"_mgc.load\"])})(window,\"_mgq\");\n<\/script><\/p>\n<h2>Sobre a empresa contratante<\/h2>\n<p>A Nutrien Solu\u00e7\u00f5es Agr\u00edcolas \u00e9 uma multinacional do varejo agr\u00edcola, fazendo parte da maior produtora de pot\u00e1ssio do mundo. No Brasil, atua em 13 estados por meio de um ecossistema completo: no varejo com a Casa do Adubo, no mercado de revendas com a Agroessence e na ind\u00fastria com produtos propriet\u00e1rios das marcas Agrichem e Loveland, focadas em nutri\u00e7\u00e3o vegetal, e Sementes Goi\u00e1s, com atua\u00e7\u00e3o na produ\u00e7\u00e3o de sementes de soja. A Agrichem \u00e9 especializada em nutri\u00e7\u00e3o de plantas, reconhecida por fertilizantes l\u00edquidos concentrados e o servi\u00e7o PAMnutri de recomenda\u00e7\u00e3o nutricional. A empresa valoriza a Cultura do Cuidar, com ambiente colaborativo, diverso e com foco em desenvolvimento profissional e crescimento sustent\u00e1vel.<\/p>\n<div data-type=\"_mgwidget\" data-widget-id=\"1839050\"><\/div>\n<p><script>(function(w,q){w[q]=w[q]||[];w[q].push([\"_mgc.load\"])})(window,\"_mgq\");\n<\/script><\/p>\n<h2>Localidade e modelo de trabalho<\/h2>\n<p>A vaga \u00e9 presencial, em Ribeir\u00e3o Preto-SP, com contrato de aprendizagem. O trabalho ser\u00e1 realizado nas depend\u00eancias da empresa, proporcionando experi\u00eancia pr\u00e1tica e contato direto com a equipe de Recursos Humanos e demais \u00e1reas.<\/p>\n<div data-type=\"_mgwidget\" data-widget-id=\"1839050\"><\/div>\n<p><script>(function(w,q){w[q]=w[q]||[];w[q].push([\"_mgc.load\"])})(window,\"_mgq\");\n<\/script><\/p>\n<h2>Perguntas frequentes (FAQ)<\/h2>\n<p><strong>Quem pode se candidatar \u00e0 vaga de Jovem Aprendiz?<\/strong><br \/>\nJovens entre 14 e 18 anos de idade, com interesse em atuar na \u00e1rea de Recursos Humanos, que estejam cursando ou tenham conclu\u00eddo o Ensino M\u00e9dio (desej\u00e1vel).<\/p>\n<p><strong>O trabalho \u00e9 remoto?<\/strong><br \/>\nN\u00e3o, a vaga \u00e9 presencial, em Ribeir\u00e3o Preto-SP.<\/p>\n<p><strong>Preciso ter experi\u00eancia pr\u00e9via?<\/strong><br \/>\nN\u00e3o, a vaga \u00e9 destinada a jovens sem experi\u00eancia, e o que mais se valoriza \u00e9 a vontade de aprender e a proatividade.<\/p>\n<p><strong>Quais s\u00e3o os benef\u00edcios oferecidos?<\/strong><br \/>\nPlano de sa\u00fade, odontol\u00f3gico, vale transporte, alimenta\u00e7\u00e3o, Wellhub, seguro de vida e PAE (Programa de Apoio ao Empregado).<\/p>\n<p><strong>Como funciona o processo seletivo?<\/strong><br \/>\nO processo tem 6 etapas: Cadastro, Mapeamento &amp; Triagem de CVs, Entrevista RH, Entrevista Lideran\u00e7a, Proposta Salarial e Contrata\u00e7\u00e3o.<\/p>\n<p><strong>A vaga \u00e9 para PcD?<\/strong><br \/>\nSim, a vaga tamb\u00e9m \u00e9 destinada a Pessoas com Defici\u00eancia (PcD).<\/p>\n<div data-type=\"_mgwidget\" data-widget-id=\"1839050\"><\/div>\n<p><script>(function(w,q){w[q]=w[q]||[];w[q].push([\"_mgc.load\"])})(window,\"_mgq\");\n<\/script><\/p>\n<h2>Como se candidatar<\/h2>\n<div data-type=\"_mgwidget\" data-widget-id=\"1839050\"><\/div>\n<p><script>(function(w,q){w[q]=w[q]||[];w[q].push([\"_mgc.load\"])})(window,\"_mgq\");\n<\/script><\/p>\n<p>Os interessados devem seguir o passo a passo abaixo para se candidatar \u00e0 vaga:<\/p>\n<ol>\n<li><strong>Acesse a plataforma de recrutamento:<\/strong> Clique no link oficial da vaga para ser redirecionado \u00e0 p\u00e1gina de candidatura.<\/li>\n<li><strong>Crie seu perfil (se necess\u00e1rio):<\/strong> Caso a plataforma exija, fa\u00e7a um cadastro r\u00e1pido com e-mail e senha.<\/li>\n<li><strong>Preencha os dados solicitados:<\/strong> Informe suas informa\u00e7\u00f5es pessoais, forma\u00e7\u00e3o acad\u00eamica e disponibilidade.<\/li>\n<\/ol>\n<div data-type=\"_mgwidget\" data-widget-id=\"1839050\"><\/div>\n<p><script>(function(w,q){w[q]=w[q]||[];w[q].push([\"_mgc.load\"])})(window,\"_mgq\");\n<\/script><\/p>\n<ol start=\"4\">\n<li><strong>Envie seu curr\u00edculo atualizado:<\/strong> Anexe o arquivo em formato PDF ou Word, se necess\u00e1rio.<\/li>\n<li><strong>Finalize a candidatura:<\/strong> Revise os dados e clique em &#8220;Enviar&#8221; ou &#8220;Candidatar-se&#8221;.<\/li>\n<li><strong>Acompanhe o processo:<\/strong> Fique atento ao seu e-mail ou \u00e0 plataforma para retorno da empresa.<\/li>\n<\/ol>\n<div data-type=\"_mgwidget\" data-widget-id=\"1839050\"><\/div>\n<p><script>(function(w,q){w[q]=w[q]||[];w[q].push([\"_mgc.load\"])})(window,\"_mgq\");\n<\/script><\/p>\n<p><strong>N\u00e3o perca essa oportunidade!<\/strong> Clique no bot\u00e3o abaixo e candidate-se agora.<\/p>\n<p style=\"text-align: center; margin: 20px 0;\"><a style=\"background-color: #2e7d32; color: white; padding: 12px 25px; text-decoration: none; border-radius: 5px; display: inline-block; font-weight: bold;\" href=\"https:\/\/vagasnutrien.gupy.io\/job\/eyJqb2JJZCI6MTE4NjUzODYsInNvdXJjZSI6ImluZGVlZCJ9?jobBoardSource=share_link\" target=\"_blank\" rel=\"nofollow sponsored noopener\">\u2705 Candidatar-se agora<\/a><\/p>\n<p style=\"font-size: 14px; color: #666; background-color: #f9f9f9; padding: 12px; border-left: 4px solid #f44336;\">\u26a0\ufe0f <strong>Alerta de seguran\u00e7a:<\/strong> Nunca pague por promessas de emprego. O Ismael Colosi n\u00e3o cobra nada dos candidatos.<\/p>\n<p style=\"font-size: 14px; color: #666; background-color: #fff3cd; padding: 12px; border-left: 4px solid #ffc107; margin: 0;\">\u26a0\ufe0f <strong>Aviso importante:<\/strong> As vagas divulgadas neste portal s\u00e3o de responsabilidade dos anunciantes e podem ser retiradas do ar a qualquer momento, sem aviso pr\u00e9vio, por decis\u00e3o do empregador. Recomendamos que os candidatos verifiquem a disponibilidade da vaga no link oficial antes de iniciar o processo seletivo.<\/p>\n<h2>Leia tamb\u00e9m<\/h2>\n<ul>\n<li><a href=\"https:\/\/ismaelcolosi.com.br\/index.php\/category\/empregos-classificados-vagas-trabalho\/vagas-de-empregos-em-ribeirao-preto-regiao-brasil\/vagas-de-emprego-para-trabalhar-de-casa-home-office-remoto\/\">Todas as vagas remotas<\/a><\/li>\n<li><a href=\"https:\/\/api.whatsapp.com\/send?phone=5516991268411&amp;text=Ol%C3%A1%20*Ismael%20Colosi*%20%2C%20me%20coloque%20no%20grupo%20de%20empregos%20por%20favor%0A%0A\" target=\"_blank\" rel=\"noopener\">Grupo de empregos Home Office no WhatsApp<\/a><\/li>\n<\/ul>\n<p><em>Esta vaga foi selecionada pelo portal Ismael Colosi com base nos crit\u00e9rios de transpar\u00eancia salarial e acessibilidade de escolaridade para trabalho remoto.<\/em><\/p>\n<p><strong>Sobre o portal Ismael Colosi:<\/strong> O Ismael Colosi \u00e9 um portal de empregos que conecta profissionais a oportunidades de trabalho em todo o Brasil. Selecionamos vagas com transpar\u00eancia salarial e acessibilidade para todos os n\u00edveis de escolaridade.<\/p>\n<p style=\"font-size: 12px; color: #888; margin-top: 20px;\">\ud83d\udce2 <strong>Aviso Legal:<\/strong> O site ismaelcolosi.com.br atua apenas como um canal de divulga\u00e7\u00e3o de oportunidades de emprego e n\u00e3o se responsabiliza pelo processo seletivo, contrata\u00e7\u00e3o ou qualquer outra etapa relacionada \u00e0s vagas publicadas. Todas as informa\u00e7\u00f5es s\u00e3o de responsabilidade dos anunciantes.<\/p>\n<p><strong>Palavras-chave:<\/strong> Jovem Aprendiz, Agrichem, Nutrien, Ribeir\u00e3o Preto, presencial, aprendiz, RH, primeiro emprego, agroneg\u00f3cio, PcD, benef\u00edcios.<\/p>\n<p><script type=\"application\/ld+json\">\n{\n\"@context\":\"https:\/\/schema.org\",\n\"@type\":\"JobPosting\",\n\"title\":\"AGRICHEM | Jovem Aprendiz - Ribeir\u00e3o Preto SP - Presencial \u2013 Aprendiz \u2013 Sal\u00e1rio n\u00e3o divulgado \u2013 Ensino M\u00e9dio (cursando ou completo)\",\n\"description\":\"Vaga presencial para Jovem Aprendiz na Agrichem\/Nutrien em Ribeir\u00e3o Preto-SP. Atua\u00e7\u00e3o em rotinas de Recursos Humanos, contrato de aprendizagem CLT, faixa et\u00e1ria 14 a 18 anos, sem necessidade de experi\u00eancia.\",\n\"datePosted\":\"2026-07-30\",\n\"dateModified\":\"2026-07-30\",\n\"validThrough\":\"2026-09-27\",\n\"employmentType\":\"APPRENTICE\",\n\"hiringOrganization\":{\"@type\":\"Organization\",\"name\":\"Nutrien Solu\u00e7\u00f5es Agr\u00edcolas \/ Agrichem\",\"sameAs\":\"https:\/\/www.nutrien.com.br\/\"},\n\"jobLocation\":{\"@type\":\"Place\",\"address\":{\"@type\":\"PostalAddress\",\"addressLocality\":\"Ribeir\u00e3o Preto\",\"addressRegion\":\"SP\",\"addressCountry\":\"BR\"}},\n\"baseSalary\":{\"@type\":\"MonetaryAmount\",\"currency\":\"BRL\",\"value\":{\"@type\":\"QuantitativeValue\",\"value\":0,\"unitText\":\"MONTH\"}},\n\"salaryCurrency\":\"BRL\",\n\"jobBenefits\":\"Plano de Sa\u00fade, Plano Odontol\u00f3gico, Vale Transporte, Alimenta\u00e7\u00e3o, Wellhub, Seguro de Vida, PAE (Financeiro, Psicol\u00f3gico, Jur\u00eddico)\",\n\"responsibilities\":\"Apoiar rotinas administrativas de RH; Conferir dados; Triagem de curr\u00edculos; Agendamento de entrevistas; Divulga\u00e7\u00e3o de vagas; Controle de planilhas e indicadores.\",\n\"qualifications\":\"Idade entre 14 e 18 anos; Desej\u00e1vel conhecimento em Word, Excel, PowerPoint; Vontade de aprender; Interesse em RH; Boa comunica\u00e7\u00e3o e trabalho em equipe.\",\n\"educationRequirements\":{\"@type\":\"EducationalOccupationalCredential\",\"credentialCategory\":\"Ensino M\u00e9dio cursando ou completo (desej\u00e1vel)\"},\n\"occupationalCategory\":\"43-0000\",\n\"industry\":\"Agroneg\u00f3cio \/ Recursos Humanos\",\n\"workHours\":\"N\u00e3o especificado (per\u00edodo integral de aprendizagem)\",\n\"employmentUnit\":{\"@type\":\"Organization\",\"name\":\"Recursos Humanos\"},\n\"incentiveCompensation\":\"Nenhum\",\n\"totalJobOpenings\":\"N\u00e3o especificado\",\n\"url\":\"https:\/\/ismaelcolosi.com.br\/jovem-aprendiz-agrichem-nutrien-ribeirao-preto\/\"\n}\n<\/script><\/p>\n<div class='code-block code-block-4' style='margin: 8px auto 8px 0; text-align: left; display: block; clear: both;'>\n\ud83d\udce2 Aviso Legal\n\nO site ismaelcolosi.com.br atua apenas como um canal de divulga\u00e7\u00e3o de oportunidades de emprego e n\u00e3o se responsabiliza pelo processo seletivo, contrata\u00e7\u00e3o ou qualquer outra etapa relacionada \u00e0s vagas publicadas. Todas as informa\u00e7\u00f5es s\u00e3o de responsabilidade dos anunciantes.\n\n\u26a0\ufe0f Aten\u00e7\u00e3o! Nunca pague por promessas de emprego nem compre cursos que garantam contrata\u00e7\u00e3o. Desconfie de qualquer cobran\u00e7a para participar de sele\u00e7\u00f5es.\n\n\n\n<\/div>\n<!-- CONTENT END 1 -->\n","protected":false},"excerpt":{"rendered":"<p>\u270d\ufe0f Ismael ColosiHeadhunter | R&amp;S | Mutir\u00e3o do Emprego Especialista em recrutamento e sele\u00e7\u00e3o com mais de 10 anos de experi\u00eancia. Headhunter com atua\u00e7\u00e3o em Ribeir\u00e3o Preto-SP e todo Brasil; fundador e presidente do iBEE &#8211; Instituto Brasileiro do Emprego e Empreendedorismo. \ud83d\udd17 LinkedIn \ud83d\udcf8 Instagram \ud83d\udc4d Facebook \ud83c\udf3f Linktree \ud83d\udcac WhatsApp \ud83d\udcc5 Atualizado em:&hellip;&nbsp;<\/p>\n","protected":false},"author":5,"featured_media":89953,"comment_status":"closed","ping_status":"closed","sticky":false,"template":"","format":"standard","meta":{"_uag_custom_page_level_css":"","neve_meta_sidebar":"","neve_meta_container":"","neve_meta_enable_content_width":"off","neve_meta_content_width":70,"neve_meta_title_alignment":"","neve_meta_author_avatar":"","neve_post_elements_order":"","neve_meta_disable_header":"","neve_meta_disable_footer":"","neve_meta_disable_title":"","_jetpack_newsletter_access":"","_jetpack_dont_email_post_to_subs":false,"_jetpack_newsletter_tier_id":0,"_jetpack_memberships_contains_paywalled_content":false,"_jetpack_memberships_contains_paid_content":false,"footnotes":""},"categories":[7],"tags":[],"class_list":["post-91671","post","type-post","status-publish","format-standard","has-post-thumbnail","hentry","category-vagas-de-empregos-em-ribeirao-preto-regiao-brasil"],"uagb_featured_image_src":{"full":["https:\/\/i0.wp.com\/ismaelcolosi.com.br\/wp-content\/uploads\/2026\/04\/20250606_1059_Megafone-Laranja_remix_01jx2rk1areryt71kxfrzvrcwq.png?fit=1024%2C1536&ssl=1",1024,1536,false],"thumbnail":["https:\/\/i0.wp.com\/ismaelcolosi.com.br\/wp-content\/uploads\/2026\/04\/20250606_1059_Megafone-Laranja_remix_01jx2rk1areryt71kxfrzvrcwq.png?resize=150%2C150&ssl=1",150,150,true],"medium":["https:\/\/i0.wp.com\/ismaelcolosi.com.br\/wp-content\/uploads\/2026\/04\/20250606_1059_Megafone-Laranja_remix_01jx2rk1areryt71kxfrzvrcwq.png?fit=200%2C300&ssl=1",200,300,true],"medium_large":["https:\/\/i0.wp.com\/ismaelcolosi.com.br\/wp-content\/uploads\/2026\/04\/20250606_1059_Megafone-Laranja_remix_01jx2rk1areryt71kxfrzvrcwq.png?fit=768%2C1152&ssl=1",768,1152,true],"large":["https:\/\/i0.wp.com\/ismaelcolosi.com.br\/wp-content\/uploads\/2026\/04\/20250606_1059_Megafone-Laranja_remix_01jx2rk1areryt71kxfrzvrcwq.png?fit=683%2C1024&ssl=1",683,1024,true],"1536x1536":["https:\/\/i0.wp.com\/ismaelcolosi.com.br\/wp-content\/uploads\/2026\/04\/20250606_1059_Megafone-Laranja_remix_01jx2rk1areryt71kxfrzvrcwq.png?fit=1024%2C1536&ssl=1",1024,1536,true],"2048x2048":["https:\/\/i0.wp.com\/ismaelcolosi.com.br\/wp-content\/uploads\/2026\/04\/20250606_1059_Megafone-Laranja_remix_01jx2rk1areryt71kxfrzvrcwq.png?fit=1024%2C1536&ssl=1",1024,1536,true],"neve-blog":["https:\/\/i0.wp.com\/ismaelcolosi.com.br\/wp-content\/uploads\/2026\/04\/20250606_1059_Megafone-Laranja_remix_01jx2rk1areryt71kxfrzvrcwq.png?resize=930%2C620&ssl=1",930,620,true]},"uagb_author_info":{"display_name":"Arthur Tijolo","author_link":"https:\/\/ismaelcolosi.com.br\/author\/autor-2024\/"},"uagb_comment_info":0,"uagb_excerpt":"\u270d\ufe0f Ismael ColosiHeadhunter | R&amp;S | Mutir\u00e3o do Emprego Especialista em recrutamento e sele\u00e7\u00e3o com mais de 10 anos de experi\u00eancia. Headhunter com atua\u00e7\u00e3o em Ribeir\u00e3o Preto-SP e todo Brasil; fundador e presidente do iBEE &#8211; Instituto Brasileiro do Emprego e Empreendedorismo. \ud83d\udd17 LinkedIn \ud83d\udcf8 Instagram \ud83d\udc4d Facebook \ud83c\udf3f Linktree \ud83d\udcac WhatsApp \ud83d\udcc5 Atualizado em:&hellip;&nbsp;","jetpack-related-posts":[{"id":47083,"url":"https:\/\/ismaelcolosi.com.br\/index.php\/2024\/04\/22\/20-vagas-de-empregos-entre-e-veja-oportunidades-de-trabalho-em-ribeirao-preto-sp-21\/","url_meta":{"origin":91671,"position":0},"title":"20 vagas de empregos: entre e veja oportunidades de trabalho em Ribeir\u00e3o Preto-SP","author":"ismaelcolosi.com.br","date":"22 de Abril de 2024","format":false,"excerpt":"Lista de Vagas em Ribeir\u00e3o Preto Ribeir\u00e3o Preto - SP Assistente de Planejamento Ver mais Ribeir\u00e3o Preto - SP Vendedor(a) de Cal\u00e7ados Ver mais Ribeir\u00e3o Preto - SP Aprendiz Estoquista Ver mais Ribeir\u00e3o Preto - SP FISCAL DE CAIXA Ver mais Ribeir\u00e3o Preto - SP Vendedor(a) Ver mais Ribeir\u00e3o Preto\u2026","rel":"","context":"In &quot;Vagas de Emprego em Ribeir\u00e3o Preto-SP&quot;","block_context":{"text":"Vagas de Emprego em Ribeir\u00e3o Preto-SP","link":"https:\/\/ismaelcolosi.com.br\/index.php\/category\/empregos-classificados-vagas-trabalho\/vagas-de-empregos-em-ribeirao-preto-regiao-brasil\/"},"img":{"alt_text":"","src":"https:\/\/i0.wp.com\/ismaelcolosi.com.br\/wp-content\/uploads\/2024\/04\/RibeiroPretoterfeirocommaisde800vagasdeempregonestaquinta_Tamanho_2_image.jpg?fit=1200%2C900&ssl=1&resize=350%2C200","width":350,"height":200,"srcset":"https:\/\/i0.wp.com\/ismaelcolosi.com.br\/wp-content\/uploads\/2024\/04\/RibeiroPretoterfeirocommaisde800vagasdeempregonestaquinta_Tamanho_2_image.jpg?fit=1200%2C900&ssl=1&resize=350%2C200 1x, https:\/\/i0.wp.com\/ismaelcolosi.com.br\/wp-content\/uploads\/2024\/04\/RibeiroPretoterfeirocommaisde800vagasdeempregonestaquinta_Tamanho_2_image.jpg?fit=1200%2C900&ssl=1&resize=525%2C300 1.5x, https:\/\/i0.wp.com\/ismaelcolosi.com.br\/wp-content\/uploads\/2024\/04\/RibeiroPretoterfeirocommaisde800vagasdeempregonestaquinta_Tamanho_2_image.jpg?fit=1200%2C900&ssl=1&resize=700%2C400 2x, https:\/\/i0.wp.com\/ismaelcolosi.com.br\/wp-content\/uploads\/2024\/04\/RibeiroPretoterfeirocommaisde800vagasdeempregonestaquinta_Tamanho_2_image.jpg?fit=1200%2C900&ssl=1&resize=1050%2C600 3x"},"classes":[]},{"id":43558,"url":"https:\/\/ismaelcolosi.com.br\/index.php\/2024\/03\/21\/20-vagas-de-empregos-entre-e-veja-oportunidades-de-trabalho-em-ribeirao-preto-sp-20\/","url_meta":{"origin":91671,"position":1},"title":"20 vagas de empregos: entre e veja oportunidades de trabalho em Ribeir\u00e3o Preto-SP","author":"ismaelcolosi.com.br","date":"21 de Mar\u00e7o de 2024","format":false,"excerpt":"Lista de Vagas em Ribeir\u00e3o Preto Ribeir\u00e3o Preto - SP Vendedor(a) Ver mais Ribeir\u00e3o Preto - SP Pessoa Porteira Ver mais Ribeir\u00e3o Preto - SP Analista da Qualidade Ver mais Ribeir\u00e3o Preto - SP Auxiliar Administrativo Ver mais Ribeir\u00e3o Preto - SP Auxiliar reposi\u00e7\u00e3o log\u00edstica Ver mais Ribeir\u00e3o Preto -\u2026","rel":"","context":"In &quot;Vagas de Emprego em Ribeir\u00e3o Preto-SP&quot;","block_context":{"text":"Vagas de Emprego em Ribeir\u00e3o Preto-SP","link":"https:\/\/ismaelcolosi.com.br\/index.php\/category\/empregos-classificados-vagas-trabalho\/vagas-de-empregos-em-ribeirao-preto-regiao-brasil\/"},"img":{"alt_text":"","src":"https:\/\/i0.wp.com\/ismaelcolosi.com.br\/wp-content\/uploads\/2024\/03\/RibeiroPretoterfeirocommaisde800vagasdeempregonestaquinta_Tamanho_2_image.jpg?fit=1200%2C900&ssl=1&resize=350%2C200","width":350,"height":200,"srcset":"https:\/\/i0.wp.com\/ismaelcolosi.com.br\/wp-content\/uploads\/2024\/03\/RibeiroPretoterfeirocommaisde800vagasdeempregonestaquinta_Tamanho_2_image.jpg?fit=1200%2C900&ssl=1&resize=350%2C200 1x, https:\/\/i0.wp.com\/ismaelcolosi.com.br\/wp-content\/uploads\/2024\/03\/RibeiroPretoterfeirocommaisde800vagasdeempregonestaquinta_Tamanho_2_image.jpg?fit=1200%2C900&ssl=1&resize=525%2C300 1.5x, https:\/\/i0.wp.com\/ismaelcolosi.com.br\/wp-content\/uploads\/2024\/03\/RibeiroPretoterfeirocommaisde800vagasdeempregonestaquinta_Tamanho_2_image.jpg?fit=1200%2C900&ssl=1&resize=700%2C400 2x, https:\/\/i0.wp.com\/ismaelcolosi.com.br\/wp-content\/uploads\/2024\/03\/RibeiroPretoterfeirocommaisde800vagasdeempregonestaquinta_Tamanho_2_image.jpg?fit=1200%2C900&ssl=1&resize=1050%2C600 3x"},"classes":[]},{"id":39394,"url":"https:\/\/ismaelcolosi.com.br\/index.php\/2024\/02\/25\/mais-de-10-vagas-de-emprego-para-vendedor-aem-ribeirao-preto-sp-19\/","url_meta":{"origin":91671,"position":2},"title":"Mais de 10 vagas de emprego para Vendedor (a)em Ribeir\u00e3o Preto-SP","author":"ismaelcolosi.com.br","date":"25 de Fevereiro de 2024","format":false,"excerpt":"Auxiliar de Vendas - Ribeir\u00e3o Preto Vendedor(a) Interno(a) - C\u00e9lula Mec\u00e2nica - Ribeir\u00e3o Preto\/SP Ribeir\u00e3o Preto Vendedor | Vans Ribeir\u00e3o | Ribeir\u00e3o Preto-SP Vendedora - Shopping Iguatemi - Ribeir\u00e3o Preto\/SP Vendedor(a) Jr. em Ribeir\u00e3o Preto - 75055 Vendedor (a) Ribeir\u00e3o Preto - SP Vendedor Externo Vendedor - Ribeir\u00e3o Shopping Vendedora\u2026","rel":"","context":"In &quot;Vagas de Emprego em Ribeir\u00e3o Preto-SP&quot;","block_context":{"text":"Vagas de Emprego em Ribeir\u00e3o Preto-SP","link":"https:\/\/ismaelcolosi.com.br\/index.php\/category\/empregos-classificados-vagas-trabalho\/vagas-de-empregos-em-ribeirao-preto-regiao-brasil\/"},"img":{"alt_text":"","src":"","width":0,"height":0},"classes":[]},{"id":81992,"url":"https:\/\/ismaelcolosi.com.br\/index.php\/2025\/01\/22\/vagas-de-emprego-para-atendente-em-ribeirao-preto-sp-10\/","url_meta":{"origin":91671,"position":3},"title":"Vagas de emprego para Atendente em Ribeir\u00e3o Preto-SP","author":"ismaelcolosi.com.br","date":"22 de Janeiro de 2025","format":false,"excerpt":"ATENDENTE CAIXA ATENDENTE REPOSITOR ATENDENTE REPOSITOR Atendente de Lanchonete - Loja Ribeir\u00e3o Preto ATENDENTE REPOSITOR Atendente de Farm\u00e1cia-RIBEIR\u00c3O PRETO\/SP (RIBEIR\u00c3O PRETO AK) Atendente de Farm\u00e1cia-RIBEIR\u00c3O PRETO\/SP (RIBEIR\u00c3O PRETO Y) Atendente de Farm\u00e1cia-RIBEIR\u00c3O PRETO\/SP (RIBEIR\u00c3O PRETO AK) Atendente de Farm\u00e1cia-RIBEIR\u00c3O PRETO\/SP (RIBEIR\u00c3O PRETO AK)","rel":"","context":"In &quot;Vagas de Emprego em Ribeir\u00e3o Preto-SP&quot;","block_context":{"text":"Vagas de Emprego em Ribeir\u00e3o Preto-SP","link":"https:\/\/ismaelcolosi.com.br\/index.php\/category\/empregos-classificados-vagas-trabalho\/vagas-de-empregos-em-ribeirao-preto-regiao-brasil\/"},"img":{"alt_text":"","src":"https:\/\/i0.wp.com\/ismaelcolosi.com.br\/wp-content\/uploads\/2025\/01\/1737540224_latest.jpeg?fit=1200%2C675&ssl=1&resize=350%2C200","width":350,"height":200,"srcset":"https:\/\/i0.wp.com\/ismaelcolosi.com.br\/wp-content\/uploads\/2025\/01\/1737540224_latest.jpeg?fit=1200%2C675&ssl=1&resize=350%2C200 1x, https:\/\/i0.wp.com\/ismaelcolosi.com.br\/wp-content\/uploads\/2025\/01\/1737540224_latest.jpeg?fit=1200%2C675&ssl=1&resize=525%2C300 1.5x, https:\/\/i0.wp.com\/ismaelcolosi.com.br\/wp-content\/uploads\/2025\/01\/1737540224_latest.jpeg?fit=1200%2C675&ssl=1&resize=700%2C400 2x, https:\/\/i0.wp.com\/ismaelcolosi.com.br\/wp-content\/uploads\/2025\/01\/1737540224_latest.jpeg?fit=1200%2C675&ssl=1&resize=1050%2C600 3x"},"classes":[]},{"id":1401,"url":"https:\/\/ismaelcolosi.com.br\/index.php\/2023\/11\/12\/mais-de-10-vagas-de-emprego-para-vendedor-aem-ribeirao-preto-sp\/","url_meta":{"origin":91671,"position":4},"title":"Mais de 10 vagas de emprego para Vendedor (a)em Ribeir\u00e3o Preto-SP","author":"ismaelcolosi.com.br","date":"12 de Novembro de 2023","format":false,"excerpt":"Vendedor Jr. - Ribeir\u00e3o Preto - TEMPOR\u00c1RIO Auxiliar de Vendas - Ribeir\u00e3o Preto Vendedora - Ribeir\u00e3o Shopping - Ribeir\u00e3o Preto\/SP Vendedor de Loja - Ribeir\u00e3o Preto, SP Auxiliar de Vendas - Ribeir\u00e3o Preto Vendedor(a) Interno(a) - C\u00e9lula Mec\u00e2nica - Ribeir\u00e3o Preto\/SP FARM | Vendedor | Iguatemi Ribeir\u00e3o Renner - Assistente\u2026","rel":"","context":"In &quot;Vagas de Emprego em Ribeir\u00e3o Preto-SP&quot;","block_context":{"text":"Vagas de Emprego em Ribeir\u00e3o Preto-SP","link":"https:\/\/ismaelcolosi.com.br\/index.php\/category\/empregos-classificados-vagas-trabalho\/vagas-de-empregos-em-ribeirao-preto-regiao-brasil\/"},"img":{"alt_text":"","src":"","width":0,"height":0},"classes":[]},{"id":56659,"url":"https:\/\/ismaelcolosi.com.br\/index.php\/2024\/07\/13\/mais-de-10-vagas-de-emprego-para-vendedor-aem-ribeirao-preto-sp-25\/","url_meta":{"origin":91671,"position":5},"title":"Mais de 10 vagas de emprego para Vendedor (a)em Ribeir\u00e3o Preto-SP","author":"ismaelcolosi.com.br","date":"13 de Julho de 2024","format":false,"excerpt":"Vendedor Jr. - Ribeir\u00e3o Preto Ribeir\u00e3o Preto - SP Efetivo Vendedor Jr. - Ribeir\u00e3o Preto Vendedor(a) - Ribeir\u00e3o Shopping (SP) Pessoa Vendedora - Loja Ribeir\u00e3o Shopping Ribeir\u00e3o Preto - SP Efetivo Pessoa Vendedora - Loja Ribeir\u00e3o Shopping Ribeir\u00e3o Preto - SP Efetivo Renner - Assistente de Vendas Vendedor de Ve\u00edculos\u2026","rel":"","context":"In &quot;Vagas de Emprego em Ribeir\u00e3o Preto-SP&quot;","block_context":{"text":"Vagas de Emprego em Ribeir\u00e3o Preto-SP","link":"https:\/\/ismaelcolosi.com.br\/index.php\/category\/empregos-classificados-vagas-trabalho\/vagas-de-empregos-em-ribeirao-preto-regiao-brasil\/"},"img":{"alt_text":"","src":"","width":0,"height":0},"classes":[]}],"jetpack_sharing_enabled":true,"jetpack_shortlink":"https:\/\/wp.me\/pfMlyK-nQz","jetpack_featured_media_url":"https:\/\/i0.wp.com\/ismaelcolosi.com.br\/wp-content\/uploads\/2026\/04\/20250606_1059_Megafone-Laranja_remix_01jx2rk1areryt71kxfrzvrcwq.png?fit=1024%2C1536&ssl=1","_links":{"self":[{"href":"https:\/\/ismaelcolosi.com.br\/index.php\/wp-json\/wp\/v2\/posts\/91671","targetHints":{"allow":["GET"]}}],"collection":[{"href":"https:\/\/ismaelcolosi.com.br\/index.php\/wp-json\/wp\/v2\/posts"}],"about":[{"href":"https:\/\/ismaelcolosi.com.br\/index.php\/wp-json\/wp\/v2\/types\/post"}],"author":[{"embeddable":true,"href":"https:\/\/ismaelcolosi.com.br\/index.php\/wp-json\/wp\/v2\/users\/5"}],"replies":[{"embeddable":true,"href":"https:\/\/ismaelcolosi.com.br\/index.php\/wp-json\/wp\/v2\/comments?post=91671"}],"version-history":[{"count":1,"href":"https:\/\/ismaelcolosi.com.br\/index.php\/wp-json\/wp\/v2\/posts\/91671\/revisions"}],"predecessor-version":[{"id":91672,"href":"https:\/\/ismaelcolosi.com.br\/index.php\/wp-json\/wp\/v2\/posts\/91671\/revisions\/91672"}],"wp:featuredmedia":[{"embeddable":true,"href":"https:\/\/ismaelcolosi.com.br\/index.php\/wp-json\/wp\/v2\/media\/89953"}],"wp:attachment":[{"href":"https:\/\/ismaelcolosi.com.br\/index.php\/wp-json\/wp\/v2\/media?parent=91671"}],"wp:term":[{"taxonomy":"category","embeddable":true,"href":"https:\/\/ismaelcolosi.com.br\/index.php\/wp-json\/wp\/v2\/categories?post=91671"},{"taxonomy":"post_tag","embeddable":true,"href":"https:\/\/ismaelcolosi.com.br\/index.php\/wp-json\/wp\/v2\/tags?post=91671"}],"curies":[{"name":"wp","href":"https:\/\/api.w.org\/{rel}","templated":true}]}}