{"id":91666,"date":"2026-09-02T13:24:52","date_gmt":"2026-09-02T16:24:52","guid":{"rendered":"https:\/\/ismaelcolosi.com.br\/?p=91666"},"modified":"2026-09-02T13:24:52","modified_gmt":"2026-09-02T16:24:52","slug":"jovem-aprendiz-presencial-ribeirao-preto-setor-de-advocacia","status":"publish","type":"post","link":"https:\/\/ismaelcolosi.com.br\/index.php\/2026\/09\/02\/jovem-aprendiz-presencial-ribeirao-preto-setor-de-advocacia\/","title":{"rendered":"Jovem Aprendiz &#8211; Presencial &#8211; Ribeir\u00e3o Preto &#8211; Setor de Advocacia"},"content":{"rendered":"<style>\nh2{margin-top:40px;}<br \/>\np,li,td,th,div{font-size:18px;line-height:1.8;}<br \/>\n<\/style>\n<h1><\/h1>\n<div style=\"background: linear-gradient(135deg,#f5f5f5 0%,#e8f5e9 100%); padding: 12px 18px; border-radius: 10px; border-left: 5px solid #2e7d32; margin: 15px 0 20px 0; display: flex; align-items: center; gap: 14px; flex-wrap: wrap; box-shadow: 0 1px 4px rgba(0,0,0,0.06);\">\n<div style=\"flex-shrink: 0;\"><img data-recalc-dims=\"1\" loading=\"lazy\" decoding=\"async\" style=\"width: 60px; height: 60px; border-radius: 50%; border: 2px solid #2e7d32; object-fit: cover;\" src=\"https:\/\/i0.wp.com\/ismaelcolosi.com.br\/wp-content\/uploads\/2026\/07\/ismael-colosi-foto-perfil-2025.jpeg?resize=60%2C60&#038;ssl=1\" alt=\"Ismael Colosi - Headhunter\" width=\"60\" height=\"60\" \/><\/div>\n<div style=\"flex: 1; min-width: 180px;\">\n<div style=\"display: flex; align-items: center; gap: 10px; flex-wrap: wrap;\"><span style=\"font-weight: bold; font-size: 16px; color: #1b5e20;\">\u270d\ufe0f Ismael Colosi<\/span><span style=\"font-size: 12px; color: #2e7d32; font-weight: 500;\">Headhunter | R&amp;S | Mutir\u00e3o do Emprego<\/span><\/div>\n<p style=\"margin: 3px 0 0 0; font-size: 15px; color: #555; line-height: 1.4;\">Especialista em recrutamento e sele\u00e7\u00e3o com mais de 10 anos de experi\u00eancia. Headhunter com atua\u00e7\u00e3o em Ribeir\u00e3o Preto-SP e todo Brasil; fundador e presidente do iBEE &#8211; Instituto Brasileiro do Emprego e Empreendedorismo.<\/p>\n<div style=\"margin-top: 4px; display: flex; gap: 6px; flex-wrap: wrap;\"><a style=\"background: #0a66c2; color: white; padding: 3px 10px; border-radius: 14px; text-decoration: none; font-size: 11px; display: inline-flex; align-items: center; gap: 4px;\" href=\"https:\/\/www.linkedin.com\/in\/ismael-colosi\/\" target=\"_blank\" rel=\"noopener noreferrer\">\ud83d\udd17 LinkedIn<\/a><br \/>\n<a style=\"background: linear-gradient(45deg,#f09433,#e6683c,#dc2743,#cc2366,#bc1888); color: white; padding: 3px 10px; border-radius: 14px; text-decoration: none; font-size: 11px; display: inline-flex; align-items: center; gap: 4px;\" href=\"https:\/\/www.instagram.com\/ismaelcolosi\/\" target=\"_blank\" rel=\"noopener noreferrer\">\ud83d\udcf8 Instagram<\/a><br \/>\n<a style=\"background: #1877f2; color: white; padding: 3px 10px; border-radius: 14px; text-decoration: none; font-size: 11px; display: inline-flex; align-items: center; gap: 4px;\" href=\"https:\/\/www.facebook.com\/ISMAELCOLOSI2025\" target=\"_blank\" rel=\"noopener noreferrer\">\ud83d\udc4d Facebook<\/a><br \/>\n<a style=\"background: #00b4d8; color: white; padding: 3px 10px; border-radius: 14px; text-decoration: none; font-size: 11px; display: inline-flex; align-items: center; gap: 4px;\" href=\"https:\/\/linktr.ee\/Ismael_Colosi\" target=\"_blank\" rel=\"noopener noreferrer\">\ud83c\udf3f Linktree<\/a><br \/>\n<a style=\"background: #25d366; color: white; padding: 3px 10px; border-radius: 14px; text-decoration: none; font-size: 11px; display: inline-flex; align-items: center; gap: 4px;\" href=\"https:\/\/wa.me\/5516991268411\" target=\"_blank\" rel=\"noopener noreferrer\">\ud83d\udcac WhatsApp<\/a><\/div>\n<\/div>\n<\/div>\n<p><strong>\ud83d\udcc5 Atualizado em:<\/strong> 24 de agosto de 2026<\/p>\n<p><strong>\ud83c\udfaf P\u00fablico-alvo:<\/strong> Jovens entre 14 e 24 anos, cursando ou com ensino m\u00e9dio conclu\u00eddo, residentes em Ribeir\u00e3o Preto\/SP ou cidades pr\u00f3ximas, que buscam o primeiro emprego e desejam ingressar em um escrit\u00f3rio de advocacia renomado, com foco em desenvolvimento e aprendizado pr\u00e1tico.<\/p>\n<h2>Introdu\u00e7\u00e3o<\/h2>\n<p>Iniciar a carreira em um ambiente jur\u00eddico de excel\u00eancia \u00e9 uma oportunidade valiosa para jovens que desejam aprender e se desenvolver profissionalmente. O Reis Advogados, escrit\u00f3rio com mais de 55 anos de hist\u00f3ria e atua\u00e7\u00e3o em todo o Brasil, busca Jovens Aprendizes para apoiar rotinas administrativas e adquirir experi\u00eancia pr\u00e1tica. A vaga \u00e9 presencial, em Ribeir\u00e3o Preto\/SP, com jornada de 4 horas di\u00e1rias (manh\u00e3 ou tarde), e oferece benef\u00edcios como vale alimenta\u00e7\u00e3o\/refei\u00e7\u00e3o, seguro de vida, TotalPass e day off no anivers\u00e1rio. Se voc\u00ea tem vontade de aprender e crescer, esta pode ser a porta de entrada para uma carreira promissora.<\/p>\n<div data-type=\"_mgwidget\" data-widget-id=\"1839050\"><\/div>\n<p><script>(function(w,q){w[q]=w[q]||[];w[q].push([\"_mgc.load\"])})(window,\"_mgq\");\n<\/script><\/p>\n<h2>Resumo da vaga<\/h2>\n<p>O Jovem Aprendiz ter\u00e1 a oportunidade de apoiar rotinas administrativas no ambiente corporativo do Reis Advogados, adquirindo experi\u00eancia pr\u00e1tica e desenvolvimento profissional. A jornada \u00e9 de 4 horas por dia, de segunda a sexta-feira (manh\u00e3 ou tarde), com contrato de aprendizagem (CLT). N\u00e3o \u00e9 exigida experi\u00eancia pr\u00e9via, apenas idade entre 14 e 24 anos, estar cursando ou ter conclu\u00eddo o Ensino M\u00e9dio e residir em Ribeir\u00e3o Preto\/SP ou cidades pr\u00f3ximas.<\/p>\n<div data-type=\"_mgwidget\" data-widget-id=\"1839050\"><\/div>\n<p><script>(function(w,q){w[q]=w[q]||[];w[q].push([\"_mgc.load\"])})(window,\"_mgq\");\n<\/script><\/p>\n<h2>Resumo r\u00e1pido<\/h2>\n<table style=\"border-collapse: collapse; width: 100%; max-width: 500px; border: 1px solid #ccc;\">\n<tbody>\n<tr>\n<td style=\"border: 1px solid #ccc; padding: 8px;\"><strong>Cargo<\/strong><\/td>\n<td style=\"border: 1px solid #ccc; padding: 8px;\">Jovem Aprendiz<\/td>\n<\/tr>\n<tr>\n<td style=\"border: 1px solid #ccc; padding: 8px;\"><strong>Modelo<\/strong><\/td>\n<td style=\"border: 1px solid #ccc; padding: 8px;\">Presencial (Ribeir\u00e3o Preto\/SP)<\/td>\n<\/tr>\n<tr>\n<td style=\"border: 1px solid #ccc; padding: 8px;\"><strong>Contrata\u00e7\u00e3o<\/strong><\/td>\n<td style=\"border: 1px solid #ccc; padding: 8px;\">CLT &#8211; Contrato de Aprendizagem<\/td>\n<\/tr>\n<tr>\n<td style=\"border: 1px solid #ccc; padding: 8px;\"><strong>Sal\u00e1rio<\/strong><\/td>\n<td style=\"border: 1px solid #ccc; padding: 8px;\">N\u00e3o divulgado<\/td>\n<\/tr>\n<tr>\n<td style=\"border: 1px solid #ccc; padding: 8px;\"><strong>Escolaridade<\/strong><\/td>\n<td style=\"border: 1px solid #ccc; padding: 8px;\">Cursando ou ter conclu\u00eddo o Ensino M\u00e9dio<\/td>\n<\/tr>\n<tr>\n<td style=\"border: 1px solid #ccc; padding: 8px;\"><strong>Local<\/strong><\/td>\n<td style=\"border: 1px solid #ccc; padding: 8px;\">Ribeir\u00e3o Preto &#8211; SP (ou cidades pr\u00f3ximas)<\/td>\n<\/tr>\n<tr>\n<td style=\"border: 1px solid #ccc; padding: 8px;\"><strong>Vagas<\/strong><\/td>\n<td style=\"border: 1px solid #ccc; padding: 8px;\">N\u00e3o especificado<\/td>\n<\/tr>\n<\/tbody>\n<\/table>\n<div data-type=\"_mgwidget\" data-widget-id=\"1839050\"><\/div>\n<p><script>(function(w,q){w[q]=w[q]||[];w[q].push([\"_mgc.load\"])})(window,\"_mgq\");\n<\/script><\/p>\n<h2>Principais responsabilidades<\/h2>\n<ul>\n<li>Apoiar rotinas administrativas no ambiente corporativo;<\/li>\n<li>Adquirir experi\u00eancia pr\u00e1tica e desenvolvimento profissional;<\/li>\n<li>Aprender sobre processos internos e ferramentas de trabalho;<\/li>\n<li>Colaborar com a equipe em atividades di\u00e1rias;<\/li>\n<li>Demonstrar vontade de aprender e crescer profissionalmente.<\/li>\n<\/ul>\n<div data-type=\"_mgwidget\" data-widget-id=\"1839050\"><\/div>\n<p><script>(function(w,q){w[q]=w[q]||[];w[q].push([\"_mgc.load\"])})(window,\"_mgq\");\n<\/script><\/p>\n<h2>Requisitos obrigat\u00f3rios<\/h2>\n<h3>Idade e escolaridade<\/h3>\n<p>Ter entre 14 e 24 anos; estar cursando ou ter conclu\u00eddo o Ensino M\u00e9dio; residir em Ribeir\u00e3o Preto\/SP ou cidades pr\u00f3ximas.<\/p>\n<h3>Habilidades comportamentais<\/h3>\n<p>Vontade de aprender e se desenvolver; comprometimento; dedica\u00e7\u00e3o; esp\u00edrito de equipe; proatividade.<\/p>\n<div data-type=\"_mgwidget\" data-widget-id=\"1839050\"><\/div>\n<p><script>(function(w,q){w[q]=w[q]||[];w[q].push([\"_mgc.load\"])})(window,\"_mgq\");\n<\/script><\/p>\n<h2>Diferenciais<\/h2>\n<p>Interesse pela \u00e1rea jur\u00eddica ou administrativa; boa comunica\u00e7\u00e3o; organiza\u00e7\u00e3o; responsabilidade; facilidade para trabalhar em equipe.<\/p>\n<div data-type=\"_mgwidget\" data-widget-id=\"1839050\"><\/div>\n<p><script>(function(w,q){w[q]=w[q]||[];w[q].push([\"_mgc.load\"])})(window,\"_mgq\");\n<\/script><\/p>\n<h2>Benef\u00edcios<\/h2>\n<p><strong>Seguro de Vida:<\/strong> Prote\u00e7\u00e3o e seguran\u00e7a.<\/p>\n<p><strong>Vale Alimenta\u00e7\u00e3o\/Vale Refei\u00e7\u00e3o:<\/strong> Benef\u00edcio para alimenta\u00e7\u00e3o di\u00e1ria.<\/p>\n<p><strong>Vale Transporte:<\/strong> Aux\u00edlio para deslocamento.<\/p>\n<p><strong>TotalPass:<\/strong> Acesso a academias e atividades f\u00edsicas.<\/p>\n<p><strong>Day Off no anivers\u00e1rio:<\/strong> Folga para celebrar seu dia.<\/p>\n<div data-type=\"_mgwidget\" data-widget-id=\"1839050\"><\/div>\n<p><script>(function(w,q){w[q]=w[q]||[];w[q].push([\"_mgc.load\"])})(window,\"_mgq\");\n<\/script><\/p>\n<h2>Sobre a empresa contratante<\/h2>\n<p>O Reis Advogados foi fundado em 1969, na cidade de Bebedouro (SP). Com mais de 55 anos de hist\u00f3ria, o escrit\u00f3rio soma tradi\u00e7\u00e3o e excel\u00eancia no exerc\u00edcio do Direito, aliado \u00e0 tecnologia de ponta, inova\u00e7\u00e3o e gest\u00e3o de pessoas. Atende as principais institui\u00e7\u00f5es financeiras do Pa\u00eds e empresas, entregando resultados relevantes por meio do trabalho conjunto das \u00e1reas jur\u00eddicas, negociais, de tecnologia e administrativo. Os valores \u00e9ticos norteiam a atua\u00e7\u00e3o do escrit\u00f3rio, que busca desenvolver pessoas e contribuir para a evolu\u00e7\u00e3o da sociedade, mantendo o #JeitoReisDeSer como marca de confian\u00e7a, dedica\u00e7\u00e3o e amor ao que se faz.<\/p>\n<div data-type=\"_mgwidget\" data-widget-id=\"1839050\"><\/div>\n<p><script>(function(w,q){w[q]=w[q]||[];w[q].push([\"_mgc.load\"])})(window,\"_mgq\");\n<\/script><\/p>\n<h2>Localidade e modelo de trabalho<\/h2>\n<p>A vaga \u00e9 presencial, em Ribeir\u00e3o Preto\/SP (ou cidades pr\u00f3ximas), com jornada de 4 horas por dia, de segunda a sexta-feira, podendo ser no per\u00edodo da manh\u00e3 ou da tarde. O contrato \u00e9 de aprendizagem, conforme a Lei da Aprendizagem.<\/p>\n<div data-type=\"_mgwidget\" data-widget-id=\"1839050\"><\/div>\n<p><script>(function(w,q){w[q]=w[q]||[];w[q].push([\"_mgc.load\"])})(window,\"_mgq\");\n<\/script><\/p>\n<h2>Perguntas frequentes (FAQ)<\/h2>\n<p><strong>Quem pode se candidatar \u00e0 vaga de Jovem Aprendiz?<\/strong><br \/>\nJovens entre 14 e 24 anos, que estejam cursando ou tenham conclu\u00eddo o Ensino M\u00e9dio e residam em Ribeir\u00e3o Preto\/SP ou cidades pr\u00f3ximas.<\/p>\n<p><strong>O trabalho \u00e9 remoto?<\/strong><br \/>\nN\u00e3o, a vaga \u00e9 presencial, em Ribeir\u00e3o Preto\/SP.<\/p>\n<p><strong>Qual \u00e9 a jornada de trabalho?<\/strong><br \/>\nA jornada \u00e9 de 4 horas por dia, de segunda a sexta-feira, no turno da manh\u00e3 ou da tarde.<\/p>\n<p><strong>Preciso ter experi\u00eancia pr\u00e9via?<\/strong><br \/>\nN\u00e3o, a vaga \u00e9 destinada a jovens sem experi\u00eancia, e o que mais se valoriza \u00e9 a vontade de aprender.<\/p>\n<p><strong>Quais benef\u00edcios s\u00e3o oferecidos?<\/strong><br \/>\nSeguro de vida, vale alimenta\u00e7\u00e3o\/refei\u00e7\u00e3o, vale transporte, TotalPass e day off no anivers\u00e1rio.<\/p>\n<p><strong>Como funciona o processo seletivo?<\/strong><br \/>\nO processo tem 5 etapas: Cadastro, Entrevista com Gest\u00e3o de Pessoas, Perfil PAT, Entrevista com Gestores e Contrata\u00e7\u00e3o.<\/p>\n<p><strong>\u00c9 necess\u00e1rio estar cursando faculdade?<\/strong><br \/>\nN\u00e3o, apenas cursando ou ter conclu\u00eddo o Ensino M\u00e9dio.<\/p>\n<div data-type=\"_mgwidget\" data-widget-id=\"1839050\"><\/div>\n<p><script>(function(w,q){w[q]=w[q]||[];w[q].push([\"_mgc.load\"])})(window,\"_mgq\");\n<\/script><\/p>\n<h2>Como se candidatar<\/h2>\n<div data-type=\"_mgwidget\" data-widget-id=\"1839050\"><\/div>\n<p><script>(function(w,q){w[q]=w[q]||[];w[q].push([\"_mgc.load\"])})(window,\"_mgq\");\n<\/script><\/p>\n<p>Os interessados devem seguir o passo a passo abaixo para se candidatar \u00e0 vaga:<\/p>\n<ol>\n<li><strong>Acesse a plataforma de recrutamento:<\/strong> Clique no link oficial da vaga para ser redirecionado \u00e0 p\u00e1gina de candidatura.<\/li>\n<li><strong>Crie seu perfil (se necess\u00e1rio):<\/strong> Caso a plataforma exija, fa\u00e7a um cadastro r\u00e1pido com e-mail e senha.<\/li>\n<li><strong>Preencha os dados solicitados:<\/strong> Informe suas informa\u00e7\u00f5es pessoais, forma\u00e7\u00e3o acad\u00eamica e disponibilidade.<\/li>\n<\/ol>\n<div data-type=\"_mgwidget\" data-widget-id=\"1839050\"><\/div>\n<p><script>(function(w,q){w[q]=w[q]||[];w[q].push([\"_mgc.load\"])})(window,\"_mgq\");\n<\/script><\/p>\n<ol start=\"4\">\n<li><strong>Envie seu curr\u00edculo atualizado:<\/strong> Anexe o arquivo em formato PDF ou Word, se necess\u00e1rio.<\/li>\n<li><strong>Finalize a candidatura:<\/strong> Revise os dados e clique em &#8220;Enviar&#8221; ou &#8220;Candidatar-se&#8221;.<\/li>\n<li><strong>Acompanhe o processo:<\/strong> Fique atento ao seu e-mail ou \u00e0 plataforma para retorno da empresa.<\/li>\n<\/ol>\n<div data-type=\"_mgwidget\" data-widget-id=\"1839050\"><\/div>\n<p><script>(function(w,q){w[q]=w[q]||[];w[q].push([\"_mgc.load\"])})(window,\"_mgq\");\n<\/script><\/p>\n<p><strong>N\u00e3o perca essa oportunidade!<\/strong> Clique no bot\u00e3o abaixo e candidate-se agora.<\/p>\n<p style=\"text-align: center; margin: 20px 0;\"><a style=\"background-color: #2e7d32; color: white; padding: 12px 25px; text-decoration: none; border-radius: 5px; display: inline-block; font-weight: bold;\" href=\"https:\/\/reisadvogados.gupy.io\/job\/eyJqb2JJZCI6MTIyNjA3MTUsInNvdXJjZSI6ImluZGVlZCJ9?jobBoardSource=share_link\" target=\"_blank\" rel=\"nofollow sponsored noopener\">\u2705 Candidatar-se agora<\/a><\/p>\n<p style=\"font-size: 14px; color: #666; background-color: #f9f9f9; padding: 12px; border-left: 4px solid #f44336;\">\u26a0\ufe0f <strong>Alerta de seguran\u00e7a:<\/strong> Nunca pague por promessas de emprego. O Ismael Colosi n\u00e3o cobra nada dos candidatos.<\/p>\n<p style=\"font-size: 14px; color: #666; background-color: #fff3cd; padding: 12px; border-left: 4px solid #ffc107; margin: 0;\">\u26a0\ufe0f <strong>Aviso importante:<\/strong> As vagas divulgadas neste portal s\u00e3o de responsabilidade dos anunciantes e podem ser retiradas do ar a qualquer momento, sem aviso pr\u00e9vio, por decis\u00e3o do empregador. Recomendamos que os candidatos verifiquem a disponibilidade da vaga no link oficial antes de iniciar o processo seletivo.<\/p>\n<h2>Leia tamb\u00e9m<\/h2>\n<ul>\n<li><a href=\"https:\/\/ismaelcolosi.com.br\/index.php\/category\/empregos-classificados-vagas-trabalho\/vagas-de-empregos-em-ribeirao-preto-regiao-brasil\/vagas-de-emprego-para-trabalhar-de-casa-home-office-remoto\/\">Todas as vagas remotas<\/a><\/li>\n<li><a href=\"https:\/\/api.whatsapp.com\/send?phone=5516991268411&amp;text=Ol%C3%A1%20*Ismael%20Colosi*%20%2C%20me%20coloque%20no%20grupo%20de%20empregos%20por%20favor%0A%0A\" target=\"_blank\" rel=\"noopener\">Grupo de empregos Home Office no WhatsApp<\/a><\/li>\n<\/ul>\n<p><em>Esta vaga foi selecionada pelo portal Ismael Colosi com base nos crit\u00e9rios de transpar\u00eancia salarial e acessibilidade de escolaridade para trabalho remoto.<\/em><\/p>\n<p><strong>Sobre o portal Ismael Colosi:<\/strong> O Ismael Colosi \u00e9 um portal de empregos que conecta profissionais a oportunidades de trabalho em todo o Brasil. Selecionamos vagas com transpar\u00eancia salarial e acessibilidade para todos os n\u00edveis de escolaridade.<\/p>\n<p style=\"font-size: 12px; color: #888; margin-top: 20px;\">\ud83d\udce2 <strong>Aviso Legal:<\/strong> O site ismaelcolosi.com.br atua apenas como um canal de divulga\u00e7\u00e3o de oportunidades de emprego e n\u00e3o se responsabiliza pelo processo seletivo, contrata\u00e7\u00e3o ou qualquer outra etapa relacionada \u00e0s vagas publicadas. Todas as informa\u00e7\u00f5es s\u00e3o de responsabilidade dos anunciantes.<\/p>\n<p><strong>Palavras-chave:<\/strong> Jovem Aprendiz, Reis Advogados, Ribeir\u00e3o Preto, presencial, CLT, aprendizagem, primeiro emprego, administrativo, ensino m\u00e9dio, advocacia.<\/p>\n<p><script type=\"application\/ld+json\">\n{\n\"@context\":\"https:\/\/schema.org\",\n\"@type\":\"JobPosting\",\n\"title\":\"Jovem Aprendiz - Presencial \u2013 CLT \u2013 Sal\u00e1rio n\u00e3o divulgado \u2013 Ensino M\u00e9dio cursando ou completo\",\n\"description\":\"Vaga presencial para Jovem Aprendiz no Reis Advogados em Ribeir\u00e3o Preto\/SP. Atua\u00e7\u00e3o em rotinas administrativas, contrato de aprendizagem CLT, jornada de 4h\/dia, sem necessidade de experi\u00eancia.\",\n\"datePosted\":\"2026-08-24\",\n\"dateModified\":\"2026-08-24\",\n\"validThrough\":\"2026-09-18\",\n\"employmentType\":\"APPRENTICE\",\n\"hiringOrganization\":{\"@type\":\"Organization\",\"name\":\"Reis Advogados\",\"sameAs\":\"https:\/\/www.reisadvogados.com.br\/\"},\n\"jobLocation\":{\"@type\":\"Place\",\"address\":{\"@type\":\"PostalAddress\",\"addressLocality\":\"Ribeir\u00e3o Preto\",\"addressRegion\":\"SP\",\"addressCountry\":\"BR\"}},\n\"baseSalary\":{\"@type\":\"MonetaryAmount\",\"currency\":\"BRL\",\"value\":{\"@type\":\"QuantitativeValue\",\"value\":0,\"unitText\":\"MONTH\"}},\n\"salaryCurrency\":\"BRL\",\n\"jobBenefits\":\"Seguro de Vida, Vale Alimenta\u00e7\u00e3o\/Refei\u00e7\u00e3o, Vale Transporte, TotalPass, Day Off no anivers\u00e1rio\",\n\"responsibilities\":\"Apoiar rotinas administrativas; Adquirir experi\u00eancia pr\u00e1tica; Aprender processos internos; Colaborar com a equipe.\",\n\"qualifications\":\"Idade entre 14 e 24 anos; Cursando ou ter conclu\u00eddo Ensino M\u00e9dio; Residir em Ribeir\u00e3o Preto\/SP ou cidades pr\u00f3ximas.\",\n\"educationRequirements\":{\"@type\":\"EducationalOccupationalCredential\",\"credentialCategory\":\"Ensino M\u00e9dio cursando ou completo\"},\n\"occupationalCategory\":\"43-0000\",\n\"industry\":\"Jur\u00eddico \/ Advocacia\",\n\"workHours\":\"4 horas por dia, segunda a sexta (manh\u00e3 ou tarde)\",\n\"employmentUnit\":{\"@type\":\"Organization\",\"name\":\"Administrativo\"},\n\"incentiveCompensation\":\"Nenhum\",\n\"totalJobOpenings\":\"N\u00e3o especificado\",\n\"url\":\"https:\/\/ismaelcolosi.com.br\/jovem-aprendiz-reis-advogados\/\"\n}\n<\/script><\/p>\n<div class='code-block code-block-4' style='margin: 8px auto 8px 0; text-align: left; display: block; clear: both;'>\n\ud83d\udce2 Aviso Legal\n\nO site ismaelcolosi.com.br atua apenas como um canal de divulga\u00e7\u00e3o de oportunidades de emprego e n\u00e3o se responsabiliza pelo processo seletivo, contrata\u00e7\u00e3o ou qualquer outra etapa relacionada \u00e0s vagas publicadas. Todas as informa\u00e7\u00f5es s\u00e3o de responsabilidade dos anunciantes.\n\n\u26a0\ufe0f Aten\u00e7\u00e3o! Nunca pague por promessas de emprego nem compre cursos que garantam contrata\u00e7\u00e3o. Desconfie de qualquer cobran\u00e7a para participar de sele\u00e7\u00f5es.\n\n\n\n<\/div>\n<!-- CONTENT END 1 -->\n","protected":false},"excerpt":{"rendered":"<p>\u270d\ufe0f Ismael ColosiHeadhunter | R&amp;S | Mutir\u00e3o do Emprego Especialista em recrutamento e sele\u00e7\u00e3o com mais de 10 anos de experi\u00eancia. Headhunter com atua\u00e7\u00e3o em Ribeir\u00e3o Preto-SP e todo Brasil; fundador e presidente do iBEE &#8211; Instituto Brasileiro do Emprego e Empreendedorismo. \ud83d\udd17 LinkedIn \ud83d\udcf8 Instagram \ud83d\udc4d Facebook \ud83c\udf3f Linktree \ud83d\udcac WhatsApp \ud83d\udcc5 Atualizado em:&hellip;&nbsp;<\/p>\n","protected":false},"author":5,"featured_media":0,"comment_status":"closed","ping_status":"closed","sticky":false,"template":"","format":"standard","meta":{"_uag_custom_page_level_css":"","neve_meta_sidebar":"","neve_meta_container":"","neve_meta_enable_content_width":"off","neve_meta_content_width":70,"neve_meta_title_alignment":"","neve_meta_author_avatar":"","neve_post_elements_order":"","neve_meta_disable_header":"","neve_meta_disable_footer":"","neve_meta_disable_title":"","_jetpack_newsletter_access":"","_jetpack_dont_email_post_to_subs":false,"_jetpack_newsletter_tier_id":0,"_jetpack_memberships_contains_paywalled_content":false,"_jetpack_memberships_contains_paid_content":false,"footnotes":""},"categories":[1],"tags":[],"class_list":["post-91666","post","type-post","status-publish","format-standard","hentry","category-blog"],"uagb_featured_image_src":{"full":false,"thumbnail":false,"medium":false,"medium_large":false,"large":false,"1536x1536":false,"2048x2048":false,"neve-blog":false},"uagb_author_info":{"display_name":"Arthur Tijolo","author_link":"https:\/\/ismaelcolosi.com.br\/author\/autor-2024\/"},"uagb_comment_info":0,"uagb_excerpt":"\u270d\ufe0f Ismael ColosiHeadhunter | R&amp;S | Mutir\u00e3o do Emprego Especialista em recrutamento e sele\u00e7\u00e3o com mais de 10 anos de experi\u00eancia. Headhunter com atua\u00e7\u00e3o em Ribeir\u00e3o Preto-SP e todo Brasil; fundador e presidente do iBEE &#8211; Instituto Brasileiro do Emprego e Empreendedorismo. \ud83d\udd17 LinkedIn \ud83d\udcf8 Instagram \ud83d\udc4d Facebook \ud83c\udf3f Linktree \ud83d\udcac WhatsApp \ud83d\udcc5 Atualizado em:&hellip;&nbsp;","jetpack-related-posts":[],"jetpack_sharing_enabled":true,"jetpack_shortlink":"https:\/\/wp.me\/pfMlyK-nQu","jetpack_featured_media_url":"","_links":{"self":[{"href":"https:\/\/ismaelcolosi.com.br\/index.php\/wp-json\/wp\/v2\/posts\/91666","targetHints":{"allow":["GET"]}}],"collection":[{"href":"https:\/\/ismaelcolosi.com.br\/index.php\/wp-json\/wp\/v2\/posts"}],"about":[{"href":"https:\/\/ismaelcolosi.com.br\/index.php\/wp-json\/wp\/v2\/types\/post"}],"author":[{"embeddable":true,"href":"https:\/\/ismaelcolosi.com.br\/index.php\/wp-json\/wp\/v2\/users\/5"}],"replies":[{"embeddable":true,"href":"https:\/\/ismaelcolosi.com.br\/index.php\/wp-json\/wp\/v2\/comments?post=91666"}],"version-history":[{"count":2,"href":"https:\/\/ismaelcolosi.com.br\/index.php\/wp-json\/wp\/v2\/posts\/91666\/revisions"}],"predecessor-version":[{"id":91670,"href":"https:\/\/ismaelcolosi.com.br\/index.php\/wp-json\/wp\/v2\/posts\/91666\/revisions\/91670"}],"wp:attachment":[{"href":"https:\/\/ismaelcolosi.com.br\/index.php\/wp-json\/wp\/v2\/media?parent=91666"}],"wp:term":[{"taxonomy":"category","embeddable":true,"href":"https:\/\/ismaelcolosi.com.br\/index.php\/wp-json\/wp\/v2\/categories?post=91666"},{"taxonomy":"post_tag","embeddable":true,"href":"https:\/\/ismaelcolosi.com.br\/index.php\/wp-json\/wp\/v2\/tags?post=91666"}],"curies":[{"name":"wp","href":"https:\/\/api.w.org\/{rel}","templated":true}]}}