{"id":91664,"date":"2026-09-02T13:18:43","date_gmt":"2026-09-02T16:18:43","guid":{"rendered":"https:\/\/ismaelcolosi.com.br\/?p=91664"},"modified":"2026-09-02T13:24:06","modified_gmt":"2026-09-02T16:24:06","slug":"jovem-aprendiz-ribeirao-preto-presencial","status":"publish","type":"post","link":"https:\/\/ismaelcolosi.com.br\/index.php\/2026\/09\/02\/jovem-aprendiz-ribeirao-preto-presencial\/","title":{"rendered":"Jovem Aprendiz &#8211; Ribeir\u00e3o Preto &#8211; Presencial &#8211; Setor de educa\u00e7\u00e3o e sa\u00fade"},"content":{"rendered":"<style>\nh2{margin-top:40px;}<br \/>p,li,td,th,div{font-size:18px;line-height:1.8;}<br \/><\/style>\n<div style=\"background: linear-gradient(135deg,#f5f5f5 0%,#e8f5e9 100%); padding: 12px 18px; border-radius: 10px; border-left: 5px solid #2e7d32; margin: 15px 0 20px 0; display: flex; align-items: center; gap: 14px; flex-wrap: wrap; box-shadow: 0 1px 4px rgba(0,0,0,0.06);\">\n<div style=\"flex-shrink: 0;\"><img data-recalc-dims=\"1\" loading=\"lazy\" decoding=\"async\" style=\"width: 60px; height: 60px; border-radius: 50%; border: 2px solid #2e7d32; object-fit: cover;\" src=\"https:\/\/i0.wp.com\/ismaelcolosi.com.br\/wp-content\/uploads\/2026\/07\/ismael-colosi-foto-perfil-2025.jpeg?resize=60%2C60&#038;ssl=1\" alt=\"Ismael Colosi - Headhunter\" width=\"60\" height=\"60\" \/><\/div>\n<div style=\"flex: 1; min-width: 180px;\">\n<div style=\"display: flex; align-items: center; gap: 10px; flex-wrap: wrap;\"><span style=\"font-weight: bold; font-size: 16px; color: #1b5e20;\">\u270d\ufe0f Ismael Colosi<\/span><span style=\"font-size: 12px; color: #2e7d32; font-weight: 500;\">Headhunter | R&amp;S | Mutir\u00e3o do Emprego<\/span><\/div>\n<p style=\"margin: 3px 0 0 0; font-size: 15px; color: #555; line-height: 1.4;\">Especialista em recrutamento e sele\u00e7\u00e3o com mais de 10 anos de experi\u00eancia. Headhunter com atua\u00e7\u00e3o em Ribeir\u00e3o Preto-SP e todo Brasil; fundador e presidente do iBEE &#8211; Instituto Brasileiro do Emprego e Empreendedorismo.<\/p>\n<div style=\"margin-top: 4px; display: flex; gap: 6px; flex-wrap: wrap;\"><a style=\"background: #0a66c2; color: white; padding: 3px 10px; border-radius: 14px; text-decoration: none; font-size: 11px; display: inline-flex; align-items: center; gap: 4px;\" href=\"https:\/\/www.linkedin.com\/in\/ismael-colosi\/\" target=\"_blank\" rel=\"noopener noreferrer\">\ud83d\udd17 LinkedIn<\/a><br \/>\n<a style=\"background: linear-gradient(45deg,#f09433,#e6683c,#dc2743,#cc2366,#bc1888); color: white; padding: 3px 10px; border-radius: 14px; text-decoration: none; font-size: 11px; display: inline-flex; align-items: center; gap: 4px;\" href=\"https:\/\/www.instagram.com\/ismaelcolosi\/\" target=\"_blank\" rel=\"noopener noreferrer\">\ud83d\udcf8 Instagram<\/a><br \/>\n<a style=\"background: #1877f2; color: white; padding: 3px 10px; border-radius: 14px; text-decoration: none; font-size: 11px; display: inline-flex; align-items: center; gap: 4px;\" href=\"https:\/\/www.facebook.com\/ISMAELCOLOSI2025\" target=\"_blank\" rel=\"noopener noreferrer\">\ud83d\udc4d Facebook<\/a><br \/>\n<a style=\"background: #00b4d8; color: white; padding: 3px 10px; border-radius: 14px; text-decoration: none; font-size: 11px; display: inline-flex; align-items: center; gap: 4px;\" href=\"https:\/\/linktr.ee\/Ismael_Colosi\" target=\"_blank\" rel=\"noopener noreferrer\">\ud83c\udf3f Linktree<\/a><br \/>\n<a style=\"background: #25d366; color: white; padding: 3px 10px; border-radius: 14px; text-decoration: none; font-size: 11px; display: inline-flex; align-items: center; gap: 4px;\" href=\"https:\/\/wa.me\/5516991268411\" target=\"_blank\" rel=\"noopener noreferrer\">\ud83d\udcac WhatsApp<\/a><\/div>\n<\/div>\n<\/div>\n<p><strong>\ud83d\udcc5 Atualizado em:<\/strong> 18 de agosto de 2026<\/p>\n<p><strong>\ud83c\udfaf P\u00fablico-alvo:<\/strong> Jovens entre 14 e 24 anos (sem limite para PcD), cursando ou com ensino m\u00e9dio conclu\u00eddo, que buscam o primeiro emprego e desejam ingressar em uma grande empresa do setor de educa\u00e7\u00e3o e sa\u00fade. Ideal para quem mora em Ribeir\u00e3o Preto-SP e tem vontade de aprender e se desenvolver profissionalmente.<\/p>\n<h2>Introdu\u00e7\u00e3o<\/h2>\n<p>Iniciar a carreira profissional em uma empresa de grande porte \u00e9 um passo importante para o desenvolvimento de compet\u00eancias e para a constru\u00e7\u00e3o de um futuro promissor. A Afya, maior hub de educa\u00e7\u00e3o e solu\u00e7\u00f5es para a pr\u00e1tica m\u00e9dica do Brasil, oferece uma oportunidade de Jovem Aprendiz em Ribeir\u00e3o Preto-SP, com foco em atividades administrativas na \u00e1rea de Opera\u00e7\u00f5es. O programa proporciona aprendizado pr\u00e1tico, desenvolvimento de habilidades e contato com profissionais experientes, em um ambiente que valoriza o potencial de cada pessoa. A vaga \u00e9 presencial, com jornada de 6 horas di\u00e1rias, e inclui benef\u00edcios como vale-alimenta\u00e7\u00e3o, plano de sa\u00fade, Wellhub e acesso a plataformas de cursos e idiomas.<\/p>\n<div data-type=\"_mgwidget\" data-widget-id=\"1839050\"><\/div>\n<p><script>(function(w,q){w[q]=w[q]||[];w[q].push([\"_mgc.load\"])})(window,\"_mgq\");\n<\/script><\/p>\n<h2>Resumo da vaga<\/h2>\n<p>O Jovem Aprendiz atuar\u00e1 nas \u00e1reas corporativas da Afya, com foco em Opera\u00e7\u00f5es, apoiando atividades administrativas, aprendendo sobre processos corporativos, desenvolvendo compet\u00eancias como comunica\u00e7\u00e3o, organiza\u00e7\u00e3o, trabalho em equipe e protagonismo, e contribuindo para projetos que apoiam o crescimento da empresa. O contrato \u00e9 de aprendizagem (CLT), com carga hor\u00e1ria de 6 horas por dia, em modelo presencial em Ribeir\u00e3o Preto-SP. N\u00e3o \u00e9 exigida experi\u00eancia profissional anterior.<\/p>\n<div data-type=\"_mgwidget\" data-widget-id=\"1839050\"><\/div>\n<p><script>(function(w,q){w[q]=w[q]||[];w[q].push([\"_mgc.load\"])})(window,\"_mgq\");\n<\/script><\/p>\n<h2>Resumo r\u00e1pido<\/h2>\n<table style=\"border-collapse: collapse; width: 100%; max-width: 500px; border: 1px solid #ccc;\">\n<tbody>\n<tr>\n<td style=\"border: 1px solid #ccc; padding: 8px;\"><strong>Cargo<\/strong><\/td>\n<td style=\"border: 1px solid #ccc; padding: 8px;\">Jovem Aprendiz<\/td>\n<\/tr>\n<tr>\n<td style=\"border: 1px solid #ccc; padding: 8px;\"><strong>Modelo<\/strong><\/td>\n<td style=\"border: 1px solid #ccc; padding: 8px;\">Presencial (Ribeir\u00e3o Preto-SP)<\/td>\n<\/tr>\n<tr>\n<td style=\"border: 1px solid #ccc; padding: 8px;\"><strong>Contrata\u00e7\u00e3o<\/strong><\/td>\n<td style=\"border: 1px solid #ccc; padding: 8px;\">CLT &#8211; Contrato de Aprendizagem<\/td>\n<\/tr>\n<tr>\n<td style=\"border: 1px solid #ccc; padding: 8px;\"><strong>Sal\u00e1rio<\/strong><\/td>\n<td style=\"border: 1px solid #ccc; padding: 8px;\">N\u00e3o divulgado<\/td>\n<\/tr>\n<tr>\n<td style=\"border: 1px solid #ccc; padding: 8px;\"><strong>Escolaridade<\/strong><\/td>\n<td style=\"border: 1px solid #ccc; padding: 8px;\">Cursando ou ter conclu\u00eddo o Ensino M\u00e9dio<\/td>\n<\/tr>\n<tr>\n<td style=\"border: 1px solid #ccc; padding: 8px;\"><strong>Local<\/strong><\/td>\n<td style=\"border: 1px solid #ccc; padding: 8px;\">Ribeir\u00e3o Preto &#8211; SP<\/td>\n<\/tr>\n<tr>\n<td style=\"border: 1px solid #ccc; padding: 8px;\"><strong>Vagas<\/strong><\/td>\n<td style=\"border: 1px solid #ccc; padding: 8px;\">N\u00e3o especificado (aberto a PcD e reabilitados)<\/td>\n<\/tr>\n<\/tbody>\n<\/table>\n<div data-type=\"_mgwidget\" data-widget-id=\"1839050\"><\/div>\n<p><script>(function(w,q){w[q]=w[q]||[];w[q].push([\"_mgc.load\"])})(window,\"_mgq\");\n<\/script><\/p>\n<h2>Principais responsabilidades<\/h2>\n<ul>\n<li>Apoiar atividades administrativas da \u00e1rea de Opera\u00e7\u00f5es;<\/li>\n<li>Aprender sobre processos corporativos e ferramentas utilizadas no dia a dia;<\/li>\n<li>Desenvolver compet\u00eancias como comunica\u00e7\u00e3o, organiza\u00e7\u00e3o, trabalho em equipe e protagonismo;<\/li>\n<li>Participar da rotina de profissionais experientes, ampliando conhecimentos e vis\u00e3o de neg\u00f3cio;<\/li>\n<li>Contribuir para projetos e iniciativas que apoiam o crescimento da Afya.<\/li>\n<\/ul>\n<div data-type=\"_mgwidget\" data-widget-id=\"1839050\"><\/div>\n<p><script>(function(w,q){w[q]=w[q]||[];w[q].push([\"_mgc.load\"])})(window,\"_mgq\");\n<\/script><\/p>\n<h2>Requisitos obrigat\u00f3rios<\/h2>\n<h3>Idade e escolaridade<\/h3>\n<p>Ter entre 14 e 24 anos, conforme a Lei da Aprendizagem (n\u00e3o h\u00e1 limite m\u00e1ximo de idade para Pessoas com Defici\u00eancia); estar cursando ou ter conclu\u00eddo o Ensino M\u00e9dio; ter disponibilidade para cumprir a jornada do programa de aprendizagem; ter interesse em aprender, se desenvolver e iniciar sua carreira profissional.<\/p>\n<h3>Habilidades comportamentais<\/h3>\n<p>Vontade de aprender, crescer e construir uma trajet\u00f3ria de desenvolvimento; boa comunica\u00e7\u00e3o; organiza\u00e7\u00e3o e responsabilidade; curiosidade para aprender coisas novas; facilidade para trabalhar em equipe.<\/p>\n<div data-type=\"_mgwidget\" data-widget-id=\"1839050\"><\/div>\n<p><script>(function(w,q){w[q]=w[q]||[];w[q].push([\"_mgc.load\"])})(window,\"_mgq\");\n<\/script><\/p>\n<h2>Diferenciais<\/h2>\n<p>Conhecimentos b\u00e1sicos em inform\u00e1tica; boa comunica\u00e7\u00e3o; organiza\u00e7\u00e3o e responsabilidade; curiosidade para aprender coisas novas; facilidade para trabalhar em equipe. N\u00e3o \u00e9 necess\u00e1rio ter experi\u00eancia profissional.<\/p>\n<div data-type=\"_mgwidget\" data-widget-id=\"1839050\"><\/div>\n<p><script>(function(w,q){w[q]=w[q]||[];w[q].push([\"_mgc.load\"])})(window,\"_mgq\");\n<\/script><\/p>\n<h2>Benef\u00edcios<\/h2>\n<p><strong>Vale-alimenta\u00e7\u00e3o\/refei\u00e7\u00e3o:<\/strong> Para o dia a dia.<\/p>\n<p><strong>Vale-transporte:<\/strong> Para vagas h\u00edbridas ou presenciais.<\/p>\n<p><strong>Gympass \/ Wellhub:<\/strong> Acesso a atividades f\u00edsicas e bem-estar.<\/p>\n<p><strong>Psicologia Viva:<\/strong> Plataforma online para consulta com psic\u00f3logo e nutricionista.<\/p>\n<p><strong>Plano de Sa\u00fade e Odontol\u00f3gico:<\/strong> Cuidado com a sa\u00fade.<\/p>\n<p><strong>Seguro de Vida.<\/strong><\/p>\n<p><strong>Licen\u00e7a parental estendida:<\/strong> At\u00e9 6 meses para m\u00e3es e 20 dias para pais.<\/p>\n<p><strong>Parceria com o SESC:<\/strong> Programa\u00e7\u00e3o variada nas \u00e1reas de educa\u00e7\u00e3o, sa\u00fade, cultura, lazer e assist\u00eancia.<\/p>\n<p><strong>Day Off de Anivers\u00e1rio:<\/strong> Um dia de folga no dia ou durante o m\u00eas do anivers\u00e1rio.<\/p>\n<p><strong>Plataforma de cursos (UCA):<\/strong> Diversos cursos para aprimorar conhecimento.<\/p>\n<p><strong>Academia de idiomas (AIA):<\/strong> Oportunidade de aprendizado de idiomas.<\/p>\n<div data-type=\"_mgwidget\" data-widget-id=\"1839050\"><\/div>\n<p><script>(function(w,q){w[q]=w[q]||[];w[q].push([\"_mgc.load\"])})(window,\"_mgq\");\n<\/script><\/p>\n<h2>Sobre a empresa contratante<\/h2>\n<p>A Afya \u00e9 o maior ecossistema de educa\u00e7\u00e3o e solu\u00e7\u00f5es para a pr\u00e1tica m\u00e9dica do Brasil, unindo educa\u00e7\u00e3o, tecnologia e inova\u00e7\u00e3o para impactar milh\u00f5es de vidas. A marca nasceu em 2019, mas sua hist\u00f3ria come\u00e7ou com a uni\u00e3o entre a NRE Educacional, maior grupo de faculdades de Medicina do pa\u00eds, e a MEDCEL, marca de cursos preparat\u00f3rios para resid\u00eancia m\u00e9dica. A empresa possui mais de 30 unidades de ensino espalhadas pelo Brasil e mais de 10 startups de solu\u00e7\u00f5es digitais para a pr\u00e1tica m\u00e9dica, como Afya Whitebook, Afya iClinic e Glic. Com capital aberto na Nasdaq e B3, a Afya conta com um time de 10 mil pessoas e tem o prop\u00f3sito de transformar a sa\u00fade em conjunto com quem tem a medicina como voca\u00e7\u00e3o.<\/p>\n<div data-type=\"_mgwidget\" data-widget-id=\"1839050\"><\/div>\n<p><script>(function(w,q){w[q]=w[q]||[];w[q].push([\"_mgc.load\"])})(window,\"_mgq\");\n<\/script><\/p>\n<h2>Localidade e modelo de trabalho<\/h2>\n<p>A vaga \u00e9 presencial, em Ribeir\u00e3o Preto-SP, com atua\u00e7\u00e3o nas \u00e1reas corporativas da Afya. O contrato \u00e9 de aprendizagem, com carga hor\u00e1ria de 6 horas por dia. O programa \u00e9 voltado para jovens que desejam ter o primeiro contato com o mercado de trabalho em uma grande empresa.<\/p>\n<div data-type=\"_mgwidget\" data-widget-id=\"1839050\"><\/div>\n<p><script>(function(w,q){w[q]=w[q]||[];w[q].push([\"_mgc.load\"])})(window,\"_mgq\");\n<\/script><\/p>\n<h2>Perguntas frequentes (FAQ)<\/h2>\n<p><strong>Quem pode se candidatar \u00e0 vaga de Jovem Aprendiz?<\/strong><br \/>\nJovens entre 14 e 24 anos (sem limite de idade para PcD), que estejam cursando ou tenham conclu\u00eddo o Ensino M\u00e9dio, com interesse em aprender e iniciar a carreira profissional. N\u00e3o \u00e9 necess\u00e1rio ter experi\u00eancia.<\/p>\n<p><strong>O trabalho \u00e9 remoto?<\/strong><br \/>\nN\u00e3o, a vaga \u00e9 presencial, em Ribeir\u00e3o Preto-SP.<\/p>\n<p><strong>Qual \u00e9 a carga hor\u00e1ria?<\/strong><br \/>\nA jornada \u00e9 de 6 horas por dia, conforme o programa de aprendizagem.<\/p>\n<p><strong>Quais s\u00e3o os benef\u00edcios?<\/strong><br \/>\nVale-alimenta\u00e7\u00e3o\/refei\u00e7\u00e3o, vale-transporte, Wellhub, Psicologia Viva, plano de sa\u00fade e odontol\u00f3gico, seguro de vida, licen\u00e7a parental estendida, SESC, day off de anivers\u00e1rio, plataforma de cursos e academia de idiomas.<\/p>\n<p><strong>Preciso ter experi\u00eancia pr\u00e9via?<\/strong><br \/>\nN\u00e3o, a vaga \u00e9 destinada a jovens sem experi\u00eancia, e o que mais se valoriza \u00e9 a vontade de aprender e se desenvolver.<\/p>\n<p><strong>Como funciona o processo seletivo?<\/strong><br \/>\nO processo tem 5 etapas: Cadastro, Entrevista Inteligente, Momento de Troca, Etapa Proposta e Contrata\u00e7\u00e3o.<\/p>\n<p><strong>A vaga \u00e9 para PcD?<\/strong><br \/>\nSim, todas as oportunidades da Afya s\u00e3o abertas a pessoas com defici\u00eancia (PcD) e reabilitadas do INSS.<\/p>\n<div data-type=\"_mgwidget\" data-widget-id=\"1839050\"><\/div>\n<p><script>(function(w,q){w[q]=w[q]||[];w[q].push([\"_mgc.load\"])})(window,\"_mgq\");\n<\/script><\/p>\n<h2>Como se candidatar<\/h2>\n<div data-type=\"_mgwidget\" data-widget-id=\"1839050\"><\/div>\n<p><script>(function(w,q){w[q]=w[q]||[];w[q].push([\"_mgc.load\"])})(window,\"_mgq\");\n<\/script><\/p>\n<p>Os interessados devem seguir o passo a passo abaixo para se candidatar \u00e0 vaga:<\/p>\n<ol>\n<li><strong>Acesse a plataforma de recrutamento:<\/strong> Clique no link oficial da vaga para ser redirecionado \u00e0 p\u00e1gina de candidatura.<\/li>\n<li><strong>Crie seu perfil (se necess\u00e1rio):<\/strong> Caso a plataforma exija, fa\u00e7a um cadastro r\u00e1pido com e-mail e senha.<\/li>\n<li><strong>Preencha os dados solicitados:<\/strong> Informe suas informa\u00e7\u00f5es pessoais, forma\u00e7\u00e3o acad\u00eamica e disponibilidade.<\/li>\n<\/ol>\n<div data-type=\"_mgwidget\" data-widget-id=\"1839050\"><\/div>\n<p><script>(function(w,q){w[q]=w[q]||[];w[q].push([\"_mgc.load\"])})(window,\"_mgq\");\n<\/script><\/p>\n<ol start=\"4\">\n<li><strong>Envie seu curr\u00edculo atualizado:<\/strong> Anexe o arquivo em formato PDF ou Word, se necess\u00e1rio.<\/li>\n<li><strong>Finalize a candidatura:<\/strong> Revise os dados e clique em &#8220;Enviar&#8221; ou &#8220;Candidatar-se&#8221;.<\/li>\n<li><strong>Acompanhe o processo:<\/strong> Fique atento ao seu e-mail ou \u00e0 plataforma para retorno da empresa.<\/li>\n<\/ol>\n<div data-type=\"_mgwidget\" data-widget-id=\"1839050\"><\/div>\n<p><script>(function(w,q){w[q]=w[q]||[];w[q].push([\"_mgc.load\"])})(window,\"_mgq\");\n<\/script><\/p>\n<p><strong>N\u00e3o perca essa oportunidade!<\/strong> Clique no bot\u00e3o abaixo e candidate-se agora.<\/p>\n<p style=\"text-align: center; margin: 20px 0;\"><a style=\"background-color: #2e7d32; color: white; padding: 12px 25px; text-decoration: none; border-radius: 5px; display: inline-block; font-weight: bold;\" href=\"https:\/\/afya.gupy.io\/job\/eyJqb2JJZCI6MTIxNjA4NTUsInNvdXJjZSI6ImluZGVlZCJ9?jobBoardSource=share_link\" target=\"_blank\" rel=\"nofollow sponsored noopener\">\u2705 Candidatar-se agora<\/a><\/p>\n<p style=\"font-size: 14px; color: #666; background-color: #f9f9f9; padding: 12px; border-left: 4px solid #f44336;\">\u26a0\ufe0f <strong>Alerta de seguran\u00e7a:<\/strong> Nunca pague por promessas de emprego. O Ismael Colosi n\u00e3o cobra nada dos candidatos.<\/p>\n<p style=\"font-size: 14px; color: #666; background-color: #fff3cd; padding: 12px; border-left: 4px solid #ffc107; margin: 0;\">\u26a0\ufe0f <strong>Aviso importante:<\/strong> As vagas divulgadas neste portal s\u00e3o de responsabilidade dos anunciantes e podem ser retiradas do ar a qualquer momento, sem aviso pr\u00e9vio, por decis\u00e3o do empregador. Recomendamos que os candidatos verifiquem a disponibilidade da vaga no link oficial antes de iniciar o processo seletivo.<\/p>\n<h2>Leia tamb\u00e9m<\/h2>\n<ul>\n<li><a href=\"https:\/\/ismaelcolosi.com.br\/index.php\/category\/empregos-classificados-vagas-trabalho\/vagas-de-empregos-em-ribeirao-preto-regiao-brasil\/vagas-de-emprego-para-trabalhar-de-casa-home-office-remoto\/\">Todas as vagas remotas<\/a><\/li>\n<li><a href=\"https:\/\/api.whatsapp.com\/send?phone=5516991268411&amp;text=Ol%C3%A1%20*Ismael%20Colosi*%20%2C%20me%20coloque%20no%20grupo%20de%20empregos%20por%20favor%0A%0A\" target=\"_blank\" rel=\"noopener\">Grupo de empregos Home Office no WhatsApp<\/a><\/li>\n<\/ul>\n<p><em>Esta vaga foi selecionada pelo portal Ismael Colosi com base nos crit\u00e9rios de transpar\u00eancia salarial e acessibilidade de escolaridade para trabalho remoto.<\/em><\/p>\n<p><strong>Sobre o portal Ismael Colosi:<\/strong> O Ismael Colosi \u00e9 um portal de empregos que conecta profissionais a oportunidades de trabalho em todo o Brasil. Selecionamos vagas com transpar\u00eancia salarial e acessibilidade para todos os n\u00edveis de escolaridade.<\/p>\n<p style=\"font-size: 12px; color: #888; margin-top: 20px;\">\ud83d\udce2 <strong>Aviso Legal:<\/strong> O site ismaelcolosi.com.br atua apenas como um canal de divulga\u00e7\u00e3o de oportunidades de emprego e n\u00e3o se responsabiliza pelo processo seletivo, contrata\u00e7\u00e3o ou qualquer outra etapa relacionada \u00e0s vagas publicadas. Todas as informa\u00e7\u00f5es s\u00e3o de responsabilidade dos anunciantes.<\/p>\n<p><strong>Palavras-chave:<\/strong> Jovem Aprendiz, Afya, Ribeir\u00e3o Preto, presencial, CLT, aprendizagem, primeiro emprego, administrativo, opera\u00e7\u00f5es, ensino m\u00e9dio, PcD, benef\u00edcios.<\/p>\n<p><script type=\"application\/ld+json\">\n{\n\"@context\":\"https:\/\/schema.org\",\n\"@type\":\"JobPosting\",\n\"title\":\"Jovem Aprendiz | Ribeir\u00e3o Preto - Presencial \u2013 CLT \u2013 Sal\u00e1rio n\u00e3o divulgado \u2013 Ensino M\u00e9dio (cursando ou completo)\",\n\"description\":\"Vaga presencial para Jovem Aprendiz na Afya em Ribeir\u00e3o Preto-SP. Atua\u00e7\u00e3o em atividades administrativas na \u00e1rea de Opera\u00e7\u00f5es. Contrato de aprendizagem CLT, 6h\/dia, sem necessidade de experi\u00eancia.\",\n\"datePosted\":\"2026-08-18\",\n\"dateModified\":\"2026-08-18\",\n\"validThrough\":\"2026-10-17\",\n\"employmentType\":\"APPRENTICE\",\n\"hiringOrganization\":{\"@type\":\"Organization\",\"name\":\"Afya\",\"sameAs\":\"https:\/\/www.afya.com.br\/\"},\n\"jobLocation\":{\"@type\":\"Place\",\"address\":{\"@type\":\"PostalAddress\",\"addressLocality\":\"Ribeir\u00e3o Preto\",\"addressRegion\":\"SP\",\"addressCountry\":\"BR\"}},\n\"baseSalary\":{\"@type\":\"MonetaryAmount\",\"currency\":\"BRL\",\"value\":{\"@type\":\"QuantitativeValue\",\"value\":0,\"unitText\":\"MONTH\"}},\n\"salaryCurrency\":\"BRL\",\n\"jobBenefits\":\"Vale-alimenta\u00e7\u00e3o\/refei\u00e7\u00e3o, Vale-transporte, Wellhub, Psicologia Viva, Plano de Sa\u00fade e Odontol\u00f3gico, Seguro de Vida, Licen\u00e7a parental estendida, SESC, Day Off de Anivers\u00e1rio, Plataforma de cursos, Academia de idiomas\",\n\"responsibilities\":\"Apoiar atividades administrativas; Aprender processos corporativos; Desenvolver compet\u00eancias; Participar da rotina de profissionais experientes; Contribuir para projetos.\",\n\"qualifications\":\"Idade entre 14 e 24 anos (sem limite para PcD); Cursando ou ter conclu\u00eddo Ensino M\u00e9dio; Disponibilidade para 6h\/dia; Interesse em aprender; Boa comunica\u00e7\u00e3o e organiza\u00e7\u00e3o.\",\n\"educationRequirements\":{\"@type\":\"EducationalOccupationalCredential\",\"credentialCategory\":\"Ensino M\u00e9dio cursando ou completo\"},\n\"occupationalCategory\":\"43-0000\",\n\"industry\":\"Educa\u00e7\u00e3o \/ Sa\u00fade\",\n\"workHours\":\"6h por dia\",\n\"employmentUnit\":{\"@type\":\"Organization\",\"name\":\"Opera\u00e7\u00f5es\"},\n\"incentiveCompensation\":\"Nenhum\",\n\"totalJobOpenings\":\"N\u00e3o especificado\",\n\"url\":\"https:\/\/ismaelcolosi.com.br\/jovem-aprendiz-afya-ribeirao-preto\/\"\n}\n<\/script><\/p>\n<div class='code-block code-block-4' style='margin: 8px auto 8px 0; text-align: left; display: block; clear: both;'>\n\ud83d\udce2 Aviso Legal\n\nO site ismaelcolosi.com.br atua apenas como um canal de divulga\u00e7\u00e3o de oportunidades de emprego e n\u00e3o se responsabiliza pelo processo seletivo, contrata\u00e7\u00e3o ou qualquer outra etapa relacionada \u00e0s vagas publicadas. Todas as informa\u00e7\u00f5es s\u00e3o de responsabilidade dos anunciantes.\n\n\u26a0\ufe0f Aten\u00e7\u00e3o! Nunca pague por promessas de emprego nem compre cursos que garantam contrata\u00e7\u00e3o. Desconfie de qualquer cobran\u00e7a para participar de sele\u00e7\u00f5es.\n\n\n\n<\/div>\n<!-- CONTENT END 1 -->\n","protected":false},"excerpt":{"rendered":"<p>\u270d\ufe0f Ismael ColosiHeadhunter | R&amp;S | Mutir\u00e3o do Emprego Especialista em recrutamento e sele\u00e7\u00e3o com mais de 10 anos de experi\u00eancia. Headhunter com atua\u00e7\u00e3o em Ribeir\u00e3o Preto-SP e todo Brasil; fundador e presidente do iBEE &#8211; Instituto Brasileiro do Emprego e Empreendedorismo. \ud83d\udd17 LinkedIn \ud83d\udcf8 Instagram \ud83d\udc4d Facebook \ud83c\udf3f Linktree \ud83d\udcac WhatsApp \ud83d\udcc5 Atualizado em:&hellip;&nbsp;<\/p>\n","protected":false},"author":5,"featured_media":89948,"comment_status":"closed","ping_status":"closed","sticky":false,"template":"","format":"standard","meta":{"_uag_custom_page_level_css":"","neve_meta_sidebar":"","neve_meta_container":"","neve_meta_enable_content_width":"off","neve_meta_content_width":70,"neve_meta_title_alignment":"","neve_meta_author_avatar":"","neve_post_elements_order":"","neve_meta_disable_header":"","neve_meta_disable_footer":"","neve_meta_disable_title":"","_jetpack_newsletter_access":"","_jetpack_dont_email_post_to_subs":false,"_jetpack_newsletter_tier_id":0,"_jetpack_memberships_contains_paywalled_content":false,"_jetpack_memberships_contains_paid_content":false,"footnotes":""},"categories":[7],"tags":[],"class_list":["post-91664","post","type-post","status-publish","format-standard","has-post-thumbnail","hentry","category-vagas-de-empregos-em-ribeirao-preto-regiao-brasil"],"uagb_featured_image_src":{"full":["https:\/\/i0.wp.com\/ismaelcolosi.com.br\/wp-content\/uploads\/2026\/04\/20250612_1215_Mudanca-de-Cores_remix_01jxjb9g2genw9daxdvaf973a7.png?fit=1024%2C1536&ssl=1",1024,1536,false],"thumbnail":["https:\/\/i0.wp.com\/ismaelcolosi.com.br\/wp-content\/uploads\/2026\/04\/20250612_1215_Mudanca-de-Cores_remix_01jxjb9g2genw9daxdvaf973a7.png?resize=150%2C150&ssl=1",150,150,true],"medium":["https:\/\/i0.wp.com\/ismaelcolosi.com.br\/wp-content\/uploads\/2026\/04\/20250612_1215_Mudanca-de-Cores_remix_01jxjb9g2genw9daxdvaf973a7.png?fit=200%2C300&ssl=1",200,300,true],"medium_large":["https:\/\/i0.wp.com\/ismaelcolosi.com.br\/wp-content\/uploads\/2026\/04\/20250612_1215_Mudanca-de-Cores_remix_01jxjb9g2genw9daxdvaf973a7.png?fit=768%2C1152&ssl=1",768,1152,true],"large":["https:\/\/i0.wp.com\/ismaelcolosi.com.br\/wp-content\/uploads\/2026\/04\/20250612_1215_Mudanca-de-Cores_remix_01jxjb9g2genw9daxdvaf973a7.png?fit=683%2C1024&ssl=1",683,1024,true],"1536x1536":["https:\/\/i0.wp.com\/ismaelcolosi.com.br\/wp-content\/uploads\/2026\/04\/20250612_1215_Mudanca-de-Cores_remix_01jxjb9g2genw9daxdvaf973a7.png?fit=1024%2C1536&ssl=1",1024,1536,true],"2048x2048":["https:\/\/i0.wp.com\/ismaelcolosi.com.br\/wp-content\/uploads\/2026\/04\/20250612_1215_Mudanca-de-Cores_remix_01jxjb9g2genw9daxdvaf973a7.png?fit=1024%2C1536&ssl=1",1024,1536,true],"neve-blog":["https:\/\/i0.wp.com\/ismaelcolosi.com.br\/wp-content\/uploads\/2026\/04\/20250612_1215_Mudanca-de-Cores_remix_01jxjb9g2genw9daxdvaf973a7.png?resize=930%2C620&ssl=1",930,620,true]},"uagb_author_info":{"display_name":"Arthur Tijolo","author_link":"https:\/\/ismaelcolosi.com.br\/author\/autor-2024\/"},"uagb_comment_info":0,"uagb_excerpt":"\u270d\ufe0f Ismael ColosiHeadhunter | R&amp;S | Mutir\u00e3o do Emprego Especialista em recrutamento e sele\u00e7\u00e3o com mais de 10 anos de experi\u00eancia. Headhunter com atua\u00e7\u00e3o em Ribeir\u00e3o Preto-SP e todo Brasil; fundador e presidente do iBEE &#8211; Instituto Brasileiro do Emprego e Empreendedorismo. \ud83d\udd17 LinkedIn \ud83d\udcf8 Instagram \ud83d\udc4d Facebook \ud83c\udf3f Linktree \ud83d\udcac WhatsApp \ud83d\udcc5 Atualizado em:&hellip;&nbsp;","jetpack-related-posts":[{"id":81992,"url":"https:\/\/ismaelcolosi.com.br\/index.php\/2025\/01\/22\/vagas-de-emprego-para-atendente-em-ribeirao-preto-sp-10\/","url_meta":{"origin":91664,"position":0},"title":"Vagas de emprego para Atendente em Ribeir\u00e3o Preto-SP","author":"ismaelcolosi.com.br","date":"22 de Janeiro de 2025","format":false,"excerpt":"ATENDENTE CAIXA ATENDENTE REPOSITOR ATENDENTE REPOSITOR Atendente de Lanchonete - Loja Ribeir\u00e3o Preto ATENDENTE REPOSITOR Atendente de Farm\u00e1cia-RIBEIR\u00c3O PRETO\/SP (RIBEIR\u00c3O PRETO AK) Atendente de Farm\u00e1cia-RIBEIR\u00c3O PRETO\/SP (RIBEIR\u00c3O PRETO Y) Atendente de Farm\u00e1cia-RIBEIR\u00c3O PRETO\/SP (RIBEIR\u00c3O PRETO AK) Atendente de Farm\u00e1cia-RIBEIR\u00c3O PRETO\/SP (RIBEIR\u00c3O PRETO AK)","rel":"","context":"In &quot;Vagas de Emprego em Ribeir\u00e3o Preto-SP&quot;","block_context":{"text":"Vagas de Emprego em Ribeir\u00e3o Preto-SP","link":"https:\/\/ismaelcolosi.com.br\/index.php\/category\/empregos-classificados-vagas-trabalho\/vagas-de-empregos-em-ribeirao-preto-regiao-brasil\/"},"img":{"alt_text":"","src":"https:\/\/i0.wp.com\/ismaelcolosi.com.br\/wp-content\/uploads\/2025\/01\/1737540224_latest.jpeg?fit=1200%2C675&ssl=1&resize=350%2C200","width":350,"height":200,"srcset":"https:\/\/i0.wp.com\/ismaelcolosi.com.br\/wp-content\/uploads\/2025\/01\/1737540224_latest.jpeg?fit=1200%2C675&ssl=1&resize=350%2C200 1x, https:\/\/i0.wp.com\/ismaelcolosi.com.br\/wp-content\/uploads\/2025\/01\/1737540224_latest.jpeg?fit=1200%2C675&ssl=1&resize=525%2C300 1.5x, https:\/\/i0.wp.com\/ismaelcolosi.com.br\/wp-content\/uploads\/2025\/01\/1737540224_latest.jpeg?fit=1200%2C675&ssl=1&resize=700%2C400 2x, https:\/\/i0.wp.com\/ismaelcolosi.com.br\/wp-content\/uploads\/2025\/01\/1737540224_latest.jpeg?fit=1200%2C675&ssl=1&resize=1050%2C600 3x"},"classes":[]},{"id":69488,"url":"https:\/\/ismaelcolosi.com.br\/index.php\/2024\/10\/06\/vagas-de-emprego-para-atendente-em-ribeirao-preto-sp-8\/","url_meta":{"origin":91664,"position":1},"title":"Vagas de emprego para Atendente em Ribeir\u00e3o Preto-SP","author":"ismaelcolosi.com.br","date":"6 de Outubro de 2024","format":false,"excerpt":"AME RP: Agente de PORTARIA Hospitalar Atendente ATENDENTE REPOSITOR Atendente de Loja Atendente de Farm\u00e1cia - Ribeir\u00e3o Preto\/SP (RIBEIR\u00c3O PRETO AD) Atendente de Recep\u00e7\u00e3o\/ Comercial - Ribeir\u00e3o Preto Atendente de Farm\u00e1cia - Ribeir\u00e3o Preto\/SP (RIBEIR\u00c3O PRETO AD) Atendente de Farm\u00e1cia - Ribeir\u00e3o Preto\/SP (RIBEIR\u00c3O PRETO AD)","rel":"","context":"In &quot;Vagas de Emprego em Ribeir\u00e3o Preto-SP&quot;","block_context":{"text":"Vagas de Emprego em Ribeir\u00e3o Preto-SP","link":"https:\/\/ismaelcolosi.com.br\/index.php\/category\/empregos-classificados-vagas-trabalho\/vagas-de-empregos-em-ribeirao-preto-regiao-brasil\/"},"img":{"alt_text":"","src":"https:\/\/i0.wp.com\/ismaelcolosi.com.br\/wp-content\/uploads\/2024\/10\/latest.jpeg?fit=1200%2C675&ssl=1&resize=350%2C200","width":350,"height":200,"srcset":"https:\/\/i0.wp.com\/ismaelcolosi.com.br\/wp-content\/uploads\/2024\/10\/latest.jpeg?fit=1200%2C675&ssl=1&resize=350%2C200 1x, https:\/\/i0.wp.com\/ismaelcolosi.com.br\/wp-content\/uploads\/2024\/10\/latest.jpeg?fit=1200%2C675&ssl=1&resize=525%2C300 1.5x, https:\/\/i0.wp.com\/ismaelcolosi.com.br\/wp-content\/uploads\/2024\/10\/latest.jpeg?fit=1200%2C675&ssl=1&resize=700%2C400 2x, https:\/\/i0.wp.com\/ismaelcolosi.com.br\/wp-content\/uploads\/2024\/10\/latest.jpeg?fit=1200%2C675&ssl=1&resize=1050%2C600 3x"},"classes":[]},{"id":30029,"url":"https:\/\/ismaelcolosi.com.br\/index.php\/2024\/01\/19\/mais-de-10-vagas-de-emprego-para-vendedor-aem-ribeirao-preto-sp-16\/","url_meta":{"origin":91664,"position":2},"title":"Mais de 10 vagas de emprego para Vendedor (a)em Ribeir\u00e3o Preto-SP","author":"ismaelcolosi.com.br","date":"19 de Janeiro de 2024","format":false,"excerpt":"Vendedor | Vans Ribeir\u00e3o | Ribeir\u00e3o Preto-SP FARM | Vendedor | Iguatemi Ribeir\u00e3o Vendedor(a) Interno(a) - C\u00e9lula Mec\u00e2nica - Ribeir\u00e3o Preto\/SP Renner - Assistente de Vendas Vendedor de Loja | Ribeir\u00e3o Preto\/SP Vendedor - Ribeir\u00e3o Shopping FARM | Vendedor | Iguatemi Ribeir\u00e3o Vendedor (a) de Ve\u00edculos Seminovos Vendedor(a) Interno(a) -\u2026","rel":"","context":"In &quot;Vagas de Emprego em Ribeir\u00e3o Preto-SP&quot;","block_context":{"text":"Vagas de Emprego em Ribeir\u00e3o Preto-SP","link":"https:\/\/ismaelcolosi.com.br\/index.php\/category\/empregos-classificados-vagas-trabalho\/vagas-de-empregos-em-ribeirao-preto-regiao-brasil\/"},"img":{"alt_text":"","src":"","width":0,"height":0},"classes":[]},{"id":1401,"url":"https:\/\/ismaelcolosi.com.br\/index.php\/2023\/11\/12\/mais-de-10-vagas-de-emprego-para-vendedor-aem-ribeirao-preto-sp\/","url_meta":{"origin":91664,"position":3},"title":"Mais de 10 vagas de emprego para Vendedor (a)em Ribeir\u00e3o Preto-SP","author":"ismaelcolosi.com.br","date":"12 de Novembro de 2023","format":false,"excerpt":"Vendedor Jr. - Ribeir\u00e3o Preto - TEMPOR\u00c1RIO Auxiliar de Vendas - Ribeir\u00e3o Preto Vendedora - Ribeir\u00e3o Shopping - Ribeir\u00e3o Preto\/SP Vendedor de Loja - Ribeir\u00e3o Preto, SP Auxiliar de Vendas - Ribeir\u00e3o Preto Vendedor(a) Interno(a) - C\u00e9lula Mec\u00e2nica - Ribeir\u00e3o Preto\/SP FARM | Vendedor | Iguatemi Ribeir\u00e3o Renner - Assistente\u2026","rel":"","context":"In &quot;Vagas de Emprego em Ribeir\u00e3o Preto-SP&quot;","block_context":{"text":"Vagas de Emprego em Ribeir\u00e3o Preto-SP","link":"https:\/\/ismaelcolosi.com.br\/index.php\/category\/empregos-classificados-vagas-trabalho\/vagas-de-empregos-em-ribeirao-preto-regiao-brasil\/"},"img":{"alt_text":"","src":"","width":0,"height":0},"classes":[]},{"id":39394,"url":"https:\/\/ismaelcolosi.com.br\/index.php\/2024\/02\/25\/mais-de-10-vagas-de-emprego-para-vendedor-aem-ribeirao-preto-sp-19\/","url_meta":{"origin":91664,"position":4},"title":"Mais de 10 vagas de emprego para Vendedor (a)em Ribeir\u00e3o Preto-SP","author":"ismaelcolosi.com.br","date":"25 de Fevereiro de 2024","format":false,"excerpt":"Auxiliar de Vendas - Ribeir\u00e3o Preto Vendedor(a) Interno(a) - C\u00e9lula Mec\u00e2nica - Ribeir\u00e3o Preto\/SP Ribeir\u00e3o Preto Vendedor | Vans Ribeir\u00e3o | Ribeir\u00e3o Preto-SP Vendedora - Shopping Iguatemi - Ribeir\u00e3o Preto\/SP Vendedor(a) Jr. em Ribeir\u00e3o Preto - 75055 Vendedor (a) Ribeir\u00e3o Preto - SP Vendedor Externo Vendedor - Ribeir\u00e3o Shopping Vendedora\u2026","rel":"","context":"In &quot;Vagas de Emprego em Ribeir\u00e3o Preto-SP&quot;","block_context":{"text":"Vagas de Emprego em Ribeir\u00e3o Preto-SP","link":"https:\/\/ismaelcolosi.com.br\/index.php\/category\/empregos-classificados-vagas-trabalho\/vagas-de-empregos-em-ribeirao-preto-regiao-brasil\/"},"img":{"alt_text":"","src":"","width":0,"height":0},"classes":[]},{"id":55908,"url":"https:\/\/ismaelcolosi.com.br\/index.php\/2024\/07\/08\/vagas-de-emprego-para-atendente-em-ribeirao-preto-sp-5\/","url_meta":{"origin":91664,"position":5},"title":"Vagas de emprego para Atendente em Ribeir\u00e3o Preto-SP","author":"ismaelcolosi.com.br","date":"8 de Julho de 2024","format":false,"excerpt":"Atendente de Loja - Fast Food - Ribeir\u00e3o Preto Ribeir\u00e3o Preto - SP Efetivo Atendente de Polo - Ribeir\u00e3o Preto\/SP Atendente de Restaurante ATENDENTE REPOSITOR ATENDENTE REPOSITOR Atendente de Loja - Fast Food - Ribeir\u00e3o Preto Atendente de Recep\u00e7\u00e3o\/ Comercial - Ribeir\u00e3o Preto Atendente de Loja - Fast Food -\u2026","rel":"","context":"In &quot;Vagas de Emprego em Ribeir\u00e3o Preto-SP&quot;","block_context":{"text":"Vagas de Emprego em Ribeir\u00e3o Preto-SP","link":"https:\/\/ismaelcolosi.com.br\/index.php\/category\/empregos-classificados-vagas-trabalho\/vagas-de-empregos-em-ribeirao-preto-regiao-brasil\/"},"img":{"alt_text":"","src":"https:\/\/i0.wp.com\/ismaelcolosi.com.br\/wp-content\/uploads\/2024\/07\/latest.jpeg?fit=1200%2C675&ssl=1&resize=350%2C200","width":350,"height":200,"srcset":"https:\/\/i0.wp.com\/ismaelcolosi.com.br\/wp-content\/uploads\/2024\/07\/latest.jpeg?fit=1200%2C675&ssl=1&resize=350%2C200 1x, https:\/\/i0.wp.com\/ismaelcolosi.com.br\/wp-content\/uploads\/2024\/07\/latest.jpeg?fit=1200%2C675&ssl=1&resize=525%2C300 1.5x, https:\/\/i0.wp.com\/ismaelcolosi.com.br\/wp-content\/uploads\/2024\/07\/latest.jpeg?fit=1200%2C675&ssl=1&resize=700%2C400 2x, https:\/\/i0.wp.com\/ismaelcolosi.com.br\/wp-content\/uploads\/2024\/07\/latest.jpeg?fit=1200%2C675&ssl=1&resize=1050%2C600 3x"},"classes":[]}],"jetpack_sharing_enabled":true,"jetpack_shortlink":"https:\/\/wp.me\/pfMlyK-nQs","jetpack_featured_media_url":"https:\/\/i0.wp.com\/ismaelcolosi.com.br\/wp-content\/uploads\/2026\/04\/20250612_1215_Mudanca-de-Cores_remix_01jxjb9g2genw9daxdvaf973a7.png?fit=1024%2C1536&ssl=1","_links":{"self":[{"href":"https:\/\/ismaelcolosi.com.br\/index.php\/wp-json\/wp\/v2\/posts\/91664","targetHints":{"allow":["GET"]}}],"collection":[{"href":"https:\/\/ismaelcolosi.com.br\/index.php\/wp-json\/wp\/v2\/posts"}],"about":[{"href":"https:\/\/ismaelcolosi.com.br\/index.php\/wp-json\/wp\/v2\/types\/post"}],"author":[{"embeddable":true,"href":"https:\/\/ismaelcolosi.com.br\/index.php\/wp-json\/wp\/v2\/users\/5"}],"replies":[{"embeddable":true,"href":"https:\/\/ismaelcolosi.com.br\/index.php\/wp-json\/wp\/v2\/comments?post=91664"}],"version-history":[{"count":3,"href":"https:\/\/ismaelcolosi.com.br\/index.php\/wp-json\/wp\/v2\/posts\/91664\/revisions"}],"predecessor-version":[{"id":91668,"href":"https:\/\/ismaelcolosi.com.br\/index.php\/wp-json\/wp\/v2\/posts\/91664\/revisions\/91668"}],"wp:featuredmedia":[{"embeddable":true,"href":"https:\/\/ismaelcolosi.com.br\/index.php\/wp-json\/wp\/v2\/media\/89948"}],"wp:attachment":[{"href":"https:\/\/ismaelcolosi.com.br\/index.php\/wp-json\/wp\/v2\/media?parent=91664"}],"wp:term":[{"taxonomy":"category","embeddable":true,"href":"https:\/\/ismaelcolosi.com.br\/index.php\/wp-json\/wp\/v2\/categories?post=91664"},{"taxonomy":"post_tag","embeddable":true,"href":"https:\/\/ismaelcolosi.com.br\/index.php\/wp-json\/wp\/v2\/tags?post=91664"}],"curies":[{"name":"wp","href":"https:\/\/api.w.org\/{rel}","templated":true}]}}