{"id":9165,"date":"2023-12-01T16:17:52","date_gmt":"2023-12-01T19:17:52","guid":{"rendered":"https:\/\/ismaelcolosi.com.br\/index.php\/2023\/12\/01\/tico-santa-cruz-da-inicio-a-tratamento-com-canabidiol-e-explica-motivo\/"},"modified":"2023-12-01T16:17:52","modified_gmt":"2023-12-01T19:17:52","slug":"tico-santa-cruz-da-inicio-a-tratamento-com-canabidiol-e-explica-motivo","status":"publish","type":"post","link":"https:\/\/ismaelcolosi.com.br\/index.php\/2023\/12\/01\/tico-santa-cruz-da-inicio-a-tratamento-com-canabidiol-e-explica-motivo\/","title":{"rendered":"Tico Santa Cruz d\u00e1 in\u00edcio a tratamento com canabidiol e explica motivo"},"content":{"rendered":"<p> <br \/>\n<\/p>\n<div itemprop=\"text\">\n<p>O uso de rem\u00e9dios a base de canidibiol j\u00e1 foi discuss\u00e3o por muito tempo no ramo da medicina e tamb\u00e9m entre os pacientes. Os medicamentos s\u00e3o cientificamente comprovados e autorizados para uso de diferentes condi\u00e7\u00f5es.<\/p>\n<p>O cantor Tico Santa Cruz, em seu perfil no Facebook, contou aos seguidores o motivo de optar pelo uso do medicamento. Segundo ele, a escolha foi para tratar uma condi\u00e7\u00e3o que o acompanha a anos.<\/p>\n<p>Ansiedade e ins\u00f4nia s\u00e3o os motivos os cantor optar pelo medicamento. Tico contou que convive desde os vinte e poucos anos com o aux\u00edlio de psican\u00e1lise no in\u00edcio e do uso de rem\u00e9dios controlados.<\/p>\n<p><em>\u201cQuero compartilhar com voc\u00eas uma escolha que fiz para esse momento da minha vida em que estou me organizando mentalmente, profissionalmente, familiarmente\u2026 Tenho um quadro de ansiedade e ins\u00f4nia, que j\u00e1 identifiquei desde que tinha vinte e poucos anos e que obviamente j\u00e1 me trouxeram in\u00fameros problemas\u201d<\/em>.<\/p>\n<p>Para ele, a ins\u00f4nia tamb\u00e9m j\u00e1 lhe trouxe preju\u00edzos em seu trabalho por afetar diretamente a voz. Ele teve de contar com ajuda profissional para conseguir driblar esses problemas com ajuda de diversos profissionais.<\/p>\n<p>Tico contou que sua vida tem uma rotina de atividades f\u00edsicas, sem v\u00edcios e sempre procurou o melhor por sua sa\u00fade, mesmo, segundo ele, tendo uma imagem de algu\u00e9m que aparenta ser irrespons\u00e1vel.<\/p>\n<p>Ele ainda trouxe uma reflex\u00e3o sobre o preconceito que h\u00e1 em volta do uso do medicamento e conta que para adquirir a medica\u00e7\u00e3o, foi necess\u00e1rio um cadastro na ANVISA.<\/p>\n<\/div>\n<p><br \/>\n<br \/><a href=\"https:\/\/fnmais.com\/tico-santa-cruz-inicio-tratamento-com-canabidiol-explica-motivo\/\">Source link <\/a><\/p>\n<div class='code-block code-block-4' style='margin: 8px auto 8px 0; text-align: left; display: block; clear: both;'>\n\ud83d\udce2 Aviso Legal\n\nO site ismaelcolosi.com.br atua apenas como um canal de divulga\u00e7\u00e3o de oportunidades de emprego e n\u00e3o se responsabiliza pelo processo seletivo, contrata\u00e7\u00e3o ou qualquer outra etapa relacionada \u00e0s vagas publicadas. Todas as informa\u00e7\u00f5es s\u00e3o de responsabilidade dos anunciantes.\n\n\u26a0\ufe0f Aten\u00e7\u00e3o! Nunca pague por promessas de emprego nem compre cursos que garantam contrata\u00e7\u00e3o. Desconfie de qualquer cobran\u00e7a para participar de sele\u00e7\u00f5es.\n\n\n\n<\/div>\n<!-- CONTENT END 1 -->\n","protected":false},"excerpt":{"rendered":"<p>O uso de rem\u00e9dios a base de canidibiol j\u00e1 foi discuss\u00e3o por muito tempo no ramo da medicina e tamb\u00e9m entre os pacientes. Os medicamentos&#8230;<\/p>\n","protected":false},"author":1,"featured_media":9166,"comment_status":"open","ping_status":"open","sticky":false,"template":"","format":"standard","meta":{"_uag_custom_page_level_css":"","advanced_seo_description":"","jetpack_seo_html_title":"","jetpack_seo_noindex":false,"jetpack_post_was_ever_published":false,"_jetpack_newsletter_access":"","_jetpack_dont_email_post_to_subs":false,"_jetpack_newsletter_tier_id":0,"_jetpack_memberships_contains_paywalled_content":false,"_jetpack_memberships_contains_paid_content":false,"footnotes":"","jetpack_publicize_message":"","jetpack_publicize_feature_enabled":true,"jetpack_social_post_already_shared":true,"jetpack_social_options":{"image_generator_settings":{"template":"highway","default_image_id":0,"font":"","enabled":false},"version":2}},"categories":[1],"tags":[],"class_list":["post-9165","post","type-post","status-publish","format-standard","has-post-thumbnail","hentry","category-blog"],"jetpack_publicize_connections":[],"jetpack_featured_media_url":"https:\/\/i0.wp.com\/ismaelcolosi.com.br\/wp-content\/uploads\/2023\/12\/postimg-656a1d2e6f9b03197.jpg?fit=1200%2C628&ssl=1","uagb_featured_image_src":{"full":["https:\/\/i0.wp.com\/ismaelcolosi.com.br\/wp-content\/uploads\/2023\/12\/postimg-656a1d2e6f9b03197.jpg?fit=1200%2C628&ssl=1",1200,628,false],"thumbnail":["https:\/\/i0.wp.com\/ismaelcolosi.com.br\/wp-content\/uploads\/2023\/12\/postimg-656a1d2e6f9b03197.jpg?resize=150%2C150&ssl=1",150,150,true],"medium":["https:\/\/i0.wp.com\/ismaelcolosi.com.br\/wp-content\/uploads\/2023\/12\/postimg-656a1d2e6f9b03197.jpg?fit=300%2C157&ssl=1",300,157,true],"medium_large":["https:\/\/i0.wp.com\/ismaelcolosi.com.br\/wp-content\/uploads\/2023\/12\/postimg-656a1d2e6f9b03197.jpg?fit=768%2C402&ssl=1",768,402,true],"large":["https:\/\/i0.wp.com\/ismaelcolosi.com.br\/wp-content\/uploads\/2023\/12\/postimg-656a1d2e6f9b03197.jpg?fit=1024%2C536&ssl=1",1024,536,true],"1536x1536":["https:\/\/i0.wp.com\/ismaelcolosi.com.br\/wp-content\/uploads\/2023\/12\/postimg-656a1d2e6f9b03197.jpg?fit=1200%2C628&ssl=1",1200,628,true],"2048x2048":["https:\/\/i0.wp.com\/ismaelcolosi.com.br\/wp-content\/uploads\/2023\/12\/postimg-656a1d2e6f9b03197.jpg?fit=1200%2C628&ssl=1",1200,628,true],"really-simple-thumb":["https:\/\/i0.wp.com\/ismaelcolosi.com.br\/wp-content\/uploads\/2023\/12\/postimg-656a1d2e6f9b03197.jpg?resize=370%2C247&ssl=1",370,247,true]},"uagb_author_info":{"display_name":"ismaelcolosi.com.br","author_link":"https:\/\/ismaelcolosi.com.br\/index.php\/author\/vidareal-online\/"},"uagb_comment_info":0,"uagb_excerpt":"O uso de rem\u00e9dios a base de canidibiol j\u00e1 foi discuss\u00e3o por muito tempo no ramo da medicina e tamb\u00e9m entre os pacientes. Os medicamentos...","jetpack-related-posts":[{"id":36449,"url":"https:\/\/ismaelcolosi.com.br\/index.php\/2024\/02\/09\/veja-quais-remedios-sao-utilizados-no-tratamento-da-dengue\/","url_meta":{"origin":9165,"position":0},"title":"Veja quais rem\u00e9dios s\u00e3o utilizados no tratamento da dengue","author":"ismaelcolosi.com.br","date":"9 de February de 2024","format":false,"excerpt":"Cerca de 408 mil casos de dengue e 62 mortes foram confirmados em todo o Brasil, de acordo com o Minist\u00e9rio da Sa\u00fade (MS), nesta sexta-feira (9). Com isso, as buscas por prov\u00e1veis tratamentos aumentaram significativamente. Nesta semana, por exemplo, a ivermectina ganhou os holofotes como uma poss\u00edvel solu\u00e7\u00e3o para\u2026","rel":"","context":"In &quot;Not\u00edcias de Ribeir\u00e3o Preto-SP e Regi\u00e3o&quot;","block_context":{"text":"Not\u00edcias de Ribeir\u00e3o Preto-SP e Regi\u00e3o","link":"https:\/\/ismaelcolosi.com.br\/index.php\/category\/noticias-de-ribeirao-preto-sp-e-regiao-ismael-colosi\/"},"img":{"alt_text":"","src":"https:\/\/i0.wp.com\/ismaelcolosi.com.br\/wp-content\/uploads\/2024\/02\/1707512177_dengue.jpg?fit=1200%2C824&ssl=1&resize=350%2C200","width":350,"height":200,"srcset":"https:\/\/i0.wp.com\/ismaelcolosi.com.br\/wp-content\/uploads\/2024\/02\/1707512177_dengue.jpg?fit=1200%2C824&ssl=1&resize=350%2C200 1x, https:\/\/i0.wp.com\/ismaelcolosi.com.br\/wp-content\/uploads\/2024\/02\/1707512177_dengue.jpg?fit=1200%2C824&ssl=1&resize=525%2C300 1.5x, https:\/\/i0.wp.com\/ismaelcolosi.com.br\/wp-content\/uploads\/2024\/02\/1707512177_dengue.jpg?fit=1200%2C824&ssl=1&resize=700%2C400 2x, https:\/\/i0.wp.com\/ismaelcolosi.com.br\/wp-content\/uploads\/2024\/02\/1707512177_dengue.jpg?fit=1200%2C824&ssl=1&resize=1050%2C600 3x"},"classes":[]},{"id":57692,"url":"https:\/\/ismaelcolosi.com.br\/index.php\/2024\/07\/23\/wegovy-medicamento-para-tratamento-de-obesidade-chega-ao-brasil-saiba-mais\/","url_meta":{"origin":9165,"position":1},"title":"Wegovy: Medicamento para tratamento de obesidade chega ao Brasil; Saiba mais","author":"ismaelcolosi.com.br","date":"23 de July de 2024","format":false,"excerpt":"O medicamento Wegovy, usado para o tratamento da obesidade, est\u00e1 dispon\u00edvel em algumas farm\u00e1cias do Brasil, mesmo o fabricante Novo Nordisk tendo anunciado que a chegada ao Pa\u00eds seria em agosto. Com a semaglutida como ativo, o rem\u00e9dio j\u00e1 aparece em alguns cat\u00e1logos de vendas on-line, como no site e\u2026","rel":"","context":"In &quot;Not\u00edcias de Ribeir\u00e3o Preto-SP e Regi\u00e3o&quot;","block_context":{"text":"Not\u00edcias de Ribeir\u00e3o Preto-SP e Regi\u00e3o","link":"https:\/\/ismaelcolosi.com.br\/index.php\/category\/noticias-de-ribeirao-preto-sp-e-regiao-ismael-colosi\/"},"img":{"alt_text":"","src":"https:\/\/i0.wp.com\/ismaelcolosi.com.br\/wp-content\/uploads\/2024\/07\/Copia-de-Copia-de-TAMANHO-EXATO-PARA-FOTOS-NO-SISTEMA-NOVO-17_2024-07-23_20-17-12_jpg_2024-07-23_20-17-12.webp.webp?fit=1200%2C675&ssl=1&resize=350%2C200","width":350,"height":200,"srcset":"https:\/\/i0.wp.com\/ismaelcolosi.com.br\/wp-content\/uploads\/2024\/07\/Copia-de-Copia-de-TAMANHO-EXATO-PARA-FOTOS-NO-SISTEMA-NOVO-17_2024-07-23_20-17-12_jpg_2024-07-23_20-17-12.webp.webp?fit=1200%2C675&ssl=1&resize=350%2C200 1x, https:\/\/i0.wp.com\/ismaelcolosi.com.br\/wp-content\/uploads\/2024\/07\/Copia-de-Copia-de-TAMANHO-EXATO-PARA-FOTOS-NO-SISTEMA-NOVO-17_2024-07-23_20-17-12_jpg_2024-07-23_20-17-12.webp.webp?fit=1200%2C675&ssl=1&resize=525%2C300 1.5x, https:\/\/i0.wp.com\/ismaelcolosi.com.br\/wp-content\/uploads\/2024\/07\/Copia-de-Copia-de-TAMANHO-EXATO-PARA-FOTOS-NO-SISTEMA-NOVO-17_2024-07-23_20-17-12_jpg_2024-07-23_20-17-12.webp.webp?fit=1200%2C675&ssl=1&resize=700%2C400 2x, https:\/\/i0.wp.com\/ismaelcolosi.com.br\/wp-content\/uploads\/2024\/07\/Copia-de-Copia-de-TAMANHO-EXATO-PARA-FOTOS-NO-SISTEMA-NOVO-17_2024-07-23_20-17-12_jpg_2024-07-23_20-17-12.webp.webp?fit=1200%2C675&ssl=1&resize=1050%2C600 3x"},"classes":[]},{"id":28280,"url":"https:\/\/ismaelcolosi.com.br\/index.php\/2024\/01\/15\/neuroblastoma-familias-compartilham-dificuldades-no-acesso-a-remedios\/","url_meta":{"origin":9165,"position":2},"title":"fam\u00edlias compartilham dificuldades no acesso a rem\u00e9dios \u2013 Folha de Ribeir\u00e3o","author":"ismaelcolosi.com.br","date":"15 de January de 2024","format":false,"excerpt":"Em 2020, Giovana Basso, aos 6 anos na \u00e9poca, recebeu o diagn\u00f3stico de\u00a0neuroblastoma\u00a0em est\u00e1gio 4, de alto risco. Come\u00e7ou, ent\u00e3o, uma luta contra esse tipo de c\u00e2ncer, cujos medicamentos s\u00e3o recentes e est\u00e3o entre os mais caros do mundo. A hist\u00f3ria dela chegou at\u00e9 a ind\u00fastria farmac\u00eautica internacional e, com\u2026","rel":"","context":"In &quot;Not\u00edcias de Ribeir\u00e3o Preto-SP e Regi\u00e3o&quot;","block_context":{"text":"Not\u00edcias de Ribeir\u00e3o Preto-SP e Regi\u00e3o","link":"https:\/\/ismaelcolosi.com.br\/index.php\/category\/noticias-de-ribeirao-preto-sp-e-regiao-ismael-colosi\/"},"img":{"alt_text":"","src":"","width":0,"height":0},"classes":[]},{"id":54781,"url":"https:\/\/ismaelcolosi.com.br\/index.php\/2024\/06\/27\/saiba-como-pedir-remedios-a-base-de-canabidiol-pelo-sus-em-sp\/","url_meta":{"origin":9165,"position":3},"title":"Saiba como pedir rem\u00e9dios \u00e0 base de canabidiol pelo SUS em SP","author":"ismaelcolosi.com.br","date":"27 de June de 2024","format":false,"excerpt":"O Governo de S\u00e3o Paulo come\u00e7ou a disponibilizar rem\u00e9dios \u00e0 base de canabidiol para os pacientes do SUS (Sistema \u00danico de Sa\u00fade) em todo o estado. Para solicitar a medica\u00e7\u00e3o, \u00e9 preciso preencher um formul\u00e1rio (clique aqui). Segundo a Secretaria Estadual da Sa\u00fade de S\u00e3o Paulo, os itens ser\u00e3o destinados\u2026","rel":"","context":"In &quot;Not\u00edcias de Ribeir\u00e3o Preto-SP e Regi\u00e3o&quot;","block_context":{"text":"Not\u00edcias de Ribeir\u00e3o Preto-SP e Regi\u00e3o","link":"https:\/\/ismaelcolosi.com.br\/index.php\/category\/noticias-de-ribeirao-preto-sp-e-regiao-ismael-colosi\/"},"img":{"alt_text":"","src":"https:\/\/i0.wp.com\/ismaelcolosi.com.br\/wp-content\/uploads\/2024\/06\/AnyConv.com__canabidiol_2024-06-27_19-14-04-scaled.webp.webp?fit=1200%2C791&ssl=1&resize=350%2C200","width":350,"height":200,"srcset":"https:\/\/i0.wp.com\/ismaelcolosi.com.br\/wp-content\/uploads\/2024\/06\/AnyConv.com__canabidiol_2024-06-27_19-14-04-scaled.webp.webp?fit=1200%2C791&ssl=1&resize=350%2C200 1x, https:\/\/i0.wp.com\/ismaelcolosi.com.br\/wp-content\/uploads\/2024\/06\/AnyConv.com__canabidiol_2024-06-27_19-14-04-scaled.webp.webp?fit=1200%2C791&ssl=1&resize=525%2C300 1.5x, https:\/\/i0.wp.com\/ismaelcolosi.com.br\/wp-content\/uploads\/2024\/06\/AnyConv.com__canabidiol_2024-06-27_19-14-04-scaled.webp.webp?fit=1200%2C791&ssl=1&resize=700%2C400 2x, https:\/\/i0.wp.com\/ismaelcolosi.com.br\/wp-content\/uploads\/2024\/06\/AnyConv.com__canabidiol_2024-06-27_19-14-04-scaled.webp.webp?fit=1200%2C791&ssl=1&resize=1050%2C600 3x"},"classes":[]},{"id":15989,"url":"https:\/\/ismaelcolosi.com.br\/index.php\/2023\/12\/14\/saiba-quais-riscos-do-remedio-que-levou-esposa-de-paulinho-vilhena-ao-vicio\/","url_meta":{"origin":9165,"position":4},"title":"Saiba quais riscos do rem\u00e9dio que levou esposa de Paulinho Vilhena ao v\u00edcio","author":"ismaelcolosi.com.br","date":"14 de December de 2023","format":false,"excerpt":"Para tratar o Transtorno de D\u00e9ficit de Aten\u00e7\u00e3o e compuls\u00e3o alimentar, Maria Luiza Silveira, esposa do ator Paulinho Vilhena, fazia uso de Venvanse. Ela contou em entrevista que uso n\u00e3o se tornou mais saud\u00e1vel, virou risco.Sabendo ela, o ator ajudou ela a sair desse v\u00edcio. O medicamento que era usado\u2026","rel":"","context":"In &quot;Blog&quot;","block_context":{"text":"Blog","link":"https:\/\/ismaelcolosi.com.br\/index.php\/category\/blog\/"},"img":{"alt_text":"","src":"https:\/\/i0.wp.com\/ismaelcolosi.com.br\/wp-content\/uploads\/2023\/12\/postimg-657b6ece90fa55703.jpg?fit=1200%2C628&ssl=1&resize=350%2C200","width":350,"height":200,"srcset":"https:\/\/i0.wp.com\/ismaelcolosi.com.br\/wp-content\/uploads\/2023\/12\/postimg-657b6ece90fa55703.jpg?fit=1200%2C628&ssl=1&resize=350%2C200 1x, https:\/\/i0.wp.com\/ismaelcolosi.com.br\/wp-content\/uploads\/2023\/12\/postimg-657b6ece90fa55703.jpg?fit=1200%2C628&ssl=1&resize=525%2C300 1.5x, https:\/\/i0.wp.com\/ismaelcolosi.com.br\/wp-content\/uploads\/2023\/12\/postimg-657b6ece90fa55703.jpg?fit=1200%2C628&ssl=1&resize=700%2C400 2x, https:\/\/i0.wp.com\/ismaelcolosi.com.br\/wp-content\/uploads\/2023\/12\/postimg-657b6ece90fa55703.jpg?fit=1200%2C628&ssl=1&resize=1050%2C600 3x"},"classes":[]},{"id":19055,"url":"https:\/\/ismaelcolosi.com.br\/index.php\/2023\/12\/21\/estes-medicamentos-comuns-aumentam-risco-de-demencia-alerta-estudo\/","url_meta":{"origin":9165,"position":5},"title":"Estes medicamentos comuns aumentam risco de dem\u00eancia, alerta estudo","author":"ismaelcolosi.com.br","date":"21 de December de 2023","format":false,"excerpt":"O uso frequente de alguns dos medicamentos mais utilizados para facilitar o sono, como o zolpidem, clonazepam e diazepam, pode aumentar significativamente o risco de dem\u00eancia em at\u00e9 79%, conforme uma pesquisa recente conduzida pela Universidade da Calif\u00f3rnia-S\u00e3o Francisco. Na pesquisa, publicada no Journal of Alzheimer\u2019s Disease, os autores do\u2026","rel":"","context":"In &quot;Variedades&quot;","block_context":{"text":"Variedades","link":"https:\/\/ismaelcolosi.com.br\/index.php\/category\/variedades\/"},"img":{"alt_text":"","src":"https:\/\/i0.wp.com\/ismaelcolosi.com.br\/wp-content\/uploads\/2023\/12\/istock-880860914-scaled.jpg?fit=1200%2C638&ssl=1&resize=350%2C200","width":350,"height":200,"srcset":"https:\/\/i0.wp.com\/ismaelcolosi.com.br\/wp-content\/uploads\/2023\/12\/istock-880860914-scaled.jpg?fit=1200%2C638&ssl=1&resize=350%2C200 1x, https:\/\/i0.wp.com\/ismaelcolosi.com.br\/wp-content\/uploads\/2023\/12\/istock-880860914-scaled.jpg?fit=1200%2C638&ssl=1&resize=525%2C300 1.5x, https:\/\/i0.wp.com\/ismaelcolosi.com.br\/wp-content\/uploads\/2023\/12\/istock-880860914-scaled.jpg?fit=1200%2C638&ssl=1&resize=700%2C400 2x, https:\/\/i0.wp.com\/ismaelcolosi.com.br\/wp-content\/uploads\/2023\/12\/istock-880860914-scaled.jpg?fit=1200%2C638&ssl=1&resize=1050%2C600 3x"},"classes":[]}],"jetpack_sharing_enabled":true,"jetpack_shortlink":"https:\/\/wp.me\/pfMlyK-2nP","_links":{"self":[{"href":"https:\/\/ismaelcolosi.com.br\/index.php\/wp-json\/wp\/v2\/posts\/9165","targetHints":{"allow":["GET"]}}],"collection":[{"href":"https:\/\/ismaelcolosi.com.br\/index.php\/wp-json\/wp\/v2\/posts"}],"about":[{"href":"https:\/\/ismaelcolosi.com.br\/index.php\/wp-json\/wp\/v2\/types\/post"}],"author":[{"embeddable":true,"href":"https:\/\/ismaelcolosi.com.br\/index.php\/wp-json\/wp\/v2\/users\/1"}],"replies":[{"embeddable":true,"href":"https:\/\/ismaelcolosi.com.br\/index.php\/wp-json\/wp\/v2\/comments?post=9165"}],"version-history":[{"count":0,"href":"https:\/\/ismaelcolosi.com.br\/index.php\/wp-json\/wp\/v2\/posts\/9165\/revisions"}],"wp:featuredmedia":[{"embeddable":true,"href":"https:\/\/ismaelcolosi.com.br\/index.php\/wp-json\/wp\/v2\/media\/9166"}],"wp:attachment":[{"href":"https:\/\/ismaelcolosi.com.br\/index.php\/wp-json\/wp\/v2\/media?parent=9165"}],"wp:term":[{"taxonomy":"category","embeddable":true,"href":"https:\/\/ismaelcolosi.com.br\/index.php\/wp-json\/wp\/v2\/categories?post=9165"},{"taxonomy":"post_tag","embeddable":true,"href":"https:\/\/ismaelcolosi.com.br\/index.php\/wp-json\/wp\/v2\/tags?post=9165"}],"curies":[{"name":"wp","href":"https:\/\/api.w.org\/{rel}","templated":true}]}}