{"id":9163,"date":"2023-12-01T16:12:07","date_gmt":"2023-12-01T19:12:07","guid":{"rendered":"https:\/\/ismaelcolosi.com.br\/index.php\/2023\/12\/01\/espetaculo-de-marionetes-de-fio-laia-e-o-voo-da-imaginacao-estreia-temporada-gratuita-em-sao-paulo\/"},"modified":"2023-12-01T16:12:07","modified_gmt":"2023-12-01T19:12:07","slug":"espetaculo-de-marionetes-de-fio-laia-e-o-voo-da-imaginacao-estreia-temporada-gratuita-em-sao-paulo","status":"publish","type":"post","link":"https:\/\/ismaelcolosi.com.br\/index.php\/2023\/12\/01\/espetaculo-de-marionetes-de-fio-laia-e-o-voo-da-imaginacao-estreia-temporada-gratuita-em-sao-paulo\/","title":{"rendered":"Espet\u00e1culo de marionetes de fio \u201cLaia e o Voo da Imagina\u00e7\u00e3o&#8221; estreia temporada gratuita em S\u00e3o Paulo"},"content":{"rendered":"<p> <br \/>\n<\/p>\n<div>\n<p>De 02 a 16 de dezembro, com entrada gratuita, a Cia Tu Mateixa Marionetes realiza uma temporada gratuita de apresenta\u00e7\u00f5es de \u201cLaia e o Voo da Imagina\u00e7\u00e3o\u201d em centros culturais de S\u00e3o Paulo, al\u00e9m das oficinas gratuitas Dando Vida \u00e0 Mat\u00e9ria \u2013 Princ\u00edpios da Manipula\u00e7\u00e3o de Bonecos.<\/p>\n<p>\u201cLaia e o Voo da Imagina\u00e7\u00e3o\u201d \u00e9 protagonizado por J\u00falia Barnab\u00e9 (@juliabarnabe_) e por Laia, uma marionete de 20 fios e olhos articulados, constru\u00edda \u00e0 m\u00e3o em madeira pela pr\u00f3pria artista, que em cena, faz pinturas ao vivo e encanta pessoas de todas as idades com sua ternura e vivacidade.<\/p>\n<p>Um espet\u00e1culo sem falas, que busca refletir sobre o amor e suas delicadezas atrav\u00e9s do jogo de afeto e cumplicidade que se estabelece entre marionete e marionetista, promovendo uma fus\u00e3o entre o real e o imagin\u00e1rio no universo infantil.<\/p>\n<p>Uma narrativa sutil e imag\u00e9tica, que convida o p\u00fablico a apreciar a delicadeza dos pequenos gestos, desacelerar o tempo do cotidiano e a viajar para um mundo em que o extraordin\u00e1rio se faz poss\u00edvel. A trilha sonora \u00e9 original, composta pelos musicistas Danielle Siqueira e Danilo Rodrigues.<\/p>\n<p>No dia 02 de dezembro (s\u00e1bado), \u00e0s 14h, o espet\u00e1culo ser\u00e1 apresentado no Centro de Mem\u00f3ria do Circo. No domingo, 03 de dezembro, \u00e0s 11h, a apresenta\u00e7\u00e3o acontece na EMEF Palim\u00e9rcio de Rezende, na Zona Sul. Em 06 de dezembro (quarta-feira), \u00e0s 19h, a apresenta\u00e7\u00e3o ser\u00e1 no Espa\u00e7o Sobrevento, na Zona Leste.<\/p>\n<p>No s\u00e1bado, dia 09 de dezembro, \u00e0s 15h, a apresenta\u00e7\u00e3o acontece no Centro Cultural Santo Amaro, na Zona Sul, no domingo, dia 10, na Casa de Cultura Butant\u00e3, na Zona Oeste; e encerrando a temporada, no dia 10 de dezembro, \u00e0s 15h, a apresenta\u00e7\u00e3o ser\u00e1 no Centro Cultural Vila Formosa, na Zona Leste.<\/p>\n<p>A temporada ter\u00e1 ainda vinte apresenta\u00e7\u00f5es gratuitas em N\u00facleos de Conviv\u00eancia do Idoso (NCI) da Zona Sul, Zona Leste, Zona Oeste e Zona Norte.<\/p>\n<p>\u201cLaia e o Voo da Imagina\u00e7\u00e3o\u201d j\u00e1 foi apresentado em importantes festivais em cidades do Brasil e ao redor do mundo, passando pela Fran\u00e7a, Su\u00ed\u00e7a, It\u00e1lia, B\u00e9lgica, Espanha, Portugal, Eslov\u00eania, R\u00fassia, Arg\u00e9lia e Paraguai. Sua \u00faltima passagem internacional foi em outubro, no Festival Awaji Art Circus, no Jap\u00e3o. A montagem recebeu o Pr\u00eamio de 1\u00b0 lugar no Festival de Cenas Teatrais de Santos FESTECE (2021) na categoria mon\u00f3logo, foi contemplado no Pr\u00eamio Cleyde Y\u00e1conis (2019) e no Fomento ao Circo (2022), ambos da Secretaria Municipal de Cultura de S\u00e3o Paulo.<\/p>\n<p>Formada em pedagogia Jacques Lecoq de Teatro F\u00edsico na escola Estudis Berty Tov\u00edas e em confec\u00e7\u00e3o de marionetes de fios na Casa-Taller de Marionetas de Pepe Otal, na Espanha, J\u00falia Barnab\u00e9, estudou constru\u00e7\u00e3o de marionetes com o ingl\u00eas Stephen Mottran, na It\u00e1lia, manipula\u00e7\u00e3o de marionetes de fios com Angel Navarro, na Espanha e seu principal tutor foi o catal\u00e3o Lope de Alberd\u00ed. Integrou o Buzum! da Cia Pia Fraus, integra o coletivo Casa das Marionetistas Livres, a Rede de Bonequeiras Brasileiras, a organiza\u00e7\u00e3o Palha\u00e7os Sem Fronteiras Brasil, a Cia Cromossomos. Em 2023, participou como atriz-manipuladora de bonecos no espet\u00e1culo \u201cPedro e o Lobo\u201d com a Orquestra Experimental de Repert\u00f3rio no Theatro Municipal de S\u00e3o Paulo, com dire\u00e7\u00e3o de Muriel Matalon, narra\u00e7\u00e3o de Sandra Annenberg, bonecos de Marco Lima e produ\u00e7\u00e3o da H\u00edbrida Arte e Cultura. Fundou a Cia Tu Mateixa Marionetes em 2014. No repert\u00f3rio est\u00e3o as pe\u00e7as \u201cLaia e o Voo da Imagina\u00e7\u00e3o\u201d e \u201cGabinete de Curiosidades\u201d (criado em parceria com Roc\u00edo Walls e com dire\u00e7\u00e3o de Carla Candiotto).<\/p>\n<p>As a\u00e7\u00f5es s\u00e3o do projeto contemplado na 7\u00aa Edi\u00e7\u00e3o do Fomento ao Circo da Secretaria Municipal de Cultura de S\u00e3o Paulo.<\/p>\n<p>Informa\u00e7\u00f5es: www.ciatumateixa.com.br, www.instagram.com\/ciatumateixa e www.facebook.com\/ciatumateixa<\/p>\n<p>Ficha T\u00e9cnica: Autoria, cria\u00e7\u00e3o, confec\u00e7\u00e3o e manipula\u00e7\u00e3o de marionetes, cenografia e figurino: J\u00falia Barnab\u00e9. Trilha sonora: Danielle Siqueira e Danilo Rodrigues. Produ\u00e7\u00e3o: Cia Tu Mateixa Marionetes. Assessoria de Imprensa: Luciana Gandelini | Produ\u00e7\u00e3o de agendamentos: Suenne Sotero | Produ\u00e7\u00e3o Geral: Cia. Tu Mateixa Marionetes.<\/p>\n<p>Servi\u00e7o: Temporada \u201cLaia e o Voo da Imagina\u00e7\u00e3o\u201d<\/p>\n<p>Com Cia Tu Mateixa Marionetes.<\/p>\n<p>Sinopse: Laia \u00e9 uma crian\u00e7a fascinada por p\u00e1ssaros e pinturas que, ao despertar em seu quarto, apresenta o mundo fant\u00e1stico de seus brinquedos, embarcando em uma viagem pelas infinitas possibilidades da sua imagina\u00e7\u00e3o. Quando pinta no papel um p\u00f4r do sol com gaivotas planando ao redor, ela se torna capaz de voar e em meio aos seus devaneios, interage e surpreende o p\u00fablico com suas habilidades. Dura\u00e7\u00e3o: 35 minutos. Gr\u00e1tis \u2013 Classifica\u00e7\u00e3o Livre.<\/p>\n<p>Quando: 02 de dezembro de 2023 (s\u00e1bado) \u2013 Hor\u00e1rio: 14h \u2013 Onde: Centro de Mem\u00f3ria do Circo (Vitrine do Circo \u2013 Sala Mestre Maranh\u00e3o) \u2013 Endere\u00e7o: Av. S\u00e3o Jo\u00e3o, 473 \u2013 Centro Hist\u00f3rico de S\u00e3o Paulo \u2013 SP<\/p>\n<p>Quando: 03 de dezembro de 2023 (domingo) \u2013 Hor\u00e1rio: 11h \u2013 Onde: EMEF Palim\u00e9rcio de Rezende \u2013 Projeto Escola Aberta \u2013 Endere\u00e7o: R. Manuel Ribeiro de Azevedo, S\/N \u2013 Jardim Catanduva, S\u00e3o Paulo \u2013 SP<\/p>\n<p>Quando: 06 de dezembro de 2023 (quarta-feira) \u2013 Hor\u00e1rio: 19h \u2013 Onde: Espa\u00e7o Sobrevento \u2013 Endere\u00e7o: R. Cel. Albino Bairao, 42 \u2013 Belenzinho, S\u00e3o Paulo \u2013 SP<\/p>\n<p>Quando: 09 de dezembro de 2023 (s\u00e1bado) \u2013 Hor\u00e1rio: 15h \u2013 Onde: Centro Cultural Santo Amaro \u2013 Endere\u00e7o: Av. Jo\u00e3o Dias, 822 \u2013 Santo Amaro \u2013 SP<\/p>\n<p>Quando: 10 de dezembro de 2023 (domingo) \u2013 Hor\u00e1rio: 15h \u2013 Onde: Casa de Cultura Butant\u00e3 \u2013 Endere\u00e7o: Av. Junta Mizumoto, 13 \u2013 Jardim Peri Peri, S\u00e3o Paulo \u2013 SP<\/p>\n<p>Quando: 16 de dezembro de 2023 (s\u00e1bado) \u2013 Hor\u00e1rio: 15h \u2013 Onde: Centro Cultural Vila Formosa \u2013 Endere\u00e7o: Av. Renata, 163 \u2013 Vila Formosa, S\u00e3o Paulo \u2013 SP<\/p>\n<p>Teaser do espet\u00e1culo \u201cLaia e o Voo da Imagina\u00e7\u00e3o\u201d: \u00a0https:\/\/youtu.be\/D_K9UL3MLrY<\/p>\n<p>Oficinas: \u201cDando Vida \u00e0 Mat\u00e9ria \u2013 Princ\u00edpios da Manipula\u00e7\u00e3o de Bonecos\u201d<\/p>\n<p>Com Cia Tu Mateixa Marionetes<\/p>\n<p>Sinopse: A oficina aborda a Hist\u00f3ria do Teatro de Marionetes e sua diversidade, al\u00e9m de apresentar diferentes tipos de marionetes que integram o elenco da companhia, compartilhando distintas t\u00e9cnicas de manipula\u00e7\u00e3o e possibilidades de cria\u00e7\u00e3o com marionetes. Os participantes ir\u00e3o construir sua pr\u00f3pria marionete e desenvolver um trabalho pessoal com a mesma.\u00a0 Dura\u00e7\u00e3o: 2 encontros \u2013 6 horas<\/p>\n<p>Gr\u00e1tis \u2013 Classifica\u00e7\u00e3o: acima de 8 anos \u2013 Inscri\u00e7\u00f5es: no local ou por email ciatumateixa@gmail.com<\/p>\n<p>Oficina 1 \u2013 Quando: 29 de novembro e\u00a0 01 de dezembro de 2023 (quarta e sexta-feira) \u2013 Hor\u00e1rio: 14h \u00e0s 17h \u2013 Onde: Centro de Mem\u00f3ria do Circo \u2013 Endere\u00e7o: Av. S\u00e3o Jo\u00e3o, 473 \u2013 Centro Hist\u00f3rico de S\u00e3o Paulo \u2013 SP<\/p>\n<p>Oficina 2 \u2013 Quando: 07 e 08 de dezembro de 2023 (ter\u00e7a e quarta-feira) \u2013 Hor\u00e1rio: 19h \u00e0s 22h \u2013 Onde: Espa\u00e7o Sobrevento \u2013 Endere\u00e7o: R. Cel. Albino Bairao, 42 \u2013 Belenzinho, S\u00e3o Paulo \u2013 SP<\/p>\n<\/div>\n<p><script>\n\t\t! function(f, b, e, v, n, t, s) {\n\t\t\tif (f.fbq) return;\n\t\t\tn = f.fbq = function() {\n\t\t\t\tn.callMethod ?\n\t\t\t\t\tn.callMethod.apply(n, arguments) : n.queue.push(arguments)\n\t\t\t};\n\t\t\tif (!f._fbq) f._fbq = n;\n\t\t\tn.push = n;\n\t\t\tn.loaded = !0;\n\t\t\tn.version = '2.0';\n\t\t\tn.queue = [];\n\t\t\tt = b.createElement(e);\n\t\t\tt.async = !0;\n\t\t\tt.src = v;\n\t\t\ts = b.getElementsByTagName(e)[0];\n\t\t\ts.parentNode.insertBefore(t, s)\n\t\t}(window, document, 'script',\n\t\t\t'https:\/\/connect.facebook.net\/en_US\/fbevents.js');\n\t\tfbq('init', '338315473262380');\n\t\tfbq('track', 'PageView');\n\t<\/script><script async src=\"\/\/www.instagram.com\/embed.js\"><\/script><br \/>\n<br \/><br \/>\n<br \/><a href=\"https:\/\/catracalivre.com.br\/vila-mundo\/espetaculo-de-marionetes-de-fio-laia-e-o-voo-da-imaginacao-estreia-temporada-gratuita-em-sao-paulo\/\">Source link <\/a><\/p>\n<div class='code-block code-block-4' style='margin: 8px auto 8px 0; text-align: left; display: block; clear: both;'>\n\ud83d\udce2 Aviso Legal\n\nO site ismaelcolosi.com.br atua apenas como um canal de divulga\u00e7\u00e3o de oportunidades de emprego e n\u00e3o se responsabiliza pelo processo seletivo, contrata\u00e7\u00e3o ou qualquer outra etapa relacionada \u00e0s vagas publicadas. Todas as informa\u00e7\u00f5es s\u00e3o de responsabilidade dos anunciantes.\n\n\u26a0\ufe0f Aten\u00e7\u00e3o! Nunca pague por promessas de emprego nem compre cursos que garantam contrata\u00e7\u00e3o. Desconfie de qualquer cobran\u00e7a para participar de sele\u00e7\u00f5es.\n\n\n\n<\/div>\n<!-- CONTENT END 1 -->\n","protected":false},"excerpt":{"rendered":"<p>De 02 a 16 de dezembro, com entrada gratuita, a Cia Tu Mateixa Marionetes realiza uma temporada gratuita de apresenta\u00e7\u00f5es de \u201cLaia e o Voo&#8230;<\/p>\n","protected":false},"author":1,"featured_media":9164,"comment_status":"open","ping_status":"open","sticky":false,"template":"","format":"standard","meta":{"_uag_custom_page_level_css":"","advanced_seo_description":"","jetpack_seo_html_title":"","jetpack_seo_noindex":false,"jetpack_post_was_ever_published":false,"_jetpack_newsletter_access":"","_jetpack_dont_email_post_to_subs":false,"_jetpack_newsletter_tier_id":0,"_jetpack_memberships_contains_paywalled_content":false,"_jetpack_memberships_contains_paid_content":false,"footnotes":"","jetpack_publicize_message":"","jetpack_publicize_feature_enabled":true,"jetpack_social_post_already_shared":true,"jetpack_social_options":{"image_generator_settings":{"template":"highway","default_image_id":0,"font":"","enabled":false},"version":2}},"categories":[19],"tags":[],"class_list":["post-9163","post","type-post","status-publish","format-standard","has-post-thumbnail","hentry","category-variedades"],"jetpack_publicize_connections":[],"jetpack_featured_media_url":"https:\/\/i0.wp.com\/ismaelcolosi.com.br\/wp-content\/uploads\/2023\/12\/laia-e-o-voo-da-imaginacao-cia-tu-mateixa-foto-marina-decourt-2.jpeg?fit=1200%2C638&ssl=1","uagb_featured_image_src":{"full":["https:\/\/i0.wp.com\/ismaelcolosi.com.br\/wp-content\/uploads\/2023\/12\/laia-e-o-voo-da-imaginacao-cia-tu-mateixa-foto-marina-decourt-2.jpeg?fit=1200%2C638&ssl=1",1200,638,false],"thumbnail":["https:\/\/i0.wp.com\/ismaelcolosi.com.br\/wp-content\/uploads\/2023\/12\/laia-e-o-voo-da-imaginacao-cia-tu-mateixa-foto-marina-decourt-2.jpeg?resize=150%2C150&ssl=1",150,150,true],"medium":["https:\/\/i0.wp.com\/ismaelcolosi.com.br\/wp-content\/uploads\/2023\/12\/laia-e-o-voo-da-imaginacao-cia-tu-mateixa-foto-marina-decourt-2.jpeg?fit=300%2C160&ssl=1",300,160,true],"medium_large":["https:\/\/i0.wp.com\/ismaelcolosi.com.br\/wp-content\/uploads\/2023\/12\/laia-e-o-voo-da-imaginacao-cia-tu-mateixa-foto-marina-decourt-2.jpeg?fit=768%2C408&ssl=1",768,408,true],"large":["https:\/\/i0.wp.com\/ismaelcolosi.com.br\/wp-content\/uploads\/2023\/12\/laia-e-o-voo-da-imaginacao-cia-tu-mateixa-foto-marina-decourt-2.jpeg?fit=1024%2C544&ssl=1",1024,544,true],"1536x1536":["https:\/\/i0.wp.com\/ismaelcolosi.com.br\/wp-content\/uploads\/2023\/12\/laia-e-o-voo-da-imaginacao-cia-tu-mateixa-foto-marina-decourt-2.jpeg?fit=1200%2C638&ssl=1",1200,638,true],"2048x2048":["https:\/\/i0.wp.com\/ismaelcolosi.com.br\/wp-content\/uploads\/2023\/12\/laia-e-o-voo-da-imaginacao-cia-tu-mateixa-foto-marina-decourt-2.jpeg?fit=1200%2C638&ssl=1",1200,638,true],"really-simple-thumb":["https:\/\/i0.wp.com\/ismaelcolosi.com.br\/wp-content\/uploads\/2023\/12\/laia-e-o-voo-da-imaginacao-cia-tu-mateixa-foto-marina-decourt-2.jpeg?resize=370%2C247&ssl=1",370,247,true]},"uagb_author_info":{"display_name":"ismaelcolosi.com.br","author_link":"https:\/\/ismaelcolosi.com.br\/index.php\/author\/vidareal-online\/"},"uagb_comment_info":0,"uagb_excerpt":"De 02 a 16 de dezembro, com entrada gratuita, a Cia Tu Mateixa Marionetes realiza uma temporada gratuita de apresenta\u00e7\u00f5es de \u201cLaia e o Voo...","jetpack-related-posts":[{"id":45048,"url":"https:\/\/ismaelcolosi.com.br\/index.php\/2024\/04\/01\/bita-e-a-imaginacao-que-sumiu-espetaculo-teatral-aproxima-as-criancas-do-fenomeno-que-e-sucesso-nas-redes\/","url_meta":{"origin":9163,"position":0},"title":"&#8220;BITA E A IMAGINA\u00c7\u00c3O QUE SUMIU&#8221; \u2013 Espet\u00e1culo teatral aproxima as crian\u00e7as do fen\u00f4meno que \u00e9 sucesso nas redes","author":"ismaelcolosi.com.br","date":"1 de April de 2024","format":false,"excerpt":"Um dos maiores canais do YouTube voltados para crian\u00e7as no Brasil, com mais de 14 bilh\u00f5es de visualiza\u00e7\u00f5es, o Mundo Bita retoma a montagem teatral do musical \u201cBita e a Imagina\u00e7\u00e3o que Sumiu\u201d. Lan\u00e7ado em 2017, a pe\u00e7a volta em cartaz com elenco original e turn\u00ea por todo o pa\u00eds.\u2026","rel":"","context":"In &quot;Not\u00edcias de Ribeir\u00e3o Preto-SP e Regi\u00e3o&quot;","block_context":{"text":"Not\u00edcias de Ribeir\u00e3o Preto-SP e Regi\u00e3o","link":"https:\/\/ismaelcolosi.com.br\/index.php\/category\/noticias-de-ribeirao-preto-sp-e-regiao-ismael-colosi\/"},"img":{"alt_text":"","src":"https:\/\/i0.wp.com\/ismaelcolosi.com.br\/wp-content\/uploads\/2024\/04\/bita.png?fit=1200%2C625&ssl=1&resize=350%2C200","width":350,"height":200,"srcset":"https:\/\/i0.wp.com\/ismaelcolosi.com.br\/wp-content\/uploads\/2024\/04\/bita.png?fit=1200%2C625&ssl=1&resize=350%2C200 1x, https:\/\/i0.wp.com\/ismaelcolosi.com.br\/wp-content\/uploads\/2024\/04\/bita.png?fit=1200%2C625&ssl=1&resize=525%2C300 1.5x, https:\/\/i0.wp.com\/ismaelcolosi.com.br\/wp-content\/uploads\/2024\/04\/bita.png?fit=1200%2C625&ssl=1&resize=700%2C400 2x, https:\/\/i0.wp.com\/ismaelcolosi.com.br\/wp-content\/uploads\/2024\/04\/bita.png?fit=1200%2C625&ssl=1&resize=1050%2C600 3x"},"classes":[]},{"id":19812,"url":"https:\/\/ismaelcolosi.com.br\/index.php\/2023\/12\/23\/inscricoes-para-oficina-teatro-espetaculo-do-projeto-sol-te-encerram-dia-31-12\/","url_meta":{"origin":9163,"position":1},"title":"Inscri\u00e7\u00f5es para &#8216;Oficina Teatro Espet\u00e1culo&#8217; do projeto SOL.TE encerram dia 31\/12","author":"ismaelcolosi.com.br","date":"23 de December de 2023","format":false,"excerpt":"O projeto SOL.TE, realizado no Teatro do Inc\u00eandio, no Bixiga, regi\u00e3o do bairro Bela Vista, em S\u00e3o Paulo, est\u00e1 com inscri\u00e7\u00f5es abertas para a Oficina Teatro Espet\u00e1culo, destinada a crian\u00e7as e adolescentes at\u00e9 o dia 31 de dezembro. Os respons\u00e1veis devem preencher a ficha de inscri\u00e7\u00e3o gratuita dispon\u00edvel nas redes\u2026","rel":"","context":"In &quot;Variedades&quot;","block_context":{"text":"Variedades","link":"https:\/\/ismaelcolosi.com.br\/index.php\/category\/variedades\/"},"img":{"alt_text":"","src":"https:\/\/i0.wp.com\/ismaelcolosi.com.br\/wp-content\/uploads\/2023\/12\/soltte-imagem-2023-foto-de-paulo-cavalcante-7b.jpg?fit=1200%2C638&ssl=1&resize=350%2C200","width":350,"height":200,"srcset":"https:\/\/i0.wp.com\/ismaelcolosi.com.br\/wp-content\/uploads\/2023\/12\/soltte-imagem-2023-foto-de-paulo-cavalcante-7b.jpg?fit=1200%2C638&ssl=1&resize=350%2C200 1x, https:\/\/i0.wp.com\/ismaelcolosi.com.br\/wp-content\/uploads\/2023\/12\/soltte-imagem-2023-foto-de-paulo-cavalcante-7b.jpg?fit=1200%2C638&ssl=1&resize=525%2C300 1.5x, https:\/\/i0.wp.com\/ismaelcolosi.com.br\/wp-content\/uploads\/2023\/12\/soltte-imagem-2023-foto-de-paulo-cavalcante-7b.jpg?fit=1200%2C638&ssl=1&resize=700%2C400 2x, https:\/\/i0.wp.com\/ismaelcolosi.com.br\/wp-content\/uploads\/2023\/12\/soltte-imagem-2023-foto-de-paulo-cavalcante-7b.jpg?fit=1200%2C638&ssl=1&resize=1050%2C600 3x"},"classes":[]},{"id":39857,"url":"https:\/\/ismaelcolosi.com.br\/index.php\/2024\/02\/28\/companhia-aerea-amplia-operacoes-no-aeroporto-de-ribeirao\/","url_meta":{"origin":9163,"position":2},"title":"Companhia a\u00e9rea amplia opera\u00e7\u00f5es no aeroporto de Ribeir\u00e3o","author":"ismaelcolosi.com.br","date":"28 de February de 2024","format":false,"excerpt":"28 de fevereiro de 2024 | 15:1528 de fevereiro de 2024 | 15:28 0A GOL Linhas A\u00e9reas anunciou a expans\u00e3o das suas opera\u00e7\u00f5es na cidade de Ribeir\u00e3o Preto (RAO), um dos mais importantes polos econ\u00f4micos do interior paulista. Desde 18 de fevereiro de 2024, uma nova frequ\u00eancia di\u00e1ria de ida\u2026","rel":"","context":"In &quot;Not\u00edcias de Ribeir\u00e3o Preto-SP e Regi\u00e3o&quot;","block_context":{"text":"Not\u00edcias de Ribeir\u00e3o Preto-SP e Regi\u00e3o","link":"https:\/\/ismaelcolosi.com.br\/index.php\/category\/noticias-de-ribeirao-preto-sp-e-regiao-ismael-colosi\/"},"img":{"alt_text":"","src":"https:\/\/i0.wp.com\/ismaelcolosi.com.br\/wp-content\/uploads\/2024\/02\/4682bc8a-2fb5-4965-89d8-fa0b78ade553-scaled.jpg?fit=968%2C645&ssl=1&resize=350%2C200","width":350,"height":200,"srcset":"https:\/\/i0.wp.com\/ismaelcolosi.com.br\/wp-content\/uploads\/2024\/02\/4682bc8a-2fb5-4965-89d8-fa0b78ade553-scaled.jpg?fit=968%2C645&ssl=1&resize=350%2C200 1x, https:\/\/i0.wp.com\/ismaelcolosi.com.br\/wp-content\/uploads\/2024\/02\/4682bc8a-2fb5-4965-89d8-fa0b78ade553-scaled.jpg?fit=968%2C645&ssl=1&resize=525%2C300 1.5x, https:\/\/i0.wp.com\/ismaelcolosi.com.br\/wp-content\/uploads\/2024\/02\/4682bc8a-2fb5-4965-89d8-fa0b78ade553-scaled.jpg?fit=968%2C645&ssl=1&resize=700%2C400 2x"},"classes":[]},{"id":16463,"url":"https:\/\/ismaelcolosi.com.br\/index.php\/2023\/12\/15\/em-clima-de-natal-ribeirao-preto-tem-atracoes-para-todos-os-gostos-neste-final-de-semana-confira\/","url_meta":{"origin":9163,"position":3},"title":"Em clima de Natal, Ribeir\u00e3o Preto tem atra\u00e7\u00f5es para todos os gostos neste final de semana; Confira","author":"ismaelcolosi.com.br","date":"15 de December de 2023","format":false,"excerpt":"O fim de semana chegou e Ribeir\u00e3o Preto conta com diversas atra\u00e7\u00f5es para voc\u00ea aproveitar, a partir desta sexta-feira (15). A programa\u00e7\u00e3o de Natal toma conta da cidade, com apresenta\u00e7\u00e3o do Coral dos Meninos Cantores da Cia Minaz e visita do Papai Noel aos bairros. Contudo, op\u00e7\u00f5es como teatro, feira\u2026","rel":"","context":"In &quot;Not\u00edcias de Ribeir\u00e3o Preto-SP e Regi\u00e3o&quot;","block_context":{"text":"Not\u00edcias de Ribeir\u00e3o Preto-SP e Regi\u00e3o","link":"https:\/\/ismaelcolosi.com.br\/index.php\/category\/noticias-de-ribeirao-preto-sp-e-regiao-ismael-colosi\/"},"img":{"alt_text":"","src":"https:\/\/i0.wp.com\/ismaelcolosi.com.br\/wp-content\/uploads\/2023\/12\/Copia-de-Copia-de-TAMANHO-EXATO-PARA-FOTOS-NO-SISTEMA-NOVO-25.png?fit=1200%2C675&ssl=1&resize=350%2C200","width":350,"height":200,"srcset":"https:\/\/i0.wp.com\/ismaelcolosi.com.br\/wp-content\/uploads\/2023\/12\/Copia-de-Copia-de-TAMANHO-EXATO-PARA-FOTOS-NO-SISTEMA-NOVO-25.png?fit=1200%2C675&ssl=1&resize=350%2C200 1x, https:\/\/i0.wp.com\/ismaelcolosi.com.br\/wp-content\/uploads\/2023\/12\/Copia-de-Copia-de-TAMANHO-EXATO-PARA-FOTOS-NO-SISTEMA-NOVO-25.png?fit=1200%2C675&ssl=1&resize=525%2C300 1.5x, https:\/\/i0.wp.com\/ismaelcolosi.com.br\/wp-content\/uploads\/2023\/12\/Copia-de-Copia-de-TAMANHO-EXATO-PARA-FOTOS-NO-SISTEMA-NOVO-25.png?fit=1200%2C675&ssl=1&resize=700%2C400 2x, https:\/\/i0.wp.com\/ismaelcolosi.com.br\/wp-content\/uploads\/2023\/12\/Copia-de-Copia-de-TAMANHO-EXATO-PARA-FOTOS-NO-SISTEMA-NOVO-25.png?fit=1200%2C675&ssl=1&resize=1050%2C600 3x"},"classes":[]},{"id":43070,"url":"https:\/\/ismaelcolosi.com.br\/index.php\/2024\/03\/19\/espetaculo-reciclown-circus-e-atracao-no-teatro-municipal\/","url_meta":{"origin":9163,"position":4},"title":"Espet\u00e1culo Reciclown Circus \u00e9 atra\u00e7\u00e3o no Teatro Municipal","author":"ismaelcolosi.com.br","date":"19 de March de 2024","format":false,"excerpt":"Nos dias 19, 20 e 21 de mar\u00e7o, a Cia Raros Circo e Teatro apresenta o espet\u00e1culo Reciclown Circus no Teatro Municipal, em duas sess\u00f5es di\u00e1rias, \u00e0s 9h e \u00e0s 14h. Os espet\u00e1culos s\u00e3o abertos e gratuitos e voltados a estudantes \u2013 a maioria de escolas das redes municipal e\u2026","rel":"","context":"In &quot;Not\u00edcias de Ribeir\u00e3o Preto-SP e Regi\u00e3o&quot;","block_context":{"text":"Not\u00edcias de Ribeir\u00e3o Preto-SP e Regi\u00e3o","link":"https:\/\/ismaelcolosi.com.br\/index.php\/category\/noticias-de-ribeirao-preto-sp-e-regiao-ismael-colosi\/"},"img":{"alt_text":"","src":"https:\/\/i0.wp.com\/ismaelcolosi.com.br\/wp-content\/uploads\/2024\/03\/08112023reciclown-circus-icms-escolas-2023_brodowski-30-scaled.jpg?fit=967%2C645&ssl=1&resize=350%2C200","width":350,"height":200,"srcset":"https:\/\/i0.wp.com\/ismaelcolosi.com.br\/wp-content\/uploads\/2024\/03\/08112023reciclown-circus-icms-escolas-2023_brodowski-30-scaled.jpg?fit=967%2C645&ssl=1&resize=350%2C200 1x, https:\/\/i0.wp.com\/ismaelcolosi.com.br\/wp-content\/uploads\/2024\/03\/08112023reciclown-circus-icms-escolas-2023_brodowski-30-scaled.jpg?fit=967%2C645&ssl=1&resize=525%2C300 1.5x, https:\/\/i0.wp.com\/ismaelcolosi.com.br\/wp-content\/uploads\/2024\/03\/08112023reciclown-circus-icms-escolas-2023_brodowski-30-scaled.jpg?fit=967%2C645&ssl=1&resize=700%2C400 2x"},"classes":[]},{"id":56115,"url":"https:\/\/ismaelcolosi.com.br\/index.php\/2024\/07\/09\/peca-teatral-que-trata-sobre-o-alzheimer-chega-a-ribeirao-preto-com-entrada-gratuita\/","url_meta":{"origin":9163,"position":5},"title":"Pe\u00e7a teatral que trata sobre o Alzheimer chega a Ribeir\u00e3o Preto com entrada gratuita","author":"ismaelcolosi.com.br","date":"9 de July de 2024","format":false,"excerpt":"A pe\u00e7a teatral \u201cVoz de V\u00f3\u201d que trata sobre a doen\u00e7a de Alzheimer chega a Ribeir\u00e3o Preto nesta quinta-feira (11) e segue at\u00e9 o dia 21 de julho, no teatro do Sesi. A entrada \u00e9 gratuita, mas \u00e9 necess\u00e1rio a reserva dos ingressos pelo site do Sesi\/Meu Sesi (clique aqui).\u2026","rel":"","context":"In &quot;Not\u00edcias de Ribeir\u00e3o Preto-SP e Regi\u00e3o&quot;","block_context":{"text":"Not\u00edcias de Ribeir\u00e3o Preto-SP e Regi\u00e3o","link":"https:\/\/ismaelcolosi.com.br\/index.php\/category\/noticias-de-ribeirao-preto-sp-e-regiao-ismael-colosi\/"},"img":{"alt_text":"","src":"https:\/\/i0.wp.com\/ismaelcolosi.com.br\/wp-content\/uploads\/2024\/07\/Copia-de-Copia-de-TAMANHO-EXATO-PARA-FOTOS-NO-SISTEMA-NOVO-5_2024-07-09_15-43-51_jpg_2024-07-09_15-43-51.webp.webp?fit=1200%2C675&ssl=1&resize=350%2C200","width":350,"height":200,"srcset":"https:\/\/i0.wp.com\/ismaelcolosi.com.br\/wp-content\/uploads\/2024\/07\/Copia-de-Copia-de-TAMANHO-EXATO-PARA-FOTOS-NO-SISTEMA-NOVO-5_2024-07-09_15-43-51_jpg_2024-07-09_15-43-51.webp.webp?fit=1200%2C675&ssl=1&resize=350%2C200 1x, https:\/\/i0.wp.com\/ismaelcolosi.com.br\/wp-content\/uploads\/2024\/07\/Copia-de-Copia-de-TAMANHO-EXATO-PARA-FOTOS-NO-SISTEMA-NOVO-5_2024-07-09_15-43-51_jpg_2024-07-09_15-43-51.webp.webp?fit=1200%2C675&ssl=1&resize=525%2C300 1.5x, https:\/\/i0.wp.com\/ismaelcolosi.com.br\/wp-content\/uploads\/2024\/07\/Copia-de-Copia-de-TAMANHO-EXATO-PARA-FOTOS-NO-SISTEMA-NOVO-5_2024-07-09_15-43-51_jpg_2024-07-09_15-43-51.webp.webp?fit=1200%2C675&ssl=1&resize=700%2C400 2x, https:\/\/i0.wp.com\/ismaelcolosi.com.br\/wp-content\/uploads\/2024\/07\/Copia-de-Copia-de-TAMANHO-EXATO-PARA-FOTOS-NO-SISTEMA-NOVO-5_2024-07-09_15-43-51_jpg_2024-07-09_15-43-51.webp.webp?fit=1200%2C675&ssl=1&resize=1050%2C600 3x"},"classes":[]}],"jetpack_sharing_enabled":true,"jetpack_shortlink":"https:\/\/wp.me\/pfMlyK-2nN","_links":{"self":[{"href":"https:\/\/ismaelcolosi.com.br\/index.php\/wp-json\/wp\/v2\/posts\/9163","targetHints":{"allow":["GET"]}}],"collection":[{"href":"https:\/\/ismaelcolosi.com.br\/index.php\/wp-json\/wp\/v2\/posts"}],"about":[{"href":"https:\/\/ismaelcolosi.com.br\/index.php\/wp-json\/wp\/v2\/types\/post"}],"author":[{"embeddable":true,"href":"https:\/\/ismaelcolosi.com.br\/index.php\/wp-json\/wp\/v2\/users\/1"}],"replies":[{"embeddable":true,"href":"https:\/\/ismaelcolosi.com.br\/index.php\/wp-json\/wp\/v2\/comments?post=9163"}],"version-history":[{"count":0,"href":"https:\/\/ismaelcolosi.com.br\/index.php\/wp-json\/wp\/v2\/posts\/9163\/revisions"}],"wp:featuredmedia":[{"embeddable":true,"href":"https:\/\/ismaelcolosi.com.br\/index.php\/wp-json\/wp\/v2\/media\/9164"}],"wp:attachment":[{"href":"https:\/\/ismaelcolosi.com.br\/index.php\/wp-json\/wp\/v2\/media?parent=9163"}],"wp:term":[{"taxonomy":"category","embeddable":true,"href":"https:\/\/ismaelcolosi.com.br\/index.php\/wp-json\/wp\/v2\/categories?post=9163"},{"taxonomy":"post_tag","embeddable":true,"href":"https:\/\/ismaelcolosi.com.br\/index.php\/wp-json\/wp\/v2\/tags?post=9163"}],"curies":[{"name":"wp","href":"https:\/\/api.w.org\/{rel}","templated":true}]}}