{"id":9153,"date":"2023-12-01T15:57:34","date_gmt":"2023-12-01T18:57:34","guid":{"rendered":"https:\/\/ismaelcolosi.com.br\/index.php\/2023\/12\/01\/ifal-seleciona-estudantes-para-cursos-tecnicos-gratuitos\/"},"modified":"2023-12-01T15:57:34","modified_gmt":"2023-12-01T18:57:34","slug":"ifal-seleciona-estudantes-para-cursos-tecnicos-gratuitos","status":"publish","type":"post","link":"https:\/\/ismaelcolosi.com.br\/index.php\/2023\/12\/01\/ifal-seleciona-estudantes-para-cursos-tecnicos-gratuitos\/","title":{"rendered":"IFAL seleciona estudantes para cursos t\u00e9cnicos gratuitos"},"content":{"rendered":"<p> <br \/>\n<\/p>\n<div>\n<p>O <a href=\"https:\/\/www2.ifal.edu.br\/\" target=\"_blank\" rel=\"noopener\">Instituto Federal de Alagoas<\/a> (IFAL) est\u00e1 com inscri\u00e7\u00f5es abertas para a sele\u00e7\u00e3o de alunos para cursos t\u00e9cnicos gratuitos com in\u00edcio no <a href=\"https:\/\/catracalivre.com.br\/educacao\/usp-abre-inscricoes-para-mais-de-30-cursos-gratuitos-e-com-certificacao\/\">1\u00ba semestre de 2024<\/a>.<\/p>\n<p>As vagas s\u00e3o para cursos subsequentes e na modalidade Educa\u00e7\u00e3o de Jovens e Adultos (EJA) nos campi de Penedo, Piranhas e Maragogi.<\/p><div class='code-block code-block-8' style='margin: 8px auto; text-align: center; display: block; clear: both;'>\n<script>\n  atOptions = {\n    'key' : '66e2e2111ca34da796271819fc334058',\n    'format' : 'iframe',\n    'height' : 250,\n    'width' : 300,\n    'params' : {}\n  };\n<\/script>\n<script src=\"https:\/\/www.highperformanceformat.com\/66e2e2111ca34da796271819fc334058\/invoke.js\"><\/script>\n<\/div>\n\n<div id=\"attachment_2315801\" class=\"wp-caption aligncenter\">\n<div class=\"d-flex justify-content-center\" data-attachment-id=\"2315801\">\n<div class=\"position-relative d-inline-block\"><img data-recalc-dims=\"1\" data-portal-copyright=\"Divulga\u00e7\u00e3o\/IFAL\" fetchpriority=\"high\" decoding=\"async\" class=\"wp-image-2315801 size-large\" src=\"https:\/\/i0.wp.com\/catracalivre.com.br\/wp-content\/uploads\/2023\/11\/ifal-cursos-gratuitos-910x607.jpg?resize=910%2C607&#038;ssl=1\" alt=\"IFAL seleciona estudantes para cursos t\u00e9cnicos gratuitos\" width=\"910\" height=\"607\" srcset=\"https:\/\/catracalivre.com.br\/wp-content\/uploads\/2023\/11\/ifal-cursos-gratuitos-910x607.jpg 910w, https:\/\/catracalivre.com.br\/wp-content\/uploads\/2023\/11\/ifal-cursos-gratuitos-450x300.jpg 450w, https:\/\/catracalivre.com.br\/wp-content\/uploads\/2023\/11\/ifal-cursos-gratuitos-768x512.jpg 768w\" sizes=\"(max-width: 910px) 100vw, 910px\"\/><\/p>\n<p>Cr\u00e9ditos: Divulga\u00e7\u00e3o\/IFAL<\/p>\n<\/div>\n<\/div>\n<p><span class=\"post-imagem__legenda\">IFAL seleciona estudantes para cursos t\u00e9cnicos gratuitos<\/span><\/p>\n<\/div>\n<p>Cada unidade tem seus cursos, per\u00edodo de inscri\u00e7\u00f5es e cronograma separados. Confira abaixo:<\/p>\n<h2>Prazo de inscri\u00e7\u00f5es nos cursos t\u00e9cnicos gratuitos<\/h2>\n<h3>Penedo<\/h3>\n<p>No IFAL Campus Penedo, est\u00e3o sendo ofertados 40 vagas no curso subsequente de Qu\u00edmica. Para concorrer, \u00e9 necess\u00e1rio ter conclu\u00eddo o ensino m\u00e9dio. As inscri\u00e7\u00f5es, que s\u00e3o gratuitas, seguem at\u00e9 12 de janeiro e devem ser feitas de forma online (acesse <a href=\"https:\/\/exame-api.ifal.edu.br\/api\/selecoes\/3331923\/documentos\/3331948\/download\" target=\"_blank\" rel=\"noopener\">aqui<\/a>).<\/p>\n<p>O curso, com dura\u00e7\u00e3o de dois anos, ser\u00e1 ministrado no per\u00edodo noturno. Os requisitos para inscri\u00e7\u00e3o incluem a conclus\u00e3o do ensino m\u00e9dio ou equivalente at\u00e9 a data da matr\u00edcula.<\/p>\n<p>O resultado final dos classificados e o edital de matr\u00edcula ser\u00e3o divulgados em 29 de janeiro. O per\u00edodo de matr\u00edcula est\u00e1 previsto para ocorrer de 30 de janeiro a 2 de fevereiro.<\/p>\n<h3>Piranhas<\/h3>\n<p>J\u00e1 no sert\u00e3o alagoano, as vagas s\u00e3o para o curso integrado ao ensino m\u00e9dio de Alimentos, na modalidade Educa\u00e7\u00e3o de Jovens e Adultos (EJA) e as <a href=\"https:\/\/exame-api.ifal.edu.br\/api\/selecoes\/3331915\/documentos\/3333340\/download\" target=\"_blank\" rel=\"noopener\">inscri\u00e7\u00f5es v\u00e3o at\u00e9 29 de dezembro<\/a>, de forma presencial. \u00c9 necess\u00e1rio ter conclu\u00eddo o ensino fundamental para concorrer a uma vaga, al\u00e9m de ter no m\u00ednimo 18 anos de idade.<\/p>\n<h3>Maragogi<\/h3>\n<p>A unidade do IFAL em Maragogi tamb\u00e9m est\u00e1 ofertando 40 vagas para o curso de Servi\u00e7os de Restaurante e Bar na modalidade EJA. Nesse caso, as <a href=\"https:\/\/exame-api.ifal.edu.br\/api\/selecoes\/3331919\/documentos\/3333350\/download\" target=\"_blank\" rel=\"noopener\">inscri\u00e7\u00f5es se estendem at\u00e9 24 de janeiro<\/a>, de forma presencial, e os pr\u00e9-requisitos s\u00e3o ter conclu\u00eddo o ensino fundamental e ter no m\u00ednimo 18 anos de idade.<\/p>\n<\/div>\n<p><script>\n\t\t! function(f, b, e, v, n, t, s) {\n\t\t\tif (f.fbq) return;\n\t\t\tn = f.fbq = function() {\n\t\t\t\tn.callMethod ?\n\t\t\t\t\tn.callMethod.apply(n, arguments) : n.queue.push(arguments)\n\t\t\t};\n\t\t\tif (!f._fbq) f._fbq = n;\n\t\t\tn.push = n;\n\t\t\tn.loaded = !0;\n\t\t\tn.version = '2.0';\n\t\t\tn.queue = [];\n\t\t\tt = b.createElement(e);\n\t\t\tt.async = !0;\n\t\t\tt.src = v;\n\t\t\ts = b.getElementsByTagName(e)[0];\n\t\t\ts.parentNode.insertBefore(t, s)\n\t\t}(window, document, 'script',\n\t\t\t'https:\/\/connect.facebook.net\/en_US\/fbevents.js');\n\t\tfbq('init', '338315473262380');\n\t\tfbq('track', 'PageView');\n\t<\/script><br \/>\n<br \/><br \/>\n<br \/><a href=\"https:\/\/catracalivre.com.br\/educacao\/ifal-seleciona-estudantes-para-cursos-tecnicos-gratuitos\/\">Source link <\/a><\/p>\n<div class='code-block code-block-4' style='margin: 8px auto 8px 0; text-align: left; display: block; clear: both;'>\n\ud83d\udce2 Aviso Legal\n\nO site ismaelcolosi.com.br atua apenas como um canal de divulga\u00e7\u00e3o de oportunidades de emprego e n\u00e3o se responsabiliza pelo processo seletivo, contrata\u00e7\u00e3o ou qualquer outra etapa relacionada \u00e0s vagas publicadas. Todas as informa\u00e7\u00f5es s\u00e3o de responsabilidade dos anunciantes.\n\n\u26a0\ufe0f Aten\u00e7\u00e3o! Nunca pague por promessas de emprego nem compre cursos que garantam contrata\u00e7\u00e3o. Desconfie de qualquer cobran\u00e7a para participar de sele\u00e7\u00f5es.\n\n\n\n<\/div>\n<!-- CONTENT END 1 -->\n","protected":false},"excerpt":{"rendered":"<p>O Instituto Federal de Alagoas (IFAL) est\u00e1 com inscri\u00e7\u00f5es abertas para a sele\u00e7\u00e3o de alunos para cursos t\u00e9cnicos gratuitos com in\u00edcio no 1\u00ba semestre de&#8230;<\/p>\n","protected":false},"author":1,"featured_media":9154,"comment_status":"open","ping_status":"open","sticky":false,"template":"","format":"standard","meta":{"_uag_custom_page_level_css":"","advanced_seo_description":"","jetpack_seo_html_title":"","jetpack_seo_noindex":false,"jetpack_post_was_ever_published":false,"_jetpack_newsletter_access":"","_jetpack_dont_email_post_to_subs":false,"_jetpack_newsletter_tier_id":0,"_jetpack_memberships_contains_paywalled_content":false,"_jetpack_memberships_contains_paid_content":false,"footnotes":"","jetpack_publicize_message":"","jetpack_publicize_feature_enabled":true,"jetpack_social_post_already_shared":true,"jetpack_social_options":{"image_generator_settings":{"template":"highway","default_image_id":0,"font":"","enabled":false},"version":2}},"categories":[19],"tags":[],"class_list":["post-9153","post","type-post","status-publish","format-standard","has-post-thumbnail","hentry","category-variedades"],"jetpack_publicize_connections":[],"jetpack_featured_media_url":"https:\/\/i0.wp.com\/ismaelcolosi.com.br\/wp-content\/uploads\/2023\/12\/ifal-cursos-gratuitos.jpg?fit=1200%2C638&ssl=1","uagb_featured_image_src":{"full":["https:\/\/i0.wp.com\/ismaelcolosi.com.br\/wp-content\/uploads\/2023\/12\/ifal-cursos-gratuitos.jpg?fit=1200%2C638&ssl=1",1200,638,false],"thumbnail":["https:\/\/i0.wp.com\/ismaelcolosi.com.br\/wp-content\/uploads\/2023\/12\/ifal-cursos-gratuitos.jpg?resize=150%2C150&ssl=1",150,150,true],"medium":["https:\/\/i0.wp.com\/ismaelcolosi.com.br\/wp-content\/uploads\/2023\/12\/ifal-cursos-gratuitos.jpg?fit=300%2C160&ssl=1",300,160,true],"medium_large":["https:\/\/i0.wp.com\/ismaelcolosi.com.br\/wp-content\/uploads\/2023\/12\/ifal-cursos-gratuitos.jpg?fit=768%2C408&ssl=1",768,408,true],"large":["https:\/\/i0.wp.com\/ismaelcolosi.com.br\/wp-content\/uploads\/2023\/12\/ifal-cursos-gratuitos.jpg?fit=1024%2C544&ssl=1",1024,544,true],"1536x1536":["https:\/\/i0.wp.com\/ismaelcolosi.com.br\/wp-content\/uploads\/2023\/12\/ifal-cursos-gratuitos.jpg?fit=1200%2C638&ssl=1",1200,638,true],"2048x2048":["https:\/\/i0.wp.com\/ismaelcolosi.com.br\/wp-content\/uploads\/2023\/12\/ifal-cursos-gratuitos.jpg?fit=1200%2C638&ssl=1",1200,638,true],"really-simple-thumb":["https:\/\/i0.wp.com\/ismaelcolosi.com.br\/wp-content\/uploads\/2023\/12\/ifal-cursos-gratuitos.jpg?resize=370%2C247&ssl=1",370,247,true]},"uagb_author_info":{"display_name":"ismaelcolosi.com.br","author_link":"https:\/\/ismaelcolosi.com.br\/index.php\/author\/vidareal-online\/"},"uagb_comment_info":0,"uagb_excerpt":"O Instituto Federal de Alagoas (IFAL) est\u00e1 com inscri\u00e7\u00f5es abertas para a sele\u00e7\u00e3o de alunos para cursos t\u00e9cnicos gratuitos com in\u00edcio no 1\u00ba semestre de...","jetpack-related-posts":[{"id":10848,"url":"https:\/\/ismaelcolosi.com.br\/index.php\/2023\/12\/05\/centro-de-educacao-profissional-de-campinas-abre-vagas-em-cursos-tecnicos-gratuitos\/","url_meta":{"origin":9153,"position":0},"title":"Centro de Educa\u00e7\u00e3o Profissional de Campinas abre vagas em cursos t\u00e9cnicos gratuitos","author":"ismaelcolosi.com.br","date":"5 de December de 2023","format":false,"excerpt":"O Centro de Educa\u00e7\u00e3o Profissional de Campinas (Ceprocamp), vinculado \u00e0 Funda\u00e7\u00e3o Municipal para a Educa\u00e7\u00e3o Comunit\u00e1ria (Fumec), abre 150 vagas para cursos t\u00e9cnicos gratuitos em n\u00edvel m\u00e9dio para o primeiro semestre de 2024. As inscri\u00e7\u00f5es come\u00e7am nesta segunda-feira, 4, \u00e0s 9h, e podem ser feitas, exclusivamente, pela internet (fumec.sp.gov.br\/ceprocamp), at\u00e9\u2026","rel":"","context":"In &quot;Variedades&quot;","block_context":{"text":"Variedades","link":"https:\/\/ismaelcolosi.com.br\/index.php\/category\/variedades\/"},"img":{"alt_text":"","src":"https:\/\/i0.wp.com\/ismaelcolosi.com.br\/wp-content\/uploads\/2023\/12\/curso-gratuito-ceprocamp.jpg?fit=1200%2C638&ssl=1&resize=350%2C200","width":350,"height":200,"srcset":"https:\/\/i0.wp.com\/ismaelcolosi.com.br\/wp-content\/uploads\/2023\/12\/curso-gratuito-ceprocamp.jpg?fit=1200%2C638&ssl=1&resize=350%2C200 1x, https:\/\/i0.wp.com\/ismaelcolosi.com.br\/wp-content\/uploads\/2023\/12\/curso-gratuito-ceprocamp.jpg?fit=1200%2C638&ssl=1&resize=525%2C300 1.5x, https:\/\/i0.wp.com\/ismaelcolosi.com.br\/wp-content\/uploads\/2023\/12\/curso-gratuito-ceprocamp.jpg?fit=1200%2C638&ssl=1&resize=700%2C400 2x, https:\/\/i0.wp.com\/ismaelcolosi.com.br\/wp-content\/uploads\/2023\/12\/curso-gratuito-ceprocamp.jpg?fit=1200%2C638&ssl=1&resize=1050%2C600 3x"},"classes":[]},{"id":6579,"url":"https:\/\/ismaelcolosi.com.br\/index.php\/2023\/11\/26\/ifpe-oferece-5-414-vagas-em-132-cursos-gratuitos-confira\/","url_meta":{"origin":9153,"position":1},"title":"IFPE oferece 5.414 vagas em 132 cursos gratuitos; confira","author":"ismaelcolosi.com.br","date":"26 de November de 2023","format":false,"excerpt":"O Instituto Federal de Educa\u00e7\u00e3o, Ci\u00eancia e Tecnologia de Pernambuco (IFPE) est\u00e1 com inscri\u00e7\u00f5es abertas cursos gratuitos nas modalidades presencial e a dist\u00e2ncia (EaD). S\u00e3o oferecidas ao todo 5.414 vagas. Do total de vagas disponibilizadas, 1.435 s\u00e3o para cursos de gradua\u00e7\u00e3o; 1.885 para cursos t\u00e9cnicos integrados ao ensino m\u00e9dio; 2.059\u2026","rel":"","context":"In &quot;Variedades&quot;","block_context":{"text":"Variedades","link":"https:\/\/ismaelcolosi.com.br\/index.php\/category\/variedades\/"},"img":{"alt_text":"","src":"https:\/\/i0.wp.com\/ismaelcolosi.com.br\/wp-content\/uploads\/2023\/11\/cursos-tecnicos-gratuitos-if-sertao-pe.png?fit=1200%2C638&ssl=1&resize=350%2C200","width":350,"height":200,"srcset":"https:\/\/i0.wp.com\/ismaelcolosi.com.br\/wp-content\/uploads\/2023\/11\/cursos-tecnicos-gratuitos-if-sertao-pe.png?fit=1200%2C638&ssl=1&resize=350%2C200 1x, https:\/\/i0.wp.com\/ismaelcolosi.com.br\/wp-content\/uploads\/2023\/11\/cursos-tecnicos-gratuitos-if-sertao-pe.png?fit=1200%2C638&ssl=1&resize=525%2C300 1.5x, https:\/\/i0.wp.com\/ismaelcolosi.com.br\/wp-content\/uploads\/2023\/11\/cursos-tecnicos-gratuitos-if-sertao-pe.png?fit=1200%2C638&ssl=1&resize=700%2C400 2x, https:\/\/i0.wp.com\/ismaelcolosi.com.br\/wp-content\/uploads\/2023\/11\/cursos-tecnicos-gratuitos-if-sertao-pe.png?fit=1200%2C638&ssl=1&resize=1050%2C600 3x"},"classes":[]},{"id":13100,"url":"https:\/\/ismaelcolosi.com.br\/index.php\/2023\/12\/09\/senai-abre-vagas-em-cursos-tecnicos-gratuitos-no-interior-de-sp\/","url_meta":{"origin":9153,"position":2},"title":"Senai abre vagas em cursos t\u00e9cnicos gratuitos no interior de SP","author":"ismaelcolosi.com.br","date":"9 de December de 2023","format":false,"excerpt":"O Servi\u00e7o Nacional de Aprendizagem Industrial em S\u00e3o Paulo (Senai-SP) est\u00e1 com inscri\u00e7\u00f5es abertas para mais de 40 cursos t\u00e9cnicos gratuitos de curta dura\u00e7\u00e3o no interior do estado. As vagas s\u00e3o para cursos presencial e na modalidade de ensino a dist\u00e2ncia (EaD). Cr\u00e9ditos: Divulga\u00e7\u00e3oSenai est\u00e1 com inscri\u00e7\u00f5es abertas para cursos\u2026","rel":"","context":"In &quot;Variedades&quot;","block_context":{"text":"Variedades","link":"https:\/\/ismaelcolosi.com.br\/index.php\/category\/variedades\/"},"img":{"alt_text":"","src":"https:\/\/i0.wp.com\/ismaelcolosi.com.br\/wp-content\/uploads\/2023\/12\/cursos-gratuitos-senai-botucatu.jpg?fit=1200%2C638&ssl=1&resize=350%2C200","width":350,"height":200,"srcset":"https:\/\/i0.wp.com\/ismaelcolosi.com.br\/wp-content\/uploads\/2023\/12\/cursos-gratuitos-senai-botucatu.jpg?fit=1200%2C638&ssl=1&resize=350%2C200 1x, https:\/\/i0.wp.com\/ismaelcolosi.com.br\/wp-content\/uploads\/2023\/12\/cursos-gratuitos-senai-botucatu.jpg?fit=1200%2C638&ssl=1&resize=525%2C300 1.5x, https:\/\/i0.wp.com\/ismaelcolosi.com.br\/wp-content\/uploads\/2023\/12\/cursos-gratuitos-senai-botucatu.jpg?fit=1200%2C638&ssl=1&resize=700%2C400 2x, https:\/\/i0.wp.com\/ismaelcolosi.com.br\/wp-content\/uploads\/2023\/12\/cursos-gratuitos-senai-botucatu.jpg?fit=1200%2C638&ssl=1&resize=1050%2C600 3x"},"classes":[]},{"id":10628,"url":"https:\/\/ismaelcolosi.com.br\/index.php\/2023\/12\/04\/pernambuco-oferece-18-mil-vagas-em-cursos-tecnicos-gratuitos\/","url_meta":{"origin":9153,"position":3},"title":"Pernambuco oferece 18 mil vagas em cursos t\u00e9cnicos gratuitos","author":"ismaelcolosi.com.br","date":"4 de December de 2023","format":false,"excerpt":"O governo de Pernambuco, atrav\u00e9s da Secretaria de Educa\u00e7\u00e3o e Esportes, est\u00e1 com inscri\u00e7\u00f5es abertas at\u00e9 7 de dezembro para mais de 40 cursos t\u00e9cnicos gratuitos subsequentes na modalidade presencial e para Educa\u00e7\u00e3o a Dist\u00e2ncia (EAD) semipresencial. Ao todo, s\u00e3o oferecidas 18.209 vagas. Os cursos t\u00e9cnicos gratuitos na modalidade subsequente\u2026","rel":"","context":"In &quot;Variedades&quot;","block_context":{"text":"Variedades","link":"https:\/\/ismaelcolosi.com.br\/index.php\/category\/variedades\/"},"img":{"alt_text":"","src":"https:\/\/i0.wp.com\/ismaelcolosi.com.br\/wp-content\/uploads\/2023\/12\/cursos-gratuitos-ete.jpeg?fit=1200%2C638&ssl=1&resize=350%2C200","width":350,"height":200,"srcset":"https:\/\/i0.wp.com\/ismaelcolosi.com.br\/wp-content\/uploads\/2023\/12\/cursos-gratuitos-ete.jpeg?fit=1200%2C638&ssl=1&resize=350%2C200 1x, https:\/\/i0.wp.com\/ismaelcolosi.com.br\/wp-content\/uploads\/2023\/12\/cursos-gratuitos-ete.jpeg?fit=1200%2C638&ssl=1&resize=525%2C300 1.5x, https:\/\/i0.wp.com\/ismaelcolosi.com.br\/wp-content\/uploads\/2023\/12\/cursos-gratuitos-ete.jpeg?fit=1200%2C638&ssl=1&resize=700%2C400 2x, https:\/\/i0.wp.com\/ismaelcolosi.com.br\/wp-content\/uploads\/2023\/12\/cursos-gratuitos-ete.jpeg?fit=1200%2C638&ssl=1&resize=1050%2C600 3x"},"classes":[]},{"id":58020,"url":"https:\/\/ismaelcolosi.com.br\/index.php\/2024\/07\/26\/ribeirao-preto-conta-com-700-vagas-em-cursos-tecnicos-gratuitos-veja-como-participar\/","url_meta":{"origin":9153,"position":4},"title":"Ribeir\u00e3o Preto conta com 700 vagas em cursos t\u00e9cnicos gratuitos; Veja como participar","author":"ismaelcolosi.com.br","date":"26 de July de 2024","format":false,"excerpt":"O Senac de Ribeir\u00e3o Preto oferece quase 700 bolsas de estudos gratuitas para cursos t\u00e9cnicos no segundo semestre de 2024. Entre as op\u00e7\u00f5es, est\u00e3o os cursos t\u00e9cnicos em restaurante e bar e internet das coisas. Al\u00e9m destes t\u00edtulos, tamb\u00e9m s\u00e3o oferecidas bolsas nos cursos t\u00e9cnicos a seguir: T\u00e9cnico em Administra\u00e7\u00e3o;\u2026","rel":"","context":"In &quot;Not\u00edcias de Ribeir\u00e3o Preto-SP e Regi\u00e3o&quot;","block_context":{"text":"Not\u00edcias de Ribeir\u00e3o Preto-SP e Regi\u00e3o","link":"https:\/\/ismaelcolosi.com.br\/index.php\/category\/noticias-de-ribeirao-preto-sp-e-regiao-ismael-colosi\/"},"img":{"alt_text":"","src":"https:\/\/i0.wp.com\/ismaelcolosi.com.br\/wp-content\/uploads\/2024\/07\/senac-ribeirao-preto_2024-07-26_14-17-16_jpg_2024-07-26_14-17-16.webp.webp?fit=1200%2C800&ssl=1&resize=350%2C200","width":350,"height":200,"srcset":"https:\/\/i0.wp.com\/ismaelcolosi.com.br\/wp-content\/uploads\/2024\/07\/senac-ribeirao-preto_2024-07-26_14-17-16_jpg_2024-07-26_14-17-16.webp.webp?fit=1200%2C800&ssl=1&resize=350%2C200 1x, https:\/\/i0.wp.com\/ismaelcolosi.com.br\/wp-content\/uploads\/2024\/07\/senac-ribeirao-preto_2024-07-26_14-17-16_jpg_2024-07-26_14-17-16.webp.webp?fit=1200%2C800&ssl=1&resize=525%2C300 1.5x, https:\/\/i0.wp.com\/ismaelcolosi.com.br\/wp-content\/uploads\/2024\/07\/senac-ribeirao-preto_2024-07-26_14-17-16_jpg_2024-07-26_14-17-16.webp.webp?fit=1200%2C800&ssl=1&resize=700%2C400 2x, https:\/\/i0.wp.com\/ismaelcolosi.com.br\/wp-content\/uploads\/2024\/07\/senac-ribeirao-preto_2024-07-26_14-17-16_jpg_2024-07-26_14-17-16.webp.webp?fit=1200%2C800&ssl=1&resize=1050%2C600 3x"},"classes":[]},{"id":4795,"url":"https:\/\/ismaelcolosi.com.br\/index.php\/2023\/11\/22\/rs-oferece-mais-de-22-mil-vagas-em-cursos-tecnicos-gratuitos\/","url_meta":{"origin":9153,"position":5},"title":"RS oferece mais de 22 mil vagas em cursos t\u00e9cnicos gratuitos","author":"ismaelcolosi.com.br","date":"22 de November de 2023","format":false,"excerpt":"O governo do Rio Grande do Sul est\u00e1 com inscri\u00e7\u00f5es abertas para 63 cursos t\u00e9cnicos gratuitos. Ao todo, s\u00e3o oferecidas mais de 22 mil vagas. A inscri\u00e7\u00e3o para as pr\u00e9-matr\u00edculas segue aberta at\u00e9 dia 1\u00ba de dezembro. \u00c9 poss\u00edvel se inscrever pelo site da Secretaria da Educa\u00e7\u00e3o (Seduc), na aba\u2026","rel":"","context":"In &quot;Variedades&quot;","block_context":{"text":"Variedades","link":"https:\/\/ismaelcolosi.com.br\/index.php\/category\/variedades\/"},"img":{"alt_text":"","src":"https:\/\/i0.wp.com\/ismaelcolosi.com.br\/wp-content\/uploads\/2023\/11\/cursos-gratuitos-rs.jpg?fit=1200%2C638&ssl=1&resize=350%2C200","width":350,"height":200,"srcset":"https:\/\/i0.wp.com\/ismaelcolosi.com.br\/wp-content\/uploads\/2023\/11\/cursos-gratuitos-rs.jpg?fit=1200%2C638&ssl=1&resize=350%2C200 1x, https:\/\/i0.wp.com\/ismaelcolosi.com.br\/wp-content\/uploads\/2023\/11\/cursos-gratuitos-rs.jpg?fit=1200%2C638&ssl=1&resize=525%2C300 1.5x, https:\/\/i0.wp.com\/ismaelcolosi.com.br\/wp-content\/uploads\/2023\/11\/cursos-gratuitos-rs.jpg?fit=1200%2C638&ssl=1&resize=700%2C400 2x, https:\/\/i0.wp.com\/ismaelcolosi.com.br\/wp-content\/uploads\/2023\/11\/cursos-gratuitos-rs.jpg?fit=1200%2C638&ssl=1&resize=1050%2C600 3x"},"classes":[]}],"jetpack_sharing_enabled":true,"jetpack_shortlink":"https:\/\/wp.me\/pfMlyK-2nD","_links":{"self":[{"href":"https:\/\/ismaelcolosi.com.br\/index.php\/wp-json\/wp\/v2\/posts\/9153","targetHints":{"allow":["GET"]}}],"collection":[{"href":"https:\/\/ismaelcolosi.com.br\/index.php\/wp-json\/wp\/v2\/posts"}],"about":[{"href":"https:\/\/ismaelcolosi.com.br\/index.php\/wp-json\/wp\/v2\/types\/post"}],"author":[{"embeddable":true,"href":"https:\/\/ismaelcolosi.com.br\/index.php\/wp-json\/wp\/v2\/users\/1"}],"replies":[{"embeddable":true,"href":"https:\/\/ismaelcolosi.com.br\/index.php\/wp-json\/wp\/v2\/comments?post=9153"}],"version-history":[{"count":0,"href":"https:\/\/ismaelcolosi.com.br\/index.php\/wp-json\/wp\/v2\/posts\/9153\/revisions"}],"wp:featuredmedia":[{"embeddable":true,"href":"https:\/\/ismaelcolosi.com.br\/index.php\/wp-json\/wp\/v2\/media\/9154"}],"wp:attachment":[{"href":"https:\/\/ismaelcolosi.com.br\/index.php\/wp-json\/wp\/v2\/media?parent=9153"}],"wp:term":[{"taxonomy":"category","embeddable":true,"href":"https:\/\/ismaelcolosi.com.br\/index.php\/wp-json\/wp\/v2\/categories?post=9153"},{"taxonomy":"post_tag","embeddable":true,"href":"https:\/\/ismaelcolosi.com.br\/index.php\/wp-json\/wp\/v2\/tags?post=9153"}],"curies":[{"name":"wp","href":"https:\/\/api.w.org\/{rel}","templated":true}]}}