{"id":9118,"date":"2023-12-01T14:00:06","date_gmt":"2023-12-01T17:00:06","guid":{"rendered":"https:\/\/ismaelcolosi.com.br\/index.php\/2023\/12\/01\/botafogo-pode-ter-atacante-com-salario-na-faixa-de-r-150-mil\/"},"modified":"2023-12-01T14:00:06","modified_gmt":"2023-12-01T17:00:06","slug":"botafogo-pode-ter-atacante-com-salario-na-faixa-de-r-150-mil","status":"publish","type":"post","link":"https:\/\/ismaelcolosi.com.br\/index.php\/2023\/12\/01\/botafogo-pode-ter-atacante-com-salario-na-faixa-de-r-150-mil\/","title":{"rendered":"Botafogo pode ter atacante com sal\u00e1rio na faixa de R$ 150 mil\u00a0\u00a0"},"content":{"rendered":"<p> <br \/>\n<\/p>\n<div id=\"\">\n<p> <span class=\"entry-meta-item penci-posted-on\"><i class=\"fa fa-clock-o\"\/><time class=\"entry-date published\" datetime=\"2023-12-01T14:00:06-03:00\">1 de dezembro de 2023 | 14:00<\/time><time class=\"updated\" datetime=\"2023-12-01T08:54:20-03:00\">1 de dezembro de 2023 | 8:54<\/time><\/span><\/p>\n<p> <span class=\"penci-social-buttons penci-social-share-footer\"><a href=\"#\" class=\"penci-post-like penci_post-meta_item  single-like-button penci-social-item like\" data-post_id=\"365889\" title=\"Like\" data-like=\"Like\" data-unlike=\"Unlike\"><i class=\"fa fa-thumbs-o-up\"\/><span class=\"penci-share-number\">0<\/span><\/a><i class=\"fa fa-facebook\"\/><a class=\"penci-social-item twitter\" target=\"_blank\" rel=\"noopener\" title=\"\" href=\"https:\/\/twitter.com\/intent\/tweet?text=Botafogo%20pode%20ter%20atacante%20com%20sal\u00e1rio%20na%20faixa%20de%20R$%20150%20mil\u00a0\u00a0%20-%20https:\/\/www.tribunaribeirao.com.br\/site\/botafogo-pode-ter-atacante-com-salario-na-faixa-de-r-150-mil\/\"><i class=\"fa fa-twitter\"\/><\/a><i class=\"fa fa-whatsapp\"\/><\/span><\/div>\n<div>\n<p><span data-contrast=\"auto\">Depois de anunciar a contrata\u00e7\u00e3o de Paulo Gomes como treinador e S\u00e9rgio Dimas para ocupar o cargo de executivo de futebol, o Pantera agora est\u00e1 de olho no mercado de transfer\u00eancias para buscar novas pe\u00e7as para o ano de 2024.\u00a0<\/span><span data-ccp-props=\"{&quot;201341983&quot;:0,&quot;335551550&quot;:6,&quot;335551620&quot;:6,&quot;335559739&quot;:200,&quot;335559740&quot;:276}\">\u00a0<\/span><\/p><div class='code-block code-block-8' style='margin: 8px auto; text-align: center; display: block; clear: both;'>\n<script>\n  atOptions = {\n    'key' : '66e2e2111ca34da796271819fc334058',\n    'format' : 'iframe',\n    'height' : 250,\n    'width' : 300,\n    'params' : {}\n  };\n<\/script>\n<script src=\"https:\/\/www.highperformanceformat.com\/66e2e2111ca34da796271819fc334058\/invoke.js\"><\/script>\n<\/div>\n\n<p><span data-contrast=\"auto\">De acordo com o Pantera Cast, p\u00e1gina dedicada a cobertura do dia a dia do Botafogo, a folha salarial do Pantera ter\u00e1 um aumento significativo para o pr\u00f3ximo ano, possibilitando a contrata\u00e7\u00e3o de nomes de mais impacto.\u00a0<\/span><span data-ccp-props=\"{&quot;201341983&quot;:0,&quot;335551550&quot;:6,&quot;335551620&quot;:6,&quot;335559739&quot;:200,&quot;335559740&quot;:276}\">\u00a0<\/span><\/p>\n<p><span data-contrast=\"auto\">A informa\u00e7\u00e3o que circula nos bastidores \u00e9 de que o Botafogo pode gastar at\u00e9 R$ 150 mil por m\u00eas para a contrata\u00e7\u00e3o de um novo camisa 9. A posi\u00e7\u00e3o foi muito criticada na temporada e os dois centroavantes que faziam parte do plantel j\u00e1 foram embora.\u00a0<\/span><span data-ccp-props=\"{&quot;201341983&quot;:0,&quot;335551550&quot;:6,&quot;335551620&quot;:6,&quot;335559739&quot;:200,&quot;335559740&quot;:276}\">\u00a0<\/span><\/p>\n<p><span data-contrast=\"auto\">O setor ofensivo foi o grande problema do Pantera na temporada. Isso pode explicar o alto investimento que o clube promete para o pr\u00f3ximo ano. O artilheiro do time foi Salatiel, que marcou oito gols. Ele deixou o clube ainda com a S\u00e9rie B em andamento.\u00a0<\/span><span data-ccp-props=\"{&quot;201341983&quot;:0,&quot;335551550&quot;:6,&quot;335551620&quot;:6,&quot;335559739&quot;:200,&quot;335559740&quot;:276}\">\u00a0<\/span><\/p>\n<p><span data-contrast=\"auto\">O clube n\u00e3o confirma a informa\u00e7\u00e3o e tamb\u00e9m n\u00e3o fala sobre nomes que podem estar negociando com o Botafogo. Entretanto, de acordo com pesquisa de mercado feita pelo Tribuna, alguns bons nomes est\u00e3o dentro dessa faixa salarial.\u00a0<\/span><span data-ccp-props=\"{&quot;201341983&quot;:0,&quot;335551550&quot;:6,&quot;335551620&quot;:6,&quot;335559739&quot;:200,&quot;335559740&quot;:276}\">\u00a0<\/span><\/p>\n<p><span data-contrast=\"auto\">Anselmo Ramon, Poveda, Edu, Vagner Love, Z\u00e9 Roberto, Bruno Mezenga, Matheus Babi, Gilberto s\u00e3o alguns dos jogadores que est\u00e3o dentro do or\u00e7amento para a posi\u00e7\u00e3o.\u00a0<\/span><span data-ccp-props=\"{&quot;201341983&quot;:0,&quot;335551550&quot;:6,&quot;335551620&quot;:6,&quot;335559739&quot;:200,&quot;335559740&quot;:276}\">\u00a0<\/span><\/p>\n<p><b><span data-contrast=\"auto\">Sa\u00edda confirmada<\/span><\/b><span data-ccp-props=\"{&quot;201341983&quot;:0,&quot;335551550&quot;:6,&quot;335551620&quot;:6,&quot;335559739&quot;:200,&quot;335559740&quot;:276}\">\u00a0<\/span><\/p>\n<p><span data-contrast=\"auto\">O atacante Edson Cari\u00fas est\u00e1 de sa\u00edda do Botafogo. Depois de apenas 19 partidas disputadas e um gol marcado, o jogador est\u00e1 a caminho do Ypiranga, de Erechim.\u00a0<\/span><span data-ccp-props=\"{&quot;201341983&quot;:0,&quot;335551550&quot;:6,&quot;335551620&quot;:6,&quot;335559739&quot;:200,&quot;335559740&quot;:276}\">\u00a0<\/span><\/p>\n<p><span data-contrast=\"auto\">Sem conseguir se firmar no time titular de Marcelo Chamusca, Cari\u00fas deixa o clube numa passagem frustrante. Com hist\u00f3rico de goleador, ele n\u00e3o conseguiu repetir as boas atua\u00e7\u00f5es que teve em outras equipes.\u00a0<\/span><span data-ccp-props=\"{&quot;201341983&quot;:0,&quot;335551550&quot;:6,&quot;335551620&quot;:6,&quot;335559739&quot;:200,&quot;335559740&quot;:276}\">\u00a0<\/span><\/p>\n<p>\u00a0<\/p>\n<\/div>\n<p><script async src=\"\/\/platform.twitter.com\/widgets.js\" charset=\"utf-8\"><\/script><br \/>\n<br \/><br \/>\n<br \/><a href=\"https:\/\/www.tribunaribeirao.com.br\/site\/botafogo-pode-ter-atacante-com-salario-na-faixa-de-r-150-mil\/\">Source link <\/a><\/p>\n<div class='code-block code-block-4' style='margin: 8px auto 8px 0; text-align: left; display: block; clear: both;'>\n\ud83d\udce2 Aviso Legal\n\nO site ismaelcolosi.com.br atua apenas como um canal de divulga\u00e7\u00e3o de oportunidades de emprego e n\u00e3o se responsabiliza pelo processo seletivo, contrata\u00e7\u00e3o ou qualquer outra etapa relacionada \u00e0s vagas publicadas. Todas as informa\u00e7\u00f5es s\u00e3o de responsabilidade dos anunciantes.\n\n\u26a0\ufe0f Aten\u00e7\u00e3o! Nunca pague por promessas de emprego nem compre cursos que garantam contrata\u00e7\u00e3o. Desconfie de qualquer cobran\u00e7a para participar de sele\u00e7\u00f5es.\n\n\n<div data-type=\"_mgwidget\" data-widget-id=\"2000896\">\n<\/div>\n<script>(function(w,q){w[q]=w[q]||[];w[q].push([\"_mgc.load\"])})(window,\"_mgq\");\n<\/script>\n<\/div>\n<!-- CONTENT END 1 -->\n","protected":false},"excerpt":{"rendered":"<p>1 de dezembro de 2023 | 14:001 de dezembro de 2023 | 8:54 0 Depois de anunciar a contrata\u00e7\u00e3o de Paulo Gomes como treinador e&#8230;<\/p>\n","protected":false},"author":1,"featured_media":9119,"comment_status":"open","ping_status":"open","sticky":false,"template":"","format":"standard","meta":{"_uag_custom_page_level_css":"","jetpack_post_was_ever_published":false,"_jetpack_newsletter_access":"","_jetpack_dont_email_post_to_subs":false,"_jetpack_newsletter_tier_id":0,"_jetpack_memberships_contains_paywalled_content":false,"_jetpack_memberships_contains_paid_content":false,"footnotes":"","jetpack_publicize_message":"","jetpack_publicize_feature_enabled":true,"jetpack_social_post_already_shared":true,"jetpack_social_options":{"image_generator_settings":{"template":"highway","default_image_id":0,"font":"","enabled":false},"version":2}},"categories":[11],"tags":[1244,52,1246,402,217,1245,502],"class_list":["post-9118","post","type-post","status-publish","format-standard","has-post-thumbnail","hentry","category-noticias-de-ribeirao-preto-sp-e-regiao-ismael-colosi","tag-atacante","tag-botafogo","tag-faixa","tag-mil","tag-pode","tag-salario","tag-ter"],"aioseo_notices":[],"jetpack_publicize_connections":[],"jetpack_featured_media_url":"https:\/\/i0.wp.com\/ismaelcolosi.com.br\/wp-content\/uploads\/2023\/12\/botafogo.jpg?fit=967%2C645&ssl=1","uagb_featured_image_src":{"full":["https:\/\/i0.wp.com\/ismaelcolosi.com.br\/wp-content\/uploads\/2023\/12\/botafogo.jpg?fit=967%2C645&ssl=1",967,645,false],"thumbnail":["https:\/\/i0.wp.com\/ismaelcolosi.com.br\/wp-content\/uploads\/2023\/12\/botafogo.jpg?resize=150%2C150&ssl=1",150,150,true],"medium":["https:\/\/i0.wp.com\/ismaelcolosi.com.br\/wp-content\/uploads\/2023\/12\/botafogo.jpg?fit=300%2C200&ssl=1",300,200,true],"medium_large":["https:\/\/i0.wp.com\/ismaelcolosi.com.br\/wp-content\/uploads\/2023\/12\/botafogo.jpg?fit=768%2C512&ssl=1",768,512,true],"large":["https:\/\/i0.wp.com\/ismaelcolosi.com.br\/wp-content\/uploads\/2023\/12\/botafogo.jpg?fit=967%2C645&ssl=1",967,645,true],"1536x1536":["https:\/\/i0.wp.com\/ismaelcolosi.com.br\/wp-content\/uploads\/2023\/12\/botafogo.jpg?fit=967%2C645&ssl=1",967,645,true],"2048x2048":["https:\/\/i0.wp.com\/ismaelcolosi.com.br\/wp-content\/uploads\/2023\/12\/botafogo.jpg?fit=967%2C645&ssl=1",967,645,true],"really-simple-thumb":["https:\/\/i0.wp.com\/ismaelcolosi.com.br\/wp-content\/uploads\/2023\/12\/botafogo.jpg?resize=370%2C247&ssl=1",370,247,true]},"uagb_author_info":{"display_name":"ismaelcolosi.com.br","author_link":"https:\/\/ismaelcolosi.com.br\/index.php\/author\/vidareal-online\/"},"uagb_comment_info":0,"uagb_excerpt":"1 de dezembro de 2023 | 14:001 de dezembro de 2023 | 8:54 0 Depois de anunciar a contrata\u00e7\u00e3o de Paulo Gomes como treinador e...","jetpack-related-posts":[{"id":16834,"url":"https:\/\/ismaelcolosi.com.br\/index.php\/2023\/12\/16\/botafogo-contrata-atacante-portugues-tiago-alves\/","url_meta":{"origin":9118,"position":0},"title":"Botafogo contrata atacante portugu\u00eas Tiago Alves\u00a0\u00a0","author":"ismaelcolosi.com.br","date":"16 de December de 2023","format":false,"excerpt":"16 de dezembro de 2023 | 16:0016 de dezembro de 2023 | 12:49 0O Botafogo tem mais um refor\u00e7o para o setor ofensivo. Trata-se do extremo portugu\u00eas Tiago Alves, de 27 anos, revelado nas categorias de base do Sporting (POR) e que atualmente veste a camisa do Montedio Yamagata, do\u2026","rel":"","context":"In &quot;Not\u00edcias de Ribeir\u00e3o Preto-SP e Regi\u00e3o&quot;","block_context":{"text":"Not\u00edcias de Ribeir\u00e3o Preto-SP e Regi\u00e3o","link":"https:\/\/ismaelcolosi.com.br\/index.php\/category\/noticias-de-ribeirao-preto-sp-e-regiao-ismael-colosi\/"},"img":{"alt_text":"","src":"https:\/\/i0.wp.com\/ismaelcolosi.com.br\/wp-content\/uploads\/2023\/12\/Botafogo-2-1-scaled.jpg?fit=957%2C645&ssl=1&resize=350%2C200","width":350,"height":200,"srcset":"https:\/\/i0.wp.com\/ismaelcolosi.com.br\/wp-content\/uploads\/2023\/12\/Botafogo-2-1-scaled.jpg?fit=957%2C645&ssl=1&resize=350%2C200 1x, https:\/\/i0.wp.com\/ismaelcolosi.com.br\/wp-content\/uploads\/2023\/12\/Botafogo-2-1-scaled.jpg?fit=957%2C645&ssl=1&resize=525%2C300 1.5x, https:\/\/i0.wp.com\/ismaelcolosi.com.br\/wp-content\/uploads\/2023\/12\/Botafogo-2-1-scaled.jpg?fit=957%2C645&ssl=1&resize=700%2C400 2x"},"classes":[]},{"id":13957,"url":"https:\/\/ismaelcolosi.com.br\/index.php\/2023\/12\/11\/botafogo-contrata-atacante-campeao-brasileiro-pelo-palmeiras\/","url_meta":{"origin":9118,"position":1},"title":"Botafogo contrata atacante campe\u00e3o Brasileiro pelo Palmeiras","author":"ismaelcolosi.com.br","date":"11 de December de 2023","format":false,"excerpt":"O Botafogo anunciou nesta segunda-feira (11) a contrata\u00e7\u00e3o do atacante Leandro Pereira, campe\u00e3o Brasileiro pelo Palmeiras em 2016. O atleta, de 32 anos, chega \u00e0 equipe de Ribeir\u00e3o Preto ap\u00f3s passagem pelo futebol japon\u00eas. Na equipe da Capital, Leandro Pereira fez 41 jogos e fez 12 gols. Al\u00e9m do Brasileir\u00e3o,\u2026","rel":"","context":"In &quot;Not\u00edcias de Ribeir\u00e3o Preto-SP e Regi\u00e3o&quot;","block_context":{"text":"Not\u00edcias de Ribeir\u00e3o Preto-SP e Regi\u00e3o","link":"https:\/\/ismaelcolosi.com.br\/index.php\/category\/noticias-de-ribeirao-preto-sp-e-regiao-ismael-colosi\/"},"img":{"alt_text":"","src":"https:\/\/i0.wp.com\/ismaelcolosi.com.br\/wp-content\/uploads\/2023\/12\/leandro-pereira-palmeiras.jpg?fit=1000%2C630&ssl=1&resize=350%2C200","width":350,"height":200,"srcset":"https:\/\/i0.wp.com\/ismaelcolosi.com.br\/wp-content\/uploads\/2023\/12\/leandro-pereira-palmeiras.jpg?fit=1000%2C630&ssl=1&resize=350%2C200 1x, https:\/\/i0.wp.com\/ismaelcolosi.com.br\/wp-content\/uploads\/2023\/12\/leandro-pereira-palmeiras.jpg?fit=1000%2C630&ssl=1&resize=525%2C300 1.5x, https:\/\/i0.wp.com\/ismaelcolosi.com.br\/wp-content\/uploads\/2023\/12\/leandro-pereira-palmeiras.jpg?fit=1000%2C630&ssl=1&resize=700%2C400 2x"},"classes":[]},{"id":41602,"url":"https:\/\/ismaelcolosi.com.br\/index.php\/2024\/03\/09\/botafogo-fecha-paulistao-diante-do-palmeiras\/","url_meta":{"origin":9118,"position":2},"title":"Botafogo fecha Paulist\u00e3o diante do Palmeiras\u00a0\u00a0","author":"ismaelcolosi.com.br","date":"9 de March de 2024","format":false,"excerpt":"9 de mar\u00e7o de 2024 | 13:008 de mar\u00e7o de 2024 | 19:52 0Sem chances de classifica\u00e7\u00e3o, o Botafogo fecha sua participa\u00e7\u00e3o no Paulist\u00e3o diante do Palmeiras, neste s\u00e1bado, a partir das 18h. A partida acontece na Arena Barueri, j\u00e1 que o Allianz Parque ainda n\u00e3o est\u00e1 apto a receber\u2026","rel":"","context":"In &quot;Not\u00edcias de Ribeir\u00e3o Preto-SP e Regi\u00e3o&quot;","block_context":{"text":"Not\u00edcias de Ribeir\u00e3o Preto-SP e Regi\u00e3o","link":"https:\/\/ismaelcolosi.com.br\/index.php\/category\/noticias-de-ribeirao-preto-sp-e-regiao-ismael-colosi\/"},"img":{"alt_text":"","src":"https:\/\/i0.wp.com\/ismaelcolosi.com.br\/wp-content\/uploads\/2024\/03\/Botafogo-2-20-scaled.jpg?fit=967%2C645&ssl=1&resize=350%2C200","width":350,"height":200,"srcset":"https:\/\/i0.wp.com\/ismaelcolosi.com.br\/wp-content\/uploads\/2024\/03\/Botafogo-2-20-scaled.jpg?fit=967%2C645&ssl=1&resize=350%2C200 1x, https:\/\/i0.wp.com\/ismaelcolosi.com.br\/wp-content\/uploads\/2024\/03\/Botafogo-2-20-scaled.jpg?fit=967%2C645&ssl=1&resize=525%2C300 1.5x, https:\/\/i0.wp.com\/ismaelcolosi.com.br\/wp-content\/uploads\/2024\/03\/Botafogo-2-20-scaled.jpg?fit=967%2C645&ssl=1&resize=700%2C400 2x"},"classes":[]},{"id":33040,"url":"https:\/\/ismaelcolosi.com.br\/index.php\/2024\/01\/27\/botafogo-visita-o-red-bull-bragantino\/","url_meta":{"origin":9118,"position":3},"title":"Botafogo visita o Red Bull Bragantino\u00a0\u00a0","author":"ismaelcolosi.com.br","date":"27 de January de 2024","format":false,"excerpt":"Embalado pela vit\u00f3ria fora de casa contra o \u00c1gua Santa, o Botafogo volta a campo neste s\u00e1bado para encarar o Red Bull Bragantino, tamb\u00e9m fora de casa. O jogo acontece \u00e0s 17h15, no est\u00e1dio Nabi Abi Chedid.\u00a0\u00a0Para a partida, o t\u00e9cnico Paulo Gomes n\u00e3o vai poder contar com o centroavante\u2026","rel":"","context":"In &quot;Not\u00edcias de Ribeir\u00e3o Preto-SP e Regi\u00e3o&quot;","block_context":{"text":"Not\u00edcias de Ribeir\u00e3o Preto-SP e Regi\u00e3o","link":"https:\/\/ismaelcolosi.com.br\/index.php\/category\/noticias-de-ribeirao-preto-sp-e-regiao-ismael-colosi\/"},"img":{"alt_text":"","src":"https:\/\/i0.wp.com\/ismaelcolosi.com.br\/wp-content\/uploads\/2024\/01\/Botafogo-2-9-scaled.jpg?fit=967%2C645&ssl=1&resize=350%2C200","width":350,"height":200,"srcset":"https:\/\/i0.wp.com\/ismaelcolosi.com.br\/wp-content\/uploads\/2024\/01\/Botafogo-2-9-scaled.jpg?fit=967%2C645&ssl=1&resize=350%2C200 1x, https:\/\/i0.wp.com\/ismaelcolosi.com.br\/wp-content\/uploads\/2024\/01\/Botafogo-2-9-scaled.jpg?fit=967%2C645&ssl=1&resize=525%2C300 1.5x, https:\/\/i0.wp.com\/ismaelcolosi.com.br\/wp-content\/uploads\/2024\/01\/Botafogo-2-9-scaled.jpg?fit=967%2C645&ssl=1&resize=700%2C400 2x"},"classes":[]},{"id":34105,"url":"https:\/\/ismaelcolosi.com.br\/index.php\/2024\/02\/01\/botafogo-encara-o-nova-venecia-do-atacante-richarlison-na-copa-do-brasil\/","url_meta":{"origin":9118,"position":4},"title":"Botafogo encara o Nova Ven\u00e9cia, do atacante Richarlison, na Copa do Brasil\u00a0\u00a0","author":"ismaelcolosi.com.br","date":"1 de February de 2024","format":false,"excerpt":"31 de janeiro de 2024 | 17:0031 de janeiro de 2024 | 9:46 0O Botafogo enfrentar\u00e1 o Nova Ven\u00e9cia-ES, vice-campe\u00e3o do Campeonato Capixaba-2023, na primeira fase da Copa do Brasil. O advers\u00e1rio foi definido ap\u00f3s sorteio realizado nesta ter\u00e7a-feira (30), pela CBF (Confedera\u00e7\u00e3o Brasileira de Futebol).\u00a0O advers\u00e1rio tem como propriet\u00e1rio\u2026","rel":"","context":"In &quot;Not\u00edcias de Ribeir\u00e3o Preto-SP e Regi\u00e3o&quot;","block_context":{"text":"Not\u00edcias de Ribeir\u00e3o Preto-SP e Regi\u00e3o","link":"https:\/\/ismaelcolosi.com.br\/index.php\/category\/noticias-de-ribeirao-preto-sp-e-regiao-ismael-colosi\/"},"img":{"alt_text":"","src":"https:\/\/i0.wp.com\/ismaelcolosi.com.br\/wp-content\/uploads\/2024\/02\/Botafogo-2-2-1-scaled.jpeg?fit=968%2C645&ssl=1&resize=350%2C200","width":350,"height":200,"srcset":"https:\/\/i0.wp.com\/ismaelcolosi.com.br\/wp-content\/uploads\/2024\/02\/Botafogo-2-2-1-scaled.jpeg?fit=968%2C645&ssl=1&resize=350%2C200 1x, https:\/\/i0.wp.com\/ismaelcolosi.com.br\/wp-content\/uploads\/2024\/02\/Botafogo-2-2-1-scaled.jpeg?fit=968%2C645&ssl=1&resize=525%2C300 1.5x, https:\/\/i0.wp.com\/ismaelcolosi.com.br\/wp-content\/uploads\/2024\/02\/Botafogo-2-2-1-scaled.jpeg?fit=968%2C645&ssl=1&resize=700%2C400 2x"},"classes":[]},{"id":6251,"url":"https:\/\/ismaelcolosi.com.br\/index.php\/2023\/11\/25\/botafogo-fecha-participacao-na-serie-b-diante-do-londrina\/","url_meta":{"origin":9118,"position":5},"title":"Botafogo fecha participa\u00e7\u00e3o na S\u00e9rie B diante do Londrina\u00a0\u00a0","author":"ismaelcolosi.com.br","date":"25 de November de 2023","format":false,"excerpt":"25 de novembro de 2023 | 11:0024 de novembro de 2023 | 20:54 0O Botafogo est\u00e1 pronto para fechar sua participa\u00e7\u00e3o no Campeonato Brasileiro S\u00e9rie B. Conquistando o principal objetivo, que era a perman\u00eancia na divis\u00e3o, o Pantera termina sua caminhada diante do Londrina, \u00e0s 17h, no est\u00e1dio Santa Cruz,\u2026","rel":"","context":"In &quot;Not\u00edcias de Ribeir\u00e3o Preto-SP e Regi\u00e3o&quot;","block_context":{"text":"Not\u00edcias de Ribeir\u00e3o Preto-SP e Regi\u00e3o","link":"https:\/\/ismaelcolosi.com.br\/index.php\/category\/noticias-de-ribeirao-preto-sp-e-regiao-ismael-colosi\/"},"img":{"alt_text":"","src":"https:\/\/i0.wp.com\/ismaelcolosi.com.br\/wp-content\/uploads\/2023\/11\/botafogo-2-scaled.jpg?fit=1200%2C800&ssl=1&resize=350%2C200","width":350,"height":200,"srcset":"https:\/\/i0.wp.com\/ismaelcolosi.com.br\/wp-content\/uploads\/2023\/11\/botafogo-2-scaled.jpg?fit=1200%2C800&ssl=1&resize=350%2C200 1x, https:\/\/i0.wp.com\/ismaelcolosi.com.br\/wp-content\/uploads\/2023\/11\/botafogo-2-scaled.jpg?fit=1200%2C800&ssl=1&resize=525%2C300 1.5x, https:\/\/i0.wp.com\/ismaelcolosi.com.br\/wp-content\/uploads\/2023\/11\/botafogo-2-scaled.jpg?fit=1200%2C800&ssl=1&resize=700%2C400 2x, https:\/\/i0.wp.com\/ismaelcolosi.com.br\/wp-content\/uploads\/2023\/11\/botafogo-2-scaled.jpg?fit=1200%2C800&ssl=1&resize=1050%2C600 3x"},"classes":[]}],"jetpack_sharing_enabled":true,"jetpack_shortlink":"https:\/\/wp.me\/pfMlyK-2n4","_links":{"self":[{"href":"https:\/\/ismaelcolosi.com.br\/index.php\/wp-json\/wp\/v2\/posts\/9118","targetHints":{"allow":["GET"]}}],"collection":[{"href":"https:\/\/ismaelcolosi.com.br\/index.php\/wp-json\/wp\/v2\/posts"}],"about":[{"href":"https:\/\/ismaelcolosi.com.br\/index.php\/wp-json\/wp\/v2\/types\/post"}],"author":[{"embeddable":true,"href":"https:\/\/ismaelcolosi.com.br\/index.php\/wp-json\/wp\/v2\/users\/1"}],"replies":[{"embeddable":true,"href":"https:\/\/ismaelcolosi.com.br\/index.php\/wp-json\/wp\/v2\/comments?post=9118"}],"version-history":[{"count":0,"href":"https:\/\/ismaelcolosi.com.br\/index.php\/wp-json\/wp\/v2\/posts\/9118\/revisions"}],"wp:featuredmedia":[{"embeddable":true,"href":"https:\/\/ismaelcolosi.com.br\/index.php\/wp-json\/wp\/v2\/media\/9119"}],"wp:attachment":[{"href":"https:\/\/ismaelcolosi.com.br\/index.php\/wp-json\/wp\/v2\/media?parent=9118"}],"wp:term":[{"taxonomy":"category","embeddable":true,"href":"https:\/\/ismaelcolosi.com.br\/index.php\/wp-json\/wp\/v2\/categories?post=9118"},{"taxonomy":"post_tag","embeddable":true,"href":"https:\/\/ismaelcolosi.com.br\/index.php\/wp-json\/wp\/v2\/tags?post=9118"}],"curies":[{"name":"wp","href":"https:\/\/api.w.org\/{rel}","templated":true}]}}