{"id":9100,"date":"2023-12-01T14:09:55","date_gmt":"2023-12-01T17:09:55","guid":{"rendered":"https:\/\/ismaelcolosi.com.br\/index.php\/2023\/12\/01\/o-que-e-sintomas-tratamentos-e-prevencao-da-doenca-que-afeta-o-quadro-de-saude-do-papa-muitos-estao-em-oracao\/"},"modified":"2023-12-01T14:09:55","modified_gmt":"2023-12-01T17:09:55","slug":"o-que-e-sintomas-tratamentos-e-prevencao-da-doenca-que-afeta-o-quadro-de-saude-do-papa-muitos-estao-em-oracao","status":"publish","type":"post","link":"https:\/\/ismaelcolosi.com.br\/index.php\/2023\/12\/01\/o-que-e-sintomas-tratamentos-e-prevencao-da-doenca-que-afeta-o-quadro-de-saude-do-papa-muitos-estao-em-oracao\/","title":{"rendered":"o que \u00e9, sintomas, tratamentos e preven\u00e7\u00e3o da doen\u00e7a que afeta o quadro de sa\u00fade do Papa; muitos est\u00e3o em ora\u00e7\u00e3o"},"content":{"rendered":"<p> <br \/>\n<\/p>\n<div itemprop=\"text\">\n<p>Nesta quinta-feira, dia 30 de novembro, o Papa Francisco anunciou que est\u00e1 enfrentando problemas de sa\u00fade, recebendo o diagn\u00f3stico de bronquite infecciosa aguda. Em breve, ele ir\u00e1 completar 87 anos de idade e n\u00e3o tem a parte superior do pulm\u00e3o desde que tinha 21 anos, quando passou por uma pneumonia grave.<\/p>\n<p>E por conta do estado de sa\u00fade delicado, o Papa n\u00e3o foi liberado a participar de sua rotina comum, tendo que cancelar sua participa\u00e7\u00e3o em eventos e permanecer repousando at\u00e9 que sua situa\u00e7\u00e3o melhore.<\/p>\n<p><b>O que \u00e9 bronquite infecciosa aguda?<\/b><\/p>\n<p>A bronquite \u00e9 uma inflama\u00e7\u00e3o dos br\u00f4nquios, que s\u00e3o estruturas que servem para levar o ar aos pulm\u00f5es. Costuma se tratar de uma infec\u00e7\u00e3o tempor\u00e1ria e que pode se estender por alguns dias.<\/p>\n<p>Na maioria dos casos, a doen\u00e7a \u00e9 causada por um v\u00edrus ou uma bact\u00e9ria. \u201c\u00c0s vezes a bronquite aguda pode ser causada por exposi\u00e7\u00e3o a algum al\u00e9rgeno, como o pr\u00f3prio \u00e1caro\u201d, explica a especialista Lilian Ballini.<\/p>\n<p><b>Quais s\u00e3o sintomas da bronquite aguda?<\/b><\/p>\n<p>Os sintomas costumam ser tosse, catarro amarelado e febre. A tosse ocorre por conta do muco que \u00e9 produzido no organismo infectado e que precisa ser eliminado de alguma forma.<\/p>\n<p><b>Tratamento e preven\u00e7\u00e3o<\/b><\/p>\n<p>O tratamento \u00e9 realizado com medicamentos prescritos por m\u00e9dicos, inala\u00e7\u00e3o e exerc\u00edcios respirat\u00f3rios. Em rela\u00e7\u00e3o a preven\u00e7\u00e3o, \u00e9 necess\u00e1rio tomar vacinas e evitar exposi\u00e7\u00f5es em ambientes fechados.<\/p>\n<p><b>Fatores de risco<\/b><\/p>\n<p>No caso do Papa, sua idade entra como um fator de risco, visto que normalmente a doen\u00e7a afeta uma pessoa que n\u00e3o est\u00e1 com uma resist\u00eancia muito boa. Ora\u00e7\u00f5es est\u00e3o sendo feitas por sua sa\u00fade.<\/p>\n<\/div>\n<p><br \/>\n<br \/><a href=\"https:\/\/fnmais.com\/bronquite-infecciosa-aguda-que-sintomas-tratamentos-prevencao-doenca-que-afeta-quadro-saude-papa-muitos-estao-em-oracao\/\">Source link <\/a><\/p>\n<div class='code-block code-block-4' style='margin: 8px auto 8px 0; text-align: left; display: block; clear: both;'>\n\ud83d\udce2 Aviso Legal\n\nO site ismaelcolosi.com.br atua apenas como um canal de divulga\u00e7\u00e3o de oportunidades de emprego e n\u00e3o se responsabiliza pelo processo seletivo, contrata\u00e7\u00e3o ou qualquer outra etapa relacionada \u00e0s vagas publicadas. Todas as informa\u00e7\u00f5es s\u00e3o de responsabilidade dos anunciantes.\n\n\u26a0\ufe0f Aten\u00e7\u00e3o! Nunca pague por promessas de emprego nem compre cursos que garantam contrata\u00e7\u00e3o. Desconfie de qualquer cobran\u00e7a para participar de sele\u00e7\u00f5es.\n\n\n\n<\/div>\n<!-- CONTENT END 1 -->\n","protected":false},"excerpt":{"rendered":"<p>Nesta quinta-feira, dia 30 de novembro, o Papa Francisco anunciou que est\u00e1 enfrentando problemas de sa\u00fade, recebendo o diagn\u00f3stico de bronquite infecciosa aguda. Em breve,&#8230;<\/p>\n","protected":false},"author":1,"featured_media":9101,"comment_status":"open","ping_status":"open","sticky":false,"template":"","format":"standard","meta":{"_uag_custom_page_level_css":"","advanced_seo_description":"","jetpack_seo_html_title":"","jetpack_seo_noindex":false,"jetpack_post_was_ever_published":false,"_jetpack_newsletter_access":"","_jetpack_dont_email_post_to_subs":false,"_jetpack_newsletter_tier_id":0,"_jetpack_memberships_contains_paywalled_content":false,"_jetpack_memberships_contains_paid_content":false,"footnotes":"","jetpack_publicize_message":"","jetpack_publicize_feature_enabled":true,"jetpack_social_post_already_shared":true,"jetpack_social_options":{"image_generator_settings":{"template":"highway","default_image_id":0,"font":"","enabled":false},"version":2}},"categories":[1],"tags":[],"class_list":["post-9100","post","type-post","status-publish","format-standard","has-post-thumbnail","hentry","category-blog"],"jetpack_publicize_connections":[],"jetpack_featured_media_url":"https:\/\/i0.wp.com\/ismaelcolosi.com.br\/wp-content\/uploads\/2023\/12\/postimg-656a1197a1e043069.jpg?fit=1200%2C628&ssl=1","uagb_featured_image_src":{"full":["https:\/\/i0.wp.com\/ismaelcolosi.com.br\/wp-content\/uploads\/2023\/12\/postimg-656a1197a1e043069.jpg?fit=1200%2C628&ssl=1",1200,628,false],"thumbnail":["https:\/\/i0.wp.com\/ismaelcolosi.com.br\/wp-content\/uploads\/2023\/12\/postimg-656a1197a1e043069.jpg?resize=150%2C150&ssl=1",150,150,true],"medium":["https:\/\/i0.wp.com\/ismaelcolosi.com.br\/wp-content\/uploads\/2023\/12\/postimg-656a1197a1e043069.jpg?fit=300%2C157&ssl=1",300,157,true],"medium_large":["https:\/\/i0.wp.com\/ismaelcolosi.com.br\/wp-content\/uploads\/2023\/12\/postimg-656a1197a1e043069.jpg?fit=768%2C402&ssl=1",768,402,true],"large":["https:\/\/i0.wp.com\/ismaelcolosi.com.br\/wp-content\/uploads\/2023\/12\/postimg-656a1197a1e043069.jpg?fit=1024%2C536&ssl=1",1024,536,true],"1536x1536":["https:\/\/i0.wp.com\/ismaelcolosi.com.br\/wp-content\/uploads\/2023\/12\/postimg-656a1197a1e043069.jpg?fit=1200%2C628&ssl=1",1200,628,true],"2048x2048":["https:\/\/i0.wp.com\/ismaelcolosi.com.br\/wp-content\/uploads\/2023\/12\/postimg-656a1197a1e043069.jpg?fit=1200%2C628&ssl=1",1200,628,true],"really-simple-thumb":["https:\/\/i0.wp.com\/ismaelcolosi.com.br\/wp-content\/uploads\/2023\/12\/postimg-656a1197a1e043069.jpg?resize=370%2C247&ssl=1",370,247,true]},"uagb_author_info":{"display_name":"ismaelcolosi.com.br","author_link":"https:\/\/ismaelcolosi.com.br\/index.php\/author\/vidareal-online\/"},"uagb_comment_info":0,"uagb_excerpt":"Nesta quinta-feira, dia 30 de novembro, o Papa Francisco anunciou que est\u00e1 enfrentando problemas de sa\u00fade, recebendo o diagn\u00f3stico de bronquite infecciosa aguda. Em breve,...","jetpack-related-posts":[{"id":6247,"url":"https:\/\/ismaelcolosi.com.br\/index.php\/2023\/11\/25\/sao-paulo-tem-surto-de-doenca-que-deixa-a-lingua-com-manchas\/","url_meta":{"origin":9100,"position":0},"title":"S\u00e3o Paulo tem surto de doen\u00e7a que deixa a l\u00edngua com manchas","author":"ismaelcolosi.com.br","date":"25 de November de 2023","format":false,"excerpt":"O estado de S\u00e3o Paulo vive um surto de escarlatina, doen\u00e7a bacteriana que deixa a l\u00edngua e a pele com manchas e acomete principalmente as crian\u00e7as menores de 10 anos. S\u00f3 de janeiro a outubro, foram pelo menos 30 surtos, comparados com apenas 4 no ano passado. Os dados s\u00e3o\u2026","rel":"","context":"In &quot;Variedades&quot;","block_context":{"text":"Variedades","link":"https:\/\/ismaelcolosi.com.br\/index.php\/category\/variedades\/"},"img":{"alt_text":"","src":"https:\/\/i0.wp.com\/ismaelcolosi.com.br\/wp-content\/uploads\/2023\/11\/lingua-escarlatina.jpeg?fit=1200%2C638&ssl=1&resize=350%2C200","width":350,"height":200,"srcset":"https:\/\/i0.wp.com\/ismaelcolosi.com.br\/wp-content\/uploads\/2023\/11\/lingua-escarlatina.jpeg?fit=1200%2C638&ssl=1&resize=350%2C200 1x, https:\/\/i0.wp.com\/ismaelcolosi.com.br\/wp-content\/uploads\/2023\/11\/lingua-escarlatina.jpeg?fit=1200%2C638&ssl=1&resize=525%2C300 1.5x, https:\/\/i0.wp.com\/ismaelcolosi.com.br\/wp-content\/uploads\/2023\/11\/lingua-escarlatina.jpeg?fit=1200%2C638&ssl=1&resize=700%2C400 2x, https:\/\/i0.wp.com\/ismaelcolosi.com.br\/wp-content\/uploads\/2023\/11\/lingua-escarlatina.jpeg?fit=1200%2C638&ssl=1&resize=1050%2C600 3x"},"classes":[]},{"id":16079,"url":"https:\/\/ismaelcolosi.com.br\/index.php\/2023\/12\/14\/papa-revela-que-quer-ser-enterrado-fora-do-vaticano\/","url_meta":{"origin":9100,"position":1},"title":"Papa revela que quer ser enterrado fora do Vaticano\u00a0","author":"ismaelcolosi.com.br","date":"14 de December de 2023","format":false,"excerpt":"14 de dezembro de 2023 | 16:0014 de dezembro de 2023 | 10:40 0O papa Francisco revelou que deseja ser enterrado na Bas\u00edlica de Santa Maria Maggiore, em Roma, e n\u00e3o no Vaticano, em entrevista \u00e0 televis\u00e3o mexicana N+. Francisco disse tamb\u00e9m que j\u00e1 preparou os detalhes do seu enterro\u2026","rel":"","context":"In &quot;Not\u00edcias de Ribeir\u00e3o Preto-SP e Regi\u00e3o&quot;","block_context":{"text":"Not\u00edcias de Ribeir\u00e3o Preto-SP e Regi\u00e3o","link":"https:\/\/ismaelcolosi.com.br\/index.php\/category\/noticias-de-ribeirao-preto-sp-e-regiao-ismael-colosi\/"},"img":{"alt_text":"","src":"https:\/\/i0.wp.com\/ismaelcolosi.com.br\/wp-content\/uploads\/2023\/12\/Papa-scaled.jpg?fit=1000%2C595&ssl=1&resize=350%2C200","width":350,"height":200,"srcset":"https:\/\/i0.wp.com\/ismaelcolosi.com.br\/wp-content\/uploads\/2023\/12\/Papa-scaled.jpg?fit=1000%2C595&ssl=1&resize=350%2C200 1x, https:\/\/i0.wp.com\/ismaelcolosi.com.br\/wp-content\/uploads\/2023\/12\/Papa-scaled.jpg?fit=1000%2C595&ssl=1&resize=525%2C300 1.5x, https:\/\/i0.wp.com\/ismaelcolosi.com.br\/wp-content\/uploads\/2023\/12\/Papa-scaled.jpg?fit=1000%2C595&ssl=1&resize=700%2C400 2x"},"classes":[]},{"id":33691,"url":"https:\/\/ismaelcolosi.com.br\/index.php\/2024\/01\/30\/voce-pode-ter-a-ver-mais\/","url_meta":{"origin":9100,"position":2},"title":"&#8220;Voc\u00ea pode ter a&#8230;Ver mais","author":"ismaelcolosi.com.br","date":"30 de January de 2024","format":false,"excerpt":"Uma not\u00edcia triste chocou os brasileiros nesta ter\u00e7a-feira (30) causando uma como\u00e7\u00e3o avassaladora. A atriz Jandira Martini, conhecida por seus in\u00fameros pap\u00e9is ic\u00f4nicos em novelas e filmes, acabou falecendo depois de uma longa batalha contra uma doen\u00e7a silenciosa. Um dos seus amigos e colega de profiss\u00e3o Marcos Caruso veio \u00e0\u2026","rel":"","context":"In &quot;Variedades&quot;","block_context":{"text":"Variedades","link":"https:\/\/ismaelcolosi.com.br\/index.php\/category\/variedades\/"},"img":{"alt_text":"","src":"https:\/\/i0.wp.com\/ismaelcolosi.com.br\/wp-content\/uploads\/2024\/01\/Apresentacao-sem-titulo-2-1.png?fit=960%2C540&ssl=1&resize=350%2C200","width":350,"height":200,"srcset":"https:\/\/i0.wp.com\/ismaelcolosi.com.br\/wp-content\/uploads\/2024\/01\/Apresentacao-sem-titulo-2-1.png?fit=960%2C540&ssl=1&resize=350%2C200 1x, https:\/\/i0.wp.com\/ismaelcolosi.com.br\/wp-content\/uploads\/2024\/01\/Apresentacao-sem-titulo-2-1.png?fit=960%2C540&ssl=1&resize=525%2C300 1.5x, https:\/\/i0.wp.com\/ismaelcolosi.com.br\/wp-content\/uploads\/2024\/01\/Apresentacao-sem-titulo-2-1.png?fit=960%2C540&ssl=1&resize=700%2C400 2x"},"classes":[]},{"id":40174,"url":"https:\/\/ismaelcolosi.com.br\/index.php\/2024\/03\/01\/hc-de-ribeirao-preto-busca-voluntarios-para-pesquisa-sobre-asma\/","url_meta":{"origin":9100,"position":3},"title":"HC de Ribeir\u00e3o Preto busca volunt\u00e1rios para pesquisa sobre asma","author":"ismaelcolosi.com.br","date":"1 de March de 2024","format":false,"excerpt":"O Hospital das Cl\u00ednicas de Ribeir\u00e3o Preto est\u00e1 em busca de volunt\u00e1rios para uma pesquisa cl\u00ednica sobre asma, doen\u00e7a respirat\u00f3ria cr\u00f4nica conhecida tamb\u00e9m como bronquite asm\u00e1tica ou bronquite al\u00e9rgica. Para participar da pesquisa com o t\u00edtulo \u201cExacerba\u00e7\u00e3o da asma no contexto de comorbidades\u201d, aprovada em maio de 2022, \u00e9 necess\u00e1rio\u2026","rel":"","context":"In &quot;Not\u00edcias de Ribeir\u00e3o Preto-SP e Regi\u00e3o&quot;","block_context":{"text":"Not\u00edcias de Ribeir\u00e3o Preto-SP e Regi\u00e3o","link":"https:\/\/ismaelcolosi.com.br\/index.php\/category\/noticias-de-ribeirao-preto-sp-e-regiao-ismael-colosi\/"},"img":{"alt_text":"","src":"https:\/\/i0.wp.com\/ismaelcolosi.com.br\/wp-content\/uploads\/2024\/03\/Copia-de-Copia-de-TAMANHO-EXATO-PARA-FOTOS-NO-SISTEMA-NOVO-19.jpg?fit=1200%2C675&ssl=1&resize=350%2C200","width":350,"height":200,"srcset":"https:\/\/i0.wp.com\/ismaelcolosi.com.br\/wp-content\/uploads\/2024\/03\/Copia-de-Copia-de-TAMANHO-EXATO-PARA-FOTOS-NO-SISTEMA-NOVO-19.jpg?fit=1200%2C675&ssl=1&resize=350%2C200 1x, https:\/\/i0.wp.com\/ismaelcolosi.com.br\/wp-content\/uploads\/2024\/03\/Copia-de-Copia-de-TAMANHO-EXATO-PARA-FOTOS-NO-SISTEMA-NOVO-19.jpg?fit=1200%2C675&ssl=1&resize=525%2C300 1.5x, https:\/\/i0.wp.com\/ismaelcolosi.com.br\/wp-content\/uploads\/2024\/03\/Copia-de-Copia-de-TAMANHO-EXATO-PARA-FOTOS-NO-SISTEMA-NOVO-19.jpg?fit=1200%2C675&ssl=1&resize=700%2C400 2x, https:\/\/i0.wp.com\/ismaelcolosi.com.br\/wp-content\/uploads\/2024\/03\/Copia-de-Copia-de-TAMANHO-EXATO-PARA-FOTOS-NO-SISTEMA-NOVO-19.jpg?fit=1200%2C675&ssl=1&resize=1050%2C600 3x"},"classes":[]},{"id":40437,"url":"https:\/\/ismaelcolosi.com.br\/index.php\/2024\/03\/03\/entenda-a-diferenca-dos-sintomas-de-dengue-e-de-covid-19\/","url_meta":{"origin":9100,"position":4},"title":"Entenda a diferen\u00e7a dos sintomas de dengue e de covid-19\u00a0","author":"ismaelcolosi.com.br","date":"3 de March de 2024","format":false,"excerpt":"Em meio a uma explos\u00e3o de casos de dengue e o aumento de infec\u00e7\u00f5es por covid-19 no Brasil, sintomas como febre, dor de cabe\u00e7a e mal-estar passaram a assustar e gerar muitas d\u00favidas. No atual cen\u00e1rio epidemiol\u00f3gico, \u00e9 importante saber diferenciar os sinais de cada enfermidade.\u00a0O infectologista do Servi\u00e7o de\u2026","rel":"","context":"In &quot;Not\u00edcias de Ribeir\u00e3o Preto-SP e Regi\u00e3o&quot;","block_context":{"text":"Not\u00edcias de Ribeir\u00e3o Preto-SP e Regi\u00e3o","link":"https:\/\/ismaelcolosi.com.br\/index.php\/category\/noticias-de-ribeirao-preto-sp-e-regiao-ismael-colosi\/"},"img":{"alt_text":"","src":"https:\/\/i0.wp.com\/ismaelcolosi.com.br\/wp-content\/uploads\/2024\/03\/sintomas-covid-coronavirus-pandemia-diagnostico-teste.png?fit=1000%2C523&ssl=1&resize=350%2C200","width":350,"height":200,"srcset":"https:\/\/i0.wp.com\/ismaelcolosi.com.br\/wp-content\/uploads\/2024\/03\/sintomas-covid-coronavirus-pandemia-diagnostico-teste.png?fit=1000%2C523&ssl=1&resize=350%2C200 1x, https:\/\/i0.wp.com\/ismaelcolosi.com.br\/wp-content\/uploads\/2024\/03\/sintomas-covid-coronavirus-pandemia-diagnostico-teste.png?fit=1000%2C523&ssl=1&resize=525%2C300 1.5x, https:\/\/i0.wp.com\/ismaelcolosi.com.br\/wp-content\/uploads\/2024\/03\/sintomas-covid-coronavirus-pandemia-diagnostico-teste.png?fit=1000%2C523&ssl=1&resize=700%2C400 2x"},"classes":[]},{"id":84824,"url":"https:\/\/ismaelcolosi.com.br\/index.php\/2025\/04\/26\/papa-francisco-partiu-como-veio-dando-licao-de-como-ser-um-lider-humilde\/","url_meta":{"origin":9100,"position":5},"title":"Papa Francisco Partiu Como Veio, Dando Li\u00e7\u00e3o de Como Ser um L\u00edder Humilde","author":"ismaelcolosi.com.br","date":"26 de April de 2025","format":false,"excerpt":"\r \r Papa Francisco e suas li\u00e7\u00f5es de lideran\u00e7a\r Acessibilidade \r L\r L\r A-\r A+\r \r \u25d0\r \r \u00a0 \u00a0 Em 13 de mar\u00e7o de 2013, o cardeal Jorge Mario Bergoglio desceu de sua modesta su\u00edte da Casa Santa Marta \u2013 ou Domus Sanctae Marthae, em latim \u2013, quarto 207,\u2026","rel":"","context":"In &quot;Carreira e Sucesso&quot;","block_context":{"text":"Carreira e Sucesso","link":"https:\/\/ismaelcolosi.com.br\/index.php\/category\/carreira-e-sucesso-dicas-para-carreira\/"},"img":{"alt_text":"","src":"https:\/\/i0.wp.com\/ismaelcolosi.com.br\/wp-content\/uploads\/2025\/04\/Papa_Francisco_27abr_25_Vativano_Pool_Gettyimages-1200x675.jpg?fit=1200%2C675&ssl=1&resize=350%2C200","width":350,"height":200,"srcset":"https:\/\/i0.wp.com\/ismaelcolosi.com.br\/wp-content\/uploads\/2025\/04\/Papa_Francisco_27abr_25_Vativano_Pool_Gettyimages-1200x675.jpg?fit=1200%2C675&ssl=1&resize=350%2C200 1x, https:\/\/i0.wp.com\/ismaelcolosi.com.br\/wp-content\/uploads\/2025\/04\/Papa_Francisco_27abr_25_Vativano_Pool_Gettyimages-1200x675.jpg?fit=1200%2C675&ssl=1&resize=525%2C300 1.5x, https:\/\/i0.wp.com\/ismaelcolosi.com.br\/wp-content\/uploads\/2025\/04\/Papa_Francisco_27abr_25_Vativano_Pool_Gettyimages-1200x675.jpg?fit=1200%2C675&ssl=1&resize=700%2C400 2x, https:\/\/i0.wp.com\/ismaelcolosi.com.br\/wp-content\/uploads\/2025\/04\/Papa_Francisco_27abr_25_Vativano_Pool_Gettyimages-1200x675.jpg?fit=1200%2C675&ssl=1&resize=1050%2C600 3x"},"classes":[]}],"jetpack_sharing_enabled":true,"jetpack_shortlink":"https:\/\/wp.me\/pfMlyK-2mM","_links":{"self":[{"href":"https:\/\/ismaelcolosi.com.br\/index.php\/wp-json\/wp\/v2\/posts\/9100","targetHints":{"allow":["GET"]}}],"collection":[{"href":"https:\/\/ismaelcolosi.com.br\/index.php\/wp-json\/wp\/v2\/posts"}],"about":[{"href":"https:\/\/ismaelcolosi.com.br\/index.php\/wp-json\/wp\/v2\/types\/post"}],"author":[{"embeddable":true,"href":"https:\/\/ismaelcolosi.com.br\/index.php\/wp-json\/wp\/v2\/users\/1"}],"replies":[{"embeddable":true,"href":"https:\/\/ismaelcolosi.com.br\/index.php\/wp-json\/wp\/v2\/comments?post=9100"}],"version-history":[{"count":0,"href":"https:\/\/ismaelcolosi.com.br\/index.php\/wp-json\/wp\/v2\/posts\/9100\/revisions"}],"wp:featuredmedia":[{"embeddable":true,"href":"https:\/\/ismaelcolosi.com.br\/index.php\/wp-json\/wp\/v2\/media\/9101"}],"wp:attachment":[{"href":"https:\/\/ismaelcolosi.com.br\/index.php\/wp-json\/wp\/v2\/media?parent=9100"}],"wp:term":[{"taxonomy":"category","embeddable":true,"href":"https:\/\/ismaelcolosi.com.br\/index.php\/wp-json\/wp\/v2\/categories?post=9100"},{"taxonomy":"post_tag","embeddable":true,"href":"https:\/\/ismaelcolosi.com.br\/index.php\/wp-json\/wp\/v2\/tags?post=9100"}],"curies":[{"name":"wp","href":"https:\/\/api.w.org\/{rel}","templated":true}]}}