{"id":9066,"date":"2023-12-01T13:05:48","date_gmt":"2023-12-01T16:05:48","guid":{"rendered":"https:\/\/ismaelcolosi.com.br\/index.php\/2023\/12\/01\/blablacar-oferece-passagens-de-onibus-a-partir-de-r-8\/"},"modified":"2023-12-01T13:05:48","modified_gmt":"2023-12-01T16:05:48","slug":"blablacar-oferece-passagens-de-onibus-a-partir-de-r-8","status":"publish","type":"post","link":"https:\/\/ismaelcolosi.com.br\/index.php\/2023\/12\/01\/blablacar-oferece-passagens-de-onibus-a-partir-de-r-8\/","title":{"rendered":"BlaBlaCar oferece passagens de \u00f4nibus a partir de R$ 8"},"content":{"rendered":"<p> <br \/>\n<\/p>\n<p>A plataforma de viagens <a href=\"https:\/\/www.blablacar.com.br\/\" target=\"_blank\" rel=\"noopener\">BlaBlaCar<\/a> lan\u00e7ou uma promo\u00e7\u00e3o imperd\u00edvel de passagens de \u00f4nibus com pre\u00e7os a partir de R$ 8. A oferta contempla mais de 60 rotas com embarque ou desembarque em Belo Horizonte (MG)<\/p>\n<p>A promo\u00e7\u00e3o \u00e9 v\u00e1lida para <a href=\"https:\/\/catracalivre.com.br\/viagem-livre\/assist-card-tem-seguro-viagem-com-desconto-de-50\/\">bilhetes<\/a> adquiridos no site ou aplicativo at\u00e9 o dia 20 de dezembro.<\/p><div class='code-block code-block-8' style='margin: 8px auto; text-align: center; display: block; clear: both;'>\n<script>\n  atOptions = {\n    'key' : '66e2e2111ca34da796271819fc334058',\n    'format' : 'iframe',\n    'height' : 250,\n    'width' : 300,\n    'params' : {}\n  };\n<\/script>\n<script src=\"https:\/\/www.highperformanceformat.com\/66e2e2111ca34da796271819fc334058\/invoke.js\"><\/script>\n<\/div>\n\n<div id=\"attachment_2315643\">\n<div class=\"d-flex justify-content-center\" data-attachment-id=\"2315643\">\n<div class=\"position-relative d-inline-block\"><img data-recalc-dims=\"1\" data-portal-copyright=\"Divulga\u00e7\u00e3o\" fetchpriority=\"high\" decoding=\"async\" class=\"wp-image-2315643 size-large\" src=\"https:\/\/i0.wp.com\/catracalivre.com.br\/wp-content\/uploads\/2023\/11\/copy-of-p1041008-enhanced-nr-910x607.jpg?resize=910%2C607&#038;ssl=1\" alt=\"BlaBlaCar oferece passagens de \u00f4nibus a partir de R$ 8\" width=\"910\" height=\"607\" srcset=\"https:\/\/catracalivre.com.br\/wp-content\/uploads\/2023\/11\/copy-of-p1041008-enhanced-nr-910x607.jpg 910w, https:\/\/catracalivre.com.br\/wp-content\/uploads\/2023\/11\/copy-of-p1041008-enhanced-nr-450x300.jpg 450w, https:\/\/catracalivre.com.br\/wp-content\/uploads\/2023\/11\/copy-of-p1041008-enhanced-nr-768x512.jpg 768w\" sizes=\"(max-width: 910px) 100vw, 910px\"\/><\/p>\n<p>Cr\u00e9ditos: Divulga\u00e7\u00e3o<\/p>\n<\/div>\n<\/div>\n<p><span class=\"post-imagem__legenda\">BlaBlaCar oferece passagens de \u00f4nibus a partir de R$ 8<\/span><\/p>\n<\/div>\n<p>Al\u00e9m disso, a empresa tem condi\u00e7\u00f5es especiais para trechos como Belo Horizonte \u2013 Ouro Preto, Belo Horizonte \u2013 Rio de Janeiro e Belo Horizonte \u2013 Juiz de Fora.<\/p>\n<p>Al\u00e9m dos valores diferenciados nas passagens, a BlaBlaCar oferece a possibilidade de pagamento variado, como Pix e parcelamento no cart\u00e3o de cr\u00e9dito.<\/p>\n<p>Nacionalmente, a BlaBlaCar tem parceria com cerca de 214 via\u00e7\u00f5es, que oferecem passagens para mais de 22 mil rotas espalhadas pelo Brasil.<\/p>\n<p>Minas Gerais \u00e9 o terceiro em n\u00famero de passagens de \u00f4nibus vendidas e o quarto em total de caronas.<\/p>\n<p>No terceiro trimestre deste ano, a venda de t\u00edquetes rodovi\u00e1rios cresceu 124% no estado, e teve avan\u00e7o ainda maior em Belo Horizonte (230%). Em rela\u00e7\u00e3o \u00e0s caronas, no mesmo per\u00edodo o crescimento em Minas foi de 74%.<\/p>\n<p>A BlaBlaCar n\u00e3o \u00e9 uma operadora de \u00f4nibus. Os pre\u00e7os s\u00e3o aplicados de acordo com disponibilidade e podem mudar. O n\u00famero de passagens \u00e9 limitado. Para mais detalhes acesse o <a href=\"https:\/\/www.blablacar.com.br\/\" target=\"_blank\" rel=\"noopener\">site<\/a>.<\/p>\n<p><script>\n\t\t! function(f, b, e, v, n, t, s) {\n\t\t\tif (f.fbq) return;\n\t\t\tn = f.fbq = function() {\n\t\t\t\tn.callMethod ?\n\t\t\t\t\tn.callMethod.apply(n, arguments) : n.queue.push(arguments)\n\t\t\t};\n\t\t\tif (!f._fbq) f._fbq = n;\n\t\t\tn.push = n;\n\t\t\tn.loaded = !0;\n\t\t\tn.version = '2.0';\n\t\t\tn.queue = [];\n\t\t\tt = b.createElement(e);\n\t\t\tt.async = !0;\n\t\t\tt.src = v;\n\t\t\ts = b.getElementsByTagName(e)[0];\n\t\t\ts.parentNode.insertBefore(t, s)\n\t\t}(window, document, 'script',\n\t\t\t'https:\/\/connect.facebook.net\/en_US\/fbevents.js');\n\t\tfbq('init', '338315473262380');\n\t\tfbq('track', 'PageView');\n\t<\/script><br \/>\n<br \/><br \/>\n<br \/><a href=\"https:\/\/catracalivre.com.br\/viagem-livre\/blablacar-oferece-passagens-de-onibus-a-partir-de-r-8\/\">Source link <\/a><\/p>\n<div class='code-block code-block-4' style='margin: 8px auto 8px 0; text-align: left; display: block; clear: both;'>\n\ud83d\udce2 Aviso Legal\n\nO site ismaelcolosi.com.br atua apenas como um canal de divulga\u00e7\u00e3o de oportunidades de emprego e n\u00e3o se responsabiliza pelo processo seletivo, contrata\u00e7\u00e3o ou qualquer outra etapa relacionada \u00e0s vagas publicadas. Todas as informa\u00e7\u00f5es s\u00e3o de responsabilidade dos anunciantes.\n\n\u26a0\ufe0f Aten\u00e7\u00e3o! Nunca pague por promessas de emprego nem compre cursos que garantam contrata\u00e7\u00e3o. Desconfie de qualquer cobran\u00e7a para participar de sele\u00e7\u00f5es.\n\n\n\n<\/div>\n<!-- CONTENT END 1 -->\n","protected":false},"excerpt":{"rendered":"<p>A plataforma de viagens BlaBlaCar lan\u00e7ou uma promo\u00e7\u00e3o imperd\u00edvel de passagens de \u00f4nibus com pre\u00e7os a partir de R$ 8. A oferta contempla mais de&#8230;<\/p>\n","protected":false},"author":1,"featured_media":9067,"comment_status":"open","ping_status":"open","sticky":false,"template":"","format":"standard","meta":{"_uag_custom_page_level_css":"","advanced_seo_description":"","jetpack_seo_html_title":"","jetpack_seo_noindex":false,"jetpack_post_was_ever_published":false,"_jetpack_newsletter_access":"","_jetpack_dont_email_post_to_subs":false,"_jetpack_newsletter_tier_id":0,"_jetpack_memberships_contains_paywalled_content":false,"_jetpack_memberships_contains_paid_content":false,"footnotes":"","jetpack_publicize_message":"","jetpack_publicize_feature_enabled":true,"jetpack_social_post_already_shared":true,"jetpack_social_options":{"image_generator_settings":{"template":"highway","default_image_id":0,"font":"","enabled":false},"version":2}},"categories":[19],"tags":[],"class_list":["post-9066","post","type-post","status-publish","format-standard","has-post-thumbnail","hentry","category-variedades"],"jetpack_publicize_connections":[],"jetpack_featured_media_url":"https:\/\/i0.wp.com\/ismaelcolosi.com.br\/wp-content\/uploads\/2023\/12\/istock-1166641874.jpg?fit=1200%2C638&ssl=1","uagb_featured_image_src":{"full":["https:\/\/i0.wp.com\/ismaelcolosi.com.br\/wp-content\/uploads\/2023\/12\/istock-1166641874.jpg?fit=1200%2C638&ssl=1",1200,638,false],"thumbnail":["https:\/\/i0.wp.com\/ismaelcolosi.com.br\/wp-content\/uploads\/2023\/12\/istock-1166641874.jpg?resize=150%2C150&ssl=1",150,150,true],"medium":["https:\/\/i0.wp.com\/ismaelcolosi.com.br\/wp-content\/uploads\/2023\/12\/istock-1166641874.jpg?fit=300%2C160&ssl=1",300,160,true],"medium_large":["https:\/\/i0.wp.com\/ismaelcolosi.com.br\/wp-content\/uploads\/2023\/12\/istock-1166641874.jpg?fit=768%2C408&ssl=1",768,408,true],"large":["https:\/\/i0.wp.com\/ismaelcolosi.com.br\/wp-content\/uploads\/2023\/12\/istock-1166641874.jpg?fit=1024%2C544&ssl=1",1024,544,true],"1536x1536":["https:\/\/i0.wp.com\/ismaelcolosi.com.br\/wp-content\/uploads\/2023\/12\/istock-1166641874.jpg?fit=1200%2C638&ssl=1",1200,638,true],"2048x2048":["https:\/\/i0.wp.com\/ismaelcolosi.com.br\/wp-content\/uploads\/2023\/12\/istock-1166641874.jpg?fit=1200%2C638&ssl=1",1200,638,true],"really-simple-thumb":["https:\/\/i0.wp.com\/ismaelcolosi.com.br\/wp-content\/uploads\/2023\/12\/istock-1166641874.jpg?resize=370%2C247&ssl=1",370,247,true]},"uagb_author_info":{"display_name":"ismaelcolosi.com.br","author_link":"https:\/\/ismaelcolosi.com.br\/index.php\/author\/vidareal-online\/"},"uagb_comment_info":0,"uagb_excerpt":"A plataforma de viagens BlaBlaCar lan\u00e7ou uma promo\u00e7\u00e3o imperd\u00edvel de passagens de \u00f4nibus com pre\u00e7os a partir de R$ 8. A oferta contempla mais de...","jetpack-related-posts":[{"id":5515,"url":"https:\/\/ismaelcolosi.com.br\/index.php\/2023\/11\/23\/clickbus-tem-passagens-de-onibus-a-partir-de-r-490\/","url_meta":{"origin":9066,"position":0},"title":"ClickBus tem passagens de \u00f4nibus a partir de R$ 4,90","author":"ismaelcolosi.com.br","date":"23 de November de 2023","format":false,"excerpt":"Quer viajar, mas a grana est\u00e1 curta? Entre os dias 23 e 26 de novembro, a plataforma ClickBus disponibilizar\u00e1 passagens de \u00f4nibus com valores a partir de R$ 4,90 para destinos selecionados, al\u00e9m de cupons exclusivos durante a Black Friday. Os consumidores ter\u00e3o acesso a diversas promo\u00e7\u00f5es por meio do\u2026","rel":"","context":"In &quot;Variedades&quot;","block_context":{"text":"Variedades","link":"https:\/\/ismaelcolosi.com.br\/index.php\/category\/variedades\/"},"img":{"alt_text":"","src":"https:\/\/i0.wp.com\/ismaelcolosi.com.br\/wp-content\/uploads\/2023\/11\/ubatuba-praia-picinguaba.jpg?fit=1200%2C638&ssl=1&resize=350%2C200","width":350,"height":200,"srcset":"https:\/\/i0.wp.com\/ismaelcolosi.com.br\/wp-content\/uploads\/2023\/11\/ubatuba-praia-picinguaba.jpg?fit=1200%2C638&ssl=1&resize=350%2C200 1x, https:\/\/i0.wp.com\/ismaelcolosi.com.br\/wp-content\/uploads\/2023\/11\/ubatuba-praia-picinguaba.jpg?fit=1200%2C638&ssl=1&resize=525%2C300 1.5x, https:\/\/i0.wp.com\/ismaelcolosi.com.br\/wp-content\/uploads\/2023\/11\/ubatuba-praia-picinguaba.jpg?fit=1200%2C638&ssl=1&resize=700%2C400 2x, https:\/\/i0.wp.com\/ismaelcolosi.com.br\/wp-content\/uploads\/2023\/11\/ubatuba-praia-picinguaba.jpg?fit=1200%2C638&ssl=1&resize=1050%2C600 3x"},"classes":[]},{"id":2432,"url":"https:\/\/ismaelcolosi.com.br\/index.php\/2023\/11\/15\/gol-faz-promocao-relampago-com-passagens-a-partir-de-r-133\/","url_meta":{"origin":9066,"position":1},"title":"Gol faz promo\u00e7\u00e3o rel\u00e2mpago com passagens a partir de R$ 133","author":"ismaelcolosi.com.br","date":"15 de November de 2023","format":false,"excerpt":"Aproveite o feriado para programar sua pr\u00f3xima viagem! A Gol Linhas A\u00e9reas est\u00e1 com uma promo\u00e7\u00e3o rel\u00e2mpago de passagens para destinos nacionais com pre\u00e7os a partir de R$ 133, 72 \u2013o trecho j\u00e1 com a taxa de embarque inclusa. A oferta \u00e9 valida somente para bilhetes emitidos at\u00e9 as 23h59\u2026","rel":"","context":"In &quot;Variedades&quot;","block_context":{"text":"Variedades","link":"https:\/\/ismaelcolosi.com.br\/index.php\/category\/variedades\/"},"img":{"alt_text":"","src":"https:\/\/i0.wp.com\/ismaelcolosi.com.br\/wp-content\/uploads\/2023\/11\/istock-1695544972.jpg?fit=1200%2C638&ssl=1&resize=350%2C200","width":350,"height":200,"srcset":"https:\/\/i0.wp.com\/ismaelcolosi.com.br\/wp-content\/uploads\/2023\/11\/istock-1695544972.jpg?fit=1200%2C638&ssl=1&resize=350%2C200 1x, https:\/\/i0.wp.com\/ismaelcolosi.com.br\/wp-content\/uploads\/2023\/11\/istock-1695544972.jpg?fit=1200%2C638&ssl=1&resize=525%2C300 1.5x, https:\/\/i0.wp.com\/ismaelcolosi.com.br\/wp-content\/uploads\/2023\/11\/istock-1695544972.jpg?fit=1200%2C638&ssl=1&resize=700%2C400 2x, https:\/\/i0.wp.com\/ismaelcolosi.com.br\/wp-content\/uploads\/2023\/11\/istock-1695544972.jpg?fit=1200%2C638&ssl=1&resize=1050%2C600 3x"},"classes":[]},{"id":5914,"url":"https:\/\/ismaelcolosi.com.br\/index.php\/2023\/11\/24\/somente-hoje-black-friday-da-latam-tem-passagens-aereas-a-partir-de-r-99\/","url_meta":{"origin":9066,"position":2},"title":"Somente hoje! Black Friday da Latam tem passagens a\u00e9reas a partir de R$ 99","author":"ismaelcolosi.com.br","date":"24 de November de 2023","format":false,"excerpt":"A Black Friday 2023 da Latam\u00a0 est\u00e1 no ar com passagens a\u00e9reas a partir de R$ 99. As ofertas tamb\u00e9m contemplam bilhetes para destinos internacionais, al\u00e9m de at\u00e9 60% de desconto em pacotes de viagem (voo + hotel).A tarifa mais atraente \u00e9 a da oferta rel\u00e2mpago para a ponte a\u00e9rea\u2026","rel":"","context":"In &quot;Variedades&quot;","block_context":{"text":"Variedades","link":"https:\/\/ismaelcolosi.com.br\/index.php\/category\/variedades\/"},"img":{"alt_text":"","src":"https:\/\/i0.wp.com\/ismaelcolosi.com.br\/wp-content\/uploads\/2023\/11\/istock-659139684.jpg?fit=1200%2C638&ssl=1&resize=350%2C200","width":350,"height":200,"srcset":"https:\/\/i0.wp.com\/ismaelcolosi.com.br\/wp-content\/uploads\/2023\/11\/istock-659139684.jpg?fit=1200%2C638&ssl=1&resize=350%2C200 1x, https:\/\/i0.wp.com\/ismaelcolosi.com.br\/wp-content\/uploads\/2023\/11\/istock-659139684.jpg?fit=1200%2C638&ssl=1&resize=525%2C300 1.5x, https:\/\/i0.wp.com\/ismaelcolosi.com.br\/wp-content\/uploads\/2023\/11\/istock-659139684.jpg?fit=1200%2C638&ssl=1&resize=700%2C400 2x, https:\/\/i0.wp.com\/ismaelcolosi.com.br\/wp-content\/uploads\/2023\/11\/istock-659139684.jpg?fit=1200%2C638&ssl=1&resize=1050%2C600 3x"},"classes":[]},{"id":22826,"url":"https:\/\/ismaelcolosi.com.br\/index.php\/2023\/12\/31\/ultimo-dia-recarregar-bilhete-a-r-440-em-sao-paulo\/","url_meta":{"origin":9066,"position":3},"title":"\u00daltimo dia recarregar bilhete a R$ 4,40 em S\u00e3o Paulo","author":"ismaelcolosi.com.br","date":"31 de December de 2023","format":false,"excerpt":"O prazo final para evitar o reajuste nas tarifas de transporte p\u00fablico em S\u00e3o Paulo termina neste domingo, 31. Usu\u00e1rios t\u00eam a oportunidade de recarregar bilhetes, como bilhete \u00fanico ou TOP, e manter os valores atuais de trens, metr\u00f4 e \u00f4nibus intermunicipais (EMTU).A partir da segunda-feira, 1\u00ba, as passagens de\u2026","rel":"","context":"In &quot;Variedades&quot;","block_context":{"text":"Variedades","link":"https:\/\/ismaelcolosi.com.br\/index.php\/category\/variedades\/"},"img":{"alt_text":"","src":"https:\/\/i0.wp.com\/ismaelcolosi.com.br\/wp-content\/uploads\/2023\/12\/metro-sp-scaled-1.jpg?fit=1200%2C638&ssl=1&resize=350%2C200","width":350,"height":200,"srcset":"https:\/\/i0.wp.com\/ismaelcolosi.com.br\/wp-content\/uploads\/2023\/12\/metro-sp-scaled-1.jpg?fit=1200%2C638&ssl=1&resize=350%2C200 1x, https:\/\/i0.wp.com\/ismaelcolosi.com.br\/wp-content\/uploads\/2023\/12\/metro-sp-scaled-1.jpg?fit=1200%2C638&ssl=1&resize=525%2C300 1.5x, https:\/\/i0.wp.com\/ismaelcolosi.com.br\/wp-content\/uploads\/2023\/12\/metro-sp-scaled-1.jpg?fit=1200%2C638&ssl=1&resize=700%2C400 2x, https:\/\/i0.wp.com\/ismaelcolosi.com.br\/wp-content\/uploads\/2023\/12\/metro-sp-scaled-1.jpg?fit=1200%2C638&ssl=1&resize=1050%2C600 3x"},"classes":[]},{"id":15752,"url":"https:\/\/ismaelcolosi.com.br\/index.php\/2023\/12\/14\/passagens-de-trem-metro-e-onibus-de-sp-vao-aumentar-em-janeiro\/","url_meta":{"origin":9066,"position":4},"title":"Passagens de trem, metr\u00f4 e \u00f4nibus de SP v\u00e3o aumentar em janeiro","author":"ismaelcolosi.com.br","date":"14 de December de 2023","format":false,"excerpt":"Cr\u00e9ditos: Rovena Rosa\/Ag\u00eancia BrasilPassagens de \u00f4nibus, trem e metr\u00f4 aumentam para R$ 5 em SP Uma mudan\u00e7a consider\u00e1vel est\u00e1 a caminho para os usu\u00e1rios dos transportes p\u00fablicos de S\u00e3o Paulo. A partir de 1\u00b0 de janeiro de 2024, o valor das passagens sofrer\u00e1 um reajuste, confirmado nesta quinta-feira, 14. O\u2026","rel":"","context":"In &quot;Variedades&quot;","block_context":{"text":"Variedades","link":"https:\/\/ismaelcolosi.com.br\/index.php\/category\/variedades\/"},"img":{"alt_text":"","src":"https:\/\/i0.wp.com\/ismaelcolosi.com.br\/wp-content\/uploads\/2023\/12\/onibus.jpg?fit=1200%2C638&ssl=1&resize=350%2C200","width":350,"height":200,"srcset":"https:\/\/i0.wp.com\/ismaelcolosi.com.br\/wp-content\/uploads\/2023\/12\/onibus.jpg?fit=1200%2C638&ssl=1&resize=350%2C200 1x, https:\/\/i0.wp.com\/ismaelcolosi.com.br\/wp-content\/uploads\/2023\/12\/onibus.jpg?fit=1200%2C638&ssl=1&resize=525%2C300 1.5x, https:\/\/i0.wp.com\/ismaelcolosi.com.br\/wp-content\/uploads\/2023\/12\/onibus.jpg?fit=1200%2C638&ssl=1&resize=700%2C400 2x, https:\/\/i0.wp.com\/ismaelcolosi.com.br\/wp-content\/uploads\/2023\/12\/onibus.jpg?fit=1200%2C638&ssl=1&resize=1050%2C600 3x"},"classes":[]},{"id":15760,"url":"https:\/\/ismaelcolosi.com.br\/index.php\/2023\/12\/14\/passagens-de-trem-metro-e-onibus-de-sp-terao-aumento-em-janeiro\/","url_meta":{"origin":9066,"position":5},"title":"Passagens de trem, metr\u00f4 e \u00f4nibus de SP ter\u00e3o aumento em janeiro","author":"ismaelcolosi.com.br","date":"14 de December de 2023","format":false,"excerpt":"Cr\u00e9ditos: Reprodu\u00e7\u00e3o\/ CPTMPassagens de trem, metr\u00f4 e \u00f4nibus aumentam para R$ 5 em SP Uma mudan\u00e7a consider\u00e1vel est\u00e1 a caminho para os usu\u00e1rios dos transportes p\u00fablicos de S\u00e3o Paulo. A partir de 1\u00b0 de janeiro de 2024, o valor das passagens sofrer\u00e1 um reajuste, confirmado nesta quinta-feira, 14, pela assessoria\u2026","rel":"","context":"In &quot;Variedades&quot;","block_context":{"text":"Variedades","link":"https:\/\/ismaelcolosi.com.br\/index.php\/category\/variedades\/"},"img":{"alt_text":"","src":"https:\/\/i0.wp.com\/ismaelcolosi.com.br\/wp-content\/uploads\/2023\/12\/fotos-catraca-2023-12-14t100706460.png?fit=1200%2C638&ssl=1&resize=350%2C200","width":350,"height":200,"srcset":"https:\/\/i0.wp.com\/ismaelcolosi.com.br\/wp-content\/uploads\/2023\/12\/fotos-catraca-2023-12-14t100706460.png?fit=1200%2C638&ssl=1&resize=350%2C200 1x, https:\/\/i0.wp.com\/ismaelcolosi.com.br\/wp-content\/uploads\/2023\/12\/fotos-catraca-2023-12-14t100706460.png?fit=1200%2C638&ssl=1&resize=525%2C300 1.5x, https:\/\/i0.wp.com\/ismaelcolosi.com.br\/wp-content\/uploads\/2023\/12\/fotos-catraca-2023-12-14t100706460.png?fit=1200%2C638&ssl=1&resize=700%2C400 2x, https:\/\/i0.wp.com\/ismaelcolosi.com.br\/wp-content\/uploads\/2023\/12\/fotos-catraca-2023-12-14t100706460.png?fit=1200%2C638&ssl=1&resize=1050%2C600 3x"},"classes":[]}],"jetpack_sharing_enabled":true,"jetpack_shortlink":"https:\/\/wp.me\/pfMlyK-2me","_links":{"self":[{"href":"https:\/\/ismaelcolosi.com.br\/index.php\/wp-json\/wp\/v2\/posts\/9066","targetHints":{"allow":["GET"]}}],"collection":[{"href":"https:\/\/ismaelcolosi.com.br\/index.php\/wp-json\/wp\/v2\/posts"}],"about":[{"href":"https:\/\/ismaelcolosi.com.br\/index.php\/wp-json\/wp\/v2\/types\/post"}],"author":[{"embeddable":true,"href":"https:\/\/ismaelcolosi.com.br\/index.php\/wp-json\/wp\/v2\/users\/1"}],"replies":[{"embeddable":true,"href":"https:\/\/ismaelcolosi.com.br\/index.php\/wp-json\/wp\/v2\/comments?post=9066"}],"version-history":[{"count":0,"href":"https:\/\/ismaelcolosi.com.br\/index.php\/wp-json\/wp\/v2\/posts\/9066\/revisions"}],"wp:featuredmedia":[{"embeddable":true,"href":"https:\/\/ismaelcolosi.com.br\/index.php\/wp-json\/wp\/v2\/media\/9067"}],"wp:attachment":[{"href":"https:\/\/ismaelcolosi.com.br\/index.php\/wp-json\/wp\/v2\/media?parent=9066"}],"wp:term":[{"taxonomy":"category","embeddable":true,"href":"https:\/\/ismaelcolosi.com.br\/index.php\/wp-json\/wp\/v2\/categories?post=9066"},{"taxonomy":"post_tag","embeddable":true,"href":"https:\/\/ismaelcolosi.com.br\/index.php\/wp-json\/wp\/v2\/tags?post=9066"}],"curies":[{"name":"wp","href":"https:\/\/api.w.org\/{rel}","templated":true}]}}