{"id":9060,"date":"2023-12-01T12:59:15","date_gmt":"2023-12-01T15:59:15","guid":{"rendered":"https:\/\/ismaelcolosi.com.br\/index.php\/2023\/12\/01\/sintomas-a-serem-notados-apos-primeiro-caso-humano-de-nova-cepa-de-gripe-suina\/"},"modified":"2023-12-01T12:59:15","modified_gmt":"2023-12-01T15:59:15","slug":"sintomas-a-serem-notados-apos-primeiro-caso-humano-de-nova-cepa-de-gripe-suina","status":"publish","type":"post","link":"https:\/\/ismaelcolosi.com.br\/index.php\/2023\/12\/01\/sintomas-a-serem-notados-apos-primeiro-caso-humano-de-nova-cepa-de-gripe-suina\/","title":{"rendered":"Sintomas a serem notados ap\u00f3s primeiro caso humano de nova cepa de gripe su\u00edna"},"content":{"rendered":"<p> <br \/>\n<\/p>\n<div>\n<p>O primeiro caso humano confirmado de uma nova cepa de gripe su\u00edna foi confirmado no <a href=\"https:\/\/catracalivre.com.br\/educacao\/reino-unido-oferece-bolsas-de-estudo-a-brasileiros\/\">Reino Unido<\/a>.<\/p>\n<p>A infec\u00e7\u00e3o por A(H1N2)v foi detectada em um teste de triagem de gripe de rotina em um consult\u00f3rio m\u00e9dico em North Yorkshire.<\/p>\n<p>A Ag\u00eancia de Seguran\u00e7a de Sa\u00fade do Reino Unido (UKHSA) anunciou na segunda-feira, 27 de novembro, que a pessoa apresentava <a href=\"https:\/\/catracalivre.com.br\/saude-bem-estar\/doencas-respiratorias-como-evitar\/\">sintomas respirat\u00f3rios<\/a>, mas uma doen\u00e7a leve, e agora estava totalmente recuperada.<\/p>\n<p>N\u00e3o se sabe que se a pessoa teve contato com porcos, por isso as investiga\u00e7\u00f5es est\u00e3o analisando a origem da infec\u00e7\u00e3o e o risco para outros seres humanos.<\/p>\n<div id=\"attachment_2315888\" class=\"wp-caption alignnone\">\n<div class=\"d-flex justify-content-center\" data-attachment-id=\"2315888\">\n<div class=\"position-relative d-inline-block\"><img data-recalc-dims=\"1\" data-portal-copyright=\"Narong KHUEANKAEW\/istock\" fetchpriority=\"high\" decoding=\"async\" class=\"wp-image-2315888 size-large\" src=\"https:\/\/i0.wp.com\/catracalivre.com.br\/wp-content\/uploads\/2023\/12\/istock-1528187627-910x556.jpg?resize=910%2C556&#038;ssl=1\" alt=\"Reino Unido tem primeiro caso humano de nova cepa da gripe su\u00edna\" width=\"910\" height=\"556\" srcset=\"https:\/\/catracalivre.com.br\/wp-content\/uploads\/2023\/12\/istock-1528187627-910x556.jpg 910w, https:\/\/catracalivre.com.br\/wp-content\/uploads\/2023\/12\/istock-1528187627-450x275.jpg 450w, https:\/\/catracalivre.com.br\/wp-content\/uploads\/2023\/12\/istock-1528187627-768x469.jpg 768w\" sizes=\"(max-width: 910px) 100vw, 910px\"\/><\/p>\n<p>Cr\u00e9ditos: Narong KHUEANKAEW\/istock<\/p>\n<\/div>\n<\/div>\n<p><span class=\"post-imagem__legenda\">Reino Unido tem primeiro caso humano de nova cepa da gripe su\u00edna<\/span><\/p>\n<\/div>\n<h2>Gripe su\u00edna em humanos<\/h2>\n<p>Nos \u00faltimos 20 anos, houve apenas 50 casos de infec\u00e7\u00e3o humana pelo v\u00edrus da gripe su\u00edna A(H1N2)v em odo o mundo.<\/p>\n<p>Como o A(H1N2)v \u00e9 uma cepa muito nova, as informa\u00e7\u00f5es sobre os sintomas s\u00e3o limitadas.<\/p>\n<p>O que se sabe at\u00e9 o momento \u00e9 que o subtipo H1N1, tamb\u00e9m conhecido como gripe su\u00edna, provoca sintomas, como tosse, dor de garganta, dores no corpo,<a href=\"https:\/\/catracalivre.com.br\/saude-bem-estar\/quando-a-dor-de-cabeca-e-motivo-de-preocupacao\/\"> dor de cabe\u00e7a<\/a>, calafrio e muito cansa\u00e7o.<\/p>\n<p>Ainda n\u00e3o sabe se este A(H1N2)v apresenta sintomas semelhantes, mas o que se sabe \u00e9 que o paciente apresentou sintomas respirat\u00f3rios.<\/p>\n<p>A UKHSA listou os sintomas de infec\u00e7\u00f5es respirat\u00f3rias a serem observados:<\/p>\n<ul>\n<li>tosse cont\u00ednua<\/li>\n<li>alta temperatura, febre ou calafrios<\/li>\n<li>perda ou altera\u00e7\u00e3o do paladar ou olfato<\/li>\n<li>falta de ar<\/li>\n<li>cansa\u00e7o inexplic\u00e1vel, falta de energia<\/li>\n<li>dores musculares ou dores que n\u00e3o s\u00e3o causadas pelo exerc\u00edcio<\/li>\n<li>falta de apetite<\/li>\n<li>dor de cabe\u00e7a incomum ou mais duradoura que o normal<\/li>\n<li>dor de garganta<\/li>\n<li>nariz entupido ou escorrendo<\/li>\n<li>diarreia<\/li>\n<\/ul>\n<\/div>\n<p><script>\n\t\t! function(f, b, e, v, n, t, s) {\n\t\t\tif (f.fbq) return;\n\t\t\tn = f.fbq = function() {\n\t\t\t\tn.callMethod ?\n\t\t\t\t\tn.callMethod.apply(n, arguments) : n.queue.push(arguments)\n\t\t\t};\n\t\t\tif (!f._fbq) f._fbq = n;\n\t\t\tn.push = n;\n\t\t\tn.loaded = !0;\n\t\t\tn.version = '2.0';\n\t\t\tn.queue = [];\n\t\t\tt = b.createElement(e);\n\t\t\tt.async = !0;\n\t\t\tt.src = v;\n\t\t\ts = b.getElementsByTagName(e)[0];\n\t\t\ts.parentNode.insertBefore(t, s)\n\t\t}(window, document, 'script',\n\t\t\t'https:\/\/connect.facebook.net\/en_US\/fbevents.js');\n\t\tfbq('init', '338315473262380');\n\t\tfbq('track', 'PageView');\n\t<\/script><br \/>\n<br \/><br \/>\n<br \/><a href=\"https:\/\/catracalivre.com.br\/saude-bem-estar\/sintomas-a-serem-notados-apos-primeiro-caso-humano-de-nova-cepa-de-gripe-suina\/\">Source link <\/a><\/p>\n<div class='code-block code-block-4' style='margin: 8px auto 8px 0; text-align: left; display: block; clear: both;'>\n\ud83d\udce2 Aviso Legal\n\nO site ismaelcolosi.com.br atua apenas como um canal de divulga\u00e7\u00e3o de oportunidades de emprego e n\u00e3o se responsabiliza pelo processo seletivo, contrata\u00e7\u00e3o ou qualquer outra etapa relacionada \u00e0s vagas publicadas. Todas as informa\u00e7\u00f5es s\u00e3o de responsabilidade dos anunciantes.\n\n\u26a0\ufe0f Aten\u00e7\u00e3o! Nunca pague por promessas de emprego nem compre cursos que garantam contrata\u00e7\u00e3o. Desconfie de qualquer cobran\u00e7a para participar de sele\u00e7\u00f5es.\n\n\n\n<\/div>\n<!-- CONTENT END 1 -->\n","protected":false},"excerpt":{"rendered":"<p>O primeiro caso humano confirmado de uma nova cepa de gripe su\u00edna foi confirmado no Reino Unido. A infec\u00e7\u00e3o por A(H1N2)v foi detectada em um&#8230;<\/p>\n","protected":false},"author":1,"featured_media":9061,"comment_status":"open","ping_status":"open","sticky":false,"template":"","format":"standard","meta":{"_uag_custom_page_level_css":"","advanced_seo_description":"","jetpack_seo_html_title":"","jetpack_seo_noindex":false,"jetpack_post_was_ever_published":false,"_jetpack_newsletter_access":"","_jetpack_dont_email_post_to_subs":false,"_jetpack_newsletter_tier_id":0,"_jetpack_memberships_contains_paywalled_content":false,"_jetpack_memberships_contains_paid_content":false,"footnotes":"","jetpack_publicize_message":"","jetpack_publicize_feature_enabled":true,"jetpack_social_post_already_shared":true,"jetpack_social_options":{"image_generator_settings":{"template":"highway","default_image_id":0,"font":"","enabled":false},"version":2}},"categories":[19],"tags":[],"class_list":["post-9060","post","type-post","status-publish","format-standard","has-post-thumbnail","hentry","category-variedades"],"jetpack_publicize_connections":[],"jetpack_featured_media_url":"https:\/\/i0.wp.com\/ismaelcolosi.com.br\/wp-content\/uploads\/2023\/12\/istock-1528187627.jpg?fit=1200%2C638&ssl=1","uagb_featured_image_src":{"full":["https:\/\/i0.wp.com\/ismaelcolosi.com.br\/wp-content\/uploads\/2023\/12\/istock-1528187627.jpg?fit=1200%2C638&ssl=1",1200,638,false],"thumbnail":["https:\/\/i0.wp.com\/ismaelcolosi.com.br\/wp-content\/uploads\/2023\/12\/istock-1528187627.jpg?resize=150%2C150&ssl=1",150,150,true],"medium":["https:\/\/i0.wp.com\/ismaelcolosi.com.br\/wp-content\/uploads\/2023\/12\/istock-1528187627.jpg?fit=300%2C160&ssl=1",300,160,true],"medium_large":["https:\/\/i0.wp.com\/ismaelcolosi.com.br\/wp-content\/uploads\/2023\/12\/istock-1528187627.jpg?fit=768%2C408&ssl=1",768,408,true],"large":["https:\/\/i0.wp.com\/ismaelcolosi.com.br\/wp-content\/uploads\/2023\/12\/istock-1528187627.jpg?fit=1024%2C544&ssl=1",1024,544,true],"1536x1536":["https:\/\/i0.wp.com\/ismaelcolosi.com.br\/wp-content\/uploads\/2023\/12\/istock-1528187627.jpg?fit=1200%2C638&ssl=1",1200,638,true],"2048x2048":["https:\/\/i0.wp.com\/ismaelcolosi.com.br\/wp-content\/uploads\/2023\/12\/istock-1528187627.jpg?fit=1200%2C638&ssl=1",1200,638,true],"really-simple-thumb":["https:\/\/i0.wp.com\/ismaelcolosi.com.br\/wp-content\/uploads\/2023\/12\/istock-1528187627.jpg?resize=370%2C247&ssl=1",370,247,true]},"uagb_author_info":{"display_name":"ismaelcolosi.com.br","author_link":"https:\/\/ismaelcolosi.com.br\/index.php\/author\/vidareal-online\/"},"uagb_comment_info":0,"uagb_excerpt":"O primeiro caso humano confirmado de uma nova cepa de gripe su\u00edna foi confirmado no Reino Unido. A infec\u00e7\u00e3o por A(H1N2)v foi detectada em um...","jetpack-related-posts":[{"id":31680,"url":"https:\/\/ismaelcolosi.com.br\/index.php\/2024\/01\/23\/nova-subvariante-da-covid-19-e-identificada-em-mato-grosso\/","url_meta":{"origin":9060,"position":0},"title":"Nova subvariante da covid-19 \u00e9 identificada em Mato Grosso","author":"ismaelcolosi.com.br","date":"23 de January de 2024","format":false,"excerpt":"22 de janeiro de 2024 | 15:0022 de janeiro de 2024 | 11:49 0A Secretaria de Sa\u00fade de Mato Grosso informou ter identificado uma nova subvariante da covid-19, a JN 2.5, uma varia\u00e7\u00e3o da \u00d4micron. \u201cEsse \u00e9 o primeiro registro da subvariante no Brasil\u201d, destacou a pasta.\u00a0Em nota, a secretaria\u2026","rel":"","context":"In &quot;Not\u00edcias de Ribeir\u00e3o Preto-SP e Regi\u00e3o&quot;","block_context":{"text":"Not\u00edcias de Ribeir\u00e3o Preto-SP e Regi\u00e3o","link":"https:\/\/ismaelcolosi.com.br\/index.php\/category\/noticias-de-ribeirao-preto-sp-e-regiao-ismael-colosi\/"},"img":{"alt_text":"","src":"https:\/\/i0.wp.com\/ismaelcolosi.com.br\/wp-content\/uploads\/2024\/01\/50853314272_fa477f4341_o-scaled.jpg?fit=1000%2C598&ssl=1&resize=350%2C200","width":350,"height":200,"srcset":"https:\/\/i0.wp.com\/ismaelcolosi.com.br\/wp-content\/uploads\/2024\/01\/50853314272_fa477f4341_o-scaled.jpg?fit=1000%2C598&ssl=1&resize=350%2C200 1x, https:\/\/i0.wp.com\/ismaelcolosi.com.br\/wp-content\/uploads\/2024\/01\/50853314272_fa477f4341_o-scaled.jpg?fit=1000%2C598&ssl=1&resize=525%2C300 1.5x, https:\/\/i0.wp.com\/ismaelcolosi.com.br\/wp-content\/uploads\/2024\/01\/50853314272_fa477f4341_o-scaled.jpg?fit=1000%2C598&ssl=1&resize=700%2C400 2x"},"classes":[]},{"id":36972,"url":"https:\/\/ismaelcolosi.com.br\/index.php\/2024\/02\/13\/e-dengue-ou-gripe-saiba-como-diferenciar-os-sintomas-das-doencas\/","url_meta":{"origin":9060,"position":1},"title":"\u00c9 dengue ou gripe? Saiba como diferenciar os sintomas das doen\u00e7as","author":"ismaelcolosi.com.br","date":"13 de February de 2024","format":false,"excerpt":"Sintomas como dor de cabe\u00e7a, mal-estar, febre e fraqueza s\u00e3o sinais comuns presentes em v\u00e1rias enfermidades, incluindo a dengue e a gripe. Desta forma, em caso de suspeita de alguma dessas doen\u00e7as \u00e9 importante aumentar a hidrata\u00e7\u00e3o e evitar a automedica\u00e7\u00e3o. Somente um m\u00e9dico pode fazer o diagn\u00f3stico correto.\u201c\u00c9 poss\u00edvel\u2026","rel":"","context":"In &quot;Not\u00edcias de Ribeir\u00e3o Preto-SP e Regi\u00e3o&quot;","block_context":{"text":"Not\u00edcias de Ribeir\u00e3o Preto-SP e Regi\u00e3o","link":"https:\/\/ismaelcolosi.com.br\/index.php\/category\/noticias-de-ribeirao-preto-sp-e-regiao-ismael-colosi\/"},"img":{"alt_text":"","src":"https:\/\/i0.wp.com\/ismaelcolosi.com.br\/wp-content\/uploads\/2024\/02\/gripe-resfriado-dengue-ou-covid.png-1.jpg?fit=800%2C481&ssl=1&resize=350%2C200","width":350,"height":200,"srcset":"https:\/\/i0.wp.com\/ismaelcolosi.com.br\/wp-content\/uploads\/2024\/02\/gripe-resfriado-dengue-ou-covid.png-1.jpg?fit=800%2C481&ssl=1&resize=350%2C200 1x, https:\/\/i0.wp.com\/ismaelcolosi.com.br\/wp-content\/uploads\/2024\/02\/gripe-resfriado-dengue-ou-covid.png-1.jpg?fit=800%2C481&ssl=1&resize=525%2C300 1.5x, https:\/\/i0.wp.com\/ismaelcolosi.com.br\/wp-content\/uploads\/2024\/02\/gripe-resfriado-dengue-ou-covid.png-1.jpg?fit=800%2C481&ssl=1&resize=700%2C400 2x"},"classes":[]},{"id":10377,"url":"https:\/\/ismaelcolosi.com.br\/index.php\/2023\/12\/04\/6-sinais-e-sintomas-precoces-de-infeccao-por-hiv\/","url_meta":{"origin":9060,"position":2},"title":"6 sinais e sintomas precoces de infec\u00e7\u00e3o por HIV","author":"ismaelcolosi.com.br","date":"4 de December de 2023","format":false,"excerpt":"Nas primeiras semanas ap\u00f3s a infec\u00e7\u00e3o pelo HIV, ocorre o que se chama S\u00edndrome Retroviral Aguda (ARS, do ingl\u00eas Acute Retroviral Syndrome). Ela refere-se a um conjunto de sintomas semelhantes aos da gripe que algumas pessoas experimentam. Esta fase inicial da infec\u00e7\u00e3o pelo HIV \u00e9 tamb\u00e9m conhecida como \u201cjanela imunol\u00f3gica\u201d\u2026","rel":"","context":"In &quot;Variedades&quot;","block_context":{"text":"Variedades","link":"https:\/\/ismaelcolosi.com.br\/index.php\/category\/variedades\/"},"img":{"alt_text":"","src":"https:\/\/i0.wp.com\/ismaelcolosi.com.br\/wp-content\/uploads\/2023\/12\/hiv-mulher-curada-sem-remedios.jpg?fit=1200%2C638&ssl=1&resize=350%2C200","width":350,"height":200,"srcset":"https:\/\/i0.wp.com\/ismaelcolosi.com.br\/wp-content\/uploads\/2023\/12\/hiv-mulher-curada-sem-remedios.jpg?fit=1200%2C638&ssl=1&resize=350%2C200 1x, https:\/\/i0.wp.com\/ismaelcolosi.com.br\/wp-content\/uploads\/2023\/12\/hiv-mulher-curada-sem-remedios.jpg?fit=1200%2C638&ssl=1&resize=525%2C300 1.5x, https:\/\/i0.wp.com\/ismaelcolosi.com.br\/wp-content\/uploads\/2023\/12\/hiv-mulher-curada-sem-remedios.jpg?fit=1200%2C638&ssl=1&resize=700%2C400 2x, https:\/\/i0.wp.com\/ismaelcolosi.com.br\/wp-content\/uploads\/2023\/12\/hiv-mulher-curada-sem-remedios.jpg?fit=1200%2C638&ssl=1&resize=1050%2C600 3x"},"classes":[]},{"id":56425,"url":"https:\/\/ismaelcolosi.com.br\/index.php\/2024\/07\/11\/saiba-os-sintomas-e-como-se-prevenir-da-coqueluche-doenca-tem-alta-de-casos-em-sp\/","url_meta":{"origin":9060,"position":3},"title":"Saiba os sintomas e como se prevenir da coqueluche; doen\u00e7a tem alta de casos em SP","author":"ismaelcolosi.com.br","date":"11 de July de 2024","format":false,"excerpt":"O CVE (Centro de Vigil\u00e2ncia Epidemiol\u00f3gica) do Estado de S\u00e3o Paulo registrou 178 casos de coqueluche at\u00e9 o dia 22 de junho. Em apenas seis meses deste ano, o n\u00famero \u00e9 tr\u00eas vezes maior do que o registrado no ano passado inteiro, quando 52 casos da doen\u00e7a foram notificados no\u2026","rel":"","context":"In &quot;Not\u00edcias de Ribeir\u00e3o Preto-SP e Regi\u00e3o&quot;","block_context":{"text":"Not\u00edcias de Ribeir\u00e3o Preto-SP e Regi\u00e3o","link":"https:\/\/ismaelcolosi.com.br\/index.php\/category\/noticias-de-ribeirao-preto-sp-e-regiao-ismael-colosi\/"},"img":{"alt_text":"","src":"https:\/\/i0.wp.com\/ismaelcolosi.com.br\/wp-content\/uploads\/2024\/07\/AnyConv.com__coqueluche_2024-07-11_19-18-56.webp.webp?fit=1200%2C800&ssl=1&resize=350%2C200","width":350,"height":200,"srcset":"https:\/\/i0.wp.com\/ismaelcolosi.com.br\/wp-content\/uploads\/2024\/07\/AnyConv.com__coqueluche_2024-07-11_19-18-56.webp.webp?fit=1200%2C800&ssl=1&resize=350%2C200 1x, https:\/\/i0.wp.com\/ismaelcolosi.com.br\/wp-content\/uploads\/2024\/07\/AnyConv.com__coqueluche_2024-07-11_19-18-56.webp.webp?fit=1200%2C800&ssl=1&resize=525%2C300 1.5x, https:\/\/i0.wp.com\/ismaelcolosi.com.br\/wp-content\/uploads\/2024\/07\/AnyConv.com__coqueluche_2024-07-11_19-18-56.webp.webp?fit=1200%2C800&ssl=1&resize=700%2C400 2x, https:\/\/i0.wp.com\/ismaelcolosi.com.br\/wp-content\/uploads\/2024\/07\/AnyConv.com__coqueluche_2024-07-11_19-18-56.webp.webp?fit=1200%2C800&ssl=1&resize=1050%2C600 3x"},"classes":[]},{"id":41617,"url":"https:\/\/ismaelcolosi.com.br\/index.php\/2024\/03\/09\/sindrome-respiratoria-avanca-75-no-brasil\/","url_meta":{"origin":9060,"position":4},"title":"S\u00edndrome respirat\u00f3ria\u00a0avan\u00e7a 75% no Brasil\u00a0","author":"ismaelcolosi.com.br","date":"9 de March de 2024","format":false,"excerpt":"9 de mar\u00e7o de 2024 | 16:009 de mar\u00e7o de 2024 | 11:08 0De acordo com boletim InfoGripe, divulgado pela Funda\u00e7\u00e3o Oswaldo Cruz (Fiocruz) na quinta-feira (7), o n\u00famero de casos de s\u00edndrome respirat\u00f3ria aguda grave (Srag) aumentou 75% nas \u00faltimas quatro semanas. Entre os dias 25 de fevereiro e\u2026","rel":"","context":"In &quot;Not\u00edcias de Ribeir\u00e3o Preto-SP e Regi\u00e3o&quot;","block_context":{"text":"Not\u00edcias de Ribeir\u00e3o Preto-SP e Regi\u00e3o","link":"https:\/\/ismaelcolosi.com.br\/index.php\/category\/noticias-de-ribeirao-preto-sp-e-regiao-ismael-colosi\/"},"img":{"alt_text":"","src":"https:\/\/i0.wp.com\/ismaelcolosi.com.br\/wp-content\/uploads\/2024\/03\/Sindrome-Amanda-Perobelli-Reuters-scaled.jpg?fit=1000%2C598&ssl=1&resize=350%2C200","width":350,"height":200,"srcset":"https:\/\/i0.wp.com\/ismaelcolosi.com.br\/wp-content\/uploads\/2024\/03\/Sindrome-Amanda-Perobelli-Reuters-scaled.jpg?fit=1000%2C598&ssl=1&resize=350%2C200 1x, https:\/\/i0.wp.com\/ismaelcolosi.com.br\/wp-content\/uploads\/2024\/03\/Sindrome-Amanda-Perobelli-Reuters-scaled.jpg?fit=1000%2C598&ssl=1&resize=525%2C300 1.5x, https:\/\/i0.wp.com\/ismaelcolosi.com.br\/wp-content\/uploads\/2024\/03\/Sindrome-Amanda-Perobelli-Reuters-scaled.jpg?fit=1000%2C598&ssl=1&resize=700%2C400 2x"},"classes":[]},{"id":40437,"url":"https:\/\/ismaelcolosi.com.br\/index.php\/2024\/03\/03\/entenda-a-diferenca-dos-sintomas-de-dengue-e-de-covid-19\/","url_meta":{"origin":9060,"position":5},"title":"Entenda a diferen\u00e7a dos sintomas de dengue e de covid-19\u00a0","author":"ismaelcolosi.com.br","date":"3 de March de 2024","format":false,"excerpt":"Em meio a uma explos\u00e3o de casos de dengue e o aumento de infec\u00e7\u00f5es por covid-19 no Brasil, sintomas como febre, dor de cabe\u00e7a e mal-estar passaram a assustar e gerar muitas d\u00favidas. No atual cen\u00e1rio epidemiol\u00f3gico, \u00e9 importante saber diferenciar os sinais de cada enfermidade.\u00a0O infectologista do Servi\u00e7o de\u2026","rel":"","context":"In &quot;Not\u00edcias de Ribeir\u00e3o Preto-SP e Regi\u00e3o&quot;","block_context":{"text":"Not\u00edcias de Ribeir\u00e3o Preto-SP e Regi\u00e3o","link":"https:\/\/ismaelcolosi.com.br\/index.php\/category\/noticias-de-ribeirao-preto-sp-e-regiao-ismael-colosi\/"},"img":{"alt_text":"","src":"https:\/\/i0.wp.com\/ismaelcolosi.com.br\/wp-content\/uploads\/2024\/03\/sintomas-covid-coronavirus-pandemia-diagnostico-teste.png?fit=1000%2C523&ssl=1&resize=350%2C200","width":350,"height":200,"srcset":"https:\/\/i0.wp.com\/ismaelcolosi.com.br\/wp-content\/uploads\/2024\/03\/sintomas-covid-coronavirus-pandemia-diagnostico-teste.png?fit=1000%2C523&ssl=1&resize=350%2C200 1x, https:\/\/i0.wp.com\/ismaelcolosi.com.br\/wp-content\/uploads\/2024\/03\/sintomas-covid-coronavirus-pandemia-diagnostico-teste.png?fit=1000%2C523&ssl=1&resize=525%2C300 1.5x, https:\/\/i0.wp.com\/ismaelcolosi.com.br\/wp-content\/uploads\/2024\/03\/sintomas-covid-coronavirus-pandemia-diagnostico-teste.png?fit=1000%2C523&ssl=1&resize=700%2C400 2x"},"classes":[]}],"jetpack_sharing_enabled":true,"jetpack_shortlink":"https:\/\/wp.me\/pfMlyK-2m8","_links":{"self":[{"href":"https:\/\/ismaelcolosi.com.br\/index.php\/wp-json\/wp\/v2\/posts\/9060","targetHints":{"allow":["GET"]}}],"collection":[{"href":"https:\/\/ismaelcolosi.com.br\/index.php\/wp-json\/wp\/v2\/posts"}],"about":[{"href":"https:\/\/ismaelcolosi.com.br\/index.php\/wp-json\/wp\/v2\/types\/post"}],"author":[{"embeddable":true,"href":"https:\/\/ismaelcolosi.com.br\/index.php\/wp-json\/wp\/v2\/users\/1"}],"replies":[{"embeddable":true,"href":"https:\/\/ismaelcolosi.com.br\/index.php\/wp-json\/wp\/v2\/comments?post=9060"}],"version-history":[{"count":0,"href":"https:\/\/ismaelcolosi.com.br\/index.php\/wp-json\/wp\/v2\/posts\/9060\/revisions"}],"wp:featuredmedia":[{"embeddable":true,"href":"https:\/\/ismaelcolosi.com.br\/index.php\/wp-json\/wp\/v2\/media\/9061"}],"wp:attachment":[{"href":"https:\/\/ismaelcolosi.com.br\/index.php\/wp-json\/wp\/v2\/media?parent=9060"}],"wp:term":[{"taxonomy":"category","embeddable":true,"href":"https:\/\/ismaelcolosi.com.br\/index.php\/wp-json\/wp\/v2\/categories?post=9060"},{"taxonomy":"post_tag","embeddable":true,"href":"https:\/\/ismaelcolosi.com.br\/index.php\/wp-json\/wp\/v2\/tags?post=9060"}],"curies":[{"name":"wp","href":"https:\/\/api.w.org\/{rel}","templated":true}]}}