{"id":9054,"date":"2023-12-01T12:48:45","date_gmt":"2023-12-01T15:48:45","guid":{"rendered":"https:\/\/ismaelcolosi.com.br\/index.php\/2023\/12\/01\/prefeitura-de-ribeirao-vai-decidir-futuro-da-obra-na-nove-de-julho-semana-que-vem\/"},"modified":"2023-12-01T12:48:45","modified_gmt":"2023-12-01T15:48:45","slug":"prefeitura-de-ribeirao-vai-decidir-futuro-da-obra-na-nove-de-julho-semana-que-vem","status":"publish","type":"post","link":"https:\/\/ismaelcolosi.com.br\/index.php\/2023\/12\/01\/prefeitura-de-ribeirao-vai-decidir-futuro-da-obra-na-nove-de-julho-semana-que-vem\/","title":{"rendered":"Prefeitura de Ribeir\u00e3o decide futuro da obra na Nove de Julho semana que vem"},"content":{"rendered":"<p> <br \/>\n<\/p>\n<div>\n<p><strong>A<a href=\"https:\/\/www.ribeiraopreto.sp.gov.br\/portal\/\" target=\"_blank\" rel=\"noreferrer noopener nofollow\"> Prefeitura de Ribeir\u00e3o Preto<\/a> decide na pr\u00f3xima semana o futuro da obra de revitaliza\u00e7\u00e3o da avenida Nove de Julho, alvo de reclama\u00e7\u00f5es de moradores e comerciantes por conta da lentid\u00e3o dos servi\u00e7os.<\/strong><\/p>\n<p>O munic\u00edpio informou que na semana passada notificou a construtora Metropolitana, empresa respons\u00e1vel pelas obras, e cobra a<mark style=\"background-color:#fcb900\" class=\"has-inline-color has-black-color\"> conclus\u00e3o do primeiro trecho, entre as ruas Marcondes Salgado e Garibaldi \u2013 a obra era para ter sido entregue no dia 22 de setembro.<\/mark><\/p><div class='code-block code-block-8' style='margin: 8px auto; text-align: center; display: block; clear: both;'>\n<script>\n  atOptions = {\n    'key' : '66e2e2111ca34da796271819fc334058',\n    'format' : 'iframe',\n    'height' : 250,\n    'width' : 300,\n    'params' : {}\n  };\n<\/script>\n<script src=\"https:\/\/www.highperformanceformat.com\/66e2e2111ca34da796271819fc334058\/invoke.js\"><\/script>\n<\/div>\n\n<p>Segundo a secretaria de Obras, a construtora tamb\u00e9m foi oficializada sobre o poss\u00edvel rompimento do contrato, caso a justificativa da empresa n\u00e3o seja aceita. Ao <strong>acidade on Ribeir\u00e3o<\/strong>, a pasta informou que a construtora j\u00e1 apresentou a justificativa e que o documento est\u00e1 sendo avaliado.<\/p>\n<p>A reportagem solicitou o documento, contudo o munic\u00edpio n\u00e3o disponibilizou a resposta da construtora. <mark style=\"background-color:#fcb900\" class=\"has-inline-color has-black-color\">A restaura\u00e7\u00e3o da avenida Nove de Julho est\u00e1 avaliada em R$ 31 milh\u00f5es. O prazo para conclus\u00e3o total da obra est\u00e1 previsto para o dia 19 de junho de 2024<\/mark>, anivers\u00e1rio de Ribeir\u00e3o Preto.<\/p>\n<h4 class=\"wp-block-heading\"><strong>Pouco avan\u00e7o<\/strong><\/h4>\n<p>No dia 16 de agosto, um oper\u00e1rio morreu e outro ficou ferido na obra, em trecho pr\u00f3ximo ao cruzamento da avenida Nove de Julho com a rua S\u00e3o Jos\u00e9.<\/p>\n<p>Segundo o secret\u00e1rio adjunto de Obras, Lu\u00eds Eug\u00eanio Scarpino, a construtora resolveu fazer a troca da equipe respons\u00e1vel pelos trabalhos ap\u00f3s o acidente.<\/p>\n<p>VEJA TAMB\u00c9M<br \/>Thiaguinho, Carpinejar e Toninho Del\u00edcio: Op\u00e7\u00f5es para curtir o fim de semana em Ribeir\u00e3o\u00a0<\/p>\n<h4 class=\"wp-block-heading\"><strong>FIQUE ON<\/strong><\/h4>\n<p>Fique ligado em tudo que acontece em Ribeir\u00e3o Preto e regi\u00e3o. Siga os perfis do <strong>acidade on<\/strong> no <a href=\"https:\/\/www.instagram.com\/acidadeonribeirao\" target=\"_blank\" rel=\"noreferrer noopener nofollow\">Instagram<\/a> e no <a href=\"https:\/\/www.facebook.com\/acidadeonribeirao\" target=\"_blank\" rel=\"noreferrer noopener nofollow\">Facebook.<\/a><\/p>\n<p>Receba not\u00edcias do <strong>acidade on<\/strong> no WhatsApp. <a href=\"https:\/\/chat.whatsapp.com\/Bnv2w66ZT4VDyZW3oiZ69n\" target=\"_blank\" rel=\"noreferrer noopener nofollow\">Para entrar no grupo, basta clicar aqui.<\/a><\/p>\n<p>Fa\u00e7a uma den\u00fancia ou sugira uma reportagem sobre a Ribeir\u00e3o Preto e regi\u00e3o pelo WhatsApp: (16) 99117 7802.<\/p>\n<p>LEIA MAIS<br \/><a href=\"https:\/\/www.tudoep.com\/tudo-saude\/NOT,0,0,1868341,dormir-tarde-esta-relacionado-ao-sobrepeso-aponta-estudo.aspx\" target=\"_blank\" rel=\"noreferrer noopener nofollow\">Dormir tarde est\u00e1 relacionado ao sobrepeso, aponta estudo<\/a><\/p>\n<p><!-- AI CONTENT END 1 -->\n<\/div>\n<p><script async src=\"\/\/www.instagram.com\/embed.js\"><\/script><br \/>\n<br \/><br \/>\n<br \/><a href=\"https:\/\/www.acidadeon.com\/ribeiraopreto\/politica\/prefeitura-de-ribeirao-vai-decidir-futuro-da-obra-na-nove-de-julho-semana-que-vem\/\">Source link <\/a><\/p>\n<div class='code-block code-block-4' style='margin: 8px auto 8px 0; text-align: left; display: block; clear: both;'>\n\ud83d\udce2 Aviso Legal\n\nO site ismaelcolosi.com.br atua apenas como um canal de divulga\u00e7\u00e3o de oportunidades de emprego e n\u00e3o se responsabiliza pelo processo seletivo, contrata\u00e7\u00e3o ou qualquer outra etapa relacionada \u00e0s vagas publicadas. Todas as informa\u00e7\u00f5es s\u00e3o de responsabilidade dos anunciantes.\n\n\u26a0\ufe0f Aten\u00e7\u00e3o! Nunca pague por promessas de emprego nem compre cursos que garantam contrata\u00e7\u00e3o. Desconfie de qualquer cobran\u00e7a para participar de sele\u00e7\u00f5es.\n\n\n\n<\/div>\n<!-- CONTENT END 1 -->\n","protected":false},"excerpt":{"rendered":"<p>A Prefeitura de Ribeir\u00e3o Preto decide na pr\u00f3xima semana o futuro da obra de revitaliza\u00e7\u00e3o da avenida Nove de Julho, alvo de reclama\u00e7\u00f5es de moradores&#8230;<\/p>\n","protected":false},"author":1,"featured_media":9055,"comment_status":"open","ping_status":"open","sticky":false,"template":"","format":"standard","meta":{"_uag_custom_page_level_css":"","advanced_seo_description":"","jetpack_seo_html_title":"","jetpack_seo_noindex":false,"jetpack_post_was_ever_published":false,"_jetpack_newsletter_access":"","_jetpack_dont_email_post_to_subs":false,"_jetpack_newsletter_tier_id":0,"_jetpack_memberships_contains_paywalled_content":false,"_jetpack_memberships_contains_paid_content":false,"footnotes":"","jetpack_publicize_message":"","jetpack_publicize_feature_enabled":true,"jetpack_social_post_already_shared":true,"jetpack_social_options":{"image_generator_settings":{"template":"highway","default_image_id":0,"font":"","enabled":false},"version":2}},"categories":[11],"tags":[1226,1227,1229,1228,169,244,26,126,1230],"class_list":["post-9054","post","type-post","status-publish","format-standard","has-post-thumbnail","hentry","category-noticias-de-ribeirao-preto-sp-e-regiao-ismael-colosi","tag-decide","tag-futuro","tag-julho","tag-nove","tag-obra","tag-prefeitura","tag-ribeirao","tag-semana","tag-vem"],"jetpack_publicize_connections":[],"jetpack_featured_media_url":"https:\/\/i0.wp.com\/ismaelcolosi.com.br\/wp-content\/uploads\/2023\/12\/avenida-nove-de-julho-2.jpeg?fit=1600%2C900&ssl=1","uagb_featured_image_src":{"full":["https:\/\/i0.wp.com\/ismaelcolosi.com.br\/wp-content\/uploads\/2023\/12\/avenida-nove-de-julho-2.jpeg?fit=1600%2C900&ssl=1",1600,900,false],"thumbnail":["https:\/\/i0.wp.com\/ismaelcolosi.com.br\/wp-content\/uploads\/2023\/12\/avenida-nove-de-julho-2.jpeg?resize=150%2C150&ssl=1",150,150,true],"medium":["https:\/\/i0.wp.com\/ismaelcolosi.com.br\/wp-content\/uploads\/2023\/12\/avenida-nove-de-julho-2.jpeg?fit=300%2C169&ssl=1",300,169,true],"medium_large":["https:\/\/i0.wp.com\/ismaelcolosi.com.br\/wp-content\/uploads\/2023\/12\/avenida-nove-de-julho-2.jpeg?fit=768%2C432&ssl=1",768,432,true],"large":["https:\/\/i0.wp.com\/ismaelcolosi.com.br\/wp-content\/uploads\/2023\/12\/avenida-nove-de-julho-2.jpeg?fit=1024%2C576&ssl=1",1024,576,true],"1536x1536":["https:\/\/i0.wp.com\/ismaelcolosi.com.br\/wp-content\/uploads\/2023\/12\/avenida-nove-de-julho-2.jpeg?fit=1536%2C864&ssl=1",1536,864,true],"2048x2048":["https:\/\/i0.wp.com\/ismaelcolosi.com.br\/wp-content\/uploads\/2023\/12\/avenida-nove-de-julho-2.jpeg?fit=1600%2C900&ssl=1",1600,900,true],"really-simple-thumb":["https:\/\/i0.wp.com\/ismaelcolosi.com.br\/wp-content\/uploads\/2023\/12\/avenida-nove-de-julho-2.jpeg?resize=370%2C247&ssl=1",370,247,true]},"uagb_author_info":{"display_name":"ismaelcolosi.com.br","author_link":"https:\/\/ismaelcolosi.com.br\/index.php\/author\/vidareal-online\/"},"uagb_comment_info":0,"uagb_excerpt":"A Prefeitura de Ribeir\u00e3o Preto decide na pr\u00f3xima semana o futuro da obra de revitaliza\u00e7\u00e3o da avenida Nove de Julho, alvo de reclama\u00e7\u00f5es de moradores...","jetpack-related-posts":[{"id":1701,"url":"https:\/\/ismaelcolosi.com.br\/index.php\/2023\/11\/13\/construtora-quer-mais-tempo-para-concluir-primeiro-trecho-da-obra-da-nove-de-julho\/","url_meta":{"origin":9054,"position":0},"title":"Construtora quer mais tempo para concluir primeiro trecho da obra da Nove de Julho","author":"ismaelcolosi.com.br","date":"13 de November de 2023","format":false,"excerpt":"A Prefeitura de Ribeir\u00e3o Preto informou que a Secretaria de Obras est\u00e1 avaliando a nova programa\u00e7\u00e3o apresentada pela construtora Metropolina, respons\u00e1vel pelo restauro da avenida Nove de Julho, para conclus\u00e3o do trecho entre as ruas Marcondes Salgado e Garibaldi \u2013 o local era para ter sido entregue no dia 22\u2026","rel":"","context":"In &quot;Not\u00edcias de Ribeir\u00e3o Preto-SP e Regi\u00e3o&quot;","block_context":{"text":"Not\u00edcias de Ribeir\u00e3o Preto-SP e Regi\u00e3o","link":"https:\/\/ismaelcolosi.com.br\/index.php\/category\/noticias-de-ribeirao-preto-sp-e-regiao-ismael-colosi\/"},"img":{"alt_text":"","src":"https:\/\/i0.wp.com\/ismaelcolosi.com.br\/wp-content\/uploads\/2023\/11\/avenida-nove-de-julho.jpeg?fit=1200%2C675&ssl=1&resize=350%2C200","width":350,"height":200,"srcset":"https:\/\/i0.wp.com\/ismaelcolosi.com.br\/wp-content\/uploads\/2023\/11\/avenida-nove-de-julho.jpeg?fit=1200%2C675&ssl=1&resize=350%2C200 1x, https:\/\/i0.wp.com\/ismaelcolosi.com.br\/wp-content\/uploads\/2023\/11\/avenida-nove-de-julho.jpeg?fit=1200%2C675&ssl=1&resize=525%2C300 1.5x, https:\/\/i0.wp.com\/ismaelcolosi.com.br\/wp-content\/uploads\/2023\/11\/avenida-nove-de-julho.jpeg?fit=1200%2C675&ssl=1&resize=700%2C400 2x, https:\/\/i0.wp.com\/ismaelcolosi.com.br\/wp-content\/uploads\/2023\/11\/avenida-nove-de-julho.jpeg?fit=1200%2C675&ssl=1&resize=1050%2C600 3x"},"classes":[]},{"id":11091,"url":"https:\/\/ismaelcolosi.com.br\/index.php\/2023\/12\/05\/prefeitura-de-ribeirao-preto-rompe-contrato-com-a-empresa-da-obra-da-nove-de-julho\/","url_meta":{"origin":9054,"position":1},"title":"Prefeitura de Ribeir\u00e3o Preto rompe contrato com a empresa da obra da Nove de Julho","author":"ismaelcolosi.com.br","date":"5 de December de 2023","format":false,"excerpt":"A Prefeitura de Ribeir\u00e3o Preto oficializou, nesta ter\u00e7a-feira (5), o rompimento do contrato com a empresa Metropolitana, respons\u00e1vel pelas obras de restaura\u00e7\u00e3o da avenida Nove de Julho e pela coloca\u00e7\u00e3o de galerias de \u00e1gua pluvial no Centro. De acordo com o Executivo, a empresa foi notificada cinco vezes sobre o\u2026","rel":"","context":"In &quot;Not\u00edcias de Ribeir\u00e3o Preto-SP e Regi\u00e3o&quot;","block_context":{"text":"Not\u00edcias de Ribeir\u00e3o Preto-SP e Regi\u00e3o","link":"https:\/\/ismaelcolosi.com.br\/index.php\/category\/noticias-de-ribeirao-preto-sp-e-regiao-ismael-colosi\/"},"img":{"alt_text":"","src":"https:\/\/i0.wp.com\/ismaelcolosi.com.br\/wp-content\/uploads\/2023\/12\/WhatsApp-Image-2023-12-05-at-11.04.13.jpeg?fit=1200%2C764&ssl=1&resize=350%2C200","width":350,"height":200,"srcset":"https:\/\/i0.wp.com\/ismaelcolosi.com.br\/wp-content\/uploads\/2023\/12\/WhatsApp-Image-2023-12-05-at-11.04.13.jpeg?fit=1200%2C764&ssl=1&resize=350%2C200 1x, https:\/\/i0.wp.com\/ismaelcolosi.com.br\/wp-content\/uploads\/2023\/12\/WhatsApp-Image-2023-12-05-at-11.04.13.jpeg?fit=1200%2C764&ssl=1&resize=525%2C300 1.5x, https:\/\/i0.wp.com\/ismaelcolosi.com.br\/wp-content\/uploads\/2023\/12\/WhatsApp-Image-2023-12-05-at-11.04.13.jpeg?fit=1200%2C764&ssl=1&resize=700%2C400 2x, https:\/\/i0.wp.com\/ismaelcolosi.com.br\/wp-content\/uploads\/2023\/12\/WhatsApp-Image-2023-12-05-at-11.04.13.jpeg?fit=1200%2C764&ssl=1&resize=1050%2C600 3x"},"classes":[]},{"id":29481,"url":"https:\/\/ismaelcolosi.com.br\/index.php\/2024\/01\/18\/novela-da-nove-de-julho-construtora-tem-liminar-para-retomar-obra-em-ribeirao\/","url_meta":{"origin":9054,"position":2},"title":"Novela da Nove de Julho: Construtora tem liminar para retomar obra em Ribeir\u00e3o","author":"ismaelcolosi.com.br","date":"18 de January de 2024","format":false,"excerpt":"A 1\u00aa Vara da Fazenda P\u00fablica de Ribeir\u00e3o Preto concedeu uma liminar, no final de dezembro, para a Construtora Metropolitana que suspende a decis\u00e3o da Prefeitura de Ribeir\u00e3o Preto que rescindiu o contrato das obras de restauro da avenida Nove de Julho. O acordo foi rompido pelo Executivo no in\u00edcio\u2026","rel":"","context":"In &quot;Not\u00edcias de Ribeir\u00e3o Preto-SP e Regi\u00e3o&quot;","block_context":{"text":"Not\u00edcias de Ribeir\u00e3o Preto-SP e Regi\u00e3o","link":"https:\/\/ismaelcolosi.com.br\/index.php\/category\/noticias-de-ribeirao-preto-sp-e-regiao-ismael-colosi\/"},"img":{"alt_text":"","src":"https:\/\/i0.wp.com\/ismaelcolosi.com.br\/wp-content\/uploads\/2024\/01\/WhatsApp-Image-2023-12-20-at-10.47.41.jpeg?fit=1200%2C675&ssl=1&resize=350%2C200","width":350,"height":200,"srcset":"https:\/\/i0.wp.com\/ismaelcolosi.com.br\/wp-content\/uploads\/2024\/01\/WhatsApp-Image-2023-12-20-at-10.47.41.jpeg?fit=1200%2C675&ssl=1&resize=350%2C200 1x, https:\/\/i0.wp.com\/ismaelcolosi.com.br\/wp-content\/uploads\/2024\/01\/WhatsApp-Image-2023-12-20-at-10.47.41.jpeg?fit=1200%2C675&ssl=1&resize=525%2C300 1.5x, https:\/\/i0.wp.com\/ismaelcolosi.com.br\/wp-content\/uploads\/2024\/01\/WhatsApp-Image-2023-12-20-at-10.47.41.jpeg?fit=1200%2C675&ssl=1&resize=700%2C400 2x, https:\/\/i0.wp.com\/ismaelcolosi.com.br\/wp-content\/uploads\/2024\/01\/WhatsApp-Image-2023-12-20-at-10.47.41.jpeg?fit=1200%2C675&ssl=1&resize=1050%2C600 3x"},"classes":[]},{"id":31352,"url":"https:\/\/ismaelcolosi.com.br\/index.php\/2024\/01\/22\/entenda-a-situacao-obra-na-avenida-nove-de-julho-apos-caso-entrar-na-justica\/","url_meta":{"origin":9054,"position":3},"title":"Entenda a situa\u00e7\u00e3o da obra na avenida Nove de Julho ap\u00f3s caso entrar na Justi\u00e7a","author":"ismaelcolosi.com.br","date":"22 de January de 2024","format":false,"excerpt":"A Construtora Metropolitana conseguiu uma liminar na Justi\u00e7a para suspender a rescis\u00e3o do contrato com a Prefeitura de Ribeir\u00e3o Preto para o restauro da avenida Nove de Julho. A obra est\u00e1 paralisada desde o in\u00edcio de dezembro de 2023, por conta dos atrasos no projeto. Segundo a prefeitura, a decis\u00e3o\u2026","rel":"","context":"In &quot;Not\u00edcias de Ribeir\u00e3o Preto-SP e Regi\u00e3o&quot;","block_context":{"text":"Not\u00edcias de Ribeir\u00e3o Preto-SP e Regi\u00e3o","link":"https:\/\/ismaelcolosi.com.br\/index.php\/category\/noticias-de-ribeirao-preto-sp-e-regiao-ismael-colosi\/"},"img":{"alt_text":"","src":"https:\/\/i0.wp.com\/ismaelcolosi.com.br\/wp-content\/uploads\/2024\/01\/WhatsApp-Image-2023-12-05-at-11.04.13.jpeg?fit=1200%2C764&ssl=1&resize=350%2C200","width":350,"height":200,"srcset":"https:\/\/i0.wp.com\/ismaelcolosi.com.br\/wp-content\/uploads\/2024\/01\/WhatsApp-Image-2023-12-05-at-11.04.13.jpeg?fit=1200%2C764&ssl=1&resize=350%2C200 1x, https:\/\/i0.wp.com\/ismaelcolosi.com.br\/wp-content\/uploads\/2024\/01\/WhatsApp-Image-2023-12-05-at-11.04.13.jpeg?fit=1200%2C764&ssl=1&resize=525%2C300 1.5x, https:\/\/i0.wp.com\/ismaelcolosi.com.br\/wp-content\/uploads\/2024\/01\/WhatsApp-Image-2023-12-05-at-11.04.13.jpeg?fit=1200%2C764&ssl=1&resize=700%2C400 2x, https:\/\/i0.wp.com\/ismaelcolosi.com.br\/wp-content\/uploads\/2024\/01\/WhatsApp-Image-2023-12-05-at-11.04.13.jpeg?fit=1200%2C764&ssl=1&resize=1050%2C600 3x"},"classes":[]},{"id":77756,"url":"https:\/\/ismaelcolosi.com.br\/index.php\/2024\/11\/28\/comite-cobra-fiscalizacao-em-paralelepipedos-na-nove-de-julho\/","url_meta":{"origin":9054,"position":4},"title":"Comit\u00ea cobra fiscaliza\u00e7\u00e3o em paralelep\u00edpedos na Nove de Julho","author":"ismaelcolosi.com.br","date":"28 de November de 2024","format":false,"excerpt":"Cobran\u00e7a foi feita ap\u00f3s a constata\u00e7\u00e3o de que parte dos paralelep\u00edpedos recolocados na avenida soltaram\u00a0 28 de novembro de 202427 de novembro de 202411 Compartilhar0 O Comit\u00ea de Acompanhamento das Obras de Mobilidade est\u00e1 cobrando da prefeitura de Ribeir\u00e3o Preto que fiscalize a condi\u00e7\u00e3o dos paralelep\u00edpedos em trechos da avenida\u2026","rel":"","context":"In &quot;Not\u00edcias de Ribeir\u00e3o Preto-SP e Regi\u00e3o&quot;","block_context":{"text":"Not\u00edcias de Ribeir\u00e3o Preto-SP e Regi\u00e3o","link":"https:\/\/ismaelcolosi.com.br\/index.php\/category\/noticias-de-ribeirao-preto-sp-e-regiao-ismael-colosi\/"},"img":{"alt_text":"","src":"https:\/\/i0.wp.com\/ismaelcolosi.com.br\/wp-content\/uploads\/2024\/11\/NoveRP-Esg-Alfredo-Risk-scaled.jpg?fit=750%2C500&ssl=1&resize=350%2C200","width":350,"height":200,"srcset":"https:\/\/i0.wp.com\/ismaelcolosi.com.br\/wp-content\/uploads\/2024\/11\/NoveRP-Esg-Alfredo-Risk-scaled.jpg?fit=750%2C500&ssl=1&resize=350%2C200 1x, https:\/\/i0.wp.com\/ismaelcolosi.com.br\/wp-content\/uploads\/2024\/11\/NoveRP-Esg-Alfredo-Risk-scaled.jpg?fit=750%2C500&ssl=1&resize=525%2C300 1.5x, https:\/\/i0.wp.com\/ismaelcolosi.com.br\/wp-content\/uploads\/2024\/11\/NoveRP-Esg-Alfredo-Risk-scaled.jpg?fit=750%2C500&ssl=1&resize=700%2C400 2x"},"classes":[]},{"id":16495,"url":"https:\/\/ismaelcolosi.com.br\/index.php\/2023\/12\/15\/empresa-e-multada-apos-atraso-nas-obras-da-avenida-nove-de-julho\/","url_meta":{"origin":9054,"position":5},"title":"Empresa \u00e9 multada ap\u00f3s atraso nas obras da avenida Nove de Julho","author":"ismaelcolosi.com.br","date":"15 de December de 2023","format":false,"excerpt":"A Prefeitura de Ribeir\u00e3o Preto informou nesta sexta-feira (15) que multou em R$ 2.861.442,58 a construtora Metropolitana, ap\u00f3s o munic\u00edpio ter rompido o contrato com a empresa para revitaliza\u00e7\u00e3o da avenida Nove de Julho. O acordo foi rescindido por conta do atraso nas obras, j\u00e1 que a Metropolitana realizou apenas\u2026","rel":"","context":"In &quot;Not\u00edcias de Ribeir\u00e3o Preto-SP e Regi\u00e3o&quot;","block_context":{"text":"Not\u00edcias de Ribeir\u00e3o Preto-SP e Regi\u00e3o","link":"https:\/\/ismaelcolosi.com.br\/index.php\/category\/noticias-de-ribeirao-preto-sp-e-regiao-ismael-colosi\/"},"img":{"alt_text":"","src":"https:\/\/i0.wp.com\/ismaelcolosi.com.br\/wp-content\/uploads\/2023\/12\/1702673439_WhatsApp-Image-2023-12-05-at-11.04.13.jpeg?fit=1200%2C764&ssl=1&resize=350%2C200","width":350,"height":200,"srcset":"https:\/\/i0.wp.com\/ismaelcolosi.com.br\/wp-content\/uploads\/2023\/12\/1702673439_WhatsApp-Image-2023-12-05-at-11.04.13.jpeg?fit=1200%2C764&ssl=1&resize=350%2C200 1x, https:\/\/i0.wp.com\/ismaelcolosi.com.br\/wp-content\/uploads\/2023\/12\/1702673439_WhatsApp-Image-2023-12-05-at-11.04.13.jpeg?fit=1200%2C764&ssl=1&resize=525%2C300 1.5x, https:\/\/i0.wp.com\/ismaelcolosi.com.br\/wp-content\/uploads\/2023\/12\/1702673439_WhatsApp-Image-2023-12-05-at-11.04.13.jpeg?fit=1200%2C764&ssl=1&resize=700%2C400 2x, https:\/\/i0.wp.com\/ismaelcolosi.com.br\/wp-content\/uploads\/2023\/12\/1702673439_WhatsApp-Image-2023-12-05-at-11.04.13.jpeg?fit=1200%2C764&ssl=1&resize=1050%2C600 3x"},"classes":[]}],"jetpack_sharing_enabled":true,"jetpack_shortlink":"https:\/\/wp.me\/pfMlyK-2m2","_links":{"self":[{"href":"https:\/\/ismaelcolosi.com.br\/index.php\/wp-json\/wp\/v2\/posts\/9054","targetHints":{"allow":["GET"]}}],"collection":[{"href":"https:\/\/ismaelcolosi.com.br\/index.php\/wp-json\/wp\/v2\/posts"}],"about":[{"href":"https:\/\/ismaelcolosi.com.br\/index.php\/wp-json\/wp\/v2\/types\/post"}],"author":[{"embeddable":true,"href":"https:\/\/ismaelcolosi.com.br\/index.php\/wp-json\/wp\/v2\/users\/1"}],"replies":[{"embeddable":true,"href":"https:\/\/ismaelcolosi.com.br\/index.php\/wp-json\/wp\/v2\/comments?post=9054"}],"version-history":[{"count":0,"href":"https:\/\/ismaelcolosi.com.br\/index.php\/wp-json\/wp\/v2\/posts\/9054\/revisions"}],"wp:featuredmedia":[{"embeddable":true,"href":"https:\/\/ismaelcolosi.com.br\/index.php\/wp-json\/wp\/v2\/media\/9055"}],"wp:attachment":[{"href":"https:\/\/ismaelcolosi.com.br\/index.php\/wp-json\/wp\/v2\/media?parent=9054"}],"wp:term":[{"taxonomy":"category","embeddable":true,"href":"https:\/\/ismaelcolosi.com.br\/index.php\/wp-json\/wp\/v2\/categories?post=9054"},{"taxonomy":"post_tag","embeddable":true,"href":"https:\/\/ismaelcolosi.com.br\/index.php\/wp-json\/wp\/v2\/tags?post=9054"}],"curies":[{"name":"wp","href":"https:\/\/api.w.org\/{rel}","templated":true}]}}