{"id":9050,"date":"2023-12-01T12:37:02","date_gmt":"2023-12-01T15:37:02","guid":{"rendered":"https:\/\/ismaelcolosi.com.br\/index.php\/2023\/12\/01\/natal-na-vilazinha-de-belem-comeca-nesta-sexta\/"},"modified":"2023-12-01T12:37:02","modified_gmt":"2023-12-01T15:37:02","slug":"natal-na-vilazinha-de-belem-comeca-nesta-sexta","status":"publish","type":"post","link":"https:\/\/ismaelcolosi.com.br\/index.php\/2023\/12\/01\/natal-na-vilazinha-de-belem-comeca-nesta-sexta\/","title":{"rendered":"\u2018Natal na Vilazinha de Bel\u00e9m\u2019 come\u00e7a nesta sexta"},"content":{"rendered":"<p> <br \/>\n<\/p>\n<div>\n<p>De 1 de dezembro at\u00e9 o Dia de Reis, em 6 de janeiro, a cidade de S\u00e3o Paulo receber\u00e1 o \u2018Natal na Vilazinha de Bel\u00e9m\u2019, um ponto tur\u00edstico gratuito aberto \u00e0 visita\u00e7\u00e3o do p\u00fablico com o objetivo de celebrar o nascimento de Jesus Cristo. Em 2023, o destaque do evento ser\u00e1 a possibilidade dos visitantes fazerem parte da hist\u00f3ria do nascimento do menino Jesus.<\/p>\n<p>Por meio de um tour guiado \u2013 que funcionar\u00e1 como uma experi\u00eancia imersiva \u2013 nos diversos cen\u00e1rios da Vilazinha de Bel\u00e9m, um contador de hist\u00f3ria trar\u00e1 todos os detalhes do nascimento de Jesus.<\/p>\n<p>Aos finais de semana, a partir das 19h, acontecer\u00e3o apresenta\u00e7\u00f5es com coreto e solistas. Ao fim da experi\u00eancia, os visitantes ganhar\u00e3o um livreto, ilustrado pelo @ascr\u00f4nicasdewesley, que relata a hist\u00f3ria do Natal em quadrinhos com diversas atividades para as crian\u00e7as.<\/p>\n<p>Montado ao lado da esta\u00e7\u00e3o de metr\u00f4 S\u00e3o Paulo-Morumbi, a atra\u00e7\u00e3o funcionar\u00e1 todos os dias, das 18h \u00e0s 22h. O tour guiado estar\u00e1 dispon\u00edvel de quinta a domingo, das 18h \u00e0s 22h (exceto nas v\u00e9speras 24 e 31 de dezembro).<\/p>\n<p>SERVI\u00c7O<br \/>O que: \u2018Natal na vilazinha de Bel\u00e9m\u2019<\/p>\n<p>Quando: De 01\/12 a 06\/01\/24 (exceto nas v\u00e9speras 24 e 31 de dezembro)<\/p>\n<p>Hor\u00e1rio: Todos os dias, das 18h \u00e0s 22h.<\/p>\n<\/div>\n<p><script>\n\t\t! function(f, b, e, v, n, t, s) {\n\t\t\tif (f.fbq) return;\n\t\t\tn = f.fbq = function() {\n\t\t\t\tn.callMethod ?\n\t\t\t\t\tn.callMethod.apply(n, arguments) : n.queue.push(arguments)\n\t\t\t};\n\t\t\tif (!f._fbq) f._fbq = n;\n\t\t\tn.push = n;\n\t\t\tn.loaded = !0;\n\t\t\tn.version = '2.0';\n\t\t\tn.queue = [];\n\t\t\tt = b.createElement(e);\n\t\t\tt.async = !0;\n\t\t\tt.src = v;\n\t\t\ts = b.getElementsByTagName(e)[0];\n\t\t\ts.parentNode.insertBefore(t, s)\n\t\t}(window, document, 'script',\n\t\t\t'https:\/\/connect.facebook.net\/en_US\/fbevents.js');\n\t\tfbq('init', '338315473262380');\n\t\tfbq('track', 'PageView');\n\t<\/script><br \/>\n<br \/><br \/>\n<br \/><a href=\"https:\/\/catracalivre.com.br\/vila-mundo\/natal-na-vilazinha-de-belem-comeca-nesta-sexta\/\">Source link <\/a><\/p>\n<div class='code-block code-block-4' style='margin: 8px auto 8px 0; text-align: left; display: block; clear: both;'>\n\ud83d\udce2 Aviso Legal\n\nO site ismaelcolosi.com.br atua apenas como um canal de divulga\u00e7\u00e3o de oportunidades de emprego e n\u00e3o se responsabiliza pelo processo seletivo, contrata\u00e7\u00e3o ou qualquer outra etapa relacionada \u00e0s vagas publicadas. Todas as informa\u00e7\u00f5es s\u00e3o de responsabilidade dos anunciantes.\n\n\u26a0\ufe0f Aten\u00e7\u00e3o! Nunca pague por promessas de emprego nem compre cursos que garantam contrata\u00e7\u00e3o. Desconfie de qualquer cobran\u00e7a para participar de sele\u00e7\u00f5es.\n\n\n\n<\/div>\n<!-- CONTENT END 1 -->\n","protected":false},"excerpt":{"rendered":"<p>De 1 de dezembro at\u00e9 o Dia de Reis, em 6 de janeiro, a cidade de S\u00e3o Paulo receber\u00e1 o \u2018Natal na Vilazinha de Bel\u00e9m\u2019,&#8230;<\/p>\n","protected":false},"author":1,"featured_media":9051,"comment_status":"open","ping_status":"open","sticky":false,"template":"","format":"standard","meta":{"_uag_custom_page_level_css":"","advanced_seo_description":"","jetpack_seo_html_title":"","jetpack_seo_noindex":false,"jetpack_post_was_ever_published":false,"_jetpack_newsletter_access":"","_jetpack_dont_email_post_to_subs":false,"_jetpack_newsletter_tier_id":0,"_jetpack_memberships_contains_paywalled_content":false,"_jetpack_memberships_contains_paid_content":false,"footnotes":"","jetpack_publicize_message":"","jetpack_publicize_feature_enabled":true,"jetpack_social_post_already_shared":true,"jetpack_social_options":{"image_generator_settings":{"template":"highway","default_image_id":0,"font":"","enabled":false},"version":2}},"categories":[19],"tags":[],"class_list":["post-9050","post","type-post","status-publish","format-standard","has-post-thumbnail","hentry","category-variedades"],"jetpack_publicize_connections":[],"jetpack_featured_media_url":"https:\/\/i0.wp.com\/ismaelcolosi.com.br\/wp-content\/uploads\/2023\/12\/vil.png?fit=1200%2C638&ssl=1","uagb_featured_image_src":{"full":["https:\/\/i0.wp.com\/ismaelcolosi.com.br\/wp-content\/uploads\/2023\/12\/vil.png?fit=1200%2C638&ssl=1",1200,638,false],"thumbnail":["https:\/\/i0.wp.com\/ismaelcolosi.com.br\/wp-content\/uploads\/2023\/12\/vil.png?resize=150%2C150&ssl=1",150,150,true],"medium":["https:\/\/i0.wp.com\/ismaelcolosi.com.br\/wp-content\/uploads\/2023\/12\/vil.png?fit=300%2C160&ssl=1",300,160,true],"medium_large":["https:\/\/i0.wp.com\/ismaelcolosi.com.br\/wp-content\/uploads\/2023\/12\/vil.png?fit=768%2C408&ssl=1",768,408,true],"large":["https:\/\/i0.wp.com\/ismaelcolosi.com.br\/wp-content\/uploads\/2023\/12\/vil.png?fit=1024%2C544&ssl=1",1024,544,true],"1536x1536":["https:\/\/i0.wp.com\/ismaelcolosi.com.br\/wp-content\/uploads\/2023\/12\/vil.png?fit=1200%2C638&ssl=1",1200,638,true],"2048x2048":["https:\/\/i0.wp.com\/ismaelcolosi.com.br\/wp-content\/uploads\/2023\/12\/vil.png?fit=1200%2C638&ssl=1",1200,638,true],"really-simple-thumb":["https:\/\/i0.wp.com\/ismaelcolosi.com.br\/wp-content\/uploads\/2023\/12\/vil.png?resize=370%2C247&ssl=1",370,247,true]},"uagb_author_info":{"display_name":"ismaelcolosi.com.br","author_link":"https:\/\/ismaelcolosi.com.br\/index.php\/author\/vidareal-online\/"},"uagb_comment_info":0,"uagb_excerpt":"De 1 de dezembro at\u00e9 o Dia de Reis, em 6 de janeiro, a cidade de S\u00e3o Paulo receber\u00e1 o \u2018Natal na Vilazinha de Bel\u00e9m\u2019,...","jetpack-related-posts":[{"id":33095,"url":"https:\/\/ismaelcolosi.com.br\/index.php\/2024\/01\/27\/30o-encontro-nacional-de-folia-de-reis-acontece-neste-domingo\/","url_meta":{"origin":9050,"position":0},"title":"30\u00ba Encontro Nacional de Folia de Reis acontece neste domingo","author":"ismaelcolosi.com.br","date":"27 de January de 2024","format":false,"excerpt":"27 de janeiro de 2024 | 18:0027 de janeiro de 2024 | 18:36 0O Encontro Nacional de Folia de Reis de Ribeir\u00e3o Preto, um dos mais tradicionais eventos do Brasil, chega \u00e0 30\u00aa edi\u00e7\u00e3o neste ano. O evento teve de ser cancelado entre 2021 e 2022 por causa da pandemia\u2026","rel":"","context":"In &quot;Not\u00edcias de Ribeir\u00e3o Preto-SP e Regi\u00e3o&quot;","block_context":{"text":"Not\u00edcias de Ribeir\u00e3o Preto-SP e Regi\u00e3o","link":"https:\/\/ismaelcolosi.com.br\/index.php\/category\/noticias-de-ribeirao-preto-sp-e-regiao-ismael-colosi\/"},"img":{"alt_text":"","src":"https:\/\/i0.wp.com\/ismaelcolosi.com.br\/wp-content\/uploads\/2024\/01\/imagem-46-scaled.jpg?fit=997%2C645&ssl=1&resize=350%2C200","width":350,"height":200,"srcset":"https:\/\/i0.wp.com\/ismaelcolosi.com.br\/wp-content\/uploads\/2024\/01\/imagem-46-scaled.jpg?fit=997%2C645&ssl=1&resize=350%2C200 1x, https:\/\/i0.wp.com\/ismaelcolosi.com.br\/wp-content\/uploads\/2024\/01\/imagem-46-scaled.jpg?fit=997%2C645&ssl=1&resize=525%2C300 1.5x, https:\/\/i0.wp.com\/ismaelcolosi.com.br\/wp-content\/uploads\/2024\/01\/imagem-46-scaled.jpg?fit=997%2C645&ssl=1&resize=700%2C400 2x"},"classes":[]},{"id":45041,"url":"https:\/\/ismaelcolosi.com.br\/index.php\/2024\/04\/01\/fafa-de-belem-curte-ferias-com-a-familia-no-beach-park\/","url_meta":{"origin":9050,"position":1},"title":"Faf\u00e1 de Bel\u00e9m curte f\u00e9rias com a fam\u00edlia no Beach Park","author":"ismaelcolosi.com.br","date":"1 de April de 2024","format":false,"excerpt":"Faf\u00e1 de Bel\u00e9m curte f\u00e9rias com a fam\u00edlia no Beach ParkA cantora Faf\u00e1 de Bel\u00e9m aproveitou o feriado da P\u00e1scoa em um dos destinos tur\u00edsticos mais desejados do Brasil: o Beach Park. Acompanhada de sua fam\u00edlia, incluindo sua filha e netas, Faf\u00e1 tem desfrutado de dias repletos de divers\u00e3o nas\u2026","rel":"","context":"In &quot;Not\u00edcias de Ribeir\u00e3o Preto-SP e Regi\u00e3o&quot;","block_context":{"text":"Not\u00edcias de Ribeir\u00e3o Preto-SP e Regi\u00e3o","link":"https:\/\/ismaelcolosi.com.br\/index.php\/category\/noticias-de-ribeirao-preto-sp-e-regiao-ismael-colosi\/"},"img":{"alt_text":"","src":"https:\/\/i0.wp.com\/ismaelcolosi.com.br\/wp-content\/uploads\/2024\/04\/3752321448.jpg?fit=900%2C1200&ssl=1&resize=350%2C200","width":350,"height":200,"srcset":"https:\/\/i0.wp.com\/ismaelcolosi.com.br\/wp-content\/uploads\/2024\/04\/3752321448.jpg?fit=900%2C1200&ssl=1&resize=350%2C200 1x, https:\/\/i0.wp.com\/ismaelcolosi.com.br\/wp-content\/uploads\/2024\/04\/3752321448.jpg?fit=900%2C1200&ssl=1&resize=525%2C300 1.5x, https:\/\/i0.wp.com\/ismaelcolosi.com.br\/wp-content\/uploads\/2024\/04\/3752321448.jpg?fit=900%2C1200&ssl=1&resize=700%2C400 2x"},"classes":[]},{"id":22758,"url":"https:\/\/ismaelcolosi.com.br\/index.php\/2023\/12\/30\/natal-luz-da-acirp-atraiu-477-mil-visitantes-em-20-dias\/","url_meta":{"origin":9050,"position":2},"title":"Natal Luz da Acirp atraiu 47,7 mil visitantes em 20 dias\u00a0","author":"ismaelcolosi.com.br","date":"30 de December de 2023","format":false,"excerpt":"Movimenta\u00e7\u00e3o do Natal Luz da Acirp lotou o Centro e levou as fam\u00edlias para o com\u00e9rcio de rua da cidade (F\u00e1brica de Retratos)As atra\u00e7\u00f5es com Papai Noel do Natal Luz da Associa\u00e7\u00e3o Comercial e Industrial de Ribeir\u00e3o Preto (Acirp) receberam cerca de 47,7 mil visitantes entre os dias 2 e\u2026","rel":"","context":"In &quot;Not\u00edcias de Ribeir\u00e3o Preto-SP e Regi\u00e3o&quot;","block_context":{"text":"Not\u00edcias de Ribeir\u00e3o Preto-SP e Regi\u00e3o","link":"https:\/\/ismaelcolosi.com.br\/index.php\/category\/noticias-de-ribeirao-preto-sp-e-regiao-ismael-colosi\/"},"img":{"alt_text":"","src":"https:\/\/i0.wp.com\/ismaelcolosi.com.br\/wp-content\/uploads\/2023\/12\/1-natal-luz-foto-2-scaled.jpg?fit=967%2C645&ssl=1&resize=350%2C200","width":350,"height":200,"srcset":"https:\/\/i0.wp.com\/ismaelcolosi.com.br\/wp-content\/uploads\/2023\/12\/1-natal-luz-foto-2-scaled.jpg?fit=967%2C645&ssl=1&resize=350%2C200 1x, https:\/\/i0.wp.com\/ismaelcolosi.com.br\/wp-content\/uploads\/2023\/12\/1-natal-luz-foto-2-scaled.jpg?fit=967%2C645&ssl=1&resize=525%2C300 1.5x, https:\/\/i0.wp.com\/ismaelcolosi.com.br\/wp-content\/uploads\/2023\/12\/1-natal-luz-foto-2-scaled.jpg?fit=967%2C645&ssl=1&resize=700%2C400 2x"},"classes":[]},{"id":4705,"url":"https:\/\/ismaelcolosi.com.br\/index.php\/2023\/11\/22\/13-hospedagens-para-celebrar-natal-e-reveillon\/","url_meta":{"origin":9050,"position":3},"title":"13 hospedagens para celebrar Natal e R\u00e9veillon","author":"ismaelcolosi.com.br","date":"22 de November de 2023","format":false,"excerpt":"Faltam pouco mais de um m\u00eas para o Natal e R\u00e9veillon e j\u00e1 \u00e9 hora de se planejar para as festividades de final de ano. Nesta \u00e9poca, os destinos se transformam em lugares deslumbrantes, decorados com luzes brilhantes e decora\u00e7\u00f5es festivas, tornando os ambientes convidativos para celebrar em fam\u00edlia ou\u2026","rel":"","context":"In &quot;Variedades&quot;","block_context":{"text":"Variedades","link":"https:\/\/ismaelcolosi.com.br\/index.php\/category\/variedades\/"},"img":{"alt_text":"","src":"https:\/\/i0.wp.com\/ismaelcolosi.com.br\/wp-content\/uploads\/2023\/11\/praia-bonita-resort.jpg?fit=1200%2C638&ssl=1&resize=350%2C200","width":350,"height":200,"srcset":"https:\/\/i0.wp.com\/ismaelcolosi.com.br\/wp-content\/uploads\/2023\/11\/praia-bonita-resort.jpg?fit=1200%2C638&ssl=1&resize=350%2C200 1x, https:\/\/i0.wp.com\/ismaelcolosi.com.br\/wp-content\/uploads\/2023\/11\/praia-bonita-resort.jpg?fit=1200%2C638&ssl=1&resize=525%2C300 1.5x, https:\/\/i0.wp.com\/ismaelcolosi.com.br\/wp-content\/uploads\/2023\/11\/praia-bonita-resort.jpg?fit=1200%2C638&ssl=1&resize=700%2C400 2x, https:\/\/i0.wp.com\/ismaelcolosi.com.br\/wp-content\/uploads\/2023\/11\/praia-bonita-resort.jpg?fit=1200%2C638&ssl=1&resize=1050%2C600 3x"},"classes":[]},{"id":22653,"url":"https:\/\/ismaelcolosi.com.br\/index.php\/2023\/12\/30\/um-ano-apos-morte-pele-virou-nome-de-estadios-premios-e-ganhou-mausoleu\/","url_meta":{"origin":9050,"position":4},"title":"Um ano ap\u00f3s morte, Pel\u00e9 virou nome de est\u00e1dios, pr\u00eamios e ganhou mausol\u00e9u","author":"ismaelcolosi.com.br","date":"30 de December de 2023","format":false,"excerpt":"30 de dezembro de 2023 | 15:0029 de dezembro de 2023 | 19:21 0Um ano ap\u00f3s sua morte, Pel\u00e9 continua vivo na mem\u00f3ria do futebol, dentro e fora do Brasil. Desde seu falecimento, no dia 29 de dezembro de 2022, o Rei do Futebol batizou est\u00e1dios em diferentes continentes, virou\u2026","rel":"","context":"In &quot;Not\u00edcias de Ribeir\u00e3o Preto-SP e Regi\u00e3o&quot;","block_context":{"text":"Not\u00edcias de Ribeir\u00e3o Preto-SP e Regi\u00e3o","link":"https:\/\/ismaelcolosi.com.br\/index.php\/category\/noticias-de-ribeirao-preto-sp-e-regiao-ismael-colosi\/"},"img":{"alt_text":"","src":"https:\/\/i0.wp.com\/ismaelcolosi.com.br\/wp-content\/uploads\/2023\/12\/000_32y49gz-1024x744-1-scaled.jpg?fit=887%2C645&ssl=1&resize=350%2C200","width":350,"height":200,"srcset":"https:\/\/i0.wp.com\/ismaelcolosi.com.br\/wp-content\/uploads\/2023\/12\/000_32y49gz-1024x744-1-scaled.jpg?fit=887%2C645&ssl=1&resize=350%2C200 1x, https:\/\/i0.wp.com\/ismaelcolosi.com.br\/wp-content\/uploads\/2023\/12\/000_32y49gz-1024x744-1-scaled.jpg?fit=887%2C645&ssl=1&resize=525%2C300 1.5x, https:\/\/i0.wp.com\/ismaelcolosi.com.br\/wp-content\/uploads\/2023\/12\/000_32y49gz-1024x744-1-scaled.jpg?fit=887%2C645&ssl=1&resize=700%2C400 2x"},"classes":[]},{"id":15506,"url":"https:\/\/ismaelcolosi.com.br\/index.php\/2023\/12\/13\/hopi-hari-esta-com-entrada-gratuita-ate-janeiro-veja-como-aproveitar\/","url_meta":{"origin":9050,"position":5},"title":"Hopi Hari est\u00e1 com entrada GRATUITA at\u00e9 janeiro; veja como aproveitar","author":"ismaelcolosi.com.br","date":"13 de December de 2023","format":false,"excerpt":"As f\u00e9rias escolares chegaram e voc\u00ea n\u00e3o sabe o que fazer com as crian\u00e7as? O parque tem\u00e1tico Hopi Hari, no interior de SP, est\u00e1 com promo\u00e7\u00e3o e programa\u00e7\u00e3o especial para o fim do ano. S\u00e3o mais de 40 atra\u00e7\u00f5es para toda fam\u00edlia, incluindo a Montezum, maior montanha-russa de madeira da\u2026","rel":"","context":"In &quot;Variedades&quot;","block_context":{"text":"Variedades","link":"https:\/\/ismaelcolosi.com.br\/index.php\/category\/variedades\/"},"img":{"alt_text":"","src":"https:\/\/i0.wp.com\/ismaelcolosi.com.br\/wp-content\/uploads\/2023\/12\/hopi-hari-monta-russa.jpg?fit=1200%2C638&ssl=1&resize=350%2C200","width":350,"height":200,"srcset":"https:\/\/i0.wp.com\/ismaelcolosi.com.br\/wp-content\/uploads\/2023\/12\/hopi-hari-monta-russa.jpg?fit=1200%2C638&ssl=1&resize=350%2C200 1x, https:\/\/i0.wp.com\/ismaelcolosi.com.br\/wp-content\/uploads\/2023\/12\/hopi-hari-monta-russa.jpg?fit=1200%2C638&ssl=1&resize=525%2C300 1.5x, https:\/\/i0.wp.com\/ismaelcolosi.com.br\/wp-content\/uploads\/2023\/12\/hopi-hari-monta-russa.jpg?fit=1200%2C638&ssl=1&resize=700%2C400 2x, https:\/\/i0.wp.com\/ismaelcolosi.com.br\/wp-content\/uploads\/2023\/12\/hopi-hari-monta-russa.jpg?fit=1200%2C638&ssl=1&resize=1050%2C600 3x"},"classes":[]}],"jetpack_sharing_enabled":true,"jetpack_shortlink":"https:\/\/wp.me\/pfMlyK-2lY","_links":{"self":[{"href":"https:\/\/ismaelcolosi.com.br\/index.php\/wp-json\/wp\/v2\/posts\/9050","targetHints":{"allow":["GET"]}}],"collection":[{"href":"https:\/\/ismaelcolosi.com.br\/index.php\/wp-json\/wp\/v2\/posts"}],"about":[{"href":"https:\/\/ismaelcolosi.com.br\/index.php\/wp-json\/wp\/v2\/types\/post"}],"author":[{"embeddable":true,"href":"https:\/\/ismaelcolosi.com.br\/index.php\/wp-json\/wp\/v2\/users\/1"}],"replies":[{"embeddable":true,"href":"https:\/\/ismaelcolosi.com.br\/index.php\/wp-json\/wp\/v2\/comments?post=9050"}],"version-history":[{"count":0,"href":"https:\/\/ismaelcolosi.com.br\/index.php\/wp-json\/wp\/v2\/posts\/9050\/revisions"}],"wp:featuredmedia":[{"embeddable":true,"href":"https:\/\/ismaelcolosi.com.br\/index.php\/wp-json\/wp\/v2\/media\/9051"}],"wp:attachment":[{"href":"https:\/\/ismaelcolosi.com.br\/index.php\/wp-json\/wp\/v2\/media?parent=9050"}],"wp:term":[{"taxonomy":"category","embeddable":true,"href":"https:\/\/ismaelcolosi.com.br\/index.php\/wp-json\/wp\/v2\/categories?post=9050"},{"taxonomy":"post_tag","embeddable":true,"href":"https:\/\/ismaelcolosi.com.br\/index.php\/wp-json\/wp\/v2\/tags?post=9050"}],"curies":[{"name":"wp","href":"https:\/\/api.w.org\/{rel}","templated":true}]}}