{"id":9041,"date":"2023-12-01T12:26:49","date_gmt":"2023-12-01T15:26:49","guid":{"rendered":"https:\/\/ismaelcolosi.com.br\/index.php\/2023\/12\/01\/ong-fundada-em-harvard-oferece-curso-gratuito-a-jovens\/"},"modified":"2023-12-01T12:26:49","modified_gmt":"2023-12-01T15:26:49","slug":"ong-fundada-em-harvard-oferece-curso-gratuito-a-jovens","status":"publish","type":"post","link":"https:\/\/ismaelcolosi.com.br\/index.php\/2023\/12\/01\/ong-fundada-em-harvard-oferece-curso-gratuito-a-jovens\/","title":{"rendered":"ONG fundada em Harvard oferece curso gratuito a jovens"},"content":{"rendered":"<p> <br \/>\n<\/p>\n<div>\n<p>A Aspire Institute, organiza\u00e7\u00e3o sem fins lucrativos fundada na <a href=\"https:\/\/catracalivre.com.br\/educacao\/harvard-cursos-gratuitos-online\/\">Universidade de Harvard<\/a>, recebe inscri\u00e7\u00f5es para curso gratuito de desenvolvimento de lideran\u00e7a.<\/p>\n<p>A iniciativa \u00e9 voltada para jovens de <a href=\"https:\/\/catracalivre.com.br\/educacao\/ufscar-e-fapesp-recebem-inscricoes-para-curso-gratuito\/\">baixa renda<\/a> que sejam parte da primeira gera\u00e7\u00e3o de suas fam\u00edlias a ter acesso ao ensino superior.<\/p>\n<div id=\"attachment_2315913\" class=\"wp-caption aligncenter\">\n<div class=\"d-flex justify-content-center\" data-attachment-id=\"2315913\">\n<div class=\"position-relative d-inline-block\"><img data-recalc-dims=\"1\" data-portal-copyright=\"APCortizasJr\/iStock\" fetchpriority=\"high\" decoding=\"async\" class=\"wp-image-2315913 size-large\" src=\"https:\/\/i0.wp.com\/catracalivre.com.br\/wp-content\/uploads\/2023\/12\/harvard-cursos-gratuitos-910x591.jpg?resize=910%2C591&#038;ssl=1\" alt=\"ONG fundada em Harvard oferece curso gratuito a jovens brasileiros\" width=\"910\" height=\"591\" srcset=\"https:\/\/catracalivre.com.br\/wp-content\/uploads\/2023\/12\/harvard-cursos-gratuitos-910x591.jpg 910w, https:\/\/catracalivre.com.br\/wp-content\/uploads\/2023\/12\/harvard-cursos-gratuitos-450x292.jpg 450w, https:\/\/catracalivre.com.br\/wp-content\/uploads\/2023\/12\/harvard-cursos-gratuitos-768x499.jpg 768w\" sizes=\"(max-width: 910px) 100vw, 910px\"\/><\/p>\n<p>Cr\u00e9ditos: APCortizasJr\/iStock<\/p>\n<\/div>\n<\/div>\n<p><span class=\"post-imagem__legenda\">ONG fundada em Harvard oferece curso gratuito a jovens brasileiros<\/span><\/p>\n<\/div>\n<p>O programa oferece acesso a cursos de <a href=\"https:\/\/www.edx.org\/school\/harvardx\" target=\"_blank\" rel=\"noopener\">HarvardX<\/a>, al\u00e9m de palestras e estudos de caso com professores de Harvard e outras institui\u00e7\u00f5es internacionalmente reconhecidas. As inscri\u00e7\u00f5es v\u00e3o somente at\u00e9 2 de dezembro (acesse <a href=\"https:\/\/apply.aspireleaders.org\/login\" target=\"_blank\" rel=\"noopener\">aqui<\/a>).<\/p>\n<h2>Quem pode se candidatar ao curso gratuito?<\/h2>\n<p>Para se candidatar, \u00e9 preciso ser de uma fam\u00edlia de baixa renda, ter\u00a0de\u00a018 a 26 anos, ser da primeira gera\u00e7\u00e3o a cursar o ensino superior, ou seja, que os pais n\u00e3o tenham conclu\u00eddo a faculdade (exceto pais que tiveram bolsa ou algum aux\u00edlio durante a gradua\u00e7\u00e3o), estar na gradua\u00e7\u00e3o ou ser rec\u00e9m-formado e ter ingl\u00eas intermedi\u00e1rio.<\/p>\n<p>Fundado pelos professores Tarun Khanna e Karim Lakhani da Harvard Business School, o programa surgiu no Lakshmi Mittal and Family South Asia Institute, com o nome \u201cCrossroads Emergin Leading Program\u201d.<\/p>\n<p>Em 2022, devido a sua expans\u00e3o, o projeto tornou-se uma institui\u00e7\u00e3o sem fins lucrativos independente e passou a abrir escrit\u00f3rios pelo mundo.<\/p>\n<p>No Brasil, o Aspire Institute atua atrav\u00e9s de uma parceria com o Insper, em S\u00e3o Paulo.<\/p>\n<\/div>\n<p><script>\n\t\t! function(f, b, e, v, n, t, s) {\n\t\t\tif (f.fbq) return;\n\t\t\tn = f.fbq = function() {\n\t\t\t\tn.callMethod ?\n\t\t\t\t\tn.callMethod.apply(n, arguments) : n.queue.push(arguments)\n\t\t\t};\n\t\t\tif (!f._fbq) f._fbq = n;\n\t\t\tn.push = n;\n\t\t\tn.loaded = !0;\n\t\t\tn.version = '2.0';\n\t\t\tn.queue = [];\n\t\t\tt = b.createElement(e);\n\t\t\tt.async = !0;\n\t\t\tt.src = v;\n\t\t\ts = b.getElementsByTagName(e)[0];\n\t\t\ts.parentNode.insertBefore(t, s)\n\t\t}(window, document, 'script',\n\t\t\t'https:\/\/connect.facebook.net\/en_US\/fbevents.js');\n\t\tfbq('init', '338315473262380');\n\t\tfbq('track', 'PageView');\n\t<\/script><br \/>\n<br \/><br \/>\n<br \/><a href=\"https:\/\/catracalivre.com.br\/educacao\/ong-fundada-em-harvard-oferece-curso-gratuito-a-jovens\/\">Source link <\/a><\/p>\n<div class='code-block code-block-4' style='margin: 8px auto 8px 0; text-align: left; display: block; clear: both;'>\n\ud83d\udce2 Aviso Legal\n\nO site ismaelcolosi.com.br atua apenas como um canal de divulga\u00e7\u00e3o de oportunidades de emprego e n\u00e3o se responsabiliza pelo processo seletivo, contrata\u00e7\u00e3o ou qualquer outra etapa relacionada \u00e0s vagas publicadas. Todas as informa\u00e7\u00f5es s\u00e3o de responsabilidade dos anunciantes.\n\n\u26a0\ufe0f Aten\u00e7\u00e3o! Nunca pague por promessas de emprego nem compre cursos que garantam contrata\u00e7\u00e3o. Desconfie de qualquer cobran\u00e7a para participar de sele\u00e7\u00f5es.\n\n\n\n<\/div>\n<!-- CONTENT END 1 -->\n","protected":false},"excerpt":{"rendered":"<p>A Aspire Institute, organiza\u00e7\u00e3o sem fins lucrativos fundada na Universidade de Harvard, recebe inscri\u00e7\u00f5es para curso gratuito de desenvolvimento de lideran\u00e7a. A iniciativa \u00e9 voltada&#8230;<\/p>\n","protected":false},"author":1,"featured_media":9042,"comment_status":"open","ping_status":"open","sticky":false,"template":"","format":"standard","meta":{"_uag_custom_page_level_css":"","advanced_seo_description":"","jetpack_seo_html_title":"","jetpack_seo_noindex":false,"jetpack_post_was_ever_published":false,"_jetpack_newsletter_access":"","_jetpack_dont_email_post_to_subs":false,"_jetpack_newsletter_tier_id":0,"_jetpack_memberships_contains_paywalled_content":false,"_jetpack_memberships_contains_paid_content":false,"footnotes":"","jetpack_publicize_message":"","jetpack_publicize_feature_enabled":true,"jetpack_social_post_already_shared":true,"jetpack_social_options":{"image_generator_settings":{"template":"highway","default_image_id":0,"font":"","enabled":false},"version":2}},"categories":[19],"tags":[],"class_list":["post-9041","post","type-post","status-publish","format-standard","has-post-thumbnail","hentry","category-variedades"],"jetpack_publicize_connections":[],"jetpack_featured_media_url":"https:\/\/i0.wp.com\/ismaelcolosi.com.br\/wp-content\/uploads\/2023\/12\/harvard-cursos-gratuitos.jpg?fit=1200%2C638&ssl=1","uagb_featured_image_src":{"full":["https:\/\/i0.wp.com\/ismaelcolosi.com.br\/wp-content\/uploads\/2023\/12\/harvard-cursos-gratuitos.jpg?fit=1200%2C638&ssl=1",1200,638,false],"thumbnail":["https:\/\/i0.wp.com\/ismaelcolosi.com.br\/wp-content\/uploads\/2023\/12\/harvard-cursos-gratuitos.jpg?resize=150%2C150&ssl=1",150,150,true],"medium":["https:\/\/i0.wp.com\/ismaelcolosi.com.br\/wp-content\/uploads\/2023\/12\/harvard-cursos-gratuitos.jpg?fit=300%2C160&ssl=1",300,160,true],"medium_large":["https:\/\/i0.wp.com\/ismaelcolosi.com.br\/wp-content\/uploads\/2023\/12\/harvard-cursos-gratuitos.jpg?fit=768%2C408&ssl=1",768,408,true],"large":["https:\/\/i0.wp.com\/ismaelcolosi.com.br\/wp-content\/uploads\/2023\/12\/harvard-cursos-gratuitos.jpg?fit=1024%2C544&ssl=1",1024,544,true],"1536x1536":["https:\/\/i0.wp.com\/ismaelcolosi.com.br\/wp-content\/uploads\/2023\/12\/harvard-cursos-gratuitos.jpg?fit=1200%2C638&ssl=1",1200,638,true],"2048x2048":["https:\/\/i0.wp.com\/ismaelcolosi.com.br\/wp-content\/uploads\/2023\/12\/harvard-cursos-gratuitos.jpg?fit=1200%2C638&ssl=1",1200,638,true],"really-simple-thumb":["https:\/\/i0.wp.com\/ismaelcolosi.com.br\/wp-content\/uploads\/2023\/12\/harvard-cursos-gratuitos.jpg?resize=370%2C247&ssl=1",370,247,true]},"uagb_author_info":{"display_name":"ismaelcolosi.com.br","author_link":"https:\/\/ismaelcolosi.com.br\/index.php\/author\/vidareal-online\/"},"uagb_comment_info":0,"uagb_excerpt":"A Aspire Institute, organiza\u00e7\u00e3o sem fins lucrativos fundada na Universidade de Harvard, recebe inscri\u00e7\u00f5es para curso gratuito de desenvolvimento de lideran\u00e7a. A iniciativa \u00e9 voltada...","jetpack-related-posts":[{"id":81568,"url":"https:\/\/ismaelcolosi.com.br\/index.php\/2025\/01\/13\/curso-gratuito-de-empregabilidade-para-jovens-tem-inscricoes-abertas-em-ribeirao-preto-a-partir-de-16-de-janeiro\/","url_meta":{"origin":9041,"position":0},"title":"Curso gratuito de empregabilidade para jovens tem inscri\u00e7\u00f5es abertas em Ribeir\u00e3o Preto A partir de 16 de janeiro","author":"Arthur Tijolo","date":"13 de January de 2025","format":false,"excerpt":"Capacita\u00e7\u00e3o busca preparar jovens para o mercado de trabalho com pr\u00e1ticas corporativas; Tamb\u00e9m h\u00e1 oportunidades de contrata\u00e7\u00e3o \u00a0 Est\u00e3o abertas em Ribeir\u00e3o Preto as inscri\u00e7\u00f5es para um curso gratuito de empregabilidade para jovens de 15 a 24 anos, que cursam ou tenham conclu\u00eddo o ensino m\u00e9dio.\u00a0Clique aqui\u00a0para se inscrever. Com\u2026","rel":"","context":"In &quot;Cursos Gratuitos e Bolsas de Estudos&quot;","block_context":{"text":"Cursos Gratuitos e Bolsas de Estudos","link":"https:\/\/ismaelcolosi.com.br\/index.php\/category\/cursos-gratuitos-e-bolsas-de-estudos-ribeirao-preto\/"},"img":{"alt_text":"","src":"https:\/\/i0.wp.com\/ismaelcolosi.com.br\/wp-content\/uploads\/2025\/01\/school-classroom-blur-background-without-young-student-blurry-view-elementary-class-room-no-kid-teacher-with-chairs-tables-campus-vintage-effect-style-pictures-2-scaled.jpg?fit=1200%2C800&ssl=1&resize=350%2C200","width":350,"height":200,"srcset":"https:\/\/i0.wp.com\/ismaelcolosi.com.br\/wp-content\/uploads\/2025\/01\/school-classroom-blur-background-without-young-student-blurry-view-elementary-class-room-no-kid-teacher-with-chairs-tables-campus-vintage-effect-style-pictures-2-scaled.jpg?fit=1200%2C800&ssl=1&resize=350%2C200 1x, https:\/\/i0.wp.com\/ismaelcolosi.com.br\/wp-content\/uploads\/2025\/01\/school-classroom-blur-background-without-young-student-blurry-view-elementary-class-room-no-kid-teacher-with-chairs-tables-campus-vintage-effect-style-pictures-2-scaled.jpg?fit=1200%2C800&ssl=1&resize=525%2C300 1.5x, https:\/\/i0.wp.com\/ismaelcolosi.com.br\/wp-content\/uploads\/2025\/01\/school-classroom-blur-background-without-young-student-blurry-view-elementary-class-room-no-kid-teacher-with-chairs-tables-campus-vintage-effect-style-pictures-2-scaled.jpg?fit=1200%2C800&ssl=1&resize=700%2C400 2x, https:\/\/i0.wp.com\/ismaelcolosi.com.br\/wp-content\/uploads\/2025\/01\/school-classroom-blur-background-without-young-student-blurry-view-elementary-class-room-no-kid-teacher-with-chairs-tables-campus-vintage-effect-style-pictures-2-scaled.jpg?fit=1200%2C800&ssl=1&resize=1050%2C600 3x"},"classes":[]},{"id":12835,"url":"https:\/\/ismaelcolosi.com.br\/index.php\/2023\/12\/08\/fiocruz-tem-150-mil-vagas-em-curso-gratuito-com-certificado\/","url_meta":{"origin":9041,"position":1},"title":"Fiocruz tem 150 mil vagas em curso gratuito com certificado","author":"ismaelcolosi.com.br","date":"8 de December de 2023","format":false,"excerpt":"Terminam dia 30 de dezembro de 2023 as inscri\u00e7\u00f5es para o curso gratuito online da Funda\u00e7\u00e3o Oswaldo Cruz em Mato Grosso do Sul (Fiocruz). O curso sobre Aperfei\u00e7oamento em Sa\u00fade Mental e Aten\u00e7\u00e3o Psicossocial de Adolescentes e Jovens \u00e9 oferecido em parceria com a Universidade Aberta do Sistema \u00danico de\u2026","rel":"","context":"In &quot;Variedades&quot;","block_context":{"text":"Variedades","link":"https:\/\/ismaelcolosi.com.br\/index.php\/category\/variedades\/"},"img":{"alt_text":"","src":"https:\/\/i0.wp.com\/ismaelcolosi.com.br\/wp-content\/uploads\/2023\/12\/fundacao-oswaldo-cruz-fiocruz.jpg?fit=1200%2C638&ssl=1&resize=350%2C200","width":350,"height":200,"srcset":"https:\/\/i0.wp.com\/ismaelcolosi.com.br\/wp-content\/uploads\/2023\/12\/fundacao-oswaldo-cruz-fiocruz.jpg?fit=1200%2C638&ssl=1&resize=350%2C200 1x, https:\/\/i0.wp.com\/ismaelcolosi.com.br\/wp-content\/uploads\/2023\/12\/fundacao-oswaldo-cruz-fiocruz.jpg?fit=1200%2C638&ssl=1&resize=525%2C300 1.5x, https:\/\/i0.wp.com\/ismaelcolosi.com.br\/wp-content\/uploads\/2023\/12\/fundacao-oswaldo-cruz-fiocruz.jpg?fit=1200%2C638&ssl=1&resize=700%2C400 2x, https:\/\/i0.wp.com\/ismaelcolosi.com.br\/wp-content\/uploads\/2023\/12\/fundacao-oswaldo-cruz-fiocruz.jpg?fit=1200%2C638&ssl=1&resize=1050%2C600 3x"},"classes":[]},{"id":46384,"url":"https:\/\/ismaelcolosi.com.br\/index.php\/2024\/04\/11\/curso-de-culinaria-gratuito-esta-com-inscricoes-abertas-na-regiao-de-ribeirao-preto\/","url_meta":{"origin":9041,"position":2},"title":"Curso de culin\u00e1ria gratuito est\u00e1 com inscri\u00e7\u00f5es abertas na regi\u00e3o de Ribeir\u00e3o Preto","author":"ismaelcolosi.com.br","date":"11 de April de 2024","format":false,"excerpt":"Para quem busca oportunidade no mercado de trabalho e gosta da \u00e1rea de gastronomia, est\u00e3o abertas as inscri\u00e7\u00f5es para o curso de culin\u00e1ria do projeto Cozinha Paulista. Em Jaboticabal, cidade a 57 quil\u00f4metros de Ribeir\u00e3o Preto, s\u00e3o 50 vagas dispon\u00edveis para jovens a partir de 16 anos de idade que\u2026","rel":"","context":"In &quot;Not\u00edcias de Ribeir\u00e3o Preto-SP e Regi\u00e3o&quot;","block_context":{"text":"Not\u00edcias de Ribeir\u00e3o Preto-SP e Regi\u00e3o","link":"https:\/\/ismaelcolosi.com.br\/index.php\/category\/noticias-de-ribeirao-preto-sp-e-regiao-ismael-colosi\/"},"img":{"alt_text":"","src":"https:\/\/i0.wp.com\/ismaelcolosi.com.br\/wp-content\/uploads\/2024\/04\/Copia-de-Copia-de-TAMANHO-EXATO-PARA-FOTOS-NO-SISTEMA-NOVO-3-1.png?fit=1200%2C675&ssl=1&resize=350%2C200","width":350,"height":200,"srcset":"https:\/\/i0.wp.com\/ismaelcolosi.com.br\/wp-content\/uploads\/2024\/04\/Copia-de-Copia-de-TAMANHO-EXATO-PARA-FOTOS-NO-SISTEMA-NOVO-3-1.png?fit=1200%2C675&ssl=1&resize=350%2C200 1x, https:\/\/i0.wp.com\/ismaelcolosi.com.br\/wp-content\/uploads\/2024\/04\/Copia-de-Copia-de-TAMANHO-EXATO-PARA-FOTOS-NO-SISTEMA-NOVO-3-1.png?fit=1200%2C675&ssl=1&resize=525%2C300 1.5x, https:\/\/i0.wp.com\/ismaelcolosi.com.br\/wp-content\/uploads\/2024\/04\/Copia-de-Copia-de-TAMANHO-EXATO-PARA-FOTOS-NO-SISTEMA-NOVO-3-1.png?fit=1200%2C675&ssl=1&resize=700%2C400 2x, https:\/\/i0.wp.com\/ismaelcolosi.com.br\/wp-content\/uploads\/2024\/04\/Copia-de-Copia-de-TAMANHO-EXATO-PARA-FOTOS-NO-SISTEMA-NOVO-3-1.png?fit=1200%2C675&ssl=1&resize=1050%2C600 3x"},"classes":[]},{"id":46394,"url":"https:\/\/ismaelcolosi.com.br\/index.php\/2024\/04\/11\/curso-de-culinaria-gratuito-esta-com-inscricoes-abertas-na-regiao-de-ribeirao-preto-2\/","url_meta":{"origin":9041,"position":3},"title":"Curso de culin\u00e1ria gratuito est\u00e1 com inscri\u00e7\u00f5es abertas na regi\u00e3o de Ribeir\u00e3o Preto","author":"ismaelcolosi.com.br","date":"11 de April de 2024","format":false,"excerpt":"Para quem busca oportunidade no mercado de trabalho e gosta da \u00e1rea de gastronomia, est\u00e3o abertas as inscri\u00e7\u00f5es para o curso de culin\u00e1ria do projeto Cozinha Paulista. Em Jaboticabal, cidade a 57 quil\u00f4metros de Ribeir\u00e3o Preto, s\u00e3o 50 vagas dispon\u00edveis para jovens a partir de 16 anos de idade que\u2026","rel":"","context":"In &quot;Not\u00edcias de Ribeir\u00e3o Preto-SP e Regi\u00e3o&quot;","block_context":{"text":"Not\u00edcias de Ribeir\u00e3o Preto-SP e Regi\u00e3o","link":"https:\/\/ismaelcolosi.com.br\/index.php\/category\/noticias-de-ribeirao-preto-sp-e-regiao-ismael-colosi\/"},"img":{"alt_text":"","src":"https:\/\/i0.wp.com\/ismaelcolosi.com.br\/wp-content\/uploads\/2024\/04\/download.png?fit=1200%2C800&ssl=1&resize=350%2C200","width":350,"height":200,"srcset":"https:\/\/i0.wp.com\/ismaelcolosi.com.br\/wp-content\/uploads\/2024\/04\/download.png?fit=1200%2C800&ssl=1&resize=350%2C200 1x, https:\/\/i0.wp.com\/ismaelcolosi.com.br\/wp-content\/uploads\/2024\/04\/download.png?fit=1200%2C800&ssl=1&resize=525%2C300 1.5x, https:\/\/i0.wp.com\/ismaelcolosi.com.br\/wp-content\/uploads\/2024\/04\/download.png?fit=1200%2C800&ssl=1&resize=700%2C400 2x, https:\/\/i0.wp.com\/ismaelcolosi.com.br\/wp-content\/uploads\/2024\/04\/download.png?fit=1200%2C800&ssl=1&resize=1050%2C600 3x"},"classes":[]},{"id":46312,"url":"https:\/\/ismaelcolosi.com.br\/index.php\/2024\/04\/10\/harvard-139-cursos-gratuitos-com-legendas-em-portugues\/","url_meta":{"origin":9041,"position":4},"title":"Harvard: 139 cursos gratuitos com legendas em portugu\u00eas","author":"ismaelcolosi.com.br","date":"10 de April de 2024","format":false,"excerpt":"Harvard oferece 139 cursos gratuitos com legendas em portugu\u00eas para brasileiros, n\u00e3o \u00e9 necess\u00e1rio processo seletivo e nem sair de casa, confira Cursos Gratuitos de Harvard para Brasileiros A Universidade de Harvard, conhecida globalmente por sua excel\u00eancia acad\u00eamica, oferece 139 cursos online gratuitos para estudantes brasileiros. Estes cursos est\u00e3o dispon\u00edveis\u2026","rel":"","context":"In &quot;Cursos Gratuitos e Bolsas de Estudos&quot;","block_context":{"text":"Cursos Gratuitos e Bolsas de Estudos","link":"https:\/\/ismaelcolosi.com.br\/index.php\/category\/cursos-gratuitos-e-bolsas-de-estudos-ribeirao-preto\/"},"img":{"alt_text":"","src":"https:\/\/i0.wp.com\/ismaelcolosi.com.br\/wp-content\/uploads\/2024\/04\/Harvardd.png?fit=635%2C400&ssl=1&resize=350%2C200","width":350,"height":200,"srcset":"https:\/\/i0.wp.com\/ismaelcolosi.com.br\/wp-content\/uploads\/2024\/04\/Harvardd.png?fit=635%2C400&ssl=1&resize=350%2C200 1x, https:\/\/i0.wp.com\/ismaelcolosi.com.br\/wp-content\/uploads\/2024\/04\/Harvardd.png?fit=635%2C400&ssl=1&resize=525%2C300 1.5x"},"classes":[]},{"id":86548,"url":"https:\/\/ismaelcolosi.com.br\/index.php\/2025\/07\/08\/voce-tem-entre-16-e-24-anos-entao-esta-oportunidade-pode-mudar-sua-vida-curso-gratuito-de-auxiliar-administrativo-com-certificado-vagas-limitadissimas-em-ribeirao-preto-e-inicio-imediato\/","url_meta":{"origin":9041,"position":5},"title":"Curso gratuito de Auxiliar Administrativo com certificado, vagas limitad\u00edssimas em Ribeir\u00e3o Preto e in\u00edcio imediato.","author":"Arthur Tijolo","date":"8 de July de 2025","format":false,"excerpt":"\ud83c\udf93 Qualifica SP \u2013 Cursos Profissionalizantes Gratuitos em Ribeir\u00e3o Preto O curso de Auxiliar Administrativo \u00e9 voltado para jovens de 16 a 24 anos, com aulas presenciais no per\u00edodo da tarde. Ao todo, s\u00e3o 30 vagas dispon\u00edveis para quem deseja iniciar sua trajet\u00f3ria profissional com forma\u00e7\u00e3o gratuita e certificada. As\u2026","rel":"","context":"In &quot;Cursos Gratuitos e Bolsas de Estudos&quot;","block_context":{"text":"Cursos Gratuitos e Bolsas de Estudos","link":"https:\/\/ismaelcolosi.com.br\/index.php\/category\/cursos-gratuitos-e-bolsas-de-estudos-ribeirao-preto\/"},"img":{"alt_text":"","src":"https:\/\/i0.wp.com\/ismaelcolosi.com.br\/wp-content\/uploads\/2025\/07\/CursoAux2.png?fit=1080%2C723&ssl=1&resize=350%2C200","width":350,"height":200,"srcset":"https:\/\/i0.wp.com\/ismaelcolosi.com.br\/wp-content\/uploads\/2025\/07\/CursoAux2.png?fit=1080%2C723&ssl=1&resize=350%2C200 1x, https:\/\/i0.wp.com\/ismaelcolosi.com.br\/wp-content\/uploads\/2025\/07\/CursoAux2.png?fit=1080%2C723&ssl=1&resize=525%2C300 1.5x, https:\/\/i0.wp.com\/ismaelcolosi.com.br\/wp-content\/uploads\/2025\/07\/CursoAux2.png?fit=1080%2C723&ssl=1&resize=700%2C400 2x, https:\/\/i0.wp.com\/ismaelcolosi.com.br\/wp-content\/uploads\/2025\/07\/CursoAux2.png?fit=1080%2C723&ssl=1&resize=1050%2C600 3x"},"classes":[]}],"jetpack_sharing_enabled":true,"jetpack_shortlink":"https:\/\/wp.me\/pfMlyK-2lP","_links":{"self":[{"href":"https:\/\/ismaelcolosi.com.br\/index.php\/wp-json\/wp\/v2\/posts\/9041","targetHints":{"allow":["GET"]}}],"collection":[{"href":"https:\/\/ismaelcolosi.com.br\/index.php\/wp-json\/wp\/v2\/posts"}],"about":[{"href":"https:\/\/ismaelcolosi.com.br\/index.php\/wp-json\/wp\/v2\/types\/post"}],"author":[{"embeddable":true,"href":"https:\/\/ismaelcolosi.com.br\/index.php\/wp-json\/wp\/v2\/users\/1"}],"replies":[{"embeddable":true,"href":"https:\/\/ismaelcolosi.com.br\/index.php\/wp-json\/wp\/v2\/comments?post=9041"}],"version-history":[{"count":0,"href":"https:\/\/ismaelcolosi.com.br\/index.php\/wp-json\/wp\/v2\/posts\/9041\/revisions"}],"wp:featuredmedia":[{"embeddable":true,"href":"https:\/\/ismaelcolosi.com.br\/index.php\/wp-json\/wp\/v2\/media\/9042"}],"wp:attachment":[{"href":"https:\/\/ismaelcolosi.com.br\/index.php\/wp-json\/wp\/v2\/media?parent=9041"}],"wp:term":[{"taxonomy":"category","embeddable":true,"href":"https:\/\/ismaelcolosi.com.br\/index.php\/wp-json\/wp\/v2\/categories?post=9041"},{"taxonomy":"post_tag","embeddable":true,"href":"https:\/\/ismaelcolosi.com.br\/index.php\/wp-json\/wp\/v2\/tags?post=9041"}],"curies":[{"name":"wp","href":"https:\/\/api.w.org\/{rel}","templated":true}]}}