{"id":90130,"date":"2026-05-03T05:02:39","date_gmt":"2026-05-03T08:02:39","guid":{"rendered":"https:\/\/ismaelcolosi.com.br\/index.php\/2026\/05\/03\/7-habitos-saudaveis-de-ceos-altamente-eficazes\/"},"modified":"2026-05-03T05:02:39","modified_gmt":"2026-05-03T08:02:39","slug":"7-habitos-saudaveis-de-ceos-altamente-eficazes","status":"publish","type":"post","link":"https:\/\/ismaelcolosi.com.br\/index.php\/2026\/05\/03\/7-habitos-saudaveis-de-ceos-altamente-eficazes\/","title":{"rendered":"7 H\u00e1bitos Saud\u00e1veis de CEOs Altamente Eficazes"},"content":{"rendered":"<p> <br \/>\n<\/p>\n<div>\n<p>Como <strong>CEO<\/strong>, o <strong>estresse <\/strong>\u00e9 um companheiro constante. Voc\u00ea presta contas ao conselho, aos acionistas, aos funcion\u00e1rios e aos clientes enquanto toma decis\u00f5es de alto risco, gerencia cargas de trabalho implac\u00e1veis e antecipa riscos. Infelizmente, a vida pessoal e os <strong>h\u00e1bitos saud\u00e1veis <\/strong>muitas vezes ficam em segundo plano. <\/p>\n<p>Quando o<strong> bem-estar <\/strong>de um CEO declina, isso n\u00e3o afeta apenas a ele ou a suas fam\u00edlias \u2014 pode abalar toda a organiza\u00e7\u00e3o. Uma <a href=\"https:\/\/papers.ssrn.com\/sol3\/papers.cfm?abstract_id=2155756\" target=\"_blank\" rel=\"noreferrer noopener\">pesquisa da Universidade da Ge\u00f3rgia<\/a> descobriu que, quando um executivo anuncia uma doen\u00e7a, licen\u00e7a m\u00e9dica ou hospitaliza\u00e7\u00e3o, os pre\u00e7os das a\u00e7\u00f5es caem quase 2% no dia seguinte. <\/p><div class='code-block code-block-8' style='margin: 8px auto; text-align: center; display: block; clear: both;'>\n<script>\n  atOptions = {\n    'key' : '66e2e2111ca34da796271819fc334058',\n    'format' : 'iframe',\n    'height' : 250,\n    'width' : 300,\n    'params' : {}\n  };\n<\/script>\n<script src=\"https:\/\/www.highperformanceformat.com\/66e2e2111ca34da796271819fc334058\/invoke.js\"><\/script>\n<\/div>\n\n<p>Tratar sua sa\u00fade como qualquer outra fun\u00e7\u00e3o cr\u00edtica de neg\u00f3cios \u00e9 essencial \u2014 e precisa de estrat\u00e9gia, consist\u00eancia e disciplina. <\/p>\n<h2 class=\"wp-block-heading\" id=\"h-a-seguir-veja-7-habitos-saudaveis-de-ceos-altamente-eficazes\">A seguir, veja 7 h\u00e1bitos saud\u00e1veis de CEOs altamente eficazes<\/h2>\n<h3 class=\"wp-block-heading\" id=\"h-1-tratar-a-energia-como-seu-ativo-mais-valioso\">1. Tratar a energia como seu ativo mais valioso<\/h3>\n<p>\u201cA energia, e n\u00e3o o tempo, \u00e9 o seu ativo mais valioso.\u201d Esse conceito, popularizado por Jim Loehr e Tony Schwartz no livro <strong>\u201cThe Power of Full Engagement<\/strong>\u201d mostra que o tempo n\u00e3o tem sentido se voc\u00ea n\u00e3o tem energia para us\u00e1-lo de forma eficaz. <\/p>\n<aside class=\"content_modules\">\n<h2 class=\"block_label\">Leia Tamb\u00e9m<\/h2>\n<\/aside>\n<p>Em vez de monitorar suas horas, estruture seus dias em torno de seus <strong>ciclos de pico de energia<\/strong>. Programe o trabalho mais exigente para os per\u00edodos de alta energia e reserve os momentos de menor energia para autorreflex\u00e3o ou tarefas rotineiras de baixa exig\u00eancia cognitiva. Ao otimizar a energia, \u00e9 mais prov\u00e1vel que voc\u00ea maximize sua <strong>produtividade<\/strong>, a efic\u00e1cia de sua lideran\u00e7a e seu impacto geral.<\/p>\n<aside class=\"newsletter content_modules\">&#13;<br \/>\n  &#13;<br \/>\n<\/aside>\n<\/p>\n<h3 class=\"wp-block-heading\" id=\"h-2-criar-mecanismos-de-autocobranca-e-responsabilidade\">2. Criar mecanismos de autocobran\u00e7a e responsabilidade<\/h3>\n<p>Ser um CEO exige <strong>autodisciplina<\/strong>, e isso come\u00e7a liderando a si mesmo. O CEO do <strong>JPMorgan Chase<\/strong>, <strong>Jamie Dimon<\/strong>, compartilhou no podcast \u201cHow Leaders Lead with David Novak\u201d que ele escreve uma lista todo domingo \u00e0 noite, perguntando a si mesmo: \u201cO que estou evitando? O que \u00e9 dif\u00edcil? O que eu tenho que fazer?\u201d. Ele tamb\u00e9m busca feedback honesto e sem filtros. <\/p>\n<aside class=\"web-story content_modules\">&#13;<br \/>\n  &#13;<br \/>\n<\/aside>\n<p>&#13;\n<\/p>\n<p>Os CEOs podem adotar uma abordagem semelhante para sua sa\u00fade criando <strong>sistemas de responsabiliza\u00e7\u00e3o<\/strong>. Isso pode incluir coaches executivos, grupos de colegas, ferramentas de rastreamento de sa\u00fade e auditorias trimestrais de bem-estar para garantir que voc\u00ea permane\u00e7a no caminho certo, assim como faz com os KPIs do seu neg\u00f3cio.<\/p>\n<h3 class=\"wp-block-heading\" id=\"h-3-priorizar-o-condicionamento-fisico\">3. Priorizar o condicionamento f\u00edsico<\/h3>\n<p>Seja treinamento de for\u00e7a, esportes de resist\u00eancia ou uma abordagem h\u00edbrida, o <strong>condicionamento f\u00edsico<\/strong> pode ser aproveitado como um meio de construir sua resili\u00eancia, melhorar seu funcionamento cognitivo e aumentar sua toler\u00e2ncia ao estresse. Assim como a sobrecarga estrat\u00e9gica no treinamento torna um atleta mais forte, o treinamento f\u00edsico estruturado (e rigoroso) equipa os l\u00edderes com a resist\u00eancia necess\u00e1ria para suportar os rigores da fun\u00e7\u00e3o.<\/p>\n<h3 class=\"wp-block-heading\" id=\"h-4-dedicar-tempo-a-academia-mental\">4. Dedicar tempo \u00e0 \u201cacademia mental\u201d<\/h3>\n<p>Os neg\u00f3cios s\u00e3o um jogo mental. Assim como os atletas treinam a mem\u00f3ria muscular, os CEOs que se envolvem em <strong>condicionamento mental <\/strong>di\u00e1rio podem desenvolver ainda mais sua confian\u00e7a, adaptabilidade e habilidades de resolu\u00e7\u00e3o de problemas. <\/p>\n<p>No livro \u201c<strong>Inner Excellence<\/strong>\u201c, Jim Murphy destaca tr\u00eas pilares fundamentais para um desempenho extraordin\u00e1rio: <strong>amor <\/strong>(alimentando o prop\u00f3sito), <strong>sabedoria <\/strong>(garantindo uma tomada de decis\u00e3o clara e objetiva) e <strong>coragem <\/strong>(reformulando o fracasso e mantendo a resili\u00eancia). CEOs que priorizam a aten\u00e7\u00e3o plena, o h\u00e1bito de escrever em di\u00e1rios, visualiza\u00e7\u00e3o, trabalho de respira\u00e7\u00e3o e solid\u00e3o intencional, entre outros exerc\u00edcios mentais, podem incorporar ainda mais esses tr\u00eas pilares para se tornarem l\u00edderes envolventes e eficazes.<\/p>\n<h3 class=\"wp-block-heading\" id=\"h-5-equilibrar-o-descanso-e-a-restauracao\">5. Equilibrar o descanso e a restaura\u00e7\u00e3o<\/h3>\n<p>Jornadas longas e trabalho intenso s\u00e3o necess\u00e1rios, mas a exaust\u00e3o e o <strong>esgotamento <\/strong>n\u00e3o precisam ser um distintivo de honra. Em vez disso, a abordagem ideal \u00e9 equilibrar a intensidade com a recupera\u00e7\u00e3o, reconhecendo que o crescimento acontece durante a <strong>restaura\u00e7\u00e3o<\/strong>. <\/p>\n<p>Um exemplo de cronograma inclui blocos de trabalho profundo, pausas estrat\u00e9gicas, momentos de solid\u00e3o e sono de alta qualidade. \u201cSe voc\u00ea estiver sempre se desgastando, vai virar serragem\u201d, disse Tim Grover, treinador de <strong>Michael Jordan<\/strong> e <strong>Kobe Bryant<\/strong>, no livro \u201c<strong>Winning<\/strong>\u201c.  O desempenho sustent\u00e1vel exige saber quando avan\u00e7ar e quando recuar.<\/p>\n<h3 class=\"wp-block-heading\" id=\"h-6-tratar-sua-saude-como-um-negocio\">6. Tratar sua sa\u00fade como um neg\u00f3cio<\/h3>\n<p>Os mesmos princ\u00edpios que impulsionam o sucesso nos neg\u00f3cios se aplicam ao seu bem-estar. Os CEOs planejam em d\u00e9cadas, n\u00e3o apenas em trimestres \u2014 por que n\u00e3o adotar a mesma abordagem para a sa\u00fade? Nos neg\u00f3cios, a vis\u00e3o de longo prazo, a adaptabilidade e o crescimento cont\u00ednuo s\u00e3o essenciais.<\/p>\n<p>Aplique essa mentalidade \u00e0 sua sa\u00fade, monitorando dados-chave e aproveitando insights personalizados para tomar decis\u00f5es melhores. Assim como os l\u00edderes analisam as m\u00e9tricas de neg\u00f3cios, eles devem monitorar sua sa\u00fade com a mesma inten\u00e7\u00e3o estrat\u00e9gica. A <strong>longevidade <\/strong>\u2014 seja nos neg\u00f3cios ou na sa\u00fade \u2014 nunca \u00e9 deixada ao acaso. Ela \u00e9 ativamente projetada.<\/p>\n<h3 class=\"wp-block-heading\" id=\"h-7-investir-em-hobbies-e-relacionamentos\">7. Investir em hobbies e relacionamentos<\/h3>\n<p>Embora os neg\u00f3cios sejam uma parte significativa de sua identidade, grandes CEOs entendem que o verdadeiro bem-estar vem da <strong>realiza\u00e7\u00e3o fora do escrit\u00f3rio<\/strong>. Relacionamentos com c\u00f4njuges, filhos, mentores e amigos os mant\u00eam enraizados. Hobbies proporcionam al\u00edvio do estresse, estimulam a criatividade, aumentam o desempenho organizacional e cultivam l\u00edderes mais fortes e mais relacion\u00e1veis. Seja aprendendo uma nova habilidade, praticando esportes de aventura ou estando presente com entes queridos, buscar uma vida integral beneficia sua identidade e sa\u00fade mental.<\/p>\n<p><em>*Julian Hayes II \u00e9 colaborador da Forbes USA. Fundador da consultoria Executive Health, especializada em sa\u00fade de l\u00edderes, ele escreve sobre bem-estar, neg\u00f3cios e lideran\u00e7a.<\/em><\/p>\n<p><em><strong>*Reportagem publicada originalmente em <a href=\"https:\/\/www.forbes.com\/sites\/julianhayesii\/2025\/02\/09\/7-healthy-habits-of-highly-effective-ceos\/\" target=\"_blank\" rel=\"noreferrer noopener\">Forbes.com<\/a><\/strong><\/em><\/p>\n<div class=\"follow-us\">Siga o canal da <a href=\"https:\/\/whatsapp.com\/channel\/0029Va9gQKwBFLgM96cJnu0u\" target=\"_blank\" rel=\"noopener noreferrer nofollow\" title=\"Grupo da Forbes no WhatsApp\">Forbes<\/a> no WhatsApp e receba as principais not\u00edcias de empreendedorismo, carreira, tecnologia, agro e lifestyle.<\/div>\n<\/p><\/div>\n<p><br \/>\n<br \/><a href=\"https:\/\/forbes.com.br\/carreira\/2026\/05\/7-habitos-saudaveis-de-ceos-altamente-eficazes\/\">Source link <\/a><\/p>\n<div class='code-block code-block-4' style='margin: 8px auto 8px 0; text-align: left; display: block; clear: both;'>\n\ud83d\udce2 Aviso Legal\n\nO site ismaelcolosi.com.br atua apenas como um canal de divulga\u00e7\u00e3o de oportunidades de emprego e n\u00e3o se responsabiliza pelo processo seletivo, contrata\u00e7\u00e3o ou qualquer outra etapa relacionada \u00e0s vagas publicadas. Todas as informa\u00e7\u00f5es s\u00e3o de responsabilidade dos anunciantes.\n\n\u26a0\ufe0f Aten\u00e7\u00e3o! Nunca pague por promessas de emprego nem compre cursos que garantam contrata\u00e7\u00e3o. Desconfie de qualquer cobran\u00e7a para participar de sele\u00e7\u00f5es.\n\n\n\n<\/div>\n<!-- CONTENT END 1 -->\n","protected":false},"excerpt":{"rendered":"<p>Como CEO, o estresse \u00e9 um companheiro constante. Voc\u00ea presta contas ao conselho, aos acionistas, aos funcion\u00e1rios e aos clientes enquanto toma decis\u00f5es de alto&#8230;<\/p>\n","protected":false},"author":1,"featured_media":90131,"comment_status":"","ping_status":"","sticky":false,"template":"","format":"standard","meta":{"_uag_custom_page_level_css":"","advanced_seo_description":"","jetpack_seo_html_title":"","jetpack_seo_noindex":false,"jetpack_post_was_ever_published":false,"_jetpack_newsletter_access":"","_jetpack_dont_email_post_to_subs":false,"_jetpack_newsletter_tier_id":0,"_jetpack_memberships_contains_paywalled_content":false,"_jetpack_memberships_contains_paid_content":false,"footnotes":"","jetpack_publicize_message":"","jetpack_publicize_feature_enabled":true,"jetpack_social_post_already_shared":true,"jetpack_social_options":{"image_generator_settings":{"template":"highway","default_image_id":0,"font":"","enabled":false},"version":2}},"categories":[1964],"tags":[],"class_list":["post-90130","post","type-post","status-publish","format-standard","has-post-thumbnail","hentry","category-carreira-e-sucesso-dicas-para-carreira"],"jetpack_publicize_connections":[],"jetpack_featured_media_url":"https:\/\/i0.wp.com\/ismaelcolosi.com.br\/wp-content\/uploads\/2026\/05\/ceo-habitos-saudaveis-1200x675.jpg?fit=1200%2C675&ssl=1","uagb_featured_image_src":{"full":["https:\/\/i0.wp.com\/ismaelcolosi.com.br\/wp-content\/uploads\/2026\/05\/ceo-habitos-saudaveis-1200x675.jpg?fit=1200%2C675&ssl=1",1200,675,false],"thumbnail":["https:\/\/i0.wp.com\/ismaelcolosi.com.br\/wp-content\/uploads\/2026\/05\/ceo-habitos-saudaveis-1200x675.jpg?resize=150%2C150&ssl=1",150,150,true],"medium":["https:\/\/i0.wp.com\/ismaelcolosi.com.br\/wp-content\/uploads\/2026\/05\/ceo-habitos-saudaveis-1200x675.jpg?fit=300%2C169&ssl=1",300,169,true],"medium_large":["https:\/\/i0.wp.com\/ismaelcolosi.com.br\/wp-content\/uploads\/2026\/05\/ceo-habitos-saudaveis-1200x675.jpg?fit=768%2C432&ssl=1",768,432,true],"large":["https:\/\/i0.wp.com\/ismaelcolosi.com.br\/wp-content\/uploads\/2026\/05\/ceo-habitos-saudaveis-1200x675.jpg?fit=1024%2C576&ssl=1",1024,576,true],"1536x1536":["https:\/\/i0.wp.com\/ismaelcolosi.com.br\/wp-content\/uploads\/2026\/05\/ceo-habitos-saudaveis-1200x675.jpg?fit=1200%2C675&ssl=1",1200,675,true],"2048x2048":["https:\/\/i0.wp.com\/ismaelcolosi.com.br\/wp-content\/uploads\/2026\/05\/ceo-habitos-saudaveis-1200x675.jpg?fit=1200%2C675&ssl=1",1200,675,true],"really-simple-thumb":["https:\/\/i0.wp.com\/ismaelcolosi.com.br\/wp-content\/uploads\/2026\/05\/ceo-habitos-saudaveis-1200x675.jpg?resize=370%2C247&ssl=1",370,247,true]},"uagb_author_info":{"display_name":"ismaelcolosi.com.br","author_link":"https:\/\/ismaelcolosi.com.br\/index.php\/author\/vidareal-online\/"},"uagb_comment_info":0,"uagb_excerpt":"Como CEO, o estresse \u00e9 um companheiro constante. Voc\u00ea presta contas ao conselho, aos acionistas, aos funcion\u00e1rios e aos clientes enquanto toma decis\u00f5es de alto...","jetpack-related-posts":[{"id":76884,"url":"https:\/\/ismaelcolosi.com.br\/index.php\/2024\/11\/19\/4-habitos-de-trabalho-para-desenvolver-antes-de-o-ano-acabar\/","url_meta":{"origin":90130,"position":0},"title":"4 H\u00e1bitos de Trabalho para Desenvolver Antes de o Ano Acabar","author":"ismaelcolosi.com.br","date":"19 de November de 2024","format":false,"excerpt":"\u00a0 Acessibilidade \r L\r L\r A-\r A+\r \r \u25d0\r \r \u00a0 Com o novo ano quase chegando, \u00e9 tentador esperar at\u00e9 janeiro para tra\u00e7ar novas metas. Mas por que adiar? Se come\u00e7ar a desenvolver h\u00e1bitos saud\u00e1veis de trabalho desde j\u00e1, voc\u00ea termina 2024 com um senso de realiza\u00e7\u00e3o e entra\u2026","rel":"","context":"In &quot;Carreira e Sucesso&quot;","block_context":{"text":"Carreira e Sucesso","link":"https:\/\/ismaelcolosi.com.br\/index.php\/category\/carreira-e-sucesso-dicas-para-carreira\/"},"img":{"alt_text":"","src":"https:\/\/i0.wp.com\/ismaelcolosi.com.br\/wp-content\/uploads\/2024\/11\/metas-habitos-trabalho-carreira-mulher-anotacao-1200x675.jpg?fit=1200%2C675&ssl=1&resize=350%2C200","width":350,"height":200,"srcset":"https:\/\/i0.wp.com\/ismaelcolosi.com.br\/wp-content\/uploads\/2024\/11\/metas-habitos-trabalho-carreira-mulher-anotacao-1200x675.jpg?fit=1200%2C675&ssl=1&resize=350%2C200 1x, https:\/\/i0.wp.com\/ismaelcolosi.com.br\/wp-content\/uploads\/2024\/11\/metas-habitos-trabalho-carreira-mulher-anotacao-1200x675.jpg?fit=1200%2C675&ssl=1&resize=525%2C300 1.5x, https:\/\/i0.wp.com\/ismaelcolosi.com.br\/wp-content\/uploads\/2024\/11\/metas-habitos-trabalho-carreira-mulher-anotacao-1200x675.jpg?fit=1200%2C675&ssl=1&resize=700%2C400 2x, https:\/\/i0.wp.com\/ismaelcolosi.com.br\/wp-content\/uploads\/2024\/11\/metas-habitos-trabalho-carreira-mulher-anotacao-1200x675.jpg?fit=1200%2C675&ssl=1&resize=1050%2C600 3x"},"classes":[]},{"id":6780,"url":"https:\/\/ismaelcolosi.com.br\/index.php\/2023\/11\/26\/aprenda-a-estabelecer-uma-rotina-saudavel-para-as-criancas\/","url_meta":{"origin":90130,"position":1},"title":"Aprenda a estabelecer uma rotina saud\u00e1vel para as crian\u00e7as","author":"ismaelcolosi.com.br","date":"26 de November de 2023","format":false,"excerpt":"A rotina \u00e9 uma aliada importante do desenvolvimento infantil. Quando as crian\u00e7as t\u00eam um cotidiano previs\u00edvel, elas sabem o que esperar, o que lhes d\u00e1 uma sensa\u00e7\u00e3o de seguran\u00e7a e estabilidade. Isso \u00e9 especialmente importante para crian\u00e7as pequenas, que ainda est\u00e3o desenvolvendo sua capacidade de lidar com o estresse e\u2026","rel":"","context":"In &quot;Variedades&quot;","block_context":{"text":"Variedades","link":"https:\/\/ismaelcolosi.com.br\/index.php\/category\/variedades\/"},"img":{"alt_text":"","src":"https:\/\/i0.wp.com\/ismaelcolosi.com.br\/wp-content\/uploads\/2023\/11\/pexels-kindel-media-7456803.jpg?fit=1200%2C638&ssl=1&resize=350%2C200","width":350,"height":200,"srcset":"https:\/\/i0.wp.com\/ismaelcolosi.com.br\/wp-content\/uploads\/2023\/11\/pexels-kindel-media-7456803.jpg?fit=1200%2C638&ssl=1&resize=350%2C200 1x, https:\/\/i0.wp.com\/ismaelcolosi.com.br\/wp-content\/uploads\/2023\/11\/pexels-kindel-media-7456803.jpg?fit=1200%2C638&ssl=1&resize=525%2C300 1.5x, https:\/\/i0.wp.com\/ismaelcolosi.com.br\/wp-content\/uploads\/2023\/11\/pexels-kindel-media-7456803.jpg?fit=1200%2C638&ssl=1&resize=700%2C400 2x, https:\/\/i0.wp.com\/ismaelcolosi.com.br\/wp-content\/uploads\/2023\/11\/pexels-kindel-media-7456803.jpg?fit=1200%2C638&ssl=1&resize=1050%2C600 3x"},"classes":[]},{"id":89107,"url":"https:\/\/ismaelcolosi.com.br\/index.php\/2026\/02\/11\/5-habitos-de-trabalho-saudaveis-que-sabotam-sua-carreira\/","url_meta":{"origin":90130,"position":2},"title":"5 H\u00e1bitos de Trabalho \u201cSaud\u00e1veis\u201d Que Sabotam Sua Carreira","author":"ismaelcolosi.com.br","date":"11 de February de 2026","format":false,"excerpt":"Voc\u00ea sempre ouviu que para ter sucesso na carreira, deveria dominar sua fun\u00e7\u00e3o, trabalhar bem em equipe, se esfor\u00e7ar e ter paci\u00eancia. Esses s\u00e3o os conselhos cl\u00e1ssicos para ser um \u201cbom funcion\u00e1rio\u201d. No entanto, esse tipo de orienta\u00e7\u00e3o pode ter ficado ultrapassado. O ambiente de trabalho atual \u00e9 muito mais\u2026","rel":"","context":"In &quot;Carreira e Sucesso&quot;","block_context":{"text":"Carreira e Sucesso","link":"https:\/\/ismaelcolosi.com.br\/index.php\/category\/carreira-e-sucesso-dicas-para-carreira\/"},"img":{"alt_text":"","src":"https:\/\/i0.wp.com\/ismaelcolosi.com.br\/wp-content\/uploads\/2026\/02\/habitos-de-trabalho-1200x675.jpg?fit=1200%2C675&ssl=1&resize=350%2C200","width":350,"height":200,"srcset":"https:\/\/i0.wp.com\/ismaelcolosi.com.br\/wp-content\/uploads\/2026\/02\/habitos-de-trabalho-1200x675.jpg?fit=1200%2C675&ssl=1&resize=350%2C200 1x, https:\/\/i0.wp.com\/ismaelcolosi.com.br\/wp-content\/uploads\/2026\/02\/habitos-de-trabalho-1200x675.jpg?fit=1200%2C675&ssl=1&resize=525%2C300 1.5x, https:\/\/i0.wp.com\/ismaelcolosi.com.br\/wp-content\/uploads\/2026\/02\/habitos-de-trabalho-1200x675.jpg?fit=1200%2C675&ssl=1&resize=700%2C400 2x, https:\/\/i0.wp.com\/ismaelcolosi.com.br\/wp-content\/uploads\/2026\/02\/habitos-de-trabalho-1200x675.jpg?fit=1200%2C675&ssl=1&resize=1050%2C600 3x"},"classes":[]},{"id":88956,"url":"https:\/\/ismaelcolosi.com.br\/index.php\/2026\/01\/27\/8-habitos-para-fortalecer-o-cerebro-e-impulsionar-a-carreira-segundo-neurologista\/","url_meta":{"origin":90130,"position":3},"title":"8 H\u00e1bitos para Fortalecer o C\u00e9rebro e Impulsionar a Carreira, Segundo Neurologista","author":"ismaelcolosi.com.br","date":"27 de January de 2026","format":false,"excerpt":"A campanha nacional Janeiro Branco abre o calend\u00e1rio como um convite ao cuidado com a sa\u00fade mental e emocional. Dentro desse tema, um equ\u00edvoco bastante comum \u00e9 acreditar que o c\u00e9rebro funciona como um computador antigo que inevitavelmente vai perdendo desempenho com o passar dos anos. Mas as pesquisas mostram\u2026","rel":"","context":"In &quot;Carreira e Sucesso&quot;","block_context":{"text":"Carreira e Sucesso","link":"https:\/\/ismaelcolosi.com.br\/index.php\/category\/carreira-e-sucesso-dicas-para-carreira\/"},"img":{"alt_text":"","src":"https:\/\/i0.wp.com\/ismaelcolosi.com.br\/wp-content\/uploads\/2026\/01\/cerebro-forbes.jpg?fit=860%2C484&ssl=1&resize=350%2C200","width":350,"height":200,"srcset":"https:\/\/i0.wp.com\/ismaelcolosi.com.br\/wp-content\/uploads\/2026\/01\/cerebro-forbes.jpg?fit=860%2C484&ssl=1&resize=350%2C200 1x, https:\/\/i0.wp.com\/ismaelcolosi.com.br\/wp-content\/uploads\/2026\/01\/cerebro-forbes.jpg?fit=860%2C484&ssl=1&resize=525%2C300 1.5x, https:\/\/i0.wp.com\/ismaelcolosi.com.br\/wp-content\/uploads\/2026\/01\/cerebro-forbes.jpg?fit=860%2C484&ssl=1&resize=700%2C400 2x"},"classes":[]},{"id":6751,"url":"https:\/\/ismaelcolosi.com.br\/index.php\/2023\/11\/26\/5-sinais-que-nao-devem-ser-ignorados\/","url_meta":{"origin":90130,"position":4},"title":"5 sinais que n\u00e3o devem ser ignorados","author":"ismaelcolosi.com.br","date":"26 de November de 2023","format":false,"excerpt":"Cr\u00e9ditos: Getty Images\/iStockphotoEstudos t\u00eam mostrado que incluir mais alimentos ricos em fibras e verduras saud\u00e1veis na dieta, bem como fazer atividade f\u00edsica regular pode minimizar o risco de c\u00e2ncer \u2013 iStock\/Getty Images Mais de 45 mil casos de c\u00e2ncer de intestino foram diagnosticados em 2022, conforme dados do Instituto Nacional\u2026","rel":"","context":"In &quot;Variedades&quot;","block_context":{"text":"Variedades","link":"https:\/\/ismaelcolosi.com.br\/index.php\/category\/variedades\/"},"img":{"alt_text":"","src":"https:\/\/i0.wp.com\/ismaelcolosi.com.br\/wp-content\/uploads\/2023\/11\/istock-1088402038.jpg?fit=1200%2C638&ssl=1&resize=350%2C200","width":350,"height":200,"srcset":"https:\/\/i0.wp.com\/ismaelcolosi.com.br\/wp-content\/uploads\/2023\/11\/istock-1088402038.jpg?fit=1200%2C638&ssl=1&resize=350%2C200 1x, https:\/\/i0.wp.com\/ismaelcolosi.com.br\/wp-content\/uploads\/2023\/11\/istock-1088402038.jpg?fit=1200%2C638&ssl=1&resize=525%2C300 1.5x, https:\/\/i0.wp.com\/ismaelcolosi.com.br\/wp-content\/uploads\/2023\/11\/istock-1088402038.jpg?fit=1200%2C638&ssl=1&resize=700%2C400 2x, https:\/\/i0.wp.com\/ismaelcolosi.com.br\/wp-content\/uploads\/2023\/11\/istock-1088402038.jpg?fit=1200%2C638&ssl=1&resize=1050%2C600 3x"},"classes":[]},{"id":85114,"url":"https:\/\/ismaelcolosi.com.br\/index.php\/2025\/05\/04\/7-habitos-de-sono-ideais-para-pessoas-de-sucesso\/","url_meta":{"origin":90130,"position":5},"title":"7 H\u00e1bitos de Sono Ideais para Pessoas de Sucesso","author":"ismaelcolosi.com.br","date":"4 de May de 2025","format":false,"excerpt":"\r Getty Images\r A priva\u00e7\u00e3o de sono \u00e9 comum no ambiente corporativo, e gera preju\u00edzos significativos, tanto individuais quanto organizacionais\r Acessibilidade \r L\r L\r A-\r A+\r \r \u25d0\r \r \u00a0 Seja por incertezas econ\u00f4micas, riscos cibern\u00e9ticos ou desafios para reter talentos, empres\u00e1rios e executivos t\u00eam in\u00fameros motivos para perder o\u2026","rel":"","context":"In &quot;Carreira e Sucesso&quot;","block_context":{"text":"Carreira e Sucesso","link":"https:\/\/ismaelcolosi.com.br\/index.php\/category\/carreira-e-sucesso-dicas-para-carreira\/"},"img":{"alt_text":"","src":"https:\/\/i0.wp.com\/ismaelcolosi.com.br\/wp-content\/uploads\/2025\/05\/forbes-sono-habitos-sucesso-1200x675.jpg?fit=1200%2C675&ssl=1&resize=350%2C200","width":350,"height":200,"srcset":"https:\/\/i0.wp.com\/ismaelcolosi.com.br\/wp-content\/uploads\/2025\/05\/forbes-sono-habitos-sucesso-1200x675.jpg?fit=1200%2C675&ssl=1&resize=350%2C200 1x, https:\/\/i0.wp.com\/ismaelcolosi.com.br\/wp-content\/uploads\/2025\/05\/forbes-sono-habitos-sucesso-1200x675.jpg?fit=1200%2C675&ssl=1&resize=525%2C300 1.5x, https:\/\/i0.wp.com\/ismaelcolosi.com.br\/wp-content\/uploads\/2025\/05\/forbes-sono-habitos-sucesso-1200x675.jpg?fit=1200%2C675&ssl=1&resize=700%2C400 2x, https:\/\/i0.wp.com\/ismaelcolosi.com.br\/wp-content\/uploads\/2025\/05\/forbes-sono-habitos-sucesso-1200x675.jpg?fit=1200%2C675&ssl=1&resize=1050%2C600 3x"},"classes":[]}],"jetpack_sharing_enabled":true,"jetpack_shortlink":"https:\/\/wp.me\/pfMlyK-nrI","_links":{"self":[{"href":"https:\/\/ismaelcolosi.com.br\/index.php\/wp-json\/wp\/v2\/posts\/90130","targetHints":{"allow":["GET"]}}],"collection":[{"href":"https:\/\/ismaelcolosi.com.br\/index.php\/wp-json\/wp\/v2\/posts"}],"about":[{"href":"https:\/\/ismaelcolosi.com.br\/index.php\/wp-json\/wp\/v2\/types\/post"}],"author":[{"embeddable":true,"href":"https:\/\/ismaelcolosi.com.br\/index.php\/wp-json\/wp\/v2\/users\/1"}],"replies":[{"embeddable":true,"href":"https:\/\/ismaelcolosi.com.br\/index.php\/wp-json\/wp\/v2\/comments?post=90130"}],"version-history":[{"count":0,"href":"https:\/\/ismaelcolosi.com.br\/index.php\/wp-json\/wp\/v2\/posts\/90130\/revisions"}],"wp:featuredmedia":[{"embeddable":true,"href":"https:\/\/ismaelcolosi.com.br\/index.php\/wp-json\/wp\/v2\/media\/90131"}],"wp:attachment":[{"href":"https:\/\/ismaelcolosi.com.br\/index.php\/wp-json\/wp\/v2\/media?parent=90130"}],"wp:term":[{"taxonomy":"category","embeddable":true,"href":"https:\/\/ismaelcolosi.com.br\/index.php\/wp-json\/wp\/v2\/categories?post=90130"},{"taxonomy":"post_tag","embeddable":true,"href":"https:\/\/ismaelcolosi.com.br\/index.php\/wp-json\/wp\/v2\/tags?post=90130"}],"curies":[{"name":"wp","href":"https:\/\/api.w.org\/{rel}","templated":true}]}}