{"id":90125,"date":"2026-05-01T05:01:19","date_gmt":"2026-05-01T08:01:19","guid":{"rendered":"https:\/\/ismaelcolosi.com.br\/index.php\/2026\/05\/01\/20-filmes-e-series-que-dissecam-os-dilemas-do-mercado-profissional\/"},"modified":"2026-05-01T05:01:19","modified_gmt":"2026-05-01T08:01:19","slug":"20-filmes-e-series-que-dissecam-os-dilemas-do-mercado-profissional","status":"publish","type":"post","link":"https:\/\/ismaelcolosi.com.br\/index.php\/2026\/05\/01\/20-filmes-e-series-que-dissecam-os-dilemas-do-mercado-profissional\/","title":{"rendered":"20 Filmes e S\u00e9ries Que Dissecam os Dilemas do Mercado Profissional"},"content":{"rendered":"<p> <br \/>\n<\/p>\n<div>\n<p>Em \u201c<strong>O Diabo Veste Prada 2<\/strong>\u201c, que acaba de chegar aos cinemas, o embate entre o colapso do impresso e a urg\u00eancia da era digital mostra como as novas regras do mercado n\u00e3o poupam ningu\u00e9m \u2014 nem mesmo Miranda Priestly. Em outra ponta, a aclamada \u201c<strong>Hacks<\/strong>\u201c, que encerrou sua \u00faltima temporada recentemente, coloca o choque de gera\u00e7\u00f5es sob os holofotes, enquanto a fren\u00e9tica \u201c<strong>The Bear<\/strong>\u201d imerge os espectadores na busca implac\u00e1vel por excel\u00eancia de uma cozinha profissional.<\/p>\n<p>N\u00e3o \u00e9 de hoje que o mundo corporativo e seus dilemas rendem hist\u00f3rias fascinantes para as telas. Seja na press\u00e3o de um restaurante ou nos corredores de grandes escrit\u00f3rios, o trabalho dita nossa rotina, testa nossos limites \u00e9ticos e, muitas vezes, define nossa pr\u00f3pria identidade.<\/p><div class='code-block code-block-8' style='margin: 8px auto; text-align: center; display: block; clear: both;'>\n<script>\n  atOptions = {\n    'key' : '66e2e2111ca34da796271819fc334058',\n    'format' : 'iframe',\n    'height' : 250,\n    'width' : 300,\n    'params' : {}\n  };\n<\/script>\n<script src=\"https:\/\/www.highperformanceformat.com\/66e2e2111ca34da796271819fc334058\/invoke.js\"><\/script>\n<\/div>\n\n<p>Neste <strong>Dia do Trabalho<\/strong> (1\u00ba), reunimos 20 produ\u00e7\u00f5es \u2014 entre lan\u00e7amentos recentes e cl\u00e1ssicos essenciais \u2014 que dissecam o universo profissional sob diferentes perspectivas.<\/p>\n<h2 class=\"wp-block-heading\" id=\"h-a-seguir-veja-20-filmes-e-series-para-assistir-no-dia-do-trabalho\">A seguir, veja 20 filmes e s\u00e9ries para assistir no Dia do Trabalho<\/h2>\n<h3 class=\"wp-block-heading\" id=\"h-1-o-diabo-veste-prada-2\">1. O Diabo Veste Prada 2<\/h3>\n<figure class=\"wp-block-image size-medium_large \"><img data-recalc-dims=\"1\" loading=\"lazy\" decoding=\"async\" width=\"768\" height=\"432\" src=\"https:\/\/i0.wp.com\/forbes.com.br\/wp-content\/uploads\/2026\/04\/o-diabo-veste-prada-2-1-768x432.jpg?resize=768%2C432&#038;ssl=1\" class=\"attachment-medium_large size-medium_large\" alt=\"o diabo veste prada 2\"\/><figcaption><span class=\"credito\">Divulga\u00e7\u00e3o\/Disney <\/span><\/figcaption><\/figure>\n<p>A continua\u00e7\u00e3o do cl\u00e1ssico \u201cO Diabo Veste Prada\u201d acompanha Miranda Priestly (Meryl Streep) enfrentando o decl\u00ednio da revista Runway devido \u00e0 era digital e ao colapso do jornalismo impresso. Ela reencontra Emily (Emily Blunt), agora uma executiva de luxo influente, e Andy (Anne Hathaway), que retorna para o mundo da moda na tentativa de salvar sua carreira.<\/p>\n<aside class=\"content_modules\">\n<h2 class=\"block_label\">Leia Tamb\u00e9m<\/h2>\n<\/aside>\n<h3 class=\"wp-block-heading\" id=\"h-2-hacks\">2. Hacks<\/h3>\n<figure class=\"wp-block-image size-medium_large \"><img data-recalc-dims=\"1\" loading=\"lazy\" decoding=\"async\" width=\"768\" height=\"432\" src=\"https:\/\/i0.wp.com\/forbes.com.br\/wp-content\/uploads\/2026\/04\/hacks-768x432.jpg?resize=768%2C432&#038;ssl=1\" class=\"attachment-medium_large size-medium_large\" alt=\"hacks\"\/><figcaption><span class=\"credito\">Divulga\u00e7\u00e3o\/HBO Max<\/span><\/figcaption><\/figure>\n<p>Na s\u00e9rie, Deborah Vance (Jean Smart) \u00e9 uma lenda da com\u00e9dia de Las Vegas, mas que v\u00ea sua resid\u00eancia no cassino amea\u00e7ada por n\u00e3o atrair mais o p\u00fablico jovem. A contragosto, ela aceita trabalhar com Ava (Hannah Einbinder), uma roteirista arrogante e rec\u00e9m-cancelada da Gera\u00e7\u00e3o Z. O que come\u00e7a como um choque de gera\u00e7\u00f5es se aprofunda em uma an\u00e1lise sobre o etarismo e as exig\u00eancias mentais de viver para a carreira.<\/p>\n<aside class=\"newsletter content_modules\">&#13;<br \/>\n  &#13;<br \/>\n<\/aside>\n<\/p>\n<h3 class=\"wp-block-heading\" id=\"h-3-jogo-justo\">3. Jogo Justo<\/h3>\n<figure class=\"wp-block-image size-medium_large \"><img data-recalc-dims=\"1\" loading=\"lazy\" decoding=\"async\" width=\"768\" height=\"432\" src=\"https:\/\/i0.wp.com\/forbes.com.br\/wp-content\/uploads\/2026\/04\/jogo-justo-768x432.jpg?resize=768%2C432&#038;ssl=1\" class=\"attachment-medium_large size-medium_large\" alt=\"jogo justo\"\/><figcaption><span class=\"credito\">Divulga\u00e7\u00e3o\/Netflix<\/span><\/figcaption><\/figure>\n<p>O filme apresenta Emily (Phoebe Dynevor) e Luke (Alden Ehrenreich), um casal de analistas financeiros que trabalham na mesma companhia de Wall Street e mant\u00e9m o noivado em segredo para n\u00e3o violar as pol\u00edticas da empresa. A vida perfeita deles desmorona quando Emily recebe a sonhada promo\u00e7\u00e3o a qual Luke acreditava ter direito, tornando-se chefe do parceiro. O filme \u00e9 um thriller psicol\u00f3gico sobre como o ego, o ressentimento, a competi\u00e7\u00e3o t\u00f3xica corporativa e o machismo estrutural podem envenenar as rela\u00e7\u00f5es dentro e fora do escrit\u00f3rio.<\/p>\n<aside class=\"web-story content_modules\">&#13;<br \/>\n  &#13;<br \/>\n<\/aside>\n<p>&#13;\n<\/p>\n<h3 class=\"wp-block-heading\" id=\"h-4-deu-match-a-rainha-de-apps-de-namoro\">4. Deu Match: A Rainha de Apps de Namoro<\/h3>\n<figure class=\"wp-block-image size-medium_large \"><img data-recalc-dims=\"1\" loading=\"lazy\" decoding=\"async\" width=\"768\" height=\"432\" src=\"https:\/\/i0.wp.com\/forbes.com.br\/wp-content\/uploads\/2026\/04\/rainha-dos-apps-de-namoro-768x432.jpg?resize=768%2C432&#038;ssl=1\" class=\"attachment-medium_large size-medium_large\" alt=\"rainha dos apps de namoro\"\/><figcaption><span class=\"credito\">Divulga\u00e7\u00e3o\/Disney+<\/span><\/figcaption><\/figure>\n<p>Inspirado na trajet\u00f3ria real de Whitney Wolfe Herd (Lily James) \u2014 cofundadora do Tinder e criadora do Bumble \u2014, a produ\u00e7\u00e3o detalha a jornada tortuosa de criar um imp\u00e9rio no mercado da tecnologia. Ao mostrar o desenrolar dessa revolu\u00e7\u00e3o na ind\u00fastria dos aplicativos, a hist\u00f3ria escancara o ambiente frequentemente machista, os esc\u00e2ndalos corporativos e a luta de mulheres executivas para conquistar espa\u00e7o e investimento no Vale do Sil\u00edcio.<\/p>\n<h3 class=\"wp-block-heading\" id=\"h-5-wecrashed\">5. WeCrashed<\/h3>\n<figure class=\"wp-block-image size-medium_large \"><img data-recalc-dims=\"1\" loading=\"lazy\" decoding=\"async\" width=\"768\" height=\"432\" src=\"https:\/\/i0.wp.com\/forbes.com.br\/wp-content\/uploads\/2026\/04\/wecrashed-768x432.jpg?resize=768%2C432&#038;ssl=1\" class=\"attachment-medium_large size-medium_large\" alt=\"wecrashed\"\/><figcaption><span class=\"credito\">Divulga\u00e7\u00e3o\/Apple TV+<\/span><\/figcaption><\/figure>\n<p>Baseada em eventos reais, a miniss\u00e9rie narra a ascens\u00e3o mete\u00f3rica e a queda vertiginosa da empresa de coworking WeWork. Ao acompanhar o fundador Adam Neumann (Jared Leto) e sua esposa Rebekah (Anne Hathaway), a trama explora como suas ambi\u00e7\u00f5es megaloman\u00edacas elevaram a empresa a um valor de US$ 47 bilh\u00f5es, antes de quase ir \u00e0 fal\u00eancia.<\/p>\n<h3 class=\"wp-block-heading\" id=\"h-6-ruptura\">6. Ruptura<\/h3>\n<figure class=\"wp-block-image size-medium_large \"><img data-recalc-dims=\"1\" loading=\"lazy\" decoding=\"async\" width=\"768\" height=\"512\" src=\"https:\/\/i0.wp.com\/forbes.com.br\/wp-content\/uploads\/2025\/04\/ruptura-severance-serie-forbescarreira-768x512.jpg?resize=768%2C512&#038;ssl=1\" class=\"attachment-medium_large size-medium_large\" alt=\"Adam Scott em &quot;Ruptura&quot;\"\/><figcaption><span class=\"credito\">Divulga\u00e7\u00e3o\/AppleTV+<\/span><\/figcaption><\/figure>\n<p>Na s\u00e9rie criada por Dan Erickson e dirigida por Ben Stiller, cinco funcion\u00e1rios de uma empresa aceitam participar de um procedimento cir\u00fargico experimental que separa as mem\u00f3rias pessoais e profissionais permanentemente. Assim, nunca lembram quem s\u00e3o ao entrar na empresa ou no que trabalham ao sair dela.<\/p>\n<p>A obra de fic\u00e7\u00e3o cient\u00edfica conquistou f\u00e3s ao redor do mundo ao abordar dilemas do mundo do trabalho com um toque sombrio.<\/p>\n<h3 class=\"wp-block-heading\" id=\"h-7-succession\">7. Succession<\/h3>\n<figure class=\"wp-block-image size-medium_large \"><img data-recalc-dims=\"1\" loading=\"lazy\" decoding=\"async\" width=\"768\" height=\"512\" src=\"https:\/\/i0.wp.com\/forbes.com.br\/wp-content\/uploads\/2025\/01\/succession-768x512-1.jpg?resize=768%2C512&#038;ssl=1\" class=\"attachment-medium_large size-medium_large\" alt=\"succession\"\/><figcaption><span class=\"credito\">Divulga\u00e7\u00e3o\/HBO Max<\/span><\/figcaption><\/figure>\n<p>Logan Roy (Brian Cox) \u00e9 o patriarca de uma fam\u00edlia poderosa e dono de um imp\u00e9rio midi\u00e1tico conhecido como Waystar Royco. Ele sempre se dedicou mais aos neg\u00f3cios do que aos quatro filhos \u2013 Connor (Alan Ruck), Kendall (Jeremy Strong), Roman (Kieran Culkin) e Siobhan (Sarah Snook). Quando Logan tem um decl\u00ednio em seu estado de sa\u00fade, os herdeiros iniciam uma disputa pelo controle das empresas, colocando \u00e0 prova a lealdade dos candidatos a sucessores.<\/p>\n<h3 class=\"wp-block-heading\" id=\"h-8-um-senhor-estagiario\">8. Um Senhor Estagi\u00e1rio<\/h3>\n<figure class=\"wp-block-image size-medium_large \"><img data-recalc-dims=\"1\" loading=\"lazy\" decoding=\"async\" width=\"768\" height=\"512\" src=\"https:\/\/i0.wp.com\/forbes.com.br\/wp-content\/uploads\/2025\/04\/forbes-um-senhor-estagiario-filme-768x512.jpg?resize=768%2C512&#038;ssl=1\" class=\"attachment-medium_large size-medium_large\" alt=\"\"\/><figcaption><span class=\"credito\">Divulga\u00e7\u00e3o\/Warner Bros. Pictures<\/span><\/figcaption><\/figure>\n<p>Ben (Robert De Niro) \u00e9 um executivo aposentado de 70 anos que decide se candidatar a uma vaga de est\u00e1gio s\u00eanior. Ele \u00e9 contratado por Jules (Anne Hathaway) para trabalhar em sua startup de moda e causa estranhamento de in\u00edcio ao destoar do resto da equipe.<\/p>\n<p>Mas seu jeito proativo e dedicado acaba conquistando os colegas de trabalho. Em pouco tempo, Ben se torna o bra\u00e7o direito da chefe, ajudando-a n\u00e3o apenas com as quest\u00f5es profissionais, mas tamb\u00e9m a atravessar os desafios familiares e pessoais com toda sua experi\u00eancia de vida.<\/p>\n<h3 class=\"wp-block-heading\" id=\"h-9-the-bear\">9. The Bear<\/h3>\n<figure class=\"wp-block-image size-medium_large \"><img data-recalc-dims=\"1\" loading=\"lazy\" decoding=\"async\" width=\"768\" height=\"512\" src=\"https:\/\/i0.wp.com\/forbes.com.br\/wp-content\/uploads\/2025\/01\/the-bear-forbes-768x512.jpg?resize=768%2C512&#038;ssl=1\" class=\"attachment-medium_large size-medium_large\" alt=\"The Bear s\u00e9rie\"\/><figcaption><span class=\"credito\">Divulga\u00e7\u00e3o\/Disney+<\/span><\/figcaption><\/figure>\n<p>Na s\u00e9rie de com\u00e9dia dram\u00e1tica, Carmen Berzatto (Jeremy Allen White) \u00e9 um jovem chef que herda um restaurante e tenta transformar o lugar em um grande neg\u00f3cio. Enquanto batalha para fazer do The Beef um dos maiores e melhores restaurantes de Chicago, Carmy cresce em meio a dificuldades ao lado da equipe de cozinha carrancuda que aos poucos se transforma em uma nova fam\u00edlia. <\/p>\n<p>A trama explora como cada personagem lida com suas vidas pessoais enquanto tentam alavancar suas carreiras na gastronomia. Discute temas familiares, ambi\u00e7\u00f5es profissionais e a rotina estressante do restaurante.<\/p>\n<h3 class=\"wp-block-heading\" id=\"h-10-a-rede-social\">10. A Rede Social<\/h3>\n<figure class=\"wp-block-image size-medium_large \"><img data-recalc-dims=\"1\" loading=\"lazy\" decoding=\"async\" width=\"768\" height=\"512\" src=\"https:\/\/i0.wp.com\/forbes.com.br\/wp-content\/uploads\/2025\/04\/forbes-a-rede-social-filme-768x512.jpg?resize=768%2C512&#038;ssl=1\" class=\"attachment-medium_large size-medium_large\" alt=\"\"\/><figcaption><span class=\"credito\">Divulga\u00e7\u00e3o\/Sony Pictures<\/span><\/figcaption><\/figure>\n<p>Dirigido por David Fincher, \u201cA Rede Social\u201d conta a hist\u00f3ria da cria\u00e7\u00e3o do Facebook. Enquanto era estudante de Harvard, Mark Zuckerberg (Jesse Eisenberg) decidiu criar uma plataforma para que os usu\u00e1rios pudessem avaliar as estudantes da faculdade. O que come\u00e7ou com uma brincadeira se transformou na vers\u00e3o embrion\u00e1ria do Facebook, rede social ent\u00e3o pensada para uso exclusivo de universit\u00e1rios. O longa mostra as pol\u00eamicas em torno da plataforma e as brigas e batalhas judiciais entre os criadores.<\/p>\n<h3 class=\"wp-block-heading\" id=\"h-11-the-morning-show\">11. The Morning Show<\/h3>\n<figure class=\"wp-block-image size-medium_large \"><img data-recalc-dims=\"1\" loading=\"lazy\" decoding=\"async\" width=\"768\" height=\"512\" src=\"https:\/\/i0.wp.com\/forbes.com.br\/wp-content\/uploads\/2025\/04\/carreira-series-destaque-the-morning-show-768x512-1.jpg?resize=768%2C512&#038;ssl=1\" class=\"attachment-medium_large size-medium_large\" alt=\"\"\/><figcaption><span class=\"credito\">Divulga\u00e7\u00e3o\/Apple TV+<\/span><\/figcaption><\/figure>\n<p>Alex Levy (Jennifer Aniston) \u00e9 diretora e co-\u00e2ncora do The Morning Show, um programa de TV matinal de prest\u00edgio. Depois que seu colega de trabalho h\u00e1 15 anos, Mitch Kessler (Steve Carell), \u00e9 demitido em meio a um esc\u00e2ndalo de ass\u00e9dio sexual, Alex luta para manter seu emprego como principal \u00e2ncora de not\u00edcias. Enquanto isso, ela trava uma batalha com Bradley Jackson (Reese Witherspoon), uma rep\u00f3rter de campo cujas decis\u00f5es impulsivas a levam a um novo e desafiador universo do jornalismo televisivo. <\/p>\n<p>Contada sob a perspectiva das duas protagonistas que, al\u00e9m de terem que lidar com os dilemas de suas profiss\u00f5es, enfrentam crises na vida pessoal e profissional, \u201cThe Morning Show\u201d retrata a din\u00e2mica de poder entre mulheres e homens no ambiente de trabalho.<\/p>\n<h3 class=\"wp-block-heading\" id=\"h-12-the-office\">12. The Office<\/h3>\n<figure class=\"wp-block-image size-medium_large \"><img data-recalc-dims=\"1\" loading=\"lazy\" decoding=\"async\" width=\"768\" height=\"512\" src=\"https:\/\/i0.wp.com\/forbes.com.br\/wp-content\/uploads\/2025\/01\/life_diadotrabalho_theoffice_01052021_divulgacao-800x533-1-768x512.jpg?resize=768%2C512&#038;ssl=1\" class=\"attachment-medium_large size-medium_large\" alt=\"The Office s\u00e9rie\"\/><figcaption><span class=\"credito\">Divulga\u00e7\u00e3o\/NBC<\/span><\/figcaption><\/figure>\n<p>Em formato de pseudodocument\u00e1rio, a s\u00e9rie faz uma s\u00e1tira das din\u00e2micas do escrit\u00f3rio ao mostrar a rotina dos funcion\u00e1rios de uma empresa de papel, a Dunder Miffin. Na equipe, est\u00e3o Michael Scott (Steve Carell), um gerente fanfarr\u00e3o que se considera o melhor amigo dos funcion\u00e1rios; Pam Beesly (Jenna Fischer), a simp\u00e1tica recepcionista; Jim Halpert (John Krasinski), o representante de vendas; Dwight Schrute (Rainn Wilson), o arrogante assistente de Michael; e Ryan Howard (B. J. Novak), auxiliar do patr\u00e3o.O programa oferece uma vis\u00e3o abrangente de cada um, destacando suas singularidades e nuances.<\/p>\n<ul class=\"wp-block-list\">\n<li><strong>Onde assistir:<\/strong> Netflix, HBO Max e Prime Video<\/li>\n<\/ul>\n<h3 class=\"wp-block-heading\" id=\"h-13-os-estagiarios\">13. Os Estagi\u00e1rios<\/h3>\n<figure class=\"wp-block-image size-medium_large \"><img data-recalc-dims=\"1\" loading=\"lazy\" decoding=\"async\" width=\"768\" height=\"512\" src=\"https:\/\/i0.wp.com\/forbes.com.br\/wp-content\/uploads\/2025\/04\/forbes-os-estagiarios-filme-768x512.jpg?resize=768%2C512&#038;ssl=1\" class=\"attachment-medium_large size-medium_large\" alt=\"\"\/><figcaption><span class=\"credito\">Divulga\u00e7\u00e3o\/Fox Film<\/span><\/figcaption><\/figure>\n<p>Billy (Vince Vaughn) e Nick (Owen Wilson) ficam desempregados, aos 40 anos, depois que a empresa em que trabalhavam encerra as atividades. Desesperados por uma oportunidade, se candidatam a vagas de estagi\u00e1rios no Google, mesmo n\u00e3o entendendo nada de tecnologia.<\/p>\n<p>Fora da zona de conforto, os amigos ficam deslocados no escrit\u00f3rio novo, mas se mostram dispostos a ajudar mesmo aqueles que n\u00e3o fazem quest\u00e3o de ser simp\u00e1ticos com eles. O longa mostra a import\u00e2ncia do reconhecimento do potencial e das habilidades de cada um para o trabalho em equipe, que gera la\u00e7os importantes.<\/p>\n<h3 class=\"wp-block-heading\" id=\"h-14-industry\">14. Industry<\/h3>\n<figure class=\"wp-block-image size-medium_large \"><img data-recalc-dims=\"1\" loading=\"lazy\" decoding=\"async\" width=\"768\" height=\"512\" src=\"https:\/\/i0.wp.com\/forbes.com.br\/wp-content\/uploads\/2025\/04\/industry-forbes-768x512.jpg?resize=768%2C512&#038;ssl=1\" class=\"attachment-medium_large size-medium_large\" alt=\"\"\/><figcaption><span class=\"credito\">Divulga\u00e7\u00e3o\/HBO Max<\/span><\/figcaption><\/figure>\n<p>Um grupo de jovens rec\u00e9m-formados compete por um n\u00famero limitado de vagas de emprego em um dos principais bancos de investimento de Londres. \u00c0 medida que eles ingressam em uma cultura corporativa definida pelo ego, sexo e drogas, as fronteiras entre colega, amigo, amante e inimigo logo desaparecem.<\/p>\n<h3 class=\"wp-block-heading\" id=\"h-15-jerry-maguire-a-grande-virada\">15. Jerry Maguire: A Grande Virada<\/h3>\n<figure class=\"wp-block-image size-medium_large \"><img data-recalc-dims=\"1\" loading=\"lazy\" decoding=\"async\" width=\"768\" height=\"432\" src=\"https:\/\/i0.wp.com\/forbes.com.br\/wp-content\/uploads\/2025\/04\/jerry-maguire-forbes-768x432.jpg?resize=768%2C432&#038;ssl=1\" class=\"attachment-medium_large size-medium_large\" alt=\"\"\/><figcaption><span class=\"credito\">Divulga\u00e7\u00e3o\/Sony Pictures<\/span><\/figcaption><\/figure>\n<p>Jerry Maguire (Tom Cruise) \u00e9 um agente esportivo que acaba demitido ap\u00f3s uma declara\u00e7\u00e3o pol\u00eamica sobre o mercado no qual atua. Depois do epis\u00f3dio, o protagonista \u00e9 obrigado a se dedicar ao \u00fanico cliente que sobrou, um jogador de futebol americano temperamental, Rod Tidwell (Cuba Gooding Jr.). Ao mesmo tempo, o personagem se envolve com Dorothy Boyd (Ren\u00e9e Zellweger), uma das contadoras da empresa onde ele atuava. A hist\u00f3ria fala sobre algumas das situa\u00e7\u00f5es mais comuns no meio corporativo, como a disputa e a desumaniza\u00e7\u00e3o dos l\u00edderes.<\/p>\n<h3 class=\"wp-block-heading\" id=\"h-16-ted-lasso\">16. Ted Lasso<\/h3>\n<figure class=\"wp-block-image size-medium_large \"><img data-recalc-dims=\"1\" loading=\"lazy\" decoding=\"async\" width=\"768\" height=\"512\" src=\"https:\/\/i0.wp.com\/forbes.com.br\/wp-content\/uploads\/2025\/01\/ted-lasso-forbes-768x512.jpg?resize=768%2C512&#038;ssl=1\" class=\"attachment-medium_large size-medium_large\" alt=\"ted lasso\"\/><figcaption><span class=\"credito\">Divulga\u00e7\u00e3o\/Apple TV+<\/span><\/figcaption><\/figure>\n<p>Ted Lasso (Jason Sudeikis) \u00e9 um t\u00e9cnico de futebol americano que \u00e9 contratado para treinar um time de futebol na Inglaterra, mesmo n\u00e3o tendo experi\u00eancia suficiente com o esporte. A propriet\u00e1ria do time, Rebecca Walton (Hannah Waddingham), contrata o treinador propositalmente na expectativa de que ele ser\u00e1 um fracasso. Mesmo inexperiente, Ted conquista a equipe e, aos poucos, passa a entender as particularidades do futebol americano.<\/p>\n<h3 class=\"wp-block-heading\" id=\"h-17-a-procura-da-felicidade\">17. \u00c0 Procura da Felicidade<\/h3>\n<figure class=\"wp-block-image size-medium_large \"><img data-recalc-dims=\"1\" loading=\"lazy\" decoding=\"async\" width=\"678\" height=\"381\" src=\"https:\/\/i0.wp.com\/forbes.com.br\/wp-content\/uploads\/2025\/04\/A-procura-da-felicidade-Reproducao-678x381-1.jpg?resize=678%2C381&#038;ssl=1\" class=\"attachment-medium_large size-medium_large\" alt=\"\"\/><figcaption><span class=\"credito\">Divulga\u00e7\u00e3o\/Sony Pictures<\/span><\/figcaption><\/figure>\n<p>Chris Gardner (Will Smith) \u00e9 um pai solteiro que precisa cuidar sozinho do filho de cinco anos ap\u00f3s problemas financeiros afastarem sua ex-esposa, Linda (Thandiwe Newton). Sem conseguir um emprego, o pai e a crian\u00e7a acabam despejados e passam a viver em abrigos, banheiros e esta\u00e7\u00f5es de trem enquanto dias melhores n\u00e3o chegam.<\/p>\n<p>Al\u00e9m da forte hist\u00f3ria de determina\u00e7\u00e3o, j\u00e1 que o Chris Gardner da vida real se tornou um empres\u00e1rio e investidor de sucesso, o filme debate sobre a honestidade profissional e a import\u00e2ncia de se ter uma motiva\u00e7\u00e3o estabelecida.<\/p>\n<h3 class=\"wp-block-heading\" id=\"h-18-mad-men\">18. Mad Men<\/h3>\n<figure class=\"wp-block-image size-medium_large \"><img data-recalc-dims=\"1\" loading=\"lazy\" decoding=\"async\" width=\"768\" height=\"512\" src=\"https:\/\/i0.wp.com\/forbes.com.br\/wp-content\/uploads\/2025\/01\/life_diadotrabalho_madmen_01052021_divulgacao-800x533-1-768x512.jpg?resize=768%2C512&#038;ssl=1\" class=\"attachment-medium_large size-medium_large\" alt=\"mad men s\u00e9rie\"\/><figcaption><span class=\"credito\">Divulga\u00e7\u00e3o\/Lionsgate Television<\/span><\/figcaption><\/figure>\n<p>Em 1960, Don Draper (Jon Hamm) \u00e9 o diretor de cria\u00e7\u00e3o da Sterling Cooper, uma ag\u00eancia de publicidade badalada da Madison Avenue, em Nova York. O publicit\u00e1rio se envolve em conflitos profissionais e familiares enquanto tenta guardar um segredo sobre seu passado. Ao mesmo tempo, faz de tudo para ascender economicamente em meio \u00e0s transforma\u00e7\u00f5es sociais dos Estados Unidos da \u00e9poca.<\/p>\n<h3 class=\"wp-block-heading\" id=\"h-19-superstore\">19. Superstore<\/h3>\n<figure class=\"wp-block-image size-medium_large \"><img data-recalc-dims=\"1\" loading=\"lazy\" decoding=\"async\" width=\"768\" height=\"512\" src=\"https:\/\/i0.wp.com\/forbes.com.br\/wp-content\/uploads\/2025\/01\/209792-768x512.jpg?resize=768%2C512&#038;ssl=1\" class=\"attachment-medium_large size-medium_large\" alt=\"superstore serie\"\/><figcaption><span class=\"credito\">Divulga\u00e7\u00e3o\/Universal Television<\/span><\/figcaption><\/figure>\n<p>Um exc\u00eantrico grupo de funcion\u00e1rios da megaloja de departamento Cloud 9 enfrenta a rotina di\u00e1ria de ca\u00e7adores de promo\u00e7\u00f5es fren\u00e9ticos, liquida\u00e7\u00f5es que causam tumultos e treinamentos entediantes. A funcion\u00e1ria Amy (America Ferrera) tenta manter tudo sob controle, apesar dos esfor\u00e7os atrapalhados do gerente Glen (Mark McKinney) e de sua assistente Dina (Lauren Ash). Desde novatos cheios de entusiasmo at\u00e9 veteranos que j\u00e1 viram de tudo, a com\u00e9dia retrata as rela\u00e7\u00f5es profissionais e discute temas como amor, amizade e a beleza dos momentos do dia a dia.<\/p>\n<ul class=\"wp-block-list\">\n<li><strong>Onde assistir:<\/strong> Prime Video<\/li>\n<\/ul>\n<h3 class=\"wp-block-heading\" id=\"h-20-a-grande-aposta\">20. A Grande Aposta<\/h3>\n<figure class=\"wp-block-image size-medium_large \"><img data-recalc-dims=\"1\" loading=\"lazy\" decoding=\"async\" width=\"768\" height=\"512\" src=\"https:\/\/i0.wp.com\/forbes.com.br\/wp-content\/uploads\/2025\/04\/155473-768x512.jpg?resize=768%2C512&#038;ssl=1\" class=\"attachment-medium_large size-medium_large\" alt=\"\"\/><figcaption><span class=\"credito\">Divulga\u00e7\u00e3o\/Paramount Pictures<\/span><\/figcaption><\/figure>\n<p>Michael Burry (Christian Bale) \u00e9 o dono de uma empresa de m\u00e9dio porte, que decide investir muito dinheiro do fundo que coordena ao apostar que o sistema imobili\u00e1rio nos Estados Unidos ir\u00e1 quebrar em breve (crise de 2008). Tal decis\u00e3o gera complica\u00e7\u00f5es junto aos investidores, que nunca haviam apostado contra o sistema. <\/p>\n<p>Ao saber destes investimentos, o corretor Jared Vennett (Ryan Gosling) percebe a oportunidade e passa a oferec\u00ea-la a seus clientes. Um deles \u00e9 Mark Baum (Steve Carell), o dono de uma corretora que enfrenta problemas desde que seu irm\u00e3o se suicidou. Paralelamente, dois iniciantes na Bolsa de Valores percebem que podem ganhar muito dinheiro ao apostar na crise imobili\u00e1ria e, para tanto, pedem ajuda a um guru de Wall Street, Ben Rickert (Brad Pitt), que vive recluso.<\/p>\n<ul class=\"wp-block-list\">\n<li><strong>Onde assistir: <\/strong>Dispon\u00edvel para aluguel e compra em plataformas de streaming<\/li>\n<\/ul>\n<div class=\"follow-us\">Siga o canal da <a href=\"https:\/\/whatsapp.com\/channel\/0029Va9gQKwBFLgM96cJnu0u\" target=\"_blank\" rel=\"noopener noreferrer nofollow\" title=\"Grupo da Forbes no WhatsApp\">Forbes<\/a> no WhatsApp e receba as principais not\u00edcias de empreendedorismo, carreira, tecnologia, agro e lifestyle.<\/div>\n<\/p><\/div>\n<p><br \/>\n<br \/><a href=\"https:\/\/forbes.com.br\/carreira\/2026\/05\/dia-do-trabalho-20-filmes-e-series-que-dissecam-os-dilemas-do-mercado-profissional\/\">Source link <\/a><\/p>\n<div class='code-block code-block-4' style='margin: 8px auto 8px 0; text-align: left; display: block; clear: both;'>\n\ud83d\udce2 Aviso Legal\n\nO site ismaelcolosi.com.br atua apenas como um canal de divulga\u00e7\u00e3o de oportunidades de emprego e n\u00e3o se responsabiliza pelo processo seletivo, contrata\u00e7\u00e3o ou qualquer outra etapa relacionada \u00e0s vagas publicadas. Todas as informa\u00e7\u00f5es s\u00e3o de responsabilidade dos anunciantes.\n\n\u26a0\ufe0f Aten\u00e7\u00e3o! Nunca pague por promessas de emprego nem compre cursos que garantam contrata\u00e7\u00e3o. Desconfie de qualquer cobran\u00e7a para participar de sele\u00e7\u00f5es.\n\n\n\n<\/div>\n<!-- CONTENT END 1 -->\n","protected":false},"excerpt":{"rendered":"<p>Em \u201cO Diabo Veste Prada 2\u201c, que acaba de chegar aos cinemas, o embate entre o colapso do impresso e a urg\u00eancia da era digital&#8230;<\/p>\n","protected":false},"author":1,"featured_media":90126,"comment_status":"","ping_status":"","sticky":false,"template":"","format":"standard","meta":{"_uag_custom_page_level_css":"","advanced_seo_description":"","jetpack_seo_html_title":"","jetpack_seo_noindex":false,"jetpack_post_was_ever_published":false,"_jetpack_newsletter_access":"","_jetpack_dont_email_post_to_subs":false,"_jetpack_newsletter_tier_id":0,"_jetpack_memberships_contains_paywalled_content":false,"_jetpack_memberships_contains_paid_content":false,"footnotes":"","jetpack_publicize_message":"","jetpack_publicize_feature_enabled":true,"jetpack_social_post_already_shared":true,"jetpack_social_options":{"image_generator_settings":{"template":"highway","default_image_id":0,"font":"","enabled":false},"version":2}},"categories":[1964],"tags":[],"class_list":["post-90125","post","type-post","status-publish","format-standard","has-post-thumbnail","hentry","category-carreira-e-sucesso-dicas-para-carreira"],"jetpack_publicize_connections":[],"jetpack_featured_media_url":"https:\/\/i0.wp.com\/ismaelcolosi.com.br\/wp-content\/uploads\/2026\/05\/o-diabo-veste-prada-2-1-1-1200x675.jpg?fit=1200%2C675&ssl=1","uagb_featured_image_src":{"full":["https:\/\/i0.wp.com\/ismaelcolosi.com.br\/wp-content\/uploads\/2026\/05\/o-diabo-veste-prada-2-1-1-1200x675.jpg?fit=1200%2C675&ssl=1",1200,675,false],"thumbnail":["https:\/\/i0.wp.com\/ismaelcolosi.com.br\/wp-content\/uploads\/2026\/05\/o-diabo-veste-prada-2-1-1-1200x675.jpg?resize=150%2C150&ssl=1",150,150,true],"medium":["https:\/\/i0.wp.com\/ismaelcolosi.com.br\/wp-content\/uploads\/2026\/05\/o-diabo-veste-prada-2-1-1-1200x675.jpg?fit=300%2C169&ssl=1",300,169,true],"medium_large":["https:\/\/i0.wp.com\/ismaelcolosi.com.br\/wp-content\/uploads\/2026\/05\/o-diabo-veste-prada-2-1-1-1200x675.jpg?fit=768%2C432&ssl=1",768,432,true],"large":["https:\/\/i0.wp.com\/ismaelcolosi.com.br\/wp-content\/uploads\/2026\/05\/o-diabo-veste-prada-2-1-1-1200x675.jpg?fit=1024%2C576&ssl=1",1024,576,true],"1536x1536":["https:\/\/i0.wp.com\/ismaelcolosi.com.br\/wp-content\/uploads\/2026\/05\/o-diabo-veste-prada-2-1-1-1200x675.jpg?fit=1200%2C675&ssl=1",1200,675,true],"2048x2048":["https:\/\/i0.wp.com\/ismaelcolosi.com.br\/wp-content\/uploads\/2026\/05\/o-diabo-veste-prada-2-1-1-1200x675.jpg?fit=1200%2C675&ssl=1",1200,675,true],"really-simple-thumb":["https:\/\/i0.wp.com\/ismaelcolosi.com.br\/wp-content\/uploads\/2026\/05\/o-diabo-veste-prada-2-1-1-1200x675.jpg?resize=370%2C247&ssl=1",370,247,true]},"uagb_author_info":{"display_name":"ismaelcolosi.com.br","author_link":"https:\/\/ismaelcolosi.com.br\/index.php\/author\/vidareal-online\/"},"uagb_comment_info":0,"uagb_excerpt":"Em \u201cO Diabo Veste Prada 2\u201c, que acaba de chegar aos cinemas, o embate entre o colapso do impresso e a urg\u00eancia da era digital...","jetpack-related-posts":[{"id":85056,"url":"https:\/\/ismaelcolosi.com.br\/index.php\/2025\/05\/01\/10-filmes-e-series-para-maratonar-no-feriado\/","url_meta":{"origin":90125,"position":0},"title":"10 Filmes e S\u00e9ries para Maratonar no Feriado","author":"ismaelcolosi.com.br","date":"1 de May de 2025","format":false,"excerpt":"\r Divulga\u00e7\u00e3o\r Estrelado por Robert De Niro e Anne Hathaway, \"Um Senhor Estagi\u00e1rio\" \u00e9 uma das produ\u00e7\u00f5es que retratam, com leveza, os dilemas do mundo profissional\r Acessibilidade \r L\r L\r A-\r A+\r \r \u25d0\r \r \u00a0 Na s\u00e9rie \u201cRuptura\u201d, a produ\u00e7\u00e3o de maior sucesso do Apple TV+, funcion\u00e1rios de uma\u2026","rel":"","context":"In &quot;Carreira e Sucesso&quot;","block_context":{"text":"Carreira e Sucesso","link":"https:\/\/ismaelcolosi.com.br\/index.php\/category\/carreira-e-sucesso-dicas-para-carreira\/"},"img":{"alt_text":"","src":"https:\/\/i0.wp.com\/ismaelcolosi.com.br\/wp-content\/uploads\/2025\/05\/forbes-um-senhor-estagiario-dia-do-trabalho-filme-1200x675.jpg?fit=1200%2C675&ssl=1&resize=350%2C200","width":350,"height":200,"srcset":"https:\/\/i0.wp.com\/ismaelcolosi.com.br\/wp-content\/uploads\/2025\/05\/forbes-um-senhor-estagiario-dia-do-trabalho-filme-1200x675.jpg?fit=1200%2C675&ssl=1&resize=350%2C200 1x, https:\/\/i0.wp.com\/ismaelcolosi.com.br\/wp-content\/uploads\/2025\/05\/forbes-um-senhor-estagiario-dia-do-trabalho-filme-1200x675.jpg?fit=1200%2C675&ssl=1&resize=525%2C300 1.5x, https:\/\/i0.wp.com\/ismaelcolosi.com.br\/wp-content\/uploads\/2025\/05\/forbes-um-senhor-estagiario-dia-do-trabalho-filme-1200x675.jpg?fit=1200%2C675&ssl=1&resize=700%2C400 2x, https:\/\/i0.wp.com\/ismaelcolosi.com.br\/wp-content\/uploads\/2025\/05\/forbes-um-senhor-estagiario-dia-do-trabalho-filme-1200x675.jpg?fit=1200%2C675&ssl=1&resize=1050%2C600 3x"},"classes":[]},{"id":86591,"url":"https:\/\/ismaelcolosi.com.br\/index.php\/2025\/07\/10\/pejotizacao-do-mundo-corporativo-desafios-praticos-e-juridicos\/","url_meta":{"origin":90125,"position":1},"title":"Pejotiza\u00e7\u00e3o do Mundo Corporativo: Desafios Pr\u00e1ticos e Jur\u00eddicos","author":"ismaelcolosi.com.br","date":"10 de July de 2025","format":false,"excerpt":"\r 10'000 Hours\/Getty Images\r Nova onda de contrata\u00e7\u00f5es via PJ ganha for\u00e7a no mercado, mas exige aten\u00e7\u00e3o redobrada a riscos legais e dilemas de gest\u00e3o de pessoas\r Acessibilidade \r L\r L\r A-\r A+\r \r \u25d0\r \r Na \u00faltima semana de junho, mais de 100 profissionais de RH e de \u00e1reas\u2026","rel":"","context":"In &quot;Carreira e Sucesso&quot;","block_context":{"text":"Carreira e Sucesso","link":"https:\/\/ismaelcolosi.com.br\/index.php\/category\/carreira-e-sucesso-dicas-para-carreira\/"},"img":{"alt_text":"","src":"https:\/\/i0.wp.com\/ismaelcolosi.com.br\/wp-content\/uploads\/2025\/07\/forbes-carreira-jornada-de-trabalho-1200x675.jpg?fit=1200%2C675&ssl=1&resize=350%2C200","width":350,"height":200,"srcset":"https:\/\/i0.wp.com\/ismaelcolosi.com.br\/wp-content\/uploads\/2025\/07\/forbes-carreira-jornada-de-trabalho-1200x675.jpg?fit=1200%2C675&ssl=1&resize=350%2C200 1x, https:\/\/i0.wp.com\/ismaelcolosi.com.br\/wp-content\/uploads\/2025\/07\/forbes-carreira-jornada-de-trabalho-1200x675.jpg?fit=1200%2C675&ssl=1&resize=525%2C300 1.5x, https:\/\/i0.wp.com\/ismaelcolosi.com.br\/wp-content\/uploads\/2025\/07\/forbes-carreira-jornada-de-trabalho-1200x675.jpg?fit=1200%2C675&ssl=1&resize=700%2C400 2x, https:\/\/i0.wp.com\/ismaelcolosi.com.br\/wp-content\/uploads\/2025\/07\/forbes-carreira-jornada-de-trabalho-1200x675.jpg?fit=1200%2C675&ssl=1&resize=1050%2C600 3x"},"classes":[]},{"id":78848,"url":"https:\/\/ismaelcolosi.com.br\/index.php\/2024\/12\/10\/brain-rot-pode-virar-preocupacao-para-empresas-e-profissionais\/","url_meta":{"origin":90125,"position":2},"title":"&#8220;Brain Rot&#8221; Pode Virar Preocupa\u00e7\u00e3o para Empresas e Profissionais","author":"ismaelcolosi.com.br","date":"10 de December de 2024","format":false,"excerpt":"\r Getty Images\r A Oxford University Press anunciou \"brain rot\" como sua palavra do ano na \u00faltima semana\r \u00a0 Acessibilidade \r L\r L\r A-\r A+\r \r \u25d0\r \r \u00a0 Preciso dizer que fiquei particularmente espantada com a express\u00e3o do ano, eleita pelo Dicion\u00e1rio Oxford: \u201cBrain Rot\u201d. Significa algo como \u201cc\u00e9rebro\u2026","rel":"","context":"In &quot;Carreira e Sucesso&quot;","block_context":{"text":"Carreira e Sucesso","link":"https:\/\/ismaelcolosi.com.br\/index.php\/category\/carreira-e-sucesso-dicas-para-carreira\/"},"img":{"alt_text":"","src":"https:\/\/i0.wp.com\/ismaelcolosi.com.br\/wp-content\/uploads\/2024\/12\/brain-rot-forbes-telefone-1200x675.jpg?fit=1200%2C675&ssl=1&resize=350%2C200","width":350,"height":200,"srcset":"https:\/\/i0.wp.com\/ismaelcolosi.com.br\/wp-content\/uploads\/2024\/12\/brain-rot-forbes-telefone-1200x675.jpg?fit=1200%2C675&ssl=1&resize=350%2C200 1x, https:\/\/i0.wp.com\/ismaelcolosi.com.br\/wp-content\/uploads\/2024\/12\/brain-rot-forbes-telefone-1200x675.jpg?fit=1200%2C675&ssl=1&resize=525%2C300 1.5x, https:\/\/i0.wp.com\/ismaelcolosi.com.br\/wp-content\/uploads\/2024\/12\/brain-rot-forbes-telefone-1200x675.jpg?fit=1200%2C675&ssl=1&resize=700%2C400 2x, https:\/\/i0.wp.com\/ismaelcolosi.com.br\/wp-content\/uploads\/2024\/12\/brain-rot-forbes-telefone-1200x675.jpg?fit=1200%2C675&ssl=1&resize=1050%2C600 3x"},"classes":[]},{"id":29442,"url":"https:\/\/ismaelcolosi.com.br\/index.php\/2024\/01\/18\/como-fica-a-remuneracao-em-2024\/","url_meta":{"origin":90125,"position":3},"title":"Como fica a remunera\u00e7\u00e3o em 2024","author":"ismaelcolosi.com.br","date":"18 de January de 2024","format":false,"excerpt":"Getty ImagesProfissionais que est\u00e3o dentro de casa precisam ser valorizados, mas isso n\u00e3o diz respeito apenas \u00e0 remunera\u00e7\u00e3o 2023 foi um ano de muitas discuss\u00f5es a respeito do que as novas gera\u00e7\u00f5es esperam do mercado de trabalho e do que as empresas precisam fazer para serem suficientemente atrativas para esses\u2026","rel":"","context":"In &quot;Carreira e Sucesso&quot;","block_context":{"text":"Carreira e Sucesso","link":"https:\/\/ismaelcolosi.com.br\/index.php\/category\/carreira-e-sucesso-dicas-para-carreira\/"},"img":{"alt_text":"","src":"https:\/\/i0.wp.com\/ismaelcolosi.com.br\/wp-content\/uploads\/2024\/01\/carreira-remuneracao-salario-1024x683.jpg?fit=1024%2C683&ssl=1&resize=350%2C200","width":350,"height":200,"srcset":"https:\/\/i0.wp.com\/ismaelcolosi.com.br\/wp-content\/uploads\/2024\/01\/carreira-remuneracao-salario-1024x683.jpg?fit=1024%2C683&ssl=1&resize=350%2C200 1x, https:\/\/i0.wp.com\/ismaelcolosi.com.br\/wp-content\/uploads\/2024\/01\/carreira-remuneracao-salario-1024x683.jpg?fit=1024%2C683&ssl=1&resize=525%2C300 1.5x, https:\/\/i0.wp.com\/ismaelcolosi.com.br\/wp-content\/uploads\/2024\/01\/carreira-remuneracao-salario-1024x683.jpg?fit=1024%2C683&ssl=1&resize=700%2C400 2x"},"classes":[]},{"id":81794,"url":"https:\/\/ismaelcolosi.com.br\/index.php\/2025\/01\/17\/10-series-que-retratam-o-ambiente-de-trabalho\/","url_meta":{"origin":90125,"position":4},"title":"10 S\u00e9ries Que Retratam o Ambiente de Trabalho","author":"ismaelcolosi.com.br","date":"17 de January de 2025","format":false,"excerpt":"\r Divulga\u00e7\u00e3o\/Apple TV+\r Estrelada por Adam Scott, segunda temporada de \"Ruptura\" estreia nesta sexta-feira (17)\r \u00a0 Acessibilidade \r L\r L\r A-\r A+\r \r \u25d0\r \r \u00a0 Quase tr\u00eas anos ap\u00f3s a estreia da primeira temporada de \u201cRuptura\u201c, a produ\u00e7\u00e3o de sucesso da Apple TV+ volta ao streaming com sua segunda\u2026","rel":"","context":"In &quot;Carreira e Sucesso&quot;","block_context":{"text":"Carreira e Sucesso","link":"https:\/\/ismaelcolosi.com.br\/index.php\/category\/carreira-e-sucesso-dicas-para-carreira\/"},"img":{"alt_text":"","src":"https:\/\/i0.wp.com\/ismaelcolosi.com.br\/wp-content\/uploads\/2025\/01\/ruptura-serie-forbes-1200x675.jpg?fit=1200%2C675&ssl=1&resize=350%2C200","width":350,"height":200,"srcset":"https:\/\/i0.wp.com\/ismaelcolosi.com.br\/wp-content\/uploads\/2025\/01\/ruptura-serie-forbes-1200x675.jpg?fit=1200%2C675&ssl=1&resize=350%2C200 1x, https:\/\/i0.wp.com\/ismaelcolosi.com.br\/wp-content\/uploads\/2025\/01\/ruptura-serie-forbes-1200x675.jpg?fit=1200%2C675&ssl=1&resize=525%2C300 1.5x, https:\/\/i0.wp.com\/ismaelcolosi.com.br\/wp-content\/uploads\/2025\/01\/ruptura-serie-forbes-1200x675.jpg?fit=1200%2C675&ssl=1&resize=700%2C400 2x, https:\/\/i0.wp.com\/ismaelcolosi.com.br\/wp-content\/uploads\/2025\/01\/ruptura-serie-forbes-1200x675.jpg?fit=1200%2C675&ssl=1&resize=1050%2C600 3x"},"classes":[]},{"id":33999,"url":"https:\/\/ismaelcolosi.com.br\/index.php\/2024\/01\/31\/como-se-destacar-no-trabalho-em-2024-ferramentas-gratis-e-online\/","url_meta":{"origin":90125,"position":5},"title":"Como se destacar no trabalho em 2024: ferramentas gr\u00e1tis e online","author":"ismaelcolosi.com.br","date":"31 de January de 2024","format":false,"excerpt":"Conquistar uma promo\u00e7\u00e3o e ter reconhecimento profissional \u00e9 um dos objetivos da maioria dos trabalhadores \u2013 e apostar em como se destacar no trabalho pode fazer com que isso ocorra mais r\u00e1pido em sua carreira.\u00a0 Para auxiliar, reunimos boas pr\u00e1ticas e ferramentas gratuitas para voc\u00ea buscar qualifica\u00e7\u00e3o e o seu\u2026","rel":"","context":"In &quot;Carreira e Sucesso&quot;","block_context":{"text":"Carreira e Sucesso","link":"https:\/\/ismaelcolosi.com.br\/index.php\/category\/carreira-e-sucesso-dicas-para-carreira\/"},"img":{"alt_text":"","src":"https:\/\/i0.wp.com\/ismaelcolosi.com.br\/wp-content\/uploads\/2024\/01\/aprimorar-conhecimentos.jpg?fit=1200%2C675&ssl=1&resize=350%2C200","width":350,"height":200,"srcset":"https:\/\/i0.wp.com\/ismaelcolosi.com.br\/wp-content\/uploads\/2024\/01\/aprimorar-conhecimentos.jpg?fit=1200%2C675&ssl=1&resize=350%2C200 1x, https:\/\/i0.wp.com\/ismaelcolosi.com.br\/wp-content\/uploads\/2024\/01\/aprimorar-conhecimentos.jpg?fit=1200%2C675&ssl=1&resize=525%2C300 1.5x, https:\/\/i0.wp.com\/ismaelcolosi.com.br\/wp-content\/uploads\/2024\/01\/aprimorar-conhecimentos.jpg?fit=1200%2C675&ssl=1&resize=700%2C400 2x, https:\/\/i0.wp.com\/ismaelcolosi.com.br\/wp-content\/uploads\/2024\/01\/aprimorar-conhecimentos.jpg?fit=1200%2C675&ssl=1&resize=1050%2C600 3x"},"classes":[]}],"jetpack_sharing_enabled":true,"jetpack_shortlink":"https:\/\/wp.me\/pfMlyK-nrD","_links":{"self":[{"href":"https:\/\/ismaelcolosi.com.br\/index.php\/wp-json\/wp\/v2\/posts\/90125","targetHints":{"allow":["GET"]}}],"collection":[{"href":"https:\/\/ismaelcolosi.com.br\/index.php\/wp-json\/wp\/v2\/posts"}],"about":[{"href":"https:\/\/ismaelcolosi.com.br\/index.php\/wp-json\/wp\/v2\/types\/post"}],"author":[{"embeddable":true,"href":"https:\/\/ismaelcolosi.com.br\/index.php\/wp-json\/wp\/v2\/users\/1"}],"replies":[{"embeddable":true,"href":"https:\/\/ismaelcolosi.com.br\/index.php\/wp-json\/wp\/v2\/comments?post=90125"}],"version-history":[{"count":0,"href":"https:\/\/ismaelcolosi.com.br\/index.php\/wp-json\/wp\/v2\/posts\/90125\/revisions"}],"wp:featuredmedia":[{"embeddable":true,"href":"https:\/\/ismaelcolosi.com.br\/index.php\/wp-json\/wp\/v2\/media\/90126"}],"wp:attachment":[{"href":"https:\/\/ismaelcolosi.com.br\/index.php\/wp-json\/wp\/v2\/media?parent=90125"}],"wp:term":[{"taxonomy":"category","embeddable":true,"href":"https:\/\/ismaelcolosi.com.br\/index.php\/wp-json\/wp\/v2\/categories?post=90125"},{"taxonomy":"post_tag","embeddable":true,"href":"https:\/\/ismaelcolosi.com.br\/index.php\/wp-json\/wp\/v2\/tags?post=90125"}],"curies":[{"name":"wp","href":"https:\/\/api.w.org\/{rel}","templated":true}]}}