{"id":90111,"date":"2026-04-30T12:09:20","date_gmt":"2026-04-30T15:09:20","guid":{"rendered":"https:\/\/ismaelcolosi.com.br\/index.php\/2026\/04\/30\/braskem-elege-magda-chambriard-presidente-da-petrobras-para-liderar-conselho-de-administracao\/"},"modified":"2026-04-30T12:09:20","modified_gmt":"2026-04-30T15:09:20","slug":"braskem-elege-magda-chambriard-presidente-da-petrobras-para-liderar-conselho-de-administracao","status":"publish","type":"post","link":"https:\/\/ismaelcolosi.com.br\/index.php\/2026\/04\/30\/braskem-elege-magda-chambriard-presidente-da-petrobras-para-liderar-conselho-de-administracao\/","title":{"rendered":"Braskem Elege Magda Chambriard, Presidente da Petrobras, para Liderar Conselho de Administra\u00e7\u00e3o"},"content":{"rendered":"<p> <br \/>\n<\/p>\n<div>\n<p>Acionistas da Braskem elegeram a presidente-executiva da Petrobras, Magda Chambriard, como presidente do conselho de administra\u00e7\u00e3o da petroqu\u00edmica, segundo a ata da assembleia realizada na quarta-feira (29).<\/p>\n<p>A elei\u00e7\u00e3o ocorreu depois que a Petrobras assinou novo acordo de acionistas da Braskem na semana passada, ap\u00f3s a antiga controladora da petroqu\u00edmica Novonor acertar acordo com a IG4 Capital para transfer\u00eancia de sua participa\u00e7\u00e3o na empresa.<\/p><div class='code-block code-block-8' style='margin: 8px auto; text-align: center; display: block; clear: both;'>\n<script>\n  atOptions = {\n    'key' : '66e2e2111ca34da796271819fc334058',\n    'format' : 'iframe',\n    'height' : 250,\n    'width' : 300,\n    'params' : {}\n  };\n<\/script>\n<script src=\"https:\/\/www.highperformanceformat.com\/66e2e2111ca34da796271819fc334058\/invoke.js\"><\/script>\n<\/div>\n\n<p>Al\u00e9m de Chambriard, tamb\u00e9m foram eleitos para compor o colegiado da petroqu\u00edmica, como membros efetivos, H\u00e9ctor N\u00fa\u00f1ez, Olavo Bentes David, William Fran\u00e7a da Silva, Fernando Sabbi Melgarejo, Mauricio Dantas Bezerra, Lucas Cive Barbosa e H\u00e9lio Baptista Novaes.<\/p>\n<p>Como membros independentes, foram escolhidos Paulo Roberto Britto Guimar\u00e3es, Jos\u00e9 Mauro Mettrau Carneiro da Cunha e Gesner Jos\u00e9 de Oliveira Filho.<\/p>\n<aside class=\"content_modules\">\n<h2 class=\"block_label\">Leia Tamb\u00e9m<\/h2>\n<\/aside>\n<aside class=\"newsletter content_modules\">&#13;<br \/>\n  &#13;<br \/>\n<\/aside>\n<\/p>\n<aside class=\"web-story content_modules\">&#13;<br \/>\n  &#13;<br \/>\n<\/aside>\n<div class=\"follow-us\">Siga o canal da <a href=\"https:\/\/whatsapp.com\/channel\/0029Va9gQKwBFLgM96cJnu0u\" target=\"_blank\" rel=\"noopener noreferrer nofollow\" title=\"Grupo da Forbes no WhatsApp\">Forbes<\/a> no WhatsApp e receba as principais not\u00edcias de empreendedorismo, carreira, tecnologia, agro e lifestyle.<\/div>\n<\/p><\/div>\n<p><br \/>\n<br \/><a href=\"https:\/\/forbes.com.br\/carreira\/2026\/04\/braskem-elege-magda-chambriard-presidente-da-petrobras-para-liderar-conselho-de-administracao\/\">Source link <\/a><\/p>\n<div class='code-block code-block-4' style='margin: 8px auto 8px 0; text-align: left; display: block; clear: both;'>\n\ud83d\udce2 Aviso Legal\n\nO site ismaelcolosi.com.br atua apenas como um canal de divulga\u00e7\u00e3o de oportunidades de emprego e n\u00e3o se responsabiliza pelo processo seletivo, contrata\u00e7\u00e3o ou qualquer outra etapa relacionada \u00e0s vagas publicadas. Todas as informa\u00e7\u00f5es s\u00e3o de responsabilidade dos anunciantes.\n\n\u26a0\ufe0f Aten\u00e7\u00e3o! Nunca pague por promessas de emprego nem compre cursos que garantam contrata\u00e7\u00e3o. Desconfie de qualquer cobran\u00e7a para participar de sele\u00e7\u00f5es.\n\n\n\n<\/div>\n<!-- CONTENT END 1 -->\n","protected":false},"excerpt":{"rendered":"<p>Acionistas da Braskem elegeram a presidente-executiva da Petrobras, Magda Chambriard, como presidente do conselho de administra\u00e7\u00e3o da petroqu\u00edmica, segundo a ata da assembleia realizada na&#8230;<\/p>\n","protected":false},"author":1,"featured_media":90112,"comment_status":"","ping_status":"","sticky":false,"template":"","format":"standard","meta":{"_uag_custom_page_level_css":"","advanced_seo_description":"","jetpack_seo_html_title":"","jetpack_seo_noindex":false,"jetpack_post_was_ever_published":false,"_jetpack_newsletter_access":"","_jetpack_dont_email_post_to_subs":false,"_jetpack_newsletter_tier_id":0,"_jetpack_memberships_contains_paywalled_content":false,"_jetpack_memberships_contains_paid_content":false,"footnotes":"","jetpack_publicize_message":"","jetpack_publicize_feature_enabled":true,"jetpack_social_post_already_shared":true,"jetpack_social_options":{"image_generator_settings":{"template":"highway","default_image_id":0,"font":"","enabled":false},"version":2}},"categories":[1964],"tags":[],"class_list":["post-90111","post","type-post","status-publish","format-standard","has-post-thumbnail","hentry","category-carreira-e-sucesso-dicas-para-carreira"],"jetpack_publicize_connections":[],"jetpack_featured_media_url":"https:\/\/i0.wp.com\/ismaelcolosi.com.br\/wp-content\/uploads\/2026\/04\/Magda-Chambriard-1200x675.jpg?fit=1200%2C675&ssl=1","uagb_featured_image_src":{"full":["https:\/\/i0.wp.com\/ismaelcolosi.com.br\/wp-content\/uploads\/2026\/04\/Magda-Chambriard-1200x675.jpg?fit=1200%2C675&ssl=1",1200,675,false],"thumbnail":["https:\/\/i0.wp.com\/ismaelcolosi.com.br\/wp-content\/uploads\/2026\/04\/Magda-Chambriard-1200x675.jpg?resize=150%2C150&ssl=1",150,150,true],"medium":["https:\/\/i0.wp.com\/ismaelcolosi.com.br\/wp-content\/uploads\/2026\/04\/Magda-Chambriard-1200x675.jpg?fit=300%2C169&ssl=1",300,169,true],"medium_large":["https:\/\/i0.wp.com\/ismaelcolosi.com.br\/wp-content\/uploads\/2026\/04\/Magda-Chambriard-1200x675.jpg?fit=768%2C432&ssl=1",768,432,true],"large":["https:\/\/i0.wp.com\/ismaelcolosi.com.br\/wp-content\/uploads\/2026\/04\/Magda-Chambriard-1200x675.jpg?fit=1024%2C576&ssl=1",1024,576,true],"1536x1536":["https:\/\/i0.wp.com\/ismaelcolosi.com.br\/wp-content\/uploads\/2026\/04\/Magda-Chambriard-1200x675.jpg?fit=1200%2C675&ssl=1",1200,675,true],"2048x2048":["https:\/\/i0.wp.com\/ismaelcolosi.com.br\/wp-content\/uploads\/2026\/04\/Magda-Chambriard-1200x675.jpg?fit=1200%2C675&ssl=1",1200,675,true],"really-simple-thumb":["https:\/\/i0.wp.com\/ismaelcolosi.com.br\/wp-content\/uploads\/2026\/04\/Magda-Chambriard-1200x675.jpg?resize=370%2C247&ssl=1",370,247,true]},"uagb_author_info":{"display_name":"ismaelcolosi.com.br","author_link":"https:\/\/ismaelcolosi.com.br\/index.php\/author\/vidareal-online\/"},"uagb_comment_info":0,"uagb_excerpt":"Acionistas da Braskem elegeram a presidente-executiva da Petrobras, Magda Chambriard, como presidente do conselho de administra\u00e7\u00e3o da petroqu\u00edmica, segundo a ata da assembleia realizada na...","jetpack-related-posts":[{"id":51227,"url":"https:\/\/ismaelcolosi.com.br\/index.php\/2024\/05\/24\/conselho-da-petrobras-aprova-magda-chambriard-como-ceo\/","url_meta":{"origin":90111,"position":0},"title":"Conselho da Petrobras aprova Magda Chambriard como CEO","author":"ismaelcolosi.com.br","date":"24 de May de 2024","format":false,"excerpt":"\u00a0 Acessibilidade L L A- A+ \u25d0 A Petrobras informou que seu conselho de administra\u00e7\u00e3o aprovou nesta sexta-feira (24) Magda Chambriard como nova presidente-executiva e conselheira da companhia. Segundo fato relevante, Chambriard tomou posse em ambos os cargos nesta sexta-feira e passou a integrar o conselho imediatamente, n\u00e3o sendo necess\u00e1ria\u2026","rel":"","context":"In &quot;Carreira e Sucesso&quot;","block_context":{"text":"Carreira e Sucesso","link":"https:\/\/ismaelcolosi.com.br\/index.php\/category\/carreira-e-sucesso-dicas-para-carreira\/"},"img":{"alt_text":"","src":"https:\/\/i0.wp.com\/ismaelcolosi.com.br\/wp-content\/uploads\/2024\/05\/Money_Magda-Chambriard_AgenciaBrasil-1024x683.jpg?fit=1024%2C683&ssl=1&resize=350%2C200","width":350,"height":200,"srcset":"https:\/\/i0.wp.com\/ismaelcolosi.com.br\/wp-content\/uploads\/2024\/05\/Money_Magda-Chambriard_AgenciaBrasil-1024x683.jpg?fit=1024%2C683&ssl=1&resize=350%2C200 1x, https:\/\/i0.wp.com\/ismaelcolosi.com.br\/wp-content\/uploads\/2024\/05\/Money_Magda-Chambriard_AgenciaBrasil-1024x683.jpg?fit=1024%2C683&ssl=1&resize=525%2C300 1.5x, https:\/\/i0.wp.com\/ismaelcolosi.com.br\/wp-content\/uploads\/2024\/05\/Money_Magda-Chambriard_AgenciaBrasil-1024x683.jpg?fit=1024%2C683&ssl=1&resize=700%2C400 2x"},"classes":[]},{"id":50146,"url":"https:\/\/ismaelcolosi.com.br\/index.php\/2024\/05\/14\/petrobras-diz-que-presidente-pediu-para-deixar-empresa\/","url_meta":{"origin":90111,"position":1},"title":"Petrobras diz que presidente pediu para deixar empresa","author":"ismaelcolosi.com.br","date":"14 de May de 2024","format":false,"excerpt":"Foto: REUTERS\/Adriano MachadoJean Paul Prates deve ser substitu\u00eddo por Magda Chambriard na presid\u00eancia da Petrobras A Petrobras informou em fato relevante que recebeu nesta ter\u00e7a-feira (14) de seu presidente-executivo, Jean Paul Prates, solicita\u00e7\u00e3o para que o conselho de administra\u00e7\u00e3o da estatal se re\u00fana para apreciar o encerramento antecipado de seu\u2026","rel":"","context":"In &quot;Carreira e Sucesso&quot;","block_context":{"text":"Carreira e Sucesso","link":"https:\/\/ismaelcolosi.com.br\/index.php\/category\/carreira-e-sucesso-dicas-para-carreira\/"},"img":{"alt_text":"","src":"https:\/\/i0.wp.com\/ismaelcolosi.com.br\/wp-content\/uploads\/2024\/05\/Jean_Paul_Prates-CEO-Petrobras-1024x683.jpg?fit=1024%2C683&ssl=1&resize=350%2C200","width":350,"height":200,"srcset":"https:\/\/i0.wp.com\/ismaelcolosi.com.br\/wp-content\/uploads\/2024\/05\/Jean_Paul_Prates-CEO-Petrobras-1024x683.jpg?fit=1024%2C683&ssl=1&resize=350%2C200 1x, https:\/\/i0.wp.com\/ismaelcolosi.com.br\/wp-content\/uploads\/2024\/05\/Jean_Paul_Prates-CEO-Petrobras-1024x683.jpg?fit=1024%2C683&ssl=1&resize=525%2C300 1.5x, https:\/\/i0.wp.com\/ismaelcolosi.com.br\/wp-content\/uploads\/2024\/05\/Jean_Paul_Prates-CEO-Petrobras-1024x683.jpg?fit=1024%2C683&ssl=1&resize=700%2C400 2x"},"classes":[]},{"id":75034,"url":"https:\/\/ismaelcolosi.com.br\/index.php\/2024\/11\/04\/novonor-indica-novo-presidente-executivo-para-braskem\/","url_meta":{"origin":90111,"position":2},"title":"Novonor Indica Novo Presidente-Executivo para Braskem","author":"ismaelcolosi.com.br","date":"4 de November de 2024","format":false,"excerpt":"Reprodu\u00e7\u00e3o\/LinkedInA nomea\u00e7\u00e3o de Roberto Ramos ser\u00e1 apresentada formalmente \u00e0 aprova\u00e7\u00e3o do conselho de administra\u00e7\u00e3o da Braskem Acessibilidade \r L\r L\r A-\r A+\r \r \u25d0\r \r A Braskem anunciou nesta segunda-feira (4) que o acionista controlador do grupo, Novonor, indicou Roberto Paraiso Ramos para ocupar o lugar de Roberto Bischoff na\u2026","rel":"","context":"In &quot;Carreira e Sucesso&quot;","block_context":{"text":"Carreira e Sucesso","link":"https:\/\/ismaelcolosi.com.br\/index.php\/category\/carreira-e-sucesso-dicas-para-carreira\/"},"img":{"alt_text":"","src":"https:\/\/i0.wp.com\/ismaelcolosi.com.br\/wp-content\/uploads\/2024\/11\/carreira-Roberto-Paraiso-Ramos-braskem-1200x675.jpg?fit=1200%2C675&ssl=1&resize=350%2C200","width":350,"height":200,"srcset":"https:\/\/i0.wp.com\/ismaelcolosi.com.br\/wp-content\/uploads\/2024\/11\/carreira-Roberto-Paraiso-Ramos-braskem-1200x675.jpg?fit=1200%2C675&ssl=1&resize=350%2C200 1x, https:\/\/i0.wp.com\/ismaelcolosi.com.br\/wp-content\/uploads\/2024\/11\/carreira-Roberto-Paraiso-Ramos-braskem-1200x675.jpg?fit=1200%2C675&ssl=1&resize=525%2C300 1.5x, https:\/\/i0.wp.com\/ismaelcolosi.com.br\/wp-content\/uploads\/2024\/11\/carreira-Roberto-Paraiso-Ramos-braskem-1200x675.jpg?fit=1200%2C675&ssl=1&resize=700%2C400 2x, https:\/\/i0.wp.com\/ismaelcolosi.com.br\/wp-content\/uploads\/2024\/11\/carreira-Roberto-Paraiso-Ramos-braskem-1200x675.jpg?fit=1200%2C675&ssl=1&resize=1050%2C600 3x"},"classes":[]},{"id":86737,"url":"https:\/\/ismaelcolosi.com.br\/index.php\/2025\/07\/23\/com-a-chegada-de-nova-diretora-petrobras-tem-maioria-feminina-na-lideranca\/","url_meta":{"origin":90111,"position":3},"title":"Com a Chegada de Nova Diretora, Petrobras Tem Maioria Feminina na Lideran\u00e7a","author":"ismaelcolosi.com.br","date":"23 de July de 2025","format":false,"excerpt":"\r Eduardo Gaspar\/Ag\u00eancia Petrobras\r Clarice Coppetti, Ang\u00e9lica Laureano, Renata Baruzzi, Magda Chambriard e Sylvia Anjos\r Acessibilidade \r L\r L\r A-\r A+\r \r \u25d0\r \r Pela primeira vez na hist\u00f3ria, a alta lideran\u00e7a da Petrobras tem maioria feminina. Com o retorno de Ang\u00e9lica Laureano \u2013 executiva com 45 anos de carreira,\u2026","rel":"","context":"In &quot;Carreira e Sucesso&quot;","block_context":{"text":"Carreira e Sucesso","link":"https:\/\/ismaelcolosi.com.br\/index.php\/category\/carreira-e-sucesso-dicas-para-carreira\/"},"img":{"alt_text":"","src":"https:\/\/i0.wp.com\/ismaelcolosi.com.br\/wp-content\/uploads\/2025\/07\/mulher-diretoras-petrobras-1200x675.jpg?fit=1200%2C675&ssl=1&resize=350%2C200","width":350,"height":200,"srcset":"https:\/\/i0.wp.com\/ismaelcolosi.com.br\/wp-content\/uploads\/2025\/07\/mulher-diretoras-petrobras-1200x675.jpg?fit=1200%2C675&ssl=1&resize=350%2C200 1x, https:\/\/i0.wp.com\/ismaelcolosi.com.br\/wp-content\/uploads\/2025\/07\/mulher-diretoras-petrobras-1200x675.jpg?fit=1200%2C675&ssl=1&resize=525%2C300 1.5x, https:\/\/i0.wp.com\/ismaelcolosi.com.br\/wp-content\/uploads\/2025\/07\/mulher-diretoras-petrobras-1200x675.jpg?fit=1200%2C675&ssl=1&resize=700%2C400 2x, https:\/\/i0.wp.com\/ismaelcolosi.com.br\/wp-content\/uploads\/2025\/07\/mulher-diretoras-petrobras-1200x675.jpg?fit=1200%2C675&ssl=1&resize=1050%2C600 3x"},"classes":[]},{"id":50605,"url":"https:\/\/ismaelcolosi.com.br\/index.php\/2024\/05\/17\/petrobras-aprova-saida-de-prates-e-nomeia-clarice-coppetti-como-ceo-interina\/","url_meta":{"origin":90111,"position":4},"title":"Petrobras aprova sa\u00edda de Prates e nomeia Clarice Coppetti como CEO interina","author":"ismaelcolosi.com.br","date":"17 de May de 2024","format":false,"excerpt":"Sergio Moraes\/ReutersAs a\u00e7\u00f5es da Petrobras (PETR4) chegaram a recuar 8% na abertura dos neg\u00f3cios nesta quarta-feira (15), representando uma perda de R$ 46,7 bilh\u00f5es Acessibilidade L L A- A+ \u25d0 O conselho de administra\u00e7\u00e3o da Petrobras nomeou nesta quarta-feira (15) Clarice Coppetti como presidente interina da companhia ap\u00f3s aprovar o\u2026","rel":"","context":"In &quot;Carreira e Sucesso&quot;","block_context":{"text":"Carreira e Sucesso","link":"https:\/\/ismaelcolosi.com.br\/index.php\/category\/carreira-e-sucesso-dicas-para-carreira\/"},"img":{"alt_text":"","src":"https:\/\/i0.wp.com\/ismaelcolosi.com.br\/wp-content\/uploads\/2024\/05\/money-petrobras-08mar22-Sergio-Moraes-reuters-1024x683.jpg?fit=1024%2C683&ssl=1&resize=350%2C200","width":350,"height":200,"srcset":"https:\/\/i0.wp.com\/ismaelcolosi.com.br\/wp-content\/uploads\/2024\/05\/money-petrobras-08mar22-Sergio-Moraes-reuters-1024x683.jpg?fit=1024%2C683&ssl=1&resize=350%2C200 1x, https:\/\/i0.wp.com\/ismaelcolosi.com.br\/wp-content\/uploads\/2024\/05\/money-petrobras-08mar22-Sergio-Moraes-reuters-1024x683.jpg?fit=1024%2C683&ssl=1&resize=525%2C300 1.5x, https:\/\/i0.wp.com\/ismaelcolosi.com.br\/wp-content\/uploads\/2024\/05\/money-petrobras-08mar22-Sergio-Moraes-reuters-1024x683.jpg?fit=1024%2C683&ssl=1&resize=700%2C400 2x"},"classes":[]},{"id":50243,"url":"https:\/\/ismaelcolosi.com.br\/index.php\/2024\/05\/15\/petrobras-clarice-coppetti-e-cotada-como-ceo-interina\/","url_meta":{"origin":90111,"position":5},"title":"Petrobras: Clarice\u2009Coppetti \u00e9 cotada como CEO interina","author":"ismaelcolosi.com.br","date":"15 de May de 2024","format":false,"excerpt":"O conselho da companhia vai se reunir hoje para apreciar o encerramento antecipado do mandato de Jean Paul Prates e poder\u00e1 nomear Coppetti interinamente A diretora de Assuntos\u2009Corporativos da Petrobras, Clarice Coppetti, \u00e9 a mais cotada para assumir ainda nesta quarta-feira (15) a presid\u00eancia da Petrobras de forma interina, com\u2026","rel":"","context":"In &quot;Carreira e Sucesso&quot;","block_context":{"text":"Carreira e Sucesso","link":"https:\/\/ismaelcolosi.com.br\/index.php\/category\/carreira-e-sucesso-dicas-para-carreira\/"},"img":{"alt_text":"","src":"https:\/\/i0.wp.com\/ismaelcolosi.com.br\/wp-content\/uploads\/2024\/05\/carreira-petrobras-marca-empregadora5-1024x683.jpeg?fit=1024%2C683&ssl=1&resize=350%2C200","width":350,"height":200,"srcset":"https:\/\/i0.wp.com\/ismaelcolosi.com.br\/wp-content\/uploads\/2024\/05\/carreira-petrobras-marca-empregadora5-1024x683.jpeg?fit=1024%2C683&ssl=1&resize=350%2C200 1x, https:\/\/i0.wp.com\/ismaelcolosi.com.br\/wp-content\/uploads\/2024\/05\/carreira-petrobras-marca-empregadora5-1024x683.jpeg?fit=1024%2C683&ssl=1&resize=525%2C300 1.5x, https:\/\/i0.wp.com\/ismaelcolosi.com.br\/wp-content\/uploads\/2024\/05\/carreira-petrobras-marca-empregadora5-1024x683.jpeg?fit=1024%2C683&ssl=1&resize=700%2C400 2x"},"classes":[]}],"jetpack_sharing_enabled":true,"jetpack_shortlink":"https:\/\/wp.me\/pfMlyK-nrp","_links":{"self":[{"href":"https:\/\/ismaelcolosi.com.br\/index.php\/wp-json\/wp\/v2\/posts\/90111","targetHints":{"allow":["GET"]}}],"collection":[{"href":"https:\/\/ismaelcolosi.com.br\/index.php\/wp-json\/wp\/v2\/posts"}],"about":[{"href":"https:\/\/ismaelcolosi.com.br\/index.php\/wp-json\/wp\/v2\/types\/post"}],"author":[{"embeddable":true,"href":"https:\/\/ismaelcolosi.com.br\/index.php\/wp-json\/wp\/v2\/users\/1"}],"replies":[{"embeddable":true,"href":"https:\/\/ismaelcolosi.com.br\/index.php\/wp-json\/wp\/v2\/comments?post=90111"}],"version-history":[{"count":0,"href":"https:\/\/ismaelcolosi.com.br\/index.php\/wp-json\/wp\/v2\/posts\/90111\/revisions"}],"wp:featuredmedia":[{"embeddable":true,"href":"https:\/\/ismaelcolosi.com.br\/index.php\/wp-json\/wp\/v2\/media\/90112"}],"wp:attachment":[{"href":"https:\/\/ismaelcolosi.com.br\/index.php\/wp-json\/wp\/v2\/media?parent=90111"}],"wp:term":[{"taxonomy":"category","embeddable":true,"href":"https:\/\/ismaelcolosi.com.br\/index.php\/wp-json\/wp\/v2\/categories?post=90111"},{"taxonomy":"post_tag","embeddable":true,"href":"https:\/\/ismaelcolosi.com.br\/index.php\/wp-json\/wp\/v2\/tags?post=90111"}],"curies":[{"name":"wp","href":"https:\/\/api.w.org\/{rel}","templated":true}]}}