{"id":90100,"date":"2026-04-29T23:06:08","date_gmt":"2026-04-30T02:06:08","guid":{"rendered":"https:\/\/ismaelcolosi.com.br\/?p=90100"},"modified":"2026-04-29T23:19:06","modified_gmt":"2026-04-30T02:19:06","slug":"vaga-de-auxiliar-administrativo-home-office-trabalhe-de-casa-so-exige-ensino-medio","status":"publish","type":"post","link":"https:\/\/ismaelcolosi.com.br\/index.php\/2026\/04\/29\/vaga-de-auxiliar-administrativo-home-office-trabalhe-de-casa-so-exige-ensino-medio\/","title":{"rendered":"Vaga de Auxiliar Administrativo Home Office &#8211; Trabalhe de casa &#8211; S\u00d3 EXIGE ENSINO M\u00c9DIO"},"content":{"rendered":"\n<h1 class=\"wp-block-heading\">Vaga de Auxiliar Administrativo (Comiss\u00e3o) | CORPORATIVO (TEMPOR\u00c1RIO)<\/h1>\n\n\n\n<p><strong>Publicada em:<\/strong> 08 de abril de 2026<br><strong>Inscri\u00e7\u00f5es abertas at\u00e9:<\/strong> 06 de junho de 2026<br><strong>Tipo de vaga:<\/strong> Tempor\u00e1rio<br><strong>Modelo de trabalho:<\/strong> Remoto<br><strong>Vaga tamb\u00e9m para PcD<\/strong><\/p>\n\n\n\n<hr class=\"wp-block-separator has-alpha-channel-opacity\"\/>\n\n\n\n<h2 class=\"wp-block-heading\">Sobre N\u00f3s<\/h2>\n\n\n\n<p>Somos uma plataforma provedora de servi\u00e7os e solu\u00e7\u00f5es de hospitalidade para mais de 170 empreendimentos no Brasil. Nosso compromisso \u00e9 oferecer experi\u00eancias \u00fanicas e respons\u00e1veis com o meio ambiente, nossa equipe e a comunidade.<\/p>\n\n\n\n<p>Junte-se a um time plural e diverso, onde todos se sintam acolhidos e \u00e0 vontade para ser quem realmente s\u00e3o. Queremos ser a melhor operadora de hospitalidade do Brasil, com quem h\u00f3spedes, investidores, parceiros e talentos desejam estar.<\/p>\n\n\n\n<h2 class=\"wp-block-heading\">Descri\u00e7\u00e3o da Vaga<\/h2>\n\n\n\n<p>Estamos em busca de um <strong>Auxiliar Administrativo<\/strong> para atuar no departamento de comiss\u00e3o do nosso CSC Financeiro. Se voc\u00ea \u00e9 proativo, deseja aprender e crescer na carreira, essa \u00e9 a oportunidade perfeita!<\/p>\n\n\n\n<h2 class=\"wp-block-heading\">Responsabilidades e Atribui\u00e7\u00f5es<\/h2>\n\n\n\n<ul class=\"wp-block-list\">\n<li>Atendimento de chamados via sistema.<\/li>\n\n\n\n<li>Valida\u00e7\u00e3o e confer\u00eancia de comiss\u00f5es.<\/li>\n\n\n\n<li>Lan\u00e7amento em sistema para pagamento.<\/li>\n\n\n\n<li>Disponibiliza\u00e7\u00e3o do processo para a equipe de contas a pagar.<\/li>\n<\/ul>\n\n\n\n<h2 class=\"wp-block-heading\">Requisitos e Qualifica\u00e7\u00f5es<\/h2>\n\n\n\n<ul class=\"wp-block-list\">\n<li>Ensino m\u00e9dio completo ou superior cursando (preferencialmente em ci\u00eancias cont\u00e1beis, gest\u00e3o financeira ou administra\u00e7\u00e3o).<\/li>\n\n\n\n<li>Conhecimento em Excel.<\/li>\n\n\n\n<li>Familiaridade com rotinas de cobran\u00e7as.<\/li>\n\n\n\n<li>Vontade de aprender e crescer na carreira.<\/li>\n\n\n\n<li>Perfil proativo e din\u00e2mico.<\/li>\n<\/ul>\n\n\n\n<h2 class=\"wp-block-heading\">Informa\u00e7\u00f5es Adicionais<\/h2>\n\n\n\n<ul class=\"wp-block-list\">\n<li><strong>Modelo de Trabalho:<\/strong>&nbsp;Home Office<\/li>\n\n\n\n<li><strong>Benef\u00edcios:<\/strong>\n<ul class=\"wp-block-list\">\n<li>Conv\u00eanio M\u00e9dico<\/li>\n\n\n\n<li>Conv\u00eanio Odontol\u00f3gico<\/li>\n\n\n\n<li>Seguro de Vida<\/li>\n\n\n\n<li>Vale Alimenta\u00e7\u00e3o ou Vale Refei\u00e7\u00e3o<\/li>\n\n\n\n<li>Gympass<\/li>\n\n\n\n<li>Day Off de Anivers\u00e1rio<\/li>\n<\/ul>\n<\/li>\n<\/ul>\n\n\n\n<h2 class=\"wp-block-heading\">Etapas do Processo Seletivo<\/h2>\n\n\n\n<ol class=\"wp-block-list\">\n<li><strong>Cadastro<\/strong><\/li>\n\n\n\n<li><strong>Entrevista com RH<\/strong><\/li>\n\n\n\n<li><strong>Teste Comportamental<\/strong><\/li>\n\n\n\n<li><strong>Teste Fit Cultural<\/strong><\/li>\n\n\n\n<li><strong>Entrevista com o Gestor<\/strong><\/li>\n\n\n\n<li><strong>Contrata\u00e7\u00e3o<\/strong><\/li>\n<\/ol>\n\n\n\n<p><\/p>\n\n\n\n<h2 class=\"wp-block-heading\">Como candidatar-se:<\/h2>\n\n\n\n<p><font style=\"vertical-align: inherit;\"><font style=\"vertical-align: inherit;\">Fa\u00e7a sua inscri\u00e7\u00e3o para concorrer para esta vaga clicando <a href=\"https:\/\/vagasahi.gupy.io\/job\/eyJqb2JJZCI6MTExMDE0NzcsInNvdXJjZSI6Imd1cHlfcG9ydGFsIn0=?jobBoardSource=gupy_portal\" target=\"_blank\" rel=\"noreferrer noopener\">aqui<\/a>.<\/font><\/font><\/p>\n\n\n\n<p><strong>Importante:<\/strong> Nossos processos seletivos s\u00e3o totalmente gratuitos e realizados apenas pelo site oficial. N\u00e3o solicitamos pagamento de taxas ou inscri\u00e7\u00e3o em cursos.<\/p>\n\n\n\n<p><\/p>\n<div class='code-block code-block-4' style='margin: 8px auto 8px 0; text-align: left; display: block; clear: both;'>\n\ud83d\udce2 Aviso Legal\n\nO site ismaelcolosi.com.br atua apenas como um canal de divulga\u00e7\u00e3o de oportunidades de emprego e n\u00e3o se responsabiliza pelo processo seletivo, contrata\u00e7\u00e3o ou qualquer outra etapa relacionada \u00e0s vagas publicadas. Todas as informa\u00e7\u00f5es s\u00e3o de responsabilidade dos anunciantes.\n\n\u26a0\ufe0f Aten\u00e7\u00e3o! Nunca pague por promessas de emprego nem compre cursos que garantam contrata\u00e7\u00e3o. Desconfie de qualquer cobran\u00e7a para participar de sele\u00e7\u00f5es.\n\n\n\n<\/div>\n<!-- CONTENT END 1 -->\n","protected":false},"excerpt":{"rendered":"<p>Vaga de Auxiliar Administrativo (Comiss\u00e3o) | CORPORATIVO (TEMPOR\u00c1RIO) Publicada em: 08 de abril de 2026Inscri\u00e7\u00f5es abertas at\u00e9: 06 de junho de 2026Tipo de vaga: Tempor\u00e1rioModelo&#8230;<\/p>\n","protected":false},"author":1,"featured_media":86234,"comment_status":"closed","ping_status":"closed","sticky":false,"template":"","format":"standard","meta":{"_uag_custom_page_level_css":"","advanced_seo_description":"","jetpack_seo_html_title":"","jetpack_seo_noindex":false,"jetpack_post_was_ever_published":false,"_jetpack_newsletter_access":"","_jetpack_dont_email_post_to_subs":false,"_jetpack_newsletter_tier_id":0,"_jetpack_memberships_contains_paywalled_content":false,"_jetpack_memberships_contains_paid_content":false,"footnotes":"","jetpack_publicize_message":"","jetpack_publicize_feature_enabled":true,"jetpack_social_post_already_shared":true,"jetpack_social_options":{"image_generator_settings":{"template":"highway","default_image_id":0,"font":"","enabled":false},"version":2}},"categories":[16],"tags":[],"class_list":["post-90100","post","type-post","status-publish","format-standard","has-post-thumbnail","hentry","category-vagas-de-emprego-para-trabalhar-de-casa-home-office-remoto"],"jetpack_publicize_connections":[],"jetpack_featured_media_url":"https:\/\/i0.wp.com\/ismaelcolosi.com.br\/wp-content\/uploads\/2025\/06\/vagas-home-office-nivel-brasil-quero-home-ribeirao-preto-ismael-colosi-mutirao.webp?fit=860%2C484&ssl=1","uagb_featured_image_src":{"full":["https:\/\/i0.wp.com\/ismaelcolosi.com.br\/wp-content\/uploads\/2025\/06\/vagas-home-office-nivel-brasil-quero-home-ribeirao-preto-ismael-colosi-mutirao.webp?fit=860%2C484&ssl=1",860,484,false],"thumbnail":["https:\/\/i0.wp.com\/ismaelcolosi.com.br\/wp-content\/uploads\/2025\/06\/vagas-home-office-nivel-brasil-quero-home-ribeirao-preto-ismael-colosi-mutirao.webp?resize=150%2C150&ssl=1",150,150,true],"medium":["https:\/\/i0.wp.com\/ismaelcolosi.com.br\/wp-content\/uploads\/2025\/06\/vagas-home-office-nivel-brasil-quero-home-ribeirao-preto-ismael-colosi-mutirao.webp?fit=300%2C169&ssl=1",300,169,true],"medium_large":["https:\/\/i0.wp.com\/ismaelcolosi.com.br\/wp-content\/uploads\/2025\/06\/vagas-home-office-nivel-brasil-quero-home-ribeirao-preto-ismael-colosi-mutirao.webp?fit=768%2C432&ssl=1",768,432,true],"large":["https:\/\/i0.wp.com\/ismaelcolosi.com.br\/wp-content\/uploads\/2025\/06\/vagas-home-office-nivel-brasil-quero-home-ribeirao-preto-ismael-colosi-mutirao.webp?fit=860%2C484&ssl=1",860,484,true],"1536x1536":["https:\/\/i0.wp.com\/ismaelcolosi.com.br\/wp-content\/uploads\/2025\/06\/vagas-home-office-nivel-brasil-quero-home-ribeirao-preto-ismael-colosi-mutirao.webp?fit=860%2C484&ssl=1",860,484,true],"2048x2048":["https:\/\/i0.wp.com\/ismaelcolosi.com.br\/wp-content\/uploads\/2025\/06\/vagas-home-office-nivel-brasil-quero-home-ribeirao-preto-ismael-colosi-mutirao.webp?fit=860%2C484&ssl=1",860,484,true],"really-simple-thumb":["https:\/\/i0.wp.com\/ismaelcolosi.com.br\/wp-content\/uploads\/2025\/06\/vagas-home-office-nivel-brasil-quero-home-ribeirao-preto-ismael-colosi-mutirao.webp?resize=370%2C247&ssl=1",370,247,true]},"uagb_author_info":{"display_name":"ismaelcolosi.com.br","author_link":"https:\/\/ismaelcolosi.com.br\/index.php\/author\/vidareal-online\/"},"uagb_comment_info":0,"uagb_excerpt":"Vaga de Auxiliar Administrativo (Comiss\u00e3o) | CORPORATIVO (TEMPOR\u00c1RIO) Publicada em: 08 de abril de 2026Inscri\u00e7\u00f5es abertas at\u00e9: 06 de junho de 2026Tipo de vaga: Tempor\u00e1rioModelo...","jetpack-related-posts":[{"id":32637,"url":"https:\/\/ismaelcolosi.com.br\/index.php\/2024\/01\/25\/vaga-para-auxiliar-administrativo-em-ribeirao-preto-sp\/","url_meta":{"origin":90100,"position":0},"title":"Vaga para Auxiliar Administrativo em Ribeir\u00e3o Preto &#8211; SP","author":"ismaelcolosi.com.br","date":"25 de January de 2024","format":false,"excerpt":"Vaga para Auxiliar Administrativo em Ribeir\u00e3o Preto - SP Vaga para Analista Tribut\u00e1rio em Ribeir\u00e3o Preto Vaga para Auxiliar de Controlador de Pragas em Ribeir\u00e3o Preto - SP Vaga para Vendedora Online em Ribeir\u00e3o Preto Vaga para Auxiliar de Produ\u00e7\u00e3o em Ribeir\u00e3o Preto - SP Vaga para Estagi\u00e1rio em Eletroeletr\u00f4nica\u2026","rel":"","context":"In &quot;Vagas de Emprego em Ribeir\u00e3o Preto-SP&quot;","block_context":{"text":"Vagas de Emprego em Ribeir\u00e3o Preto-SP","link":"https:\/\/ismaelcolosi.com.br\/index.php\/category\/empregos-classificados-vagas-trabalho\/vagas-de-empregos-em-ribeirao-preto-regiao-brasil\/"},"img":{"alt_text":"","src":"https:\/\/i0.wp.com\/ismaelcolosi.com.br\/wp-content\/uploads\/2024\/01\/1706226939_8228989.jpg?fit=1200%2C675&ssl=1&resize=350%2C200","width":350,"height":200,"srcset":"https:\/\/i0.wp.com\/ismaelcolosi.com.br\/wp-content\/uploads\/2024\/01\/1706226939_8228989.jpg?fit=1200%2C675&ssl=1&resize=350%2C200 1x, https:\/\/i0.wp.com\/ismaelcolosi.com.br\/wp-content\/uploads\/2024\/01\/1706226939_8228989.jpg?fit=1200%2C675&ssl=1&resize=525%2C300 1.5x, https:\/\/i0.wp.com\/ismaelcolosi.com.br\/wp-content\/uploads\/2024\/01\/1706226939_8228989.jpg?fit=1200%2C675&ssl=1&resize=700%2C400 2x, https:\/\/i0.wp.com\/ismaelcolosi.com.br\/wp-content\/uploads\/2024\/01\/1706226939_8228989.jpg?fit=1200%2C675&ssl=1&resize=1050%2C600 3x"},"classes":[]},{"id":62714,"url":"https:\/\/ismaelcolosi.com.br\/index.php\/2024\/08\/28\/encontre-aqui-a-sua-oportunidade-de-emprego-21\/","url_meta":{"origin":90100,"position":1},"title":"Encontre aqui a sua oportunidade de emprego","author":"ismaelcolosi.com.br","date":"28 de August de 2024","format":false,"excerpt":"Confira mais de 409 vagas dispon\u00edveis.Vagas por cidadeTodas(336)Campo Largo(127)Irati(100)Ribeir\u00e3o Preto(47)Monte Alto(27)Nova Lima(8)Jaboticabal(5)Vagas por \u00e1reaTodas(410)Transporte Terrestre(148)Industrial(101)Finan\u00e7as(53)Produ\u00e7\u00e3o\/Fabrica\u00e7\u00e3o(37)Industrial,Produ\u00e7\u00e3o...(10)Recursos Humanos,...(9)Vagas por cargoTodas(410)Operador de Produ\u00e7\u00e3o(100)Ajudante Geral(93)Operador de Arrecada\u00e7\u00e3o(52)Motorista L\u00edder de...(25)Inspetor de Tr\u00e2nsito(20)Auxiliar de Produ\u00e7\u00e3o(13) Vagas recentes1 vaga para Vendedor em Ribeir\u00e3o Preto - SPh\u00e1 1 diaVaga para Auxiliar de Produ\u00e7\u00e3o (tempor\u00e1rio) em Ribeir\u00e3o Preto -\u2026","rel":"","context":"In &quot;Vagas de Emprego em Ribeir\u00e3o Preto-SP&quot;","block_context":{"text":"Vagas de Emprego em Ribeir\u00e3o Preto-SP","link":"https:\/\/ismaelcolosi.com.br\/index.php\/category\/empregos-classificados-vagas-trabalho\/vagas-de-empregos-em-ribeirao-preto-regiao-brasil\/"},"img":{"alt_text":"","src":"https:\/\/i0.wp.com\/ismaelcolosi.com.br\/wp-content\/uploads\/2024\/08\/1724889022_maxresdefault.jpg?fit=1200%2C675&ssl=1&resize=350%2C200","width":350,"height":200,"srcset":"https:\/\/i0.wp.com\/ismaelcolosi.com.br\/wp-content\/uploads\/2024\/08\/1724889022_maxresdefault.jpg?fit=1200%2C675&ssl=1&resize=350%2C200 1x, https:\/\/i0.wp.com\/ismaelcolosi.com.br\/wp-content\/uploads\/2024\/08\/1724889022_maxresdefault.jpg?fit=1200%2C675&ssl=1&resize=525%2C300 1.5x, https:\/\/i0.wp.com\/ismaelcolosi.com.br\/wp-content\/uploads\/2024\/08\/1724889022_maxresdefault.jpg?fit=1200%2C675&ssl=1&resize=700%2C400 2x, https:\/\/i0.wp.com\/ismaelcolosi.com.br\/wp-content\/uploads\/2024\/08\/1724889022_maxresdefault.jpg?fit=1200%2C675&ssl=1&resize=1050%2C600 3x"},"classes":[]},{"id":15933,"url":"https:\/\/ismaelcolosi.com.br\/index.php\/2023\/12\/14\/vaga-para-auxiliar-administrativo-de-logistica-em-ribeirao-pretoha-2-dias\/","url_meta":{"origin":90100,"position":2},"title":"Vaga para Auxiliar Administrativo de Log\u00edstica em Ribeir\u00e3o Pretoh\u00e1 2 dias","author":"ismaelcolosi.com.br","date":"14 de December de 2023","format":false,"excerpt":"Vaga para Auxiliar de Expedi\u00e7\u00e3o em Ribeir\u00e3o Preto 1 vaga para Pintor de Ve\u00edculos em Ribeir\u00e3o Preto - SPh\u00e1 1 dia Vaga para Auxiliar Administrativo de Log\u00edstica em Ribeir\u00e3o Pretoh\u00e1 2 dias Vaga para Analista de Garantia da Qualidade Jr. em Ribeir\u00e3o Preto - SP Vaga para T\u00e9cnico em Equipamento\u2026","rel":"","context":"In &quot;Vagas de Emprego em Ribeir\u00e3o Preto-SP&quot;","block_context":{"text":"Vagas de Emprego em Ribeir\u00e3o Preto-SP","link":"https:\/\/ismaelcolosi.com.br\/index.php\/category\/empregos-classificados-vagas-trabalho\/vagas-de-empregos-em-ribeirao-preto-regiao-brasil\/"},"img":{"alt_text":"","src":"","width":0,"height":0},"classes":[]},{"id":17149,"url":"https:\/\/ismaelcolosi.com.br\/index.php\/2023\/12\/17\/vaga-para-auxiliar-administrativo-de-logistica-em-ribeirao-pretoha-5-dias\/","url_meta":{"origin":90100,"position":3},"title":"Vaga para Auxiliar Administrativo de Log\u00edstica em Ribeir\u00e3o Pretoh\u00e1 5 dias","author":"ismaelcolosi.com.br","date":"17 de December de 2023","format":false,"excerpt":"Vaga para Auxiliar de Expedi\u00e7\u00e3o em Ribeir\u00e3o Preto 1 vaga para Pintor de Ve\u00edculos em Ribeir\u00e3o Preto - SPh\u00e1 4 dias Vaga para Auxiliar Administrativo de Log\u00edstica em Ribeir\u00e3o Pretoh\u00e1 5 dias Vaga para Analista de Garantia da Qualidade Jr. em Ribeir\u00e3o Preto - SP Vaga para T\u00e9cnico em Equipamento\u2026","rel":"","context":"In &quot;Vagas de Emprego em Ribeir\u00e3o Preto-SP&quot;","block_context":{"text":"Vagas de Emprego em Ribeir\u00e3o Preto-SP","link":"https:\/\/ismaelcolosi.com.br\/index.php\/category\/empregos-classificados-vagas-trabalho\/vagas-de-empregos-em-ribeirao-preto-regiao-brasil\/"},"img":{"alt_text":"","src":"","width":0,"height":0},"classes":[]},{"id":14850,"url":"https:\/\/ismaelcolosi.com.br\/index.php\/2023\/12\/12\/vaga-para-auxiliar-administrativo-de-logistica-em-ribeirao-pretoha-22-minutos\/","url_meta":{"origin":90100,"position":4},"title":"Vaga para Auxiliar Administrativo de Log\u00edstica em Ribeir\u00e3o Pretoh\u00e1 22 minutos","author":"ismaelcolosi.com.br","date":"12 de December de 2023","format":false,"excerpt":"Vaga para Auxiliar Administrativo de Log\u00edstica em Ribeir\u00e3o Pretoh\u00e1 22 minutos Vaga para Analista de Garantia da Qualidade Jr. em Ribeir\u00e3o Preto - SP Vaga para T\u00e9cnico em Equipamento Eletr\u00f4nico em Ribeir\u00e3o Preto 1 vaga para Auxiliar de Refrigera\u00e7\u00e3o em Andradina - SPh\u00e1 5 dias 1 vaga para T\u00e9cnico de\u2026","rel":"","context":"In &quot;Vagas de Emprego em Ribeir\u00e3o Preto-SP&quot;","block_context":{"text":"Vagas de Emprego em Ribeir\u00e3o Preto-SP","link":"https:\/\/ismaelcolosi.com.br\/index.php\/category\/empregos-classificados-vagas-trabalho\/vagas-de-empregos-em-ribeirao-preto-regiao-brasil\/"},"img":{"alt_text":"","src":"https:\/\/i0.wp.com\/ismaelcolosi.com.br\/wp-content\/uploads\/2023\/12\/1702407928_8228989.jpg?fit=1200%2C675&ssl=1&resize=350%2C200","width":350,"height":200,"srcset":"https:\/\/i0.wp.com\/ismaelcolosi.com.br\/wp-content\/uploads\/2023\/12\/1702407928_8228989.jpg?fit=1200%2C675&ssl=1&resize=350%2C200 1x, https:\/\/i0.wp.com\/ismaelcolosi.com.br\/wp-content\/uploads\/2023\/12\/1702407928_8228989.jpg?fit=1200%2C675&ssl=1&resize=525%2C300 1.5x, https:\/\/i0.wp.com\/ismaelcolosi.com.br\/wp-content\/uploads\/2023\/12\/1702407928_8228989.jpg?fit=1200%2C675&ssl=1&resize=700%2C400 2x, https:\/\/i0.wp.com\/ismaelcolosi.com.br\/wp-content\/uploads\/2023\/12\/1702407928_8228989.jpg?fit=1200%2C675&ssl=1&resize=1050%2C600 3x"},"classes":[]},{"id":47121,"url":"https:\/\/ismaelcolosi.com.br\/index.php\/2024\/04\/22\/ibee-divulga-433-vagas-de-emprego-em-ribeirao-preto\/","url_meta":{"origin":90100,"position":5},"title":"iBEE divulga 433 vagas de emprego em Ribeir\u00e3o Preto","author":"ismaelcolosi.com.br","date":"22 de April de 2024","format":false,"excerpt":"iBEE divulga 433 vagas de emprego em Ribeir\u00e3o Preto O iBEE \u2013 Instituto Brasileiro do Emprego e do Empreendedorismo, sediado em Ribeir\u00e3o Preto, est\u00e1 divulgando um total de 433 oportunidades de emprego, est\u00e1gio e programa de jovem aprendiz para a cidade . Essas vagas representam uma excelente oportunidade para os\u2026","rel":"","context":"In &quot;Blog&quot;","block_context":{"text":"Blog","link":"https:\/\/ismaelcolosi.com.br\/index.php\/category\/blog\/"},"img":{"alt_text":"","src":"","width":0,"height":0},"classes":[]}],"jetpack_sharing_enabled":true,"jetpack_shortlink":"https:\/\/wp.me\/pfMlyK-nre","_links":{"self":[{"href":"https:\/\/ismaelcolosi.com.br\/index.php\/wp-json\/wp\/v2\/posts\/90100","targetHints":{"allow":["GET"]}}],"collection":[{"href":"https:\/\/ismaelcolosi.com.br\/index.php\/wp-json\/wp\/v2\/posts"}],"about":[{"href":"https:\/\/ismaelcolosi.com.br\/index.php\/wp-json\/wp\/v2\/types\/post"}],"author":[{"embeddable":true,"href":"https:\/\/ismaelcolosi.com.br\/index.php\/wp-json\/wp\/v2\/users\/1"}],"replies":[{"embeddable":true,"href":"https:\/\/ismaelcolosi.com.br\/index.php\/wp-json\/wp\/v2\/comments?post=90100"}],"version-history":[{"count":4,"href":"https:\/\/ismaelcolosi.com.br\/index.php\/wp-json\/wp\/v2\/posts\/90100\/revisions"}],"predecessor-version":[{"id":90105,"href":"https:\/\/ismaelcolosi.com.br\/index.php\/wp-json\/wp\/v2\/posts\/90100\/revisions\/90105"}],"wp:featuredmedia":[{"embeddable":true,"href":"https:\/\/ismaelcolosi.com.br\/index.php\/wp-json\/wp\/v2\/media\/86234"}],"wp:attachment":[{"href":"https:\/\/ismaelcolosi.com.br\/index.php\/wp-json\/wp\/v2\/media?parent=90100"}],"wp:term":[{"taxonomy":"category","embeddable":true,"href":"https:\/\/ismaelcolosi.com.br\/index.php\/wp-json\/wp\/v2\/categories?post=90100"},{"taxonomy":"post_tag","embeddable":true,"href":"https:\/\/ismaelcolosi.com.br\/index.php\/wp-json\/wp\/v2\/tags?post=90100"}],"curies":[{"name":"wp","href":"https:\/\/api.w.org\/{rel}","templated":true}]}}