{"id":9010,"date":"2023-12-01T11:20:24","date_gmt":"2023-12-01T14:20:24","guid":{"rendered":"https:\/\/ismaelcolosi.com.br\/index.php\/2023\/12\/01\/equipe-de-preta-gil-se-pronuncia-apos-cantora-ir-parar-na-uti-e-realizar-cirurgia-delicada\/"},"modified":"2023-12-01T11:20:24","modified_gmt":"2023-12-01T14:20:24","slug":"equipe-de-preta-gil-se-pronuncia-apos-cantora-ir-parar-na-uti-e-realizar-cirurgia-delicada","status":"publish","type":"post","link":"https:\/\/ismaelcolosi.com.br\/index.php\/2023\/12\/01\/equipe-de-preta-gil-se-pronuncia-apos-cantora-ir-parar-na-uti-e-realizar-cirurgia-delicada\/","title":{"rendered":"Equipe de Preta Gil se pronuncia ap\u00f3s cantora ir parar na UTI e realizar cirurgia delicada"},"content":{"rendered":"<p> [ad_1]<br \/>\n<\/p>\n<div itemprop=\"text\">\n<p>Recentemente, chegou a ser anunciado atrav\u00e9s de diversos canais de comunica\u00e7\u00e3o que a cantora Preta Gil est\u00e1 se recuperando ap\u00f3s ter enfrentado uma cirurgia delicada. Neste momento, ela se encontra na UTI (Unidade de Tratamento Intensivo) do Hospital S\u00edrio Liban\u00eas, em S\u00e3o Paulo.<\/p>\n<p>E na madrugada desta sexta-feira, dia 1 de dezembro, a equipe da famosa buscou se pronunciar sobre o assunto, com o objetivo de tranquilizar os seus f\u00e3s. Mais detalhes foram expostos no comunicado oficial.<\/p>\n<p>\u201cA todos que amam a Preta, a cirurgia de reconstru\u00e7\u00e3o do trato intestinal e revers\u00e3o da ileostomia ocorreu com grande \u00eaxito\u201d, avisaram. \u201cPreta est\u00e1 bem e se recuperando na unidade de tratamento intensivo. Em breve j\u00e1 deve ir para a semi-intensiva\u201d, declararam, ao abordar a situa\u00e7\u00e3o que a famosa se encontra.<\/p>\n<p>Sua equipe tamb\u00e9m anunciou que em breve a pr\u00f3pria cantora iria aparecer para falar com os seus seguidores e f\u00e3s. Preta Gil est\u00e1 enfrentando um c\u00e2ncer na regi\u00e3o de seu est\u00f4mago, e desde ent\u00e3o, tem buscado dar mais detalhes sobre o quadro que est\u00e1 enfrentando.<\/p>\n<p>A artista precisou ficar com uma bolsa de ileostomia durante o per\u00edodo de tr\u00eas meses ap\u00f3s passar pela cirurgia da retirada do tumor que acometeu o seu intestino. E nesta \u00faltima quinta-feira, ela chegou a publicar sua \u00faltima foto com o acess\u00f3rio, momentos antes do procedimento delicado.<\/p>\n<p>Diante da not\u00edcia, muitos f\u00e3s se encontram em ora\u00e7\u00e3o e est\u00e3o mandando mensagens que contam com o m\u00e1ximo de apoio poss\u00edvel para a famosa cantora que conquistou o Brasil com suas m\u00fasicas.<\/p>\n<\/div>\n<p>[ad_2]<br \/>\n<br \/><a href=\"https:\/\/fnmais.com\/equipe-preta-gil-se-pronuncia-apos-cantora-ir-parar-na-uti-realizar-cirurgia-delicada\/\" target=\"_blank\" rel=\"noopener\">Source link <\/a><\/p>\n<div class='code-block code-block-4' style='margin: 8px auto 8px 0; text-align: left; display: block; clear: both;'>\n\ud83d\udce2 Aviso Legal\n\nO site ismaelcolosi.com.br atua apenas como um canal de divulga\u00e7\u00e3o de oportunidades de emprego e n\u00e3o se responsabiliza pelo processo seletivo, contrata\u00e7\u00e3o ou qualquer outra etapa relacionada \u00e0s vagas publicadas. Todas as informa\u00e7\u00f5es s\u00e3o de responsabilidade dos anunciantes.\n\n\u26a0\ufe0f Aten\u00e7\u00e3o! Nunca pague por promessas de emprego nem compre cursos que garantam contrata\u00e7\u00e3o. Desconfie de qualquer cobran\u00e7a para participar de sele\u00e7\u00f5es.\n\n\n\n<\/div>\n<!-- CONTENT END 1 -->\n","protected":false},"excerpt":{"rendered":"<p>[ad_1] Recentemente, chegou a ser anunciado atrav\u00e9s de diversos canais de comunica\u00e7\u00e3o que a cantora Preta Gil est\u00e1 se recuperando ap\u00f3s ter enfrentado uma cirurgia delicada. Neste momento, ela se encontra na UTI (Unidade de Tratamento Intensivo) do Hospital S\u00edrio Liban\u00eas, em S\u00e3o Paulo. E na madrugada desta sexta-feira, dia 1 de dezembro, a equipe&hellip;&nbsp;<\/p>\n","protected":false},"author":1,"featured_media":9011,"comment_status":"open","ping_status":"open","sticky":false,"template":"","format":"standard","meta":{"_uag_custom_page_level_css":"","neve_meta_sidebar":"","neve_meta_container":"","neve_meta_enable_content_width":"","neve_meta_content_width":0,"neve_meta_title_alignment":"","neve_meta_author_avatar":"","neve_post_elements_order":"","neve_meta_disable_header":"","neve_meta_disable_footer":"","neve_meta_disable_title":"","_jetpack_newsletter_access":"","_jetpack_dont_email_post_to_subs":false,"_jetpack_newsletter_tier_id":0,"_jetpack_memberships_contains_paywalled_content":false,"_jetpack_memberships_contains_paid_content":false,"footnotes":""},"categories":[1],"tags":[],"class_list":["post-9010","post","type-post","status-publish","format-standard","has-post-thumbnail","hentry","category-blog"],"uagb_featured_image_src":{"full":["https:\/\/i0.wp.com\/ismaelcolosi.com.br\/wp-content\/uploads\/2023\/12\/postimg-6569dbd8405815601.jpg?fit=1200%2C628&ssl=1",1200,628,false],"thumbnail":["https:\/\/i0.wp.com\/ismaelcolosi.com.br\/wp-content\/uploads\/2023\/12\/postimg-6569dbd8405815601.jpg?resize=150%2C150&ssl=1",150,150,true],"medium":["https:\/\/i0.wp.com\/ismaelcolosi.com.br\/wp-content\/uploads\/2023\/12\/postimg-6569dbd8405815601.jpg?fit=300%2C157&ssl=1",300,157,true],"medium_large":["https:\/\/i0.wp.com\/ismaelcolosi.com.br\/wp-content\/uploads\/2023\/12\/postimg-6569dbd8405815601.jpg?fit=768%2C402&ssl=1",768,402,true],"large":["https:\/\/i0.wp.com\/ismaelcolosi.com.br\/wp-content\/uploads\/2023\/12\/postimg-6569dbd8405815601.jpg?fit=1024%2C536&ssl=1",1024,536,true],"1536x1536":["https:\/\/i0.wp.com\/ismaelcolosi.com.br\/wp-content\/uploads\/2023\/12\/postimg-6569dbd8405815601.jpg?fit=1200%2C628&ssl=1",1200,628,true],"2048x2048":["https:\/\/i0.wp.com\/ismaelcolosi.com.br\/wp-content\/uploads\/2023\/12\/postimg-6569dbd8405815601.jpg?fit=1200%2C628&ssl=1",1200,628,true],"neve-blog":["https:\/\/i0.wp.com\/ismaelcolosi.com.br\/wp-content\/uploads\/2023\/12\/postimg-6569dbd8405815601.jpg?resize=930%2C620&ssl=1",930,620,true]},"uagb_author_info":{"display_name":"ismaelcolosi.com.br","author_link":"https:\/\/ismaelcolosi.com.br\/author\/vidareal-online\/"},"uagb_comment_info":0,"uagb_excerpt":"[ad_1] Recentemente, chegou a ser anunciado atrav\u00e9s de diversos canais de comunica\u00e7\u00e3o que a cantora Preta Gil est\u00e1 se recuperando ap\u00f3s ter enfrentado uma cirurgia delicada. Neste momento, ela se encontra na UTI (Unidade de Tratamento Intensivo) do Hospital S\u00edrio Liban\u00eas, em S\u00e3o Paulo. E na madrugada desta sexta-feira, dia 1 de dezembro, a equipe&hellip;&nbsp;","jetpack-related-posts":[{"id":29110,"url":"https:\/\/ismaelcolosi.com.br\/index.php\/2024\/01\/17\/chega-ao-fim-a-luta-de-evaristo-costa-internado-na-uti-ele-venceu\/","url_meta":{"origin":9010,"position":0},"title":"Chega ao fim a luta de Evaristo Costa internado na UTI; ele venceu","author":"ismaelcolosi.com.br","date":"17 de Janeiro de 2024","format":false,"excerpt":"[ad_1] O famoso jornalista Evaristo Costa, de 47 anos de idade, venceu sua luta no hospital e recebeu alta ap\u00f3s ter sido internado na UTI (Unidade de Tratamento Intensivo). Ele estava internado em uma unidade de sa\u00fade do Reino Unido, local em que mora, para tratar a Doen\u00e7a de Crohn.\u201cChegou\u2026","rel":"","context":"In &quot;Blog&quot;","block_context":{"text":"Blog","link":"https:\/\/ismaelcolosi.com.br\/index.php\/category\/blog\/"},"img":{"alt_text":"","src":"https:\/\/i0.wp.com\/ismaelcolosi.com.br\/wp-content\/uploads\/2024\/01\/postimg-65a7f68f8ccfd2788.jpg?fit=1200%2C628&ssl=1&resize=350%2C200","width":350,"height":200,"srcset":"https:\/\/i0.wp.com\/ismaelcolosi.com.br\/wp-content\/uploads\/2024\/01\/postimg-65a7f68f8ccfd2788.jpg?fit=1200%2C628&ssl=1&resize=350%2C200 1x, https:\/\/i0.wp.com\/ismaelcolosi.com.br\/wp-content\/uploads\/2024\/01\/postimg-65a7f68f8ccfd2788.jpg?fit=1200%2C628&ssl=1&resize=525%2C300 1.5x, https:\/\/i0.wp.com\/ismaelcolosi.com.br\/wp-content\/uploads\/2024\/01\/postimg-65a7f68f8ccfd2788.jpg?fit=1200%2C628&ssl=1&resize=700%2C400 2x, https:\/\/i0.wp.com\/ismaelcolosi.com.br\/wp-content\/uploads\/2024\/01\/postimg-65a7f68f8ccfd2788.jpg?fit=1200%2C628&ssl=1&resize=1050%2C600 3x"},"classes":[]},{"id":34687,"url":"https:\/\/ismaelcolosi.com.br\/index.php\/2024\/02\/02\/ame-inicia-cirurgias-neste-trimestre\/","url_meta":{"origin":9010,"position":1},"title":"AME inicia cirurgias\u00a0neste trimestre \u00a0","author":"ismaelcolosi.com.br","date":"2 de Fevereiro de 2024","format":false,"excerpt":"[ad_1] O Ambulat\u00f3rio M\u00e9dico de Especialidades (AME) Professor Doutor Gutemberg de Melo Rocha, na Vila Virg\u00ednia, Zona Oeste de Ribeir\u00e3o Preto, est\u00e1 instalando os equipamentos, contratando e preparando os profissionais para iniciar as cirurgias ainda no primeiro trimestre deste ano. \u00a0\u00a0O complexo hospitalar possui quatro centros cir\u00fargicos que atender\u00e3o as\u2026","rel":"","context":"In &quot;Not\u00edcias de Ribeir\u00e3o Preto-SP e Regi\u00e3o&quot;","block_context":{"text":"Not\u00edcias de Ribeir\u00e3o Preto-SP e Regi\u00e3o","link":"https:\/\/ismaelcolosi.com.br\/index.php\/category\/noticias-de-ribeirao-preto-sp-e-regiao-ismael-colosi\/"},"img":{"alt_text":"","src":"https:\/\/i0.wp.com\/ismaelcolosi.com.br\/wp-content\/uploads\/2024\/02\/SaudeAME-Guilherme-Sircili-301-scaled.jpg?fit=967%2C645&ssl=1&resize=350%2C200","width":350,"height":200,"srcset":"https:\/\/i0.wp.com\/ismaelcolosi.com.br\/wp-content\/uploads\/2024\/02\/SaudeAME-Guilherme-Sircili-301-scaled.jpg?fit=967%2C645&ssl=1&resize=350%2C200 1x, https:\/\/i0.wp.com\/ismaelcolosi.com.br\/wp-content\/uploads\/2024\/02\/SaudeAME-Guilherme-Sircili-301-scaled.jpg?fit=967%2C645&ssl=1&resize=525%2C300 1.5x, https:\/\/i0.wp.com\/ismaelcolosi.com.br\/wp-content\/uploads\/2024\/02\/SaudeAME-Guilherme-Sircili-301-scaled.jpg?fit=967%2C645&ssl=1&resize=700%2C400 2x"},"classes":[]},{"id":46005,"url":"https:\/\/ismaelcolosi.com.br\/index.php\/2024\/04\/09\/anderson-do-molejo-e-internado-na-uti-apos-quadro-de-insuficiencia-renal\/","url_meta":{"origin":9010,"position":2},"title":"Anderson do Molejo \u00e9 internado na UTI ap\u00f3s quadro de insufici\u00eancia renal","author":"ismaelcolosi.com.br","date":"9 de Abril de 2024","format":false,"excerpt":"[ad_1] O cantor Anderson Leonardo, do grupo Molejo, foi internado na UTI (Unidade de Terapia Intensiva) do Hospital Unimed do Rio de Janeiro, na \u00faltima segunda-feira (8). Segundo um boletim m\u00e9dico assinado pelo diretor do hospital, o vocalista est\u00e1 com um quadro de insufici\u00eancia renal. A nota ressalta, por\u00e9m, que\u2026","rel":"","context":"In &quot;Not\u00edcias de Ribeir\u00e3o Preto-SP e Regi\u00e3o&quot;","block_context":{"text":"Not\u00edcias de Ribeir\u00e3o Preto-SP e Regi\u00e3o","link":"https:\/\/ismaelcolosi.com.br\/index.php\/category\/noticias-de-ribeirao-preto-sp-e-regiao-ismael-colosi\/"},"img":{"alt_text":"","src":"https:\/\/i0.wp.com\/ismaelcolosi.com.br\/wp-content\/uploads\/2024\/04\/AnyConv.com__anderson-do-molejo.webp.webp?fit=1200%2C656&ssl=1&resize=350%2C200","width":350,"height":200,"srcset":"https:\/\/i0.wp.com\/ismaelcolosi.com.br\/wp-content\/uploads\/2024\/04\/AnyConv.com__anderson-do-molejo.webp.webp?fit=1200%2C656&ssl=1&resize=350%2C200 1x, https:\/\/i0.wp.com\/ismaelcolosi.com.br\/wp-content\/uploads\/2024\/04\/AnyConv.com__anderson-do-molejo.webp.webp?fit=1200%2C656&ssl=1&resize=525%2C300 1.5x, https:\/\/i0.wp.com\/ismaelcolosi.com.br\/wp-content\/uploads\/2024\/04\/AnyConv.com__anderson-do-molejo.webp.webp?fit=1200%2C656&ssl=1&resize=700%2C400 2x, https:\/\/i0.wp.com\/ismaelcolosi.com.br\/wp-content\/uploads\/2024\/04\/AnyConv.com__anderson-do-molejo.webp.webp?fit=1200%2C656&ssl=1&resize=1050%2C600 3x"},"classes":[]},{"id":29072,"url":"https:\/\/ismaelcolosi.com.br\/index.php\/2024\/01\/17\/preta-gil-tem-volta-a-musica-marcada-por-novo-trabalho-esperei-muito-por-isso\/","url_meta":{"origin":9010,"position":3},"title":"Preta Gil tem volta \u00e0 m\u00fasica marcada por novo trabalho: &#8216;Esperei muito por isso&#8217;","author":"ismaelcolosi.com.br","date":"17 de Janeiro de 2024","format":false,"excerpt":"[ad_1] Ap\u00f3s passar por per\u00edodo dif\u00edcil na luta contra um c\u00e2ncer, a cantora Preta Gil j\u00e1 anunciou o fim do tratamento e retorno aos palcos. Radiante, ela usou suas redes sociais para falar sobre o fim do tratamento em dezembro de 2023.Agora, j\u00e1 em 2024, a cantora segue cheia de\u2026","rel":"","context":"In &quot;Blog&quot;","block_context":{"text":"Blog","link":"https:\/\/ismaelcolosi.com.br\/index.php\/category\/blog\/"},"img":{"alt_text":"","src":"https:\/\/i0.wp.com\/ismaelcolosi.com.br\/wp-content\/uploads\/2024\/01\/postimg-65a7e764b82a16486.jpg?fit=1200%2C628&ssl=1&resize=350%2C200","width":350,"height":200,"srcset":"https:\/\/i0.wp.com\/ismaelcolosi.com.br\/wp-content\/uploads\/2024\/01\/postimg-65a7e764b82a16486.jpg?fit=1200%2C628&ssl=1&resize=350%2C200 1x, https:\/\/i0.wp.com\/ismaelcolosi.com.br\/wp-content\/uploads\/2024\/01\/postimg-65a7e764b82a16486.jpg?fit=1200%2C628&ssl=1&resize=525%2C300 1.5x, https:\/\/i0.wp.com\/ismaelcolosi.com.br\/wp-content\/uploads\/2024\/01\/postimg-65a7e764b82a16486.jpg?fit=1200%2C628&ssl=1&resize=700%2C400 2x, https:\/\/i0.wp.com\/ismaelcolosi.com.br\/wp-content\/uploads\/2024\/01\/postimg-65a7e764b82a16486.jpg?fit=1200%2C628&ssl=1&resize=1050%2C600 3x"},"classes":[]},{"id":12397,"url":"https:\/\/ismaelcolosi.com.br\/index.php\/2023\/12\/07\/mulher-do-cantor-ze-neto-diz-algo-que-poucos-esperavam-envolvendo-grave-acidente-de-carro-do-sertanejo-eu\/","url_meta":{"origin":9010,"position":4},"title":"Mulher do cantor Z\u00e9 Neto diz algo que poucos esperavam envolvendo grave acidente de carro do sertanejo: &#8216;Eu&#8230;&#8217;","author":"ismaelcolosi.com.br","date":"7 de Dezembro de 2023","format":false,"excerpt":"[ad_1] De forma recente, a mulher do cantor Z\u00e9 Neto, Nat\u00e1lia Toscano, acabou fazendo uma revela\u00e7\u00e3o sobre o acidente que seu marido sofreu, contando que auxiliou nos primeiros socorros.Z\u00e9 Neto sofreu um grave acidente de carro nesta \u00faltima ter\u00e7a-feira, dia 5 de dezembro, na BR-153, em Fronteira, Minas Gerais. O\u2026","rel":"","context":"In &quot;Blog&quot;","block_context":{"text":"Blog","link":"https:\/\/ismaelcolosi.com.br\/index.php\/category\/blog\/"},"img":{"alt_text":"","src":"https:\/\/i0.wp.com\/ismaelcolosi.com.br\/wp-content\/uploads\/2023\/12\/postimg-657271b09ff498492.jpg?fit=1200%2C628&ssl=1&resize=350%2C200","width":350,"height":200,"srcset":"https:\/\/i0.wp.com\/ismaelcolosi.com.br\/wp-content\/uploads\/2023\/12\/postimg-657271b09ff498492.jpg?fit=1200%2C628&ssl=1&resize=350%2C200 1x, https:\/\/i0.wp.com\/ismaelcolosi.com.br\/wp-content\/uploads\/2023\/12\/postimg-657271b09ff498492.jpg?fit=1200%2C628&ssl=1&resize=525%2C300 1.5x, https:\/\/i0.wp.com\/ismaelcolosi.com.br\/wp-content\/uploads\/2023\/12\/postimg-657271b09ff498492.jpg?fit=1200%2C628&ssl=1&resize=700%2C400 2x, https:\/\/i0.wp.com\/ismaelcolosi.com.br\/wp-content\/uploads\/2023\/12\/postimg-657271b09ff498492.jpg?fit=1200%2C628&ssl=1&resize=1050%2C600 3x"},"classes":[]},{"id":5814,"url":"https:\/\/ismaelcolosi.com.br\/index.php\/2023\/11\/24\/estado-de-saude-do-filho-do-sertanejo-cristiano-e-atualizado-apos-cirurgia-delicada\/","url_meta":{"origin":9010,"position":5},"title":"Estado de sa\u00fade do filho do sertanejo Cristiano \u00e9 atualizado ap\u00f3s cirurgia delicada","author":"ismaelcolosi.com.br","date":"24 de Novembro de 2023","format":false,"excerpt":"[ad_1] A vida dos filhos dos famosos se torna uma parte mais acessada para quem acompanha diariamente a rotina dos artistas. O p\u00fablico cria uma rela\u00e7\u00e3o de interesse por tudo que os pequenos vivem.Quem tem sido muito falado no momento \u00e9 o filho do cantor Cristiano, dupla de Z\u00e9 Neto.\u2026","rel":"","context":"In &quot;Blog&quot;","block_context":{"text":"Blog","link":"https:\/\/ismaelcolosi.com.br\/index.php\/category\/blog\/"},"img":{"alt_text":"","src":"https:\/\/i0.wp.com\/ismaelcolosi.com.br\/wp-content\/uploads\/2023\/11\/postimg-6560ba6de3fc67496.jpg?fit=1200%2C628&ssl=1&resize=350%2C200","width":350,"height":200,"srcset":"https:\/\/i0.wp.com\/ismaelcolosi.com.br\/wp-content\/uploads\/2023\/11\/postimg-6560ba6de3fc67496.jpg?fit=1200%2C628&ssl=1&resize=350%2C200 1x, https:\/\/i0.wp.com\/ismaelcolosi.com.br\/wp-content\/uploads\/2023\/11\/postimg-6560ba6de3fc67496.jpg?fit=1200%2C628&ssl=1&resize=525%2C300 1.5x, https:\/\/i0.wp.com\/ismaelcolosi.com.br\/wp-content\/uploads\/2023\/11\/postimg-6560ba6de3fc67496.jpg?fit=1200%2C628&ssl=1&resize=700%2C400 2x, https:\/\/i0.wp.com\/ismaelcolosi.com.br\/wp-content\/uploads\/2023\/11\/postimg-6560ba6de3fc67496.jpg?fit=1200%2C628&ssl=1&resize=1050%2C600 3x"},"classes":[]}],"jetpack_sharing_enabled":true,"jetpack_shortlink":"https:\/\/wp.me\/pfMlyK-2lk","jetpack_featured_media_url":"https:\/\/i0.wp.com\/ismaelcolosi.com.br\/wp-content\/uploads\/2023\/12\/postimg-6569dbd8405815601.jpg?fit=1200%2C628&ssl=1","_links":{"self":[{"href":"https:\/\/ismaelcolosi.com.br\/index.php\/wp-json\/wp\/v2\/posts\/9010","targetHints":{"allow":["GET"]}}],"collection":[{"href":"https:\/\/ismaelcolosi.com.br\/index.php\/wp-json\/wp\/v2\/posts"}],"about":[{"href":"https:\/\/ismaelcolosi.com.br\/index.php\/wp-json\/wp\/v2\/types\/post"}],"author":[{"embeddable":true,"href":"https:\/\/ismaelcolosi.com.br\/index.php\/wp-json\/wp\/v2\/users\/1"}],"replies":[{"embeddable":true,"href":"https:\/\/ismaelcolosi.com.br\/index.php\/wp-json\/wp\/v2\/comments?post=9010"}],"version-history":[{"count":0,"href":"https:\/\/ismaelcolosi.com.br\/index.php\/wp-json\/wp\/v2\/posts\/9010\/revisions"}],"wp:featuredmedia":[{"embeddable":true,"href":"https:\/\/ismaelcolosi.com.br\/index.php\/wp-json\/wp\/v2\/media\/9011"}],"wp:attachment":[{"href":"https:\/\/ismaelcolosi.com.br\/index.php\/wp-json\/wp\/v2\/media?parent=9010"}],"wp:term":[{"taxonomy":"category","embeddable":true,"href":"https:\/\/ismaelcolosi.com.br\/index.php\/wp-json\/wp\/v2\/categories?post=9010"},{"taxonomy":"post_tag","embeddable":true,"href":"https:\/\/ismaelcolosi.com.br\/index.php\/wp-json\/wp\/v2\/tags?post=9010"}],"curies":[{"name":"wp","href":"https:\/\/api.w.org\/{rel}","templated":true}]}}