{"id":90092,"date":"2026-04-29T13:10:24","date_gmt":"2026-04-29T16:10:24","guid":{"rendered":"https:\/\/ismaelcolosi.com.br\/index.php\/2026\/04\/29\/empresas-em-portugal-implementam-semana-de-quatro-dias-de-trabalho\/"},"modified":"2026-04-29T13:10:24","modified_gmt":"2026-04-29T16:10:24","slug":"empresas-em-portugal-implementam-semana-de-quatro-dias-de-trabalho","status":"publish","type":"post","link":"https:\/\/ismaelcolosi.com.br\/index.php\/2026\/04\/29\/empresas-em-portugal-implementam-semana-de-quatro-dias-de-trabalho\/","title":{"rendered":"Empresas em Portugal Implementam Semana de Quatro Dias de Trabalho"},"content":{"rendered":"<p> <br \/>\n<\/p>\n<div>\n<p>Com o livro \u201c<strong>Sexta-Feira \u00e9 o Novo S\u00e1bado<\/strong>\u201c, o professor de economia da Universidade de Londres, o portugu\u00eas Pedro Gomes, tem divulgado os casos de 41 empresas em Portugal que decidiram, por conta pr\u00f3pria, reduzir a <strong>escala para quatro dias de trabalho<\/strong> por tr\u00eas de descanso (4\u00d73).<\/p>\n<p>O especialista da Escola de Neg\u00f3cios da universidade londrina sustenta que a redu\u00e7\u00e3o da jornada n\u00e3o s\u00f3 \u00e9 vi\u00e1vel, como pode \u201csalvar a economia\u201d, sendo ben\u00e9fica para o conjunto da economia e da sociedade.<\/p>\n<p>Em rela\u00e7\u00e3o ao Brasil, o especialista avalia que o pa\u00eds tem condi\u00e7\u00f5es de reduzir a jornada para 40 horas semanais e acabar com a escala 6\u00d71. A pesquisa de Gomes aponta que a mudan\u00e7a reduz as faltas ao trabalho, diminui a rotatividade nos empregos e incentiva a ind\u00fastria do lazer e do entretenimento.<\/p>\n<p>\u201cH\u00e1 muito alarmismo econ\u00f4mico contra a redu\u00e7\u00e3o da jornada de trabalho. Qualquer redu\u00e7\u00e3o, em qualquer pa\u00eds que eu vou, dizem exatamente o mesmo: que \u00e9 imposs\u00edvel reduzir, que vai aumentar os custos para a empresa\u201d, comentou.<\/p>\n<aside class=\"content_modules\">\n<h2 class=\"block_label\">Leia Tamb\u00e9m<\/h2>\n<\/aside>\n<p>\u00c0 Ag\u00eancia Brasil, o economista portugu\u00eas disse que o aumento da <strong>produtividade <\/strong>\u2013 quando a empresa consegue produzir mais com menos tempo de trabalho \u2013, pode compensar os custos da redu\u00e7\u00e3o da jornada.<\/p>\n<aside class=\"newsletter content_modules\">&#13;<br \/>\n  &#13;<br \/>\n<\/aside>\n<\/p>\n<p>\u201cO que, historicamente acontece, em todas as redu\u00e7\u00f5es do tempo de trabalho, \u00e9 que h\u00e1 um aumento da produtividade por hora. Existem melhoras, na forma como estamos a produzir, que compensam em grande medida, do ponto de vista das empresas, essa redu\u00e7\u00e3o do tempo de trabalho\u201d, explicou.<\/p>\n<aside class=\"web-story content_modules\">&#13;<br \/>\n  &#13;<br \/>\n<\/aside>\n<p>&#13;\n<\/p>\n<h2 class=\"wp-block-heading\" id=\"h-sexta-e-o-novo-sabado\">Sexta \u00e9 o novo s\u00e1bado<\/h2>\n<p>O autor analisou a redu\u00e7\u00e3o da jornada volunt\u00e1ria para 4\u00d73 em 41 empresas portuguesas que somam mais de mil empregados, de diferentes setores e tamanhos.<\/p>\n<p>Dessas companhias, 52% afirmam que v\u00e3o manter a jornada reduzida para quatro dias de trabalho; 23% dizem que v\u00e3o manter a jornada reduzida, mas em uma escala menor; e apenas 19% disseram que v\u00e3o retomar a jornada de 5\u00d72.<\/p>\n<p>Para mais de 90% das empresas, a mudan\u00e7a n\u00e3o teve custos financeiros, com 86% informando que aumentaram as receitas em rela\u00e7\u00e3o ao ano anterior, sendo que 14% tiveram receitas menores. Cerca de 70% delas ainda concordam que melhoraram os processos da companhia ap\u00f3s a mudan\u00e7a.<\/p>\n<p>\u201cA semana de trabalho de quatro dias \u00e9 uma pr\u00e1tica de gest\u00e3o leg\u00edtima e vi\u00e1vel, que proporciona benef\u00edcios operacionais \u00e0s empresas, como melhor ambiente de trabalho, redu\u00e7\u00e3o do absentismo [faltas] e aumento da atratividade no mercado de trabalho. No entanto, para ser bem-sucedida, a sua implementa\u00e7\u00e3o requer uma reorganiza\u00e7\u00e3o profunda\u201d, escreveu Gomes.<\/p>\n<p>Entre as mudan\u00e7as organizacionais realizadas pelas empresas portuguesas, a mais frequente foi a diminui\u00e7\u00e3o da dura\u00e7\u00e3o das reuni\u00f5es.<\/p>\n<h2 class=\"wp-block-heading\" id=\"h-industria-do-lazer\">Ind\u00fastria do lazer<\/h2>\n<p>O tempo que o empregado ganha com a redu\u00e7\u00e3o da jornada tem tamb\u00e9m um valor econ\u00f4mico que incentiva as ind\u00fastrias do lazer, do entretenimento, e que tem um efeito positivo para o conjunto da economia.<\/p>\n<p>\u201cOs trabalhadores tamb\u00e9m s\u00e3o consumidores. Eles tamb\u00e9m s\u00e3o inovadores, tamb\u00e9m s\u00e3o cidad\u00e3os, t\u00eam estudantes e, portanto, o que eles fazem no tempo livre tem um impacto econ\u00f4mico\u201d, explicou.<\/p>\n<p>Pedro Gomes cita o exemplo do industrial Henry Ford, dono da montadora Ford, nos Estados Unidos, que reduziu, em 1926, h\u00e1 100 anos, a jornada de trabalho na sua empresa para 40 horas semanais, consolidando o final de semana de dois dias.<\/p>\n<p>\u201cQuando os EUA reduziram para 40 horas, 70% das pessoas passaram a ir ao cinema. Isso fez consolidar Hollywood como uma das principais ind\u00fastrias americanas. Foi muito positivo para empresas ligadas aos esportes, \u00e0 m\u00fasica, aos livros, \u00e0 cultura, aos hot\u00e9is\u201d, disse Pedro.<\/p>\n<p>Ainda segundo o economista, \u201c\u00e9 um passo que j\u00e1 foi feito h\u00e1 100 anos nos EUA e, portanto, est\u00e1 mais do que na hora do Brasil, e os outros pa\u00edses da Am\u00e9rica Latina, fa\u00e7am essa passagem para as 40 horas\u201d.<\/p>\n<p>O economista cita ainda o caso da China, que, em 1995, adotou o final de semana de dois dias para parte dos trabalhadores do pa\u00eds.<\/p>\n<p>\u201cN\u00e3o foi para toda a gente, foi mais para uma classe m\u00e9dia. Mas pouco depois, o mercado de turismo interno da China se tornou o maior do mundo porque eles tiveram tempo para viajar. E o Brasil tem um potencial enorme de turismo\u201d, completou.<\/p>\n<p>Em Portugal, a jornada de trabalho foi reduzida de 44 horas para 40 horas em 1996.<\/p>\n<h2 class=\"wp-block-heading\" id=\"h-faltas-e-rotatividade\">Faltas e rotatividade<\/h2>\n<p>Outro efeito positivo da jornada menor \u00e9 a redu\u00e7\u00e3o das faltas ao servi\u00e7o e a menor rotatividade no emprego, o que aumenta a capacidade de conciliar trabalho com fam\u00edlia, sendo especialmente ben\u00e9fico para as mulheres.<\/p>\n<p>\u201cA rotatividade de trabalhadores e altos n\u00edveis de absentismo (faltas) tem um custo enorme para as empresas. Com menos horas trabalhadas, eles v\u00e3o faltar menos e v\u00e3o querer sair menos do trabalho, reduzindo a rotatividade\u201d, disse.<\/p>\n<h2 class=\"wp-block-heading\" id=\"h-comercio-aos-sabados\">Com\u00e9rcio aos s\u00e1bados<\/h2>\n<p>O pesquisador Pedro Gomes acrescentou que algumas das empresas que ele pesquisou n\u00e3o precisaram fechar o com\u00e9rcio no s\u00e1bado, ou em outro dia, por causa da redu\u00e7\u00e3o da jornada. Muitas companhias passaram a adotar escalas com menos trabalhadores nos dias de fluxo mais baixo.<\/p>\n<p>\u201cSe v\u00ea que tem menos fluxo de clientes nas ter\u00e7as e quartas, ent\u00e3o d\u00e1 mais dias livres aos trabalhadores naqueles dias de menor movimento. Ficam menos trabalhadores na loja, mas a loja fica aberta.\u201d<\/p>\n<p>Para Gomes, as empresas t\u00eam a tend\u00eancia de rejeitar mudan\u00e7as na extens\u00e3o da jornada de trabalho, ainda que ela traga benef\u00edcios. \u201cH\u00e1 muitas escolhas do lado das empresas, s\u00f3 que, muitas vezes, elas n\u00e3o querem pensar nisto. V\u00e3o pensar depois da legisla\u00e7\u00e3o. N\u00e3o conseguem perceber antes os benef\u00edcios que v\u00e3o ter.\u201d<\/p>\n<h2 class=\"wp-block-heading\" id=\"h-pib\">PIB<\/h2>\n<p>O economista rejeita a previs\u00e3o de estudos que apontam para uma poss\u00edvel queda no PIB (Produto Interno Bruto) caso a redu\u00e7\u00e3o da jornada e o fim da escala 6\u00d71 seja aprovada no Brasil.<\/p>\n<p>O autor Pedro Gomes verificou 250 casos de redu\u00e7\u00e3o de jornada pela via legislativa que ocorreram no mundo a partir de 1910. Nos cinco anos antes da reforma, a m\u00e9dia de crescimento do PIB foi de 3,2%, subindo para 3,9%, em m\u00e9dia, ap\u00f3s a redu\u00e7\u00e3o da jornada de trabalho.<\/p>\n<p>\u201cEsses efeitos sobre a produtividade por hora foram muito significativos e compensaram amplamente a redu\u00e7\u00e3o da jornada de trabalho. Al\u00e9m disso, todos esses outros efeitos macroecon\u00f4micos tamb\u00e9m tiveram impacto [no PIB]\u201d, explicou.<\/p>\n<p>Para o professor de economia, a grande quantidade de horas que o trabalhador brasileiro passa no deslocamento para o servi\u00e7o tamb\u00e9m justifica a redu\u00e7\u00e3o da jornada de trabalho no Brasil. \u201c\u00c9 uma raz\u00e3o adicional. Os trabalhadores v\u00e3o melhorar muito a qualidade de vida, v\u00e3o valorizar muito, e os custos para as empresas s\u00e3o muito mais baixos do que eles costumam argumentar.\u201d<\/p>\n<div class=\"follow-us\">Siga o canal da <a href=\"https:\/\/whatsapp.com\/channel\/0029Va9gQKwBFLgM96cJnu0u\" target=\"_blank\" rel=\"noopener noreferrer nofollow\" title=\"Grupo da Forbes no WhatsApp\">Forbes<\/a> no WhatsApp e receba as principais not\u00edcias de empreendedorismo, carreira, tecnologia, agro e lifestyle.<\/div>\n<\/p><\/div>\n<p><br \/>\n<br \/><a href=\"https:\/\/forbes.com.br\/carreira\/2026\/04\/empresas-em-portugal-implementam-semana-de-quatro-dias-de-trabalho\/\">Source link <\/a><\/p>\n<div class='code-block code-block-4' style='margin: 8px auto 8px 0; text-align: left; display: block; clear: both;'>\n\ud83d\udce2 Aviso Legal\n\nO site ismaelcolosi.com.br atua apenas como um canal de divulga\u00e7\u00e3o de oportunidades de emprego e n\u00e3o se responsabiliza pelo processo seletivo, contrata\u00e7\u00e3o ou qualquer outra etapa relacionada \u00e0s vagas publicadas. Todas as informa\u00e7\u00f5es s\u00e3o de responsabilidade dos anunciantes.\n\n\u26a0\ufe0f Aten\u00e7\u00e3o! Nunca pague por promessas de emprego nem compre cursos que garantam contrata\u00e7\u00e3o. Desconfie de qualquer cobran\u00e7a para participar de sele\u00e7\u00f5es.\n\n\n\n<\/div>\n<!-- CONTENT END 1 -->\n","protected":false},"excerpt":{"rendered":"<p>Com o livro \u201cSexta-Feira \u00e9 o Novo S\u00e1bado\u201c, o professor de economia da Universidade de Londres, o portugu\u00eas Pedro Gomes, tem divulgado os casos de&#8230;<\/p>\n","protected":false},"author":1,"featured_media":90093,"comment_status":"","ping_status":"","sticky":false,"template":"","format":"standard","meta":{"_uag_custom_page_level_css":"","advanced_seo_description":"","jetpack_seo_html_title":"","jetpack_seo_noindex":false,"jetpack_post_was_ever_published":false,"_jetpack_newsletter_access":"","_jetpack_dont_email_post_to_subs":false,"_jetpack_newsletter_tier_id":0,"_jetpack_memberships_contains_paywalled_content":false,"_jetpack_memberships_contains_paid_content":false,"footnotes":"","jetpack_publicize_message":"","jetpack_publicize_feature_enabled":true,"jetpack_social_post_already_shared":true,"jetpack_social_options":{"image_generator_settings":{"template":"highway","default_image_id":0,"font":"","enabled":false},"version":2}},"categories":[1964],"tags":[],"class_list":["post-90092","post","type-post","status-publish","format-standard","has-post-thumbnail","hentry","category-carreira-e-sucesso-dicas-para-carreira"],"jetpack_publicize_connections":[],"jetpack_featured_media_url":"https:\/\/i0.wp.com\/ismaelcolosi.com.br\/wp-content\/uploads\/2026\/04\/portugal-semana-de-trabalho-1200x675.jpg?fit=1200%2C675&ssl=1","uagb_featured_image_src":{"full":["https:\/\/i0.wp.com\/ismaelcolosi.com.br\/wp-content\/uploads\/2026\/04\/portugal-semana-de-trabalho-1200x675.jpg?fit=1200%2C675&ssl=1",1200,675,false],"thumbnail":["https:\/\/i0.wp.com\/ismaelcolosi.com.br\/wp-content\/uploads\/2026\/04\/portugal-semana-de-trabalho-1200x675.jpg?resize=150%2C150&ssl=1",150,150,true],"medium":["https:\/\/i0.wp.com\/ismaelcolosi.com.br\/wp-content\/uploads\/2026\/04\/portugal-semana-de-trabalho-1200x675.jpg?fit=300%2C169&ssl=1",300,169,true],"medium_large":["https:\/\/i0.wp.com\/ismaelcolosi.com.br\/wp-content\/uploads\/2026\/04\/portugal-semana-de-trabalho-1200x675.jpg?fit=768%2C432&ssl=1",768,432,true],"large":["https:\/\/i0.wp.com\/ismaelcolosi.com.br\/wp-content\/uploads\/2026\/04\/portugal-semana-de-trabalho-1200x675.jpg?fit=1024%2C576&ssl=1",1024,576,true],"1536x1536":["https:\/\/i0.wp.com\/ismaelcolosi.com.br\/wp-content\/uploads\/2026\/04\/portugal-semana-de-trabalho-1200x675.jpg?fit=1200%2C675&ssl=1",1200,675,true],"2048x2048":["https:\/\/i0.wp.com\/ismaelcolosi.com.br\/wp-content\/uploads\/2026\/04\/portugal-semana-de-trabalho-1200x675.jpg?fit=1200%2C675&ssl=1",1200,675,true],"really-simple-thumb":["https:\/\/i0.wp.com\/ismaelcolosi.com.br\/wp-content\/uploads\/2026\/04\/portugal-semana-de-trabalho-1200x675.jpg?resize=370%2C247&ssl=1",370,247,true]},"uagb_author_info":{"display_name":"ismaelcolosi.com.br","author_link":"https:\/\/ismaelcolosi.com.br\/index.php\/author\/vidareal-online\/"},"uagb_comment_info":0,"uagb_excerpt":"Com o livro \u201cSexta-Feira \u00e9 o Novo S\u00e1bado\u201c, o professor de economia da Universidade de Londres, o portugu\u00eas Pedro Gomes, tem divulgado os casos de...","jetpack-related-posts":[{"id":76534,"url":"https:\/\/ismaelcolosi.com.br\/index.php\/2024\/11\/14\/semana-de-quatro-dias-so-com-negociacao-diz-professor-da-usp\/","url_meta":{"origin":90092,"position":0},"title":"Semana de quatro dias s\u00f3 com negocia\u00e7\u00e3o, diz professor da USP","author":"ismaelcolosi.com.br","date":"14 de November de 2024","format":false,"excerpt":"\u00a0 Acessibilidade \r L\r L\r A-\r A+\r \r \u25d0\r \r \u00a0 Para al\u00e9m dos canais e moinhos de vento, uma caracter\u00edstica da paisagem holandesa \u00e9 a produtividade elevada do trabalho, apesar de as jornadas de trabalho de menos de 32 horas semanais estarem entre as mais curtas do mundo. Segundo\u2026","rel":"","context":"In &quot;Carreira e Sucesso&quot;","block_context":{"text":"Carreira e Sucesso","link":"https:\/\/ismaelcolosi.com.br\/index.php\/category\/carreira-e-sucesso-dicas-para-carreira\/"},"img":{"alt_text":"","src":"https:\/\/i0.wp.com\/ismaelcolosi.com.br\/wp-content\/uploads\/2024\/11\/carreira-semana-4-dias-trabalho-1030x438.jpg?fit=1030%2C438&ssl=1&resize=350%2C200","width":350,"height":200,"srcset":"https:\/\/i0.wp.com\/ismaelcolosi.com.br\/wp-content\/uploads\/2024\/11\/carreira-semana-4-dias-trabalho-1030x438.jpg?fit=1030%2C438&ssl=1&resize=350%2C200 1x, https:\/\/i0.wp.com\/ismaelcolosi.com.br\/wp-content\/uploads\/2024\/11\/carreira-semana-4-dias-trabalho-1030x438.jpg?fit=1030%2C438&ssl=1&resize=525%2C300 1.5x, https:\/\/i0.wp.com\/ismaelcolosi.com.br\/wp-content\/uploads\/2024\/11\/carreira-semana-4-dias-trabalho-1030x438.jpg?fit=1030%2C438&ssl=1&resize=700%2C400 2x"},"classes":[]},{"id":76363,"url":"https:\/\/ismaelcolosi.com.br\/index.php\/2024\/11\/12\/o-que-diz-texto-da-proposta-de-pec-sobre-fim-da-escala-6x1-e-como-e-a-regra-atual\/","url_meta":{"origin":90092,"position":1},"title":"O que diz texto da proposta de PEC sobre fim da escala 6\u00d71 e como \u00e9 a regra atual","author":"ismaelcolosi.com.br","date":"12 de November de 2024","format":false,"excerpt":"Deutsche Wellei Deutsche Welle 12\/11\/2024 - 13:47 Muito debatida nas redes sociais nos \u00faltimos dias, a Proposta de Emenda \u00e0 Constitui\u00e7\u00e3o (PEC) que pretende acabar com a jornada de trabalho 6\u00d71 no Brasil alcan\u00e7ou nesta ter\u00e7a-feira, 12, o endosso de 134 dos 171 parlamentares necess\u00e1rios para que comece a tramitar\u2026","rel":"","context":"In &quot;Empregos - Classificados&quot;","block_context":{"text":"Empregos - Classificados","link":"https:\/\/ismaelcolosi.com.br\/index.php\/category\/empregos-classificados-vagas-trabalho\/"},"img":{"alt_text":"","src":"https:\/\/i0.wp.com\/ismaelcolosi.com.br\/wp-content\/uploads\/2024\/11\/70452762_303.jpg?fit=700%2C394&ssl=1&resize=350%2C200","width":350,"height":200,"srcset":"https:\/\/i0.wp.com\/ismaelcolosi.com.br\/wp-content\/uploads\/2024\/11\/70452762_303.jpg?fit=700%2C394&ssl=1&resize=350%2C200 1x, https:\/\/i0.wp.com\/ismaelcolosi.com.br\/wp-content\/uploads\/2024\/11\/70452762_303.jpg?fit=700%2C394&ssl=1&resize=525%2C300 1.5x, https:\/\/i0.wp.com\/ismaelcolosi.com.br\/wp-content\/uploads\/2024\/11\/70452762_303.jpg?fit=700%2C394&ssl=1&resize=700%2C400 2x"},"classes":[]},{"id":76273,"url":"https:\/\/ismaelcolosi.com.br\/index.php\/2024\/11\/12\/as-jornadas-de-trabalho-nas-maiores-economias\/","url_meta":{"origin":90092,"position":2},"title":"as jornadas de trabalho nas maiores economias","author":"ismaelcolosi.com.br","date":"12 de November de 2024","format":false,"excerpt":"\u00a0 Acessibilidade \r L\r L\r A-\r A+\r \r \u25d0\r \r \u00a0 A PEC (Proposta de Emenda \u00e0 Constitui\u00e7\u00e3o) que prev\u00ea o fim da escala de trabalho 6\u00d71 \u2013 ou seja, uma folga a cada seis dias de trabalho \u2013 vem ganhando for\u00e7a na C\u00e2mara dos Deputados e repercutindo nas redes\u2026","rel":"","context":"In &quot;Carreira e Sucesso&quot;","block_context":{"text":"Carreira e Sucesso","link":"https:\/\/ismaelcolosi.com.br\/index.php\/category\/carreira-e-sucesso-dicas-para-carreira\/"},"img":{"alt_text":"","src":"https:\/\/i0.wp.com\/ismaelcolosi.com.br\/wp-content\/uploads\/2024\/11\/carreira-calendario-trabalho-1030x438.jpg?fit=1030%2C438&ssl=1&resize=350%2C200","width":350,"height":200,"srcset":"https:\/\/i0.wp.com\/ismaelcolosi.com.br\/wp-content\/uploads\/2024\/11\/carreira-calendario-trabalho-1030x438.jpg?fit=1030%2C438&ssl=1&resize=350%2C200 1x, https:\/\/i0.wp.com\/ismaelcolosi.com.br\/wp-content\/uploads\/2024\/11\/carreira-calendario-trabalho-1030x438.jpg?fit=1030%2C438&ssl=1&resize=525%2C300 1.5x, https:\/\/i0.wp.com\/ismaelcolosi.com.br\/wp-content\/uploads\/2024\/11\/carreira-calendario-trabalho-1030x438.jpg?fit=1030%2C438&ssl=1&resize=700%2C400 2x"},"classes":[]},{"id":77507,"url":"https:\/\/ismaelcolosi.com.br\/index.php\/2024\/11\/26\/como-o-fim-da-escala-6x1-pode-impactar-os-salarios\/","url_meta":{"origin":90092,"position":3},"title":"Como o Fim da Escala 6&#215;1 Pode Impactar os Sal\u00e1rios?","author":"ismaelcolosi.com.br","date":"26 de November de 2024","format":false,"excerpt":"\u00a0 Acessibilidade \r L\r L\r A-\r A+\r \r \u25d0\r \r Amanda Perobelli\/ReutersA taxa de desemprego desacelerou Nas \u00faltimas semanas, o debate sobre o fim da escala de trabalho 6\u00d71, quando o trabalhador trabalha seis dias e folga um, tem pautado as redes sociais. A deputada federal Erika Hilton (PSOL-SP) levou\u2026","rel":"","context":"In &quot;Carreira e Sucesso&quot;","block_context":{"text":"Carreira e Sucesso","link":"https:\/\/ismaelcolosi.com.br\/index.php\/category\/carreira-e-sucesso-dicas-para-carreira\/"},"img":{"alt_text":"","src":"https:\/\/i0.wp.com\/ismaelcolosi.com.br\/wp-content\/uploads\/2024\/11\/carreira-carteira-de-trabalho-1030x438.jpg?fit=1030%2C438&ssl=1&resize=350%2C200","width":350,"height":200,"srcset":"https:\/\/i0.wp.com\/ismaelcolosi.com.br\/wp-content\/uploads\/2024\/11\/carreira-carteira-de-trabalho-1030x438.jpg?fit=1030%2C438&ssl=1&resize=350%2C200 1x, https:\/\/i0.wp.com\/ismaelcolosi.com.br\/wp-content\/uploads\/2024\/11\/carreira-carteira-de-trabalho-1030x438.jpg?fit=1030%2C438&ssl=1&resize=525%2C300 1.5x, https:\/\/i0.wp.com\/ismaelcolosi.com.br\/wp-content\/uploads\/2024\/11\/carreira-carteira-de-trabalho-1030x438.jpg?fit=1030%2C438&ssl=1&resize=700%2C400 2x"},"classes":[]},{"id":77628,"url":"https:\/\/ismaelcolosi.com.br\/index.php\/2024\/11\/27\/como-o-fim-da-escala-6x1-pode-impactar-os-salarios-2\/","url_meta":{"origin":90092,"position":4},"title":"Como o Fim da Escala 6&#215;1 Pode Impactar os Sal\u00e1rios?","author":"ismaelcolosi.com.br","date":"27 de November de 2024","format":false,"excerpt":"\u00a0 Acessibilidade \r L\r L\r A-\r A+\r \r \u25d0\r \r Amanda Perobelli\/ReutersA taxa de desemprego desacelerou Nas \u00faltimas semanas, o debate sobre o fim da escala de trabalho 6\u00d71, quando o trabalhador trabalha seis dias e folga um, tem pautado as redes sociais. A deputada federal Erika Hilton (PSOL-SP) levou\u2026","rel":"","context":"In &quot;Carreira e Sucesso&quot;","block_context":{"text":"Carreira e Sucesso","link":"https:\/\/ismaelcolosi.com.br\/index.php\/category\/carreira-e-sucesso-dicas-para-carreira\/"},"img":{"alt_text":"","src":"https:\/\/i0.wp.com\/ismaelcolosi.com.br\/wp-content\/uploads\/2024\/11\/1732701203_carreira-carteira-de-trabalho-1030x438.jpg?fit=1030%2C438&ssl=1&resize=350%2C200","width":350,"height":200,"srcset":"https:\/\/i0.wp.com\/ismaelcolosi.com.br\/wp-content\/uploads\/2024\/11\/1732701203_carreira-carteira-de-trabalho-1030x438.jpg?fit=1030%2C438&ssl=1&resize=350%2C200 1x, https:\/\/i0.wp.com\/ismaelcolosi.com.br\/wp-content\/uploads\/2024\/11\/1732701203_carreira-carteira-de-trabalho-1030x438.jpg?fit=1030%2C438&ssl=1&resize=525%2C300 1.5x, https:\/\/i0.wp.com\/ismaelcolosi.com.br\/wp-content\/uploads\/2024\/11\/1732701203_carreira-carteira-de-trabalho-1030x438.jpg?fit=1030%2C438&ssl=1&resize=700%2C400 2x"},"classes":[]},{"id":48219,"url":"https:\/\/ismaelcolosi.com.br\/index.php\/2024\/05\/01\/quase-30-de-quem-tem-semana-de-trabalho-de-4-dias-nao-troca-a-escala-por-salario-maior\/","url_meta":{"origin":90092,"position":5},"title":"Quase 30% de quem tem semana de trabalho de 4 dias n\u00e3o troca a escala por sal\u00e1rio maior","author":"ismaelcolosi.com.br","date":"1 de May de 2024","format":false,"excerpt":"Bruno Pavani Bruno Pavan 01\/05\/2024 - 15:00 Ap\u00f3s tr\u00eas meses de testes, a \u201c4 Day Week Brazil\u201d (semana de trabalho de 4 dias no Brasil), promovida numa parceria com a FGV e o Boston College, uma pesquisa apontou que quase 30% dos trabalhadores que atuam nesse tipo de escala n\u00e3o\u2026","rel":"","context":"In &quot;Empregos - Classificados&quot;","block_context":{"text":"Empregos - Classificados","link":"https:\/\/ismaelcolosi.com.br\/index.php\/category\/empregos-classificados-vagas-trabalho\/"},"img":{"alt_text":"","src":"https:\/\/i0.wp.com\/ismaelcolosi.com.br\/wp-content\/uploads\/2024\/05\/pexels-olly-3791116-scaled.jpg?fit=1200%2C794&ssl=1&resize=350%2C200","width":350,"height":200,"srcset":"https:\/\/i0.wp.com\/ismaelcolosi.com.br\/wp-content\/uploads\/2024\/05\/pexels-olly-3791116-scaled.jpg?fit=1200%2C794&ssl=1&resize=350%2C200 1x, https:\/\/i0.wp.com\/ismaelcolosi.com.br\/wp-content\/uploads\/2024\/05\/pexels-olly-3791116-scaled.jpg?fit=1200%2C794&ssl=1&resize=525%2C300 1.5x, https:\/\/i0.wp.com\/ismaelcolosi.com.br\/wp-content\/uploads\/2024\/05\/pexels-olly-3791116-scaled.jpg?fit=1200%2C794&ssl=1&resize=700%2C400 2x, https:\/\/i0.wp.com\/ismaelcolosi.com.br\/wp-content\/uploads\/2024\/05\/pexels-olly-3791116-scaled.jpg?fit=1200%2C794&ssl=1&resize=1050%2C600 3x"},"classes":[]}],"jetpack_sharing_enabled":true,"jetpack_shortlink":"https:\/\/wp.me\/pfMlyK-nr6","_links":{"self":[{"href":"https:\/\/ismaelcolosi.com.br\/index.php\/wp-json\/wp\/v2\/posts\/90092","targetHints":{"allow":["GET"]}}],"collection":[{"href":"https:\/\/ismaelcolosi.com.br\/index.php\/wp-json\/wp\/v2\/posts"}],"about":[{"href":"https:\/\/ismaelcolosi.com.br\/index.php\/wp-json\/wp\/v2\/types\/post"}],"author":[{"embeddable":true,"href":"https:\/\/ismaelcolosi.com.br\/index.php\/wp-json\/wp\/v2\/users\/1"}],"replies":[{"embeddable":true,"href":"https:\/\/ismaelcolosi.com.br\/index.php\/wp-json\/wp\/v2\/comments?post=90092"}],"version-history":[{"count":0,"href":"https:\/\/ismaelcolosi.com.br\/index.php\/wp-json\/wp\/v2\/posts\/90092\/revisions"}],"wp:featuredmedia":[{"embeddable":true,"href":"https:\/\/ismaelcolosi.com.br\/index.php\/wp-json\/wp\/v2\/media\/90093"}],"wp:attachment":[{"href":"https:\/\/ismaelcolosi.com.br\/index.php\/wp-json\/wp\/v2\/media?parent=90092"}],"wp:term":[{"taxonomy":"category","embeddable":true,"href":"https:\/\/ismaelcolosi.com.br\/index.php\/wp-json\/wp\/v2\/categories?post=90092"},{"taxonomy":"post_tag","embeddable":true,"href":"https:\/\/ismaelcolosi.com.br\/index.php\/wp-json\/wp\/v2\/tags?post=90092"}],"curies":[{"name":"wp","href":"https:\/\/api.w.org\/{rel}","templated":true}]}}