{"id":90088,"date":"2026-04-29T12:11:17","date_gmt":"2026-04-29T15:11:17","guid":{"rendered":"https:\/\/ismaelcolosi.com.br\/index.php\/2026\/04\/29\/amazon-aposta-em-software-autonomo-para-contratacao-em-massa\/"},"modified":"2026-04-29T12:11:17","modified_gmt":"2026-04-29T15:11:17","slug":"amazon-aposta-em-software-autonomo-para-contratacao-em-massa","status":"publish","type":"post","link":"https:\/\/ismaelcolosi.com.br\/index.php\/2026\/04\/29\/amazon-aposta-em-software-autonomo-para-contratacao-em-massa\/","title":{"rendered":"Amazon Aposta em Software Aut\u00f4nomo para Contrata\u00e7\u00e3o em Massa"},"content":{"rendered":"<p> <br \/>\n<\/p>\n<div>\n<p>A <strong>Amazon<\/strong>, que contrata milhares de profissionais todos os anos para a correria das festas de fim de ano, apresentou na ter\u00e7a-feira (28), durante um evento, um novo software destinado a acelerar o processo, eliminando uma parte consider\u00e1vel do elemento humano: a <strong>entrevista de emprego presencial<\/strong>.<\/p>\n<p>A empresa tamb\u00e9m delineou sua nova filosofia de design de <strong>intelig\u00eancia artificial<\/strong> desenvolvida internamente, chamada \u201c<strong>humorfismo<\/strong>\u201c, que a Amazon diz ajudar a humanizar a IA e \u201cse adapta \u00e0 forma como os humanos trabalham, e n\u00e3o o contr\u00e1rio\u201d.<\/p><div class='code-block code-block-8' style='margin: 8px auto; text-align: center; display: block; clear: both;'>\n<script>\n  atOptions = {\n    'key' : '66e2e2111ca34da796271819fc334058',\n    'format' : 'iframe',\n    'height' : 250,\n    'width' : 300,\n    'params' : {}\n  };\n<\/script>\n<script src=\"https:\/\/www.highperformanceformat.com\/66e2e2111ca34da796271819fc334058\/invoke.js\"><\/script>\n<\/div>\n\n<p>Em fevereiro, a Amazon disse que investiria at\u00e9 US$ 50 bilh\u00f5es na <strong>OpenAI<\/strong>, e a <strong>Microsoft <\/strong>disse na segunda-feira (27) que perderia o acesso exclusivo a algumas das tecnologias da OpenAI, abrindo caminho para a criadora do <strong>ChatGPT <\/strong>vender seus produtos para outras empresas.<\/p>\n<p>Um dos focos do evento da Amazon foi o uso de softwares de intelig\u00eancia artificial aut\u00f4noma, conhecidos como \u201cagentes\u201d, que podem executar processos com pouca ou nenhuma interven\u00e7\u00e3o humana. A expectativa \u00e9 que tais agentes possam planejar, decidir e agir por conta pr\u00f3pria, um campo em r\u00e1pido crescimento que tamb\u00e9m gerou preocupa\u00e7\u00f5es sobre seguran\u00e7a e supervis\u00e3o.<\/p>\n<aside class=\"content_modules\">\n<h2 class=\"block_label\">Leia Tamb\u00e9m<\/h2>\n<\/aside>\n<p>A <strong>Alphabet <\/strong>sinalizou na semana passada que tamb\u00e9m est\u00e1 avan\u00e7ando no mercado de software corporativo com seus pr\u00f3prios agentes de IA, seguindo outras empresas como OpenAI e <strong>Anthropic<\/strong>.<\/p>\n<aside class=\"newsletter content_modules\">&#13;<br \/>\n  &#13;<br \/>\n<\/aside>\n<\/p>\n<p>O novo software de contrata\u00e7\u00e3o em massa da Amazon, chamado <strong>Connect Talent<\/strong>, ajudar\u00e1 as empresas a encontrar, selecionar e recrutar os profissionais necess\u00e1rios para contrata\u00e7\u00f5es em grande escala, como no caso de varejistas durante o pico da temporada de vendas de fim de ano.<\/p>\n<aside class=\"web-story content_modules\">&#13;<br \/>\n  &#13;<br \/>\n<\/aside>\n<p>&#13;\n<\/p>\n<h2 class=\"wp-block-heading\" id=\"h-por-dentro-da-nova-ferramenta-de-ia-da-amazon\">Por dentro da nova ferramenta de IA da Amazon<\/h2>\n<p>Usando intelig\u00eancia artificial, o Connect Talent pode conduzir entrevistas guiadas por IA 24 horas por dia e preparar anota\u00e7\u00f5es para os recrutadores, tudo sem interven\u00e7\u00e3o humana. No ano passado, a Amazon contratou cerca de 250.000 colaboradores tempor\u00e1rios no per\u00edodo que antecedeu as festas.<\/p>\n<p><strong>Colleen Aubrey<\/strong>, vice-presidente s\u00eanior de solu\u00e7\u00f5es de IA aplicada da <strong>AWS<\/strong>, disse que os candidatos a emprego saber\u00e3o que est\u00e3o sendo avaliados por IA e reconheceu que a tecnologia ainda est\u00e1 sendo refinada para soar de forma mais convincentemente humana. \u201cA experi\u00eancia continua a ficar cada vez melhor a cada itera\u00e7\u00e3o que fazemos\u201d, disse em uma conversa com a Reuters antes do evento. \u201cH\u00e1 uma certa arte em tornar essa intera\u00e7\u00e3o de voz natural e humana.\u201d<\/p>\n<p>A filosofia de \u201chumorfismo\u201d da Amazon \u00e9 uma tentativa de humanizar a IA, disse Aubrey, mesmo com a ampla ado\u00e7\u00e3o da tecnologia gerando preocupa\u00e7\u00f5es de que isso possa levar \u00e0 <strong>perda de empregos<\/strong>. De fato, a empresa associou alguns dos 30.000 empregos corporativos que cortou desde outubro \u00e0s efici\u00eancias obtidas por meio do uso da IA. \u201cComo traduzimos os comportamentos humanos de trabalhar em equipe para um produto?\u201d, disse, referindo-se \u00e0 IA. \u201c\u00c9 isso que estamos buscando e esperamos que voc\u00eas percebam isso.\u201d<\/p>\n<p>A empresa tamb\u00e9m lan\u00e7ou na ter\u00e7a-feira um novo produto chamado <strong>Connect Decisions<\/strong>, que pode analisar e compilar dados para o planejamento e compras da cadeia de suprimentos. Aubrey disse que as pr\u00f3prias experi\u00eancias de cadeia de suprimentos da Amazon, como os materiais para sua rede de armaz\u00e9ns, ajudaram a criar o novo software. \u201cCom o Connect Decisions, as empresas poder\u00e3o ter a IA fazendo esse trabalho nos bastidores e equipar um planejador com os dados de que ele precisa.\u201d<\/p>\n<div class=\"follow-us\">Siga o canal da <a href=\"https:\/\/whatsapp.com\/channel\/0029Va9gQKwBFLgM96cJnu0u\" target=\"_blank\" rel=\"noopener noreferrer nofollow\" title=\"Grupo da Forbes no WhatsApp\">Forbes<\/a> no WhatsApp e receba as principais not\u00edcias de empreendedorismo, carreira, tecnologia, agro e lifestyle.<\/div>\n<\/p><\/div>\n<p><br \/>\n<br \/><a href=\"https:\/\/forbes.com.br\/carreira\/2026\/04\/amazon-aposta-em-software-autonomo-para-contratacao-em-massa\/\">Source link <\/a><\/p>\n<div class='code-block code-block-4' style='margin: 8px auto 8px 0; text-align: left; display: block; clear: both;'>\n\ud83d\udce2 Aviso Legal\n\nO site ismaelcolosi.com.br atua apenas como um canal de divulga\u00e7\u00e3o de oportunidades de emprego e n\u00e3o se responsabiliza pelo processo seletivo, contrata\u00e7\u00e3o ou qualquer outra etapa relacionada \u00e0s vagas publicadas. Todas as informa\u00e7\u00f5es s\u00e3o de responsabilidade dos anunciantes.\n\n\u26a0\ufe0f Aten\u00e7\u00e3o! Nunca pague por promessas de emprego nem compre cursos que garantam contrata\u00e7\u00e3o. Desconfie de qualquer cobran\u00e7a para participar de sele\u00e7\u00f5es.\n\n\n\n<\/div>\n<!-- CONTENT END 1 -->\n","protected":false},"excerpt":{"rendered":"<p>A Amazon, que contrata milhares de profissionais todos os anos para a correria das festas de fim de ano, apresentou na ter\u00e7a-feira (28), durante um&#8230;<\/p>\n","protected":false},"author":1,"featured_media":90089,"comment_status":"","ping_status":"","sticky":false,"template":"","format":"standard","meta":{"_uag_custom_page_level_css":"","advanced_seo_description":"","jetpack_seo_html_title":"","jetpack_seo_noindex":false,"jetpack_post_was_ever_published":false,"_jetpack_newsletter_access":"","_jetpack_dont_email_post_to_subs":false,"_jetpack_newsletter_tier_id":0,"_jetpack_memberships_contains_paywalled_content":false,"_jetpack_memberships_contains_paid_content":false,"footnotes":"","jetpack_publicize_message":"","jetpack_publicize_feature_enabled":true,"jetpack_social_post_already_shared":true,"jetpack_social_options":{"image_generator_settings":{"template":"highway","default_image_id":0,"font":"","enabled":false},"version":2}},"categories":[1964],"tags":[],"class_list":["post-90088","post","type-post","status-publish","format-standard","has-post-thumbnail","hentry","category-carreira-e-sucesso-dicas-para-carreira"],"jetpack_publicize_connections":[],"jetpack_featured_media_url":"https:\/\/i0.wp.com\/ismaelcolosi.com.br\/wp-content\/uploads\/2026\/04\/amazon-1-1200x675.jpg?fit=1200%2C675&ssl=1","uagb_featured_image_src":{"full":["https:\/\/i0.wp.com\/ismaelcolosi.com.br\/wp-content\/uploads\/2026\/04\/amazon-1-1200x675.jpg?fit=1200%2C675&ssl=1",1200,675,false],"thumbnail":["https:\/\/i0.wp.com\/ismaelcolosi.com.br\/wp-content\/uploads\/2026\/04\/amazon-1-1200x675.jpg?resize=150%2C150&ssl=1",150,150,true],"medium":["https:\/\/i0.wp.com\/ismaelcolosi.com.br\/wp-content\/uploads\/2026\/04\/amazon-1-1200x675.jpg?fit=300%2C169&ssl=1",300,169,true],"medium_large":["https:\/\/i0.wp.com\/ismaelcolosi.com.br\/wp-content\/uploads\/2026\/04\/amazon-1-1200x675.jpg?fit=768%2C432&ssl=1",768,432,true],"large":["https:\/\/i0.wp.com\/ismaelcolosi.com.br\/wp-content\/uploads\/2026\/04\/amazon-1-1200x675.jpg?fit=1024%2C576&ssl=1",1024,576,true],"1536x1536":["https:\/\/i0.wp.com\/ismaelcolosi.com.br\/wp-content\/uploads\/2026\/04\/amazon-1-1200x675.jpg?fit=1200%2C675&ssl=1",1200,675,true],"2048x2048":["https:\/\/i0.wp.com\/ismaelcolosi.com.br\/wp-content\/uploads\/2026\/04\/amazon-1-1200x675.jpg?fit=1200%2C675&ssl=1",1200,675,true],"really-simple-thumb":["https:\/\/i0.wp.com\/ismaelcolosi.com.br\/wp-content\/uploads\/2026\/04\/amazon-1-1200x675.jpg?resize=370%2C247&ssl=1",370,247,true]},"uagb_author_info":{"display_name":"ismaelcolosi.com.br","author_link":"https:\/\/ismaelcolosi.com.br\/index.php\/author\/vidareal-online\/"},"uagb_comment_info":0,"uagb_excerpt":"A Amazon, que contrata milhares de profissionais todos os anos para a correria das festas de fim de ano, apresentou na ter\u00e7a-feira (28), durante um...","jetpack-related-posts":[{"id":14488,"url":"https:\/\/ismaelcolosi.com.br\/index.php\/2023\/12\/12\/openai-nomeia-novo-ceo-e-altman-se-junta-a-microsoft\/","url_meta":{"origin":90088,"position":0},"title":"OpenAI nomeia novo CEO e Altman se junta \u00e0 Microsoft","author":"ismaelcolosi.com.br","date":"12 de December de 2023","format":false,"excerpt":"O ex-CEO da Open AI deve se unir \u00e0 divis\u00e3o de IA da Microsoft ap\u00f3s ser demitido na \u00faltima sexta-feira (17) A OpenAI nomeou o ex-chefe do Twitch Emmett Shear como presidente-executivo interino, enquanto Sam Altman, que teve sua sa\u00edda anunciada na semana passada, deve se juntar \u00e0 Microsoft, em\u2026","rel":"","context":"In &quot;Carreira e Sucesso&quot;","block_context":{"text":"Carreira e Sucesso","link":"https:\/\/ismaelcolosi.com.br\/index.php\/category\/carreira-e-sucesso-dicas-para-carreira\/"},"img":{"alt_text":"","src":"https:\/\/i0.wp.com\/ismaelcolosi.com.br\/wp-content\/uploads\/2023\/12\/Sam_Altman-1024x683.jpg?fit=1024%2C683&ssl=1&resize=350%2C200","width":350,"height":200,"srcset":"https:\/\/i0.wp.com\/ismaelcolosi.com.br\/wp-content\/uploads\/2023\/12\/Sam_Altman-1024x683.jpg?fit=1024%2C683&ssl=1&resize=350%2C200 1x, https:\/\/i0.wp.com\/ismaelcolosi.com.br\/wp-content\/uploads\/2023\/12\/Sam_Altman-1024x683.jpg?fit=1024%2C683&ssl=1&resize=525%2C300 1.5x, https:\/\/i0.wp.com\/ismaelcolosi.com.br\/wp-content\/uploads\/2023\/12\/Sam_Altman-1024x683.jpg?fit=1024%2C683&ssl=1&resize=700%2C400 2x"},"classes":[]},{"id":88992,"url":"https:\/\/ismaelcolosi.com.br\/index.php\/2026\/01\/28\/amazon-corta-16-mil-funcionarios-em-estrategia-de-eficiencia-e-ia\/","url_meta":{"origin":90088,"position":1},"title":"Amazon Corta 16 Mil Funcion\u00e1rios em Estrat\u00e9gia de Efici\u00eancia e IA","author":"ismaelcolosi.com.br","date":"28 de January de 2026","format":false,"excerpt":"A Amazon confirmou 16 mil demiss\u00f5es nesta quarta-feira (28), completando um plano de cerca de 30 mil cortes desde outubro e deixando em aberto a possibilidade de mais redu\u00e7\u00f5es. A Reuters publicou na semana passada que a big tech estava planejando uma segunda rodada de demiss\u00f5es como parte de estrat\u00e9gia\u2026","rel":"","context":"In &quot;Carreira e Sucesso&quot;","block_context":{"text":"Carreira e Sucesso","link":"https:\/\/ismaelcolosi.com.br\/index.php\/category\/carreira-e-sucesso-dicas-para-carreira\/"},"img":{"alt_text":"","src":"https:\/\/i0.wp.com\/ismaelcolosi.com.br\/wp-content\/uploads\/2026\/01\/carreira-amazon-escritorio-1200x675.jpg?fit=1200%2C675&ssl=1&resize=350%2C200","width":350,"height":200,"srcset":"https:\/\/i0.wp.com\/ismaelcolosi.com.br\/wp-content\/uploads\/2026\/01\/carreira-amazon-escritorio-1200x675.jpg?fit=1200%2C675&ssl=1&resize=350%2C200 1x, https:\/\/i0.wp.com\/ismaelcolosi.com.br\/wp-content\/uploads\/2026\/01\/carreira-amazon-escritorio-1200x675.jpg?fit=1200%2C675&ssl=1&resize=525%2C300 1.5x, https:\/\/i0.wp.com\/ismaelcolosi.com.br\/wp-content\/uploads\/2026\/01\/carreira-amazon-escritorio-1200x675.jpg?fit=1200%2C675&ssl=1&resize=700%2C400 2x, https:\/\/i0.wp.com\/ismaelcolosi.com.br\/wp-content\/uploads\/2026\/01\/carreira-amazon-escritorio-1200x675.jpg?fit=1200%2C675&ssl=1&resize=1050%2C600 3x"},"classes":[]},{"id":28757,"url":"https:\/\/ismaelcolosi.com.br\/index.php\/2024\/01\/16\/demissoes-em-massa-no-setor-de-tecnologia-continuam-apos-ano-da-eficiencia\/","url_meta":{"origin":90088,"position":2},"title":"Demiss\u00f5es em massa no setor de tecnologia continuam ap\u00f3s &#8220;ano da efici\u00eancia&#8221;","author":"ismaelcolosi.com.br","date":"16 de January de 2024","format":false,"excerpt":"Adobe Stock\u201cNenhuma empresa quer ser deixada para tr\u00e1s pela revolu\u00e7\u00e3o da IA e todas elas est\u00e3o se certificando de que t\u00eam esses recursos e os est\u00e3o priorizando, mesmo quando isso ocorre \u00e0s custas de outras iniciativas\u201d, disse Gil Luria, analista da DA Davidson & Co, sobre as demiss\u00f5es. O \u201cAno\u2026","rel":"","context":"In &quot;Carreira e Sucesso&quot;","block_context":{"text":"Carreira e Sucesso","link":"https:\/\/ismaelcolosi.com.br\/index.php\/category\/carreira-e-sucesso-dicas-para-carreira\/"},"img":{"alt_text":"","src":"https:\/\/i0.wp.com\/ismaelcolosi.com.br\/wp-content\/uploads\/2024\/01\/1705429696_careira-trabalho-inteligencia-artificial-1024x683.jpg?fit=1024%2C683&ssl=1&resize=350%2C200","width":350,"height":200,"srcset":"https:\/\/i0.wp.com\/ismaelcolosi.com.br\/wp-content\/uploads\/2024\/01\/1705429696_careira-trabalho-inteligencia-artificial-1024x683.jpg?fit=1024%2C683&ssl=1&resize=350%2C200 1x, https:\/\/i0.wp.com\/ismaelcolosi.com.br\/wp-content\/uploads\/2024\/01\/1705429696_careira-trabalho-inteligencia-artificial-1024x683.jpg?fit=1024%2C683&ssl=1&resize=525%2C300 1.5x, https:\/\/i0.wp.com\/ismaelcolosi.com.br\/wp-content\/uploads\/2024\/01\/1705429696_careira-trabalho-inteligencia-artificial-1024x683.jpg?fit=1024%2C683&ssl=1&resize=700%2C400 2x"},"classes":[]},{"id":14438,"url":"https:\/\/ismaelcolosi.com.br\/index.php\/2023\/12\/12\/sam-altman-volta-a-presidir-openai-cinco-dias-apos-demissao-pelo-conselho\/","url_meta":{"origin":90088,"position":3},"title":"Sam Altman volta a presidir OpenAI cinco dias ap\u00f3s demiss\u00e3o pelo Conselho","author":"ismaelcolosi.com.br","date":"12 de December de 2023","format":false,"excerpt":"Em uma postagem no X na noite de s\u00e1bado, Altman escreveu: \u201cEu amo muito a equipe OpenAI\u201d Sam Altman retornar\u00e1 como CEO da OpenAI, informou a startup na manh\u00e3 desta quarta-feira (22) no X, anteriormente conhecido como Twitter. A medida surge ap\u00f3s imensa press\u00e3o de funcion\u00e1rios e investidores sobre o\u2026","rel":"","context":"In &quot;Carreira e Sucesso&quot;","block_context":{"text":"Carreira e Sucesso","link":"https:\/\/ismaelcolosi.com.br\/index.php\/category\/carreira-e-sucesso-dicas-para-carreira\/"},"img":{"alt_text":"","src":"https:\/\/i0.wp.com\/ismaelcolosi.com.br\/wp-content\/uploads\/2023\/12\/carreira-openAI-sam-altman-1024x683.jpg?fit=1024%2C683&ssl=1&resize=350%2C200","width":350,"height":200,"srcset":"https:\/\/i0.wp.com\/ismaelcolosi.com.br\/wp-content\/uploads\/2023\/12\/carreira-openAI-sam-altman-1024x683.jpg?fit=1024%2C683&ssl=1&resize=350%2C200 1x, https:\/\/i0.wp.com\/ismaelcolosi.com.br\/wp-content\/uploads\/2023\/12\/carreira-openAI-sam-altman-1024x683.jpg?fit=1024%2C683&ssl=1&resize=525%2C300 1.5x, https:\/\/i0.wp.com\/ismaelcolosi.com.br\/wp-content\/uploads\/2023\/12\/carreira-openAI-sam-altman-1024x683.jpg?fit=1024%2C683&ssl=1&resize=700%2C400 2x"},"classes":[]},{"id":14480,"url":"https:\/\/ismaelcolosi.com.br\/index.php\/2023\/12\/12\/quem-e-emmett-shear-o-novo-ceo-interino-da-openai\/","url_meta":{"origin":90088,"position":4},"title":"Quem \u00e9 Emmett Shear, o novo CEO interino da OpenAI","author":"ismaelcolosi.com.br","date":"12 de December de 2023","format":false,"excerpt":"Getty ImagesEmmett Shear foi CEO do Twitch por 12 anos Emmett Shear, ex-CEO da plataforma de streaming Twitch, foi anunciado como CEO interino da OpenAI na noite do \u00faltimo domingo (19). O an\u00fancio acontece ap\u00f3s a demiss\u00e3o de Sam Altman na \u00faltima sexta-feira (17) por falta de sinceridade em suas\u2026","rel":"","context":"In &quot;Carreira e Sucesso&quot;","block_context":{"text":"Carreira e Sucesso","link":"https:\/\/ismaelcolosi.com.br\/index.php\/category\/carreira-e-sucesso-dicas-para-carreira\/"},"img":{"alt_text":"","src":"https:\/\/i0.wp.com\/ismaelcolosi.com.br\/wp-content\/uploads\/2023\/12\/carreira-tech-openAI-Emmett-Shear-1024x683.jpg?fit=1024%2C683&ssl=1&resize=350%2C200","width":350,"height":200,"srcset":"https:\/\/i0.wp.com\/ismaelcolosi.com.br\/wp-content\/uploads\/2023\/12\/carreira-tech-openAI-Emmett-Shear-1024x683.jpg?fit=1024%2C683&ssl=1&resize=350%2C200 1x, https:\/\/i0.wp.com\/ismaelcolosi.com.br\/wp-content\/uploads\/2023\/12\/carreira-tech-openAI-Emmett-Shear-1024x683.jpg?fit=1024%2C683&ssl=1&resize=525%2C300 1.5x, https:\/\/i0.wp.com\/ismaelcolosi.com.br\/wp-content\/uploads\/2023\/12\/carreira-tech-openAI-Emmett-Shear-1024x683.jpg?fit=1024%2C683&ssl=1&resize=700%2C400 2x"},"classes":[]},{"id":19093,"url":"https:\/\/ismaelcolosi.com.br\/index.php\/2023\/12\/21\/bezos-contrata-veterano-da-amazon-para-blue-origin\/","url_meta":{"origin":90088,"position":5},"title":"Bezos contrata veterano da Amazon para Blue Origin","author":"ismaelcolosi.com.br","date":"21 de December de 2023","format":false,"excerpt":"Jeffrey Dastin\/ReutersDave Limp liderou a lucrativa unidade de dispositivos da Amazon Um veterano da Amazon escolhido por Jeff Bezos para liderar a Blue Origin pretende usar o manual da gigante do com\u00e9rcio eletr\u00f4nico para dar \u00e0 empresa de lan\u00e7amento de foguetes um impulso extremamente necess\u00e1rio contra a SpaceX, de Elon\u2026","rel":"","context":"In &quot;Carreira e Sucesso&quot;","block_context":{"text":"Carreira e Sucesso","link":"https:\/\/ismaelcolosi.com.br\/index.php\/category\/carreira-e-sucesso-dicas-para-carreira\/"},"img":{"alt_text":"","src":"https:\/\/i0.wp.com\/ismaelcolosi.com.br\/wp-content\/uploads\/2023\/12\/tech-amazon-blue-origin-dave-limp-1024x683.jpg?fit=1024%2C683&ssl=1&resize=350%2C200","width":350,"height":200,"srcset":"https:\/\/i0.wp.com\/ismaelcolosi.com.br\/wp-content\/uploads\/2023\/12\/tech-amazon-blue-origin-dave-limp-1024x683.jpg?fit=1024%2C683&ssl=1&resize=350%2C200 1x, https:\/\/i0.wp.com\/ismaelcolosi.com.br\/wp-content\/uploads\/2023\/12\/tech-amazon-blue-origin-dave-limp-1024x683.jpg?fit=1024%2C683&ssl=1&resize=525%2C300 1.5x, https:\/\/i0.wp.com\/ismaelcolosi.com.br\/wp-content\/uploads\/2023\/12\/tech-amazon-blue-origin-dave-limp-1024x683.jpg?fit=1024%2C683&ssl=1&resize=700%2C400 2x"},"classes":[]}],"jetpack_sharing_enabled":true,"jetpack_shortlink":"https:\/\/wp.me\/pfMlyK-nr2","_links":{"self":[{"href":"https:\/\/ismaelcolosi.com.br\/index.php\/wp-json\/wp\/v2\/posts\/90088","targetHints":{"allow":["GET"]}}],"collection":[{"href":"https:\/\/ismaelcolosi.com.br\/index.php\/wp-json\/wp\/v2\/posts"}],"about":[{"href":"https:\/\/ismaelcolosi.com.br\/index.php\/wp-json\/wp\/v2\/types\/post"}],"author":[{"embeddable":true,"href":"https:\/\/ismaelcolosi.com.br\/index.php\/wp-json\/wp\/v2\/users\/1"}],"replies":[{"embeddable":true,"href":"https:\/\/ismaelcolosi.com.br\/index.php\/wp-json\/wp\/v2\/comments?post=90088"}],"version-history":[{"count":0,"href":"https:\/\/ismaelcolosi.com.br\/index.php\/wp-json\/wp\/v2\/posts\/90088\/revisions"}],"wp:featuredmedia":[{"embeddable":true,"href":"https:\/\/ismaelcolosi.com.br\/index.php\/wp-json\/wp\/v2\/media\/90089"}],"wp:attachment":[{"href":"https:\/\/ismaelcolosi.com.br\/index.php\/wp-json\/wp\/v2\/media?parent=90088"}],"wp:term":[{"taxonomy":"category","embeddable":true,"href":"https:\/\/ismaelcolosi.com.br\/index.php\/wp-json\/wp\/v2\/categories?post=90088"},{"taxonomy":"post_tag","embeddable":true,"href":"https:\/\/ismaelcolosi.com.br\/index.php\/wp-json\/wp\/v2\/tags?post=90088"}],"curies":[{"name":"wp","href":"https:\/\/api.w.org\/{rel}","templated":true}]}}