{"id":90072,"date":"2026-04-28T05:08:24","date_gmt":"2026-04-28T08:08:24","guid":{"rendered":"https:\/\/ismaelcolosi.com.br\/index.php\/2026\/04\/28\/empresas-superestimam-capacidades-de-ia-para-justificar-demissoes-alerta-consultoria\/"},"modified":"2026-04-28T05:08:24","modified_gmt":"2026-04-28T08:08:24","slug":"empresas-superestimam-capacidades-de-ia-para-justificar-demissoes-alerta-consultoria","status":"publish","type":"post","link":"https:\/\/ismaelcolosi.com.br\/index.php\/2026\/04\/28\/empresas-superestimam-capacidades-de-ia-para-justificar-demissoes-alerta-consultoria\/","title":{"rendered":"Empresas Superestimam Capacidades de IA para Justificar Demiss\u00f5es, Alerta Consultoria"},"content":{"rendered":"<p> <br \/>\n<\/p>\n<div>\n<p>Quando empresas anunciam <strong>demiss\u00f5es culpando a intelig\u00eancia artificial<\/strong>, frequentemente h\u00e1 um problema escondido por tr\u00e1s das manchetes: muitas delas ainda n\u00e3o disp\u00f5em da tecnologia necess\u00e1ria para sustentar esses cortes. \u201cNove em cada dez companhias que anunciam essas demiss\u00f5es n\u00e3o possuem sistemas de IA maduros e prontos para substituir totalmente as fun\u00e7\u00f5es\u201d, afirma J.P. Gownder, analista da <strong>Forrester<\/strong>, empresa global de pesquisa e consultoria. <\/p>\n<p>Essa desconex\u00e3o ocorre em um momento cr\u00edtico, quando o mercado observa uma onda de demiss\u00f5es em massa justificadas pelos altos investimentos em tecnologia em gigantes como <strong>Meta<\/strong> e <strong>Microsoft<\/strong>.<\/p>\n<h2 class=\"wp-block-heading\" id=\"h-cortes-de-custos-disfarcados-de-inovacao\">Cortes de custos disfar\u00e7ados de inova\u00e7\u00e3o<\/h2>\n<p>A Forrester prev\u00ea que a IA e a automa\u00e7\u00e3o eliminar\u00e3o 6,1% dos empregos nos EUA (cerca de 10,4 milh\u00f5es de vagas) at\u00e9 2030. Apesar do n\u00famero expressivo, a maioria das demiss\u00f5es rotuladas como \u201cimpulsionadas por IA\u201d IA\u201d se aproxima mais de programas cl\u00e1ssicos de reestrutura\u00e7\u00e3o financeira do que de uma substitui\u00e7\u00e3o tecnol\u00f3gica real. <\/p>\n<p>\u201cAs atuais capacidades da IA s\u00e3o mais limitadas do que muitas narrativas executivas sugerem\u201d, alerta Gownder. Em muitos casos, a intelig\u00eancia artificial tem servido apenas como um escudo de rela\u00e7\u00f5es p\u00fablicas para justificar esfor\u00e7os de redu\u00e7\u00e3o de custos que j\u00e1 estavam em andamento.<\/p>\n<aside class=\"content_modules\">\n<h2 class=\"block_label\">Leia Tamb\u00e9m<\/h2>\n<\/aside>\n<p>O <strong>risco de inflar o papel da tecnologia<\/strong> \u00e9 gerar uma crise de credibilidade: investidores podem superestimar o real n\u00edvel de maturidade operacional da empresa; os funcion\u00e1rios que permanecem passam a supor a exist\u00eancia de sistemas avan\u00e7ados de automa\u00e7\u00e3o e se frustram ao esbarrar em processos ainda manuais; e a pr\u00f3pria lideran\u00e7a cria expectativas de produtividade dif\u00edceis de cumprir, caso os ganhos da IA n\u00e3o se materializem no curto prazo.<\/p>\n<aside class=\"newsletter content_modules\">&#13;<br \/>\n  &#13;<br \/>\n<\/aside>\n<\/p>\n<p>Na pr\u00e1tica, a diferen\u00e7a entre manter a confian\u00e7a do mercado ou perd\u00ea-la est\u00e1 na <strong>transpar\u00eancia da comunica\u00e7\u00e3o<\/strong>. Quando a Nike, por exemplo, cortou 1.400 vagas na \u00faltima semana, a empresa foi clara ao focar sua mensagem em \u201csimplifica\u00e7\u00e3o operacional\u201d e agilidade, sem fazer promessas irreais sobre IA. <\/p>\n<aside class=\"web-story content_modules\">&#13;<br \/>\n  &#13;<br \/>\n<\/aside>\n<p>&#13;\n<\/p>\n<p>Por outro lado, as redu\u00e7\u00f5es da Meta no in\u00edcio do ano atra\u00edram cr\u00edticas internas justamente porque o discurso oficial enfatizou os investimentos na tecnologia, deixando o impacto humano em segundo plano.<\/p>\n<h2 class=\"wp-block-heading\" id=\"h-a-armadilha-de-demitir-antes-de-construir-a-tecnologia\">A armadilha de demitir antes de construir a tecnologia<\/h2>\n<p>Algumas organiza\u00e7\u00f5es j\u00e1 enfrentaram o ceticismo do mercado ao prometer efici\u00eancias que n\u00e3o apareceram na pr\u00e1tica. H\u00e1 relatos de empresas que precisaram reverter demiss\u00f5es ou recontratar colaboradores discretamente ap\u00f3s descobrirem que a IA n\u00e3o conseguiria substituir o trabalho humano de forma confi\u00e1vel.<\/p>\n<p>Antes de rotular os cortes como parte de uma \u201ctransforma\u00e7\u00e3o de IA\u201d, executivos precisam assegurar que os elementos fundamentais estejam de p\u00e9: <strong>solu\u00e7\u00f5es j\u00e1 validadas <\/strong>e integradas aos fluxos de trabalho (e n\u00e3o restritas a pilotos ), <strong>ganhos de produtividade comprovados <\/strong>e ligados a processos espec\u00edficos, um cronograma realista de escala da tecnologia e planos claros de transi\u00e7\u00e3o e <strong>requalifica\u00e7\u00e3o ou realoca\u00e7\u00e3o <\/strong>dos profissionais afetados.<\/p>\n<p>Inverter essa ordem \u2014 demitir primeiro e tentar desenvolver a capacidade de IA depois \u2014 cria um enorme <strong>risco operacional<\/strong>. As equipes herdam cargas de trabalho pesadas, o esgotamento aumenta e a experi\u00eancia do cliente despenca.<\/p>\n<h2 class=\"wp-block-heading\" id=\"h-redesenhando-o-futuro-do-trabalho\">Redesenhando o futuro do trabalho<\/h2>\n<p>Para al\u00e9m das demiss\u00f5es, o maior desafio da alta gest\u00e3o nos pr\u00f3ximos anos passa a ser redesenhar como o trabalho \u00e9 feito. Isso porque<strong> 20% das fun\u00e7\u00f5es ser\u00e3o significativamente transformadas<\/strong> por ferramentas e fluxos de trabalho de intelig\u00eancia artificial, segundo a Forrester.<\/p>\n<p>Em vez de enquadrar todos os esfor\u00e7os de reestrutura\u00e7\u00e3o na redu\u00e7\u00e3o do quadro de funcion\u00e1rios, reorganizar as equipes em torno de<strong> fluxos de trabalho assistidos por IA<\/strong> \u00e9 uma transforma\u00e7\u00e3o bem mais desafiadora. Isso exige um <strong>investimento cont\u00ednuo em treinamento<\/strong>, gest\u00e3o de mudan\u00e7a e redesenho operacional, o que muitas organiza\u00e7\u00f5es ainda subestimam.<\/p>\n<p><em>*Caroline Castrillon \u00e9 colaboradora da Forbes USA. Ela \u00e9 mentora de lideran\u00e7a corporativa e ajuda mulheres a lidar com mudan\u00e7as em suas carreiras. <\/em><\/p>\n<p><em><strong>*Reportagem publicada originalmente em <a href=\"https:\/\/www.forbes.com\/sites\/carolinecastrillon\/2026\/04\/27\/the-dirty-secret-behind-ai-layoffs-according-to-forrester\/\" target=\"_blank\" rel=\"noreferrer noopener\">Forbes.com<\/a><\/strong><\/em><\/p>\n<div class=\"follow-us\">Siga o canal da <a href=\"https:\/\/whatsapp.com\/channel\/0029Va9gQKwBFLgM96cJnu0u\" target=\"_blank\" rel=\"noopener noreferrer nofollow\" title=\"Grupo da Forbes no WhatsApp\">Forbes<\/a> no WhatsApp e receba as principais not\u00edcias de empreendedorismo, carreira, tecnologia, agro e lifestyle.<\/div>\n<\/p><\/div>\n<p><br \/>\n<br \/><a href=\"https:\/\/forbes.com.br\/carreira\/2026\/04\/empresas-superestimam-capacidades-de-ia-para-justificar-demissoes-alerta-consultoria\/\">Source link <\/a><\/p>\n<div class='code-block code-block-4' style='margin: 8px auto 8px 0; text-align: left; display: block; clear: both;'>\n\ud83d\udce2 Aviso Legal\n\nO site ismaelcolosi.com.br atua apenas como um canal de divulga\u00e7\u00e3o de oportunidades de emprego e n\u00e3o se responsabiliza pelo processo seletivo, contrata\u00e7\u00e3o ou qualquer outra etapa relacionada \u00e0s vagas publicadas. Todas as informa\u00e7\u00f5es s\u00e3o de responsabilidade dos anunciantes.\n\n\u26a0\ufe0f Aten\u00e7\u00e3o! Nunca pague por promessas de emprego nem compre cursos que garantam contrata\u00e7\u00e3o. Desconfie de qualquer cobran\u00e7a para participar de sele\u00e7\u00f5es.\n\n\n\n<\/div>\n<!-- CONTENT END 1 -->\n","protected":false},"excerpt":{"rendered":"<p>Quando empresas anunciam demiss\u00f5es culpando a intelig\u00eancia artificial, frequentemente h\u00e1 um problema escondido por tr\u00e1s das manchetes: muitas delas ainda n\u00e3o disp\u00f5em da tecnologia necess\u00e1ria&#8230;<\/p>\n","protected":false},"author":1,"featured_media":90073,"comment_status":"","ping_status":"","sticky":false,"template":"","format":"standard","meta":{"_uag_custom_page_level_css":"","advanced_seo_description":"","jetpack_seo_html_title":"","jetpack_seo_noindex":false,"jetpack_post_was_ever_published":false,"_jetpack_newsletter_access":"","_jetpack_dont_email_post_to_subs":false,"_jetpack_newsletter_tier_id":0,"_jetpack_memberships_contains_paywalled_content":false,"_jetpack_memberships_contains_paid_content":false,"footnotes":"","jetpack_publicize_message":"","jetpack_publicize_feature_enabled":true,"jetpack_social_post_already_shared":true,"jetpack_social_options":{"image_generator_settings":{"template":"highway","default_image_id":0,"font":"","enabled":false},"version":2}},"categories":[1964],"tags":[],"class_list":["post-90072","post","type-post","status-publish","format-standard","has-post-thumbnail","hentry","category-carreira-e-sucesso-dicas-para-carreira"],"jetpack_publicize_connections":[],"jetpack_featured_media_url":"https:\/\/i0.wp.com\/ismaelcolosi.com.br\/wp-content\/uploads\/2026\/04\/demissoes-ia-1200x675.jpg?fit=1200%2C675&ssl=1","uagb_featured_image_src":{"full":["https:\/\/i0.wp.com\/ismaelcolosi.com.br\/wp-content\/uploads\/2026\/04\/demissoes-ia-1200x675.jpg?fit=1200%2C675&ssl=1",1200,675,false],"thumbnail":["https:\/\/i0.wp.com\/ismaelcolosi.com.br\/wp-content\/uploads\/2026\/04\/demissoes-ia-1200x675.jpg?resize=150%2C150&ssl=1",150,150,true],"medium":["https:\/\/i0.wp.com\/ismaelcolosi.com.br\/wp-content\/uploads\/2026\/04\/demissoes-ia-1200x675.jpg?fit=300%2C169&ssl=1",300,169,true],"medium_large":["https:\/\/i0.wp.com\/ismaelcolosi.com.br\/wp-content\/uploads\/2026\/04\/demissoes-ia-1200x675.jpg?fit=768%2C432&ssl=1",768,432,true],"large":["https:\/\/i0.wp.com\/ismaelcolosi.com.br\/wp-content\/uploads\/2026\/04\/demissoes-ia-1200x675.jpg?fit=1024%2C576&ssl=1",1024,576,true],"1536x1536":["https:\/\/i0.wp.com\/ismaelcolosi.com.br\/wp-content\/uploads\/2026\/04\/demissoes-ia-1200x675.jpg?fit=1200%2C675&ssl=1",1200,675,true],"2048x2048":["https:\/\/i0.wp.com\/ismaelcolosi.com.br\/wp-content\/uploads\/2026\/04\/demissoes-ia-1200x675.jpg?fit=1200%2C675&ssl=1",1200,675,true],"really-simple-thumb":["https:\/\/i0.wp.com\/ismaelcolosi.com.br\/wp-content\/uploads\/2026\/04\/demissoes-ia-1200x675.jpg?resize=370%2C247&ssl=1",370,247,true]},"uagb_author_info":{"display_name":"ismaelcolosi.com.br","author_link":"https:\/\/ismaelcolosi.com.br\/index.php\/author\/vidareal-online\/"},"uagb_comment_info":0,"uagb_excerpt":"Quando empresas anunciam demiss\u00f5es culpando a intelig\u00eancia artificial, frequentemente h\u00e1 um problema escondido por tr\u00e1s das manchetes: muitas delas ainda n\u00e3o disp\u00f5em da tecnologia necess\u00e1ria...","jetpack-related-posts":[{"id":29718,"url":"https:\/\/ismaelcolosi.com.br\/index.php\/2024\/01\/19\/por-que-as-demissoes-em-massa-vao-continuar-em-2024\/","url_meta":{"origin":90072,"position":0},"title":"Por que as demiss\u00f5es em massa v\u00e3o continuar em 2024?","author":"ismaelcolosi.com.br","date":"19 de January de 2024","format":false,"excerpt":"Getty ImagesAt\u00e9 agora, em janeiro, 58 empresas de tecnologia demitiram um total de 7.785 profissionais, de acordo com o site de rastreamento de demiss\u00f5es Layoffs.fyi O ano mal come\u00e7ou e grandes empresas, como Google, Amazon, Citigroup e BlackRock, j\u00e1 anunciaram cortes significativos na sua for\u00e7a de trabalho. As demiss\u00f5es em\u2026","rel":"","context":"In &quot;Carreira e Sucesso&quot;","block_context":{"text":"Carreira e Sucesso","link":"https:\/\/ismaelcolosi.com.br\/index.php\/category\/carreira-e-sucesso-dicas-para-carreira\/"},"img":{"alt_text":"","src":"https:\/\/i0.wp.com\/ismaelcolosi.com.br\/wp-content\/uploads\/2024\/01\/carreira-layoffs-demissoes-1024x683.jpg?fit=1024%2C683&ssl=1&resize=350%2C200","width":350,"height":200,"srcset":"https:\/\/i0.wp.com\/ismaelcolosi.com.br\/wp-content\/uploads\/2024\/01\/carreira-layoffs-demissoes-1024x683.jpg?fit=1024%2C683&ssl=1&resize=350%2C200 1x, https:\/\/i0.wp.com\/ismaelcolosi.com.br\/wp-content\/uploads\/2024\/01\/carreira-layoffs-demissoes-1024x683.jpg?fit=1024%2C683&ssl=1&resize=525%2C300 1.5x, https:\/\/i0.wp.com\/ismaelcolosi.com.br\/wp-content\/uploads\/2024\/01\/carreira-layoffs-demissoes-1024x683.jpg?fit=1024%2C683&ssl=1&resize=700%2C400 2x"},"classes":[]},{"id":89899,"url":"https:\/\/ismaelcolosi.com.br\/index.php\/2026\/04\/18\/empresas-de-tecnologia-estao-usando-a-ia-como-desculpa-para-demitir-funcionarios-diz-ceo\/","url_meta":{"origin":90072,"position":1},"title":"Empresas de Tecnologia Est\u00e3o Usando a IA como \u201cDesculpa\u201d para Demitir Funcion\u00e1rios, Diz CEO","author":"ismaelcolosi.com.br","date":"18 de April de 2026","format":false,"excerpt":"O CEO de uma empresa de intelig\u00eancia artificial afirmou que acredita que l\u00edderes de outras companhias de tecnologia est\u00e3o usando a IA como \u201cdesculpa\u201d para demitir funcion\u00e1rios. Segundo Jason Droege, CEO da empresa de infraestrutura Scale AI, muitos executivos est\u00e3o se escondendo atr\u00e1s dessa justificativa para reduzir os times e\u2026","rel":"","context":"In &quot;Carreira e Sucesso&quot;","block_context":{"text":"Carreira e Sucesso","link":"https:\/\/ismaelcolosi.com.br\/index.php\/category\/carreira-e-sucesso-dicas-para-carreira\/"},"img":{"alt_text":"","src":"https:\/\/i0.wp.com\/ismaelcolosi.com.br\/wp-content\/uploads\/2026\/04\/carreira-Jason-Droege-CEO-ScaleAI-1200x675.jpg?fit=1200%2C675&ssl=1&resize=350%2C200","width":350,"height":200,"srcset":"https:\/\/i0.wp.com\/ismaelcolosi.com.br\/wp-content\/uploads\/2026\/04\/carreira-Jason-Droege-CEO-ScaleAI-1200x675.jpg?fit=1200%2C675&ssl=1&resize=350%2C200 1x, https:\/\/i0.wp.com\/ismaelcolosi.com.br\/wp-content\/uploads\/2026\/04\/carreira-Jason-Droege-CEO-ScaleAI-1200x675.jpg?fit=1200%2C675&ssl=1&resize=525%2C300 1.5x, https:\/\/i0.wp.com\/ismaelcolosi.com.br\/wp-content\/uploads\/2026\/04\/carreira-Jason-Droege-CEO-ScaleAI-1200x675.jpg?fit=1200%2C675&ssl=1&resize=700%2C400 2x, https:\/\/i0.wp.com\/ismaelcolosi.com.br\/wp-content\/uploads\/2026\/04\/carreira-Jason-Droege-CEO-ScaleAI-1200x675.jpg?fit=1200%2C675&ssl=1&resize=1050%2C600 3x"},"classes":[]},{"id":88992,"url":"https:\/\/ismaelcolosi.com.br\/index.php\/2026\/01\/28\/amazon-corta-16-mil-funcionarios-em-estrategia-de-eficiencia-e-ia\/","url_meta":{"origin":90072,"position":2},"title":"Amazon Corta 16 Mil Funcion\u00e1rios em Estrat\u00e9gia de Efici\u00eancia e IA","author":"ismaelcolosi.com.br","date":"28 de January de 2026","format":false,"excerpt":"A Amazon confirmou 16 mil demiss\u00f5es nesta quarta-feira (28), completando um plano de cerca de 30 mil cortes desde outubro e deixando em aberto a possibilidade de mais redu\u00e7\u00f5es. A Reuters publicou na semana passada que a big tech estava planejando uma segunda rodada de demiss\u00f5es como parte de estrat\u00e9gia\u2026","rel":"","context":"In &quot;Carreira e Sucesso&quot;","block_context":{"text":"Carreira e Sucesso","link":"https:\/\/ismaelcolosi.com.br\/index.php\/category\/carreira-e-sucesso-dicas-para-carreira\/"},"img":{"alt_text":"","src":"https:\/\/i0.wp.com\/ismaelcolosi.com.br\/wp-content\/uploads\/2026\/01\/carreira-amazon-escritorio-1200x675.jpg?fit=1200%2C675&ssl=1&resize=350%2C200","width":350,"height":200,"srcset":"https:\/\/i0.wp.com\/ismaelcolosi.com.br\/wp-content\/uploads\/2026\/01\/carreira-amazon-escritorio-1200x675.jpg?fit=1200%2C675&ssl=1&resize=350%2C200 1x, https:\/\/i0.wp.com\/ismaelcolosi.com.br\/wp-content\/uploads\/2026\/01\/carreira-amazon-escritorio-1200x675.jpg?fit=1200%2C675&ssl=1&resize=525%2C300 1.5x, https:\/\/i0.wp.com\/ismaelcolosi.com.br\/wp-content\/uploads\/2026\/01\/carreira-amazon-escritorio-1200x675.jpg?fit=1200%2C675&ssl=1&resize=700%2C400 2x, https:\/\/i0.wp.com\/ismaelcolosi.com.br\/wp-content\/uploads\/2026\/01\/carreira-amazon-escritorio-1200x675.jpg?fit=1200%2C675&ssl=1&resize=1050%2C600 3x"},"classes":[]},{"id":28757,"url":"https:\/\/ismaelcolosi.com.br\/index.php\/2024\/01\/16\/demissoes-em-massa-no-setor-de-tecnologia-continuam-apos-ano-da-eficiencia\/","url_meta":{"origin":90072,"position":3},"title":"Demiss\u00f5es em massa no setor de tecnologia continuam ap\u00f3s &#8220;ano da efici\u00eancia&#8221;","author":"ismaelcolosi.com.br","date":"16 de January de 2024","format":false,"excerpt":"Adobe Stock\u201cNenhuma empresa quer ser deixada para tr\u00e1s pela revolu\u00e7\u00e3o da IA e todas elas est\u00e3o se certificando de que t\u00eam esses recursos e os est\u00e3o priorizando, mesmo quando isso ocorre \u00e0s custas de outras iniciativas\u201d, disse Gil Luria, analista da DA Davidson & Co, sobre as demiss\u00f5es. O \u201cAno\u2026","rel":"","context":"In &quot;Carreira e Sucesso&quot;","block_context":{"text":"Carreira e Sucesso","link":"https:\/\/ismaelcolosi.com.br\/index.php\/category\/carreira-e-sucesso-dicas-para-carreira\/"},"img":{"alt_text":"","src":"https:\/\/i0.wp.com\/ismaelcolosi.com.br\/wp-content\/uploads\/2024\/01\/1705429696_careira-trabalho-inteligencia-artificial-1024x683.jpg?fit=1024%2C683&ssl=1&resize=350%2C200","width":350,"height":200,"srcset":"https:\/\/i0.wp.com\/ismaelcolosi.com.br\/wp-content\/uploads\/2024\/01\/1705429696_careira-trabalho-inteligencia-artificial-1024x683.jpg?fit=1024%2C683&ssl=1&resize=350%2C200 1x, https:\/\/i0.wp.com\/ismaelcolosi.com.br\/wp-content\/uploads\/2024\/01\/1705429696_careira-trabalho-inteligencia-artificial-1024x683.jpg?fit=1024%2C683&ssl=1&resize=525%2C300 1.5x, https:\/\/i0.wp.com\/ismaelcolosi.com.br\/wp-content\/uploads\/2024\/01\/1705429696_careira-trabalho-inteligencia-artificial-1024x683.jpg?fit=1024%2C683&ssl=1&resize=700%2C400 2x"},"classes":[]},{"id":89301,"url":"https:\/\/ismaelcolosi.com.br\/index.php\/2026\/02\/26\/ia-acelera-demissoes-globais-e-pressiona-mercado-de-trabalho\/","url_meta":{"origin":90072,"position":4},"title":"IA Acelera Demiss\u00f5es Globais e Pressiona Mercado de Trabalho","author":"ismaelcolosi.com.br","date":"26 de February de 2026","format":false,"excerpt":"As preocupa\u00e7\u00f5es de investidores e economistas de que a intelig\u00eancia artificial possa transformar radicalmente setores estabelecidos est\u00e3o se intensificando. O Goldman Sachs alertou na ter\u00e7a-feira (23) que a ado\u00e7\u00e3o acelerada de IA pode elevar o desemprego nos Estados Unidos neste ano, com perdas de postos de trabalho j\u00e1 surgindo em\u2026","rel":"","context":"In &quot;Carreira e Sucesso&quot;","block_context":{"text":"Carreira e Sucesso","link":"https:\/\/ismaelcolosi.com.br\/index.php\/category\/carreira-e-sucesso-dicas-para-carreira\/"},"img":{"alt_text":"","src":"https:\/\/i0.wp.com\/ismaelcolosi.com.br\/wp-content\/uploads\/2026\/02\/demissao-ia-1200x675.jpg?fit=1200%2C675&ssl=1&resize=350%2C200","width":350,"height":200,"srcset":"https:\/\/i0.wp.com\/ismaelcolosi.com.br\/wp-content\/uploads\/2026\/02\/demissao-ia-1200x675.jpg?fit=1200%2C675&ssl=1&resize=350%2C200 1x, https:\/\/i0.wp.com\/ismaelcolosi.com.br\/wp-content\/uploads\/2026\/02\/demissao-ia-1200x675.jpg?fit=1200%2C675&ssl=1&resize=525%2C300 1.5x, https:\/\/i0.wp.com\/ismaelcolosi.com.br\/wp-content\/uploads\/2026\/02\/demissao-ia-1200x675.jpg?fit=1200%2C675&ssl=1&resize=700%2C400 2x, https:\/\/i0.wp.com\/ismaelcolosi.com.br\/wp-content\/uploads\/2026\/02\/demissao-ia-1200x675.jpg?fit=1200%2C675&ssl=1&resize=1050%2C600 3x"},"classes":[]},{"id":81792,"url":"https:\/\/ismaelcolosi.com.br\/index.php\/2025\/01\/17\/ny-exige-que-empresas-informem-demissoes-relacionadas-a-ia\/","url_meta":{"origin":90072,"position":5},"title":"NY Exige Que Empresas Informem Demiss\u00f5es Relacionadas \u00e0 IA","author":"ismaelcolosi.com.br","date":"17 de January de 2025","format":false,"excerpt":"\r Getty Images\r Novidade reflete uma maior conscientiza\u00e7\u00e3o sobre o poder da IA para moldar as organiza\u00e7\u00f5es e a for\u00e7a de trabalho do futuro\r \u00a0 Acessibilidade \r L\r L\r A-\r A+\r \r \u25d0\r \r \u00a0 O crescimento explosivo da intelig\u00eancia artificial no ambiente de trabalho est\u00e1 transformando ind\u00fastrias e gerando\u2026","rel":"","context":"In &quot;Carreira e Sucesso&quot;","block_context":{"text":"Carreira e Sucesso","link":"https:\/\/ismaelcolosi.com.br\/index.php\/category\/carreira-e-sucesso-dicas-para-carreira\/"},"img":{"alt_text":"","src":"https:\/\/i0.wp.com\/ismaelcolosi.com.br\/wp-content\/uploads\/2025\/01\/demissoes-ia-forbes-1200x675.jpg?fit=1200%2C675&ssl=1&resize=350%2C200","width":350,"height":200,"srcset":"https:\/\/i0.wp.com\/ismaelcolosi.com.br\/wp-content\/uploads\/2025\/01\/demissoes-ia-forbes-1200x675.jpg?fit=1200%2C675&ssl=1&resize=350%2C200 1x, https:\/\/i0.wp.com\/ismaelcolosi.com.br\/wp-content\/uploads\/2025\/01\/demissoes-ia-forbes-1200x675.jpg?fit=1200%2C675&ssl=1&resize=525%2C300 1.5x, https:\/\/i0.wp.com\/ismaelcolosi.com.br\/wp-content\/uploads\/2025\/01\/demissoes-ia-forbes-1200x675.jpg?fit=1200%2C675&ssl=1&resize=700%2C400 2x, https:\/\/i0.wp.com\/ismaelcolosi.com.br\/wp-content\/uploads\/2025\/01\/demissoes-ia-forbes-1200x675.jpg?fit=1200%2C675&ssl=1&resize=1050%2C600 3x"},"classes":[]}],"jetpack_sharing_enabled":true,"jetpack_shortlink":"https:\/\/wp.me\/pfMlyK-nqM","_links":{"self":[{"href":"https:\/\/ismaelcolosi.com.br\/index.php\/wp-json\/wp\/v2\/posts\/90072","targetHints":{"allow":["GET"]}}],"collection":[{"href":"https:\/\/ismaelcolosi.com.br\/index.php\/wp-json\/wp\/v2\/posts"}],"about":[{"href":"https:\/\/ismaelcolosi.com.br\/index.php\/wp-json\/wp\/v2\/types\/post"}],"author":[{"embeddable":true,"href":"https:\/\/ismaelcolosi.com.br\/index.php\/wp-json\/wp\/v2\/users\/1"}],"replies":[{"embeddable":true,"href":"https:\/\/ismaelcolosi.com.br\/index.php\/wp-json\/wp\/v2\/comments?post=90072"}],"version-history":[{"count":0,"href":"https:\/\/ismaelcolosi.com.br\/index.php\/wp-json\/wp\/v2\/posts\/90072\/revisions"}],"wp:featuredmedia":[{"embeddable":true,"href":"https:\/\/ismaelcolosi.com.br\/index.php\/wp-json\/wp\/v2\/media\/90073"}],"wp:attachment":[{"href":"https:\/\/ismaelcolosi.com.br\/index.php\/wp-json\/wp\/v2\/media?parent=90072"}],"wp:term":[{"taxonomy":"category","embeddable":true,"href":"https:\/\/ismaelcolosi.com.br\/index.php\/wp-json\/wp\/v2\/categories?post=90072"},{"taxonomy":"post_tag","embeddable":true,"href":"https:\/\/ismaelcolosi.com.br\/index.php\/wp-json\/wp\/v2\/tags?post=90072"}],"curies":[{"name":"wp","href":"https:\/\/api.w.org\/{rel}","templated":true}]}}