{"id":90058,"date":"2026-04-27T14:22:34","date_gmt":"2026-04-27T17:22:34","guid":{"rendered":"https:\/\/ismaelcolosi.com.br\/index.php\/2026\/04\/27\/ibgc-nomeia-novo-presidente-do-conselho-de-administracao\/"},"modified":"2026-04-27T14:22:34","modified_gmt":"2026-04-27T17:22:34","slug":"ibgc-nomeia-novo-presidente-do-conselho-de-administracao","status":"publish","type":"post","link":"https:\/\/ismaelcolosi.com.br\/index.php\/2026\/04\/27\/ibgc-nomeia-novo-presidente-do-conselho-de-administracao\/","title":{"rendered":"IBGC Nomeia Novo Presidente do Conselho de Administra\u00e7\u00e3o"},"content":{"rendered":"<p> <br \/>\n<\/p>\n<div>\n<p>O <strong>IBGC <\/strong>(Instituto Brasileiro de Governan\u00e7a Corporativa) anunciou <strong>Ant\u00f4nio Carlos Bizzo Lima<\/strong> como o novo presidente do <strong>conselho de administra\u00e7\u00e3o<\/strong>. <\/p>\n<p>Eleito pelo colegiado na \u00faltima sexta-feira (24), o executivo assume a lideran\u00e7a para o bi\u00eanio 2026-2028. <strong>Cec\u00edlia Andreucci<\/strong> e <strong>Ricardo Lamenza<\/strong> foram eleitos para a vice-presid\u00eancia. <\/p>\n<aside class=\"content_modules\">\n<h2 class=\"block_label\">Leia Tamb\u00e9m<\/h2>\n<\/aside>\n<p>Desde 2024, Bizzo j\u00e1 atuava como conselheiro do IBGC e coordenador do Comit\u00ea de Auditoria e Riscos do instituto.<\/p>\n<h2 class=\"wp-block-heading\" id=\"h-carreira-internacional\">Carreira internacional<\/h2>\n<p>Com mais de 30 anos de atua\u00e7\u00e3o no mercado financeiro, Bizzo come\u00e7ou a carreira no Banco do Brasil. Durante seus 19 anos na institui\u00e7\u00e3o, liderou opera\u00e7\u00f5es em pa\u00edses como Paraguai, Estados Unidos, Reino Unido e \u00c1ustria. Na sequ\u00eancia, passou cinco anos no Banco Patagonia, na Argentina, onde atuou como vice-presidente executivo e conselheiro de administra\u00e7\u00e3o.<\/p>\n<aside class=\"newsletter content_modules\">&#13;<br \/>\n  &#13;<br \/>\n<\/aside>\n<\/p>\n<p>Sua bagagem \u00e9 marcada pela lideran\u00e7a em finan\u00e7as, gest\u00e3o de riscos, fus\u00f5es e aquisi\u00e7\u00f5es, al\u00e9m de projetos de otimiza\u00e7\u00e3o e reestrutura\u00e7\u00e3o de neg\u00f3cios globais. <\/p>\n<aside class=\"web-story content_modules\">&#13;<br \/>\n  &#13;<br \/>\n<\/aside>\n<p>&#13;\n<\/p>\n<p>Atualmente, o executivo atua como conselheiro consultivo na <strong>99Hunters<\/strong>, membro do Comit\u00ea de Sustentabilidade da <strong>FGCoop <\/strong>e senior advisor da <strong>Condere<\/strong>. \u00c9 formado em economia pela Universidade Cat\u00f3lica de Bras\u00edlia e possui <strong>MBA <\/strong>pelo <strong>Ibmec<\/strong>.<\/p>\n<h2 class=\"wp-block-heading\" id=\"h-por-dentro-do-conselho-do-ibgc\">Por dentro do conselho do IBGC<\/h2>\n<p>O conselho de administra\u00e7\u00e3o do IBGC \u00e9 formado por nove associados (pessoas f\u00edsicas) que atuam em regime pro bono, sem exercer cargos executivos no instituto. Com maioria feminina, o atual colegiado \u00e9 composto por Ant\u00f4nio Bizzo, C\u00e1tia Tokoro, Let\u00edcia Reichert Vieira, Cec\u00edlia Andreucci, Olga Stankevicius Colpo, Ricardo Cesar de Almeida Oberlander, Ricardo Mario Lamenza Alzogaray, Simone Petroni Agra e Tarcila Reis Corr\u00eaa Ursini.<\/p>\n<div class=\"follow-us\">Siga o canal da <a href=\"https:\/\/whatsapp.com\/channel\/0029Va9gQKwBFLgM96cJnu0u\" target=\"_blank\" rel=\"noopener noreferrer nofollow\" title=\"Grupo da Forbes no WhatsApp\">Forbes<\/a> no WhatsApp e receba as principais not\u00edcias de empreendedorismo, carreira, tecnologia, agro e lifestyle.<\/div>\n<\/p><\/div>\n<p><br \/>\n<br \/><a href=\"https:\/\/forbes.com.br\/carreira\/2026\/04\/ibgc-nomeia-novo-presidente-do-conselho-de-administracao\/\">Source link <\/a><\/p>\n<div class='code-block code-block-4' style='margin: 8px auto 8px 0; text-align: left; display: block; clear: both;'>\n\ud83d\udce2 Aviso Legal\n\nO site ismaelcolosi.com.br atua apenas como um canal de divulga\u00e7\u00e3o de oportunidades de emprego e n\u00e3o se responsabiliza pelo processo seletivo, contrata\u00e7\u00e3o ou qualquer outra etapa relacionada \u00e0s vagas publicadas. Todas as informa\u00e7\u00f5es s\u00e3o de responsabilidade dos anunciantes.\n\n\u26a0\ufe0f Aten\u00e7\u00e3o! Nunca pague por promessas de emprego nem compre cursos que garantam contrata\u00e7\u00e3o. Desconfie de qualquer cobran\u00e7a para participar de sele\u00e7\u00f5es.\n\n\n\n<\/div>\n<!-- CONTENT END 1 -->\n","protected":false},"excerpt":{"rendered":"<p>O IBGC (Instituto Brasileiro de Governan\u00e7a Corporativa) anunciou Ant\u00f4nio Carlos Bizzo Lima como o novo presidente do conselho de administra\u00e7\u00e3o. Eleito pelo colegiado na \u00faltima&#8230;<\/p>\n","protected":false},"author":1,"featured_media":90059,"comment_status":"","ping_status":"","sticky":false,"template":"","format":"standard","meta":{"_uag_custom_page_level_css":"","advanced_seo_description":"","jetpack_seo_html_title":"","jetpack_seo_noindex":false,"jetpack_post_was_ever_published":false,"_jetpack_newsletter_access":"","_jetpack_dont_email_post_to_subs":false,"_jetpack_newsletter_tier_id":0,"_jetpack_memberships_contains_paywalled_content":false,"_jetpack_memberships_contains_paid_content":false,"footnotes":"","jetpack_publicize_message":"","jetpack_publicize_feature_enabled":true,"jetpack_social_post_already_shared":true,"jetpack_social_options":{"image_generator_settings":{"template":"highway","default_image_id":0,"font":"","enabled":false},"version":2}},"categories":[1964],"tags":[],"class_list":["post-90058","post","type-post","status-publish","format-standard","has-post-thumbnail","hentry","category-carreira-e-sucesso-dicas-para-carreira"],"jetpack_publicize_connections":[],"jetpack_featured_media_url":"https:\/\/i0.wp.com\/ismaelcolosi.com.br\/wp-content\/uploads\/2026\/04\/ibgc-conselho-de-administracao-Antonio-Bizzo-1200x675.jpg?fit=1200%2C675&ssl=1","uagb_featured_image_src":{"full":["https:\/\/i0.wp.com\/ismaelcolosi.com.br\/wp-content\/uploads\/2026\/04\/ibgc-conselho-de-administracao-Antonio-Bizzo-1200x675.jpg?fit=1200%2C675&ssl=1",1200,675,false],"thumbnail":["https:\/\/i0.wp.com\/ismaelcolosi.com.br\/wp-content\/uploads\/2026\/04\/ibgc-conselho-de-administracao-Antonio-Bizzo-1200x675.jpg?resize=150%2C150&ssl=1",150,150,true],"medium":["https:\/\/i0.wp.com\/ismaelcolosi.com.br\/wp-content\/uploads\/2026\/04\/ibgc-conselho-de-administracao-Antonio-Bizzo-1200x675.jpg?fit=300%2C169&ssl=1",300,169,true],"medium_large":["https:\/\/i0.wp.com\/ismaelcolosi.com.br\/wp-content\/uploads\/2026\/04\/ibgc-conselho-de-administracao-Antonio-Bizzo-1200x675.jpg?fit=768%2C432&ssl=1",768,432,true],"large":["https:\/\/i0.wp.com\/ismaelcolosi.com.br\/wp-content\/uploads\/2026\/04\/ibgc-conselho-de-administracao-Antonio-Bizzo-1200x675.jpg?fit=1024%2C576&ssl=1",1024,576,true],"1536x1536":["https:\/\/i0.wp.com\/ismaelcolosi.com.br\/wp-content\/uploads\/2026\/04\/ibgc-conselho-de-administracao-Antonio-Bizzo-1200x675.jpg?fit=1200%2C675&ssl=1",1200,675,true],"2048x2048":["https:\/\/i0.wp.com\/ismaelcolosi.com.br\/wp-content\/uploads\/2026\/04\/ibgc-conselho-de-administracao-Antonio-Bizzo-1200x675.jpg?fit=1200%2C675&ssl=1",1200,675,true],"really-simple-thumb":["https:\/\/i0.wp.com\/ismaelcolosi.com.br\/wp-content\/uploads\/2026\/04\/ibgc-conselho-de-administracao-Antonio-Bizzo-1200x675.jpg?resize=370%2C247&ssl=1",370,247,true]},"uagb_author_info":{"display_name":"ismaelcolosi.com.br","author_link":"https:\/\/ismaelcolosi.com.br\/index.php\/author\/vidareal-online\/"},"uagb_comment_info":0,"uagb_excerpt":"O IBGC (Instituto Brasileiro de Governan\u00e7a Corporativa) anunciou Ant\u00f4nio Carlos Bizzo Lima como o novo presidente do conselho de administra\u00e7\u00e3o. Eleito pelo colegiado na \u00faltima...","jetpack-related-posts":[{"id":27399,"url":"https:\/\/ismaelcolosi.com.br\/index.php\/2024\/01\/12\/ibgc-abre-programa-para-mulheres-em-conselhos\/","url_meta":{"origin":90058,"position":0},"title":"IBGC abre programa para mulheres em conselhos","author":"ismaelcolosi.com.br","date":"12 de January de 2024","format":false,"excerpt":"Getty ImagesNa sua 8\u00aa edi\u00e7\u00e3o, programa vai formar 35 mulheres para atuar em conselhos Fazer parte de um conselho est\u00e1 entre as proje\u00e7\u00f5es de carreira de muitos executivos e executivas. Hoje, no entanto, as mulheres ocupam apenas 25,3%\u00a0das cadeiras em conselhos de administra\u00e7\u00e3o\u00a0do Brasil, segundo levantamento da Page Executive, unidade\u2026","rel":"","context":"In &quot;Carreira e Sucesso&quot;","block_context":{"text":"Carreira e Sucesso","link":"https:\/\/ismaelcolosi.com.br\/index.php\/category\/carreira-e-sucesso-dicas-para-carreira\/"},"img":{"alt_text":"","src":"https:\/\/i0.wp.com\/ismaelcolosi.com.br\/wp-content\/uploads\/2024\/01\/mulheres-no-conselho-administracao-getty-1024x683.jpg?fit=1024%2C683&ssl=1&resize=350%2C200","width":350,"height":200,"srcset":"https:\/\/i0.wp.com\/ismaelcolosi.com.br\/wp-content\/uploads\/2024\/01\/mulheres-no-conselho-administracao-getty-1024x683.jpg?fit=1024%2C683&ssl=1&resize=350%2C200 1x, https:\/\/i0.wp.com\/ismaelcolosi.com.br\/wp-content\/uploads\/2024\/01\/mulheres-no-conselho-administracao-getty-1024x683.jpg?fit=1024%2C683&ssl=1&resize=525%2C300 1.5x, https:\/\/i0.wp.com\/ismaelcolosi.com.br\/wp-content\/uploads\/2024\/01\/mulheres-no-conselho-administracao-getty-1024x683.jpg?fit=1024%2C683&ssl=1&resize=700%2C400 2x"},"classes":[]},{"id":89461,"url":"https:\/\/ismaelcolosi.com.br\/index.php\/2026\/03\/13\/wcd-brasil-anuncia-vania-neves-como-nova-co-chair\/","url_meta":{"origin":90058,"position":1},"title":"WCD Brasil Anuncia Vania Neves Como Nova Co-Chair","author":"ismaelcolosi.com.br","date":"13 de March de 2026","format":false,"excerpt":"A WCD (Women Corporate Directors), comunidade global sem fins lucrativos dedicada \u00e0 promo\u00e7\u00e3o de boas pr\u00e1ticas de governan\u00e7a e ao est\u00edmulo da diversidade nos conselhos de administra\u00e7\u00e3o, anunciou Vania Neves como nova co-chair no Brasil. A executiva sucede Cristina Pinho, que passa a integrar o conselho consultivo da entidade. Neves\u2026","rel":"","context":"In &quot;Carreira e Sucesso&quot;","block_context":{"text":"Carreira e Sucesso","link":"https:\/\/ismaelcolosi.com.br\/index.php\/category\/carreira-e-sucesso-dicas-para-carreira\/"},"img":{"alt_text":"","src":"https:\/\/i0.wp.com\/ismaelcolosi.com.br\/wp-content\/uploads\/2026\/03\/Vania-Neves-1200x675.jpg?fit=1200%2C675&ssl=1&resize=350%2C200","width":350,"height":200,"srcset":"https:\/\/i0.wp.com\/ismaelcolosi.com.br\/wp-content\/uploads\/2026\/03\/Vania-Neves-1200x675.jpg?fit=1200%2C675&ssl=1&resize=350%2C200 1x, https:\/\/i0.wp.com\/ismaelcolosi.com.br\/wp-content\/uploads\/2026\/03\/Vania-Neves-1200x675.jpg?fit=1200%2C675&ssl=1&resize=525%2C300 1.5x, https:\/\/i0.wp.com\/ismaelcolosi.com.br\/wp-content\/uploads\/2026\/03\/Vania-Neves-1200x675.jpg?fit=1200%2C675&ssl=1&resize=700%2C400 2x, https:\/\/i0.wp.com\/ismaelcolosi.com.br\/wp-content\/uploads\/2026\/03\/Vania-Neves-1200x675.jpg?fit=1200%2C675&ssl=1&resize=1050%2C600 3x"},"classes":[]},{"id":86945,"url":"https:\/\/ismaelcolosi.com.br\/index.php\/2025\/08\/07\/empresas-de-capital-aberto-tem-16-de-mulheres-e-menos-de-1-de-pretos-na-alta-lideranca\/","url_meta":{"origin":90058,"position":2},"title":"Empresas de Capital Aberto T\u00eam 16% de Mulheres e Menos de 1% de Pretos na Alta Lideran\u00e7a","author":"ismaelcolosi.com.br","date":"7 de August de 2025","format":false,"excerpt":"\r monkeybusinessimages\/Getty Images\r Para Val\u00e9ria Caf\u00e9, diretora-geral do IBGC, a diversidade na lideran\u00e7a corporativa deve ser prioridade estrat\u00e9gica\r Acessibilidade \r L\r L\r A-\r A+\r \r \u25d0\r \r A presen\u00e7a de mulheres e pessoas negras em posi\u00e7\u00f5es de lideran\u00e7a nas empresas brasileiras de capital aberto ainda est\u00e1 longe de refletir a\u2026","rel":"","context":"In &quot;Carreira e Sucesso&quot;","block_context":{"text":"Carreira e Sucesso","link":"https:\/\/ismaelcolosi.com.br\/index.php\/category\/carreira-e-sucesso-dicas-para-carreira\/"},"img":{"alt_text":"","src":"https:\/\/i0.wp.com\/ismaelcolosi.com.br\/wp-content\/uploads\/2025\/08\/forbes-pesquisa-ibgc-diversidade-empresas-1-1200x675.jpg?fit=1200%2C675&ssl=1&resize=350%2C200","width":350,"height":200,"srcset":"https:\/\/i0.wp.com\/ismaelcolosi.com.br\/wp-content\/uploads\/2025\/08\/forbes-pesquisa-ibgc-diversidade-empresas-1-1200x675.jpg?fit=1200%2C675&ssl=1&resize=350%2C200 1x, https:\/\/i0.wp.com\/ismaelcolosi.com.br\/wp-content\/uploads\/2025\/08\/forbes-pesquisa-ibgc-diversidade-empresas-1-1200x675.jpg?fit=1200%2C675&ssl=1&resize=525%2C300 1.5x, https:\/\/i0.wp.com\/ismaelcolosi.com.br\/wp-content\/uploads\/2025\/08\/forbes-pesquisa-ibgc-diversidade-empresas-1-1200x675.jpg?fit=1200%2C675&ssl=1&resize=700%2C400 2x, https:\/\/i0.wp.com\/ismaelcolosi.com.br\/wp-content\/uploads\/2025\/08\/forbes-pesquisa-ibgc-diversidade-empresas-1-1200x675.jpg?fit=1200%2C675&ssl=1&resize=1050%2C600 3x"},"classes":[]},{"id":85747,"url":"https:\/\/ismaelcolosi.com.br\/index.php\/2025\/05\/27\/eletronet-anuncia-novo-ceo\/","url_meta":{"origin":90058,"position":3},"title":"Eletronet Anuncia Novo CEO","author":"ismaelcolosi.com.br","date":"27 de May de 2025","format":false,"excerpt":"\r \r \r \r Com 20 anos de experi\u00eancia no setor, Rog\u00e9rio Garchet assume lideran\u00e7a da operadora nacional de telecomunica\u00e7\u00f5es do grupo Eletrobras \r \r \r \r Divulga\u00e7\u00e3o\r Novo CEO da Eletronet, Rog\u00e9rio Garchet \u00e9 formado em administra\u00e7\u00e3o de empresas pela Universidade Federal de Minas Gerais\r Acessibilidade \r L\r L\r\u2026","rel":"","context":"In &quot;Carreira e Sucesso&quot;","block_context":{"text":"Carreira e Sucesso","link":"https:\/\/ismaelcolosi.com.br\/index.php\/category\/carreira-e-sucesso-dicas-para-carreira\/"},"img":{"alt_text":"","src":"https:\/\/i0.wp.com\/ismaelcolosi.com.br\/wp-content\/uploads\/2025\/05\/forbes-Eletronet-anuncia-Rogerio-Garchet-como-novo-CEO-1200x675.jpg?fit=1200%2C675&ssl=1&resize=350%2C200","width":350,"height":200,"srcset":"https:\/\/i0.wp.com\/ismaelcolosi.com.br\/wp-content\/uploads\/2025\/05\/forbes-Eletronet-anuncia-Rogerio-Garchet-como-novo-CEO-1200x675.jpg?fit=1200%2C675&ssl=1&resize=350%2C200 1x, https:\/\/i0.wp.com\/ismaelcolosi.com.br\/wp-content\/uploads\/2025\/05\/forbes-Eletronet-anuncia-Rogerio-Garchet-como-novo-CEO-1200x675.jpg?fit=1200%2C675&ssl=1&resize=525%2C300 1.5x, https:\/\/i0.wp.com\/ismaelcolosi.com.br\/wp-content\/uploads\/2025\/05\/forbes-Eletronet-anuncia-Rogerio-Garchet-como-novo-CEO-1200x675.jpg?fit=1200%2C675&ssl=1&resize=700%2C400 2x, https:\/\/i0.wp.com\/ismaelcolosi.com.br\/wp-content\/uploads\/2025\/05\/forbes-Eletronet-anuncia-Rogerio-Garchet-como-novo-CEO-1200x675.jpg?fit=1200%2C675&ssl=1&resize=1050%2C600 3x"},"classes":[]},{"id":84709,"url":"https:\/\/ismaelcolosi.com.br\/index.php\/2025\/04\/22\/ex-ceo-da-gerdau-assume-presidencia-do-conselho-de-administracao\/","url_meta":{"origin":90058,"position":4},"title":"Ex-CEO da Gerdau Assume Presid\u00eancia do Conselho de Administra\u00e7\u00e3o","author":"ismaelcolosi.com.br","date":"22 de April de 2025","format":false,"excerpt":"\r \r \r \r Empres\u00e1rio Andr\u00e9 Gerdau Johannpeter \u00e9 o novo presidente do colegiado da gigante sider\u00fargica\r \r \r \r \r \r \r \r \r \r Divulga\u00e7\u00e3o\r Antes de assumir o conselho, Andr\u00e9 Johannpeter liderou a Gerdau como CEO por uma d\u00e9cada \r Acessibilidade \r L\r L\r A-\r A+\r \r\u2026","rel":"","context":"In &quot;Carreira e Sucesso&quot;","block_context":{"text":"Carreira e Sucesso","link":"https:\/\/ismaelcolosi.com.br\/index.php\/category\/carreira-e-sucesso-dicas-para-carreira\/"},"img":{"alt_text":"","src":"https:\/\/i0.wp.com\/ismaelcolosi.com.br\/wp-content\/uploads\/2025\/04\/forbes-Andre-Bier-Gerdau-Johannpeter-1200x675.jpg?fit=1200%2C675&ssl=1&resize=350%2C200","width":350,"height":200,"srcset":"https:\/\/i0.wp.com\/ismaelcolosi.com.br\/wp-content\/uploads\/2025\/04\/forbes-Andre-Bier-Gerdau-Johannpeter-1200x675.jpg?fit=1200%2C675&ssl=1&resize=350%2C200 1x, https:\/\/i0.wp.com\/ismaelcolosi.com.br\/wp-content\/uploads\/2025\/04\/forbes-Andre-Bier-Gerdau-Johannpeter-1200x675.jpg?fit=1200%2C675&ssl=1&resize=525%2C300 1.5x, https:\/\/i0.wp.com\/ismaelcolosi.com.br\/wp-content\/uploads\/2025\/04\/forbes-Andre-Bier-Gerdau-Johannpeter-1200x675.jpg?fit=1200%2C675&ssl=1&resize=700%2C400 2x, https:\/\/i0.wp.com\/ismaelcolosi.com.br\/wp-content\/uploads\/2025\/04\/forbes-Andre-Bier-Gerdau-Johannpeter-1200x675.jpg?fit=1200%2C675&ssl=1&resize=1050%2C600 3x"},"classes":[]},{"id":14390,"url":"https:\/\/ismaelcolosi.com.br\/index.php\/2023\/12\/12\/mulheres-nos-conselhos-melhoram-a-tomada-de-decisao\/","url_meta":{"origin":90058,"position":5},"title":"Mulheres nos conselhos melhoram a tomada de decis\u00e3o","author":"ismaelcolosi.com.br","date":"12 de December de 2023","format":false,"excerpt":"Getty ImagesPresen\u00e7a de mulheres nos conselhos ajuda a moderar o excesso de confian\u00e7a dos CEOs homens Mulheres ocupam apenas 15,2% das cadeiras em conselhos de administra\u00e7\u00e3o, fiscais e diretorias de capital aberto do Brasil, segundo um levantamento do IBGC (Instituto Brasileiro de Governan\u00e7a Corporativa) deste ano. Enquanto a representatividade feminina\u2026","rel":"","context":"In &quot;Carreira e Sucesso&quot;","block_context":{"text":"Carreira e Sucesso","link":"https:\/\/ismaelcolosi.com.br\/index.php\/category\/carreira-e-sucesso-dicas-para-carreira\/"},"img":{"alt_text":"","src":"https:\/\/i0.wp.com\/ismaelcolosi.com.br\/wp-content\/uploads\/2023\/12\/mulher-conselho-lideranca-feminina-1024x683.jpg?fit=1024%2C683&ssl=1&resize=350%2C200","width":350,"height":200,"srcset":"https:\/\/i0.wp.com\/ismaelcolosi.com.br\/wp-content\/uploads\/2023\/12\/mulher-conselho-lideranca-feminina-1024x683.jpg?fit=1024%2C683&ssl=1&resize=350%2C200 1x, https:\/\/i0.wp.com\/ismaelcolosi.com.br\/wp-content\/uploads\/2023\/12\/mulher-conselho-lideranca-feminina-1024x683.jpg?fit=1024%2C683&ssl=1&resize=525%2C300 1.5x, https:\/\/i0.wp.com\/ismaelcolosi.com.br\/wp-content\/uploads\/2023\/12\/mulher-conselho-lideranca-feminina-1024x683.jpg?fit=1024%2C683&ssl=1&resize=700%2C400 2x"},"classes":[]}],"jetpack_sharing_enabled":true,"jetpack_shortlink":"https:\/\/wp.me\/pfMlyK-nqy","_links":{"self":[{"href":"https:\/\/ismaelcolosi.com.br\/index.php\/wp-json\/wp\/v2\/posts\/90058","targetHints":{"allow":["GET"]}}],"collection":[{"href":"https:\/\/ismaelcolosi.com.br\/index.php\/wp-json\/wp\/v2\/posts"}],"about":[{"href":"https:\/\/ismaelcolosi.com.br\/index.php\/wp-json\/wp\/v2\/types\/post"}],"author":[{"embeddable":true,"href":"https:\/\/ismaelcolosi.com.br\/index.php\/wp-json\/wp\/v2\/users\/1"}],"replies":[{"embeddable":true,"href":"https:\/\/ismaelcolosi.com.br\/index.php\/wp-json\/wp\/v2\/comments?post=90058"}],"version-history":[{"count":0,"href":"https:\/\/ismaelcolosi.com.br\/index.php\/wp-json\/wp\/v2\/posts\/90058\/revisions"}],"wp:featuredmedia":[{"embeddable":true,"href":"https:\/\/ismaelcolosi.com.br\/index.php\/wp-json\/wp\/v2\/media\/90059"}],"wp:attachment":[{"href":"https:\/\/ismaelcolosi.com.br\/index.php\/wp-json\/wp\/v2\/media?parent=90058"}],"wp:term":[{"taxonomy":"category","embeddable":true,"href":"https:\/\/ismaelcolosi.com.br\/index.php\/wp-json\/wp\/v2\/categories?post=90058"},{"taxonomy":"post_tag","embeddable":true,"href":"https:\/\/ismaelcolosi.com.br\/index.php\/wp-json\/wp\/v2\/tags?post=90058"}],"curies":[{"name":"wp","href":"https:\/\/api.w.org\/{rel}","templated":true}]}}