{"id":90048,"date":"2026-04-27T05:01:53","date_gmt":"2026-04-27T08:01:53","guid":{"rendered":"https:\/\/ismaelcolosi.com.br\/index.php\/2026\/04\/27\/ia-podera-assumir-95-das-tarefas-ate-2029-veja-como-se-manter-a-frente\/"},"modified":"2026-04-27T05:01:53","modified_gmt":"2026-04-27T08:01:53","slug":"ia-podera-assumir-95-das-tarefas-ate-2029-veja-como-se-manter-a-frente","status":"publish","type":"post","link":"https:\/\/ismaelcolosi.com.br\/index.php\/2026\/04\/27\/ia-podera-assumir-95-das-tarefas-ate-2029-veja-como-se-manter-a-frente\/","title":{"rendered":"IA Poder\u00e1 Assumir 95% das Tarefas at\u00e9 2029; Veja Como Se Manter \u00c0 Frente"},"content":{"rendered":"<p> <br \/>\n<\/p>\n<div>\n<p>Uma <a href=\"https:\/\/www.goldmansachs.com\/insights\/articles\/how-will-ai-affect-the-us-labor-market\" target=\"_blank\" rel=\"noreferrer noopener\">pesquisa do Goldman Sachs<\/a> estima que 300 milh\u00f5es de empregos no mundo est\u00e3o expostos \u00e0 automa\u00e7\u00e3o. Essa disrup\u00e7\u00e3o j\u00e1 come\u00e7ou. Um <a href=\"https:\/\/futuretech.mit.edu\/publication\/crashing-waves-vs-rising-tides-preliminary-findings-on-ai-automation-from-thousands-of-worker-evaluations-of-labor-market-tasks\" target=\"_blank\" rel=\"noreferrer noopener\">novo estudo do MIT FutureTech<\/a>, baseado em mais de 17 mil avalia\u00e7\u00f5es feitas por profissionais sobre 3 mil tarefas reais de trabalho, conclui que a<strong> intelig\u00eancia artificial <\/strong>poder\u00e1 executar at\u00e9 95% do trabalho baseado em texto em um n\u00edvel minimamente satisfat\u00f3rio at\u00e9 2029.<\/p>\n<p>Essa mudan\u00e7a n\u00e3o chega como um choque repentino. Trata-se de uma evolu\u00e7\u00e3o lenta e abrangente, que os pesquisadores descrevem como uma \u201cmar\u00e9 crescente\u201d. A IA vem evoluindo de forma cont\u00ednua em an\u00e1lise, documenta\u00e7\u00e3o, comunica\u00e7\u00e3o e diversas outras atividades t\u00edpicas do trabalho intelectual, tudo ao mesmo tempo.<\/p>\n<aside class=\"content_modules\">\n<h2 class=\"block_label\">Leia Tamb\u00e9m<\/h2>\n<\/aside>\n<p>Embora essa abordagem soe tranquilizadora, mudan\u00e7as graduais s\u00e3o mais f\u00e1ceis de ignorar do que as abruptas. Por isso, o momento de agir \u00e9 agora. Os cinco passos a seguir oferecem um bom ponto de partida.<\/p>\n<h2 class=\"wp-block-heading\" id=\"h-mapeie-o-seu-proprio-trabalho-antes-que-alguem-faca-isso-por-voce\">Mapeie o seu pr\u00f3prio trabalho antes que algu\u00e9m fa\u00e7a isso por voc\u00ea<\/h2>\n<p>A maioria dos profissionais do conhecimento tem uma no\u00e7\u00e3o geral do que faz no dia a dia, mas nunca analisou suas atividades sob a \u00f3tica da vulnerabilidade \u00e0 IA. Comece mapeando sua <strong>semana de trabalho<\/strong>, tarefa por tarefa, e identifique aquelas que se encaixam neste perfil:<\/p>\n<ul class=\"wp-block-list\">\n<li>Se repetem regularmente ao longo da semana;<\/li>\n<li>Dependem principalmente de leitura, escrita ou s\u00edntese;<\/li>\n<li>Levam menos de quatro horas do in\u00edcio ao fim;<\/li>\n<li>Resultam em um documento, resumo, relat\u00f3rio ou outro material escrito.<\/li>\n<\/ul>\n<p>Segundo o estudo do MIT, essas s\u00e3o as tarefas nas quais a IA j\u00e1 apresenta desempenho aceit\u00e1vel em uma parcela significativa de casos reais.<\/p>\n<aside class=\"newsletter content_modules\">&#13;<br \/>\n  &#13;<br \/>\n<\/aside>\n<\/p>\n<p>Profissionais que entendem onde a IA j\u00e1 se sobrep\u00f5e \u00e0s suas fun\u00e7\u00f5es est\u00e3o mais preparados para ter conversas informadas com gestores, redirecionar esfor\u00e7os para atividades de maior valor e tomar decis\u00f5es mais estrat\u00e9gicas sobre o desenvolvimento de habilidades. Esperar que essa conversa seja iniciada por outra pessoa coloca voc\u00ea em desvantagem.<\/p>\n<aside class=\"web-story content_modules\">&#13;<br \/>\n  &#13;<br \/>\n<\/aside>\n<p>&#13;\n<\/p>\n<h2 class=\"wp-block-heading\" id=\"h-desenvolva-fluencia-em-ia-antes-que-isso-vire-o-basico-esperado\">Desenvolva flu\u00eancia em IA antes que isso vire o b\u00e1sico esperado<\/h2>\n<p>A <strong>flu\u00eancia em IA <\/strong>est\u00e1 se tornando um requisito b\u00e1sico profissional, assim como o dom\u00ednio de planilhas foi para a gera\u00e7\u00e3o anterior.<\/p>\n<p>Quem desenvolver experi\u00eancia pr\u00e1tica com ferramentas de IA hoje, estar\u00e1 treinando colegas e liderando a ado\u00e7\u00e3o dessas tecnologias nos pr\u00f3ximos anos. J\u00e1 quem esperar at\u00e9 que isso seja formalmente exigido, vai precisar correr atr\u00e1s.<\/p>\n<p>O ponto de partida \u00e9 usar IA nas tarefas que voc\u00ea j\u00e1 realiza. Veja algumas formas de come\u00e7ar:<\/p>\n<ul class=\"wp-block-list\">\n<li>Usar IA para gerar rascunhos de relat\u00f3rios, e-mails ou apresenta\u00e7\u00f5es, e depois editar e refinar o conte\u00fado;<\/li>\n<li>Resumir documentos longos ou pesquisas antes de mergulhar no material completo;<\/li>\n<li>Preparar pontos de discuss\u00e3o ou briefings para reuni\u00f5es com ajuda da IA;<\/li>\n<li>Testar a IA em tarefas que consomem muito tempo e avaliar criticamente os resultados.<\/li>\n<\/ul>\n<p>O objetivo, neste est\u00e1gio, \u00e9 ganhar familiaridade, desenvolver senso cr\u00edtico e aumentar a velocidade.<\/p>\n<p>Profissionais que sabem onde a IA funciona bem (e onde ela costuma falhar) estar\u00e3o muito mais preparados para utiliz\u00e1-la de forma eficaz e identificar erros que poderiam passar despercebidos.<\/p>\n<h2 class=\"wp-block-heading\" id=\"h-direcione-seu-tempo-para-atividades-que-exigem-julgamento-humano\">Direcione seu tempo para atividades que exigem julgamento humano<\/h2>\n<p>O estudo do MIT indica que a IA apresenta bom desempenho em tarefas estruturadas, baseadas em linguagem e com escopo bem definido. J\u00e1 em atividades que exigem leitura de contexto, concilia\u00e7\u00e3o de prioridades concorrentes ou tomada de decis\u00f5es com consequ\u00eancias reais, seu desempenho ainda \u00e9 mais limitado. \u00c9 exatamente nesse espa\u00e7o que os profissionais devem investir tempo e energia.<\/p>\n<p>Isso significa dedicar mais tempo, de forma intencional, a atividades como:<\/p>\n<ul class=\"wp-block-list\">\n<li>Gerenciar rela\u00e7\u00f5es complexas com clientes ou stakeholders;<\/li>\n<li>Conduzir conversas em que confian\u00e7a, tom e contexto s\u00e3o essenciais;<\/li>\n<li>Tomar decis\u00f5es que exigem julgamento \u00e9tico ou conhecimento organizacional;<\/li>\n<li>Estruturar problemas de forma criativa antes de buscar solu\u00e7\u00f5es;<\/li>\n<li>Integrar informa\u00e7\u00f5es entre equipes ou \u00e1reas de forma contextualizada.<\/li>\n<\/ul>\n<p>A IA pode apoiar muitas dessas atividades, mas ainda est\u00e1 longe de substituir o elemento humano de forma consistente. Profissionais que se posicionam mais pr\u00f3ximos desse tipo de trabalho tendem a ser mais dif\u00edceis de automatizar e mais valiosos para suas organiza\u00e7\u00f5es.<\/p>\n<h2 class=\"wp-block-heading\" id=\"h-aprofunde-sua-especializacao-para-continuar-sendo-necessario\">Aprofunde sua especializa\u00e7\u00e3o para continuar sendo necess\u00e1rio<\/h2>\n<p>As taxas de sucesso da IA variam por \u00e1rea. No <strong>campo jur\u00eddico<\/strong>, por exemplo, o \u00edndice \u00e9 de 47% (um dos mais baixos do estudo), em grande parte porque outputs (os resultados gerados) em \u00e1reas especializadas ainda exigem revis\u00e3o, valida\u00e7\u00e3o e aprova\u00e7\u00e3o de especialistas.<\/p>\n<p>Para profissionais do conhecimento, a estrat\u00e9gia \u00e9 clara: aprofundar-se na sua \u00e1rea, em vez de se tornar generalista. Algumas formas de fazer isso na pr\u00e1tica:<\/p>\n<ul class=\"wp-block-list\">\n<li>Buscar certifica\u00e7\u00f5es, cursos avan\u00e7ados ou credenciais especializadas;<\/li>\n<li>Construir hist\u00f3rico em projetos ou casos mais complexos do seu campo;<\/li>\n<li>Posicionar-se como a pessoa cujo julgamento \u00e9 necess\u00e1rio antes que outputs de IA sejam utilizados;<\/li>\n<li>Manter-se atualizado sobre como a IA est\u00e1 sendo adotada especificamente no seu setor.<\/li>\n<\/ul>\n<p>Os profissionais mais dif\u00edceis de substituir ser\u00e3o aqueles que combinam forte <strong>conhecimento t\u00e9cnico <\/strong>com a capacidade de avaliar criticamente os resultados gerados por IA.<\/p>\n<p>A habilidade mais valiosa em um ambiente de trabalho com IA \u00e9 saber como utiliz\u00e1-la de forma eficaz.<\/p>\n<p>Profissionais que dominam sua \u00e1rea e conseguem avaliar, orientar e refinar outputs de IA se tornar\u00e3o essenciais. J\u00e1 aqueles que enxergam a IA apenas como amea\u00e7a tendem a gastar energia na dire\u00e7\u00e3o errada.<\/p>\n<p>Essa \u00e9 uma habilidade que pode ser desenvolvida. Algumas formas pr\u00e1ticas de come\u00e7ar:<\/p>\n<ul class=\"wp-block-list\">\n<li>Praticar a escrita de prompts claros e espec\u00edficos, que gerem resultados \u00fateis, e n\u00e3o gen\u00e9ricos;<\/li>\n<li>Criar o h\u00e1bito de revisar criticamente outputs de IA antes de us\u00e1-los ou compartilh\u00e1-los;<\/li>\n<li>Entender os limites do que as ferramentas de IA da sua \u00e1rea conseguem ou n\u00e3o fazer com confiabilidade;<\/li>\n<li>Participar de projetos de implementa\u00e7\u00e3o ou avalia\u00e7\u00e3o de IA dentro da sua organiza\u00e7\u00e3o.<\/li>\n<\/ul>\n<p>Profissionais que dominarem essa forma de trabalhar ser\u00e3o os mais valorizados \u00e0 medida que a ado\u00e7\u00e3o da IA acelerar.<\/p>\n<h2 class=\"wp-block-heading\" id=\"h-quanto-tempo-os-profissionais-tem-para-se-adaptar\">Quanto tempo os profissionais t\u00eam para se adaptar?<\/h2>\n<p>Os pesquisadores do MIT ressaltam que um desempenho quase perfeito da IA na maioria das tarefas ainda est\u00e1 a alguns anos de dist\u00e2ncia, o que oferece um certo f\u00f4lego.<\/p>\n<p>Ainda assim, com a complexidade das tarefas que a IA consegue executar dobrando a cada 3,8 meses e as taxas de sucesso avan\u00e7ando entre 8 e 11 pontos percentuais ao ano, profissionais que come\u00e7arem a se preparar desde j\u00e1 ter\u00e3o uma vantagem clara sobre aqueles que optarem por esperar.<\/p>\n<p><em>*Caroline Castrillon \u00e9 colaboradora da Forbes USA. Ela \u00e9 mentora de lideran\u00e7a corporativa e ajuda mulheres a lidar com mudan\u00e7as em suas carreiras.<\/em><\/p>\n<p><em><strong>*Reportagem publicada originalmente em<a href=\"https:\/\/www.forbes.com\/sites\/carolinecastrillon\/2026\/04\/16\/ai-could-handle-95-of-work-tasks-by-2029-heres-how-to-stay-ahead\/\" target=\"_blank\" rel=\"noreferrer noopener\"> Forbes.com<\/a><\/strong><\/em><\/p>\n<div class=\"follow-us\">Siga o canal da <a href=\"https:\/\/whatsapp.com\/channel\/0029Va9gQKwBFLgM96cJnu0u\" target=\"_blank\" rel=\"noopener noreferrer nofollow\" title=\"Grupo da Forbes no WhatsApp\">Forbes<\/a> no WhatsApp e receba as principais not\u00edcias de empreendedorismo, carreira, tecnologia, agro e lifestyle.<\/div>\n<\/p><\/div>\n<p><br \/>\n<br \/><a href=\"https:\/\/forbes.com.br\/carreira\/2026\/04\/ia-podera-assumir-95-das-tarefas-ate-2029-veja-como-se-manter-a-frente\/\">Source link <\/a><\/p>\n<div class='code-block code-block-4' style='margin: 8px auto 8px 0; text-align: left; display: block; clear: both;'>\n\ud83d\udce2 Aviso Legal\n\nO site ismaelcolosi.com.br atua apenas como um canal de divulga\u00e7\u00e3o de oportunidades de emprego e n\u00e3o se responsabiliza pelo processo seletivo, contrata\u00e7\u00e3o ou qualquer outra etapa relacionada \u00e0s vagas publicadas. Todas as informa\u00e7\u00f5es s\u00e3o de responsabilidade dos anunciantes.\n\n\u26a0\ufe0f Aten\u00e7\u00e3o! Nunca pague por promessas de emprego nem compre cursos que garantam contrata\u00e7\u00e3o. Desconfie de qualquer cobran\u00e7a para participar de sele\u00e7\u00f5es.\n\n\n\n<\/div>\n<!-- CONTENT END 1 -->\n","protected":false},"excerpt":{"rendered":"<p>Uma pesquisa do Goldman Sachs estima que 300 milh\u00f5es de empregos no mundo est\u00e3o expostos \u00e0 automa\u00e7\u00e3o. Essa disrup\u00e7\u00e3o j\u00e1 come\u00e7ou. Um novo estudo do&#8230;<\/p>\n","protected":false},"author":1,"featured_media":90049,"comment_status":"","ping_status":"","sticky":false,"template":"","format":"standard","meta":{"_uag_custom_page_level_css":"","advanced_seo_description":"","jetpack_seo_html_title":"","jetpack_seo_noindex":false,"jetpack_post_was_ever_published":false,"_jetpack_newsletter_access":"","_jetpack_dont_email_post_to_subs":false,"_jetpack_newsletter_tier_id":0,"_jetpack_memberships_contains_paywalled_content":false,"_jetpack_memberships_contains_paid_content":false,"footnotes":"","jetpack_publicize_message":"","jetpack_publicize_feature_enabled":true,"jetpack_social_post_already_shared":true,"jetpack_social_options":{"image_generator_settings":{"template":"highway","default_image_id":0,"font":"","enabled":false},"version":2}},"categories":[1964],"tags":[],"class_list":["post-90048","post","type-post","status-publish","format-standard","has-post-thumbnail","hentry","category-carreira-e-sucesso-dicas-para-carreira"],"jetpack_publicize_connections":[],"jetpack_featured_media_url":"https:\/\/i0.wp.com\/ismaelcolosi.com.br\/wp-content\/uploads\/2026\/04\/Profissionais-que-desenvolverem-fluencia-em-IA-desde-cedo-estarao-mais-bem-posicionados-a-medida-que-a-automacao-transformar-o-ambiente-de-trabalho-1200x675.jpg?fit=1200%2C675&ssl=1","uagb_featured_image_src":{"full":["https:\/\/i0.wp.com\/ismaelcolosi.com.br\/wp-content\/uploads\/2026\/04\/Profissionais-que-desenvolverem-fluencia-em-IA-desde-cedo-estarao-mais-bem-posicionados-a-medida-que-a-automacao-transformar-o-ambiente-de-trabalho-1200x675.jpg?fit=1200%2C675&ssl=1",1200,675,false],"thumbnail":["https:\/\/i0.wp.com\/ismaelcolosi.com.br\/wp-content\/uploads\/2026\/04\/Profissionais-que-desenvolverem-fluencia-em-IA-desde-cedo-estarao-mais-bem-posicionados-a-medida-que-a-automacao-transformar-o-ambiente-de-trabalho-1200x675.jpg?resize=150%2C150&ssl=1",150,150,true],"medium":["https:\/\/i0.wp.com\/ismaelcolosi.com.br\/wp-content\/uploads\/2026\/04\/Profissionais-que-desenvolverem-fluencia-em-IA-desde-cedo-estarao-mais-bem-posicionados-a-medida-que-a-automacao-transformar-o-ambiente-de-trabalho-1200x675.jpg?fit=300%2C169&ssl=1",300,169,true],"medium_large":["https:\/\/i0.wp.com\/ismaelcolosi.com.br\/wp-content\/uploads\/2026\/04\/Profissionais-que-desenvolverem-fluencia-em-IA-desde-cedo-estarao-mais-bem-posicionados-a-medida-que-a-automacao-transformar-o-ambiente-de-trabalho-1200x675.jpg?fit=768%2C432&ssl=1",768,432,true],"large":["https:\/\/i0.wp.com\/ismaelcolosi.com.br\/wp-content\/uploads\/2026\/04\/Profissionais-que-desenvolverem-fluencia-em-IA-desde-cedo-estarao-mais-bem-posicionados-a-medida-que-a-automacao-transformar-o-ambiente-de-trabalho-1200x675.jpg?fit=1024%2C576&ssl=1",1024,576,true],"1536x1536":["https:\/\/i0.wp.com\/ismaelcolosi.com.br\/wp-content\/uploads\/2026\/04\/Profissionais-que-desenvolverem-fluencia-em-IA-desde-cedo-estarao-mais-bem-posicionados-a-medida-que-a-automacao-transformar-o-ambiente-de-trabalho-1200x675.jpg?fit=1200%2C675&ssl=1",1200,675,true],"2048x2048":["https:\/\/i0.wp.com\/ismaelcolosi.com.br\/wp-content\/uploads\/2026\/04\/Profissionais-que-desenvolverem-fluencia-em-IA-desde-cedo-estarao-mais-bem-posicionados-a-medida-que-a-automacao-transformar-o-ambiente-de-trabalho-1200x675.jpg?fit=1200%2C675&ssl=1",1200,675,true],"really-simple-thumb":["https:\/\/i0.wp.com\/ismaelcolosi.com.br\/wp-content\/uploads\/2026\/04\/Profissionais-que-desenvolverem-fluencia-em-IA-desde-cedo-estarao-mais-bem-posicionados-a-medida-que-a-automacao-transformar-o-ambiente-de-trabalho-1200x675.jpg?resize=370%2C247&ssl=1",370,247,true]},"uagb_author_info":{"display_name":"ismaelcolosi.com.br","author_link":"https:\/\/ismaelcolosi.com.br\/index.php\/author\/vidareal-online\/"},"uagb_comment_info":0,"uagb_excerpt":"Uma pesquisa do Goldman Sachs estima que 300 milh\u00f5es de empregos no mundo est\u00e3o expostos \u00e0 automa\u00e7\u00e3o. Essa disrup\u00e7\u00e3o j\u00e1 come\u00e7ou. Um novo estudo do...","jetpack-related-posts":[{"id":89579,"url":"https:\/\/ismaelcolosi.com.br\/index.php\/2026\/03\/24\/um-agente-de-ia-para-ceos\/","url_meta":{"origin":90048,"position":0},"title":"um Agente de IA para CEOs","author":"ismaelcolosi.com.br","date":"24 de March de 2026","format":false,"excerpt":"Mark Zuckerberg est\u00e1 desenvolvendo um agente de intelig\u00eancia artificial voltado para CEOs, de forma a o ajudar em seu trabalho. A informa\u00e7\u00e3o foi dada com exclusividade para o Wall Street Journal, por uma pessoa familiarizada com o projeto. At\u00e9 o momento, o agente tem ajudado o diretor executivo da Meta\u2026","rel":"","context":"In &quot;Carreira e Sucesso&quot;","block_context":{"text":"Carreira e Sucesso","link":"https:\/\/ismaelcolosi.com.br\/index.php\/category\/carreira-e-sucesso-dicas-para-carreira\/"},"img":{"alt_text":"","src":"https:\/\/i0.wp.com\/ismaelcolosi.com.br\/wp-content\/uploads\/2026\/03\/Mark-Zuckerberg-1200x675.jpg?fit=1200%2C675&ssl=1&resize=350%2C200","width":350,"height":200,"srcset":"https:\/\/i0.wp.com\/ismaelcolosi.com.br\/wp-content\/uploads\/2026\/03\/Mark-Zuckerberg-1200x675.jpg?fit=1200%2C675&ssl=1&resize=350%2C200 1x, https:\/\/i0.wp.com\/ismaelcolosi.com.br\/wp-content\/uploads\/2026\/03\/Mark-Zuckerberg-1200x675.jpg?fit=1200%2C675&ssl=1&resize=525%2C300 1.5x, https:\/\/i0.wp.com\/ismaelcolosi.com.br\/wp-content\/uploads\/2026\/03\/Mark-Zuckerberg-1200x675.jpg?fit=1200%2C675&ssl=1&resize=700%2C400 2x, https:\/\/i0.wp.com\/ismaelcolosi.com.br\/wp-content\/uploads\/2026\/03\/Mark-Zuckerberg-1200x675.jpg?fit=1200%2C675&ssl=1&resize=1050%2C600 3x"},"classes":[]},{"id":60048,"url":"https:\/\/ismaelcolosi.com.br\/index.php\/2024\/08\/14\/ia-nao-vai-roubar-seu-emprego-por-enquanto-mas-vai-mudar-tarefas-diz-especialista\/","url_meta":{"origin":90048,"position":1},"title":"IA n\u00e3o vai roubar seu emprego (por enquanto), mas vai mudar tarefas, diz especialista","author":"ismaelcolosi.com.br","date":"14 de August de 2024","format":false,"excerpt":"Ana Carolina Nunesi Ana Carolina Nunes 14\/08\/2024 - 7:00 O trabalhador padr\u00e3o sempre temeu o desemprego. Com o avan\u00e7o da intelig\u00eancia artificial, esse receio aumentou, j\u00e1 que muitos associam a tecnologia com um rob\u00f4 super eficiente que vai \u201croubar\u201d o trabalho de todos.+ \u2018Enem dos concursos\u2019: governo criar\u00e1 lista de\u2026","rel":"","context":"In &quot;Empregos - Classificados&quot;","block_context":{"text":"Empregos - Classificados","link":"https:\/\/ismaelcolosi.com.br\/index.php\/category\/empregos-classificados-vagas-trabalho\/"},"img":{"alt_text":"","src":"https:\/\/i0.wp.com\/ismaelcolosi.com.br\/wp-content\/uploads\/2024\/08\/adriano-mussa-2.jpg?fit=864%2C948&ssl=1&resize=350%2C200","width":350,"height":200,"srcset":"https:\/\/i0.wp.com\/ismaelcolosi.com.br\/wp-content\/uploads\/2024\/08\/adriano-mussa-2.jpg?fit=864%2C948&ssl=1&resize=350%2C200 1x, https:\/\/i0.wp.com\/ismaelcolosi.com.br\/wp-content\/uploads\/2024\/08\/adriano-mussa-2.jpg?fit=864%2C948&ssl=1&resize=525%2C300 1.5x, https:\/\/i0.wp.com\/ismaelcolosi.com.br\/wp-content\/uploads\/2024\/08\/adriano-mussa-2.jpg?fit=864%2C948&ssl=1&resize=700%2C400 2x"},"classes":[]},{"id":85550,"url":"https:\/\/ismaelcolosi.com.br\/index.php\/2025\/05\/21\/65-das-habilidades-necessarias-no-trabalho-vao-mudar-ate-2030-diz-diretor-geral-do-linkedin-2\/","url_meta":{"origin":90048,"position":2},"title":"65% das habilidades necess\u00e1rias no trabalho v\u00e3o mudar at\u00e9 2030, diz diretor-geral do LinkedIn","author":"ismaelcolosi.com.br","date":"21 de May de 2025","format":false,"excerpt":"Em um futuro breve, mais da metade das habilidades de profissionais n\u00e3o ser\u00e1 mais necess\u00e1ria e precisar\u00e1 ser substitu\u00edda. Essa \u00e9 a expectativa de Milton Beck, Diretor-Geral do LinkedIn para a Am\u00e9rica Latina e \u00c1frica. +Quando vale a pena ser MEI? Entenda diferen\u00e7as entre trabalhador informal, aut\u00f4nomo e CLT Segundo\u2026","rel":"","context":"In &quot;Empregos - Classificados&quot;","block_context":{"text":"Empregos - Classificados","link":"https:\/\/ismaelcolosi.com.br\/index.php\/category\/empregos-classificados-vagas-trabalho\/"},"img":{"alt_text":"","src":"","width":0,"height":0},"classes":[]},{"id":86669,"url":"https:\/\/ismaelcolosi.com.br\/index.php\/2025\/07\/17\/inteligencia-artificial-nao-apenas-automatiza-tarefas-mas-pode-ser-sua-nova-chefe\/","url_meta":{"origin":90048,"position":3},"title":"Intelig\u00eancia Artificial N\u00e3o Apenas Automatiza Tarefas, Mas Pode Ser Sua Nova Chefe","author":"ismaelcolosi.com.br","date":"17 de July de 2025","format":false,"excerpt":"\r CHOLTICHA KRANJUMNONG\/Getty Images\r IA deixa de ser assistente para se tornar supervisora \r Acessibilidade \r L\r L\r A-\r A+\r \r \u25d0\r \r Em 2025, a intelig\u00eancia artificial foi al\u00e9m de executar tarefas rotineiras: come\u00e7ou a assumir fun\u00e7\u00f5es gerenciais. Desde atribuir tarefas a avaliar desempenho at\u00e9 influenciar promo\u00e7\u00f5es, a intelig\u00eancia\u2026","rel":"","context":"In &quot;Carreira e Sucesso&quot;","block_context":{"text":"Carreira e Sucesso","link":"https:\/\/ismaelcolosi.com.br\/index.php\/category\/carreira-e-sucesso-dicas-para-carreira\/"},"img":{"alt_text":"","src":"https:\/\/i0.wp.com\/ismaelcolosi.com.br\/wp-content\/uploads\/2025\/07\/forbes-IA-inteligencia-artificial-carreira-1200x675.jpg?fit=1200%2C675&ssl=1&resize=350%2C200","width":350,"height":200,"srcset":"https:\/\/i0.wp.com\/ismaelcolosi.com.br\/wp-content\/uploads\/2025\/07\/forbes-IA-inteligencia-artificial-carreira-1200x675.jpg?fit=1200%2C675&ssl=1&resize=350%2C200 1x, https:\/\/i0.wp.com\/ismaelcolosi.com.br\/wp-content\/uploads\/2025\/07\/forbes-IA-inteligencia-artificial-carreira-1200x675.jpg?fit=1200%2C675&ssl=1&resize=525%2C300 1.5x, https:\/\/i0.wp.com\/ismaelcolosi.com.br\/wp-content\/uploads\/2025\/07\/forbes-IA-inteligencia-artificial-carreira-1200x675.jpg?fit=1200%2C675&ssl=1&resize=700%2C400 2x, https:\/\/i0.wp.com\/ismaelcolosi.com.br\/wp-content\/uploads\/2025\/07\/forbes-IA-inteligencia-artificial-carreira-1200x675.jpg?fit=1200%2C675&ssl=1&resize=1050%2C600 3x"},"classes":[]},{"id":89490,"url":"https:\/\/ismaelcolosi.com.br\/index.php\/2026\/03\/16\/os-7-empregos-menos-ameacados-pela-ia-segundo-a-anthropic\/","url_meta":{"origin":90048,"position":4},"title":"Os 7 Empregos Menos Amea\u00e7ados Pela IA, Segundo a Anthropic","author":"ismaelcolosi.com.br","date":"16 de March de 2026","format":false,"excerpt":"A intelig\u00eancia artificial est\u00e1 moldando o trabalho em diversos setores. O F\u00f3rum Econ\u00f4mico Mundial prev\u00ea que a IA e a automa\u00e7\u00e3o eliminar\u00e3o 92 milh\u00f5es de empregos, mas tamb\u00e9m criar\u00e3o um saldo l\u00edquido de 78 milh\u00f5es de novas vagas at\u00e9 2030. A disrup\u00e7\u00e3o \u00e9 significativa, mas h\u00e1 um ponto importante: nem\u2026","rel":"","context":"In &quot;Carreira e Sucesso&quot;","block_context":{"text":"Carreira e Sucesso","link":"https:\/\/ismaelcolosi.com.br\/index.php\/category\/carreira-e-sucesso-dicas-para-carreira\/"},"img":{"alt_text":"","src":"https:\/\/i0.wp.com\/ismaelcolosi.com.br\/wp-content\/uploads\/2026\/03\/ia-1200x675.jpg?fit=1200%2C675&ssl=1&resize=350%2C200","width":350,"height":200,"srcset":"https:\/\/i0.wp.com\/ismaelcolosi.com.br\/wp-content\/uploads\/2026\/03\/ia-1200x675.jpg?fit=1200%2C675&ssl=1&resize=350%2C200 1x, https:\/\/i0.wp.com\/ismaelcolosi.com.br\/wp-content\/uploads\/2026\/03\/ia-1200x675.jpg?fit=1200%2C675&ssl=1&resize=525%2C300 1.5x, https:\/\/i0.wp.com\/ismaelcolosi.com.br\/wp-content\/uploads\/2026\/03\/ia-1200x675.jpg?fit=1200%2C675&ssl=1&resize=700%2C400 2x, https:\/\/i0.wp.com\/ismaelcolosi.com.br\/wp-content\/uploads\/2026\/03\/ia-1200x675.jpg?fit=1200%2C675&ssl=1&resize=1050%2C600 3x"},"classes":[]},{"id":54028,"url":"https:\/\/ismaelcolosi.com.br\/index.php\/2024\/06\/21\/quais-empregos-a-ia-substituira-primeiro\/","url_meta":{"origin":90048,"position":5},"title":"Quais empregos a IA substituir\u00e1 primeiro?","author":"ismaelcolosi.com.br","date":"21 de June de 2024","format":false,"excerpt":"A intelig\u00eancia artificial n\u00e3o \u00e9 mais um conceito futurista, \u00e9 uma realidade que est\u00e1 transformando ind\u00fastrias e remodelando o mercado de trabalho em um ritmo sem precedentes. Embora a tecnologia ofere\u00e7a benef\u00edcios enormes em termos de efici\u00eancia e produtividade, ela tamb\u00e9m representa uma amea\u00e7a significativa a certos empregos. Neste artigo,\u2026","rel":"","context":"In &quot;Carreira e Sucesso&quot;","block_context":{"text":"Carreira e Sucesso","link":"https:\/\/ismaelcolosi.com.br\/index.php\/category\/carreira-e-sucesso-dicas-para-carreira\/"},"img":{"alt_text":"","src":"https:\/\/i0.wp.com\/ismaelcolosi.com.br\/wp-content\/uploads\/2024\/06\/IA-x-empregos-1024x683.png?fit=1024%2C683&ssl=1&resize=350%2C200","width":350,"height":200,"srcset":"https:\/\/i0.wp.com\/ismaelcolosi.com.br\/wp-content\/uploads\/2024\/06\/IA-x-empregos-1024x683.png?fit=1024%2C683&ssl=1&resize=350%2C200 1x, https:\/\/i0.wp.com\/ismaelcolosi.com.br\/wp-content\/uploads\/2024\/06\/IA-x-empregos-1024x683.png?fit=1024%2C683&ssl=1&resize=525%2C300 1.5x, https:\/\/i0.wp.com\/ismaelcolosi.com.br\/wp-content\/uploads\/2024\/06\/IA-x-empregos-1024x683.png?fit=1024%2C683&ssl=1&resize=700%2C400 2x"},"classes":[]}],"jetpack_sharing_enabled":true,"jetpack_shortlink":"https:\/\/wp.me\/pfMlyK-nqo","_links":{"self":[{"href":"https:\/\/ismaelcolosi.com.br\/index.php\/wp-json\/wp\/v2\/posts\/90048","targetHints":{"allow":["GET"]}}],"collection":[{"href":"https:\/\/ismaelcolosi.com.br\/index.php\/wp-json\/wp\/v2\/posts"}],"about":[{"href":"https:\/\/ismaelcolosi.com.br\/index.php\/wp-json\/wp\/v2\/types\/post"}],"author":[{"embeddable":true,"href":"https:\/\/ismaelcolosi.com.br\/index.php\/wp-json\/wp\/v2\/users\/1"}],"replies":[{"embeddable":true,"href":"https:\/\/ismaelcolosi.com.br\/index.php\/wp-json\/wp\/v2\/comments?post=90048"}],"version-history":[{"count":0,"href":"https:\/\/ismaelcolosi.com.br\/index.php\/wp-json\/wp\/v2\/posts\/90048\/revisions"}],"wp:featuredmedia":[{"embeddable":true,"href":"https:\/\/ismaelcolosi.com.br\/index.php\/wp-json\/wp\/v2\/media\/90049"}],"wp:attachment":[{"href":"https:\/\/ismaelcolosi.com.br\/index.php\/wp-json\/wp\/v2\/media?parent=90048"}],"wp:term":[{"taxonomy":"category","embeddable":true,"href":"https:\/\/ismaelcolosi.com.br\/index.php\/wp-json\/wp\/v2\/categories?post=90048"},{"taxonomy":"post_tag","embeddable":true,"href":"https:\/\/ismaelcolosi.com.br\/index.php\/wp-json\/wp\/v2\/tags?post=90048"}],"curies":[{"name":"wp","href":"https:\/\/api.w.org\/{rel}","templated":true}]}}