{"id":90039,"date":"2026-04-26T05:07:26","date_gmt":"2026-04-26T08:07:26","guid":{"rendered":"https:\/\/ismaelcolosi.com.br\/index.php\/2026\/04\/26\/5-beneficios-da-natureza-validados-pela-ciencia\/"},"modified":"2026-04-26T05:07:26","modified_gmt":"2026-04-26T08:07:26","slug":"5-beneficios-da-natureza-validados-pela-ciencia","status":"publish","type":"post","link":"https:\/\/ismaelcolosi.com.br\/index.php\/2026\/04\/26\/5-beneficios-da-natureza-validados-pela-ciencia\/","title":{"rendered":"5 Benef\u00edcios da Natureza Validados pela Ci\u00eancia"},"content":{"rendered":"<p> <br \/>\n<\/p>\n<div>\n<p>A <strong>solid\u00e3o <\/strong>atingiu n\u00edveis epid\u00eamicos: mais de 50% das pessoas no mundo afirmam se sentir solit\u00e1rias e desconectadas, segundo um<a href=\"https:\/\/www.gallup.com\/analytics\/509675\/state-of-social-connections.aspx\" target=\"_blank\" rel=\"noreferrer noopener\"> levantamento da Gallup<\/a>. No Brasil, os afastamentos por transtornos mentais atingiram n\u00edveis recordes, segundo dados do Minist\u00e9rio da Previd\u00eancia Social.<\/p>\n<p>Um dos passos para resolver o dilema da solid\u00e3o em uma era de hiperconex\u00e3o \u00e9  desenvolver a capacidade de formar e manter relacionamentos, al\u00e9m de buscar e viver o pertencimento. Passar um tempo na <strong>natureza <\/strong>pode ser uma \u00f3timo caminho.<\/p>\n<p>Momentos ao ar livre reduzem a <strong>solid\u00e3o<\/strong>, fortalecem os la\u00e7os e estimulam comportamentos que promovem a uni\u00e3o. Uma an\u00e1lise de 301 estudos em 62 pa\u00edses, publicada na revista acad\u00eamica Science Advances, mostrou que a natureza contribui para a <strong>cogni\u00e7\u00e3o, o racioc\u00ednio, a criatividade e a melhoria da comunica\u00e7\u00e3o<\/strong>.<\/p>\n<h2 class=\"wp-block-heading\" id=\"h-a-seguir-veja-5-beneficios-da-natureza-para-o-bem-estar-pessoal-e-profissional\">A seguir, veja 5 benef\u00edcios da natureza para o bem-estar pessoal e profissional<\/h2>\n<h3 class=\"wp-block-heading\" id=\"h-1-reduz-a-solidao\">1. Reduz a solid\u00e3o<\/h3>\n<p>Para combater a solid\u00e3o, uma abordagem eficaz \u00e9 a \u201cprescri\u00e7\u00e3o social\u201d ou \u201cprescri\u00e7\u00e3o verde\u201d, que incentiva as pessoas a se reunirem na natureza para atividades como <strong>caminhadas <\/strong>ou <strong>jardinagem comunit\u00e1ria<\/strong>.<\/p>\n<p>Esses momentos sociais em meio \u00e0 natureza reduzem a solid\u00e3o, diminuem o sentimento de aliena\u00e7\u00e3o e aumentam a sensa\u00e7\u00e3o de pertencimento e conex\u00e3o, de acordo com uma <a href=\"https:\/\/www.sciencedirect.com\/science\/article\/pii\/S0169204624000707\" target=\"_blank\" rel=\"noreferrer noopener\">pesquisa da revista acad\u00eamica Landscape and Urban Planning<\/a>.<\/p>\n<aside class=\"newsletter content_modules\">&#13;<br \/>\n  &#13;<br \/>\n<\/aside>\n<\/p>\n<h3 class=\"wp-block-heading\" id=\"h-2-aumenta-a-conexao\">2. Aumenta a conex\u00e3o<\/h3>\n<p>A natureza tamb\u00e9m atua para nos conectar. Em um experimento da Universidade de Cardiff, no Reino Unido, participantes foram convidados a concluir tarefas em dupla, seja em um escrit\u00f3rio ou em um parque da cidade. Quando as atividades ocorreram no ambiente natural, eles relataram um sentimento de conex\u00e3o significativamente maior n\u00e3o apenas com a natureza (o que n\u00e3o surpreende), mas tamb\u00e9m entre si.<\/p>\n<aside class=\"web-story content_modules\">&#13;<br \/>\n  &#13;<br \/>\n<\/aside>\n<p>&#13;\n<\/p>\n<p>\u201cA natureza e a comunidade n\u00e3o s\u00e3o elementos separados para o bem-estar; elas se potencializam\u201d, diz Ginny Yurich, CEO e fundadora da <strong>1000 Hours Outside<\/strong>, organiza\u00e7\u00e3o dedicada a encorajar fam\u00edlias a passarem mais tempo ao ar livre. \u201cQuando as pessoas passam tempo juntas na natureza, elas n\u00e3o apenas se sentem melhor individualmente, mas reconstroem o tipo de conex\u00e3o que torna a resili\u00eancia e a sa\u00fade mental poss\u00edveis em primeiro lugar.\u201d<\/p>\n<h3 class=\"wp-block-heading\" id=\"h-3-motiva-a-socializacao-saudavel\">3. Motiva a socializa\u00e7\u00e3o saud\u00e1vel<\/h3>\n<p>Passar tempo na natureza tamb\u00e9m pode aprimorar seus relacionamentos, porque aumenta o <strong>comportamento pr\u00f3-social<\/strong> \u2014 ou seja, atitudes que beneficiam outras pessoas. Expressar empatia, ouvir, ajudar, apoiar e compartilhar s\u00e3o alguns exemplos.<\/p>\n<p>Segundo <a href=\"https:\/\/www.sciencedirect.com\/science\/article\/abs\/pii\/S0272494423001573\" target=\"_blank\" rel=\"noreferrer noopener\">pesquisas da Universidade de Regina<\/a>, no Canad\u00e1, o contato com a natureza eleva esses comportamentos positivos, reduz as atitudes antissociais e aumenta o sentimento de conex\u00e3o e a satisfa\u00e7\u00e3o geral.<\/p>\n<h3 class=\"wp-block-heading\" id=\"h-4-proporciona-perspectiva\">4. Proporciona perspectiva<\/h3>\n<p>Outro benef\u00edcio da natureza \u00e9 que ela ajuda a vivenciar a \u201c<strong>autotranscend\u00eancia<\/strong>\u201c, um estado no qual voc\u00ea se sente conectado a algo maior do que si mesmo. Isso tamb\u00e9m impulsiona o comportamento pr\u00f3-social e at\u00e9 aumenta as doa\u00e7\u00f5es para caridade, segundo <a href=\"https:\/\/www.sciencedirect.com\/science\/article\/abs\/pii\/S027249442100092X\" target=\"_blank\" rel=\"noreferrer noopener\">estudos da Universidade de Alberta<\/a>, tamb\u00e9m no Canad\u00e1.<\/p>\n<p>Frequentemente, a natureza inspira um sentimento de admira\u00e7\u00e3o, fazendo com que voc\u00ea se sinta pequeno diante da vastid\u00e3o de algo grandioso (como um oceano ou uma floresta). <\/p>\n<p>Essa admira\u00e7\u00e3o traz perspectiva e diminui a preocupa\u00e7\u00e3o excessiva consigo mesmo. Quando a sentimos, prote\u00ednas chamadas citocinas s\u00e3o liberadas no c\u00e9rebro e no corpo, impulsionando a <strong>felicidade, o bem-estar e a criatividade<\/strong>, de acordo com estudos da Universidade da Calif\u00f3rnia.<\/p>\n<p>A natureza tamb\u00e9m inspira uma aten\u00e7\u00e3o difusa, envolvendo-nos gentilmente sem exigir nosso foco total. <\/p>\n<p>No trabalho, podemos ficar exaustos com as demandas de aten\u00e7\u00e3o direcionada (escrever e-mails, participar de reuni\u00f5es ou tomar decis\u00f5es). A natureza, no entanto, prende nossa aten\u00e7\u00e3o e nos estimula, ao mesmo tempo em que abre espa\u00e7o para a mente vagar, refletir e se recuperar.<\/p>\n<h3 class=\"wp-block-heading\" id=\"h-5-melhora-o-bem-estar\">5. Melhora o bem-estar<\/h3>\n<p>A natureza tamb\u00e9m gera resultados positivos em n\u00edvel individual. E, quando somos mais saud\u00e1veis individualmente, entregamos o nosso melhor aos relacionamentos pessoais e profissionais. <\/p>\n<p>Estudos publicados nas revistas acad\u00eamicas International Journal of Research and Public Health e Scientific Reports mostram que o contato com \u00e1reas verdes est\u00e1 associado \u00e0 <strong>melhora da press\u00e3o arterial, da pr\u00e1tica de atividade f\u00edsica, do sono, da atividade cerebral, da fun\u00e7\u00e3o cognitiva e da sa\u00fade mental. <\/strong><\/p>\n<h2 class=\"wp-block-heading\" id=\"h-como-obter-os-beneficios-da-natureza\">Como obter os benef\u00edcios da natureza<\/h2>\n<p>Voc\u00ea pode desfrutar dos benef\u00edcios dos espa\u00e7os verdes sempre que estiver perto de vegeta\u00e7\u00e3o natural, como \u00e1rvores, grama e arbustos. N\u00e3o importa se os elementos naturais s\u00e3o selvagens, como uma floresta, ou constru\u00eddos pelo homem, como um parque ou jardim.<\/p>\n<p>Uma pesquisa publicada na revista acad\u00eamica Frontiers in Psychology aponta que a exposi\u00e7\u00e3o \u00e0 natureza \u00e9 poderosa por tr\u00eas raz\u00f5es:<\/p>\n<ol class=\"wp-block-list\">\n<li>Ameniza os danos causados por outros tipos de ambientes, como polui\u00e7\u00e3o do ar, ru\u00eddo e calor intenso (pense nos parques urbanos); <\/li>\n<li>Restaura e reduz o estresse;<\/li>\n<li>Ajuda a nos fortalecer por meio da atividade f\u00edsica e da melhoria das intera\u00e7\u00f5es sociais.<\/li>\n<\/ol>\n<p>Aproveite os benef\u00edcios da natureza passando mais tempo ao ar livre, seja sozinho ou, especialmente, acompanhado. <\/p>\n<p>Fa\u00e7a uma caminhada antes ou no final do expediente, participe de uma aula de ioga ao ar livre, organize um piquenique, v\u00e1 a uma feira de produtores rurais ou ande de bicicleta. Mais do que isso, invista nos seus relacionamentos, pessoais e profissionais, para elevar seu bem-estar, dentro e fora do trabalho. <\/p>\n<p><em>*Tracy Brower \u00e9 colaboradora da Forbes USA. Ela \u00e9 soci\u00f3loga, conselheira, especialista em assuntos relacionados ao universo profissional e autora de \u201cThe Secrets to Happiness at Work\u201d (Os Segredos da Felicidade no Trabalho, em tradu\u00e7\u00e3o livre).<\/em><\/p>\n<p><em><strong>*Reportagem publicada originalmente em <a href=\"https:\/\/www.forbes.com\/sites\/tracybrower\/2026\/04\/20\/5-ways-nature-builds-social-connection-and-reduces-loneliness\/\" target=\"_blank\" rel=\"noreferrer noopener\">Forbes.com<\/a><\/strong><\/em><\/p>\n<div class=\"follow-us\">Siga o canal da <a href=\"https:\/\/whatsapp.com\/channel\/0029Va9gQKwBFLgM96cJnu0u\" target=\"_blank\" rel=\"noopener noreferrer nofollow\" title=\"Grupo da Forbes no WhatsApp\">Forbes<\/a> no WhatsApp e receba as principais not\u00edcias de empreendedorismo, carreira, tecnologia, agro e lifestyle.<\/div>\n<\/p><\/div>\n<p><br \/>\n<br \/><a href=\"https:\/\/forbes.com.br\/carreira\/2026\/04\/bem-estar-e-alta-performance-5-beneficios-da-natureza-validados-pela-ciencia\/\">Source link <\/a><\/p>\n<div class='code-block code-block-4' style='margin: 8px auto 8px 0; text-align: left; display: block; clear: both;'>\n\ud83d\udce2 Aviso Legal\n\nO site ismaelcolosi.com.br atua apenas como um canal de divulga\u00e7\u00e3o de oportunidades de emprego e n\u00e3o se responsabiliza pelo processo seletivo, contrata\u00e7\u00e3o ou qualquer outra etapa relacionada \u00e0s vagas publicadas. Todas as informa\u00e7\u00f5es s\u00e3o de responsabilidade dos anunciantes.\n\n\u26a0\ufe0f Aten\u00e7\u00e3o! Nunca pague por promessas de emprego nem compre cursos que garantam contrata\u00e7\u00e3o. Desconfie de qualquer cobran\u00e7a para participar de sele\u00e7\u00f5es.\n\n\n\n<\/div>\n<!-- CONTENT END 1 -->\n","protected":false},"excerpt":{"rendered":"<p>A solid\u00e3o atingiu n\u00edveis epid\u00eamicos: mais de 50% das pessoas no mundo afirmam se sentir solit\u00e1rias e desconectadas, segundo um levantamento da Gallup. No Brasil,&#8230;<\/p>\n","protected":false},"author":1,"featured_media":90040,"comment_status":"","ping_status":"","sticky":false,"template":"","format":"standard","meta":{"_uag_custom_page_level_css":"","advanced_seo_description":"","jetpack_seo_html_title":"","jetpack_seo_noindex":false,"jetpack_post_was_ever_published":false,"_jetpack_newsletter_access":"","_jetpack_dont_email_post_to_subs":false,"_jetpack_newsletter_tier_id":0,"_jetpack_memberships_contains_paywalled_content":false,"_jetpack_memberships_contains_paid_content":false,"footnotes":"","jetpack_publicize_message":"","jetpack_publicize_feature_enabled":true,"jetpack_social_post_already_shared":true,"jetpack_social_options":{"image_generator_settings":{"template":"highway","default_image_id":0,"font":"","enabled":false},"version":2}},"categories":[1964],"tags":[],"class_list":["post-90039","post","type-post","status-publish","format-standard","has-post-thumbnail","hentry","category-carreira-e-sucesso-dicas-para-carreira"],"jetpack_publicize_connections":[],"jetpack_featured_media_url":"https:\/\/i0.wp.com\/ismaelcolosi.com.br\/wp-content\/uploads\/2026\/04\/natureza-bem-estar-social-1200x675.jpg?fit=1200%2C675&ssl=1","uagb_featured_image_src":{"full":["https:\/\/i0.wp.com\/ismaelcolosi.com.br\/wp-content\/uploads\/2026\/04\/natureza-bem-estar-social-1200x675.jpg?fit=1200%2C675&ssl=1",1200,675,false],"thumbnail":["https:\/\/i0.wp.com\/ismaelcolosi.com.br\/wp-content\/uploads\/2026\/04\/natureza-bem-estar-social-1200x675.jpg?resize=150%2C150&ssl=1",150,150,true],"medium":["https:\/\/i0.wp.com\/ismaelcolosi.com.br\/wp-content\/uploads\/2026\/04\/natureza-bem-estar-social-1200x675.jpg?fit=300%2C169&ssl=1",300,169,true],"medium_large":["https:\/\/i0.wp.com\/ismaelcolosi.com.br\/wp-content\/uploads\/2026\/04\/natureza-bem-estar-social-1200x675.jpg?fit=768%2C432&ssl=1",768,432,true],"large":["https:\/\/i0.wp.com\/ismaelcolosi.com.br\/wp-content\/uploads\/2026\/04\/natureza-bem-estar-social-1200x675.jpg?fit=1024%2C576&ssl=1",1024,576,true],"1536x1536":["https:\/\/i0.wp.com\/ismaelcolosi.com.br\/wp-content\/uploads\/2026\/04\/natureza-bem-estar-social-1200x675.jpg?fit=1200%2C675&ssl=1",1200,675,true],"2048x2048":["https:\/\/i0.wp.com\/ismaelcolosi.com.br\/wp-content\/uploads\/2026\/04\/natureza-bem-estar-social-1200x675.jpg?fit=1200%2C675&ssl=1",1200,675,true],"really-simple-thumb":["https:\/\/i0.wp.com\/ismaelcolosi.com.br\/wp-content\/uploads\/2026\/04\/natureza-bem-estar-social-1200x675.jpg?resize=370%2C247&ssl=1",370,247,true]},"uagb_author_info":{"display_name":"ismaelcolosi.com.br","author_link":"https:\/\/ismaelcolosi.com.br\/index.php\/author\/vidareal-online\/"},"uagb_comment_info":0,"uagb_excerpt":"A solid\u00e3o atingiu n\u00edveis epid\u00eamicos: mais de 50% das pessoas no mundo afirmam se sentir solit\u00e1rias e desconectadas, segundo um levantamento da Gallup. No Brasil,...","jetpack-related-posts":[{"id":10387,"url":"https:\/\/ismaelcolosi.com.br\/index.php\/2023\/12\/04\/este-e-o-tempo-sozinho-necessario-para-realmente-sentir-solidao\/","url_meta":{"origin":90039,"position":0},"title":"Este \u00e9 o tempo sozinho necess\u00e1rio para realmente sentir solid\u00e3o","author":"ismaelcolosi.com.br","date":"4 de December de 2023","format":false,"excerpt":"Muitas pessoas gostam e realmente sentem necessidade de estarem sozinhas. Mas at\u00e9 que ponto \u00e9 saud\u00e1vel? Um estudo recente avaliou a rela\u00e7\u00e3o entre estar s\u00f3 e sentir solid\u00e3o. A pesquisa publicada no Journal of Research in Personality em setembro, por cientistas da Universidade do Arizona, descobriu que o tempo solit\u00e1rio\u2026","rel":"","context":"In &quot;Variedades&quot;","block_context":{"text":"Variedades","link":"https:\/\/ismaelcolosi.com.br\/index.php\/category\/variedades\/"},"img":{"alt_text":"","src":"https:\/\/i0.wp.com\/ismaelcolosi.com.br\/wp-content\/uploads\/2023\/12\/istock-1136755765.jpg?fit=1200%2C638&ssl=1&resize=350%2C200","width":350,"height":200,"srcset":"https:\/\/i0.wp.com\/ismaelcolosi.com.br\/wp-content\/uploads\/2023\/12\/istock-1136755765.jpg?fit=1200%2C638&ssl=1&resize=350%2C200 1x, https:\/\/i0.wp.com\/ismaelcolosi.com.br\/wp-content\/uploads\/2023\/12\/istock-1136755765.jpg?fit=1200%2C638&ssl=1&resize=525%2C300 1.5x, https:\/\/i0.wp.com\/ismaelcolosi.com.br\/wp-content\/uploads\/2023\/12\/istock-1136755765.jpg?fit=1200%2C638&ssl=1&resize=700%2C400 2x, https:\/\/i0.wp.com\/ismaelcolosi.com.br\/wp-content\/uploads\/2023\/12\/istock-1136755765.jpg?fit=1200%2C638&ssl=1&resize=1050%2C600 3x"},"classes":[]},{"id":67899,"url":"https:\/\/ismaelcolosi.com.br\/index.php\/2024\/09\/26\/1-em-cada-4-profissionais-brasileiros-e-triste\/","url_meta":{"origin":90039,"position":1},"title":"1 em Cada 4 Profissionais Brasileiros \u00c9 Triste","author":"ismaelcolosi.com.br","date":"26 de September de 2024","format":false,"excerpt":"\u00a0 Acessibilidade L L A- A+ \u25d0 \u00a0 O Brasil \u00e9 o quarto pa\u00eds com mais profissionais tristes ou com raiva di\u00e1ria na Am\u00e9rica Latina, segundo estudo da consultoria Gallup, que entrevistou 128 mil pessoas em mais de 160 pa\u00edses. Com 25% de profissionais tristes, o pa\u00eds ficou atr\u00e1s apenas\u2026","rel":"","context":"In &quot;Carreira e Sucesso&quot;","block_context":{"text":"Carreira e Sucesso","link":"https:\/\/ismaelcolosi.com.br\/index.php\/category\/carreira-e-sucesso-dicas-para-carreira\/"},"img":{"alt_text":"","src":"https:\/\/i0.wp.com\/ismaelcolosi.com.br\/wp-content\/uploads\/2024\/09\/carreira-estresse-trabalho-1024x683.jpg?fit=1024%2C683&ssl=1&resize=350%2C200","width":350,"height":200,"srcset":"https:\/\/i0.wp.com\/ismaelcolosi.com.br\/wp-content\/uploads\/2024\/09\/carreira-estresse-trabalho-1024x683.jpg?fit=1024%2C683&ssl=1&resize=350%2C200 1x, https:\/\/i0.wp.com\/ismaelcolosi.com.br\/wp-content\/uploads\/2024\/09\/carreira-estresse-trabalho-1024x683.jpg?fit=1024%2C683&ssl=1&resize=525%2C300 1.5x, https:\/\/i0.wp.com\/ismaelcolosi.com.br\/wp-content\/uploads\/2024\/09\/carreira-estresse-trabalho-1024x683.jpg?fit=1024%2C683&ssl=1&resize=700%2C400 2x"},"classes":[]},{"id":84757,"url":"https:\/\/ismaelcolosi.com.br\/index.php\/2025\/04\/24\/engajamento-em-queda-gera-prejuizo-de-us-438-bilhoes\/","url_meta":{"origin":90039,"position":2},"title":"Engajamento em Queda Gera Preju\u00edzo de US$ 438 Bilh\u00f5es","author":"ismaelcolosi.com.br","date":"24 de April de 2025","format":false,"excerpt":"\r Getty Images\r Segundo a Gallup, cerca de 70% do engajamento de uma equipe pode ser atribu\u00eddo ao gestor direto\r Acessibilidade \r L\r L\r A-\r A+\r \r \u25d0\r \r \u00a0 O engajamento dos profissionais em todo o mundo caiu de 23% para 21% em 2024, segundo o relat\u00f3rio anual State\u2026","rel":"","context":"In &quot;Carreira e Sucesso&quot;","block_context":{"text":"Carreira e Sucesso","link":"https:\/\/ismaelcolosi.com.br\/index.php\/category\/carreira-e-sucesso-dicas-para-carreira\/"},"img":{"alt_text":"","src":"https:\/\/i0.wp.com\/ismaelcolosi.com.br\/wp-content\/uploads\/2025\/04\/carreira-trabalho-geraca-z-1200x675.jpg?fit=1200%2C675&ssl=1&resize=350%2C200","width":350,"height":200,"srcset":"https:\/\/i0.wp.com\/ismaelcolosi.com.br\/wp-content\/uploads\/2025\/04\/carreira-trabalho-geraca-z-1200x675.jpg?fit=1200%2C675&ssl=1&resize=350%2C200 1x, https:\/\/i0.wp.com\/ismaelcolosi.com.br\/wp-content\/uploads\/2025\/04\/carreira-trabalho-geraca-z-1200x675.jpg?fit=1200%2C675&ssl=1&resize=525%2C300 1.5x, https:\/\/i0.wp.com\/ismaelcolosi.com.br\/wp-content\/uploads\/2025\/04\/carreira-trabalho-geraca-z-1200x675.jpg?fit=1200%2C675&ssl=1&resize=700%2C400 2x, https:\/\/i0.wp.com\/ismaelcolosi.com.br\/wp-content\/uploads\/2025\/04\/carreira-trabalho-geraca-z-1200x675.jpg?fit=1200%2C675&ssl=1&resize=1050%2C600 3x"},"classes":[]},{"id":86690,"url":"https:\/\/ismaelcolosi.com.br\/index.php\/2025\/07\/18\/o-segredo-para-criar-conexoes-com-colegas-fora-do-trabalho\/","url_meta":{"origin":90039,"position":3},"title":"O Segredo para Criar Conex\u00f5es com Colegas Fora do Trabalho","author":"ismaelcolosi.com.br","date":"18 de July de 2025","format":false,"excerpt":"\r Caia Image\/Getty Images\r Ambientes flex\u00edveis e atividades em grupo ajudam l\u00edderes a construir rela\u00e7\u00f5es mais pr\u00f3ximas com colegas de trabalho\r Acessibilidade \r L\r L\r A-\r A+\r \r \u25d0\r \r Criar v\u00ednculos com colegas fora do ambiente corporativo pode parecer arriscado \u2013 especialmente para quem ocupa posi\u00e7\u00f5es de lideran\u00e7a. Ainda\u2026","rel":"","context":"In &quot;Carreira e Sucesso&quot;","block_context":{"text":"Carreira e Sucesso","link":"https:\/\/ismaelcolosi.com.br\/index.php\/category\/carreira-e-sucesso-dicas-para-carreira\/"},"img":{"alt_text":"","src":"https:\/\/i0.wp.com\/ismaelcolosi.com.br\/wp-content\/uploads\/2025\/07\/forbes-conexoes-fora-do-trabalho-1200x675.jpg?fit=1200%2C675&ssl=1&resize=350%2C200","width":350,"height":200,"srcset":"https:\/\/i0.wp.com\/ismaelcolosi.com.br\/wp-content\/uploads\/2025\/07\/forbes-conexoes-fora-do-trabalho-1200x675.jpg?fit=1200%2C675&ssl=1&resize=350%2C200 1x, https:\/\/i0.wp.com\/ismaelcolosi.com.br\/wp-content\/uploads\/2025\/07\/forbes-conexoes-fora-do-trabalho-1200x675.jpg?fit=1200%2C675&ssl=1&resize=525%2C300 1.5x, https:\/\/i0.wp.com\/ismaelcolosi.com.br\/wp-content\/uploads\/2025\/07\/forbes-conexoes-fora-do-trabalho-1200x675.jpg?fit=1200%2C675&ssl=1&resize=700%2C400 2x, https:\/\/i0.wp.com\/ismaelcolosi.com.br\/wp-content\/uploads\/2025\/07\/forbes-conexoes-fora-do-trabalho-1200x675.jpg?fit=1200%2C675&ssl=1&resize=1050%2C600 3x"},"classes":[]},{"id":68711,"url":"https:\/\/ismaelcolosi.com.br\/index.php\/2024\/10\/01\/animais-sao-devolvidos-a-natureza-na-regiao-de-ribeirao-preto\/","url_meta":{"origin":90039,"position":4},"title":"Animais s\u00e3o devolvidos \u00e0 natureza na regi\u00e3o de Ribeir\u00e3o Preto","author":"ismaelcolosi.com.br","date":"1 de October de 2024","format":false,"excerpt":"Um cachorro-do-mato que estava sob os cuidados dos especialistas do Cetras (Centro de Triagem e Reabilita\u00e7\u00e3o de Animais Silvestres), localizado no Bosque de Ribeir\u00e3o Preto, foi devolvido \u00e0 natureza, nesta ter\u00e7a-feira (1\u00ba). O animal foi resgatado em estado grave em um c\u00f3rrego de Sert\u00e3ozinho, cidade na regi\u00e3o de Ribeir\u00e3o, com\u2026","rel":"","context":"In &quot;Not\u00edcias de Ribeir\u00e3o Preto-SP e Regi\u00e3o&quot;","block_context":{"text":"Not\u00edcias de Ribeir\u00e3o Preto-SP e Regi\u00e3o","link":"https:\/\/ismaelcolosi.com.br\/index.php\/category\/noticias-de-ribeirao-preto-sp-e-regiao-ismael-colosi\/"},"img":{"alt_text":"","src":"https:\/\/i0.wp.com\/ismaelcolosi.com.br\/wp-content\/uploads\/2024\/10\/WhatsApp-Image-2024-10-01-at-15.44.47_2024-10-01_19-12-57_jpeg_2024-10-01_19-12-57-e1727810011335.webp.webp?fit=1200%2C900&ssl=1&resize=350%2C200","width":350,"height":200,"srcset":"https:\/\/i0.wp.com\/ismaelcolosi.com.br\/wp-content\/uploads\/2024\/10\/WhatsApp-Image-2024-10-01-at-15.44.47_2024-10-01_19-12-57_jpeg_2024-10-01_19-12-57-e1727810011335.webp.webp?fit=1200%2C900&ssl=1&resize=350%2C200 1x, https:\/\/i0.wp.com\/ismaelcolosi.com.br\/wp-content\/uploads\/2024\/10\/WhatsApp-Image-2024-10-01-at-15.44.47_2024-10-01_19-12-57_jpeg_2024-10-01_19-12-57-e1727810011335.webp.webp?fit=1200%2C900&ssl=1&resize=525%2C300 1.5x, https:\/\/i0.wp.com\/ismaelcolosi.com.br\/wp-content\/uploads\/2024\/10\/WhatsApp-Image-2024-10-01-at-15.44.47_2024-10-01_19-12-57_jpeg_2024-10-01_19-12-57-e1727810011335.webp.webp?fit=1200%2C900&ssl=1&resize=700%2C400 2x, https:\/\/i0.wp.com\/ismaelcolosi.com.br\/wp-content\/uploads\/2024\/10\/WhatsApp-Image-2024-10-01-at-15.44.47_2024-10-01_19-12-57_jpeg_2024-10-01_19-12-57-e1727810011335.webp.webp?fit=1200%2C900&ssl=1&resize=1050%2C600 3x"},"classes":[]},{"id":85991,"url":"https:\/\/ismaelcolosi.com.br\/index.php\/2025\/06\/08\/leitura-te-deixa-mais-inteligente-saudavel-e-ajuda-a-viver-mais\/","url_meta":{"origin":90039,"position":5},"title":"Leitura Te Deixa Mais Inteligente, Saud\u00e1vel e Ajuda a Viver Mais","author":"ismaelcolosi.com.br","date":"8 de June de 2025","format":false,"excerpt":"\r Getty Images\r Pesquisas apontam que a leitura melhora a cogni\u00e7\u00e3o, alivia a ansiedade, ajuda no sono e at\u00e9 fortalece seus v\u00ednculos\r Acessibilidade \r L\r L\r A-\r A+\r \r \u25d0\r \r \u00a0 Se voc\u00ea quer melhorar sua capacidade cerebral e sua sa\u00fade mental, a solu\u00e7\u00e3o pode ser mais simples do\u2026","rel":"","context":"In &quot;Carreira e Sucesso&quot;","block_context":{"text":"Carreira e Sucesso","link":"https:\/\/ismaelcolosi.com.br\/index.php\/category\/carreira-e-sucesso-dicas-para-carreira\/"},"img":{"alt_text":"","src":"https:\/\/i0.wp.com\/ismaelcolosi.com.br\/wp-content\/uploads\/2025\/06\/forbes-livros-leitura-1200x675.jpg?fit=1200%2C675&ssl=1&resize=350%2C200","width":350,"height":200,"srcset":"https:\/\/i0.wp.com\/ismaelcolosi.com.br\/wp-content\/uploads\/2025\/06\/forbes-livros-leitura-1200x675.jpg?fit=1200%2C675&ssl=1&resize=350%2C200 1x, https:\/\/i0.wp.com\/ismaelcolosi.com.br\/wp-content\/uploads\/2025\/06\/forbes-livros-leitura-1200x675.jpg?fit=1200%2C675&ssl=1&resize=525%2C300 1.5x, https:\/\/i0.wp.com\/ismaelcolosi.com.br\/wp-content\/uploads\/2025\/06\/forbes-livros-leitura-1200x675.jpg?fit=1200%2C675&ssl=1&resize=700%2C400 2x, https:\/\/i0.wp.com\/ismaelcolosi.com.br\/wp-content\/uploads\/2025\/06\/forbes-livros-leitura-1200x675.jpg?fit=1200%2C675&ssl=1&resize=1050%2C600 3x"},"classes":[]}],"jetpack_sharing_enabled":true,"jetpack_shortlink":"https:\/\/wp.me\/pfMlyK-nqf","_links":{"self":[{"href":"https:\/\/ismaelcolosi.com.br\/index.php\/wp-json\/wp\/v2\/posts\/90039","targetHints":{"allow":["GET"]}}],"collection":[{"href":"https:\/\/ismaelcolosi.com.br\/index.php\/wp-json\/wp\/v2\/posts"}],"about":[{"href":"https:\/\/ismaelcolosi.com.br\/index.php\/wp-json\/wp\/v2\/types\/post"}],"author":[{"embeddable":true,"href":"https:\/\/ismaelcolosi.com.br\/index.php\/wp-json\/wp\/v2\/users\/1"}],"replies":[{"embeddable":true,"href":"https:\/\/ismaelcolosi.com.br\/index.php\/wp-json\/wp\/v2\/comments?post=90039"}],"version-history":[{"count":0,"href":"https:\/\/ismaelcolosi.com.br\/index.php\/wp-json\/wp\/v2\/posts\/90039\/revisions"}],"wp:featuredmedia":[{"embeddable":true,"href":"https:\/\/ismaelcolosi.com.br\/index.php\/wp-json\/wp\/v2\/media\/90040"}],"wp:attachment":[{"href":"https:\/\/ismaelcolosi.com.br\/index.php\/wp-json\/wp\/v2\/media?parent=90039"}],"wp:term":[{"taxonomy":"category","embeddable":true,"href":"https:\/\/ismaelcolosi.com.br\/index.php\/wp-json\/wp\/v2\/categories?post=90039"},{"taxonomy":"post_tag","embeddable":true,"href":"https:\/\/ismaelcolosi.com.br\/index.php\/wp-json\/wp\/v2\/tags?post=90039"}],"curies":[{"name":"wp","href":"https:\/\/api.w.org\/{rel}","templated":true}]}}