{"id":8986,"date":"2023-12-01T10:12:49","date_gmt":"2023-12-01T13:12:49","guid":{"rendered":"https:\/\/ismaelcolosi.com.br\/index.php\/2023\/12\/01\/video-expoe-carro-a-129-km-h-danca-ao-volante-e-ultimos-momentos-de-vida-de-jogador-que-iria-jogar-pelo-flamengo\/"},"modified":"2023-12-01T10:12:49","modified_gmt":"2023-12-01T13:12:49","slug":"video-expoe-carro-a-129-km-h-danca-ao-volante-e-ultimos-momentos-de-vida-de-jogador-que-iria-jogar-pelo-flamengo","status":"publish","type":"post","link":"https:\/\/ismaelcolosi.com.br\/index.php\/2023\/12\/01\/video-expoe-carro-a-129-km-h-danca-ao-volante-e-ultimos-momentos-de-vida-de-jogador-que-iria-jogar-pelo-flamengo\/","title":{"rendered":"V\u00eddeo exp\u00f5e carro a 129 km\/h, dan\u00e7a ao volante e \u00faltimos momentos de vida de jogador que iria jogar pelo Flamengo"},"content":{"rendered":"<p> [ad_1]<br \/>\n<\/p>\n<div itemprop=\"text\">\n<p>Um v\u00eddeo divulgado por atletas do X1, pouco antes do falecimento do jogador Adriano Bolol\u00f4, exibe o ve\u00edculo circulando a 129 quil\u00f4metros por hora, ultrapassando o limite de 60 km\/h e ignorando v\u00e1rios alertas na estrada.<\/p>\n<p>O incidente ocorreu na cidade de Fortim, no litoral Leste do Cear\u00e1, durante a madrugada desta quinta-feira, 30. Jo\u00e3o Paulo, conhecido como Coruja, foi registrado dan\u00e7ando enquanto dirigia.<\/p>\n<p>Quatro atletas que estavam no ve\u00edculo \u2013 Raul Xavier, Caio, Coruja e Da Lua \u2013 ficaram feridos e receberam assist\u00eancia m\u00e9dica. Raul est\u00e1 hospitalizado em uma unidade de sa\u00fade, na cidade de Fortaleza, capital do estado do Cear\u00e1 enquanto Caio foi encaminhado para uma unidade hospital de Limoeiro do Norte. Jo\u00e3o Paulo e Da Lua receberam os cuidados necess\u00e1rios, j\u00e1 foram liberados ap\u00f3s receberem alta.<\/p>\n<p>A Secretaria da Seguran\u00e7a P\u00fablica e Defesa Social divulgou que o carro, no qual estavam cinco ocupantes, chocou-se contra uma placa de sinaliza\u00e7\u00e3o no canteiro central da rodovia, ocasionando o falecimento de Bolol\u00f4. Peritos forenses estiveram no local do acidente e coletaram as evid\u00eancias necess\u00e1rias para que a pol\u00edcia possa seguir com as investiga\u00e7\u00f5es sobre as causas da colis\u00e3o.<\/p>\n<p><img data-recalc-dims=\"1\" decoding=\"async\" src=\"https:\/\/i0.wp.com\/fnmais.com\/wp-content\/uploads\/2023\/12\/postiimg-6569db3c179fa3296.jpg?w=1200&#038;ssl=1\" alt=\"\"\/><\/p>\n<p>Adriano Bolol\u00f4, que teve participa\u00e7\u00f5es na Sele\u00e7\u00e3o Brasileira de Fut7, estava programado para representar o Flamengo nas competi\u00e7\u00f5es da Liga Nacional e Liga das Am\u00e9ricas. Bolol\u00f4 tamb\u00e9m atuou pelo Fortaleza Esporte Clube e teve passagem pelo Uruguai Fut7.<\/p>\n<blockquote class=\"tiktok-embed\" cite=\"https:\/\/www.tiktok.com\/@_alexsandervieira\/video\/7307394068940737798\" data-video-id=\"7307394068940737798\" data-embed-from=\"oembed\" style=\"max-width: 605px;min-width: 325px;\">\n<section> <a target=\"_blank\" title=\"@_alexsandervieira\" href=\"https:\/\/www.tiktok.com\/@_alexsandervieira?refer=embed\" rel=\"noopener\">@_alexsandervieira<\/a><\/p>\n<p>Atletas publicaram v\u00eddeo com carro a 129 km\/h e dan\u00e7a ao volante antes de acidente com morte de jogador<\/p>\n<p> <a target=\"_blank\" title=\"\u266c som original - Alexsander Vieira\" href=\"https:\/\/www.tiktok.com\/music\/som-original-7307394078168779525?refer=embed\" rel=\"noopener\">\u266c som original \u2013 Alexsander Vieira<\/a><\/p>\n<\/section>\n<\/blockquote>\n<p>Diego Gentil Tavares, empres\u00e1rio da equipe de X1, ressaltou que Adriano Bolol\u00f4 era um jovem muito brincalh\u00e3o e que ajudava a sua fam\u00edlia.<\/p>\n<p><i>\u201cO dinheiro que ele ganhava do X1, que ele estava no melhor momento da carreira dele, ele reformou a casa dele, comprou um carrinho, uma moto, ajudava os irm\u00e3os. Era um cara brincalh\u00e3o, do bem\u201d,<\/i> disse Diego Gentil Tavares. Nas redes sociais, familiares, amigos e companheiros de equipe e os respons\u00e1veis pelos times no qual o jovem atual, lamentaram a sua morte precoce.<\/p>\n<\/div>\n<p><script async src=\"\/\/www.tiktok.com\/embed.js\"><\/script><br \/>\n<br \/>[ad_2]<br \/>\n<br \/><a href=\"https:\/\/fnmais.com\/video-expoe-carro-129-km-h-danca-ao-volante-ultimos-momentos-vida-jogador-que-iria-jogar-pelo-flamengo\/\" target=\"_blank\" rel=\"noopener\">Source link <\/a><\/p>\n<div class='code-block code-block-4' style='margin: 8px auto 8px 0; text-align: left; display: block; clear: both;'>\n\ud83d\udce2 Aviso Legal\n\nO site ismaelcolosi.com.br atua apenas como um canal de divulga\u00e7\u00e3o de oportunidades de emprego e n\u00e3o se responsabiliza pelo processo seletivo, contrata\u00e7\u00e3o ou qualquer outra etapa relacionada \u00e0s vagas publicadas. Todas as informa\u00e7\u00f5es s\u00e3o de responsabilidade dos anunciantes.\n\n\u26a0\ufe0f Aten\u00e7\u00e3o! Nunca pague por promessas de emprego nem compre cursos que garantam contrata\u00e7\u00e3o. Desconfie de qualquer cobran\u00e7a para participar de sele\u00e7\u00f5es.\n\n\n\n<\/div>\n<!-- CONTENT END 1 -->\n","protected":false},"excerpt":{"rendered":"<p>[ad_1] Um v\u00eddeo divulgado por atletas do X1, pouco antes do falecimento do jogador Adriano Bolol\u00f4, exibe o ve\u00edculo circulando a 129 quil\u00f4metros por hora, ultrapassando o limite de 60 km\/h e ignorando v\u00e1rios alertas na estrada. O incidente ocorreu na cidade de Fortim, no litoral Leste do Cear\u00e1, durante a madrugada desta quinta-feira, 30.&hellip;&nbsp;<\/p>\n","protected":false},"author":1,"featured_media":8987,"comment_status":"open","ping_status":"open","sticky":false,"template":"","format":"standard","meta":{"_uag_custom_page_level_css":"","neve_meta_sidebar":"","neve_meta_container":"","neve_meta_enable_content_width":"","neve_meta_content_width":0,"neve_meta_title_alignment":"","neve_meta_author_avatar":"","neve_post_elements_order":"","neve_meta_disable_header":"","neve_meta_disable_footer":"","neve_meta_disable_title":"","_jetpack_newsletter_access":"","_jetpack_dont_email_post_to_subs":false,"_jetpack_newsletter_tier_id":0,"_jetpack_memberships_contains_paywalled_content":false,"_jetpack_memberships_contains_paid_content":false,"footnotes":""},"categories":[1],"tags":[],"class_list":["post-8986","post","type-post","status-publish","format-standard","has-post-thumbnail","hentry","category-blog"],"uagb_featured_image_src":{"full":["https:\/\/i0.wp.com\/ismaelcolosi.com.br\/wp-content\/uploads\/2023\/12\/postimg-6569db3d562a29666.jpg?fit=1200%2C628&ssl=1",1200,628,false],"thumbnail":["https:\/\/i0.wp.com\/ismaelcolosi.com.br\/wp-content\/uploads\/2023\/12\/postimg-6569db3d562a29666.jpg?resize=150%2C150&ssl=1",150,150,true],"medium":["https:\/\/i0.wp.com\/ismaelcolosi.com.br\/wp-content\/uploads\/2023\/12\/postimg-6569db3d562a29666.jpg?fit=300%2C157&ssl=1",300,157,true],"medium_large":["https:\/\/i0.wp.com\/ismaelcolosi.com.br\/wp-content\/uploads\/2023\/12\/postimg-6569db3d562a29666.jpg?fit=768%2C402&ssl=1",768,402,true],"large":["https:\/\/i0.wp.com\/ismaelcolosi.com.br\/wp-content\/uploads\/2023\/12\/postimg-6569db3d562a29666.jpg?fit=1024%2C536&ssl=1",1024,536,true],"1536x1536":["https:\/\/i0.wp.com\/ismaelcolosi.com.br\/wp-content\/uploads\/2023\/12\/postimg-6569db3d562a29666.jpg?fit=1200%2C628&ssl=1",1200,628,true],"2048x2048":["https:\/\/i0.wp.com\/ismaelcolosi.com.br\/wp-content\/uploads\/2023\/12\/postimg-6569db3d562a29666.jpg?fit=1200%2C628&ssl=1",1200,628,true],"neve-blog":["https:\/\/i0.wp.com\/ismaelcolosi.com.br\/wp-content\/uploads\/2023\/12\/postimg-6569db3d562a29666.jpg?resize=930%2C620&ssl=1",930,620,true]},"uagb_author_info":{"display_name":"ismaelcolosi.com.br","author_link":"https:\/\/ismaelcolosi.com.br\/author\/vidareal-online\/"},"uagb_comment_info":0,"uagb_excerpt":"[ad_1] Um v\u00eddeo divulgado por atletas do X1, pouco antes do falecimento do jogador Adriano Bolol\u00f4, exibe o ve\u00edculo circulando a 129 quil\u00f4metros por hora, ultrapassando o limite de 60 km\/h e ignorando v\u00e1rios alertas na estrada. O incidente ocorreu na cidade de Fortim, no litoral Leste do Cear\u00e1, durante a madrugada desta quinta-feira, 30.&hellip;&nbsp;","jetpack-related-posts":[{"id":8673,"url":"https:\/\/ismaelcolosi.com.br\/index.php\/2023\/11\/30\/jovem-jogador-de-futebol-perde-a-vida-em-acidente-de-carro-na-volta-de-partida-outros-4-atletas-ficaram-feridos\/","url_meta":{"origin":8986,"position":0},"title":"Jovem jogador de futebol perde a vida em acidente de carro na volta de partida; outros 4 atletas ficaram feridos","author":"ismaelcolosi.com.br","date":"30 de Novembro de 2023","format":false,"excerpt":"[ad_1] Um jovem jogador de futebol de 25 anos morreu ap\u00f3s ter colidido o seu ve\u00edculo contra um poste. Ele foi identificado pelo nome de Adriano Sampaio, mais conhecido como Adriano Bolol\u00f4.O caso aconteceu no Cear\u00e1, durante a madrugada desta quinta-feira, dia 30 de novembro. Outros quatro atletas estavam dentro\u2026","rel":"","context":"In &quot;Blog&quot;","block_context":{"text":"Blog","link":"https:\/\/ismaelcolosi.com.br\/index.php\/category\/blog\/"},"img":{"alt_text":"","src":"https:\/\/i0.wp.com\/ismaelcolosi.com.br\/wp-content\/uploads\/2023\/11\/postimg-6568cd257df079705.jpg?fit=1200%2C628&ssl=1&resize=350%2C200","width":350,"height":200,"srcset":"https:\/\/i0.wp.com\/ismaelcolosi.com.br\/wp-content\/uploads\/2023\/11\/postimg-6568cd257df079705.jpg?fit=1200%2C628&ssl=1&resize=350%2C200 1x, https:\/\/i0.wp.com\/ismaelcolosi.com.br\/wp-content\/uploads\/2023\/11\/postimg-6568cd257df079705.jpg?fit=1200%2C628&ssl=1&resize=525%2C300 1.5x, https:\/\/i0.wp.com\/ismaelcolosi.com.br\/wp-content\/uploads\/2023\/11\/postimg-6568cd257df079705.jpg?fit=1200%2C628&ssl=1&resize=700%2C400 2x, https:\/\/i0.wp.com\/ismaelcolosi.com.br\/wp-content\/uploads\/2023\/11\/postimg-6568cd257df079705.jpg?fit=1200%2C628&ssl=1&resize=1050%2C600 3x"},"classes":[]},{"id":39803,"url":"https:\/\/ismaelcolosi.com.br\/index.php\/2024\/02\/28\/nave-compartilha-novas-imagens-de-pouso-na-lua\/","url_meta":{"origin":8986,"position":1},"title":"Nave compartilha novas imagens de pouso na Lua\u00a0","author":"ismaelcolosi.com.br","date":"28 de Fevereiro de 2024","format":false,"excerpt":"[ad_1] Ci\u00eancia e Tecnologia Destaque 28 de fevereiro de 2024 | 13:0028 de fevereiro de 2024 | 9:07 0A espa\u00e7onave Odysseus, que colocou novamente os Estados Unidos na superf\u00edcie lunar 50 anos ap\u00f3s a miss\u00e3o Apollo, registrou novas imagens da superf\u00edcie da Lua. Os registros foram captados durante as manobras\u2026","rel":"","context":"In &quot;Not\u00edcias de Ribeir\u00e3o Preto-SP e Regi\u00e3o&quot;","block_context":{"text":"Not\u00edcias de Ribeir\u00e3o Preto-SP e Regi\u00e3o","link":"https:\/\/ismaelcolosi.com.br\/index.php\/category\/noticias-de-ribeirao-preto-sp-e-regiao-ismael-colosi\/"},"img":{"alt_text":"","src":"https:\/\/i0.wp.com\/ismaelcolosi.com.br\/wp-content\/uploads\/2024\/02\/Espaco-Intuitive-Machines-Divulgacao-scaled.jpg?fit=859%2C645&ssl=1&resize=350%2C200","width":350,"height":200,"srcset":"https:\/\/i0.wp.com\/ismaelcolosi.com.br\/wp-content\/uploads\/2024\/02\/Espaco-Intuitive-Machines-Divulgacao-scaled.jpg?fit=859%2C645&ssl=1&resize=350%2C200 1x, https:\/\/i0.wp.com\/ismaelcolosi.com.br\/wp-content\/uploads\/2024\/02\/Espaco-Intuitive-Machines-Divulgacao-scaled.jpg?fit=859%2C645&ssl=1&resize=525%2C300 1.5x, https:\/\/i0.wp.com\/ismaelcolosi.com.br\/wp-content\/uploads\/2024\/02\/Espaco-Intuitive-Machines-Divulgacao-scaled.jpg?fit=859%2C645&ssl=1&resize=700%2C400 2x"},"classes":[]},{"id":15292,"url":"https:\/\/ismaelcolosi.com.br\/index.php\/2023\/12\/13\/video-flagra-ladroes-perseguindo-dono-de-moto-a-140-km-h-armados-os-criminosos-cercam-a-vitima-e-caso-tem-triste-desfecho-desgracado\/","url_meta":{"origin":8986,"position":2},"title":"V\u00eddeo flagra ladr\u00f5es perseguindo dono de moto a 140 km\/h, armados os criminosos cercam a v\u00edtima e caso tem triste desfecho: \u2018desgra\u00e7ado\u2019","author":"ismaelcolosi.com.br","date":"13 de Dezembro de 2023","format":false,"excerpt":"[ad_1] Um v\u00eddeo que come\u00e7ou a circular nas redes sociais mostra o momento em que um homem que conduzia uma moto \u00e9 perseguido por ladr\u00f5es armados, a 140 km\/h, em plena luz do dia, na Rodovia Presidente Castelo Branco.A filmagem da c\u00e2mera no capacete de um motociclista registrou o instante\u2026","rel":"","context":"In &quot;Blog&quot;","block_context":{"text":"Blog","link":"https:\/\/ismaelcolosi.com.br\/index.php\/category\/blog\/"},"img":{"alt_text":"","src":"https:\/\/i0.wp.com\/ismaelcolosi.com.br\/wp-content\/uploads\/2023\/12\/postimg-6579d8dd6ba243731.jpg?fit=1200%2C628&ssl=1&resize=350%2C200","width":350,"height":200,"srcset":"https:\/\/i0.wp.com\/ismaelcolosi.com.br\/wp-content\/uploads\/2023\/12\/postimg-6579d8dd6ba243731.jpg?fit=1200%2C628&ssl=1&resize=350%2C200 1x, https:\/\/i0.wp.com\/ismaelcolosi.com.br\/wp-content\/uploads\/2023\/12\/postimg-6579d8dd6ba243731.jpg?fit=1200%2C628&ssl=1&resize=525%2C300 1.5x, https:\/\/i0.wp.com\/ismaelcolosi.com.br\/wp-content\/uploads\/2023\/12\/postimg-6579d8dd6ba243731.jpg?fit=1200%2C628&ssl=1&resize=700%2C400 2x, https:\/\/i0.wp.com\/ismaelcolosi.com.br\/wp-content\/uploads\/2023\/12\/postimg-6579d8dd6ba243731.jpg?fit=1200%2C628&ssl=1&resize=1050%2C600 3x"},"classes":[]},{"id":40308,"url":"https:\/\/ismaelcolosi.com.br\/index.php\/2024\/03\/02\/rp-fecha-o-ano-com-188-914-multas-no-transito\/","url_meta":{"origin":8986,"position":3},"title":"RP fecha o ano com 188.914 multas\u00a0no tr\u00e2nsito","author":"ismaelcolosi.com.br","date":"2 de Mar\u00e7o de 2024","format":false,"excerpt":"[ad_1] Entre 1\u00ba de janeiro e 31 de dezembro do ano passado, a RP Mobi \u2013 ex-Transerp, empresa municipal respons\u00e1vel pelo gerenciamento do tr\u00e2nsito e do transporte urbano de Ribeir\u00e3o Preto \u2013 registrou 188.914 infra\u00e7\u00f5es de tr\u00e2nsito praticadas por motoristas nas ruas e avenidas da cidade, 518 por dia, 22\u2026","rel":"","context":"In &quot;Not\u00edcias de Ribeir\u00e3o Preto-SP e Regi\u00e3o&quot;","block_context":{"text":"Not\u00edcias de Ribeir\u00e3o Preto-SP e Regi\u00e3o","link":"https:\/\/ismaelcolosi.com.br\/index.php\/category\/noticias-de-ribeirao-preto-sp-e-regiao-ismael-colosi\/"},"img":{"alt_text":"","src":"https:\/\/i0.wp.com\/ismaelcolosi.com.br\/wp-content\/uploads\/2024\/03\/MultaRP-Alfredo-Risk-Arquivo-01d-scaled.jpg?fit=1000%2C529&ssl=1&resize=350%2C200","width":350,"height":200,"srcset":"https:\/\/i0.wp.com\/ismaelcolosi.com.br\/wp-content\/uploads\/2024\/03\/MultaRP-Alfredo-Risk-Arquivo-01d-scaled.jpg?fit=1000%2C529&ssl=1&resize=350%2C200 1x, https:\/\/i0.wp.com\/ismaelcolosi.com.br\/wp-content\/uploads\/2024\/03\/MultaRP-Alfredo-Risk-Arquivo-01d-scaled.jpg?fit=1000%2C529&ssl=1&resize=525%2C300 1.5x, https:\/\/i0.wp.com\/ismaelcolosi.com.br\/wp-content\/uploads\/2024\/03\/MultaRP-Alfredo-Risk-Arquivo-01d-scaled.jpg?fit=1000%2C529&ssl=1&resize=700%2C400 2x"},"classes":[]},{"id":73729,"url":"https:\/\/ismaelcolosi.com.br\/index.php\/2024\/10\/28\/inmet-publica-novos-alertas-para-o-interior-de-sp-veja-cidades\/","url_meta":{"origin":8986,"position":4},"title":"Inmet publica novos alertas para o interior de SP; Veja cidades","author":"ismaelcolosi.com.br","date":"28 de Outubro de 2024","format":false,"excerpt":"[ad_1] O Inmet (Instituto Nacional de Meteorologia) emitiu dois novos alertas para chuvas intensas no interior de S\u00e3o Paulo. Os avisos s\u00e3o divididos em graus de severidade. A regi\u00e3o de Ribeir\u00e3o Preto est\u00e1 na faixa amarela definida como \u201cperigo potencial\u201d. A validade \u00e9 entre \u00e0s 9h desta segunda-feira (28)\u00a0e \u00e0s\u2026","rel":"","context":"In &quot;Not\u00edcias de Ribeir\u00e3o Preto-SP e Regi\u00e3o&quot;","block_context":{"text":"Not\u00edcias de Ribeir\u00e3o Preto-SP e Regi\u00e3o","link":"https:\/\/ismaelcolosi.com.br\/index.php\/category\/noticias-de-ribeirao-preto-sp-e-regiao-ismael-colosi\/"},"img":{"alt_text":"","src":"https:\/\/i0.wp.com\/ismaelcolosi.com.br\/wp-content\/uploads\/2024\/10\/WhatsApp-Image-2024-10-11-at-06.55.12_2024-10-11_09-56-34_jpeg_2024-10-11_09-56-35.webp.webp?fit=1200%2C540&ssl=1&resize=350%2C200","width":350,"height":200,"srcset":"https:\/\/i0.wp.com\/ismaelcolosi.com.br\/wp-content\/uploads\/2024\/10\/WhatsApp-Image-2024-10-11-at-06.55.12_2024-10-11_09-56-34_jpeg_2024-10-11_09-56-35.webp.webp?fit=1200%2C540&ssl=1&resize=350%2C200 1x, https:\/\/i0.wp.com\/ismaelcolosi.com.br\/wp-content\/uploads\/2024\/10\/WhatsApp-Image-2024-10-11-at-06.55.12_2024-10-11_09-56-34_jpeg_2024-10-11_09-56-35.webp.webp?fit=1200%2C540&ssl=1&resize=525%2C300 1.5x, https:\/\/i0.wp.com\/ismaelcolosi.com.br\/wp-content\/uploads\/2024\/10\/WhatsApp-Image-2024-10-11-at-06.55.12_2024-10-11_09-56-34_jpeg_2024-10-11_09-56-35.webp.webp?fit=1200%2C540&ssl=1&resize=700%2C400 2x, https:\/\/i0.wp.com\/ismaelcolosi.com.br\/wp-content\/uploads\/2024\/10\/WhatsApp-Image-2024-10-11-at-06.55.12_2024-10-11_09-56-34_jpeg_2024-10-11_09-56-35.webp.webp?fit=1200%2C540&ssl=1&resize=1050%2C600 3x"},"classes":[]},{"id":72417,"url":"https:\/\/ismaelcolosi.com.br\/index.php\/2024\/10\/21\/interior-de-sp-tem-novos-alertas-para-chuvas-intensas-veja-cidades\/","url_meta":{"origin":8986,"position":5},"title":"Interior de SP tem novos alertas para chuvas intensas; Veja cidades","author":"ismaelcolosi.com.br","date":"21 de Outubro de 2024","format":false,"excerpt":"[ad_1] O Inmet (Instituto Nacional de Meteorologia) emitiu dois novos alertas para chuvas intensas no interior de S\u00e3o Paulo. Os avisos s\u00e3o divididos em grau de severidade. A regi\u00e3o de Ribeir\u00e3o Preto est\u00e1 na \u00e1rea amarela definida como \u201cperigo potencial\u201d. Este aviso tem validade entre 10h10 desta segunda-feira (21) e\u2026","rel":"","context":"In &quot;Not\u00edcias de Ribeir\u00e3o Preto-SP e Regi\u00e3o&quot;","block_context":{"text":"Not\u00edcias de Ribeir\u00e3o Preto-SP e Regi\u00e3o","link":"https:\/\/ismaelcolosi.com.br\/index.php\/category\/noticias-de-ribeirao-preto-sp-e-regiao-ismael-colosi\/"},"img":{"alt_text":"","src":"https:\/\/i0.wp.com\/ismaelcolosi.com.br\/wp-content\/uploads\/2024\/10\/1729536803_WhatsApp-Image-2024-02-07-at-16.31.23.jpeg?fit=1200%2C540&ssl=1&resize=350%2C200","width":350,"height":200,"srcset":"https:\/\/i0.wp.com\/ismaelcolosi.com.br\/wp-content\/uploads\/2024\/10\/1729536803_WhatsApp-Image-2024-02-07-at-16.31.23.jpeg?fit=1200%2C540&ssl=1&resize=350%2C200 1x, https:\/\/i0.wp.com\/ismaelcolosi.com.br\/wp-content\/uploads\/2024\/10\/1729536803_WhatsApp-Image-2024-02-07-at-16.31.23.jpeg?fit=1200%2C540&ssl=1&resize=525%2C300 1.5x, https:\/\/i0.wp.com\/ismaelcolosi.com.br\/wp-content\/uploads\/2024\/10\/1729536803_WhatsApp-Image-2024-02-07-at-16.31.23.jpeg?fit=1200%2C540&ssl=1&resize=700%2C400 2x, https:\/\/i0.wp.com\/ismaelcolosi.com.br\/wp-content\/uploads\/2024\/10\/1729536803_WhatsApp-Image-2024-02-07-at-16.31.23.jpeg?fit=1200%2C540&ssl=1&resize=1050%2C600 3x"},"classes":[]}],"jetpack_sharing_enabled":true,"jetpack_shortlink":"https:\/\/wp.me\/pfMlyK-2kW","jetpack_featured_media_url":"https:\/\/i0.wp.com\/ismaelcolosi.com.br\/wp-content\/uploads\/2023\/12\/postimg-6569db3d562a29666.jpg?fit=1200%2C628&ssl=1","_links":{"self":[{"href":"https:\/\/ismaelcolosi.com.br\/index.php\/wp-json\/wp\/v2\/posts\/8986","targetHints":{"allow":["GET"]}}],"collection":[{"href":"https:\/\/ismaelcolosi.com.br\/index.php\/wp-json\/wp\/v2\/posts"}],"about":[{"href":"https:\/\/ismaelcolosi.com.br\/index.php\/wp-json\/wp\/v2\/types\/post"}],"author":[{"embeddable":true,"href":"https:\/\/ismaelcolosi.com.br\/index.php\/wp-json\/wp\/v2\/users\/1"}],"replies":[{"embeddable":true,"href":"https:\/\/ismaelcolosi.com.br\/index.php\/wp-json\/wp\/v2\/comments?post=8986"}],"version-history":[{"count":0,"href":"https:\/\/ismaelcolosi.com.br\/index.php\/wp-json\/wp\/v2\/posts\/8986\/revisions"}],"wp:featuredmedia":[{"embeddable":true,"href":"https:\/\/ismaelcolosi.com.br\/index.php\/wp-json\/wp\/v2\/media\/8987"}],"wp:attachment":[{"href":"https:\/\/ismaelcolosi.com.br\/index.php\/wp-json\/wp\/v2\/media?parent=8986"}],"wp:term":[{"taxonomy":"category","embeddable":true,"href":"https:\/\/ismaelcolosi.com.br\/index.php\/wp-json\/wp\/v2\/categories?post=8986"},{"taxonomy":"post_tag","embeddable":true,"href":"https:\/\/ismaelcolosi.com.br\/index.php\/wp-json\/wp\/v2\/tags?post=8986"}],"curies":[{"name":"wp","href":"https:\/\/api.w.org\/{rel}","templated":true}]}}