{"id":89810,"date":"2026-04-10T11:22:56","date_gmt":"2026-04-10T14:22:56","guid":{"rendered":"https:\/\/ismaelcolosi.com.br\/index.php\/2026\/04\/10\/stefano-gabbana-cofundador-da-dolce-gabbana-renuncia-ao-cargo-de-presidente\/"},"modified":"2026-04-10T11:22:56","modified_gmt":"2026-04-10T14:22:56","slug":"stefano-gabbana-cofundador-da-dolce-gabbana-renuncia-ao-cargo-de-presidente","status":"publish","type":"post","link":"https:\/\/ismaelcolosi.com.br\/index.php\/2026\/04\/10\/stefano-gabbana-cofundador-da-dolce-gabbana-renuncia-ao-cargo-de-presidente\/","title":{"rendered":"Stefano Gabbana, Cofundador da Dolce &#038; Gabbana, Renuncia Ao Cargo de Presidente"},"content":{"rendered":"<p> <br \/>\n<\/p>\n<div>\n<p>A Dolce &amp; Gabbana anunciou na sexta-feira (10) que seu cofundador Stefano Gabbana deixou seus cargos na grife italiana e em sua holding controladora a partir de 1\u00ba de janeiro, confirmando relatos anteriores de que ele renunciou ao cargo de presidente.<\/p>\n<p>\u201cAs ren\u00fancias n\u00e3o t\u00eam impacto sobre as atividades criativas realizadas para o grupo por Stefano Gabbana\u201d, disse o grupo em um comunicado.<\/p><div class='code-block code-block-8' style='margin: 8px auto; text-align: center; display: block; clear: both;'>\n<script>\n  atOptions = {\n    'key' : '66e2e2111ca34da796271819fc334058',\n    'format' : 'iframe',\n    'height' : 250,\n    'width' : 300,\n    'params' : {}\n  };\n<\/script>\n<script src=\"https:\/\/www.highperformanceformat.com\/66e2e2111ca34da796271819fc334058\/invoke.js\"><\/script>\n<\/div>\n\n<p>O chefe-executivo Alfonso Dolce, irm\u00e3o do cofundador Domenico Dolce, foi nomeado o novo presidente, de acordo com um registro da empresa na C\u00e2mara de Com\u00e9rcio de Mil\u00e3o.<\/p>\n<p>Gabbana, de 63 anos, fez sua habitual rever\u00eancia no \u00faltimo desfile da grife em fevereiro, ladeado por Dolce, com a musa de longa data dos estilistas, a superestrela pop Madonna, como convidada na primeira fila.<\/p>\n<aside class=\"content_modules\">\n<h2 class=\"block_label\">Leia Tamb\u00e9m<\/h2>\n<\/aside>\n<aside class=\"newsletter content_modules\">&#13;<br \/>\n  &#13;<br \/>\n<\/aside>\n<\/p>\n<p>A not\u00edcia de sua sa\u00edda foi relatada pela primeira vez pela Bloomberg, que disse que Gabbana tamb\u00e9m estava considerando op\u00e7\u00f5es para sua participa\u00e7\u00e3o de cerca de 40% na empresa antes das negocia\u00e7\u00f5es de d\u00edvidas com os bancos.<\/p>\n<aside class=\"web-story content_modules\">&#13;<br \/>\n  &#13;<br \/>\n<\/aside>\n<p>&#13;\n<\/p>\n<p>Os credores da Dolce &amp; Gabbana est\u00e3o buscando uma inje\u00e7\u00e3o de at\u00e9 150 milh\u00f5es de euros em novos recursos como parte de um refinanciamento mais amplo da d\u00edvida de 450 milh\u00f5es de euros (US$525,7 milh\u00f5es), informou a Bloomberg, citando fontes.<\/p>\n<p>A empresa, assessorada pelo Rothschild, est\u00e1 explorando maneiras de levantar dinheiro novo, incluindo a venda de ativos, como im\u00f3veis e a renova\u00e7\u00e3o de licen\u00e7as, disse uma fonte pr\u00f3xima ao assunto, confirmando reportagem da Bloomberg.<\/p>\n<p>A Dolce &amp; Gabbana n\u00e3o quis comentar, pois \u201cas negocia\u00e7\u00f5es com os bancos ainda est\u00e3o em andamento\u201d.<\/p>\n<div class=\"follow-us\">Siga o canal da <a href=\"https:\/\/whatsapp.com\/channel\/0029Va9gQKwBFLgM96cJnu0u\" target=\"_blank\" rel=\"noopener noreferrer nofollow\" title=\"Grupo da Forbes no WhatsApp\">Forbes<\/a> no WhatsApp e receba as principais not\u00edcias de empreendedorismo, carreira, tecnologia, agro e lifestyle.<\/div>\n<\/p><\/div>\n<p><br \/>\n<br \/><a href=\"https:\/\/forbes.com.br\/forbes-life\/2026\/04\/stefano-gabbana-cofundador-da-dolce-gabbana-renuncia-ao-cargo-de-presidente\/\">Source link <\/a><\/p>\n<div class='code-block code-block-4' style='margin: 8px auto 8px 0; text-align: left; display: block; clear: both;'>\n\ud83d\udce2 Aviso Legal\n\nO site ismaelcolosi.com.br atua apenas como um canal de divulga\u00e7\u00e3o de oportunidades de emprego e n\u00e3o se responsabiliza pelo processo seletivo, contrata\u00e7\u00e3o ou qualquer outra etapa relacionada \u00e0s vagas publicadas. Todas as informa\u00e7\u00f5es s\u00e3o de responsabilidade dos anunciantes.\n\n\u26a0\ufe0f Aten\u00e7\u00e3o! Nunca pague por promessas de emprego nem compre cursos que garantam contrata\u00e7\u00e3o. Desconfie de qualquer cobran\u00e7a para participar de sele\u00e7\u00f5es.\n\n\n\n<\/div>\n<!-- CONTENT END 1 -->\n","protected":false},"excerpt":{"rendered":"<p>A Dolce &amp; Gabbana anunciou na sexta-feira (10) que seu cofundador Stefano Gabbana deixou seus cargos na grife italiana e em sua holding controladora a&#8230;<\/p>\n","protected":false},"author":1,"featured_media":89811,"comment_status":"","ping_status":"open","sticky":false,"template":"","format":"standard","meta":{"_uag_custom_page_level_css":"","advanced_seo_description":"","jetpack_seo_html_title":"","jetpack_seo_noindex":false,"jetpack_post_was_ever_published":false,"_jetpack_newsletter_access":"","_jetpack_dont_email_post_to_subs":false,"_jetpack_newsletter_tier_id":0,"_jetpack_memberships_contains_paywalled_content":false,"_jetpack_memberships_contains_paid_content":false,"footnotes":"","jetpack_publicize_message":"","jetpack_publicize_feature_enabled":true,"jetpack_social_post_already_shared":true,"jetpack_social_options":{"image_generator_settings":{"template":"highway","default_image_id":0,"font":"","enabled":false},"version":2}},"categories":[1964],"tags":[],"class_list":["post-89810","post","type-post","status-publish","format-standard","has-post-thumbnail","hentry","category-carreira-e-sucesso-dicas-para-carreira"],"jetpack_publicize_connections":[],"jetpack_featured_media_url":"https:\/\/i0.wp.com\/ismaelcolosi.com.br\/wp-content\/uploads\/2026\/04\/Estilistas-Domenico-Dolce-e-Stefano-Gabbana-na-Fashion-Week-em-Milao-1200x675.jpg?fit=1200%2C675&ssl=1","uagb_featured_image_src":{"full":["https:\/\/i0.wp.com\/ismaelcolosi.com.br\/wp-content\/uploads\/2026\/04\/Estilistas-Domenico-Dolce-e-Stefano-Gabbana-na-Fashion-Week-em-Milao-1200x675.jpg?fit=1200%2C675&ssl=1",1200,675,false],"thumbnail":["https:\/\/i0.wp.com\/ismaelcolosi.com.br\/wp-content\/uploads\/2026\/04\/Estilistas-Domenico-Dolce-e-Stefano-Gabbana-na-Fashion-Week-em-Milao-1200x675.jpg?resize=150%2C150&ssl=1",150,150,true],"medium":["https:\/\/i0.wp.com\/ismaelcolosi.com.br\/wp-content\/uploads\/2026\/04\/Estilistas-Domenico-Dolce-e-Stefano-Gabbana-na-Fashion-Week-em-Milao-1200x675.jpg?fit=300%2C169&ssl=1",300,169,true],"medium_large":["https:\/\/i0.wp.com\/ismaelcolosi.com.br\/wp-content\/uploads\/2026\/04\/Estilistas-Domenico-Dolce-e-Stefano-Gabbana-na-Fashion-Week-em-Milao-1200x675.jpg?fit=768%2C432&ssl=1",768,432,true],"large":["https:\/\/i0.wp.com\/ismaelcolosi.com.br\/wp-content\/uploads\/2026\/04\/Estilistas-Domenico-Dolce-e-Stefano-Gabbana-na-Fashion-Week-em-Milao-1200x675.jpg?fit=1024%2C576&ssl=1",1024,576,true],"1536x1536":["https:\/\/i0.wp.com\/ismaelcolosi.com.br\/wp-content\/uploads\/2026\/04\/Estilistas-Domenico-Dolce-e-Stefano-Gabbana-na-Fashion-Week-em-Milao-1200x675.jpg?fit=1200%2C675&ssl=1",1200,675,true],"2048x2048":["https:\/\/i0.wp.com\/ismaelcolosi.com.br\/wp-content\/uploads\/2026\/04\/Estilistas-Domenico-Dolce-e-Stefano-Gabbana-na-Fashion-Week-em-Milao-1200x675.jpg?fit=1200%2C675&ssl=1",1200,675,true],"really-simple-thumb":["https:\/\/i0.wp.com\/ismaelcolosi.com.br\/wp-content\/uploads\/2026\/04\/Estilistas-Domenico-Dolce-e-Stefano-Gabbana-na-Fashion-Week-em-Milao-1200x675.jpg?resize=370%2C247&ssl=1",370,247,true]},"uagb_author_info":{"display_name":"ismaelcolosi.com.br","author_link":"https:\/\/ismaelcolosi.com.br\/index.php\/author\/vidareal-online\/"},"uagb_comment_info":0,"uagb_excerpt":"A Dolce &amp; Gabbana anunciou na sexta-feira (10) que seu cofundador Stefano Gabbana deixou seus cargos na grife italiana e em sua holding controladora a...","jetpack-related-posts":[{"id":26947,"url":"https:\/\/ismaelcolosi.com.br\/index.php\/2024\/01\/11\/veja-quem-sao-os-nepo-babies-dos-negocios\/","url_meta":{"origin":89810,"position":0},"title":"Veja quem s\u00e3o os &#8220;nepo babies&#8221; dos neg\u00f3cios","author":"ismaelcolosi.com.br","date":"11 de January de 2024","format":false,"excerpt":"Roy Rochlin\/Getty Images\u201cNepo baby\u201d, Fr\u00e9d\u00e9ric Arnault, de apenas 29 anos, \u00e9 CEO da TAG Heuer desde 2020 e agora passa a liderar tamb\u00e9m as marcas Hublot e Zenith Bernard Arnault, bilion\u00e1rio \u00e0 frente do conglomerado de luxo LVMH, que inclui as marcas Louis Vuitton e Mo\u00ebt & Chandon, e um\u2026","rel":"","context":"In &quot;Carreira e Sucesso&quot;","block_context":{"text":"Carreira e Sucesso","link":"https:\/\/ismaelcolosi.com.br\/index.php\/category\/carreira-e-sucesso-dicas-para-carreira\/"},"img":{"alt_text":"","src":"https:\/\/i0.wp.com\/ismaelcolosi.com.br\/wp-content\/uploads\/2024\/01\/carreira-bernard-frederic-arnault-1024x683.jpg?fit=1024%2C683&ssl=1&resize=350%2C200","width":350,"height":200,"srcset":"https:\/\/i0.wp.com\/ismaelcolosi.com.br\/wp-content\/uploads\/2024\/01\/carreira-bernard-frederic-arnault-1024x683.jpg?fit=1024%2C683&ssl=1&resize=350%2C200 1x, https:\/\/i0.wp.com\/ismaelcolosi.com.br\/wp-content\/uploads\/2024\/01\/carreira-bernard-frederic-arnault-1024x683.jpg?fit=1024%2C683&ssl=1&resize=525%2C300 1.5x, https:\/\/i0.wp.com\/ismaelcolosi.com.br\/wp-content\/uploads\/2024\/01\/carreira-bernard-frederic-arnault-1024x683.jpg?fit=1024%2C683&ssl=1&resize=700%2C400 2x"},"classes":[]},{"id":85460,"url":"https:\/\/ismaelcolosi.com.br\/index.php\/2025\/05\/21\/10-bilionarios-que-enriqueceram-trabalhando-para-outros\/","url_meta":{"origin":89810,"position":1},"title":"10 Bilion\u00e1rios que Enriqueceram Trabalhando para Outros","author":"ismaelcolosi.com.br","date":"21 de May de 2025","format":false,"excerpt":"\r Patrick T. Fallon\/Bloomberg, Justin Sullivan\/Getty Images, Sebastian Christoph Gollnow\/Getty Images\r Presidente e COO da SpaceX, Gwynne Shotwell; CEO da Apple, Tim Cook; e o presidente do conselho e CEO da Microsoft, Satya Nadella\r Acessibilidade \r L\r L\r A-\r A+\r \r \u25d0\r \r \u00a0 A maioria dos bilion\u00e1rios enriqueceu construindo\u2026","rel":"","context":"In &quot;Carreira e Sucesso&quot;","block_context":{"text":"Carreira e Sucesso","link":"https:\/\/ismaelcolosi.com.br\/index.php\/category\/carreira-e-sucesso-dicas-para-carreira\/"},"img":{"alt_text":"","src":"https:\/\/i0.wp.com\/ismaelcolosi.com.br\/wp-content\/uploads\/2025\/05\/forbes-bilionarios-1952025-1200x675.jpg?fit=1200%2C675&ssl=1&resize=350%2C200","width":350,"height":200,"srcset":"https:\/\/i0.wp.com\/ismaelcolosi.com.br\/wp-content\/uploads\/2025\/05\/forbes-bilionarios-1952025-1200x675.jpg?fit=1200%2C675&ssl=1&resize=350%2C200 1x, https:\/\/i0.wp.com\/ismaelcolosi.com.br\/wp-content\/uploads\/2025\/05\/forbes-bilionarios-1952025-1200x675.jpg?fit=1200%2C675&ssl=1&resize=525%2C300 1.5x, https:\/\/i0.wp.com\/ismaelcolosi.com.br\/wp-content\/uploads\/2025\/05\/forbes-bilionarios-1952025-1200x675.jpg?fit=1200%2C675&ssl=1&resize=700%2C400 2x, https:\/\/i0.wp.com\/ismaelcolosi.com.br\/wp-content\/uploads\/2025\/05\/forbes-bilionarios-1952025-1200x675.jpg?fit=1200%2C675&ssl=1&resize=1050%2C600 3x"},"classes":[]},{"id":14438,"url":"https:\/\/ismaelcolosi.com.br\/index.php\/2023\/12\/12\/sam-altman-volta-a-presidir-openai-cinco-dias-apos-demissao-pelo-conselho\/","url_meta":{"origin":89810,"position":2},"title":"Sam Altman volta a presidir OpenAI cinco dias ap\u00f3s demiss\u00e3o pelo Conselho","author":"ismaelcolosi.com.br","date":"12 de December de 2023","format":false,"excerpt":"Em uma postagem no X na noite de s\u00e1bado, Altman escreveu: \u201cEu amo muito a equipe OpenAI\u201d Sam Altman retornar\u00e1 como CEO da OpenAI, informou a startup na manh\u00e3 desta quarta-feira (22) no X, anteriormente conhecido como Twitter. A medida surge ap\u00f3s imensa press\u00e3o de funcion\u00e1rios e investidores sobre o\u2026","rel":"","context":"In &quot;Carreira e Sucesso&quot;","block_context":{"text":"Carreira e Sucesso","link":"https:\/\/ismaelcolosi.com.br\/index.php\/category\/carreira-e-sucesso-dicas-para-carreira\/"},"img":{"alt_text":"","src":"https:\/\/i0.wp.com\/ismaelcolosi.com.br\/wp-content\/uploads\/2023\/12\/carreira-openAI-sam-altman-1024x683.jpg?fit=1024%2C683&ssl=1&resize=350%2C200","width":350,"height":200,"srcset":"https:\/\/i0.wp.com\/ismaelcolosi.com.br\/wp-content\/uploads\/2023\/12\/carreira-openAI-sam-altman-1024x683.jpg?fit=1024%2C683&ssl=1&resize=350%2C200 1x, https:\/\/i0.wp.com\/ismaelcolosi.com.br\/wp-content\/uploads\/2023\/12\/carreira-openAI-sam-altman-1024x683.jpg?fit=1024%2C683&ssl=1&resize=525%2C300 1.5x, https:\/\/i0.wp.com\/ismaelcolosi.com.br\/wp-content\/uploads\/2023\/12\/carreira-openAI-sam-altman-1024x683.jpg?fit=1024%2C683&ssl=1&resize=700%2C400 2x"},"classes":[]},{"id":79830,"url":"https:\/\/ismaelcolosi.com.br\/index.php\/2024\/12\/19\/ceo-do-grupo-flow-aumenta-faturamento-em-50-em-um-ano\/","url_meta":{"origin":89810,"position":3},"title":"CEO do Grupo Flow aumenta faturamento em 50% em um ano","author":"ismaelcolosi.com.br","date":"19 de December de 2024","format":false,"excerpt":"\r Divulga\u00e7\u00e3o\/Grupo Flow\r Sarah Buchwitz, eleita uma das 10 Melhores CMOs do Brasil pela Forbes em 2023, aproveita a experi\u00eancia no marketing para aproximar o Grupo Flow do mercado publicit\u00e1rio\r H\u00e1 pouco mais de um ano, Sarah Buchwitz deixou a vice-presid\u00eancia de marketing da Mastercard, ap\u00f3s uma carreira de mais\u2026","rel":"","context":"In &quot;Carreira e Sucesso&quot;","block_context":{"text":"Carreira e Sucesso","link":"https:\/\/ismaelcolosi.com.br\/index.php\/category\/carreira-e-sucesso-dicas-para-carreira\/"},"img":{"alt_text":"","src":"https:\/\/i0.wp.com\/ismaelcolosi.com.br\/wp-content\/uploads\/2024\/12\/mulher-sarah-buchwitz-grupo-flow-1200x675.jpg?fit=1200%2C675&ssl=1&resize=350%2C200","width":350,"height":200,"srcset":"https:\/\/i0.wp.com\/ismaelcolosi.com.br\/wp-content\/uploads\/2024\/12\/mulher-sarah-buchwitz-grupo-flow-1200x675.jpg?fit=1200%2C675&ssl=1&resize=350%2C200 1x, https:\/\/i0.wp.com\/ismaelcolosi.com.br\/wp-content\/uploads\/2024\/12\/mulher-sarah-buchwitz-grupo-flow-1200x675.jpg?fit=1200%2C675&ssl=1&resize=525%2C300 1.5x, https:\/\/i0.wp.com\/ismaelcolosi.com.br\/wp-content\/uploads\/2024\/12\/mulher-sarah-buchwitz-grupo-flow-1200x675.jpg?fit=1200%2C675&ssl=1&resize=700%2C400 2x, https:\/\/i0.wp.com\/ismaelcolosi.com.br\/wp-content\/uploads\/2024\/12\/mulher-sarah-buchwitz-grupo-flow-1200x675.jpg?fit=1200%2C675&ssl=1&resize=1050%2C600 3x"},"classes":[]},{"id":80051,"url":"https:\/\/ismaelcolosi.com.br\/index.php\/2024\/12\/20\/ceo-do-grupo-flow-aumenta-faturamento-em-50-em-um-ano-2\/","url_meta":{"origin":89810,"position":4},"title":"CEO do Grupo Flow aumenta faturamento em 50% em um ano","author":"ismaelcolosi.com.br","date":"20 de December de 2024","format":false,"excerpt":"\r Divulga\u00e7\u00e3o\/Grupo Flow\r Sarah Buchwitz, eleita uma das 10 Melhores CMOs do Brasil pela Forbes em 2023, aproveita a experi\u00eancia no marketing para aproximar o Grupo Flow do mercado publicit\u00e1rio\r H\u00e1 pouco mais de um ano, Sarah Buchwitz deixou a vice-presid\u00eancia de marketing da Mastercard, ap\u00f3s uma carreira de mais\u2026","rel":"","context":"In &quot;Carreira e Sucesso&quot;","block_context":{"text":"Carreira e Sucesso","link":"https:\/\/ismaelcolosi.com.br\/index.php\/category\/carreira-e-sucesso-dicas-para-carreira\/"},"img":{"alt_text":"","src":"https:\/\/i0.wp.com\/ismaelcolosi.com.br\/wp-content\/uploads\/2024\/12\/1734714377_mulher-sarah-buchwitz-grupo-flow-1200x675.jpg?fit=1200%2C675&ssl=1&resize=350%2C200","width":350,"height":200,"srcset":"https:\/\/i0.wp.com\/ismaelcolosi.com.br\/wp-content\/uploads\/2024\/12\/1734714377_mulher-sarah-buchwitz-grupo-flow-1200x675.jpg?fit=1200%2C675&ssl=1&resize=350%2C200 1x, https:\/\/i0.wp.com\/ismaelcolosi.com.br\/wp-content\/uploads\/2024\/12\/1734714377_mulher-sarah-buchwitz-grupo-flow-1200x675.jpg?fit=1200%2C675&ssl=1&resize=525%2C300 1.5x, https:\/\/i0.wp.com\/ismaelcolosi.com.br\/wp-content\/uploads\/2024\/12\/1734714377_mulher-sarah-buchwitz-grupo-flow-1200x675.jpg?fit=1200%2C675&ssl=1&resize=700%2C400 2x, https:\/\/i0.wp.com\/ismaelcolosi.com.br\/wp-content\/uploads\/2024\/12\/1734714377_mulher-sarah-buchwitz-grupo-flow-1200x675.jpg?fit=1200%2C675&ssl=1&resize=1050%2C600 3x"},"classes":[]},{"id":45574,"url":"https:\/\/ismaelcolosi.com.br\/index.php\/2024\/04\/05\/a-trajetoria-da-economista-chefe-do-jp-morgan\/","url_meta":{"origin":89810,"position":5},"title":"A trajet\u00f3ria da economista-chefe do JP Morgan","author":"ismaelcolosi.com.br","date":"5 de April de 2024","format":false,"excerpt":"Cassiana Fernandez tamb\u00e9m lidera o grupo de mulheres do JP Morgan na Am\u00e9rica Latina Quando uma estagi\u00e1ria do JP Morgan foi questionada em um v\u00eddeo sobre o que queria ser no futuro, n\u00e3o hesitou em responder: \u201cA pr\u00f3xima Cassiana Fernandez\u201d. Ao saber disso, a executiva, hoje economista-chefe do banco na\u2026","rel":"","context":"In &quot;Carreira e Sucesso&quot;","block_context":{"text":"Carreira e Sucesso","link":"https:\/\/ismaelcolosi.com.br\/index.php\/category\/carreira-e-sucesso-dicas-para-carreira\/"},"img":{"alt_text":"","src":"https:\/\/i0.wp.com\/ismaelcolosi.com.br\/wp-content\/uploads\/2024\/04\/mulher-cassiana-fernandez-minha-jornada-1024x683.jpg?fit=1024%2C683&ssl=1&resize=350%2C200","width":350,"height":200,"srcset":"https:\/\/i0.wp.com\/ismaelcolosi.com.br\/wp-content\/uploads\/2024\/04\/mulher-cassiana-fernandez-minha-jornada-1024x683.jpg?fit=1024%2C683&ssl=1&resize=350%2C200 1x, https:\/\/i0.wp.com\/ismaelcolosi.com.br\/wp-content\/uploads\/2024\/04\/mulher-cassiana-fernandez-minha-jornada-1024x683.jpg?fit=1024%2C683&ssl=1&resize=525%2C300 1.5x, https:\/\/i0.wp.com\/ismaelcolosi.com.br\/wp-content\/uploads\/2024\/04\/mulher-cassiana-fernandez-minha-jornada-1024x683.jpg?fit=1024%2C683&ssl=1&resize=700%2C400 2x"},"classes":[]}],"jetpack_sharing_enabled":true,"jetpack_shortlink":"https:\/\/wp.me\/pfMlyK-nmy","_links":{"self":[{"href":"https:\/\/ismaelcolosi.com.br\/index.php\/wp-json\/wp\/v2\/posts\/89810","targetHints":{"allow":["GET"]}}],"collection":[{"href":"https:\/\/ismaelcolosi.com.br\/index.php\/wp-json\/wp\/v2\/posts"}],"about":[{"href":"https:\/\/ismaelcolosi.com.br\/index.php\/wp-json\/wp\/v2\/types\/post"}],"author":[{"embeddable":true,"href":"https:\/\/ismaelcolosi.com.br\/index.php\/wp-json\/wp\/v2\/users\/1"}],"replies":[{"embeddable":true,"href":"https:\/\/ismaelcolosi.com.br\/index.php\/wp-json\/wp\/v2\/comments?post=89810"}],"version-history":[{"count":0,"href":"https:\/\/ismaelcolosi.com.br\/index.php\/wp-json\/wp\/v2\/posts\/89810\/revisions"}],"wp:featuredmedia":[{"embeddable":true,"href":"https:\/\/ismaelcolosi.com.br\/index.php\/wp-json\/wp\/v2\/media\/89811"}],"wp:attachment":[{"href":"https:\/\/ismaelcolosi.com.br\/index.php\/wp-json\/wp\/v2\/media?parent=89810"}],"wp:term":[{"taxonomy":"category","embeddable":true,"href":"https:\/\/ismaelcolosi.com.br\/index.php\/wp-json\/wp\/v2\/categories?post=89810"},{"taxonomy":"post_tag","embeddable":true,"href":"https:\/\/ismaelcolosi.com.br\/index.php\/wp-json\/wp\/v2\/tags?post=89810"}],"curies":[{"name":"wp","href":"https:\/\/api.w.org\/{rel}","templated":true}]}}