{"id":8978,"date":"2023-12-01T06:00:00","date_gmt":"2023-12-01T09:00:00","guid":{"rendered":"https:\/\/ismaelcolosi.com.br\/index.php\/2023\/12\/01\/comercial-realiza-campanha-para-arrecadar-brinquedos-em-ribeirao-preto\/"},"modified":"2023-12-01T06:00:00","modified_gmt":"2023-12-01T09:00:00","slug":"comercial-realiza-campanha-para-arrecadar-brinquedos-em-ribeirao-preto","status":"publish","type":"post","link":"https:\/\/ismaelcolosi.com.br\/index.php\/2023\/12\/01\/comercial-realiza-campanha-para-arrecadar-brinquedos-em-ribeirao-preto\/","title":{"rendered":"Comercial realiza campanha para arrecadar brinquedos em Ribeir\u00e3o Preto"},"content":{"rendered":"<p> <br \/>\n<\/p>\n<div data-td-block-uid=\"tdi_104\">\n<div class=\"tdb-block-inner td-fix-index\">\n<p><strong>A Comercial Futebol Clube est\u00e1 organizando uma campanha para arrecadar brinquedos para crian\u00e7as que vivem em comunidades de Ribeir\u00e3o Preto.<\/strong><\/p>\n<p>A campanha <strong>\u2018Natal do Le\u00e3o\u2019 <\/strong>vai at\u00e9 o dia 16 de dezembro. A entrega dos brinquedos nas comunidades ser\u00e1 feita pelos jogadores do Comercial.<\/p><div class='code-block code-block-8' style='margin: 8px auto; text-align: center; display: block; clear: both;'>\n<script>\n  atOptions = {\n    'key' : '66e2e2111ca34da796271819fc334058',\n    'format' : 'iframe',\n    'height' : 250,\n    'width' : 300,\n    'params' : {}\n  };\n<\/script>\n<script src=\"https:\/\/www.highperformanceformat.com\/66e2e2111ca34da796271819fc334058\/invoke.js\"><\/script>\n<\/div>\n\n<p>\u201cV\u00e1 at\u00e9 o est\u00e1dio Palma Travassos torcedor, doe um brinquedo e fa\u00e7a o Natal de uma crian\u00e7a mais feliz\u201d, postou o Comercial nas redes sociais.<\/p>\n<h4 class=\"wp-block-heading\"><strong>Confira os pontos de doa\u00e7\u00e3o:<\/strong><\/h4>\n<ul>\n<li>Secretaria do est\u00e1dio Palma Travassos (avenida Pl\u00ednio de Castro Prado)<\/li>\n<\/ul>\n<ul>\n<li>Loja Garra do Le\u00e3o (anexa ao est\u00e1dio)<\/li>\n<\/ul>\n<ul>\n<li>Padoca da Villa \u2013 Estrada Municipal Professor Jos\u00e9 de Almeida, 400 (Bonfim Paulista)<\/li>\n<\/ul>\n<ul>\n<li>Pare Parking estacionamento \u2013 Rua Saldanha Marinho, 330 (Centro)<\/li>\n<\/ul>\n<ul>\n<li>Chopp Hope \u2013 Rua Goi\u00e1s, 905 (Campos El\u00edseos)<\/li>\n<\/ul>\n<blockquote class=\"instagram-media\" data-instgrm-permalink=\"https:\/\/www.instagram.com\/reel\/C0Mp6NPrSMs\/?utm_source=ig_embed&amp;utm_campaign=loading\" data-instgrm-version=\"14\" style=\" background:#FFF; border:0; border-radius:3px; box-shadow:0 0 1px 0 rgba(0,0,0,0.5),0 1px 10px 0 rgba(0,0,0,0.15); margin: 1px; max-width:540px; min-width:326px; padding:0; width:99.375%; width:-webkit-calc(100% - 2px); width:calc(100% - 2px);\"\/>\n<h4 class=\"wp-block-heading\"><strong>FIQUE ON<\/strong><\/h4>\n<p>Fique ligado em tudo que acontece em Ribeir\u00e3o Preto e regi\u00e3o. Siga os perfis do<strong>\u00a0acidade on\u00a0<\/strong>no\u00a0<a href=\"https:\/\/www.instagram.com\/acidadeonribeirao\" target=\"_blank\" rel=\"noreferrer noopener\">Instagram<\/a>\u00a0e no<a href=\"https:\/\/www.facebook.com\/acidadeonribeirao\" target=\"_blank\" rel=\"noreferrer noopener\">\u00a0Facebook.<\/a><\/p>\n<p>Receba not\u00edcias do<strong>\u00a0acidade on\u00a0<\/strong>no WhatsApp.\u00a0<a href=\"https:\/\/chat.whatsapp.com\/Bnv2w66ZT4VDyZW3oiZ69n\" target=\"_blank\" rel=\"noreferrer noopener\">Para entrar no grupo, basta clicar aqui.<\/a><\/p>\n<p>Fa\u00e7a uma den\u00fancia ou sugira uma reportagem sobre a Ribeir\u00e3o Preto e regi\u00e3o pelo WhatsApp: <strong>16 99117 7802.<\/strong><\/p>\n<p>VEJA TAMB\u00c9M<br \/>Vulc\u00e3o em Ribeir\u00e3o Preto? Especialista gravou v\u00eddeo explicando o caso<\/p>\n<p><!-- AI CONTENT END 1 -->\n<\/div>\n<\/div>\n<p><script async src=\"\/\/www.instagram.com\/embed.js\"><\/script><br \/>\n<br \/><br \/>\n<br \/><a href=\"https:\/\/www.acidadeon.com\/ribeiraopreto\/esportes\/comercial-realiza-campanha-para-arrecadar-brinquedos-em-ribeirao-preto\/\">Source link <\/a><\/p>\n<div class='code-block code-block-4' style='margin: 8px auto 8px 0; text-align: left; display: block; clear: both;'>\n\ud83d\udce2 Aviso Legal\n\nO site ismaelcolosi.com.br atua apenas como um canal de divulga\u00e7\u00e3o de oportunidades de emprego e n\u00e3o se responsabiliza pelo processo seletivo, contrata\u00e7\u00e3o ou qualquer outra etapa relacionada \u00e0s vagas publicadas. Todas as informa\u00e7\u00f5es s\u00e3o de responsabilidade dos anunciantes.\n\n\u26a0\ufe0f Aten\u00e7\u00e3o! Nunca pague por promessas de emprego nem compre cursos que garantam contrata\u00e7\u00e3o. Desconfie de qualquer cobran\u00e7a para participar de sele\u00e7\u00f5es.\n\n\n\n<\/div>\n<!-- CONTENT END 1 -->\n","protected":false},"excerpt":{"rendered":"<p>A Comercial Futebol Clube est\u00e1 organizando uma campanha para arrecadar brinquedos para crian\u00e7as que vivem em comunidades de Ribeir\u00e3o Preto. A campanha \u2018Natal do Le\u00e3o\u2019&#8230;<\/p>\n","protected":false},"author":1,"featured_media":8979,"comment_status":"open","ping_status":"open","sticky":false,"template":"","format":"standard","meta":{"_uag_custom_page_level_css":"","advanced_seo_description":"","jetpack_seo_html_title":"","jetpack_seo_noindex":false,"jetpack_post_was_ever_published":false,"_jetpack_newsletter_access":"","_jetpack_dont_email_post_to_subs":false,"_jetpack_newsletter_tier_id":0,"_jetpack_memberships_contains_paywalled_content":false,"_jetpack_memberships_contains_paid_content":false,"footnotes":"","jetpack_publicize_message":"","jetpack_publicize_feature_enabled":true,"jetpack_social_post_already_shared":true,"jetpack_social_options":{"image_generator_settings":{"template":"highway","default_image_id":0,"font":"","enabled":false},"version":2}},"categories":[11],"tags":[1204,1205,832,705,71,27,415,26],"class_list":["post-8978","post","type-post","status-publish","format-standard","has-post-thumbnail","hentry","category-noticias-de-ribeirao-preto-sp-e-regiao-ismael-colosi","tag-arrecadar","tag-brinquedos","tag-campanha","tag-comercial","tag-para","tag-preto","tag-realiza","tag-ribeirao"],"jetpack_publicize_connections":[],"jetpack_featured_media_url":"https:\/\/i0.wp.com\/ismaelcolosi.com.br\/wp-content\/uploads\/2023\/12\/WhatsApp-Image-2023-12-01-at-09.08.22.jpeg?fit=1600%2C1006&ssl=1","uagb_featured_image_src":{"full":["https:\/\/i0.wp.com\/ismaelcolosi.com.br\/wp-content\/uploads\/2023\/12\/WhatsApp-Image-2023-12-01-at-09.08.22.jpeg?fit=1600%2C1006&ssl=1",1600,1006,false],"thumbnail":["https:\/\/i0.wp.com\/ismaelcolosi.com.br\/wp-content\/uploads\/2023\/12\/WhatsApp-Image-2023-12-01-at-09.08.22.jpeg?resize=150%2C150&ssl=1",150,150,true],"medium":["https:\/\/i0.wp.com\/ismaelcolosi.com.br\/wp-content\/uploads\/2023\/12\/WhatsApp-Image-2023-12-01-at-09.08.22.jpeg?fit=300%2C189&ssl=1",300,189,true],"medium_large":["https:\/\/i0.wp.com\/ismaelcolosi.com.br\/wp-content\/uploads\/2023\/12\/WhatsApp-Image-2023-12-01-at-09.08.22.jpeg?fit=768%2C483&ssl=1",768,483,true],"large":["https:\/\/i0.wp.com\/ismaelcolosi.com.br\/wp-content\/uploads\/2023\/12\/WhatsApp-Image-2023-12-01-at-09.08.22.jpeg?fit=1024%2C644&ssl=1",1024,644,true],"1536x1536":["https:\/\/i0.wp.com\/ismaelcolosi.com.br\/wp-content\/uploads\/2023\/12\/WhatsApp-Image-2023-12-01-at-09.08.22.jpeg?fit=1536%2C966&ssl=1",1536,966,true],"2048x2048":["https:\/\/i0.wp.com\/ismaelcolosi.com.br\/wp-content\/uploads\/2023\/12\/WhatsApp-Image-2023-12-01-at-09.08.22.jpeg?fit=1600%2C1006&ssl=1",1600,1006,true],"really-simple-thumb":["https:\/\/i0.wp.com\/ismaelcolosi.com.br\/wp-content\/uploads\/2023\/12\/WhatsApp-Image-2023-12-01-at-09.08.22.jpeg?resize=370%2C247&ssl=1",370,247,true]},"uagb_author_info":{"display_name":"ismaelcolosi.com.br","author_link":"https:\/\/ismaelcolosi.com.br\/index.php\/author\/vidareal-online\/"},"uagb_comment_info":0,"uagb_excerpt":"A Comercial Futebol Clube est\u00e1 organizando uma campanha para arrecadar brinquedos para crian\u00e7as que vivem em comunidades de Ribeir\u00e3o Preto. A campanha \u2018Natal do Le\u00e3o\u2019...","jetpack-related-posts":[{"id":12961,"url":"https:\/\/ismaelcolosi.com.br\/index.php\/2023\/12\/08\/veja-como-participar-da-campanha-natal-das-criancas-do-fundo-social-de-ribeirao\/","url_meta":{"origin":8978,"position":0},"title":"Veja como participar da campanha Natal das Crian\u00e7as do Fundo Social de Ribeir\u00e3o","author":"ismaelcolosi.com.br","date":"8 de December de 2023","format":false,"excerpt":"O Fundo Social de Solidariedade de Ribeir\u00e3o Preto lan\u00e7ou nesta sexta-feira (8) a campanha \u201cNatal das Crian\u00e7as\u201d, que pretende arrecadar brinquedos novos e usados (em bom estado de conserva\u00e7\u00e3o) para crian\u00e7as carentes. As doa\u00e7\u00f5es podem ser realizadas at\u00e9 o dia 20 de dezembro, na sede do Fundo Social, que fica\u2026","rel":"","context":"In &quot;Not\u00edcias de Ribeir\u00e3o Preto-SP e Regi\u00e3o&quot;","block_context":{"text":"Not\u00edcias de Ribeir\u00e3o Preto-SP e Regi\u00e3o","link":"https:\/\/ismaelcolosi.com.br\/index.php\/category\/noticias-de-ribeirao-preto-sp-e-regiao-ismael-colosi\/"},"img":{"alt_text":"","src":"https:\/\/i0.wp.com\/ismaelcolosi.com.br\/wp-content\/uploads\/2023\/12\/papai-noel.jpg?fit=1200%2C800&ssl=1&resize=350%2C200","width":350,"height":200,"srcset":"https:\/\/i0.wp.com\/ismaelcolosi.com.br\/wp-content\/uploads\/2023\/12\/papai-noel.jpg?fit=1200%2C800&ssl=1&resize=350%2C200 1x, https:\/\/i0.wp.com\/ismaelcolosi.com.br\/wp-content\/uploads\/2023\/12\/papai-noel.jpg?fit=1200%2C800&ssl=1&resize=525%2C300 1.5x, https:\/\/i0.wp.com\/ismaelcolosi.com.br\/wp-content\/uploads\/2023\/12\/papai-noel.jpg?fit=1200%2C800&ssl=1&resize=700%2C400 2x, https:\/\/i0.wp.com\/ismaelcolosi.com.br\/wp-content\/uploads\/2023\/12\/papai-noel.jpg?fit=1200%2C800&ssl=1&resize=1050%2C600 3x"},"classes":[]},{"id":34831,"url":"https:\/\/ismaelcolosi.com.br\/index.php\/2024\/02\/03\/com-103-pagantes-no-estadio-comercial-perde-mais-uma-na-a2\/","url_meta":{"origin":8978,"position":1},"title":"Com 103 pagantes no est\u00e1dio, Comercial perde mais uma na A2","author":"ismaelcolosi.com.br","date":"3 de February de 2024","format":false,"excerpt":"3 de fevereiro de 2024 | 17:20 0O Comercial continua sem vencer no Campeonato Paulista da S\u00e9rie A2. Na tarde deste s\u00e1bado (03), o Alvinegro de Ribeir\u00e3o Preto perdeu para o S\u00e3o Bento por 3 a 0. O jogo foi realizado em Ja\u00fa, no est\u00e1dio Zezinho Magalh\u00e3es, apesar do mando\u2026","rel":"","context":"In &quot;Not\u00edcias de Ribeir\u00e3o Preto-SP e Regi\u00e3o&quot;","block_context":{"text":"Not\u00edcias de Ribeir\u00e3o Preto-SP e Regi\u00e3o","link":"https:\/\/ismaelcolosi.com.br\/index.php\/category\/noticias-de-ribeirao-preto-sp-e-regiao-ismael-colosi\/"},"img":{"alt_text":"","src":"https:\/\/i0.wp.com\/ismaelcolosi.com.br\/wp-content\/uploads\/2024\/02\/comercial-scaled.jpg?fit=866%2C645&ssl=1&resize=350%2C200","width":350,"height":200,"srcset":"https:\/\/i0.wp.com\/ismaelcolosi.com.br\/wp-content\/uploads\/2024\/02\/comercial-scaled.jpg?fit=866%2C645&ssl=1&resize=350%2C200 1x, https:\/\/i0.wp.com\/ismaelcolosi.com.br\/wp-content\/uploads\/2024\/02\/comercial-scaled.jpg?fit=866%2C645&ssl=1&resize=525%2C300 1.5x, https:\/\/i0.wp.com\/ismaelcolosi.com.br\/wp-content\/uploads\/2024\/02\/comercial-scaled.jpg?fit=866%2C645&ssl=1&resize=700%2C400 2x"},"classes":[]},{"id":64468,"url":"https:\/\/ismaelcolosi.com.br\/index.php\/2024\/09\/07\/comercial-empata-com-o-monte-azul-pela-copa-paulista-em-ribeirao-preto\/","url_meta":{"origin":8978,"position":2},"title":"Comercial empata com o Monte Azul pela Copa Paulista em Ribeir\u00e3o Preto","author":"ismaelcolosi.com.br","date":"7 de September de 2024","format":false,"excerpt":"O Comercial empatou em 0 a 0 com o Monte Azul na tarde deste s\u00e1bado (7), no est\u00e1dio Palma Travassos, em Ribeir\u00e3o Preto. O confronto foi v\u00e1lido pelas quartas de final da Copa Paulista. O Le\u00e3o do Norte chegou a pressionar o Monte Azul, dono da melhor campanha na primeira\u2026","rel":"","context":"In &quot;Not\u00edcias de Ribeir\u00e3o Preto-SP e Regi\u00e3o&quot;","block_context":{"text":"Not\u00edcias de Ribeir\u00e3o Preto-SP e Regi\u00e3o","link":"https:\/\/ismaelcolosi.com.br\/index.php\/category\/noticias-de-ribeirao-preto-sp-e-regiao-ismael-colosi\/"},"img":{"alt_text":"","src":"https:\/\/i0.wp.com\/ismaelcolosi.com.br\/wp-content\/uploads\/2024\/09\/comercial-monte-azul_2024-09-07_20-36-30_jpg_2024-09-07_20-36-30.webp.webp?fit=1200%2C799&ssl=1&resize=350%2C200","width":350,"height":200,"srcset":"https:\/\/i0.wp.com\/ismaelcolosi.com.br\/wp-content\/uploads\/2024\/09\/comercial-monte-azul_2024-09-07_20-36-30_jpg_2024-09-07_20-36-30.webp.webp?fit=1200%2C799&ssl=1&resize=350%2C200 1x, https:\/\/i0.wp.com\/ismaelcolosi.com.br\/wp-content\/uploads\/2024\/09\/comercial-monte-azul_2024-09-07_20-36-30_jpg_2024-09-07_20-36-30.webp.webp?fit=1200%2C799&ssl=1&resize=525%2C300 1.5x, https:\/\/i0.wp.com\/ismaelcolosi.com.br\/wp-content\/uploads\/2024\/09\/comercial-monte-azul_2024-09-07_20-36-30_jpg_2024-09-07_20-36-30.webp.webp?fit=1200%2C799&ssl=1&resize=700%2C400 2x, https:\/\/i0.wp.com\/ismaelcolosi.com.br\/wp-content\/uploads\/2024\/09\/comercial-monte-azul_2024-09-07_20-36-30_jpg_2024-09-07_20-36-30.webp.webp?fit=1200%2C799&ssl=1&resize=1050%2C600 3x"},"classes":[]},{"id":17050,"url":"https:\/\/ismaelcolosi.com.br\/index.php\/2023\/12\/17\/campanhas-natalinas-tem-menos-doacoes\/","url_meta":{"origin":8978,"position":3},"title":"Campanhas natalinas t\u00eam menos doa\u00e7\u00f5es","author":"ismaelcolosi.com.br","date":"17 de December de 2023","format":false,"excerpt":"Adriana Dorazi \u2013 especial para o Tribuna\u202fRibeir\u00e3oNessa \u00e9poca do ano \u00e9 normal que os pedidos de doa\u00e7\u00f5es para as mais diversas finalidades aumentem. Quem \u00e9 chamado a contribuir de alguma forma precisa escolher a quem e como ajudar, quando \u00e9 poss\u00edvel. E, segundo o relato de alguns respons\u00e1veis pelas mais\u2026","rel":"","context":"In &quot;Not\u00edcias de Ribeir\u00e3o Preto-SP e Regi\u00e3o&quot;","block_context":{"text":"Not\u00edcias de Ribeir\u00e3o Preto-SP e Regi\u00e3o","link":"https:\/\/ismaelcolosi.com.br\/index.php\/category\/noticias-de-ribeirao-preto-sp-e-regiao-ismael-colosi\/"},"img":{"alt_text":"","src":"https:\/\/i0.wp.com\/ismaelcolosi.com.br\/wp-content\/uploads\/2023\/12\/fotos-26.png?fit=806%2C645&ssl=1&resize=350%2C200","width":350,"height":200,"srcset":"https:\/\/i0.wp.com\/ismaelcolosi.com.br\/wp-content\/uploads\/2023\/12\/fotos-26.png?fit=806%2C645&ssl=1&resize=350%2C200 1x, https:\/\/i0.wp.com\/ismaelcolosi.com.br\/wp-content\/uploads\/2023\/12\/fotos-26.png?fit=806%2C645&ssl=1&resize=525%2C300 1.5x, https:\/\/i0.wp.com\/ismaelcolosi.com.br\/wp-content\/uploads\/2023\/12\/fotos-26.png?fit=806%2C645&ssl=1&resize=700%2C400 2x"},"classes":[]},{"id":31279,"url":"https:\/\/ismaelcolosi.com.br\/index.php\/2024\/01\/21\/comercial-empata-com-o-rio-claro-no-palma-travassos\/","url_meta":{"origin":8978,"position":4},"title":"Comercial empata com o Rio Claro no Palma Travassos","author":"ismaelcolosi.com.br","date":"21 de January de 2024","format":false,"excerpt":"21 de janeiro de 2024 | 18:18 0O Comercial empatou com o Rio Claro em 2 a 2 pela segunda rodada da S\u00e9rie A2, em jogo realizado na tarde deste domingo (21), no est\u00e1dio Palma Travassos. Foi a estreia do Le\u00e3o do Norte em seus dom\u00ednios. No meio de semana\u2026","rel":"","context":"In &quot;Not\u00edcias de Ribeir\u00e3o Preto-SP e Regi\u00e3o&quot;","block_context":{"text":"Not\u00edcias de Ribeir\u00e3o Preto-SP e Regi\u00e3o","link":"https:\/\/ismaelcolosi.com.br\/index.php\/category\/noticias-de-ribeirao-preto-sp-e-regiao-ismael-colosi\/"},"img":{"alt_text":"","src":"https:\/\/i0.wp.com\/ismaelcolosi.com.br\/wp-content\/uploads\/2024\/01\/bafo-scaled.jpeg?fit=967%2C645&ssl=1&resize=350%2C200","width":350,"height":200,"srcset":"https:\/\/i0.wp.com\/ismaelcolosi.com.br\/wp-content\/uploads\/2024\/01\/bafo-scaled.jpeg?fit=967%2C645&ssl=1&resize=350%2C200 1x, https:\/\/i0.wp.com\/ismaelcolosi.com.br\/wp-content\/uploads\/2024\/01\/bafo-scaled.jpeg?fit=967%2C645&ssl=1&resize=525%2C300 1.5x, https:\/\/i0.wp.com\/ismaelcolosi.com.br\/wp-content\/uploads\/2024\/01\/bafo-scaled.jpeg?fit=967%2C645&ssl=1&resize=700%2C400 2x"},"classes":[]},{"id":41395,"url":"https:\/\/ismaelcolosi.com.br\/index.php\/2024\/03\/07\/comercial-e-rebaixado-para-serie-a3-em-partida-realizada-na-casa-do-seu-maior-rival\/","url_meta":{"origin":8978,"position":5},"title":"Comercial \u00e9 rebaixado para S\u00e9rie A3 em partida realizada na casa do seu maior rival","author":"ismaelcolosi.com.br","date":"7 de March de 2024","format":false,"excerpt":"O Comercial foi rebaixado para a S\u00e9rie A3, ap\u00f3s perder a partida contra o Juventus por 2 a 1, na noite desta quinta-feira (7), pela 13\u00aa rodada do Campeonato Paulista S\u00e9rie A2. A disputa aconteceu no est\u00e1dio Santa Cruz, em Ribeir\u00e3o Preto, casa do maior rival do Alvinegro. O jogo\u2026","rel":"","context":"In &quot;Not\u00edcias de Ribeir\u00e3o Preto-SP e Regi\u00e3o&quot;","block_context":{"text":"Not\u00edcias de Ribeir\u00e3o Preto-SP e Regi\u00e3o","link":"https:\/\/ismaelcolosi.com.br\/index.php\/category\/noticias-de-ribeirao-preto-sp-e-regiao-ismael-colosi\/"},"img":{"alt_text":"","src":"https:\/\/i0.wp.com\/ismaelcolosi.com.br\/wp-content\/uploads\/2024\/03\/AnyConv.com__WhatsApp-Image-2024-03-07-at-21.59.15.webp.webp?fit=1109%2C739&ssl=1&resize=350%2C200","width":350,"height":200,"srcset":"https:\/\/i0.wp.com\/ismaelcolosi.com.br\/wp-content\/uploads\/2024\/03\/AnyConv.com__WhatsApp-Image-2024-03-07-at-21.59.15.webp.webp?fit=1109%2C739&ssl=1&resize=350%2C200 1x, https:\/\/i0.wp.com\/ismaelcolosi.com.br\/wp-content\/uploads\/2024\/03\/AnyConv.com__WhatsApp-Image-2024-03-07-at-21.59.15.webp.webp?fit=1109%2C739&ssl=1&resize=525%2C300 1.5x, https:\/\/i0.wp.com\/ismaelcolosi.com.br\/wp-content\/uploads\/2024\/03\/AnyConv.com__WhatsApp-Image-2024-03-07-at-21.59.15.webp.webp?fit=1109%2C739&ssl=1&resize=700%2C400 2x, https:\/\/i0.wp.com\/ismaelcolosi.com.br\/wp-content\/uploads\/2024\/03\/AnyConv.com__WhatsApp-Image-2024-03-07-at-21.59.15.webp.webp?fit=1109%2C739&ssl=1&resize=1050%2C600 3x"},"classes":[]}],"jetpack_sharing_enabled":true,"jetpack_shortlink":"https:\/\/wp.me\/pfMlyK-2kO","_links":{"self":[{"href":"https:\/\/ismaelcolosi.com.br\/index.php\/wp-json\/wp\/v2\/posts\/8978","targetHints":{"allow":["GET"]}}],"collection":[{"href":"https:\/\/ismaelcolosi.com.br\/index.php\/wp-json\/wp\/v2\/posts"}],"about":[{"href":"https:\/\/ismaelcolosi.com.br\/index.php\/wp-json\/wp\/v2\/types\/post"}],"author":[{"embeddable":true,"href":"https:\/\/ismaelcolosi.com.br\/index.php\/wp-json\/wp\/v2\/users\/1"}],"replies":[{"embeddable":true,"href":"https:\/\/ismaelcolosi.com.br\/index.php\/wp-json\/wp\/v2\/comments?post=8978"}],"version-history":[{"count":0,"href":"https:\/\/ismaelcolosi.com.br\/index.php\/wp-json\/wp\/v2\/posts\/8978\/revisions"}],"wp:featuredmedia":[{"embeddable":true,"href":"https:\/\/ismaelcolosi.com.br\/index.php\/wp-json\/wp\/v2\/media\/8979"}],"wp:attachment":[{"href":"https:\/\/ismaelcolosi.com.br\/index.php\/wp-json\/wp\/v2\/media?parent=8978"}],"wp:term":[{"taxonomy":"category","embeddable":true,"href":"https:\/\/ismaelcolosi.com.br\/index.php\/wp-json\/wp\/v2\/categories?post=8978"},{"taxonomy":"post_tag","embeddable":true,"href":"https:\/\/ismaelcolosi.com.br\/index.php\/wp-json\/wp\/v2\/tags?post=8978"}],"curies":[{"name":"wp","href":"https:\/\/api.w.org\/{rel}","templated":true}]}}