{"id":89745,"date":"2026-04-04T13:11:02","date_gmt":"2026-04-04T16:11:02","guid":{"rendered":"https:\/\/ismaelcolosi.com.br\/index.php\/2026\/04\/04\/3-habitos-preguicosos-que-na-verdade-revelam-inteligencia-segundo-psicologo\/"},"modified":"2026-04-04T13:11:02","modified_gmt":"2026-04-04T16:11:02","slug":"3-habitos-preguicosos-que-na-verdade-revelam-inteligencia-segundo-psicologo","status":"publish","type":"post","link":"https:\/\/ismaelcolosi.com.br\/index.php\/2026\/04\/04\/3-habitos-preguicosos-que-na-verdade-revelam-inteligencia-segundo-psicologo\/","title":{"rendered":"3 H\u00e1bitos &#8220;Pregui\u00e7osos&#8221; Que, na Verdade, Revelam Intelig\u00eancia, Segundo Psic\u00f3logo"},"content":{"rendered":"<p> <br \/>\n<\/p>\n<div>\n<p>A maioria de n\u00f3s tem uma imagem mental bastante r\u00edgida de como \u00e9 uma<strong> pessoa \u201cinteligente\u201d<\/strong>. Algu\u00e9m impec\u00e1vel, sempre organizado, \u00e1gil nas respostas e com tudo sob controle. O tipo de pessoa que codifica a agenda por cores, responde e-mails imediatamente e parece render bem sob qualquer press\u00e3o. Essa imagem pode at\u00e9 ser atraente \u2014 e bastante popular \u2013, mas est\u00e1 longe de ser precisa.<\/p>\n<p>Al\u00e9m de irreal, essa vis\u00e3o de intelig\u00eancia \u00e9 totalmente insustent\u00e1vel. O c\u00e9rebro humano n\u00e3o funciona como uma m\u00e1quina que opera em capacidade m\u00e1xima o tempo todo. Na pr\u00e1tica, pessoas realmente inteligentes entendem que seus recursos mentais, f\u00edsicos e emocionais s\u00e3o limitados. Para manter um bom desempenho no longo prazo, sabem que precisam preservar esses recursos com cuidado.<\/p>\n<p>De fora, por\u00e9m, esse comportamento pode parecer estranho \u2014 e, \u00e0s vezes, at\u00e9 pregui\u00e7a. A seguir, tr\u00eas h\u00e1bitos \u201cpregui\u00e7osos\u201d que, na verdade, s\u00e3o respaldados por pesquisas sobre intelig\u00eancia.<\/p>\n<h2 class=\"wp-block-heading\" id=\"h-evitar-trabalho-desnecessario\">Evitar trabalho desnecess\u00e1rio<\/h2>\n<p>\u00c0 primeira vista, isso parece contradit\u00f3rio. Como algu\u00e9m inteligente poderia evitar o trabalho duro? N\u00e3o seria justamente o oposto? Mas, olhando mais de perto, fica claro que n\u00e3o se trata de falta de esfor\u00e7o \u2014 e sim de evitar esfor\u00e7o desnecess\u00e1rio.<\/p>\n<aside class=\"content_modules\">\n<h2 class=\"block_label\">Leia Tamb\u00e9m<\/h2>\n<\/aside>\n<p>Atalhos, automa\u00e7\u00e3o de tarefas ou a escolha do caminho mais simples muitas vezes s\u00e3o vistos como \u201cfazer corpo mole\u201d. Na pr\u00e1tica, podem refletir algo mais sofisticado: efici\u00eancia.<\/p>\n<aside class=\"newsletter content_modules\">&#13;<br \/>\n  &#13;<br \/>\n<\/aside>\n<\/p>\n<p>Uma revis\u00e3o cl\u00e1ssica publicada em 2009 na revista cient\u00edfica Neuroscience &amp; Biobehavioral Reviews explorou a chamada hip\u00f3tese da efici\u00eancia neural. A teoria sugere que pessoas com maior intelig\u00eancia tendem a apresentar menor ativa\u00e7\u00e3o cerebral ao executar tarefas cognitivas. \u00c0 primeira vista, isso pode ser confundido com desinteresse, mas, na realidade, indica que o c\u00e9rebro est\u00e1 trabalhando de forma mais eficiente.<\/p>\n<aside class=\"web-story content_modules\">&#13;<br \/>\n  &#13;<br \/>\n<\/aside>\n<p>&#13;\n<\/p>\n<p>Pessoas inteligentes chegam ao mesmo resultado que as demais \u2014 s\u00f3 que usando menos recursos. Imagine dois profissionais resolvendo o mesmo problema. Um passa por todas as etapas poss\u00edveis, revisando cada detalhe. O outro identifica um padr\u00e3o, elimina etapas redundantes e chega \u00e0 solu\u00e7\u00e3o na metade do tempo.<\/p>\n<p>Para quem observa de fora, pode parecer que o segundo est\u00e1 se esfor\u00e7ando menos. Mas, na pr\u00e1tica, ele apenas encontrou o caminho mais eficiente. \u00c9 por isso que pessoas consideradas \u201cpregui\u00e7osas\u201d frequentemente s\u00e3o as que criam sistemas melhores. Automatizam tarefas repetitivas, questionam processos ineficientes e buscam ganhos de escala. O que parece pregui\u00e7a, muitas vezes, \u00e9 pensamento estrat\u00e9gico voltado a resultados \u2014 e n\u00e3o ao esfor\u00e7o pelo esfor\u00e7o.<\/p>\n<h2 class=\"wp-block-heading\" id=\"h-dormir-ou-cochilar-bastante\">Dormir (ou cochilar) bastante<\/h2>\n<p>Poucos comportamentos s\u00e3o t\u00e3o associados \u00e0 pregui\u00e7a quanto dormir at\u00e9 mais tarde ou tirar cochilos ao longo do dia. Mas a neuroci\u00eancia conta outra hist\u00f3ria.<\/p>\n<p>Um estudo de 2015 publicado na Scientific Reports investigou a rela\u00e7\u00e3o entre intelig\u00eancia fluida e padr\u00f5es de sono \u2014 em especial, os chamados \u201cfusos do sono\u201d durante cochilos \u00e0 tarde. Esses fusos s\u00e3o picos de atividade cerebral que ocorrem em determinadas fases do sono e est\u00e3o ligados \u00e0 consolida\u00e7\u00e3o da mem\u00f3ria e ao aprendizado.<\/p>\n<p>Os pesquisadores encontraram uma associa\u00e7\u00e3o positiva entre a intelig\u00eancia fluida e a dura\u00e7\u00e3o desses fusos. Em termos simples: pessoas com maior intelig\u00eancia apresentaram padr\u00f5es de sono relacionados a um processamento cognitivo mais eficiente \u2014 inclusive durante cochilos.<\/p>\n<p>Isso contraria a ideia cultural do \u201cg\u00eanio incans\u00e1vel\u201d que vira noites trabalhando em busca de produtividade. Na pr\u00e1tica, profissionais de alto desempenho fazem o oposto: protegem o sono de forma rigorosa \u2014 e com raz\u00e3o.<\/p>\n<p>Dormir est\u00e1 longe de ser tempo \u201cperdido\u201d. \u00c9 um processo ativo e essencial para fun\u00e7\u00f5es como mem\u00f3ria, regula\u00e7\u00e3o emocional, criatividade e racioc\u00ednio complexo. Quando voc\u00ea est\u00e1 privado de sono, o c\u00e9rebro simplesmente n\u00e3o funciona em plena capacidade: a aten\u00e7\u00e3o cai, as decis\u00f5es pioram e o controle emocional fica mais dif\u00edcil.<\/p>\n<p>Por isso, quando algu\u00e9m dorme mais cedo, acorda mais tarde ou tira cochilos com frequ\u00eancia, n\u00e3o \u00e9 necessariamente sinal de indulg\u00eancia. Para pessoas inteligentes, esse comportamento \u00e9 um investimento consciente no pr\u00f3prio desempenho cognitivo.<\/p>\n<h2 class=\"wp-block-heading\" id=\"h-deixar-certas-coisas-passarem\">Deixar certas coisas passarem<\/h2>\n<p>Costumamos admirar quem est\u00e1 sempre reagindo: quem rebate, argumenta e tem uma resposta pronta para qualquer situa\u00e7\u00e3o. Em contraste, algu\u00e9m que releva, evita conflito ou diz \u201cn\u00e3o me importo\u201d pode parecer desinteressado ou ap\u00e1tico.<\/p>\n<p>Mas essa interpreta\u00e7\u00e3o ignora um ponto importante: muitas vezes, escolher n\u00e3o reagir \u00e9 um sinal de intelig\u00eancia emocional \u2014 e n\u00e3o de indiferen\u00e7a.<\/p>\n<p>Pesquisas recentes, incluindo um estudo de 2025 publicado na Frontiers in Public Health, indicam que pessoas com maior intelig\u00eancia emocional lidam melhor com o estresse e conseguem regular suas emo\u00e7\u00f5es com mais efici\u00eancia. Um dos mecanismos por tr\u00e1s disso \u00e9 o chamado \u201cdistanciamento psicol\u00f3gico\u201d \u2014 a capacidade de se desligar mentalmente de fatores estressantes, especialmente fora do trabalho. Essa habilidade est\u00e1 associada a melhor sa\u00fade mental e bem-estar.<\/p>\n<p>Pense em dois colegas que recebem uma cr\u00edtica leve do gestor. Um passa o resto do dia remoendo a situa\u00e7\u00e3o, revisitando o epis\u00f3dio e at\u00e9 elaborando respostas defensivas. O outro reconhece o coment\u00e1rio, extrai o que faz sentido e segue em frente.<\/p>\n<p>Para quem observa de fora, o segundo pode parecer passivo ou desinteressado. Mas, na pr\u00e1tica, ele tomou uma decis\u00e3o estrat\u00e9gica: n\u00e3o gastar tempo e energia emocional com algo que n\u00e3o vale a pena.<\/p>\n<p>Essa \u00e9 a l\u00f3gica de escolher as pr\u00f3prias batalhas. Nem toda frustra\u00e7\u00e3o merece resposta. Nem todo problema exige solu\u00e7\u00e3o imediata. Deixar certas coisas passarem, nesse contexto, \u00e9 uma forma de priorizar. E, para pessoas inteligentes, isso \u00e9 essencial para preservar energia mental para o que realmente importa.<\/p>\n<p><strong>Mat\u00e9ria originalmente publicada em <a href=\"https:\/\/www.forbes.com\/sites\/traversmark\/2026\/04\/04\/3-lazy-habits-that-actually-signal-intelligence-by-a-psychologist\/\" type=\"link\" id=\"https:\/\/www.forbes.com\/sites\/traversmark\/2026\/04\/04\/3-lazy-habits-that-actually-signal-intelligence-by-a-psychologist\/\">Forbes.com<\/a><\/strong><\/p>\n<aside class=\"content_modules\">\n<h2 class=\"block_label\">Escolhas Editor<\/h2>\n<\/aside>\n<div class=\"follow-us\">Siga o canal da <a href=\"https:\/\/whatsapp.com\/channel\/0029Va9gQKwBFLgM96cJnu0u\" target=\"_blank\" rel=\"noopener noreferrer nofollow\" title=\"Grupo da Forbes no WhatsApp\">Forbes<\/a> no WhatsApp e receba as principais not\u00edcias de empreendedorismo, carreira, tecnologia, agro e lifestyle.<\/div>\n<\/p><\/div>\n<p><br \/>\n<br \/><a href=\"https:\/\/forbes.com.br\/carreira\/2026\/04\/3-habitos-preguicosos-que-na-verdade-revelam-inteligencia-segundo-psicologo\/\">Source link <\/a><\/p>\n<div class='code-block code-block-4' style='margin: 8px auto 8px 0; text-align: left; display: block; clear: both;'>\n\ud83d\udce2 Aviso Legal\n\nO site ismaelcolosi.com.br atua apenas como um canal de divulga\u00e7\u00e3o de oportunidades de emprego e n\u00e3o se responsabiliza pelo processo seletivo, contrata\u00e7\u00e3o ou qualquer outra etapa relacionada \u00e0s vagas publicadas. Todas as informa\u00e7\u00f5es s\u00e3o de responsabilidade dos anunciantes.\n\n\u26a0\ufe0f Aten\u00e7\u00e3o! Nunca pague por promessas de emprego nem compre cursos que garantam contrata\u00e7\u00e3o. Desconfie de qualquer cobran\u00e7a para participar de sele\u00e7\u00f5es.\n\n\n\n<\/div>\n<!-- CONTENT END 1 -->\n","protected":false},"excerpt":{"rendered":"<p>A maioria de n\u00f3s tem uma imagem mental bastante r\u00edgida de como \u00e9 uma pessoa \u201cinteligente\u201d. Algu\u00e9m impec\u00e1vel, sempre organizado, \u00e1gil nas respostas e com&#8230;<\/p>\n","protected":false},"author":1,"featured_media":89746,"comment_status":"","ping_status":"open","sticky":false,"template":"","format":"standard","meta":{"_uag_custom_page_level_css":"","advanced_seo_description":"","jetpack_seo_html_title":"","jetpack_seo_noindex":false,"jetpack_post_was_ever_published":false,"_jetpack_newsletter_access":"","_jetpack_dont_email_post_to_subs":false,"_jetpack_newsletter_tier_id":0,"_jetpack_memberships_contains_paywalled_content":false,"_jetpack_memberships_contains_paid_content":false,"footnotes":"","jetpack_publicize_message":"","jetpack_publicize_feature_enabled":true,"jetpack_social_post_already_shared":true,"jetpack_social_options":{"image_generator_settings":{"template":"highway","default_image_id":0,"font":"","enabled":false},"version":2}},"categories":[1964],"tags":[],"class_list":["post-89745","post","type-post","status-publish","format-standard","has-post-thumbnail","hentry","category-carreira-e-sucesso-dicas-para-carreira"],"jetpack_publicize_connections":[],"jetpack_featured_media_url":"https:\/\/i0.wp.com\/ismaelcolosi.com.br\/wp-content\/uploads\/2026\/04\/Novo-Tamanho-Site-11-1200x675.jpg?fit=1200%2C675&ssl=1","uagb_featured_image_src":{"full":["https:\/\/i0.wp.com\/ismaelcolosi.com.br\/wp-content\/uploads\/2026\/04\/Novo-Tamanho-Site-11-1200x675.jpg?fit=1200%2C675&ssl=1",1200,675,false],"thumbnail":["https:\/\/i0.wp.com\/ismaelcolosi.com.br\/wp-content\/uploads\/2026\/04\/Novo-Tamanho-Site-11-1200x675.jpg?resize=150%2C150&ssl=1",150,150,true],"medium":["https:\/\/i0.wp.com\/ismaelcolosi.com.br\/wp-content\/uploads\/2026\/04\/Novo-Tamanho-Site-11-1200x675.jpg?fit=300%2C169&ssl=1",300,169,true],"medium_large":["https:\/\/i0.wp.com\/ismaelcolosi.com.br\/wp-content\/uploads\/2026\/04\/Novo-Tamanho-Site-11-1200x675.jpg?fit=768%2C432&ssl=1",768,432,true],"large":["https:\/\/i0.wp.com\/ismaelcolosi.com.br\/wp-content\/uploads\/2026\/04\/Novo-Tamanho-Site-11-1200x675.jpg?fit=1024%2C576&ssl=1",1024,576,true],"1536x1536":["https:\/\/i0.wp.com\/ismaelcolosi.com.br\/wp-content\/uploads\/2026\/04\/Novo-Tamanho-Site-11-1200x675.jpg?fit=1200%2C675&ssl=1",1200,675,true],"2048x2048":["https:\/\/i0.wp.com\/ismaelcolosi.com.br\/wp-content\/uploads\/2026\/04\/Novo-Tamanho-Site-11-1200x675.jpg?fit=1200%2C675&ssl=1",1200,675,true],"really-simple-thumb":["https:\/\/i0.wp.com\/ismaelcolosi.com.br\/wp-content\/uploads\/2026\/04\/Novo-Tamanho-Site-11-1200x675.jpg?resize=370%2C247&ssl=1",370,247,true]},"uagb_author_info":{"display_name":"ismaelcolosi.com.br","author_link":"https:\/\/ismaelcolosi.com.br\/index.php\/author\/vidareal-online\/"},"uagb_comment_info":0,"uagb_excerpt":"A maioria de n\u00f3s tem uma imagem mental bastante r\u00edgida de como \u00e9 uma pessoa \u201cinteligente\u201d. Algu\u00e9m impec\u00e1vel, sempre organizado, \u00e1gil nas respostas e com...","jetpack-related-posts":[{"id":84602,"url":"https:\/\/ismaelcolosi.com.br\/index.php\/2025\/04\/16\/como-conseguir-um-estagio-nas-maiores-empresas-do-brasil\/","url_meta":{"origin":89745,"position":0},"title":"Como Conseguir Um Est\u00e1gio nas Maiores Empresas do Brasil","author":"ismaelcolosi.com.br","date":"16 de April de 2025","format":false,"excerpt":"\r Getty Images\r Ser aut\u00eantico e ter uma boa comunica\u00e7\u00e3o pode fazer a diferen\u00e7a no processo seletivo para conquistar uma vaga de est\u00e1gio em uma grande empresa\r Acessibilidade \r L\r L\r A-\r A+\r \r \u25d0\r \r \u00a0 O mercado de est\u00e1gios no Brasil est\u00e1 em expans\u00e3o. Segundo o MTE (Minist\u00e9rio\u2026","rel":"","context":"In &quot;Carreira e Sucesso&quot;","block_context":{"text":"Carreira e Sucesso","link":"https:\/\/ismaelcolosi.com.br\/index.php\/category\/carreira-e-sucesso-dicas-para-carreira\/"},"img":{"alt_text":"","src":"https:\/\/i0.wp.com\/ismaelcolosi.com.br\/wp-content\/uploads\/2025\/04\/forbes-carreira-estagio-geracao-z-1200x675.jpg?fit=1200%2C675&ssl=1&resize=350%2C200","width":350,"height":200,"srcset":"https:\/\/i0.wp.com\/ismaelcolosi.com.br\/wp-content\/uploads\/2025\/04\/forbes-carreira-estagio-geracao-z-1200x675.jpg?fit=1200%2C675&ssl=1&resize=350%2C200 1x, https:\/\/i0.wp.com\/ismaelcolosi.com.br\/wp-content\/uploads\/2025\/04\/forbes-carreira-estagio-geracao-z-1200x675.jpg?fit=1200%2C675&ssl=1&resize=525%2C300 1.5x, https:\/\/i0.wp.com\/ismaelcolosi.com.br\/wp-content\/uploads\/2025\/04\/forbes-carreira-estagio-geracao-z-1200x675.jpg?fit=1200%2C675&ssl=1&resize=700%2C400 2x, https:\/\/i0.wp.com\/ismaelcolosi.com.br\/wp-content\/uploads\/2025\/04\/forbes-carreira-estagio-geracao-z-1200x675.jpg?fit=1200%2C675&ssl=1&resize=1050%2C600 3x"},"classes":[]},{"id":86667,"url":"https:\/\/ismaelcolosi.com.br\/index.php\/2025\/07\/17\/sem-formacao-tecnica-ela-chegou-a-vp-do-hub-de-ia-da-oracle-na-america-latina\/","url_meta":{"origin":89745,"position":1},"title":"Sem Forma\u00e7\u00e3o T\u00e9cnica, Ela Chegou \u00e0 VP do Hub de IA da Oracle na Am\u00e9rica Latina","author":"ismaelcolosi.com.br","date":"17 de July de 2025","format":false,"excerpt":"\r Felipe Paiva\/Oracle\r Marcelle Paiva, vice-presidente do Hub de IA da Oracle Am\u00e9rica Latina, tem no curr\u00edculo passagens por SAP e TOTVS\r Acessibilidade \r L\r L\r A-\r A+\r \r \u25d0\r \r H\u00e1 uma d\u00e9cada na Oracle, Marcelle Paiva reuniu as habilidades adquiridas ao longo da carreira para estruturar e liderar\u2026","rel":"","context":"In &quot;Carreira e Sucesso&quot;","block_context":{"text":"Carreira e Sucesso","link":"https:\/\/ismaelcolosi.com.br\/index.php\/category\/carreira-e-sucesso-dicas-para-carreira\/"},"img":{"alt_text":"","src":"https:\/\/i0.wp.com\/ismaelcolosi.com.br\/wp-content\/uploads\/2025\/07\/carreira-marcelle-paiva-oracle-1200x675.jpg?fit=1200%2C675&ssl=1&resize=350%2C200","width":350,"height":200,"srcset":"https:\/\/i0.wp.com\/ismaelcolosi.com.br\/wp-content\/uploads\/2025\/07\/carreira-marcelle-paiva-oracle-1200x675.jpg?fit=1200%2C675&ssl=1&resize=350%2C200 1x, https:\/\/i0.wp.com\/ismaelcolosi.com.br\/wp-content\/uploads\/2025\/07\/carreira-marcelle-paiva-oracle-1200x675.jpg?fit=1200%2C675&ssl=1&resize=525%2C300 1.5x, https:\/\/i0.wp.com\/ismaelcolosi.com.br\/wp-content\/uploads\/2025\/07\/carreira-marcelle-paiva-oracle-1200x675.jpg?fit=1200%2C675&ssl=1&resize=700%2C400 2x, https:\/\/i0.wp.com\/ismaelcolosi.com.br\/wp-content\/uploads\/2025\/07\/carreira-marcelle-paiva-oracle-1200x675.jpg?fit=1200%2C675&ssl=1&resize=1050%2C600 3x"},"classes":[]},{"id":85520,"url":"https:\/\/ismaelcolosi.com.br\/index.php\/2025\/05\/21\/candidato-a-emprego-descobre-que-entrevistadora-era-ia-e-viraliza-com-video-da-decepcao\/","url_meta":{"origin":89745,"position":2},"title":"Candidato a emprego descobre que entrevistadora era IA e viraliza com v\u00eddeo da \u2018decep\u00e7\u00e3o\u2019","author":"ismaelcolosi.com.br","date":"21 de May de 2025","format":false,"excerpt":"A intelig\u00eancia artificial (IA) j\u00e1 chegou \u00e0s entrevistas de emprego, como mostram v\u00eddeos que se tornaram virais no TikTok neste m\u00eas. +Saiba quais s\u00e3o as principais empresas na corrida da intelig\u00eancia artificial +Google lan\u00e7ar\u00e1 nova ferramenta de busca com IA aprimorada Em um v\u00eddeo com mais de 7 milh\u00f5es de\u2026","rel":"","context":"In &quot;Empregos - Classificados&quot;","block_context":{"text":"Empregos - Classificados","link":"https:\/\/ismaelcolosi.com.br\/index.php\/category\/empregos-classificados-vagas-trabalho\/"},"img":{"alt_text":"","src":"","width":0,"height":0},"classes":[]},{"id":61282,"url":"https:\/\/ismaelcolosi.com.br\/index.php\/2024\/08\/21\/o-futuro-do-trabalho-nao-e-uma-forca-e-uma-rede\/","url_meta":{"origin":89745,"position":3},"title":"\u201cO futuro do trabalho n\u00e3o \u00e9 uma for\u00e7a, \u00e9 uma rede\u201d","author":"ismaelcolosi.com.br","date":"21 de August de 2024","format":false,"excerpt":"Divulga\u00e7\u00e3oRicardo Rocha, CEO da acaso, acredita em um modelo de trabalho baseado em habilidades, n\u00e3o em cargos Acessibilidade L L A- A+ \u25d0 Ainda na faculdade de engenharia, na UFPE (Universidade Federal de Pernambuco), Ricardo Rocha percebeu que os modelos convencionais de educa\u00e7\u00e3o e trabalho n\u00e3o eram para ele. Mas\u2026","rel":"","context":"In &quot;Carreira e Sucesso&quot;","block_context":{"text":"Carreira e Sucesso","link":"https:\/\/ismaelcolosi.com.br\/index.php\/category\/carreira-e-sucesso-dicas-para-carreira\/"},"img":{"alt_text":"","src":"https:\/\/i0.wp.com\/ismaelcolosi.com.br\/wp-content\/uploads\/2024\/08\/carreira-Ricardo-Rocha-acaso-1024x683.jpg?fit=1024%2C683&ssl=1&resize=350%2C200","width":350,"height":200,"srcset":"https:\/\/i0.wp.com\/ismaelcolosi.com.br\/wp-content\/uploads\/2024\/08\/carreira-Ricardo-Rocha-acaso-1024x683.jpg?fit=1024%2C683&ssl=1&resize=350%2C200 1x, https:\/\/i0.wp.com\/ismaelcolosi.com.br\/wp-content\/uploads\/2024\/08\/carreira-Ricardo-Rocha-acaso-1024x683.jpg?fit=1024%2C683&ssl=1&resize=525%2C300 1.5x, https:\/\/i0.wp.com\/ismaelcolosi.com.br\/wp-content\/uploads\/2024\/08\/carreira-Ricardo-Rocha-acaso-1024x683.jpg?fit=1024%2C683&ssl=1&resize=700%2C400 2x"},"classes":[]},{"id":86074,"url":"https:\/\/ismaelcolosi.com.br\/index.php\/2025\/06\/11\/microsoft-e-the-trust-for-the-americas-oferecem-capacitacao-gratuita-em-ia\/","url_meta":{"origin":89745,"position":4},"title":"Microsoft e The Trust for the Americas Oferecem Capacita\u00e7\u00e3o Gratuita em IA","author":"ismaelcolosi.com.br","date":"11 de June de 2025","format":false,"excerpt":"\r Canva\r \r Acessibilidade \r L\r L\r A-\r A+\r \r \u25d0\r \r \u00a0 \u00a0 Em parceria com a Microsoft e apoio da Avanade, a ONG The Trust for the Americas reuniu capacita\u00e7\u00f5es gratuitas em intelig\u00eancia artificial com foco em brasileiros de diferentes perfis. Entre as iniciativas englobadas pela AcademIA Brasil\u2026","rel":"","context":"In &quot;Carreira e Sucesso&quot;","block_context":{"text":"Carreira e Sucesso","link":"https:\/\/ismaelcolosi.com.br\/index.php\/category\/carreira-e-sucesso-dicas-para-carreira\/"},"img":{"alt_text":"","src":"https:\/\/i0.wp.com\/ismaelcolosi.com.br\/wp-content\/uploads\/2025\/06\/capacitacao-em-IA-1200x675.png?fit=1200%2C675&ssl=1&resize=350%2C200","width":350,"height":200,"srcset":"https:\/\/i0.wp.com\/ismaelcolosi.com.br\/wp-content\/uploads\/2025\/06\/capacitacao-em-IA-1200x675.png?fit=1200%2C675&ssl=1&resize=350%2C200 1x, https:\/\/i0.wp.com\/ismaelcolosi.com.br\/wp-content\/uploads\/2025\/06\/capacitacao-em-IA-1200x675.png?fit=1200%2C675&ssl=1&resize=525%2C300 1.5x, https:\/\/i0.wp.com\/ismaelcolosi.com.br\/wp-content\/uploads\/2025\/06\/capacitacao-em-IA-1200x675.png?fit=1200%2C675&ssl=1&resize=700%2C400 2x, https:\/\/i0.wp.com\/ismaelcolosi.com.br\/wp-content\/uploads\/2025\/06\/capacitacao-em-IA-1200x675.png?fit=1200%2C675&ssl=1&resize=1050%2C600 3x"},"classes":[]},{"id":58187,"url":"https:\/\/ismaelcolosi.com.br\/index.php\/2024\/07\/29\/7-dicas-para-lidar-com-estresse\/","url_meta":{"origin":89745,"position":5},"title":"7 dicas para lidar com estresse","author":"ismaelcolosi.com.br","date":"29 de July de 2024","format":false,"excerpt":"O trabalho sob press\u00e3o \u00e9 uma realidade comum em muitas empresas, onde prazos de entrega apertados, altas expectativas e a necessidade de resultados r\u00e1pidos podem gerar um n\u00edvel significativo de estresse para o colaborador. Entretanto, embora essa press\u00e3o possa ser desafiadora, tamb\u00e9m pode ser uma oportunidade para o crescimento profissional,\u2026","rel":"","context":"In &quot;Carreira e Sucesso&quot;","block_context":{"text":"Carreira e Sucesso","link":"https:\/\/ismaelcolosi.com.br\/index.php\/category\/carreira-e-sucesso-dicas-para-carreira\/"},"img":{"alt_text":"","src":"https:\/\/i0.wp.com\/ismaelcolosi.com.br\/wp-content\/uploads\/2024\/07\/Trabalho-sob-pressao.png?fit=1200%2C627&ssl=1&resize=350%2C200","width":350,"height":200,"srcset":"https:\/\/i0.wp.com\/ismaelcolosi.com.br\/wp-content\/uploads\/2024\/07\/Trabalho-sob-pressao.png?fit=1200%2C627&ssl=1&resize=350%2C200 1x, https:\/\/i0.wp.com\/ismaelcolosi.com.br\/wp-content\/uploads\/2024\/07\/Trabalho-sob-pressao.png?fit=1200%2C627&ssl=1&resize=525%2C300 1.5x, https:\/\/i0.wp.com\/ismaelcolosi.com.br\/wp-content\/uploads\/2024\/07\/Trabalho-sob-pressao.png?fit=1200%2C627&ssl=1&resize=700%2C400 2x, https:\/\/i0.wp.com\/ismaelcolosi.com.br\/wp-content\/uploads\/2024\/07\/Trabalho-sob-pressao.png?fit=1200%2C627&ssl=1&resize=1050%2C600 3x"},"classes":[]}],"jetpack_sharing_enabled":true,"jetpack_shortlink":"https:\/\/wp.me\/pfMlyK-nlv","_links":{"self":[{"href":"https:\/\/ismaelcolosi.com.br\/index.php\/wp-json\/wp\/v2\/posts\/89745","targetHints":{"allow":["GET"]}}],"collection":[{"href":"https:\/\/ismaelcolosi.com.br\/index.php\/wp-json\/wp\/v2\/posts"}],"about":[{"href":"https:\/\/ismaelcolosi.com.br\/index.php\/wp-json\/wp\/v2\/types\/post"}],"author":[{"embeddable":true,"href":"https:\/\/ismaelcolosi.com.br\/index.php\/wp-json\/wp\/v2\/users\/1"}],"replies":[{"embeddable":true,"href":"https:\/\/ismaelcolosi.com.br\/index.php\/wp-json\/wp\/v2\/comments?post=89745"}],"version-history":[{"count":0,"href":"https:\/\/ismaelcolosi.com.br\/index.php\/wp-json\/wp\/v2\/posts\/89745\/revisions"}],"wp:featuredmedia":[{"embeddable":true,"href":"https:\/\/ismaelcolosi.com.br\/index.php\/wp-json\/wp\/v2\/media\/89746"}],"wp:attachment":[{"href":"https:\/\/ismaelcolosi.com.br\/index.php\/wp-json\/wp\/v2\/media?parent=89745"}],"wp:term":[{"taxonomy":"category","embeddable":true,"href":"https:\/\/ismaelcolosi.com.br\/index.php\/wp-json\/wp\/v2\/categories?post=89745"},{"taxonomy":"post_tag","embeddable":true,"href":"https:\/\/ismaelcolosi.com.br\/index.php\/wp-json\/wp\/v2\/tags?post=89745"}],"curies":[{"name":"wp","href":"https:\/\/api.w.org\/{rel}","templated":true}]}}