{"id":89404,"date":"2026-03-07T11:30:59","date_gmt":"2026-03-07T14:30:59","guid":{"rendered":"https:\/\/ismaelcolosi.com.br\/index.php\/2026\/03\/07\/3-maneiras-de-transformar-a-sobrecarga-em-uma-ferramenta-de-produtividade\/"},"modified":"2026-03-07T11:30:59","modified_gmt":"2026-03-07T14:30:59","slug":"3-maneiras-de-transformar-a-sobrecarga-em-uma-ferramenta-de-produtividade","status":"publish","type":"post","link":"https:\/\/ismaelcolosi.com.br\/index.php\/2026\/03\/07\/3-maneiras-de-transformar-a-sobrecarga-em-uma-ferramenta-de-produtividade\/","title":{"rendered":"3 Maneiras de Transformar a Sobrecarga em uma Ferramenta de Produtividade"},"content":{"rendered":"<p> <br \/>\n<\/p>\n<div>\n<p>Considere um cen\u00e1rio que ser\u00e1 familiar para a maioria dos profissionais: \u00e9 ter\u00e7a-feira de manh\u00e3, sua caixa de entrada tem 47 e-mails n\u00e3o lidos, voc\u00ea tem tr\u00eas entregas para o fim da semana, sua agenda est\u00e1 lotada at\u00e9 quinta-feira e, no meio de tudo isso, voc\u00ea simplesmente trava. <strong>Abre uma aba do navegador, fecha, abre de novo e n\u00e3o realiza nada por vinte minutos. Essa experi\u00eancia de paralisia diante de tarefas demais \u00e9 o que a maioria das pessoas chama de sobrecarga. <\/strong>E a rea\u00e7\u00e3o quase universal \u00e9 tentar fazer com que ela desapare\u00e7a.<\/p>\n<aside class=\"content_modules\">\n<h2 class=\"block_label\">Leia Tamb\u00e9m<\/h2>\n<\/aside>\n<p>Mas e se esse instinto estiver levando voc\u00ea pelo caminho errado? Um conjunto crescente de pesquisas em psicologia cognitiva e de desempenho sugere que a sobrecarga, quando compreendida corretamente, n\u00e3o \u00e9 um mau funcionamento; \u00e9 um sinal do seu sistema mente-corpo. Em outras palavras, o sentimento em si n\u00e3o \u00e9 o problema. <strong>O que acontece \u00e9 que a maioria das pessoas nunca foi ensinada a interpret\u00e1-lo pelo que ele realmente tenta comunicar.<\/strong><\/p><div class='code-block code-block-8' style='margin: 8px auto; text-align: center; display: block; clear: both;'>\n<script>\n  atOptions = {\n    'key' : '66e2e2111ca34da796271819fc334058',\n    'format' : 'iframe',\n    'height' : 250,\n    'width' : 300,\n    'params' : {}\n  };\n<\/script>\n<script src=\"https:\/\/www.highperformanceformat.com\/66e2e2111ca34da796271819fc334058\/invoke.js\"><\/script>\n<\/div>\n\n<aside class=\"content_modules\">\n<h2 class=\"block_label\">Escolhas Editor<\/h2>\n<\/aside>\n<p>Aqui est\u00e3o tr\u00eas estrat\u00e9gias baseadas em evid\u00eancias para transformar a sobrecarga de um inimigo da produtividade em uma das ferramentas mais confi\u00e1veis do seu repert\u00f3rio cognitivo.<\/p>\n<h2 class=\"wp-block-heading\" id=\"h-1-trate-a-sobrecarga-como-um-sinal-de-atencao-nao-como-um-sinal-de-alerta\">1- Trate a sobrecarga como um sinal de aten\u00e7\u00e3o, n\u00e3o como um sinal de alerta<\/h2>\n<ol class=\"wp-block-list\"\/>\n<p>Uma das descobertas mais contraintuitivas da psicologia cognitiva \u00e9 que o c\u00e9rebro sob press\u00e3o n\u00e3o simplesmente se torna menos \u201cfuncional\u201d. <strong>O que realmente acontece \u00e9 que o estresse for\u00e7a o c\u00e9rebro a se tornar mais seletivo.<\/strong><\/p>\n<p>Quando as demandas sobre a mem\u00f3ria de trabalho excedem sua capacidade, o c\u00e9rebro inicia uma esp\u00e9cie de triagem for\u00e7ada, estreitando a aten\u00e7\u00e3o para aquilo que considera mais priorit\u00e1rio e filtrando ru\u00eddos concorrentes. Esse processo, conhecido como estreitamento da aten\u00e7\u00e3o sob carga cognitiva, \u00e9 bem documentado na literatura psicol\u00f3gica.<\/p>\n<p>Na pr\u00e1tica, isso significa que a sensa\u00e7\u00e3o de sobrecarga muitas vezes cont\u00e9m informa\u00e7\u00f5es sobre o que realmente importa. Pense na \u00faltima vez em que voc\u00ea se sentiu genuinamente sobrecarregado no trabalho. Provavelmente havia uma tarefa espec\u00edfica, um e-mail que voc\u00ea n\u00e3o queria responder, uma conversa que estava evitando ou um projeto que vinha adiando, no centro desse sentimento. Todo o resto era ru\u00eddo perif\u00e9rico. <strong>A sobrecarga n\u00e3o era aleat\u00f3ria; ela apontava para algo espec\u00edfico.<\/strong><\/p>\n<aside class=\"newsletter content_modules\">&#13;<br \/>\n  &#13;<br \/>\n<\/aside>\n<p>O erro comum \u00e9 tentar responder a esse sinal tentando ampliar novamente a vis\u00e3o: fazer uma nova lista, reorganizar prioridades ou tentar enxergar tudo ao mesmo tempo. Embora psicologicamente compreens\u00edvel, esse esfor\u00e7o vai contra a tentativa do c\u00e9rebro de direcionar sua aten\u00e7\u00e3o.<\/p>\n<p>Uma abordagem mais eficaz \u00e9 fazer apenas uma pergunta quando a sobrecarga surgir: <br \/>\u201cPara onde esse sentimento est\u00e1 tentando me apontar?\u201d <br \/>Na maioria dos casos, a resposta aparece rapidamente \u2014 e geralmente \u00e9 exatamente aquilo que voc\u00ea vinha evitando porque \u00e9 o que mais importa. Nesse sentido, a sobrecarga \u00e9 menos um sintoma de m\u00e1 gest\u00e3o do tempo e mais um sinal diagn\u00f3stico de um c\u00e9rebro que j\u00e1 sabe o que precisa acontecer em seguida.<\/p>\n<h2 class=\"wp-block-heading\" id=\"h-2-reinterprete-a-sobrecarga-em-vez-de-suprimi-la\">2- Reinterprete a sobrecarga, em vez de suprimi-la<\/h2>\n<ol start=\"2\" class=\"wp-block-list\"\/>\n<p>Do ponto de vista fisiol\u00f3gico, sentir-se sobrecarregado e sentir-se animado s\u00e3o experi\u00eancias quase id\u00eanticas. <strong>Ambos envolvem aumento de cortisol, acelera\u00e7\u00e3o da frequ\u00eancia card\u00edaca, maior estado de alerta e intensifica\u00e7\u00e3o da aten\u00e7\u00e3o sensorial. O corpo n\u00e3o distingue significativamente entre os dois estados.<\/strong><\/p>\n<p>O que muda \u00e9 a interpreta\u00e7\u00e3o que a mente faz dessas sensa\u00e7\u00f5es f\u00edsicas e pesquisas sugerem que essa interpreta\u00e7\u00e3o \u00e9 muito mais flex\u00edvel do que imaginamos.<\/p>\n<p>Uma s\u00e9rie de estudos publicados no <em>Journal of Experimental Psychology<\/em> mostrou que indiv\u00edduos que reinterpretaram sua ansiedade como entusiasmo antes de situa\u00e7\u00f5es de alta press\u00e3o,  como falar em p\u00fablico, negociar ou fazer provas, tiveram desempenho significativamente melhor do que aqueles que tentaram simplesmente se acalmar.<\/p>\n<p><strong>O mecanismo \u00e9 importante: <\/strong>dizer a si mesmo para se acalmar exige suprimir um estado de ativa\u00e7\u00e3o j\u00e1 presente, algo cognitivamente caro e raramente eficaz. Reinterpretar essa ativa\u00e7\u00e3o como entusiasmo, por outro lado, redireciona a energia existente sem lutar contra ela.<\/p>\n<p>Esse princ\u00edpio est\u00e1 ligado \u00e0 Lei de Yerkes-Dodson, um dos achados mais replicados da psicologia do desempenho. <strong>A rela\u00e7\u00e3o entre ativa\u00e7\u00e3o e desempenho n\u00e3o \u00e9 linear; ela segue uma curva em U invertido.<\/strong> Em termos simples: <strong>pouca ativa\u00e7\u00e3o gera trabalho ap\u00e1tico, enquanto ativa\u00e7\u00e3o excessiva gera p\u00e2nico e paralisa\u00e7\u00e3o. Mas o pico de desempenho ocorre em um n\u00edvel de ativa\u00e7\u00e3o que a maioria das pessoas descreveria como estar pressionado, alerta e levemente desconfort\u00e1vel.<\/strong><\/p>\n<p>Ou seja, parece muito com estar sobrecarregado.<\/p>\n<p>Pense em v\u00e1rias situa\u00e7\u00f5es em que essa reinterpreta\u00e7\u00e3o poderia ajudar:<\/p>\n<ul class=\"wp-block-list\">\n<li><strong>um engenheiro apresentando uma arquitetura t\u00e9cnica para a lideran\u00e7a;<\/strong><\/li>\n<li><strong>um terapeuta prestes a dar um feedback dif\u00edcil a um cliente;<\/strong><\/li>\n<li><strong>um escritor diante de um documento em branco com prazo de duas horas.<\/strong><\/li>\n<\/ul>\n<p>Em cada caso, a sensa\u00e7\u00e3o de sobrecarga j\u00e1 cont\u00e9m o n\u00edvel de ativa\u00e7\u00e3o necess\u00e1rio para o desempenho m\u00e1ximo. <strong>A mudan\u00e7a produtiva nesses momentos n\u00e3o \u00e9 buscar calma, \u00e9 direcionar a energia.<\/strong><\/p>\n<h2 class=\"wp-block-heading\" id=\"h-3-use-a-sobrecarga-para-criar-as-condicoes-de-fluxo\">3- Use a sobrecarga para criar as condi\u00e7\u00f5es de fluxo<\/h2>\n<ol start=\"3\" class=\"wp-block-list\"\/>\n<p>O psic\u00f3logo <em>Mihaly Csikszentmihalyi <\/em>passou d\u00e9cadas estudando o que chamou de estado de fluxo, quando uma pessoa est\u00e1 totalmente absorvida em uma tarefa desafiadora, a autoconsci\u00eancia diminui, o tempo parece distorcer e o desempenho atinge seu pico.<\/p>\n<p>Sua principal descoberta foi que o fluxo n\u00e3o surge da facilidade. Ele surge de uma tens\u00e3o espec\u00edfica: uma tarefa dif\u00edcil o suficiente para exigir total engajamento, mas n\u00e3o t\u00e3o dif\u00edcil a ponto de provocar desist\u00eancia.<\/p>\n<p><strong>O desafio precisa estar ligeiramente acima do n\u00edvel atual de habilidade. Se estiver muito abaixo, a mente se dispersa. Se estiver muito acima, a ansiedade domina.<\/strong><\/p>\n<p>Curiosamente, as condi\u00e7\u00f5es que Csikszentmihalyi descreve como necess\u00e1rias para o fluxo s\u00e3o as mesmas que frequentemente produzem a sensa\u00e7\u00e3o de sobrecarga. <strong>Sentir-se sobrecarregado muitas vezes significa estar no limiar do fluxo: no limite da capacidade, incerto quanto ao resultado, diante de um desafio que exige tudo de voc\u00ea.<\/strong><\/p>\n<p>O motivo pelo qual muitas pessoas nunca atravessam esse limiar \u00e9 comportamental. Quando est\u00e3o sobrecarregadas, a rea\u00e7\u00e3o padr\u00e3o \u00e9 fragmentar a aten\u00e7\u00e3o: alternar entre tarefas, checar notifica\u00e7\u00f5es compulsivamente e completar pequenas atividades de baixo risco para sentir progresso, evitando a tarefa realmente importante.<\/p>\n<p>Esse padr\u00e3o, que psic\u00f3logos chamam de troca de tarefas sob estresse, impede o foco prolongado necess\u00e1rio para o fluxo. <strong>\u00c9 como ficar na borda de um trampolim e recuar repetidamente.<\/strong><\/p>\n<p>Pesquisas sobre inocula\u00e7\u00e3o ao estresse, m\u00e9todo usado em treinamento militar, cir\u00fargico e esportivo de elite, oferecem uma corre\u00e7\u00e3o pr\u00e1tica. O princ\u00edpio central \u00e9 que profissionais de alto desempenho aprendem a entrar deliberadamente em estados de press\u00e3o e tratar a ativa\u00e7\u00e3o da sobrecarga como um sinal de partida, n\u00e3o de parada.<\/p>\n<p>Na pr\u00e1tica, isso significa: quando a sobrecarga atingir o pico, identifique a \u00fanica tarefa mais importante, elimine todas as distra\u00e7\u00f5es e comprometa-se com ela por um bloco de tempo cont\u00ednuo. Noventa minutos \u00e9 um per\u00edodo bem sustentado por pesquisas sobre ritmos ultradianos.<\/p>\n<p>Nesse momento, voc\u00ea n\u00e3o est\u00e1 tentando eliminar a sobrecarga, est\u00e1 usando-a como combust\u00edvel.<\/p>\n<p>A sobrecarga \u00e9 uma das experi\u00eancias mais mal administradas da vida profissional moderna, n\u00e3o porque seja inerentemente destrutiva, mas porque fomos treinados a trat\u00e1-la como um problema a ser eliminado, em vez de informa\u00e7\u00e3o a ser usada.<\/p>\n<p><strong>Quando reinterpretada corretamente, a sobrecarga:<\/strong><\/p>\n<ul class=\"wp-block-list\">\n<li>indica o que realmente importa,<\/li>\n<li>fornece o n\u00edvel de ativa\u00e7\u00e3o necess\u00e1rio para alto desempenho,<\/li>\n<li>e cria as condi\u00e7\u00f5es psicol\u00f3gicas para o seu melhor trabalho.<\/li>\n<\/ul>\n<p>O objetivo, no fim, n\u00e3o \u00e9 sentir menos sobrecarga. \u00c9 se tornar o tipo de pessoa que entende o que a sobrecarga est\u00e1 pedindo, e sabe como responder a ela.<\/p>\n<p><em>*<strong>Mark Travers<\/strong> \u00e9 colaborador da Forbes USA. Ele \u00e9 um psic\u00f3logo americano formado pela Cornell University e pela University of Colorado em Boulder.<\/em><\/p>\n<aside class=\"web-story content_modules\">&#13;<br \/>\n  &#13;<br \/>\n<\/aside>\n<div class=\"follow-us\">Siga o canal da <a href=\"https:\/\/whatsapp.com\/channel\/0029Va9gQKwBFLgM96cJnu0u\" target=\"_blank\" rel=\"noopener noreferrer nofollow\" title=\"Grupo da Forbes no WhatsApp\">Forbes<\/a> no WhatsApp e receba as principais not\u00edcias de empreendedorismo, carreira, tecnologia, agro e lifestyle.<\/div>\n<\/p><\/div>\n<p><br \/>\n<br \/><a href=\"https:\/\/forbes.com.br\/carreira\/2026\/03\/3-maneiras-de-transformar-a-sobrecarga-em-uma-ferramenta-de-produtividade\/\">Source link <\/a><\/p>\n<div class='code-block code-block-4' style='margin: 8px auto 8px 0; text-align: left; display: block; clear: both;'>\n\ud83d\udce2 Aviso Legal\n\nO site ismaelcolosi.com.br atua apenas como um canal de divulga\u00e7\u00e3o de oportunidades de emprego e n\u00e3o se responsabiliza pelo processo seletivo, contrata\u00e7\u00e3o ou qualquer outra etapa relacionada \u00e0s vagas publicadas. Todas as informa\u00e7\u00f5es s\u00e3o de responsabilidade dos anunciantes.\n\n\u26a0\ufe0f Aten\u00e7\u00e3o! Nunca pague por promessas de emprego nem compre cursos que garantam contrata\u00e7\u00e3o. Desconfie de qualquer cobran\u00e7a para participar de sele\u00e7\u00f5es.\n\n\n\n<\/div>\n<!-- CONTENT END 1 -->\n","protected":false},"excerpt":{"rendered":"<p>Considere um cen\u00e1rio que ser\u00e1 familiar para a maioria dos profissionais: \u00e9 ter\u00e7a-feira de manh\u00e3, sua caixa de entrada tem 47 e-mails n\u00e3o lidos, voc\u00ea&#8230;<\/p>\n","protected":false},"author":1,"featured_media":89405,"comment_status":"","ping_status":"open","sticky":false,"template":"","format":"standard","meta":{"_uag_custom_page_level_css":"","advanced_seo_description":"","jetpack_seo_html_title":"","jetpack_seo_noindex":false,"jetpack_post_was_ever_published":false,"_jetpack_newsletter_access":"","_jetpack_dont_email_post_to_subs":false,"_jetpack_newsletter_tier_id":0,"_jetpack_memberships_contains_paywalled_content":false,"_jetpack_memberships_contains_paid_content":false,"footnotes":"","jetpack_publicize_message":"","jetpack_publicize_feature_enabled":true,"jetpack_social_post_already_shared":true,"jetpack_social_options":{"image_generator_settings":{"template":"highway","default_image_id":0,"font":"","enabled":false},"version":2}},"categories":[1964],"tags":[],"class_list":["post-89404","post","type-post","status-publish","format-standard","has-post-thumbnail","hentry","category-carreira-e-sucesso-dicas-para-carreira"],"jetpack_publicize_connections":[],"jetpack_featured_media_url":"https:\/\/i0.wp.com\/ismaelcolosi.com.br\/wp-content\/uploads\/2026\/03\/0x0.webp.webp?fit=960%2C540&ssl=1","uagb_featured_image_src":{"full":["https:\/\/i0.wp.com\/ismaelcolosi.com.br\/wp-content\/uploads\/2026\/03\/0x0.webp.webp?fit=960%2C540&ssl=1",960,540,false],"thumbnail":["https:\/\/i0.wp.com\/ismaelcolosi.com.br\/wp-content\/uploads\/2026\/03\/0x0.webp.webp?resize=150%2C150&ssl=1",150,150,true],"medium":["https:\/\/i0.wp.com\/ismaelcolosi.com.br\/wp-content\/uploads\/2026\/03\/0x0.webp.webp?fit=300%2C169&ssl=1",300,169,true],"medium_large":["https:\/\/i0.wp.com\/ismaelcolosi.com.br\/wp-content\/uploads\/2026\/03\/0x0.webp.webp?fit=768%2C432&ssl=1",768,432,true],"large":["https:\/\/i0.wp.com\/ismaelcolosi.com.br\/wp-content\/uploads\/2026\/03\/0x0.webp.webp?fit=960%2C540&ssl=1",960,540,true],"1536x1536":["https:\/\/i0.wp.com\/ismaelcolosi.com.br\/wp-content\/uploads\/2026\/03\/0x0.webp.webp?fit=960%2C540&ssl=1",960,540,true],"2048x2048":["https:\/\/i0.wp.com\/ismaelcolosi.com.br\/wp-content\/uploads\/2026\/03\/0x0.webp.webp?fit=960%2C540&ssl=1",960,540,true],"really-simple-thumb":["https:\/\/i0.wp.com\/ismaelcolosi.com.br\/wp-content\/uploads\/2026\/03\/0x0.webp.webp?resize=370%2C247&ssl=1",370,247,true]},"uagb_author_info":{"display_name":"ismaelcolosi.com.br","author_link":"https:\/\/ismaelcolosi.com.br\/index.php\/author\/vidareal-online\/"},"uagb_comment_info":0,"uagb_excerpt":"Considere um cen\u00e1rio que ser\u00e1 familiar para a maioria dos profissionais: \u00e9 ter\u00e7a-feira de manh\u00e3, sua caixa de entrada tem 47 e-mails n\u00e3o lidos, voc\u00ea...","jetpack-related-posts":[{"id":84292,"url":"https:\/\/ismaelcolosi.com.br\/index.php\/2025\/04\/06\/viciado-em-estar-ocupado-como-superar-a-sobrecarga-cronica\/","url_meta":{"origin":89404,"position":0},"title":"Viciado em Estar Ocupado? Como Superar a Sobrecarga Cr\u00f4nica","author":"ismaelcolosi.com.br","date":"6 de April de 2025","format":false,"excerpt":"\r Getty Images\r Sobrecarga pode afetar tanto a vida profissional quanto a pessoal\r Acessibilidade \r L\r L\r A-\r A+\r \r \u25d0\r \r \u00a0 Voc\u00ea j\u00e1 teve um dia de folga e, mesmo assim, sentiu a necessidade de checar seus e-mails de trabalho ou adiantar alguma tarefa? Voc\u00ea promete que vai\u2026","rel":"","context":"In &quot;Carreira e Sucesso&quot;","block_context":{"text":"Carreira e Sucesso","link":"https:\/\/ismaelcolosi.com.br\/index.php\/category\/carreira-e-sucesso-dicas-para-carreira\/"},"img":{"alt_text":"","src":"https:\/\/i0.wp.com\/ismaelcolosi.com.br\/wp-content\/uploads\/2025\/04\/forbes-trabalho-cansaco-1200x675.jpg?fit=1200%2C675&ssl=1&resize=350%2C200","width":350,"height":200,"srcset":"https:\/\/i0.wp.com\/ismaelcolosi.com.br\/wp-content\/uploads\/2025\/04\/forbes-trabalho-cansaco-1200x675.jpg?fit=1200%2C675&ssl=1&resize=350%2C200 1x, https:\/\/i0.wp.com\/ismaelcolosi.com.br\/wp-content\/uploads\/2025\/04\/forbes-trabalho-cansaco-1200x675.jpg?fit=1200%2C675&ssl=1&resize=525%2C300 1.5x, https:\/\/i0.wp.com\/ismaelcolosi.com.br\/wp-content\/uploads\/2025\/04\/forbes-trabalho-cansaco-1200x675.jpg?fit=1200%2C675&ssl=1&resize=700%2C400 2x, https:\/\/i0.wp.com\/ismaelcolosi.com.br\/wp-content\/uploads\/2025\/04\/forbes-trabalho-cansaco-1200x675.jpg?fit=1200%2C675&ssl=1&resize=1050%2C600 3x"},"classes":[]},{"id":58187,"url":"https:\/\/ismaelcolosi.com.br\/index.php\/2024\/07\/29\/7-dicas-para-lidar-com-estresse\/","url_meta":{"origin":89404,"position":1},"title":"7 dicas para lidar com estresse","author":"ismaelcolosi.com.br","date":"29 de July de 2024","format":false,"excerpt":"O trabalho sob press\u00e3o \u00e9 uma realidade comum em muitas empresas, onde prazos de entrega apertados, altas expectativas e a necessidade de resultados r\u00e1pidos podem gerar um n\u00edvel significativo de estresse para o colaborador. Entretanto, embora essa press\u00e3o possa ser desafiadora, tamb\u00e9m pode ser uma oportunidade para o crescimento profissional,\u2026","rel":"","context":"In &quot;Carreira e Sucesso&quot;","block_context":{"text":"Carreira e Sucesso","link":"https:\/\/ismaelcolosi.com.br\/index.php\/category\/carreira-e-sucesso-dicas-para-carreira\/"},"img":{"alt_text":"","src":"https:\/\/i0.wp.com\/ismaelcolosi.com.br\/wp-content\/uploads\/2024\/07\/Trabalho-sob-pressao.png?fit=1200%2C627&ssl=1&resize=350%2C200","width":350,"height":200,"srcset":"https:\/\/i0.wp.com\/ismaelcolosi.com.br\/wp-content\/uploads\/2024\/07\/Trabalho-sob-pressao.png?fit=1200%2C627&ssl=1&resize=350%2C200 1x, https:\/\/i0.wp.com\/ismaelcolosi.com.br\/wp-content\/uploads\/2024\/07\/Trabalho-sob-pressao.png?fit=1200%2C627&ssl=1&resize=525%2C300 1.5x, https:\/\/i0.wp.com\/ismaelcolosi.com.br\/wp-content\/uploads\/2024\/07\/Trabalho-sob-pressao.png?fit=1200%2C627&ssl=1&resize=700%2C400 2x, https:\/\/i0.wp.com\/ismaelcolosi.com.br\/wp-content\/uploads\/2024\/07\/Trabalho-sob-pressao.png?fit=1200%2C627&ssl=1&resize=1050%2C600 3x"},"classes":[]},{"id":65966,"url":"https:\/\/ismaelcolosi.com.br\/index.php\/2024\/09\/15\/por-que-procrastinamos-se-exige-esforco-e-aumenta-a-ansiedade\/","url_meta":{"origin":89404,"position":2},"title":"Por que procrastinamos se exige esfor\u00e7o e aumenta a ansiedade?","author":"ismaelcolosi.com.br","date":"15 de September de 2024","format":false,"excerpt":"\u00a0 Acessibilidade L L A- A+ \u25d0 \u00a0 Voc\u00ea est\u00e1 atrasado em um prazo, e seu chefe est\u00e1 te pressionando. Voc\u00ea fica ansioso, mas em vez de se sentar em frente ao computador e terminar o que tem que fazer, voc\u00ea vai limpar a casa, rola o feed nas redes\u2026","rel":"","context":"In &quot;Carreira e Sucesso&quot;","block_context":{"text":"Carreira e Sucesso","link":"https:\/\/ismaelcolosi.com.br\/index.php\/category\/carreira-e-sucesso-dicas-para-carreira\/"},"img":{"alt_text":"","src":"https:\/\/i0.wp.com\/ismaelcolosi.com.br\/wp-content\/uploads\/2024\/09\/procrastinar-trabalho-carreira-1024x683.jpg?fit=1024%2C683&ssl=1&resize=350%2C200","width":350,"height":200,"srcset":"https:\/\/i0.wp.com\/ismaelcolosi.com.br\/wp-content\/uploads\/2024\/09\/procrastinar-trabalho-carreira-1024x683.jpg?fit=1024%2C683&ssl=1&resize=350%2C200 1x, https:\/\/i0.wp.com\/ismaelcolosi.com.br\/wp-content\/uploads\/2024\/09\/procrastinar-trabalho-carreira-1024x683.jpg?fit=1024%2C683&ssl=1&resize=525%2C300 1.5x, https:\/\/i0.wp.com\/ismaelcolosi.com.br\/wp-content\/uploads\/2024\/09\/procrastinar-trabalho-carreira-1024x683.jpg?fit=1024%2C683&ssl=1&resize=700%2C400 2x"},"classes":[]},{"id":86912,"url":"https:\/\/ismaelcolosi.com.br\/index.php\/2025\/08\/04\/como-a-ia-pode-resolver-a-sobrecarga-de-reunioes\/","url_meta":{"origin":89404,"position":3},"title":"Como a IA Pode Resolver a Sobrecarga de Reuni\u00f5es","author":"ismaelcolosi.com.br","date":"4 de August de 2025","format":false,"excerpt":"\r Skynesher\/Getty Images\r Reuni\u00f5es improdutivas est\u00e3o entre as maiores frustra\u00e7\u00f5es dos profissionais\r Acessibilidade \r L\r L\r A-\r A+\r \r \u25d0\r \r A sobrecarga de reuni\u00f5es atingiu n\u00edveis alarmantes. O tempo gasto em encontros virtuais semanais no Microsoft Teams aumentou 252% desde fevereiro de 2020, segundo um relat\u00f3rio da big tech.\u2026","rel":"","context":"In &quot;Carreira e Sucesso&quot;","block_context":{"text":"Carreira e Sucesso","link":"https:\/\/ismaelcolosi.com.br\/index.php\/category\/carreira-e-sucesso-dicas-para-carreira\/"},"img":{"alt_text":"","src":"https:\/\/i0.wp.com\/ismaelcolosi.com.br\/wp-content\/uploads\/2025\/08\/carreira-ia-reunioes-1200x675.jpg?fit=1200%2C675&ssl=1&resize=350%2C200","width":350,"height":200,"srcset":"https:\/\/i0.wp.com\/ismaelcolosi.com.br\/wp-content\/uploads\/2025\/08\/carreira-ia-reunioes-1200x675.jpg?fit=1200%2C675&ssl=1&resize=350%2C200 1x, https:\/\/i0.wp.com\/ismaelcolosi.com.br\/wp-content\/uploads\/2025\/08\/carreira-ia-reunioes-1200x675.jpg?fit=1200%2C675&ssl=1&resize=525%2C300 1.5x, https:\/\/i0.wp.com\/ismaelcolosi.com.br\/wp-content\/uploads\/2025\/08\/carreira-ia-reunioes-1200x675.jpg?fit=1200%2C675&ssl=1&resize=700%2C400 2x, https:\/\/i0.wp.com\/ismaelcolosi.com.br\/wp-content\/uploads\/2025\/08\/carreira-ia-reunioes-1200x675.jpg?fit=1200%2C675&ssl=1&resize=1050%2C600 3x"},"classes":[]},{"id":87989,"url":"https:\/\/ismaelcolosi.com.br\/index.php\/2025\/10\/21\/o-risco-de-sempre-dizer-sim-no-trabalho\/","url_meta":{"origin":89404,"position":4},"title":"O Risco de Sempre Dizer \u201cSim\u201d no Trabalho","author":"ismaelcolosi.com.br","date":"21 de October de 2025","format":false,"excerpt":"\r bunditinay\/Getty Images\r Profissionais que n\u00e3o estabelecem limites acabam reconhecidos como bons executores \u2014 e n\u00e3o como l\u00edderes\r Acessibilidade \r L\r L\r A-\r A+\r \r \u25d0\r \r Ajudar os outros \u00e9 uma das formas mais r\u00e1pidas de construir confian\u00e7a no trabalho. O colega que est\u00e1 sempre dizendo \u201csim\u201d acaba se\u2026","rel":"","context":"In &quot;Carreira e Sucesso&quot;","block_context":{"text":"Carreira e Sucesso","link":"https:\/\/ismaelcolosi.com.br\/index.php\/category\/carreira-e-sucesso-dicas-para-carreira\/"},"img":{"alt_text":"","src":"https:\/\/i0.wp.com\/ismaelcolosi.com.br\/wp-content\/uploads\/2025\/10\/O-Risco-de-Sempre-Dizer-Sim-no-Trabalho-1200x675.jpg?fit=1200%2C675&ssl=1&resize=350%2C200","width":350,"height":200,"srcset":"https:\/\/i0.wp.com\/ismaelcolosi.com.br\/wp-content\/uploads\/2025\/10\/O-Risco-de-Sempre-Dizer-Sim-no-Trabalho-1200x675.jpg?fit=1200%2C675&ssl=1&resize=350%2C200 1x, https:\/\/i0.wp.com\/ismaelcolosi.com.br\/wp-content\/uploads\/2025\/10\/O-Risco-de-Sempre-Dizer-Sim-no-Trabalho-1200x675.jpg?fit=1200%2C675&ssl=1&resize=525%2C300 1.5x, https:\/\/i0.wp.com\/ismaelcolosi.com.br\/wp-content\/uploads\/2025\/10\/O-Risco-de-Sempre-Dizer-Sim-no-Trabalho-1200x675.jpg?fit=1200%2C675&ssl=1&resize=700%2C400 2x, https:\/\/i0.wp.com\/ismaelcolosi.com.br\/wp-content\/uploads\/2025\/10\/O-Risco-de-Sempre-Dizer-Sim-no-Trabalho-1200x675.jpg?fit=1200%2C675&ssl=1&resize=1050%2C600 3x"},"classes":[]},{"id":86625,"url":"https:\/\/ismaelcolosi.com.br\/index.php\/2025\/07\/13\/um-habito-simples-que-vai-transformar-a-energia-da-sua-semana\/","url_meta":{"origin":89404,"position":5},"title":"Um H\u00e1bito Simples Que Vai Transformar a Energia da Sua Semana","author":"ismaelcolosi.com.br","date":"13 de July de 2025","format":false,"excerpt":"\r The Good Brigade\/Getty Images\r Para come\u00e7ar bem a semana, adote um h\u00e1bito essencial para a sa\u00fade f\u00edsica e mental\r Acessibilidade \r L\r L\r A-\r A+\r \r \u25d0\r \r \u00a0 Domingo deveria ser um dia de descanso. No entanto, entre viagens, roupas para lavar, tarefas dom\u00e9sticas, jogos das crian\u00e7as e\u2026","rel":"","context":"In &quot;Carreira e Sucesso&quot;","block_context":{"text":"Carreira e Sucesso","link":"https:\/\/ismaelcolosi.com.br\/index.php\/category\/carreira-e-sucesso-dicas-para-carreira\/"},"img":{"alt_text":"","src":"https:\/\/i0.wp.com\/ismaelcolosi.com.br\/wp-content\/uploads\/2025\/07\/exercicio-fisico-vida-saudavel-saude-mental-1200x675.jpg?fit=1200%2C675&ssl=1&resize=350%2C200","width":350,"height":200,"srcset":"https:\/\/i0.wp.com\/ismaelcolosi.com.br\/wp-content\/uploads\/2025\/07\/exercicio-fisico-vida-saudavel-saude-mental-1200x675.jpg?fit=1200%2C675&ssl=1&resize=350%2C200 1x, https:\/\/i0.wp.com\/ismaelcolosi.com.br\/wp-content\/uploads\/2025\/07\/exercicio-fisico-vida-saudavel-saude-mental-1200x675.jpg?fit=1200%2C675&ssl=1&resize=525%2C300 1.5x, https:\/\/i0.wp.com\/ismaelcolosi.com.br\/wp-content\/uploads\/2025\/07\/exercicio-fisico-vida-saudavel-saude-mental-1200x675.jpg?fit=1200%2C675&ssl=1&resize=700%2C400 2x, https:\/\/i0.wp.com\/ismaelcolosi.com.br\/wp-content\/uploads\/2025\/07\/exercicio-fisico-vida-saudavel-saude-mental-1200x675.jpg?fit=1200%2C675&ssl=1&resize=1050%2C600 3x"},"classes":[]}],"jetpack_sharing_enabled":true,"jetpack_shortlink":"https:\/\/wp.me\/pfMlyK-ng0","_links":{"self":[{"href":"https:\/\/ismaelcolosi.com.br\/index.php\/wp-json\/wp\/v2\/posts\/89404","targetHints":{"allow":["GET"]}}],"collection":[{"href":"https:\/\/ismaelcolosi.com.br\/index.php\/wp-json\/wp\/v2\/posts"}],"about":[{"href":"https:\/\/ismaelcolosi.com.br\/index.php\/wp-json\/wp\/v2\/types\/post"}],"author":[{"embeddable":true,"href":"https:\/\/ismaelcolosi.com.br\/index.php\/wp-json\/wp\/v2\/users\/1"}],"replies":[{"embeddable":true,"href":"https:\/\/ismaelcolosi.com.br\/index.php\/wp-json\/wp\/v2\/comments?post=89404"}],"version-history":[{"count":0,"href":"https:\/\/ismaelcolosi.com.br\/index.php\/wp-json\/wp\/v2\/posts\/89404\/revisions"}],"wp:featuredmedia":[{"embeddable":true,"href":"https:\/\/ismaelcolosi.com.br\/index.php\/wp-json\/wp\/v2\/media\/89405"}],"wp:attachment":[{"href":"https:\/\/ismaelcolosi.com.br\/index.php\/wp-json\/wp\/v2\/media?parent=89404"}],"wp:term":[{"taxonomy":"category","embeddable":true,"href":"https:\/\/ismaelcolosi.com.br\/index.php\/wp-json\/wp\/v2\/categories?post=89404"},{"taxonomy":"post_tag","embeddable":true,"href":"https:\/\/ismaelcolosi.com.br\/index.php\/wp-json\/wp\/v2\/tags?post=89404"}],"curies":[{"name":"wp","href":"https:\/\/api.w.org\/{rel}","templated":true}]}}